{"id":998,"date":"2014-03-31T13:13:32","date_gmt":"2014-03-31T12:13:32","guid":{"rendered":"http:\/\/laguiadepamplona.es\/noticias\/?p=998"},"modified":"2014-03-31T13:13:32","modified_gmt":"2014-03-31T12:13:32","slug":"abierto-el-plazo-de-inscripciones-para-la-edicion-no-13-del-campus-de-verano-de-fundacion-osasuna","status":"publish","type":"post","link":"https:\/\/www.laguiadepamplona.com\/actualidad\/abierto-el-plazo-de-inscripciones-para-la-edicion-no-13-del-campus-de-verano-de-fundacion-osasuna\/","title":{"rendered":"Abierto el plazo de inscripciones para la edici\u00f3n N\u00ba 13 del Campus de verano de Fundaci\u00f3n Osasuna"},"content":{"rendered":"<p style=\"text-align: left;\" align=\"center\"><em><a href=\"http:\/\/laguiadepamplona.es\/noticias\/wp-content\/uploads\/2014\/03\/CAMPUS-INFANTIL.jpg\"><img loading=\"lazy\" decoding=\"async\" class=\"alignleft size-medium wp-image-999\" alt=\"CAMPUS INFANTIL\" src=\"http:\/\/laguiadepamplona.es\/noticias\/wp-content\/uploads\/2014\/03\/CAMPUS-INFANTIL-300x200.jpg\" width=\"300\" height=\"200\" \/><\/a>Una f\u00f3rmula diferente para practicar deporte en verano y disfrutar con las actividades de ocio que se ofrecen en cada una de las tandas. En 2013, cont\u00f3 con m\u00e1s de 500 participantes<\/em><\/p>\n<p>`F\u00fatbol para todas las edades y niveles de la mano del CA Osasuna\u00b4. Con esta premisa, la edici\u00f3n N\u00ba 13 del Campus de f\u00fatbol de verano abre el plazo de inscripciones. Este a\u00f1o, la actividad ofrece dos tipos de campus en funci\u00f3n de la edad del participante:<\/p>\n<p>1)\u00a0\u00a0\u00a0\u00a0\u00a0 Campus txiki: para ni\u00f1os de 5-7 a\u00f1os (nacidos entre 2007 y 2009). Se realizar\u00e1 en las instalaciones de Larrabide en horario de ma\u00f1anas e incluye la posibilidad de realizar comidas. TANDAS:<\/p>\n<p>\u00b7\u00a0\u00a0\u00a0\u00a0\u00a0\u00a0\u00a0\u00a0 Del 23 de junio al 27 de junio. (Posibilidad de realizar en campus en Pamplona o Ayegui-Estella).<\/p>\n<p>\u00b7\u00a0\u00a0\u00a0\u00a0\u00a0\u00a0\u00a0\u00a0 Del 30 de junio al 4 de julio (Pamplona).<\/p>\n<p>\u00b7\u00a0\u00a0\u00a0\u00a0\u00a0\u00a0\u00a0\u00a0 Del 4 de agosto al 8 de agosto (Pamplona).<\/p>\n<p>2)\u00a0\u00a0\u00a0\u00a0\u00a0 Campus infantil: para ni\u00f1os de 7-14 a\u00f1os (nacidos entre 2000 y 2007). Se realizar\u00e1 en las instalaciones de Tajonar y Larrabide en horario de ma\u00f1ana y tarde ofreciendo la posibilidad de pensi\u00f3n completa (comidas m\u00e1s alojamiento). TANDAS:<\/p>\n<p>\u00b7\u00a0\u00a0\u00a0\u00a0\u00a0\u00a0\u00a0\u00a0 Del 21 de junio al 28 de junio.<\/p>\n<p>\u00b7\u00a0\u00a0\u00a0\u00a0\u00a0\u00a0\u00a0\u00a0 Del 28 de junio al 5 de julio.<\/p>\n<p>\u00b7\u00a0\u00a0\u00a0\u00a0\u00a0\u00a0\u00a0\u00a0 Del 13 de julio al 20 de julio.<\/p>\n<p>\u00b7\u00a0\u00a0\u00a0\u00a0\u00a0\u00a0\u00a0\u00a0 Del 20 de julio al 27 de julio (CAMPUS EN INGL\u00c9S)<\/p>\n<p>\u00b7\u00a0\u00a0\u00a0\u00a0\u00a0\u00a0\u00a0\u00a0 Del 27 de julio al 3 de agosto.<\/p>\n<p>En este campus, la Fundaci\u00f3n ofrece m\u00e1s de veinte actividades diferentes, deportivas y de ocio: entrenamientos de f\u00fatbol todos los d\u00edas, padel, piscina, escalada, visita a una granja de animales, bolera, taller de magia, cine, deporte rural, etc.<\/p>\n<p>En los dos tipos de campus, los alumnos ser\u00e1n invitados a un encuentro de Liga (T. 2014-2015), a la firma de boletines de evaluaci\u00f3n por parte de dos jugadores del primer\u00a0 equipo y reciben el regalo de camisetas deportivas, adem\u00e1s de otros obsequios.<\/p>\n<p>Las inscripciones pueden tramitarse a trav\u00e9s de <a href=\"http:\/\/www.fundacionosasuna.com\/\" target=\"_blank\">www.fundacionosasuna.com<\/a> (rellenando el cuestionario) o bien llamando al tel\u00e9fono 948 24 93 16. M\u00e1s informaci\u00f3n en <a href=\"http:\/\/www.fundacionosasuna.com\/\" target=\"_blank\">www.fundacionosasuna.com<\/a> y en el 948 29 30 40.<\/p>\n<p>Se adjunta una imagen correspondiente a una de las tandas en 2013<\/p>\n","protected":false},"excerpt":{"rendered":"<p>Una f\u00f3rmula diferente para practicar deporte en verano y disfrutar con las actividades de ocio que se ofrecen en cada una de las tandas. En 2013, cont\u00f3 con m\u00e1s de&#8230;<\/p>\n","protected":false},"author":1,"featured_media":999,"comment_status":"open","ping_status":"open","sticky":false,"template":"","format":"standard","meta":{"footnotes":""},"categories":[3],"tags":[199,5,644,14,8,15,9],"class_list":["post-998","post","type-post","status-publish","format-standard","has-post-thumbnail","hentry","category-fundacion-osasuna","tag-199","tag-actualidad","tag-campus-infantil","tag-fundacion-osasuna-2","tag-noticias","tag-osasuna","tag-pamplona"],"yoast_head":"<!-- This site is optimized with the Yoast SEO plugin v27.5 - https:\/\/yoast.com\/product\/yoast-seo-wordpress\/ -->\n<title>Abierto el plazo de inscripciones para la edici\u00f3n N\u00ba 13 del Campus de verano de Fundaci\u00f3n Osasuna<\/title>\n<meta name=\"robots\" content=\"index, follow, max-snippet:-1, max-image-preview:large, max-video-preview:-1\" \/>\n<link rel=\"canonical\" href=\"https:\/\/www.laguiadepamplona.com\/actualidad\/abierto-el-plazo-de-inscripciones-para-la-edicion-no-13-del-campus-de-verano-de-fundacion-osasuna\/\" \/>\n<meta property=\"og:locale\" content=\"es_ES\" \/>\n<meta property=\"og:type\" content=\"article\" \/>\n<meta property=\"og:title\" content=\"Abierto el plazo de inscripciones para la edici\u00f3n N\u00ba 13 del Campus de verano de Fundaci\u00f3n Osasuna\" \/>\n<meta property=\"og:description\" content=\"Una f\u00f3rmula diferente para practicar deporte en verano y disfrutar con las actividades de ocio que se ofrecen en cada una de las tandas. En 2013, cont\u00f3 con m\u00e1s de...\" \/>\n<meta property=\"og:url\" content=\"https:\/\/www.laguiadepamplona.com\/actualidad\/abierto-el-plazo-de-inscripciones-para-la-edicion-no-13-del-campus-de-verano-de-fundacion-osasuna\/\" \/>\n<meta property=\"og:site_name\" content=\"La Gu\u00eda de Pamplona\" \/>\n<meta property=\"article:publisher\" content=\"https:\/\/www.facebook.com\/laguiadepamplonacom-133175176762273\/?ref=hl\" \/>\n<meta property=\"article:published_time\" content=\"2014-03-31T12:13:32+00:00\" \/>\n<meta name=\"author\" content=\"La Gu\u00eda de Pamplona\" \/>\n<meta name=\"twitter:card\" content=\"summary_large_image\" \/>\n<meta name=\"twitter:creator\" content=\"@LaGuiadPamplona\" \/>\n<meta name=\"twitter:site\" content=\"@LaGuiadPamplona\" \/>\n<meta name=\"twitter:label1\" content=\"Escrito por\" \/>\n\t<meta name=\"twitter:data1\" content=\"La Gu\u00eda de Pamplona\" \/>\n\t<meta name=\"twitter:label2\" content=\"Tiempo de lectura\" \/>\n\t<meta name=\"twitter:data2\" content=\"2 minutos\" \/>\n<script type=\"application\/ld+json\" class=\"yoast-schema-graph\">{\"@context\":\"https:\\\/\\\/schema.org\",\"@graph\":[{\"@type\":\"Article\",\"@id\":\"https:\\\/\\\/www.laguiadepamplona.com\\\/actualidad\\\/abierto-el-plazo-de-inscripciones-para-la-edicion-no-13-del-campus-de-verano-de-fundacion-osasuna\\\/#article\",\"isPartOf\":{\"@id\":\"https:\\\/\\\/www.laguiadepamplona.com\\\/actualidad\\\/abierto-el-plazo-de-inscripciones-para-la-edicion-no-13-del-campus-de-verano-de-fundacion-osasuna\\\/\"},\"author\":{\"name\":\"La Gu\u00eda de Pamplona\",\"@id\":\"https:\\\/\\\/www.laguiadepamplona.com\\\/actualidad\\\/#\\\/schema\\\/person\\\/efe887376f0213d4657c93adc50b1fdb\"},\"headline\":\"Abierto el plazo de inscripciones para la edici\u00f3n N\u00ba 13 del Campus de verano de Fundaci\u00f3n Osasuna\",\"datePublished\":\"2014-03-31T12:13:32+00:00\",\"mainEntityOfPage\":{\"@id\":\"https:\\\/\\\/www.laguiadepamplona.com\\\/actualidad\\\/abierto-el-plazo-de-inscripciones-para-la-edicion-no-13-del-campus-de-verano-de-fundacion-osasuna\\\/\"},\"wordCount\":366,\"commentCount\":0,\"publisher\":{\"@id\":\"https:\\\/\\\/www.laguiadepamplona.com\\\/actualidad\\\/#organization\"},\"image\":{\"@id\":\"https:\\\/\\\/www.laguiadepamplona.com\\\/actualidad\\\/abierto-el-plazo-de-inscripciones-para-la-edicion-no-13-del-campus-de-verano-de-fundacion-osasuna\\\/#primaryimage\"},\"thumbnailUrl\":\"\",\"keywords\":[\"2014\",\"actualidad\",\"campus infantil\",\"fundaci\u00f3n osasuna\",\"noticias\",\"osasuna\",\"pamplona\"],\"articleSection\":[\"Fundaci\u00f3n Osasuna\"],\"inLanguage\":\"es\",\"potentialAction\":[{\"@type\":\"CommentAction\",\"name\":\"Comment\",\"target\":[\"https:\\\/\\\/www.laguiadepamplona.com\\\/actualidad\\\/abierto-el-plazo-de-inscripciones-para-la-edicion-no-13-del-campus-de-verano-de-fundacion-osasuna\\\/#respond\"]}]},{\"@type\":\"WebPage\",\"@id\":\"https:\\\/\\\/www.laguiadepamplona.com\\\/actualidad\\\/abierto-el-plazo-de-inscripciones-para-la-edicion-no-13-del-campus-de-verano-de-fundacion-osasuna\\\/\",\"url\":\"https:\\\/\\\/www.laguiadepamplona.com\\\/actualidad\\\/abierto-el-plazo-de-inscripciones-para-la-edicion-no-13-del-campus-de-verano-de-fundacion-osasuna\\\/\",\"name\":\"Abierto el plazo de inscripciones para la edici\u00f3n N\u00ba 13 del Campus de verano de Fundaci\u00f3n Osasuna\",\"isPartOf\":{\"@id\":\"https:\\\/\\\/www.laguiadepamplona.com\\\/actualidad\\\/#website\"},\"primaryImageOfPage\":{\"@id\":\"https:\\\/\\\/www.laguiadepamplona.com\\\/actualidad\\\/abierto-el-plazo-de-inscripciones-para-la-edicion-no-13-del-campus-de-verano-de-fundacion-osasuna\\\/#primaryimage\"},\"image\":{\"@id\":\"https:\\\/\\\/www.laguiadepamplona.com\\\/actualidad\\\/abierto-el-plazo-de-inscripciones-para-la-edicion-no-13-del-campus-de-verano-de-fundacion-osasuna\\\/#primaryimage\"},\"thumbnailUrl\":\"\",\"datePublished\":\"2014-03-31T12:13:32+00:00\",\"breadcrumb\":{\"@id\":\"https:\\\/\\\/www.laguiadepamplona.com\\\/actualidad\\\/abierto-el-plazo-de-inscripciones-para-la-edicion-no-13-del-campus-de-verano-de-fundacion-osasuna\\\/#breadcrumb\"},\"inLanguage\":\"es\",\"potentialAction\":[{\"@type\":\"ReadAction\",\"target\":[\"https:\\\/\\\/www.laguiadepamplona.com\\\/actualidad\\\/abierto-el-plazo-de-inscripciones-para-la-edicion-no-13-del-campus-de-verano-de-fundacion-osasuna\\\/\"]}]},{\"@type\":\"ImageObject\",\"inLanguage\":\"es\",\"@id\":\"https:\\\/\\\/www.laguiadepamplona.com\\\/actualidad\\\/abierto-el-plazo-de-inscripciones-para-la-edicion-no-13-del-campus-de-verano-de-fundacion-osasuna\\\/#primaryimage\",\"url\":\"\",\"contentUrl\":\"\"},{\"@type\":\"BreadcrumbList\",\"@id\":\"https:\\\/\\\/www.laguiadepamplona.com\\\/actualidad\\\/abierto-el-plazo-de-inscripciones-para-la-edicion-no-13-del-campus-de-verano-de-fundacion-osasuna\\\/#breadcrumb\",\"itemListElement\":[{\"@type\":\"ListItem\",\"position\":1,\"name\":\"Portada\",\"item\":\"https:\\\/\\\/www.laguiadepamplona.com\\\/actualidad\\\/\"},{\"@type\":\"ListItem\",\"position\":2,\"name\":\"Abierto el plazo de inscripciones para la edici\u00f3n N\u00ba 13 del Campus de verano de Fundaci\u00f3n Osasuna\"}]},{\"@type\":\"WebSite\",\"@id\":\"https:\\\/\\\/www.laguiadepamplona.com\\\/actualidad\\\/#website\",\"url\":\"https:\\\/\\\/www.laguiadepamplona.com\\\/actualidad\\\/\",\"name\":\"La gu\u00eda de Pamplona\",\"description\":\"Noticias de Pamplona\",\"publisher\":{\"@id\":\"https:\\\/\\\/www.laguiadepamplona.com\\\/actualidad\\\/#organization\"},\"potentialAction\":[{\"@type\":\"SearchAction\",\"target\":{\"@type\":\"EntryPoint\",\"urlTemplate\":\"https:\\\/\\\/www.laguiadepamplona.com\\\/actualidad\\\/?s={search_term_string}\"},\"query-input\":{\"@type\":\"PropertyValueSpecification\",\"valueRequired\":true,\"valueName\":\"search_term_string\"}}],\"inLanguage\":\"es\"},{\"@type\":\"Organization\",\"@id\":\"https:\\\/\\\/www.laguiadepamplona.com\\\/actualidad\\\/#organization\",\"name\":\"La Gu\u00eda de Pamplona \\\/ Noticias\",\"url\":\"https:\\\/\\\/www.laguiadepamplona.com\\\/actualidad\\\/\",\"logo\":{\"@type\":\"ImageObject\",\"inLanguage\":\"es\",\"@id\":\"https:\\\/\\\/www.laguiadepamplona.com\\\/actualidad\\\/#\\\/schema\\\/logo\\\/image\\\/\",\"url\":\"https:\\\/\\\/www.laguiadepamplona.com\\\/actualidad\\\/wp-content\\\/uploads\\\/2018\\\/11\\\/logo-laguiadepamplona18-web1.png\",\"contentUrl\":\"https:\\\/\\\/www.laguiadepamplona.com\\\/actualidad\\\/wp-content\\\/uploads\\\/2018\\\/11\\\/logo-laguiadepamplona18-web1.png\",\"width\":600,\"height\":196,\"caption\":\"La Gu\u00eda de Pamplona \\\/ Noticias\"},\"image\":{\"@id\":\"https:\\\/\\\/www.laguiadepamplona.com\\\/actualidad\\\/#\\\/schema\\\/logo\\\/image\\\/\"},\"sameAs\":[\"https:\\\/\\\/www.facebook.com\\\/laguiadepamplonacom-133175176762273\\\/?ref=hl\",\"https:\\\/\\\/x.com\\\/LaGuiadPamplona\",\"https:\\\/\\\/www.instagram.com\\\/la_guia_de_pamplona\\\/\",\"https:\\\/\\\/www.youtube.com\\\/user\\\/laguiadepamplona\"]},{\"@type\":\"Person\",\"@id\":\"https:\\\/\\\/www.laguiadepamplona.com\\\/actualidad\\\/#\\\/schema\\\/person\\\/efe887376f0213d4657c93adc50b1fdb\",\"name\":\"La Gu\u00eda de Pamplona\",\"image\":{\"@type\":\"ImageObject\",\"inLanguage\":\"es\",\"@id\":\"https:\\\/\\\/secure.gravatar.com\\\/avatar\\\/b6992f131dc8d30ab0dff15446e9d346d9dbd95992de0fef795073f5ea83a81c?s=96&d=mm&r=g\",\"url\":\"https:\\\/\\\/secure.gravatar.com\\\/avatar\\\/b6992f131dc8d30ab0dff15446e9d346d9dbd95992de0fef795073f5ea83a81c?s=96&d=mm&r=g\",\"contentUrl\":\"https:\\\/\\\/secure.gravatar.com\\\/avatar\\\/b6992f131dc8d30ab0dff15446e9d346d9dbd95992de0fef795073f5ea83a81c?s=96&d=mm&r=g\",\"caption\":\"La Gu\u00eda de Pamplona\"}}]}<\/script>\n<!-- \/ Yoast SEO plugin. -->","yoast_head_json":{"title":"Abierto el plazo de inscripciones para la edici\u00f3n N\u00ba 13 del Campus de verano de Fundaci\u00f3n Osasuna","robots":{"index":"index","follow":"follow","max-snippet":"max-snippet:-1","max-image-preview":"max-image-preview:large","max-video-preview":"max-video-preview:-1"},"canonical":"https:\/\/www.laguiadepamplona.com\/actualidad\/abierto-el-plazo-de-inscripciones-para-la-edicion-no-13-del-campus-de-verano-de-fundacion-osasuna\/","og_locale":"es_ES","og_type":"article","og_title":"Abierto el plazo de inscripciones para la edici\u00f3n N\u00ba 13 del Campus de verano de Fundaci\u00f3n Osasuna","og_description":"Una f\u00f3rmula diferente para practicar deporte en verano y disfrutar con las actividades de ocio que se ofrecen en cada una de las tandas. En 2013, cont\u00f3 con m\u00e1s de...","og_url":"https:\/\/www.laguiadepamplona.com\/actualidad\/abierto-el-plazo-de-inscripciones-para-la-edicion-no-13-del-campus-de-verano-de-fundacion-osasuna\/","og_site_name":"La Gu\u00eda de Pamplona","article_publisher":"https:\/\/www.facebook.com\/laguiadepamplonacom-133175176762273\/?ref=hl","article_published_time":"2014-03-31T12:13:32+00:00","author":"La Gu\u00eda de Pamplona","twitter_card":"summary_large_image","twitter_creator":"@LaGuiadPamplona","twitter_site":"@LaGuiadPamplona","twitter_misc":{"Escrito por":"La Gu\u00eda de Pamplona","Tiempo de lectura":"2 minutos"},"schema":{"@context":"https:\/\/schema.org","@graph":[{"@type":"Article","@id":"https:\/\/www.laguiadepamplona.com\/actualidad\/abierto-el-plazo-de-inscripciones-para-la-edicion-no-13-del-campus-de-verano-de-fundacion-osasuna\/#article","isPartOf":{"@id":"https:\/\/www.laguiadepamplona.com\/actualidad\/abierto-el-plazo-de-inscripciones-para-la-edicion-no-13-del-campus-de-verano-de-fundacion-osasuna\/"},"author":{"name":"La Gu\u00eda de Pamplona","@id":"https:\/\/www.laguiadepamplona.com\/actualidad\/#\/schema\/person\/efe887376f0213d4657c93adc50b1fdb"},"headline":"Abierto el plazo de inscripciones para la edici\u00f3n N\u00ba 13 del Campus de verano de Fundaci\u00f3n Osasuna","datePublished":"2014-03-31T12:13:32+00:00","mainEntityOfPage":{"@id":"https:\/\/www.laguiadepamplona.com\/actualidad\/abierto-el-plazo-de-inscripciones-para-la-edicion-no-13-del-campus-de-verano-de-fundacion-osasuna\/"},"wordCount":366,"commentCount":0,"publisher":{"@id":"https:\/\/www.laguiadepamplona.com\/actualidad\/#organization"},"image":{"@id":"https:\/\/www.laguiadepamplona.com\/actualidad\/abierto-el-plazo-de-inscripciones-para-la-edicion-no-13-del-campus-de-verano-de-fundacion-osasuna\/#primaryimage"},"thumbnailUrl":"","keywords":["2014","actualidad","campus infantil","fundaci\u00f3n osasuna","noticias","osasuna","pamplona"],"articleSection":["Fundaci\u00f3n Osasuna"],"inLanguage":"es","potentialAction":[{"@type":"CommentAction","name":"Comment","target":["https:\/\/www.laguiadepamplona.com\/actualidad\/abierto-el-plazo-de-inscripciones-para-la-edicion-no-13-del-campus-de-verano-de-fundacion-osasuna\/#respond"]}]},{"@type":"WebPage","@id":"https:\/\/www.laguiadepamplona.com\/actualidad\/abierto-el-plazo-de-inscripciones-para-la-edicion-no-13-del-campus-de-verano-de-fundacion-osasuna\/","url":"https:\/\/www.laguiadepamplona.com\/actualidad\/abierto-el-plazo-de-inscripciones-para-la-edicion-no-13-del-campus-de-verano-de-fundacion-osasuna\/","name":"Abierto el plazo de inscripciones para la edici\u00f3n N\u00ba 13 del Campus de verano de Fundaci\u00f3n Osasuna","isPartOf":{"@id":"https:\/\/www.laguiadepamplona.com\/actualidad\/#website"},"primaryImageOfPage":{"@id":"https:\/\/www.laguiadepamplona.com\/actualidad\/abierto-el-plazo-de-inscripciones-para-la-edicion-no-13-del-campus-de-verano-de-fundacion-osasuna\/#primaryimage"},"image":{"@id":"https:\/\/www.laguiadepamplona.com\/actualidad\/abierto-el-plazo-de-inscripciones-para-la-edicion-no-13-del-campus-de-verano-de-fundacion-osasuna\/#primaryimage"},"thumbnailUrl":"","datePublished":"2014-03-31T12:13:32+00:00","breadcrumb":{"@id":"https:\/\/www.laguiadepamplona.com\/actualidad\/abierto-el-plazo-de-inscripciones-para-la-edicion-no-13-del-campus-de-verano-de-fundacion-osasuna\/#breadcrumb"},"inLanguage":"es","potentialAction":[{"@type":"ReadAction","target":["https:\/\/www.laguiadepamplona.com\/actualidad\/abierto-el-plazo-de-inscripciones-para-la-edicion-no-13-del-campus-de-verano-de-fundacion-osasuna\/"]}]},{"@type":"ImageObject","inLanguage":"es","@id":"https:\/\/www.laguiadepamplona.com\/actualidad\/abierto-el-plazo-de-inscripciones-para-la-edicion-no-13-del-campus-de-verano-de-fundacion-osasuna\/#primaryimage","url":"","contentUrl":""},{"@type":"BreadcrumbList","@id":"https:\/\/www.laguiadepamplona.com\/actualidad\/abierto-el-plazo-de-inscripciones-para-la-edicion-no-13-del-campus-de-verano-de-fundacion-osasuna\/#breadcrumb","itemListElement":[{"@type":"ListItem","position":1,"name":"Portada","item":"https:\/\/www.laguiadepamplona.com\/actualidad\/"},{"@type":"ListItem","position":2,"name":"Abierto el plazo de inscripciones para la edici\u00f3n N\u00ba 13 del Campus de verano de Fundaci\u00f3n Osasuna"}]},{"@type":"WebSite","@id":"https:\/\/www.laguiadepamplona.com\/actualidad\/#website","url":"https:\/\/www.laguiadepamplona.com\/actualidad\/","name":"La gu\u00eda de Pamplona","description":"Noticias de Pamplona","publisher":{"@id":"https:\/\/www.laguiadepamplona.com\/actualidad\/#organization"},"potentialAction":[{"@type":"SearchAction","target":{"@type":"EntryPoint","urlTemplate":"https:\/\/www.laguiadepamplona.com\/actualidad\/?s={search_term_string}"},"query-input":{"@type":"PropertyValueSpecification","valueRequired":true,"valueName":"search_term_string"}}],"inLanguage":"es"},{"@type":"Organization","@id":"https:\/\/www.laguiadepamplona.com\/actualidad\/#organization","name":"La Gu\u00eda de Pamplona \/ Noticias","url":"https:\/\/www.laguiadepamplona.com\/actualidad\/","logo":{"@type":"ImageObject","inLanguage":"es","@id":"https:\/\/www.laguiadepamplona.com\/actualidad\/#\/schema\/logo\/image\/","url":"https:\/\/www.laguiadepamplona.com\/actualidad\/wp-content\/uploads\/2018\/11\/logo-laguiadepamplona18-web1.png","contentUrl":"https:\/\/www.laguiadepamplona.com\/actualidad\/wp-content\/uploads\/2018\/11\/logo-laguiadepamplona18-web1.png","width":600,"height":196,"caption":"La Gu\u00eda de Pamplona \/ Noticias"},"image":{"@id":"https:\/\/www.laguiadepamplona.com\/actualidad\/#\/schema\/logo\/image\/"},"sameAs":["https:\/\/www.facebook.com\/laguiadepamplonacom-133175176762273\/?ref=hl","https:\/\/x.com\/LaGuiadPamplona","https:\/\/www.instagram.com\/la_guia_de_pamplona\/","https:\/\/www.youtube.com\/user\/laguiadepamplona"]},{"@type":"Person","@id":"https:\/\/www.laguiadepamplona.com\/actualidad\/#\/schema\/person\/efe887376f0213d4657c93adc50b1fdb","name":"La Gu\u00eda de Pamplona","image":{"@type":"ImageObject","inLanguage":"es","@id":"https:\/\/secure.gravatar.com\/avatar\/b6992f131dc8d30ab0dff15446e9d346d9dbd95992de0fef795073f5ea83a81c?s=96&d=mm&r=g","url":"https:\/\/secure.gravatar.com\/avatar\/b6992f131dc8d30ab0dff15446e9d346d9dbd95992de0fef795073f5ea83a81c?s=96&d=mm&r=g","contentUrl":"https:\/\/secure.gravatar.com\/avatar\/b6992f131dc8d30ab0dff15446e9d346d9dbd95992de0fef795073f5ea83a81c?s=96&d=mm&r=g","caption":"La Gu\u00eda de Pamplona"}}]}},"post_mailing_queue_ids":[],"_links":{"self":[{"href":"https:\/\/www.laguiadepamplona.com\/actualidad\/wp-json\/wp\/v2\/posts\/998","targetHints":{"allow":["GET"]}}],"collection":[{"href":"https:\/\/www.laguiadepamplona.com\/actualidad\/wp-json\/wp\/v2\/posts"}],"about":[{"href":"https:\/\/www.laguiadepamplona.com\/actualidad\/wp-json\/wp\/v2\/types\/post"}],"author":[{"embeddable":true,"href":"https:\/\/www.laguiadepamplona.com\/actualidad\/wp-json\/wp\/v2\/users\/1"}],"replies":[{"embeddable":true,"href":"https:\/\/www.laguiadepamplona.com\/actualidad\/wp-json\/wp\/v2\/comments?post=998"}],"version-history":[{"count":0,"href":"https:\/\/www.laguiadepamplona.com\/actualidad\/wp-json\/wp\/v2\/posts\/998\/revisions"}],"wp:featuredmedia":[{"embeddable":true,"href":"https:\/\/www.laguiadepamplona.com\/actualidad\/wp-json\/"}],"wp:attachment":[{"href":"https:\/\/www.laguiadepamplona.com\/actualidad\/wp-json\/wp\/v2\/media?parent=998"}],"wp:term":[{"taxonomy":"category","embeddable":true,"href":"https:\/\/www.laguiadepamplona.com\/actualidad\/wp-json\/wp\/v2\/categories?post=998"},{"taxonomy":"post_tag","embeddable":true,"href":"https:\/\/www.laguiadepamplona.com\/actualidad\/wp-json\/wp\/v2\/tags?post=998"}],"curies":[{"name":"wp","href":"https:\/\/api.w.org\/{rel}","templated":true}]}}