{"id":9910,"date":"2016-05-20T12:58:56","date_gmt":"2016-05-20T10:58:56","guid":{"rendered":"http:\/\/laguiadepamplona.com\/actualidad\/?p=9910"},"modified":"2016-05-20T12:58:56","modified_gmt":"2016-05-20T10:58:56","slug":"el-alcalde-de-pamplona-recibe-a-un-grupo-de-alumnos-alemanes-de-intercambio-en-pamplona-en-un-programa-de-la-escuela-de-negocios-de-navarra-foro-europeo","status":"publish","type":"post","link":"https:\/\/www.laguiadepamplona.com\/actualidad\/el-alcalde-de-pamplona-recibe-a-un-grupo-de-alumnos-alemanes-de-intercambio-en-pamplona-en-un-programa-de-la-escuela-de-negocios-de-navarra-foro-europeo\/","title":{"rendered":"El alcalde de Pamplona recibe a un grupo de alumnos alemanes de intercambio en Pamplona en un programa de la Escuela de Negocios de Navarra &#8211; Foro Europeo"},"content":{"rendered":"<p><img loading=\"lazy\" decoding=\"async\" class=\"alignleft size-medium wp-image-9911\" src=\"http:\/\/laguiadepamplona.com\/actualidad\/wp-content\/uploads\/2016\/05\/recepcion_estudiantes_alemanes_foro-300x200.jpg\" alt=\"recepcion_estudiantes_alemanes_foro\" width=\"300\" height=\"200\" \/>El alcalde de Pamplona, Joseba Asiron, ha recibido en el Sal\u00f3n de Recepciones de la Casa Consistorial a un grupo de alumnos alemanes que durante cuatro semanas han estado de intercambio en Pamplona con Foro Europeo, y que hoy regresan a su pa\u00eds. Participan en un programa dual de Gesti\u00f3n de Empresas Europeas que tiene lugar dentro del marco de colaboraci\u00f3n que esta escuela de negocios mantiene con el centro alem\u00e1n Walter Euchen Schule de Karlsruhe.<\/p>\n<p>En el transcurso del acto el alcalde ha recalcado la importancia que los intercambios acad\u00e9micos tienen, no s\u00f3lo para aprender idiomas, sino tambi\u00e9n para conocer otras culturas y otras realidades, ampliando los horizontes de los estudiantes que viven ya en una sociedad global y cuyos retos deben afrontarse con soluciones del mismo cariz. Los encargados de hablar en nombre de Foro Europeo han sido Mar\u00eda Luisa Ord\u00f3\u00f1ez, directora de grados de esa escuela, y uno de los alumnos visitantes, Rafael Dossinger.<\/p>\n<p>La Escuela de Negocios de Navarra &#8211; Foro Europeo naci\u00f3 en 1992 como iniciativa empresarial para formar en los campos de creaci\u00f3n y direcci\u00f3n de empresas y en liderazgo a j\u00f3venes y profesionales interesados en desarrollar su trayectoria en este \u00e1mbito. La escuela mantiene acuerdos m\u00e1s de 60 universidades y escuelas de todo el mundo, por lo que por sus aulas pasan habitualmente alumnos procedentes de distintos pa\u00edses.<\/p>\n<p>&nbsp;<\/p>\n","protected":false},"excerpt":{"rendered":"<p>El alcalde de Pamplona, Joseba Asiron, ha recibido en el Sal\u00f3n de Recepciones de la Casa Consistorial a un grupo de alumnos alemanes que durante cuatro semanas han estado de&#8230;<\/p>\n","protected":false},"author":1,"featured_media":9911,"comment_status":"closed","ping_status":"closed","sticky":false,"template":"","format":"standard","meta":{"footnotes":""},"categories":[2],"tags":[101,1325,634,489,5283,3020,2093,1328,712,2724,9,1654,1449],"class_list":["post-9910","post","type-post","status-publish","format-standard","has-post-thumbnail","hentry","category-ayuntamiento-pamplona","tag-alcalde","tag-alemanes","tag-alumnos","tag-escuela","tag-europeo","tag-foro","tag-grupo","tag-intercambio","tag-navarra","tag-negocios","tag-pamplona","tag-programa","tag-recibe"],"yoast_head":"<!-- This site is optimized with the Yoast SEO plugin v27.5 - https:\/\/yoast.com\/product\/yoast-seo-wordpress\/ -->\n<title>El alcalde de Pamplona recibe a un grupo de alumnos alemanes de intercambio en Pamplona en un programa de la Escuela de Negocios de Navarra - Foro Europeo<\/title>\n<meta name=\"robots\" content=\"index, follow, max-snippet:-1, max-image-preview:large, max-video-preview:-1\" \/>\n<link rel=\"canonical\" href=\"https:\/\/www.laguiadepamplona.com\/actualidad\/el-alcalde-de-pamplona-recibe-a-un-grupo-de-alumnos-alemanes-de-intercambio-en-pamplona-en-un-programa-de-la-escuela-de-negocios-de-navarra-foro-europeo\/\" \/>\n<meta property=\"og:locale\" content=\"es_ES\" \/>\n<meta property=\"og:type\" content=\"article\" \/>\n<meta property=\"og:title\" content=\"El alcalde de Pamplona recibe a un grupo de alumnos alemanes de intercambio en Pamplona en un programa de la Escuela de Negocios de Navarra - Foro Europeo\" \/>\n<meta property=\"og:description\" content=\"El alcalde de Pamplona, Joseba Asiron, ha recibido en el Sal\u00f3n de Recepciones de la Casa Consistorial a un grupo de alumnos alemanes que durante cuatro semanas han estado de...\" \/>\n<meta property=\"og:url\" content=\"https:\/\/www.laguiadepamplona.com\/actualidad\/el-alcalde-de-pamplona-recibe-a-un-grupo-de-alumnos-alemanes-de-intercambio-en-pamplona-en-un-programa-de-la-escuela-de-negocios-de-navarra-foro-europeo\/\" \/>\n<meta property=\"og:site_name\" content=\"La Gu\u00eda de Pamplona\" \/>\n<meta property=\"article:publisher\" content=\"https:\/\/www.facebook.com\/laguiadepamplonacom-133175176762273\/?ref=hl\" \/>\n<meta property=\"article:published_time\" content=\"2016-05-20T10:58:56+00:00\" \/>\n<meta name=\"author\" content=\"La Gu\u00eda de Pamplona\" \/>\n<meta name=\"twitter:card\" content=\"summary_large_image\" \/>\n<meta name=\"twitter:creator\" content=\"@LaGuiadPamplona\" \/>\n<meta name=\"twitter:site\" content=\"@LaGuiadPamplona\" \/>\n<meta name=\"twitter:label1\" content=\"Escrito por\" \/>\n\t<meta name=\"twitter:data1\" content=\"La Gu\u00eda de Pamplona\" \/>\n\t<meta name=\"twitter:label2\" content=\"Tiempo de lectura\" \/>\n\t<meta name=\"twitter:data2\" content=\"1 minuto\" \/>\n<script type=\"application\/ld+json\" class=\"yoast-schema-graph\">{\"@context\":\"https:\\\/\\\/schema.org\",\"@graph\":[{\"@type\":\"Article\",\"@id\":\"https:\\\/\\\/www.laguiadepamplona.com\\\/actualidad\\\/el-alcalde-de-pamplona-recibe-a-un-grupo-de-alumnos-alemanes-de-intercambio-en-pamplona-en-un-programa-de-la-escuela-de-negocios-de-navarra-foro-europeo\\\/#article\",\"isPartOf\":{\"@id\":\"https:\\\/\\\/www.laguiadepamplona.com\\\/actualidad\\\/el-alcalde-de-pamplona-recibe-a-un-grupo-de-alumnos-alemanes-de-intercambio-en-pamplona-en-un-programa-de-la-escuela-de-negocios-de-navarra-foro-europeo\\\/\"},\"author\":{\"name\":\"La Gu\u00eda de Pamplona\",\"@id\":\"https:\\\/\\\/www.laguiadepamplona.com\\\/actualidad\\\/#\\\/schema\\\/person\\\/efe887376f0213d4657c93adc50b1fdb\"},\"headline\":\"El alcalde de Pamplona recibe a un grupo de alumnos alemanes de intercambio en Pamplona en un programa de la Escuela de Negocios de Navarra &#8211; Foro Europeo\",\"datePublished\":\"2016-05-20T10:58:56+00:00\",\"mainEntityOfPage\":{\"@id\":\"https:\\\/\\\/www.laguiadepamplona.com\\\/actualidad\\\/el-alcalde-de-pamplona-recibe-a-un-grupo-de-alumnos-alemanes-de-intercambio-en-pamplona-en-un-programa-de-la-escuela-de-negocios-de-navarra-foro-europeo\\\/\"},\"wordCount\":267,\"publisher\":{\"@id\":\"https:\\\/\\\/www.laguiadepamplona.com\\\/actualidad\\\/#organization\"},\"image\":{\"@id\":\"https:\\\/\\\/www.laguiadepamplona.com\\\/actualidad\\\/el-alcalde-de-pamplona-recibe-a-un-grupo-de-alumnos-alemanes-de-intercambio-en-pamplona-en-un-programa-de-la-escuela-de-negocios-de-navarra-foro-europeo\\\/#primaryimage\"},\"thumbnailUrl\":\"\",\"keywords\":[\"alcalde\",\"alemanes\",\"alumnos\",\"escuela\",\"europeo\",\"foro\",\"grupo\",\"intercambio\",\"navarra\",\"negocios\",\"pamplona\",\"programa\",\"recibe\"],\"articleSection\":[\"Ayto Pamplona\"],\"inLanguage\":\"es\"},{\"@type\":\"WebPage\",\"@id\":\"https:\\\/\\\/www.laguiadepamplona.com\\\/actualidad\\\/el-alcalde-de-pamplona-recibe-a-un-grupo-de-alumnos-alemanes-de-intercambio-en-pamplona-en-un-programa-de-la-escuela-de-negocios-de-navarra-foro-europeo\\\/\",\"url\":\"https:\\\/\\\/www.laguiadepamplona.com\\\/actualidad\\\/el-alcalde-de-pamplona-recibe-a-un-grupo-de-alumnos-alemanes-de-intercambio-en-pamplona-en-un-programa-de-la-escuela-de-negocios-de-navarra-foro-europeo\\\/\",\"name\":\"El alcalde de Pamplona recibe a un grupo de alumnos alemanes de intercambio en Pamplona en un programa de la Escuela de Negocios de Navarra - Foro Europeo\",\"isPartOf\":{\"@id\":\"https:\\\/\\\/www.laguiadepamplona.com\\\/actualidad\\\/#website\"},\"primaryImageOfPage\":{\"@id\":\"https:\\\/\\\/www.laguiadepamplona.com\\\/actualidad\\\/el-alcalde-de-pamplona-recibe-a-un-grupo-de-alumnos-alemanes-de-intercambio-en-pamplona-en-un-programa-de-la-escuela-de-negocios-de-navarra-foro-europeo\\\/#primaryimage\"},\"image\":{\"@id\":\"https:\\\/\\\/www.laguiadepamplona.com\\\/actualidad\\\/el-alcalde-de-pamplona-recibe-a-un-grupo-de-alumnos-alemanes-de-intercambio-en-pamplona-en-un-programa-de-la-escuela-de-negocios-de-navarra-foro-europeo\\\/#primaryimage\"},\"thumbnailUrl\":\"\",\"datePublished\":\"2016-05-20T10:58:56+00:00\",\"breadcrumb\":{\"@id\":\"https:\\\/\\\/www.laguiadepamplona.com\\\/actualidad\\\/el-alcalde-de-pamplona-recibe-a-un-grupo-de-alumnos-alemanes-de-intercambio-en-pamplona-en-un-programa-de-la-escuela-de-negocios-de-navarra-foro-europeo\\\/#breadcrumb\"},\"inLanguage\":\"es\",\"potentialAction\":[{\"@type\":\"ReadAction\",\"target\":[\"https:\\\/\\\/www.laguiadepamplona.com\\\/actualidad\\\/el-alcalde-de-pamplona-recibe-a-un-grupo-de-alumnos-alemanes-de-intercambio-en-pamplona-en-un-programa-de-la-escuela-de-negocios-de-navarra-foro-europeo\\\/\"]}]},{\"@type\":\"ImageObject\",\"inLanguage\":\"es\",\"@id\":\"https:\\\/\\\/www.laguiadepamplona.com\\\/actualidad\\\/el-alcalde-de-pamplona-recibe-a-un-grupo-de-alumnos-alemanes-de-intercambio-en-pamplona-en-un-programa-de-la-escuela-de-negocios-de-navarra-foro-europeo\\\/#primaryimage\",\"url\":\"\",\"contentUrl\":\"\"},{\"@type\":\"BreadcrumbList\",\"@id\":\"https:\\\/\\\/www.laguiadepamplona.com\\\/actualidad\\\/el-alcalde-de-pamplona-recibe-a-un-grupo-de-alumnos-alemanes-de-intercambio-en-pamplona-en-un-programa-de-la-escuela-de-negocios-de-navarra-foro-europeo\\\/#breadcrumb\",\"itemListElement\":[{\"@type\":\"ListItem\",\"position\":1,\"name\":\"Portada\",\"item\":\"https:\\\/\\\/www.laguiadepamplona.com\\\/actualidad\\\/\"},{\"@type\":\"ListItem\",\"position\":2,\"name\":\"El alcalde de Pamplona recibe a un grupo de alumnos alemanes de intercambio en Pamplona en un programa de la Escuela de Negocios de Navarra &#8211; Foro Europeo\"}]},{\"@type\":\"WebSite\",\"@id\":\"https:\\\/\\\/www.laguiadepamplona.com\\\/actualidad\\\/#website\",\"url\":\"https:\\\/\\\/www.laguiadepamplona.com\\\/actualidad\\\/\",\"name\":\"La gu\u00eda de Pamplona\",\"description\":\"Noticias de Pamplona\",\"publisher\":{\"@id\":\"https:\\\/\\\/www.laguiadepamplona.com\\\/actualidad\\\/#organization\"},\"potentialAction\":[{\"@type\":\"SearchAction\",\"target\":{\"@type\":\"EntryPoint\",\"urlTemplate\":\"https:\\\/\\\/www.laguiadepamplona.com\\\/actualidad\\\/?s={search_term_string}\"},\"query-input\":{\"@type\":\"PropertyValueSpecification\",\"valueRequired\":true,\"valueName\":\"search_term_string\"}}],\"inLanguage\":\"es\"},{\"@type\":\"Organization\",\"@id\":\"https:\\\/\\\/www.laguiadepamplona.com\\\/actualidad\\\/#organization\",\"name\":\"La Gu\u00eda de Pamplona \\\/ Noticias\",\"url\":\"https:\\\/\\\/www.laguiadepamplona.com\\\/actualidad\\\/\",\"logo\":{\"@type\":\"ImageObject\",\"inLanguage\":\"es\",\"@id\":\"https:\\\/\\\/www.laguiadepamplona.com\\\/actualidad\\\/#\\\/schema\\\/logo\\\/image\\\/\",\"url\":\"https:\\\/\\\/www.laguiadepamplona.com\\\/actualidad\\\/wp-content\\\/uploads\\\/2018\\\/11\\\/logo-laguiadepamplona18-web1.png\",\"contentUrl\":\"https:\\\/\\\/www.laguiadepamplona.com\\\/actualidad\\\/wp-content\\\/uploads\\\/2018\\\/11\\\/logo-laguiadepamplona18-web1.png\",\"width\":600,\"height\":196,\"caption\":\"La Gu\u00eda de Pamplona \\\/ Noticias\"},\"image\":{\"@id\":\"https:\\\/\\\/www.laguiadepamplona.com\\\/actualidad\\\/#\\\/schema\\\/logo\\\/image\\\/\"},\"sameAs\":[\"https:\\\/\\\/www.facebook.com\\\/laguiadepamplonacom-133175176762273\\\/?ref=hl\",\"https:\\\/\\\/x.com\\\/LaGuiadPamplona\",\"https:\\\/\\\/www.instagram.com\\\/la_guia_de_pamplona\\\/\",\"https:\\\/\\\/www.youtube.com\\\/user\\\/laguiadepamplona\"]},{\"@type\":\"Person\",\"@id\":\"https:\\\/\\\/www.laguiadepamplona.com\\\/actualidad\\\/#\\\/schema\\\/person\\\/efe887376f0213d4657c93adc50b1fdb\",\"name\":\"La Gu\u00eda de Pamplona\",\"image\":{\"@type\":\"ImageObject\",\"inLanguage\":\"es\",\"@id\":\"https:\\\/\\\/secure.gravatar.com\\\/avatar\\\/b6992f131dc8d30ab0dff15446e9d346d9dbd95992de0fef795073f5ea83a81c?s=96&d=mm&r=g\",\"url\":\"https:\\\/\\\/secure.gravatar.com\\\/avatar\\\/b6992f131dc8d30ab0dff15446e9d346d9dbd95992de0fef795073f5ea83a81c?s=96&d=mm&r=g\",\"contentUrl\":\"https:\\\/\\\/secure.gravatar.com\\\/avatar\\\/b6992f131dc8d30ab0dff15446e9d346d9dbd95992de0fef795073f5ea83a81c?s=96&d=mm&r=g\",\"caption\":\"La Gu\u00eda de Pamplona\"}}]}<\/script>\n<!-- \/ Yoast SEO plugin. -->","yoast_head_json":{"title":"El alcalde de Pamplona recibe a un grupo de alumnos alemanes de intercambio en Pamplona en un programa de la Escuela de Negocios de Navarra - Foro Europeo","robots":{"index":"index","follow":"follow","max-snippet":"max-snippet:-1","max-image-preview":"max-image-preview:large","max-video-preview":"max-video-preview:-1"},"canonical":"https:\/\/www.laguiadepamplona.com\/actualidad\/el-alcalde-de-pamplona-recibe-a-un-grupo-de-alumnos-alemanes-de-intercambio-en-pamplona-en-un-programa-de-la-escuela-de-negocios-de-navarra-foro-europeo\/","og_locale":"es_ES","og_type":"article","og_title":"El alcalde de Pamplona recibe a un grupo de alumnos alemanes de intercambio en Pamplona en un programa de la Escuela de Negocios de Navarra - Foro Europeo","og_description":"El alcalde de Pamplona, Joseba Asiron, ha recibido en el Sal\u00f3n de Recepciones de la Casa Consistorial a un grupo de alumnos alemanes que durante cuatro semanas han estado de...","og_url":"https:\/\/www.laguiadepamplona.com\/actualidad\/el-alcalde-de-pamplona-recibe-a-un-grupo-de-alumnos-alemanes-de-intercambio-en-pamplona-en-un-programa-de-la-escuela-de-negocios-de-navarra-foro-europeo\/","og_site_name":"La Gu\u00eda de Pamplona","article_publisher":"https:\/\/www.facebook.com\/laguiadepamplonacom-133175176762273\/?ref=hl","article_published_time":"2016-05-20T10:58:56+00:00","author":"La Gu\u00eda de Pamplona","twitter_card":"summary_large_image","twitter_creator":"@LaGuiadPamplona","twitter_site":"@LaGuiadPamplona","twitter_misc":{"Escrito por":"La Gu\u00eda de Pamplona","Tiempo de lectura":"1 minuto"},"schema":{"@context":"https:\/\/schema.org","@graph":[{"@type":"Article","@id":"https:\/\/www.laguiadepamplona.com\/actualidad\/el-alcalde-de-pamplona-recibe-a-un-grupo-de-alumnos-alemanes-de-intercambio-en-pamplona-en-un-programa-de-la-escuela-de-negocios-de-navarra-foro-europeo\/#article","isPartOf":{"@id":"https:\/\/www.laguiadepamplona.com\/actualidad\/el-alcalde-de-pamplona-recibe-a-un-grupo-de-alumnos-alemanes-de-intercambio-en-pamplona-en-un-programa-de-la-escuela-de-negocios-de-navarra-foro-europeo\/"},"author":{"name":"La Gu\u00eda de Pamplona","@id":"https:\/\/www.laguiadepamplona.com\/actualidad\/#\/schema\/person\/efe887376f0213d4657c93adc50b1fdb"},"headline":"El alcalde de Pamplona recibe a un grupo de alumnos alemanes de intercambio en Pamplona en un programa de la Escuela de Negocios de Navarra &#8211; Foro Europeo","datePublished":"2016-05-20T10:58:56+00:00","mainEntityOfPage":{"@id":"https:\/\/www.laguiadepamplona.com\/actualidad\/el-alcalde-de-pamplona-recibe-a-un-grupo-de-alumnos-alemanes-de-intercambio-en-pamplona-en-un-programa-de-la-escuela-de-negocios-de-navarra-foro-europeo\/"},"wordCount":267,"publisher":{"@id":"https:\/\/www.laguiadepamplona.com\/actualidad\/#organization"},"image":{"@id":"https:\/\/www.laguiadepamplona.com\/actualidad\/el-alcalde-de-pamplona-recibe-a-un-grupo-de-alumnos-alemanes-de-intercambio-en-pamplona-en-un-programa-de-la-escuela-de-negocios-de-navarra-foro-europeo\/#primaryimage"},"thumbnailUrl":"","keywords":["alcalde","alemanes","alumnos","escuela","europeo","foro","grupo","intercambio","navarra","negocios","pamplona","programa","recibe"],"articleSection":["Ayto Pamplona"],"inLanguage":"es"},{"@type":"WebPage","@id":"https:\/\/www.laguiadepamplona.com\/actualidad\/el-alcalde-de-pamplona-recibe-a-un-grupo-de-alumnos-alemanes-de-intercambio-en-pamplona-en-un-programa-de-la-escuela-de-negocios-de-navarra-foro-europeo\/","url":"https:\/\/www.laguiadepamplona.com\/actualidad\/el-alcalde-de-pamplona-recibe-a-un-grupo-de-alumnos-alemanes-de-intercambio-en-pamplona-en-un-programa-de-la-escuela-de-negocios-de-navarra-foro-europeo\/","name":"El alcalde de Pamplona recibe a un grupo de alumnos alemanes de intercambio en Pamplona en un programa de la Escuela de Negocios de Navarra - Foro Europeo","isPartOf":{"@id":"https:\/\/www.laguiadepamplona.com\/actualidad\/#website"},"primaryImageOfPage":{"@id":"https:\/\/www.laguiadepamplona.com\/actualidad\/el-alcalde-de-pamplona-recibe-a-un-grupo-de-alumnos-alemanes-de-intercambio-en-pamplona-en-un-programa-de-la-escuela-de-negocios-de-navarra-foro-europeo\/#primaryimage"},"image":{"@id":"https:\/\/www.laguiadepamplona.com\/actualidad\/el-alcalde-de-pamplona-recibe-a-un-grupo-de-alumnos-alemanes-de-intercambio-en-pamplona-en-un-programa-de-la-escuela-de-negocios-de-navarra-foro-europeo\/#primaryimage"},"thumbnailUrl":"","datePublished":"2016-05-20T10:58:56+00:00","breadcrumb":{"@id":"https:\/\/www.laguiadepamplona.com\/actualidad\/el-alcalde-de-pamplona-recibe-a-un-grupo-de-alumnos-alemanes-de-intercambio-en-pamplona-en-un-programa-de-la-escuela-de-negocios-de-navarra-foro-europeo\/#breadcrumb"},"inLanguage":"es","potentialAction":[{"@type":"ReadAction","target":["https:\/\/www.laguiadepamplona.com\/actualidad\/el-alcalde-de-pamplona-recibe-a-un-grupo-de-alumnos-alemanes-de-intercambio-en-pamplona-en-un-programa-de-la-escuela-de-negocios-de-navarra-foro-europeo\/"]}]},{"@type":"ImageObject","inLanguage":"es","@id":"https:\/\/www.laguiadepamplona.com\/actualidad\/el-alcalde-de-pamplona-recibe-a-un-grupo-de-alumnos-alemanes-de-intercambio-en-pamplona-en-un-programa-de-la-escuela-de-negocios-de-navarra-foro-europeo\/#primaryimage","url":"","contentUrl":""},{"@type":"BreadcrumbList","@id":"https:\/\/www.laguiadepamplona.com\/actualidad\/el-alcalde-de-pamplona-recibe-a-un-grupo-de-alumnos-alemanes-de-intercambio-en-pamplona-en-un-programa-de-la-escuela-de-negocios-de-navarra-foro-europeo\/#breadcrumb","itemListElement":[{"@type":"ListItem","position":1,"name":"Portada","item":"https:\/\/www.laguiadepamplona.com\/actualidad\/"},{"@type":"ListItem","position":2,"name":"El alcalde de Pamplona recibe a un grupo de alumnos alemanes de intercambio en Pamplona en un programa de la Escuela de Negocios de Navarra &#8211; Foro Europeo"}]},{"@type":"WebSite","@id":"https:\/\/www.laguiadepamplona.com\/actualidad\/#website","url":"https:\/\/www.laguiadepamplona.com\/actualidad\/","name":"La gu\u00eda de Pamplona","description":"Noticias de Pamplona","publisher":{"@id":"https:\/\/www.laguiadepamplona.com\/actualidad\/#organization"},"potentialAction":[{"@type":"SearchAction","target":{"@type":"EntryPoint","urlTemplate":"https:\/\/www.laguiadepamplona.com\/actualidad\/?s={search_term_string}"},"query-input":{"@type":"PropertyValueSpecification","valueRequired":true,"valueName":"search_term_string"}}],"inLanguage":"es"},{"@type":"Organization","@id":"https:\/\/www.laguiadepamplona.com\/actualidad\/#organization","name":"La Gu\u00eda de Pamplona \/ Noticias","url":"https:\/\/www.laguiadepamplona.com\/actualidad\/","logo":{"@type":"ImageObject","inLanguage":"es","@id":"https:\/\/www.laguiadepamplona.com\/actualidad\/#\/schema\/logo\/image\/","url":"https:\/\/www.laguiadepamplona.com\/actualidad\/wp-content\/uploads\/2018\/11\/logo-laguiadepamplona18-web1.png","contentUrl":"https:\/\/www.laguiadepamplona.com\/actualidad\/wp-content\/uploads\/2018\/11\/logo-laguiadepamplona18-web1.png","width":600,"height":196,"caption":"La Gu\u00eda de Pamplona \/ Noticias"},"image":{"@id":"https:\/\/www.laguiadepamplona.com\/actualidad\/#\/schema\/logo\/image\/"},"sameAs":["https:\/\/www.facebook.com\/laguiadepamplonacom-133175176762273\/?ref=hl","https:\/\/x.com\/LaGuiadPamplona","https:\/\/www.instagram.com\/la_guia_de_pamplona\/","https:\/\/www.youtube.com\/user\/laguiadepamplona"]},{"@type":"Person","@id":"https:\/\/www.laguiadepamplona.com\/actualidad\/#\/schema\/person\/efe887376f0213d4657c93adc50b1fdb","name":"La Gu\u00eda de Pamplona","image":{"@type":"ImageObject","inLanguage":"es","@id":"https:\/\/secure.gravatar.com\/avatar\/b6992f131dc8d30ab0dff15446e9d346d9dbd95992de0fef795073f5ea83a81c?s=96&d=mm&r=g","url":"https:\/\/secure.gravatar.com\/avatar\/b6992f131dc8d30ab0dff15446e9d346d9dbd95992de0fef795073f5ea83a81c?s=96&d=mm&r=g","contentUrl":"https:\/\/secure.gravatar.com\/avatar\/b6992f131dc8d30ab0dff15446e9d346d9dbd95992de0fef795073f5ea83a81c?s=96&d=mm&r=g","caption":"La Gu\u00eda de Pamplona"}}]}},"post_mailing_queue_ids":[],"_links":{"self":[{"href":"https:\/\/www.laguiadepamplona.com\/actualidad\/wp-json\/wp\/v2\/posts\/9910","targetHints":{"allow":["GET"]}}],"collection":[{"href":"https:\/\/www.laguiadepamplona.com\/actualidad\/wp-json\/wp\/v2\/posts"}],"about":[{"href":"https:\/\/www.laguiadepamplona.com\/actualidad\/wp-json\/wp\/v2\/types\/post"}],"author":[{"embeddable":true,"href":"https:\/\/www.laguiadepamplona.com\/actualidad\/wp-json\/wp\/v2\/users\/1"}],"replies":[{"embeddable":true,"href":"https:\/\/www.laguiadepamplona.com\/actualidad\/wp-json\/wp\/v2\/comments?post=9910"}],"version-history":[{"count":0,"href":"https:\/\/www.laguiadepamplona.com\/actualidad\/wp-json\/wp\/v2\/posts\/9910\/revisions"}],"wp:featuredmedia":[{"embeddable":true,"href":"https:\/\/www.laguiadepamplona.com\/actualidad\/wp-json\/"}],"wp:attachment":[{"href":"https:\/\/www.laguiadepamplona.com\/actualidad\/wp-json\/wp\/v2\/media?parent=9910"}],"wp:term":[{"taxonomy":"category","embeddable":true,"href":"https:\/\/www.laguiadepamplona.com\/actualidad\/wp-json\/wp\/v2\/categories?post=9910"},{"taxonomy":"post_tag","embeddable":true,"href":"https:\/\/www.laguiadepamplona.com\/actualidad\/wp-json\/wp\/v2\/tags?post=9910"}],"curies":[{"name":"wp","href":"https:\/\/api.w.org\/{rel}","templated":true}]}}