{"id":986,"date":"2014-03-31T12:59:25","date_gmt":"2014-03-31T11:59:25","guid":{"rendered":"http:\/\/laguiadepamplona.es\/noticias\/?p=986"},"modified":"2014-03-31T12:59:25","modified_gmt":"2014-03-31T11:59:25","slug":"una-conferencia-sobre-como-utilizar-twitter-inaugura-manana-en-civivox-jus-la-rocha-un-ciclo-sobre-contenidos-y-opinion-en-internet","status":"publish","type":"post","link":"https:\/\/www.laguiadepamplona.com\/actualidad\/una-conferencia-sobre-como-utilizar-twitter-inaugura-manana-en-civivox-jus-la-rocha-un-ciclo-sobre-contenidos-y-opinion-en-internet\/","title":{"rendered":"Una conferencia sobre c\u00f3mo utilizar Twitter inaugura ma\u00f1ana en Civivox Jus la Rocha un ciclo sobre contenidos y opini\u00f3n en Internet"},"content":{"rendered":"<h6>La charla comenzar\u00e1 a las siete de la tarde con entrada libre<\/h6>\n<p><a href=\"http:\/\/laguiadepamplona.es\/noticias\/wp-content\/uploads\/2014\/02\/civivox-jus-la-rocha.jpg\"><img loading=\"lazy\" decoding=\"async\" class=\"alignleft size-medium wp-image-478\" alt=\"civivox-jus-la-rocha\" src=\"http:\/\/laguiadepamplona.es\/noticias\/wp-content\/uploads\/2014\/02\/civivox-jus-la-rocha-300x168.jpg\" width=\"300\" height=\"168\" \/><\/a>Civivox Jus la Rocha inaugura ma\u00f1ana martes un ciclo de conferencias sobre contenidos y opini\u00f3n en Internet con la charla \u2018El \u00e9xito de Twitter\u2019, en la que se analizar\u00e1 el \u00e9xito de esta herramienta que se ha convertido en una de las redes sociales de referencia en la actualidad. La sesi\u00f3n correr\u00e1 a cargo del <i>community manager <\/i>y experto en redes Mikel Gonz\u00e1lez, y comenzar\u00e1 a las siete de la tarde con entrada libre.<\/p>\n<p>En el transcurso de la charla se abordar\u00e1 la gran versatilidad de Twitter, que ofrece contenidos tanto de opini\u00f3n y comentario como de promoci\u00f3n, informaci\u00f3n o marca personal. Adem\u00e1s se analizar\u00e1n las distintas situaciones en las que se puede utilizar, dando pautas de c\u00f3mo ofrecer contenido en Internet, nutrirse de informaci\u00f3n y aprovechar los recursos y datos de otros usuarios. Para ello el ponente comentar\u00e1 ejemplos pr\u00e1cticos de instituciones, asociaciones y dem\u00e1s usuarios que utilizan de modo acertado y eficaz esta herramienta, as\u00ed como ejemplos de qu\u00e9 no se debe hacer en esta red social.<\/p>\n<p>Mikel Gonz\u00e1lez trabaja actualmente como consultor para empresas y como gestor de cuentas independiente. Como profesional del sector tecnol\u00f3gico, participa en diferentes entornos formativos basados en la promoci\u00f3n empresarial y redes sociales.<\/p>\n<p>Este ciclo sobre inform\u00e1tica incluye tambi\u00e9n la conferencia \u2018Quiero ser blogguer\u2019, que tendr\u00e1 lugar en Civivox Jus la Rocha el martes 13 de mayo, tambi\u00e9n a las siete de la tarde. Esta segunda sesi\u00f3n estar\u00e1 impartida por Miren Loinaz, dise\u00f1adora gr\u00e1fica y programadora inform\u00e1tica.<\/p>\n<p>&nbsp;<\/p>\n<div>\n<p><strong>ciclo conferencias \u2018ofreciendo contenido y opini\u00f3n en internet\u2019<\/strong><\/p>\n<\/div>\n<p><strong>Civivox Jus la Rocha. 19 horas. Entrada libre<\/strong><\/p>\n<ul>\n<li>Martes 1 de abril:<b> \u2018El \u00e9xito de Twitter\u2019<\/b>\n<ul>\n<li>Ponente: Mikel Gonz\u00e1lez, <i>community manager<\/i> y experto en redes sociales<\/li>\n<li>Martes 13 de mayo:<b> \u2018Quiero ser blogguer\u2019<\/b>\n<ul>\n<li>Ponente: Miren Loinaz, programadora y dise\u00f1adora gr\u00e1fica<\/li>\n<\/ul>\n<\/li>\n<\/ul>\n<\/li>\n<\/ul>\n<p>&nbsp;<\/p>\n","protected":false},"excerpt":{"rendered":"<p>La charla comenzar\u00e1 a las siete de la tarde con entrada libre Civivox Jus la Rocha inaugura ma\u00f1ana martes un ciclo de conferencias sobre contenidos y opini\u00f3n en Internet con&#8230;<\/p>\n","protected":false},"author":1,"featured_media":478,"comment_status":"open","ping_status":"open","sticky":false,"template":"","format":"standard","meta":{"footnotes":""},"categories":[2],"tags":[5,6,133,128,8,9,630],"class_list":["post-986","post","type-post","status-publish","format-standard","has-post-thumbnail","hentry","category-ayuntamiento-pamplona","tag-actualidad","tag-ayto-pamplona","tag-civivox-jus-la-rocha","tag-conferencia","tag-noticias","tag-pamplona","tag-twitter"],"yoast_head":"<!-- This site is optimized with the Yoast SEO plugin v27.5 - https:\/\/yoast.com\/product\/yoast-seo-wordpress\/ -->\n<title>Una conferencia sobre c\u00f3mo utilizar Twitter inaugura ma\u00f1ana en Civivox Jus la Rocha un ciclo sobre contenidos y opini\u00f3n en Internet<\/title>\n<meta name=\"robots\" content=\"index, follow, max-snippet:-1, max-image-preview:large, max-video-preview:-1\" \/>\n<link rel=\"canonical\" href=\"https:\/\/www.laguiadepamplona.com\/actualidad\/una-conferencia-sobre-como-utilizar-twitter-inaugura-manana-en-civivox-jus-la-rocha-un-ciclo-sobre-contenidos-y-opinion-en-internet\/\" \/>\n<meta property=\"og:locale\" content=\"es_ES\" \/>\n<meta property=\"og:type\" content=\"article\" \/>\n<meta property=\"og:title\" content=\"Una conferencia sobre c\u00f3mo utilizar Twitter inaugura ma\u00f1ana en Civivox Jus la Rocha un ciclo sobre contenidos y opini\u00f3n en Internet\" \/>\n<meta property=\"og:description\" content=\"La charla comenzar\u00e1 a las siete de la tarde con entrada libre Civivox Jus la Rocha inaugura ma\u00f1ana martes un ciclo de conferencias sobre contenidos y opini\u00f3n en Internet con...\" \/>\n<meta property=\"og:url\" content=\"https:\/\/www.laguiadepamplona.com\/actualidad\/una-conferencia-sobre-como-utilizar-twitter-inaugura-manana-en-civivox-jus-la-rocha-un-ciclo-sobre-contenidos-y-opinion-en-internet\/\" \/>\n<meta property=\"og:site_name\" content=\"La Gu\u00eda de Pamplona\" \/>\n<meta property=\"article:publisher\" content=\"https:\/\/www.facebook.com\/laguiadepamplonacom-133175176762273\/?ref=hl\" \/>\n<meta property=\"article:published_time\" content=\"2014-03-31T11:59:25+00:00\" \/>\n<meta name=\"author\" content=\"La Gu\u00eda de Pamplona\" \/>\n<meta name=\"twitter:card\" content=\"summary_large_image\" \/>\n<meta name=\"twitter:creator\" content=\"@LaGuiadPamplona\" \/>\n<meta name=\"twitter:site\" content=\"@LaGuiadPamplona\" \/>\n<meta name=\"twitter:label1\" content=\"Escrito por\" \/>\n\t<meta name=\"twitter:data1\" content=\"La Gu\u00eda de Pamplona\" \/>\n\t<meta name=\"twitter:label2\" content=\"Tiempo de lectura\" \/>\n\t<meta name=\"twitter:data2\" content=\"2 minutos\" \/>\n<script type=\"application\/ld+json\" class=\"yoast-schema-graph\">{\"@context\":\"https:\\\/\\\/schema.org\",\"@graph\":[{\"@type\":\"Article\",\"@id\":\"https:\\\/\\\/www.laguiadepamplona.com\\\/actualidad\\\/una-conferencia-sobre-como-utilizar-twitter-inaugura-manana-en-civivox-jus-la-rocha-un-ciclo-sobre-contenidos-y-opinion-en-internet\\\/#article\",\"isPartOf\":{\"@id\":\"https:\\\/\\\/www.laguiadepamplona.com\\\/actualidad\\\/una-conferencia-sobre-como-utilizar-twitter-inaugura-manana-en-civivox-jus-la-rocha-un-ciclo-sobre-contenidos-y-opinion-en-internet\\\/\"},\"author\":{\"name\":\"La Gu\u00eda de Pamplona\",\"@id\":\"https:\\\/\\\/www.laguiadepamplona.com\\\/actualidad\\\/#\\\/schema\\\/person\\\/efe887376f0213d4657c93adc50b1fdb\"},\"headline\":\"Una conferencia sobre c\u00f3mo utilizar Twitter inaugura ma\u00f1ana en Civivox Jus la Rocha un ciclo sobre contenidos y opini\u00f3n en Internet\",\"datePublished\":\"2014-03-31T11:59:25+00:00\",\"mainEntityOfPage\":{\"@id\":\"https:\\\/\\\/www.laguiadepamplona.com\\\/actualidad\\\/una-conferencia-sobre-como-utilizar-twitter-inaugura-manana-en-civivox-jus-la-rocha-un-ciclo-sobre-contenidos-y-opinion-en-internet\\\/\"},\"wordCount\":354,\"commentCount\":0,\"publisher\":{\"@id\":\"https:\\\/\\\/www.laguiadepamplona.com\\\/actualidad\\\/#organization\"},\"image\":{\"@id\":\"https:\\\/\\\/www.laguiadepamplona.com\\\/actualidad\\\/una-conferencia-sobre-como-utilizar-twitter-inaugura-manana-en-civivox-jus-la-rocha-un-ciclo-sobre-contenidos-y-opinion-en-internet\\\/#primaryimage\"},\"thumbnailUrl\":\"\",\"keywords\":[\"actualidad\",\"ayto pamplona\",\"Civivox Jus la Rocha\",\"conferencia\",\"noticias\",\"pamplona\",\"twitter\"],\"articleSection\":[\"Ayto Pamplona\"],\"inLanguage\":\"es\",\"potentialAction\":[{\"@type\":\"CommentAction\",\"name\":\"Comment\",\"target\":[\"https:\\\/\\\/www.laguiadepamplona.com\\\/actualidad\\\/una-conferencia-sobre-como-utilizar-twitter-inaugura-manana-en-civivox-jus-la-rocha-un-ciclo-sobre-contenidos-y-opinion-en-internet\\\/#respond\"]}]},{\"@type\":\"WebPage\",\"@id\":\"https:\\\/\\\/www.laguiadepamplona.com\\\/actualidad\\\/una-conferencia-sobre-como-utilizar-twitter-inaugura-manana-en-civivox-jus-la-rocha-un-ciclo-sobre-contenidos-y-opinion-en-internet\\\/\",\"url\":\"https:\\\/\\\/www.laguiadepamplona.com\\\/actualidad\\\/una-conferencia-sobre-como-utilizar-twitter-inaugura-manana-en-civivox-jus-la-rocha-un-ciclo-sobre-contenidos-y-opinion-en-internet\\\/\",\"name\":\"Una conferencia sobre c\u00f3mo utilizar Twitter inaugura ma\u00f1ana en Civivox Jus la Rocha un ciclo sobre contenidos y opini\u00f3n en Internet\",\"isPartOf\":{\"@id\":\"https:\\\/\\\/www.laguiadepamplona.com\\\/actualidad\\\/#website\"},\"primaryImageOfPage\":{\"@id\":\"https:\\\/\\\/www.laguiadepamplona.com\\\/actualidad\\\/una-conferencia-sobre-como-utilizar-twitter-inaugura-manana-en-civivox-jus-la-rocha-un-ciclo-sobre-contenidos-y-opinion-en-internet\\\/#primaryimage\"},\"image\":{\"@id\":\"https:\\\/\\\/www.laguiadepamplona.com\\\/actualidad\\\/una-conferencia-sobre-como-utilizar-twitter-inaugura-manana-en-civivox-jus-la-rocha-un-ciclo-sobre-contenidos-y-opinion-en-internet\\\/#primaryimage\"},\"thumbnailUrl\":\"\",\"datePublished\":\"2014-03-31T11:59:25+00:00\",\"breadcrumb\":{\"@id\":\"https:\\\/\\\/www.laguiadepamplona.com\\\/actualidad\\\/una-conferencia-sobre-como-utilizar-twitter-inaugura-manana-en-civivox-jus-la-rocha-un-ciclo-sobre-contenidos-y-opinion-en-internet\\\/#breadcrumb\"},\"inLanguage\":\"es\",\"potentialAction\":[{\"@type\":\"ReadAction\",\"target\":[\"https:\\\/\\\/www.laguiadepamplona.com\\\/actualidad\\\/una-conferencia-sobre-como-utilizar-twitter-inaugura-manana-en-civivox-jus-la-rocha-un-ciclo-sobre-contenidos-y-opinion-en-internet\\\/\"]}]},{\"@type\":\"ImageObject\",\"inLanguage\":\"es\",\"@id\":\"https:\\\/\\\/www.laguiadepamplona.com\\\/actualidad\\\/una-conferencia-sobre-como-utilizar-twitter-inaugura-manana-en-civivox-jus-la-rocha-un-ciclo-sobre-contenidos-y-opinion-en-internet\\\/#primaryimage\",\"url\":\"\",\"contentUrl\":\"\"},{\"@type\":\"BreadcrumbList\",\"@id\":\"https:\\\/\\\/www.laguiadepamplona.com\\\/actualidad\\\/una-conferencia-sobre-como-utilizar-twitter-inaugura-manana-en-civivox-jus-la-rocha-un-ciclo-sobre-contenidos-y-opinion-en-internet\\\/#breadcrumb\",\"itemListElement\":[{\"@type\":\"ListItem\",\"position\":1,\"name\":\"Portada\",\"item\":\"https:\\\/\\\/www.laguiadepamplona.com\\\/actualidad\\\/\"},{\"@type\":\"ListItem\",\"position\":2,\"name\":\"Una conferencia sobre c\u00f3mo utilizar Twitter inaugura ma\u00f1ana en Civivox Jus la Rocha un ciclo sobre contenidos y opini\u00f3n en Internet\"}]},{\"@type\":\"WebSite\",\"@id\":\"https:\\\/\\\/www.laguiadepamplona.com\\\/actualidad\\\/#website\",\"url\":\"https:\\\/\\\/www.laguiadepamplona.com\\\/actualidad\\\/\",\"name\":\"La gu\u00eda de Pamplona\",\"description\":\"Noticias de Pamplona\",\"publisher\":{\"@id\":\"https:\\\/\\\/www.laguiadepamplona.com\\\/actualidad\\\/#organization\"},\"potentialAction\":[{\"@type\":\"SearchAction\",\"target\":{\"@type\":\"EntryPoint\",\"urlTemplate\":\"https:\\\/\\\/www.laguiadepamplona.com\\\/actualidad\\\/?s={search_term_string}\"},\"query-input\":{\"@type\":\"PropertyValueSpecification\",\"valueRequired\":true,\"valueName\":\"search_term_string\"}}],\"inLanguage\":\"es\"},{\"@type\":\"Organization\",\"@id\":\"https:\\\/\\\/www.laguiadepamplona.com\\\/actualidad\\\/#organization\",\"name\":\"La Gu\u00eda de Pamplona \\\/ Noticias\",\"url\":\"https:\\\/\\\/www.laguiadepamplona.com\\\/actualidad\\\/\",\"logo\":{\"@type\":\"ImageObject\",\"inLanguage\":\"es\",\"@id\":\"https:\\\/\\\/www.laguiadepamplona.com\\\/actualidad\\\/#\\\/schema\\\/logo\\\/image\\\/\",\"url\":\"https:\\\/\\\/www.laguiadepamplona.com\\\/actualidad\\\/wp-content\\\/uploads\\\/2018\\\/11\\\/logo-laguiadepamplona18-web1.png\",\"contentUrl\":\"https:\\\/\\\/www.laguiadepamplona.com\\\/actualidad\\\/wp-content\\\/uploads\\\/2018\\\/11\\\/logo-laguiadepamplona18-web1.png\",\"width\":600,\"height\":196,\"caption\":\"La Gu\u00eda de Pamplona \\\/ Noticias\"},\"image\":{\"@id\":\"https:\\\/\\\/www.laguiadepamplona.com\\\/actualidad\\\/#\\\/schema\\\/logo\\\/image\\\/\"},\"sameAs\":[\"https:\\\/\\\/www.facebook.com\\\/laguiadepamplonacom-133175176762273\\\/?ref=hl\",\"https:\\\/\\\/x.com\\\/LaGuiadPamplona\",\"https:\\\/\\\/www.instagram.com\\\/la_guia_de_pamplona\\\/\",\"https:\\\/\\\/www.youtube.com\\\/user\\\/laguiadepamplona\"]},{\"@type\":\"Person\",\"@id\":\"https:\\\/\\\/www.laguiadepamplona.com\\\/actualidad\\\/#\\\/schema\\\/person\\\/efe887376f0213d4657c93adc50b1fdb\",\"name\":\"La Gu\u00eda de Pamplona\",\"image\":{\"@type\":\"ImageObject\",\"inLanguage\":\"es\",\"@id\":\"https:\\\/\\\/secure.gravatar.com\\\/avatar\\\/b6992f131dc8d30ab0dff15446e9d346d9dbd95992de0fef795073f5ea83a81c?s=96&d=mm&r=g\",\"url\":\"https:\\\/\\\/secure.gravatar.com\\\/avatar\\\/b6992f131dc8d30ab0dff15446e9d346d9dbd95992de0fef795073f5ea83a81c?s=96&d=mm&r=g\",\"contentUrl\":\"https:\\\/\\\/secure.gravatar.com\\\/avatar\\\/b6992f131dc8d30ab0dff15446e9d346d9dbd95992de0fef795073f5ea83a81c?s=96&d=mm&r=g\",\"caption\":\"La Gu\u00eda de Pamplona\"}}]}<\/script>\n<!-- \/ Yoast SEO plugin. -->","yoast_head_json":{"title":"Una conferencia sobre c\u00f3mo utilizar Twitter inaugura ma\u00f1ana en Civivox Jus la Rocha un ciclo sobre contenidos y opini\u00f3n en Internet","robots":{"index":"index","follow":"follow","max-snippet":"max-snippet:-1","max-image-preview":"max-image-preview:large","max-video-preview":"max-video-preview:-1"},"canonical":"https:\/\/www.laguiadepamplona.com\/actualidad\/una-conferencia-sobre-como-utilizar-twitter-inaugura-manana-en-civivox-jus-la-rocha-un-ciclo-sobre-contenidos-y-opinion-en-internet\/","og_locale":"es_ES","og_type":"article","og_title":"Una conferencia sobre c\u00f3mo utilizar Twitter inaugura ma\u00f1ana en Civivox Jus la Rocha un ciclo sobre contenidos y opini\u00f3n en Internet","og_description":"La charla comenzar\u00e1 a las siete de la tarde con entrada libre Civivox Jus la Rocha inaugura ma\u00f1ana martes un ciclo de conferencias sobre contenidos y opini\u00f3n en Internet con...","og_url":"https:\/\/www.laguiadepamplona.com\/actualidad\/una-conferencia-sobre-como-utilizar-twitter-inaugura-manana-en-civivox-jus-la-rocha-un-ciclo-sobre-contenidos-y-opinion-en-internet\/","og_site_name":"La Gu\u00eda de Pamplona","article_publisher":"https:\/\/www.facebook.com\/laguiadepamplonacom-133175176762273\/?ref=hl","article_published_time":"2014-03-31T11:59:25+00:00","author":"La Gu\u00eda de Pamplona","twitter_card":"summary_large_image","twitter_creator":"@LaGuiadPamplona","twitter_site":"@LaGuiadPamplona","twitter_misc":{"Escrito por":"La Gu\u00eda de Pamplona","Tiempo de lectura":"2 minutos"},"schema":{"@context":"https:\/\/schema.org","@graph":[{"@type":"Article","@id":"https:\/\/www.laguiadepamplona.com\/actualidad\/una-conferencia-sobre-como-utilizar-twitter-inaugura-manana-en-civivox-jus-la-rocha-un-ciclo-sobre-contenidos-y-opinion-en-internet\/#article","isPartOf":{"@id":"https:\/\/www.laguiadepamplona.com\/actualidad\/una-conferencia-sobre-como-utilizar-twitter-inaugura-manana-en-civivox-jus-la-rocha-un-ciclo-sobre-contenidos-y-opinion-en-internet\/"},"author":{"name":"La Gu\u00eda de Pamplona","@id":"https:\/\/www.laguiadepamplona.com\/actualidad\/#\/schema\/person\/efe887376f0213d4657c93adc50b1fdb"},"headline":"Una conferencia sobre c\u00f3mo utilizar Twitter inaugura ma\u00f1ana en Civivox Jus la Rocha un ciclo sobre contenidos y opini\u00f3n en Internet","datePublished":"2014-03-31T11:59:25+00:00","mainEntityOfPage":{"@id":"https:\/\/www.laguiadepamplona.com\/actualidad\/una-conferencia-sobre-como-utilizar-twitter-inaugura-manana-en-civivox-jus-la-rocha-un-ciclo-sobre-contenidos-y-opinion-en-internet\/"},"wordCount":354,"commentCount":0,"publisher":{"@id":"https:\/\/www.laguiadepamplona.com\/actualidad\/#organization"},"image":{"@id":"https:\/\/www.laguiadepamplona.com\/actualidad\/una-conferencia-sobre-como-utilizar-twitter-inaugura-manana-en-civivox-jus-la-rocha-un-ciclo-sobre-contenidos-y-opinion-en-internet\/#primaryimage"},"thumbnailUrl":"","keywords":["actualidad","ayto pamplona","Civivox Jus la Rocha","conferencia","noticias","pamplona","twitter"],"articleSection":["Ayto Pamplona"],"inLanguage":"es","potentialAction":[{"@type":"CommentAction","name":"Comment","target":["https:\/\/www.laguiadepamplona.com\/actualidad\/una-conferencia-sobre-como-utilizar-twitter-inaugura-manana-en-civivox-jus-la-rocha-un-ciclo-sobre-contenidos-y-opinion-en-internet\/#respond"]}]},{"@type":"WebPage","@id":"https:\/\/www.laguiadepamplona.com\/actualidad\/una-conferencia-sobre-como-utilizar-twitter-inaugura-manana-en-civivox-jus-la-rocha-un-ciclo-sobre-contenidos-y-opinion-en-internet\/","url":"https:\/\/www.laguiadepamplona.com\/actualidad\/una-conferencia-sobre-como-utilizar-twitter-inaugura-manana-en-civivox-jus-la-rocha-un-ciclo-sobre-contenidos-y-opinion-en-internet\/","name":"Una conferencia sobre c\u00f3mo utilizar Twitter inaugura ma\u00f1ana en Civivox Jus la Rocha un ciclo sobre contenidos y opini\u00f3n en Internet","isPartOf":{"@id":"https:\/\/www.laguiadepamplona.com\/actualidad\/#website"},"primaryImageOfPage":{"@id":"https:\/\/www.laguiadepamplona.com\/actualidad\/una-conferencia-sobre-como-utilizar-twitter-inaugura-manana-en-civivox-jus-la-rocha-un-ciclo-sobre-contenidos-y-opinion-en-internet\/#primaryimage"},"image":{"@id":"https:\/\/www.laguiadepamplona.com\/actualidad\/una-conferencia-sobre-como-utilizar-twitter-inaugura-manana-en-civivox-jus-la-rocha-un-ciclo-sobre-contenidos-y-opinion-en-internet\/#primaryimage"},"thumbnailUrl":"","datePublished":"2014-03-31T11:59:25+00:00","breadcrumb":{"@id":"https:\/\/www.laguiadepamplona.com\/actualidad\/una-conferencia-sobre-como-utilizar-twitter-inaugura-manana-en-civivox-jus-la-rocha-un-ciclo-sobre-contenidos-y-opinion-en-internet\/#breadcrumb"},"inLanguage":"es","potentialAction":[{"@type":"ReadAction","target":["https:\/\/www.laguiadepamplona.com\/actualidad\/una-conferencia-sobre-como-utilizar-twitter-inaugura-manana-en-civivox-jus-la-rocha-un-ciclo-sobre-contenidos-y-opinion-en-internet\/"]}]},{"@type":"ImageObject","inLanguage":"es","@id":"https:\/\/www.laguiadepamplona.com\/actualidad\/una-conferencia-sobre-como-utilizar-twitter-inaugura-manana-en-civivox-jus-la-rocha-un-ciclo-sobre-contenidos-y-opinion-en-internet\/#primaryimage","url":"","contentUrl":""},{"@type":"BreadcrumbList","@id":"https:\/\/www.laguiadepamplona.com\/actualidad\/una-conferencia-sobre-como-utilizar-twitter-inaugura-manana-en-civivox-jus-la-rocha-un-ciclo-sobre-contenidos-y-opinion-en-internet\/#breadcrumb","itemListElement":[{"@type":"ListItem","position":1,"name":"Portada","item":"https:\/\/www.laguiadepamplona.com\/actualidad\/"},{"@type":"ListItem","position":2,"name":"Una conferencia sobre c\u00f3mo utilizar Twitter inaugura ma\u00f1ana en Civivox Jus la Rocha un ciclo sobre contenidos y opini\u00f3n en Internet"}]},{"@type":"WebSite","@id":"https:\/\/www.laguiadepamplona.com\/actualidad\/#website","url":"https:\/\/www.laguiadepamplona.com\/actualidad\/","name":"La gu\u00eda de Pamplona","description":"Noticias de Pamplona","publisher":{"@id":"https:\/\/www.laguiadepamplona.com\/actualidad\/#organization"},"potentialAction":[{"@type":"SearchAction","target":{"@type":"EntryPoint","urlTemplate":"https:\/\/www.laguiadepamplona.com\/actualidad\/?s={search_term_string}"},"query-input":{"@type":"PropertyValueSpecification","valueRequired":true,"valueName":"search_term_string"}}],"inLanguage":"es"},{"@type":"Organization","@id":"https:\/\/www.laguiadepamplona.com\/actualidad\/#organization","name":"La Gu\u00eda de Pamplona \/ Noticias","url":"https:\/\/www.laguiadepamplona.com\/actualidad\/","logo":{"@type":"ImageObject","inLanguage":"es","@id":"https:\/\/www.laguiadepamplona.com\/actualidad\/#\/schema\/logo\/image\/","url":"https:\/\/www.laguiadepamplona.com\/actualidad\/wp-content\/uploads\/2018\/11\/logo-laguiadepamplona18-web1.png","contentUrl":"https:\/\/www.laguiadepamplona.com\/actualidad\/wp-content\/uploads\/2018\/11\/logo-laguiadepamplona18-web1.png","width":600,"height":196,"caption":"La Gu\u00eda de Pamplona \/ Noticias"},"image":{"@id":"https:\/\/www.laguiadepamplona.com\/actualidad\/#\/schema\/logo\/image\/"},"sameAs":["https:\/\/www.facebook.com\/laguiadepamplonacom-133175176762273\/?ref=hl","https:\/\/x.com\/LaGuiadPamplona","https:\/\/www.instagram.com\/la_guia_de_pamplona\/","https:\/\/www.youtube.com\/user\/laguiadepamplona"]},{"@type":"Person","@id":"https:\/\/www.laguiadepamplona.com\/actualidad\/#\/schema\/person\/efe887376f0213d4657c93adc50b1fdb","name":"La Gu\u00eda de Pamplona","image":{"@type":"ImageObject","inLanguage":"es","@id":"https:\/\/secure.gravatar.com\/avatar\/b6992f131dc8d30ab0dff15446e9d346d9dbd95992de0fef795073f5ea83a81c?s=96&d=mm&r=g","url":"https:\/\/secure.gravatar.com\/avatar\/b6992f131dc8d30ab0dff15446e9d346d9dbd95992de0fef795073f5ea83a81c?s=96&d=mm&r=g","contentUrl":"https:\/\/secure.gravatar.com\/avatar\/b6992f131dc8d30ab0dff15446e9d346d9dbd95992de0fef795073f5ea83a81c?s=96&d=mm&r=g","caption":"La Gu\u00eda de Pamplona"}}]}},"post_mailing_queue_ids":[],"_links":{"self":[{"href":"https:\/\/www.laguiadepamplona.com\/actualidad\/wp-json\/wp\/v2\/posts\/986","targetHints":{"allow":["GET"]}}],"collection":[{"href":"https:\/\/www.laguiadepamplona.com\/actualidad\/wp-json\/wp\/v2\/posts"}],"about":[{"href":"https:\/\/www.laguiadepamplona.com\/actualidad\/wp-json\/wp\/v2\/types\/post"}],"author":[{"embeddable":true,"href":"https:\/\/www.laguiadepamplona.com\/actualidad\/wp-json\/wp\/v2\/users\/1"}],"replies":[{"embeddable":true,"href":"https:\/\/www.laguiadepamplona.com\/actualidad\/wp-json\/wp\/v2\/comments?post=986"}],"version-history":[{"count":0,"href":"https:\/\/www.laguiadepamplona.com\/actualidad\/wp-json\/wp\/v2\/posts\/986\/revisions"}],"wp:featuredmedia":[{"embeddable":true,"href":"https:\/\/www.laguiadepamplona.com\/actualidad\/wp-json\/"}],"wp:attachment":[{"href":"https:\/\/www.laguiadepamplona.com\/actualidad\/wp-json\/wp\/v2\/media?parent=986"}],"wp:term":[{"taxonomy":"category","embeddable":true,"href":"https:\/\/www.laguiadepamplona.com\/actualidad\/wp-json\/wp\/v2\/categories?post=986"},{"taxonomy":"post_tag","embeddable":true,"href":"https:\/\/www.laguiadepamplona.com\/actualidad\/wp-json\/wp\/v2\/tags?post=986"}],"curies":[{"name":"wp","href":"https:\/\/api.w.org\/{rel}","templated":true}]}}