{"id":963,"date":"2014-03-28T15:13:24","date_gmt":"2014-03-28T14:13:24","guid":{"rendered":"http:\/\/laguiadepamplona.es\/noticias\/?p=963"},"modified":"2014-03-28T15:13:24","modified_gmt":"2014-03-28T14:13:24","slug":"madera-color-y-nuevas-tecnologias-protagonizan-la-exposicion-que-presenta-el-artista-pamplones-eduardo-zubiria-en-el-pabellon-de-mixtos-de-ciudadela","status":"publish","type":"post","link":"https:\/\/www.laguiadepamplona.com\/actualidad\/madera-color-y-nuevas-tecnologias-protagonizan-la-exposicion-que-presenta-el-artista-pamplones-eduardo-zubiria-en-el-pabellon-de-mixtos-de-ciudadela\/","title":{"rendered":"Madera, color y nuevas tecnolog\u00edas protagonizan la exposici\u00f3n que presenta el artista pamplon\u00e9s Eduardo Zubir\u00eda en el Pabell\u00f3n de Mixtos de Ciudadela"},"content":{"rendered":"<h6>La muestra escult\u00f3rica, titulada \u2018Formas, color e industria\u2019, permanecer\u00e1 abierta al p\u00fablico hasta el d\u00eda 4 de mayo<\/h6>\n<p><a href=\"http:\/\/laguiadepamplona.es\/noticias\/wp-content\/uploads\/2014\/03\/Formas-color-e-industria.jpg\"><img loading=\"lazy\" decoding=\"async\" class=\"alignleft size-medium wp-image-964\" alt=\"Formas, color e industria\" src=\"http:\/\/laguiadepamplona.es\/noticias\/wp-content\/uploads\/2014\/03\/Formas-color-e-industria-300x111.jpg\" width=\"300\" height=\"111\" \/><\/a>Eduardo Zubir\u00eda ha presentado hoy en Ciudadela \u2018Formas, color e industria\u2019, una muestra en la que el artista pamplon\u00e9s expresa la evoluci\u00f3n de las t\u00e9cnicas de trabajo de la madera y los materiales modernos. Combinaciones de geometr\u00edas, superficies en tres dimensiones y collages de piezas de madera conforman una exposici\u00f3n en la que el pamplon\u00e9s quiere rendir homenaje a artistas como Jos\u00e9 Mar\u00eda Yturralde, Manuel Barbadillo o Elena Asins, pioneros en la utilizaci\u00f3n de computadoras en su obra.<\/p>\n<p>Las piezas que pueden verse desde hoy en la primera planta del Pabell\u00f3n de Mixtos est\u00e1n realizadas a partir de un material arcaico como la madera, pero que Zubir\u00eda transforma a trav\u00e9s de las nuevas tecnolog\u00edas hasta lograr una obra gr\u00e1fica llena de color, en la que fusiona geometr\u00eda, ilusi\u00f3n \u00f3ptica, primitivismo e industria. Seg\u00fan el autor, la obra que desarrolla \u201crepresenta el inicio del todo, proviniendo de la nada; representa el inicio del universo como una nada oscura, expandi\u00e9ndose tras una explosi\u00f3n en formas y colores que no tienen ni fin ni forma definida, transform\u00e1ndose en formas m\u00e1s cient\u00edficas, regulares y geom\u00e9tricas debido a las leyes fractelarias y algor\u00edtmicas universales de la f\u00edsica conocida\u201d.<\/p>\n<p>El cr\u00edtico Edorta Kortadi se refiere a la obra de Zubir\u00eda como piezas de \u2019esculto-pintura\u2019 que navegan entre los l\u00edmites de la artesan\u00eda y el arte, entre la construcci\u00f3n y la expresi\u00f3n art\u00edstica. Afirma Kortadi que \u201cla madera es tratada y pulida con sabidur\u00eda y destreza, las gamas de colores entrelazadas con finura y elegancia, con el resultado de bajo relieves, esculturas m\u00e1s tridimensionales, maderas entrelazadas y emparejadas de manera soberbia y paciencia infinita\u201d. El resultado, seg\u00fan Kortadi, \u201ctacto y color al mismo tiempo, gamas sobrias y elegantes cagadas de cinetismo y colorido\u201d.<\/p>\n<p>La muestra estar\u00e1 abierta al p\u00fablico hasta el pr\u00f3ximo 4 de mayo, en horario de martes a viernes de 18 a 20.30 horas, s\u00e1bados de 12 a 14 horas y de 18 a 20.30 horas, y domingos y festivos de 12 a 14 horas, aunque a partir del 1 de mayo el horario de tarde se retrasa en media hora. Todos los detalles han sido explicados esta ma\u00f1ana en rueda de prensa por el concejal delegado de Educaci\u00f3n y Cultura, Ferm\u00edn Alonso, y por el propio artista.<\/p>\n<p><strong>Del interiorismo al arte<\/strong><\/p>\n<p>Eduardo Zubir\u00eda, nacido en 1963 en Pamplona, estudi\u00f3 artes de la madera en el centro de Salesianos de la capital navarra, llevando a cabo posteriormente estudios de decoraci\u00f3n e interiorismo. Asimismo, ha realizado cursos de inform\u00e1tica de altas tecnolog\u00edas que ha aplicado al mundo de la madera y del arte, enfocando su actividad profesional al dise\u00f1o y la fabricaci\u00f3n de mobiliario y decoraci\u00f3n de interiores.<\/p>\n<p>No obstante, durante los \u00faltimos a\u00f1os su trabajo se ha centrado en la creaci\u00f3n art\u00edstica, en la que ha volcado sus conocimientos y los ha plasmado gracias a las tecnolog\u00edas actuales, investigando la aplicaci\u00f3n de nuevos materiales para el desarrollo de instalaciones a trav\u00e9s de murales art\u00edsticos. Su primera exposici\u00f3n importante fue la \u201866th Japan Independence Exhibition\u2019, una muestra itinerante en museos de Tokio, Kioto e Hiroshima en Jap\u00f3n el a\u00f1o pasado que despu\u00e9s trajo aqu\u00ed a trav\u00e9s de la galer\u00eda pamplonesa Orizuru.<\/p>\n<p>&nbsp;<\/p>\n<div>\n<p><strong>Exposici\u00f3n<\/strong><\/p>\n<\/div>\n<ul>\n<li><b>T\u00edtulo<\/b>: \u2018Formas, color e industria\u2019<\/li>\n<li><b>Autor:<\/b> Eduardo Zubir\u00eda<\/li>\n<li><b>Lugar:<\/b> Pabell\u00f3n de Mixtos de la Ciudadela (primera planta)<\/li>\n<li><b>Fechas<\/b>: del 28 de marzo al 4 de mayo, de martes a viernes de 18 a 20.30 horas, s\u00e1bados de 12 a 14 y de 18 a 20.30 horas, y domingos y festivos de 12 a 14 horas (a partir del 1 de mayo el horario de tarde se retrasa en media hora)<\/li>\n<\/ul>\n<p>&nbsp;<\/p>\n","protected":false},"excerpt":{"rendered":"<p>La muestra escult\u00f3rica, titulada \u2018Formas, color e industria\u2019, permanecer\u00e1 abierta al p\u00fablico hasta el d\u00eda 4 de mayo Eduardo Zubir\u00eda ha presentado hoy en Ciudadela \u2018Formas, color e industria\u2019, una&#8230;<\/p>\n","protected":false},"author":1,"featured_media":964,"comment_status":"closed","ping_status":"open","sticky":false,"template":"","format":"standard","meta":{"footnotes":""},"categories":[2],"tags":[5,6,614,615,616,8,617,9],"class_list":["post-963","post","type-post","status-publish","format-standard","has-post-thumbnail","hentry","category-ayuntamiento-pamplona","tag-actualidad","tag-ayto-pamplona","tag-color-e-industria","tag-eduardo-zubiria","tag-formas","tag-noticias","tag-pabellon-de-mixtos-de-ciudadela","tag-pamplona"],"yoast_head":"<!-- This site is optimized with the Yoast SEO plugin v27.5 - https:\/\/yoast.com\/product\/yoast-seo-wordpress\/ -->\n<title>Madera, color y nuevas tecnolog\u00edas protagonizan la exposici\u00f3n que presenta el artista pamplon\u00e9s Eduardo Zubir\u00eda en el Pabell\u00f3n de Mixtos de Ciudadela<\/title>\n<meta name=\"robots\" content=\"index, follow, max-snippet:-1, max-image-preview:large, max-video-preview:-1\" \/>\n<link rel=\"canonical\" href=\"https:\/\/www.laguiadepamplona.com\/actualidad\/madera-color-y-nuevas-tecnologias-protagonizan-la-exposicion-que-presenta-el-artista-pamplones-eduardo-zubiria-en-el-pabellon-de-mixtos-de-ciudadela\/\" \/>\n<meta property=\"og:locale\" content=\"es_ES\" \/>\n<meta property=\"og:type\" content=\"article\" \/>\n<meta property=\"og:title\" content=\"Madera, color y nuevas tecnolog\u00edas protagonizan la exposici\u00f3n que presenta el artista pamplon\u00e9s Eduardo Zubir\u00eda en el Pabell\u00f3n de Mixtos de Ciudadela\" \/>\n<meta property=\"og:description\" content=\"La muestra escult\u00f3rica, titulada \u2018Formas, color e industria\u2019, permanecer\u00e1 abierta al p\u00fablico hasta el d\u00eda 4 de mayo Eduardo Zubir\u00eda ha presentado hoy en Ciudadela \u2018Formas, color e industria\u2019, una...\" \/>\n<meta property=\"og:url\" content=\"https:\/\/www.laguiadepamplona.com\/actualidad\/madera-color-y-nuevas-tecnologias-protagonizan-la-exposicion-que-presenta-el-artista-pamplones-eduardo-zubiria-en-el-pabellon-de-mixtos-de-ciudadela\/\" \/>\n<meta property=\"og:site_name\" content=\"La Gu\u00eda de Pamplona\" \/>\n<meta property=\"article:publisher\" content=\"https:\/\/www.facebook.com\/laguiadepamplonacom-133175176762273\/?ref=hl\" \/>\n<meta property=\"article:published_time\" content=\"2014-03-28T14:13:24+00:00\" \/>\n<meta name=\"author\" content=\"La Gu\u00eda de Pamplona\" \/>\n<meta name=\"twitter:card\" content=\"summary_large_image\" \/>\n<meta name=\"twitter:creator\" content=\"@LaGuiadPamplona\" \/>\n<meta name=\"twitter:site\" content=\"@LaGuiadPamplona\" \/>\n<meta name=\"twitter:label1\" content=\"Escrito por\" \/>\n\t<meta name=\"twitter:data1\" content=\"La Gu\u00eda de Pamplona\" \/>\n\t<meta name=\"twitter:label2\" content=\"Tiempo de lectura\" \/>\n\t<meta name=\"twitter:data2\" content=\"3 minutos\" \/>\n<script type=\"application\/ld+json\" class=\"yoast-schema-graph\">{\"@context\":\"https:\\\/\\\/schema.org\",\"@graph\":[{\"@type\":\"Article\",\"@id\":\"https:\\\/\\\/www.laguiadepamplona.com\\\/actualidad\\\/madera-color-y-nuevas-tecnologias-protagonizan-la-exposicion-que-presenta-el-artista-pamplones-eduardo-zubiria-en-el-pabellon-de-mixtos-de-ciudadela\\\/#article\",\"isPartOf\":{\"@id\":\"https:\\\/\\\/www.laguiadepamplona.com\\\/actualidad\\\/madera-color-y-nuevas-tecnologias-protagonizan-la-exposicion-que-presenta-el-artista-pamplones-eduardo-zubiria-en-el-pabellon-de-mixtos-de-ciudadela\\\/\"},\"author\":{\"name\":\"La Gu\u00eda de Pamplona\",\"@id\":\"https:\\\/\\\/www.laguiadepamplona.com\\\/actualidad\\\/#\\\/schema\\\/person\\\/efe887376f0213d4657c93adc50b1fdb\"},\"headline\":\"Madera, color y nuevas tecnolog\u00edas protagonizan la exposici\u00f3n que presenta el artista pamplon\u00e9s Eduardo Zubir\u00eda en el Pabell\u00f3n de Mixtos de Ciudadela\",\"datePublished\":\"2014-03-28T14:13:24+00:00\",\"mainEntityOfPage\":{\"@id\":\"https:\\\/\\\/www.laguiadepamplona.com\\\/actualidad\\\/madera-color-y-nuevas-tecnologias-protagonizan-la-exposicion-que-presenta-el-artista-pamplones-eduardo-zubiria-en-el-pabellon-de-mixtos-de-ciudadela\\\/\"},\"wordCount\":690,\"publisher\":{\"@id\":\"https:\\\/\\\/www.laguiadepamplona.com\\\/actualidad\\\/#organization\"},\"image\":{\"@id\":\"https:\\\/\\\/www.laguiadepamplona.com\\\/actualidad\\\/madera-color-y-nuevas-tecnologias-protagonizan-la-exposicion-que-presenta-el-artista-pamplones-eduardo-zubiria-en-el-pabellon-de-mixtos-de-ciudadela\\\/#primaryimage\"},\"thumbnailUrl\":\"\",\"keywords\":[\"actualidad\",\"ayto pamplona\",\"color e industria\",\"Eduardo Zubir\u00eda\",\"Formas\",\"noticias\",\"Pabell\u00f3n de Mixtos de Ciudadela\",\"pamplona\"],\"articleSection\":[\"Ayto Pamplona\"],\"inLanguage\":\"es\"},{\"@type\":\"WebPage\",\"@id\":\"https:\\\/\\\/www.laguiadepamplona.com\\\/actualidad\\\/madera-color-y-nuevas-tecnologias-protagonizan-la-exposicion-que-presenta-el-artista-pamplones-eduardo-zubiria-en-el-pabellon-de-mixtos-de-ciudadela\\\/\",\"url\":\"https:\\\/\\\/www.laguiadepamplona.com\\\/actualidad\\\/madera-color-y-nuevas-tecnologias-protagonizan-la-exposicion-que-presenta-el-artista-pamplones-eduardo-zubiria-en-el-pabellon-de-mixtos-de-ciudadela\\\/\",\"name\":\"Madera, color y nuevas tecnolog\u00edas protagonizan la exposici\u00f3n que presenta el artista pamplon\u00e9s Eduardo Zubir\u00eda en el Pabell\u00f3n de Mixtos de Ciudadela\",\"isPartOf\":{\"@id\":\"https:\\\/\\\/www.laguiadepamplona.com\\\/actualidad\\\/#website\"},\"primaryImageOfPage\":{\"@id\":\"https:\\\/\\\/www.laguiadepamplona.com\\\/actualidad\\\/madera-color-y-nuevas-tecnologias-protagonizan-la-exposicion-que-presenta-el-artista-pamplones-eduardo-zubiria-en-el-pabellon-de-mixtos-de-ciudadela\\\/#primaryimage\"},\"image\":{\"@id\":\"https:\\\/\\\/www.laguiadepamplona.com\\\/actualidad\\\/madera-color-y-nuevas-tecnologias-protagonizan-la-exposicion-que-presenta-el-artista-pamplones-eduardo-zubiria-en-el-pabellon-de-mixtos-de-ciudadela\\\/#primaryimage\"},\"thumbnailUrl\":\"\",\"datePublished\":\"2014-03-28T14:13:24+00:00\",\"breadcrumb\":{\"@id\":\"https:\\\/\\\/www.laguiadepamplona.com\\\/actualidad\\\/madera-color-y-nuevas-tecnologias-protagonizan-la-exposicion-que-presenta-el-artista-pamplones-eduardo-zubiria-en-el-pabellon-de-mixtos-de-ciudadela\\\/#breadcrumb\"},\"inLanguage\":\"es\",\"potentialAction\":[{\"@type\":\"ReadAction\",\"target\":[\"https:\\\/\\\/www.laguiadepamplona.com\\\/actualidad\\\/madera-color-y-nuevas-tecnologias-protagonizan-la-exposicion-que-presenta-el-artista-pamplones-eduardo-zubiria-en-el-pabellon-de-mixtos-de-ciudadela\\\/\"]}]},{\"@type\":\"ImageObject\",\"inLanguage\":\"es\",\"@id\":\"https:\\\/\\\/www.laguiadepamplona.com\\\/actualidad\\\/madera-color-y-nuevas-tecnologias-protagonizan-la-exposicion-que-presenta-el-artista-pamplones-eduardo-zubiria-en-el-pabellon-de-mixtos-de-ciudadela\\\/#primaryimage\",\"url\":\"\",\"contentUrl\":\"\"},{\"@type\":\"BreadcrumbList\",\"@id\":\"https:\\\/\\\/www.laguiadepamplona.com\\\/actualidad\\\/madera-color-y-nuevas-tecnologias-protagonizan-la-exposicion-que-presenta-el-artista-pamplones-eduardo-zubiria-en-el-pabellon-de-mixtos-de-ciudadela\\\/#breadcrumb\",\"itemListElement\":[{\"@type\":\"ListItem\",\"position\":1,\"name\":\"Portada\",\"item\":\"https:\\\/\\\/www.laguiadepamplona.com\\\/actualidad\\\/\"},{\"@type\":\"ListItem\",\"position\":2,\"name\":\"Madera, color y nuevas tecnolog\u00edas protagonizan la exposici\u00f3n que presenta el artista pamplon\u00e9s Eduardo Zubir\u00eda en el Pabell\u00f3n de Mixtos de Ciudadela\"}]},{\"@type\":\"WebSite\",\"@id\":\"https:\\\/\\\/www.laguiadepamplona.com\\\/actualidad\\\/#website\",\"url\":\"https:\\\/\\\/www.laguiadepamplona.com\\\/actualidad\\\/\",\"name\":\"La gu\u00eda de Pamplona\",\"description\":\"Noticias de Pamplona\",\"publisher\":{\"@id\":\"https:\\\/\\\/www.laguiadepamplona.com\\\/actualidad\\\/#organization\"},\"potentialAction\":[{\"@type\":\"SearchAction\",\"target\":{\"@type\":\"EntryPoint\",\"urlTemplate\":\"https:\\\/\\\/www.laguiadepamplona.com\\\/actualidad\\\/?s={search_term_string}\"},\"query-input\":{\"@type\":\"PropertyValueSpecification\",\"valueRequired\":true,\"valueName\":\"search_term_string\"}}],\"inLanguage\":\"es\"},{\"@type\":\"Organization\",\"@id\":\"https:\\\/\\\/www.laguiadepamplona.com\\\/actualidad\\\/#organization\",\"name\":\"La Gu\u00eda de Pamplona \\\/ Noticias\",\"url\":\"https:\\\/\\\/www.laguiadepamplona.com\\\/actualidad\\\/\",\"logo\":{\"@type\":\"ImageObject\",\"inLanguage\":\"es\",\"@id\":\"https:\\\/\\\/www.laguiadepamplona.com\\\/actualidad\\\/#\\\/schema\\\/logo\\\/image\\\/\",\"url\":\"https:\\\/\\\/www.laguiadepamplona.com\\\/actualidad\\\/wp-content\\\/uploads\\\/2018\\\/11\\\/logo-laguiadepamplona18-web1.png\",\"contentUrl\":\"https:\\\/\\\/www.laguiadepamplona.com\\\/actualidad\\\/wp-content\\\/uploads\\\/2018\\\/11\\\/logo-laguiadepamplona18-web1.png\",\"width\":600,\"height\":196,\"caption\":\"La Gu\u00eda de Pamplona \\\/ Noticias\"},\"image\":{\"@id\":\"https:\\\/\\\/www.laguiadepamplona.com\\\/actualidad\\\/#\\\/schema\\\/logo\\\/image\\\/\"},\"sameAs\":[\"https:\\\/\\\/www.facebook.com\\\/laguiadepamplonacom-133175176762273\\\/?ref=hl\",\"https:\\\/\\\/x.com\\\/LaGuiadPamplona\",\"https:\\\/\\\/www.instagram.com\\\/la_guia_de_pamplona\\\/\",\"https:\\\/\\\/www.youtube.com\\\/user\\\/laguiadepamplona\"]},{\"@type\":\"Person\",\"@id\":\"https:\\\/\\\/www.laguiadepamplona.com\\\/actualidad\\\/#\\\/schema\\\/person\\\/efe887376f0213d4657c93adc50b1fdb\",\"name\":\"La Gu\u00eda de Pamplona\",\"image\":{\"@type\":\"ImageObject\",\"inLanguage\":\"es\",\"@id\":\"https:\\\/\\\/secure.gravatar.com\\\/avatar\\\/b6992f131dc8d30ab0dff15446e9d346d9dbd95992de0fef795073f5ea83a81c?s=96&d=mm&r=g\",\"url\":\"https:\\\/\\\/secure.gravatar.com\\\/avatar\\\/b6992f131dc8d30ab0dff15446e9d346d9dbd95992de0fef795073f5ea83a81c?s=96&d=mm&r=g\",\"contentUrl\":\"https:\\\/\\\/secure.gravatar.com\\\/avatar\\\/b6992f131dc8d30ab0dff15446e9d346d9dbd95992de0fef795073f5ea83a81c?s=96&d=mm&r=g\",\"caption\":\"La Gu\u00eda de Pamplona\"}}]}<\/script>\n<!-- \/ Yoast SEO plugin. -->","yoast_head_json":{"title":"Madera, color y nuevas tecnolog\u00edas protagonizan la exposici\u00f3n que presenta el artista pamplon\u00e9s Eduardo Zubir\u00eda en el Pabell\u00f3n de Mixtos de Ciudadela","robots":{"index":"index","follow":"follow","max-snippet":"max-snippet:-1","max-image-preview":"max-image-preview:large","max-video-preview":"max-video-preview:-1"},"canonical":"https:\/\/www.laguiadepamplona.com\/actualidad\/madera-color-y-nuevas-tecnologias-protagonizan-la-exposicion-que-presenta-el-artista-pamplones-eduardo-zubiria-en-el-pabellon-de-mixtos-de-ciudadela\/","og_locale":"es_ES","og_type":"article","og_title":"Madera, color y nuevas tecnolog\u00edas protagonizan la exposici\u00f3n que presenta el artista pamplon\u00e9s Eduardo Zubir\u00eda en el Pabell\u00f3n de Mixtos de Ciudadela","og_description":"La muestra escult\u00f3rica, titulada \u2018Formas, color e industria\u2019, permanecer\u00e1 abierta al p\u00fablico hasta el d\u00eda 4 de mayo Eduardo Zubir\u00eda ha presentado hoy en Ciudadela \u2018Formas, color e industria\u2019, una...","og_url":"https:\/\/www.laguiadepamplona.com\/actualidad\/madera-color-y-nuevas-tecnologias-protagonizan-la-exposicion-que-presenta-el-artista-pamplones-eduardo-zubiria-en-el-pabellon-de-mixtos-de-ciudadela\/","og_site_name":"La Gu\u00eda de Pamplona","article_publisher":"https:\/\/www.facebook.com\/laguiadepamplonacom-133175176762273\/?ref=hl","article_published_time":"2014-03-28T14:13:24+00:00","author":"La Gu\u00eda de Pamplona","twitter_card":"summary_large_image","twitter_creator":"@LaGuiadPamplona","twitter_site":"@LaGuiadPamplona","twitter_misc":{"Escrito por":"La Gu\u00eda de Pamplona","Tiempo de lectura":"3 minutos"},"schema":{"@context":"https:\/\/schema.org","@graph":[{"@type":"Article","@id":"https:\/\/www.laguiadepamplona.com\/actualidad\/madera-color-y-nuevas-tecnologias-protagonizan-la-exposicion-que-presenta-el-artista-pamplones-eduardo-zubiria-en-el-pabellon-de-mixtos-de-ciudadela\/#article","isPartOf":{"@id":"https:\/\/www.laguiadepamplona.com\/actualidad\/madera-color-y-nuevas-tecnologias-protagonizan-la-exposicion-que-presenta-el-artista-pamplones-eduardo-zubiria-en-el-pabellon-de-mixtos-de-ciudadela\/"},"author":{"name":"La Gu\u00eda de Pamplona","@id":"https:\/\/www.laguiadepamplona.com\/actualidad\/#\/schema\/person\/efe887376f0213d4657c93adc50b1fdb"},"headline":"Madera, color y nuevas tecnolog\u00edas protagonizan la exposici\u00f3n que presenta el artista pamplon\u00e9s Eduardo Zubir\u00eda en el Pabell\u00f3n de Mixtos de Ciudadela","datePublished":"2014-03-28T14:13:24+00:00","mainEntityOfPage":{"@id":"https:\/\/www.laguiadepamplona.com\/actualidad\/madera-color-y-nuevas-tecnologias-protagonizan-la-exposicion-que-presenta-el-artista-pamplones-eduardo-zubiria-en-el-pabellon-de-mixtos-de-ciudadela\/"},"wordCount":690,"publisher":{"@id":"https:\/\/www.laguiadepamplona.com\/actualidad\/#organization"},"image":{"@id":"https:\/\/www.laguiadepamplona.com\/actualidad\/madera-color-y-nuevas-tecnologias-protagonizan-la-exposicion-que-presenta-el-artista-pamplones-eduardo-zubiria-en-el-pabellon-de-mixtos-de-ciudadela\/#primaryimage"},"thumbnailUrl":"","keywords":["actualidad","ayto pamplona","color e industria","Eduardo Zubir\u00eda","Formas","noticias","Pabell\u00f3n de Mixtos de Ciudadela","pamplona"],"articleSection":["Ayto Pamplona"],"inLanguage":"es"},{"@type":"WebPage","@id":"https:\/\/www.laguiadepamplona.com\/actualidad\/madera-color-y-nuevas-tecnologias-protagonizan-la-exposicion-que-presenta-el-artista-pamplones-eduardo-zubiria-en-el-pabellon-de-mixtos-de-ciudadela\/","url":"https:\/\/www.laguiadepamplona.com\/actualidad\/madera-color-y-nuevas-tecnologias-protagonizan-la-exposicion-que-presenta-el-artista-pamplones-eduardo-zubiria-en-el-pabellon-de-mixtos-de-ciudadela\/","name":"Madera, color y nuevas tecnolog\u00edas protagonizan la exposici\u00f3n que presenta el artista pamplon\u00e9s Eduardo Zubir\u00eda en el Pabell\u00f3n de Mixtos de Ciudadela","isPartOf":{"@id":"https:\/\/www.laguiadepamplona.com\/actualidad\/#website"},"primaryImageOfPage":{"@id":"https:\/\/www.laguiadepamplona.com\/actualidad\/madera-color-y-nuevas-tecnologias-protagonizan-la-exposicion-que-presenta-el-artista-pamplones-eduardo-zubiria-en-el-pabellon-de-mixtos-de-ciudadela\/#primaryimage"},"image":{"@id":"https:\/\/www.laguiadepamplona.com\/actualidad\/madera-color-y-nuevas-tecnologias-protagonizan-la-exposicion-que-presenta-el-artista-pamplones-eduardo-zubiria-en-el-pabellon-de-mixtos-de-ciudadela\/#primaryimage"},"thumbnailUrl":"","datePublished":"2014-03-28T14:13:24+00:00","breadcrumb":{"@id":"https:\/\/www.laguiadepamplona.com\/actualidad\/madera-color-y-nuevas-tecnologias-protagonizan-la-exposicion-que-presenta-el-artista-pamplones-eduardo-zubiria-en-el-pabellon-de-mixtos-de-ciudadela\/#breadcrumb"},"inLanguage":"es","potentialAction":[{"@type":"ReadAction","target":["https:\/\/www.laguiadepamplona.com\/actualidad\/madera-color-y-nuevas-tecnologias-protagonizan-la-exposicion-que-presenta-el-artista-pamplones-eduardo-zubiria-en-el-pabellon-de-mixtos-de-ciudadela\/"]}]},{"@type":"ImageObject","inLanguage":"es","@id":"https:\/\/www.laguiadepamplona.com\/actualidad\/madera-color-y-nuevas-tecnologias-protagonizan-la-exposicion-que-presenta-el-artista-pamplones-eduardo-zubiria-en-el-pabellon-de-mixtos-de-ciudadela\/#primaryimage","url":"","contentUrl":""},{"@type":"BreadcrumbList","@id":"https:\/\/www.laguiadepamplona.com\/actualidad\/madera-color-y-nuevas-tecnologias-protagonizan-la-exposicion-que-presenta-el-artista-pamplones-eduardo-zubiria-en-el-pabellon-de-mixtos-de-ciudadela\/#breadcrumb","itemListElement":[{"@type":"ListItem","position":1,"name":"Portada","item":"https:\/\/www.laguiadepamplona.com\/actualidad\/"},{"@type":"ListItem","position":2,"name":"Madera, color y nuevas tecnolog\u00edas protagonizan la exposici\u00f3n que presenta el artista pamplon\u00e9s Eduardo Zubir\u00eda en el Pabell\u00f3n de Mixtos de Ciudadela"}]},{"@type":"WebSite","@id":"https:\/\/www.laguiadepamplona.com\/actualidad\/#website","url":"https:\/\/www.laguiadepamplona.com\/actualidad\/","name":"La gu\u00eda de Pamplona","description":"Noticias de Pamplona","publisher":{"@id":"https:\/\/www.laguiadepamplona.com\/actualidad\/#organization"},"potentialAction":[{"@type":"SearchAction","target":{"@type":"EntryPoint","urlTemplate":"https:\/\/www.laguiadepamplona.com\/actualidad\/?s={search_term_string}"},"query-input":{"@type":"PropertyValueSpecification","valueRequired":true,"valueName":"search_term_string"}}],"inLanguage":"es"},{"@type":"Organization","@id":"https:\/\/www.laguiadepamplona.com\/actualidad\/#organization","name":"La Gu\u00eda de Pamplona \/ Noticias","url":"https:\/\/www.laguiadepamplona.com\/actualidad\/","logo":{"@type":"ImageObject","inLanguage":"es","@id":"https:\/\/www.laguiadepamplona.com\/actualidad\/#\/schema\/logo\/image\/","url":"https:\/\/www.laguiadepamplona.com\/actualidad\/wp-content\/uploads\/2018\/11\/logo-laguiadepamplona18-web1.png","contentUrl":"https:\/\/www.laguiadepamplona.com\/actualidad\/wp-content\/uploads\/2018\/11\/logo-laguiadepamplona18-web1.png","width":600,"height":196,"caption":"La Gu\u00eda de Pamplona \/ Noticias"},"image":{"@id":"https:\/\/www.laguiadepamplona.com\/actualidad\/#\/schema\/logo\/image\/"},"sameAs":["https:\/\/www.facebook.com\/laguiadepamplonacom-133175176762273\/?ref=hl","https:\/\/x.com\/LaGuiadPamplona","https:\/\/www.instagram.com\/la_guia_de_pamplona\/","https:\/\/www.youtube.com\/user\/laguiadepamplona"]},{"@type":"Person","@id":"https:\/\/www.laguiadepamplona.com\/actualidad\/#\/schema\/person\/efe887376f0213d4657c93adc50b1fdb","name":"La Gu\u00eda de Pamplona","image":{"@type":"ImageObject","inLanguage":"es","@id":"https:\/\/secure.gravatar.com\/avatar\/b6992f131dc8d30ab0dff15446e9d346d9dbd95992de0fef795073f5ea83a81c?s=96&d=mm&r=g","url":"https:\/\/secure.gravatar.com\/avatar\/b6992f131dc8d30ab0dff15446e9d346d9dbd95992de0fef795073f5ea83a81c?s=96&d=mm&r=g","contentUrl":"https:\/\/secure.gravatar.com\/avatar\/b6992f131dc8d30ab0dff15446e9d346d9dbd95992de0fef795073f5ea83a81c?s=96&d=mm&r=g","caption":"La Gu\u00eda de Pamplona"}}]}},"post_mailing_queue_ids":[],"_links":{"self":[{"href":"https:\/\/www.laguiadepamplona.com\/actualidad\/wp-json\/wp\/v2\/posts\/963","targetHints":{"allow":["GET"]}}],"collection":[{"href":"https:\/\/www.laguiadepamplona.com\/actualidad\/wp-json\/wp\/v2\/posts"}],"about":[{"href":"https:\/\/www.laguiadepamplona.com\/actualidad\/wp-json\/wp\/v2\/types\/post"}],"author":[{"embeddable":true,"href":"https:\/\/www.laguiadepamplona.com\/actualidad\/wp-json\/wp\/v2\/users\/1"}],"replies":[{"embeddable":true,"href":"https:\/\/www.laguiadepamplona.com\/actualidad\/wp-json\/wp\/v2\/comments?post=963"}],"version-history":[{"count":0,"href":"https:\/\/www.laguiadepamplona.com\/actualidad\/wp-json\/wp\/v2\/posts\/963\/revisions"}],"wp:featuredmedia":[{"embeddable":true,"href":"https:\/\/www.laguiadepamplona.com\/actualidad\/wp-json\/"}],"wp:attachment":[{"href":"https:\/\/www.laguiadepamplona.com\/actualidad\/wp-json\/wp\/v2\/media?parent=963"}],"wp:term":[{"taxonomy":"category","embeddable":true,"href":"https:\/\/www.laguiadepamplona.com\/actualidad\/wp-json\/wp\/v2\/categories?post=963"},{"taxonomy":"post_tag","embeddable":true,"href":"https:\/\/www.laguiadepamplona.com\/actualidad\/wp-json\/wp\/v2\/tags?post=963"}],"curies":[{"name":"wp","href":"https:\/\/api.w.org\/{rel}","templated":true}]}}