{"id":940,"date":"2014-03-27T13:04:49","date_gmt":"2014-03-27T12:04:49","guid":{"rendered":"http:\/\/laguiadepamplona.es\/noticias\/?p=940"},"modified":"2014-03-27T13:04:49","modified_gmt":"2014-03-27T12:04:49","slug":"c-cial-la-morea-renueva-el-convenio-de-colaboracion-con-fundacion-osasuna","status":"publish","type":"post","link":"https:\/\/www.laguiadepamplona.com\/actualidad\/c-cial-la-morea-renueva-el-convenio-de-colaboracion-con-fundacion-osasuna\/","title":{"rendered":"C.CIAL LA MOREA RENUEVA EL CONVENIO DE COLABORACI\u00d3N CON FUNDACI\u00d3N OSASUNA"},"content":{"rendered":"<p style=\"text-align: left;\" align=\"center\"><a href=\"http:\/\/laguiadepamplona.es\/noticias\/wp-content\/uploads\/2014\/03\/La-Morea.jpg\"><img loading=\"lazy\" decoding=\"async\" class=\"alignleft size-medium wp-image-941\" alt=\"La Morea\" src=\"http:\/\/laguiadepamplona.es\/noticias\/wp-content\/uploads\/2014\/03\/La-Morea-300x200.jpg\" width=\"300\" height=\"200\" \/><\/a>El C.Cial. y de Ocio La Morea (<a href=\"http:\/\/www.lamorea.com\/\" target=\"_blank\">www.lamorea.com<\/a>) continuar\u00e1 colaborando con los proyectos deportivos y sociales de Fundaci\u00f3n Osasuna. Recientemente ha tenido lugar la firma del convenio de colaboraci\u00f3n por el cual la empresa seguir\u00e1 patrocinando las iniciativas de la entidad rojilla: Club Osasuntxiki, concurso de dibujo, de postales de Navidad, 3&#215;3 f\u00fatbol plaza y los campus de f\u00fatbol.<\/p>\n<p>En el acto de firma estuvieron presentes el Presidente del CA Osasuna Miguel Archanco y el director de marketing de La Morea, Carlos Esparza.<\/p>\n<p><span style=\"font-family: Calibri; font-size: small;\">\u00a0<\/span><\/p>\n","protected":false},"excerpt":{"rendered":"<p>El C.Cial. y de Ocio La Morea (www.lamorea.com) continuar\u00e1 colaborando con los proyectos deportivos y sociales de Fundaci\u00f3n Osasuna. Recientemente ha tenido lugar la firma del convenio de colaboraci\u00f3n por&#8230;<\/p>\n","protected":false},"author":1,"featured_media":941,"comment_status":"open","ping_status":"open","sticky":false,"template":"","format":"standard","meta":{"footnotes":""},"categories":[3],"tags":[5,598,599,14,8,15,9],"class_list":["post-940","post","type-post","status-publish","format-standard","has-post-thumbnail","hentry","category-fundacion-osasuna","tag-actualidad","tag-centro-comercial-la-morea","tag-colaboracion","tag-fundacion-osasuna-2","tag-noticias","tag-osasuna","tag-pamplona"],"yoast_head":"<!-- This site is optimized with the Yoast SEO plugin v27.5 - https:\/\/yoast.com\/product\/yoast-seo-wordpress\/ -->\n<title>C.CIAL LA MOREA RENUEVA EL CONVENIO DE COLABORACI\u00d3N CON FUNDACI\u00d3N OSASUNA<\/title>\n<meta name=\"robots\" content=\"index, follow, max-snippet:-1, max-image-preview:large, max-video-preview:-1\" \/>\n<link rel=\"canonical\" href=\"https:\/\/www.laguiadepamplona.com\/actualidad\/c-cial-la-morea-renueva-el-convenio-de-colaboracion-con-fundacion-osasuna\/\" \/>\n<meta property=\"og:locale\" content=\"es_ES\" \/>\n<meta property=\"og:type\" content=\"article\" \/>\n<meta property=\"og:title\" content=\"C.CIAL LA MOREA RENUEVA EL CONVENIO DE COLABORACI\u00d3N CON FUNDACI\u00d3N OSASUNA\" \/>\n<meta property=\"og:description\" content=\"El C.Cial. y de Ocio La Morea (www.lamorea.com) continuar\u00e1 colaborando con los proyectos deportivos y sociales de Fundaci\u00f3n Osasuna. Recientemente ha tenido lugar la firma del convenio de colaboraci\u00f3n por...\" \/>\n<meta property=\"og:url\" content=\"https:\/\/www.laguiadepamplona.com\/actualidad\/c-cial-la-morea-renueva-el-convenio-de-colaboracion-con-fundacion-osasuna\/\" \/>\n<meta property=\"og:site_name\" content=\"La Gu\u00eda de Pamplona\" \/>\n<meta property=\"article:publisher\" content=\"https:\/\/www.facebook.com\/laguiadepamplonacom-133175176762273\/?ref=hl\" \/>\n<meta property=\"article:published_time\" content=\"2014-03-27T12:04:49+00:00\" \/>\n<meta name=\"author\" content=\"La Gu\u00eda de Pamplona\" \/>\n<meta name=\"twitter:card\" content=\"summary_large_image\" \/>\n<meta name=\"twitter:creator\" content=\"@LaGuiadPamplona\" \/>\n<meta name=\"twitter:site\" content=\"@LaGuiadPamplona\" \/>\n<meta name=\"twitter:label1\" content=\"Escrito por\" \/>\n\t<meta name=\"twitter:data1\" content=\"La Gu\u00eda de Pamplona\" \/>\n<script type=\"application\/ld+json\" class=\"yoast-schema-graph\">{\"@context\":\"https:\\\/\\\/schema.org\",\"@graph\":[{\"@type\":\"Article\",\"@id\":\"https:\\\/\\\/www.laguiadepamplona.com\\\/actualidad\\\/c-cial-la-morea-renueva-el-convenio-de-colaboracion-con-fundacion-osasuna\\\/#article\",\"isPartOf\":{\"@id\":\"https:\\\/\\\/www.laguiadepamplona.com\\\/actualidad\\\/c-cial-la-morea-renueva-el-convenio-de-colaboracion-con-fundacion-osasuna\\\/\"},\"author\":{\"name\":\"La Gu\u00eda de Pamplona\",\"@id\":\"https:\\\/\\\/www.laguiadepamplona.com\\\/actualidad\\\/#\\\/schema\\\/person\\\/efe887376f0213d4657c93adc50b1fdb\"},\"headline\":\"C.CIAL LA MOREA RENUEVA EL CONVENIO DE COLABORACI\u00d3N CON FUNDACI\u00d3N OSASUNA\",\"datePublished\":\"2014-03-27T12:04:49+00:00\",\"mainEntityOfPage\":{\"@id\":\"https:\\\/\\\/www.laguiadepamplona.com\\\/actualidad\\\/c-cial-la-morea-renueva-el-convenio-de-colaboracion-con-fundacion-osasuna\\\/\"},\"wordCount\":104,\"commentCount\":0,\"publisher\":{\"@id\":\"https:\\\/\\\/www.laguiadepamplona.com\\\/actualidad\\\/#organization\"},\"image\":{\"@id\":\"https:\\\/\\\/www.laguiadepamplona.com\\\/actualidad\\\/c-cial-la-morea-renueva-el-convenio-de-colaboracion-con-fundacion-osasuna\\\/#primaryimage\"},\"thumbnailUrl\":\"\",\"keywords\":[\"actualidad\",\"centro comercial la morea\",\"colaboraci\u00f3n\",\"fundaci\u00f3n osasuna\",\"noticias\",\"osasuna\",\"pamplona\"],\"articleSection\":[\"Fundaci\u00f3n Osasuna\"],\"inLanguage\":\"es\",\"potentialAction\":[{\"@type\":\"CommentAction\",\"name\":\"Comment\",\"target\":[\"https:\\\/\\\/www.laguiadepamplona.com\\\/actualidad\\\/c-cial-la-morea-renueva-el-convenio-de-colaboracion-con-fundacion-osasuna\\\/#respond\"]}]},{\"@type\":\"WebPage\",\"@id\":\"https:\\\/\\\/www.laguiadepamplona.com\\\/actualidad\\\/c-cial-la-morea-renueva-el-convenio-de-colaboracion-con-fundacion-osasuna\\\/\",\"url\":\"https:\\\/\\\/www.laguiadepamplona.com\\\/actualidad\\\/c-cial-la-morea-renueva-el-convenio-de-colaboracion-con-fundacion-osasuna\\\/\",\"name\":\"C.CIAL LA MOREA RENUEVA EL CONVENIO DE COLABORACI\u00d3N CON FUNDACI\u00d3N OSASUNA\",\"isPartOf\":{\"@id\":\"https:\\\/\\\/www.laguiadepamplona.com\\\/actualidad\\\/#website\"},\"primaryImageOfPage\":{\"@id\":\"https:\\\/\\\/www.laguiadepamplona.com\\\/actualidad\\\/c-cial-la-morea-renueva-el-convenio-de-colaboracion-con-fundacion-osasuna\\\/#primaryimage\"},\"image\":{\"@id\":\"https:\\\/\\\/www.laguiadepamplona.com\\\/actualidad\\\/c-cial-la-morea-renueva-el-convenio-de-colaboracion-con-fundacion-osasuna\\\/#primaryimage\"},\"thumbnailUrl\":\"\",\"datePublished\":\"2014-03-27T12:04:49+00:00\",\"breadcrumb\":{\"@id\":\"https:\\\/\\\/www.laguiadepamplona.com\\\/actualidad\\\/c-cial-la-morea-renueva-el-convenio-de-colaboracion-con-fundacion-osasuna\\\/#breadcrumb\"},\"inLanguage\":\"es\",\"potentialAction\":[{\"@type\":\"ReadAction\",\"target\":[\"https:\\\/\\\/www.laguiadepamplona.com\\\/actualidad\\\/c-cial-la-morea-renueva-el-convenio-de-colaboracion-con-fundacion-osasuna\\\/\"]}]},{\"@type\":\"ImageObject\",\"inLanguage\":\"es\",\"@id\":\"https:\\\/\\\/www.laguiadepamplona.com\\\/actualidad\\\/c-cial-la-morea-renueva-el-convenio-de-colaboracion-con-fundacion-osasuna\\\/#primaryimage\",\"url\":\"\",\"contentUrl\":\"\"},{\"@type\":\"BreadcrumbList\",\"@id\":\"https:\\\/\\\/www.laguiadepamplona.com\\\/actualidad\\\/c-cial-la-morea-renueva-el-convenio-de-colaboracion-con-fundacion-osasuna\\\/#breadcrumb\",\"itemListElement\":[{\"@type\":\"ListItem\",\"position\":1,\"name\":\"Portada\",\"item\":\"https:\\\/\\\/www.laguiadepamplona.com\\\/actualidad\\\/\"},{\"@type\":\"ListItem\",\"position\":2,\"name\":\"C.CIAL LA MOREA RENUEVA EL CONVENIO DE COLABORACI\u00d3N CON FUNDACI\u00d3N OSASUNA\"}]},{\"@type\":\"WebSite\",\"@id\":\"https:\\\/\\\/www.laguiadepamplona.com\\\/actualidad\\\/#website\",\"url\":\"https:\\\/\\\/www.laguiadepamplona.com\\\/actualidad\\\/\",\"name\":\"La gu\u00eda de Pamplona\",\"description\":\"Noticias de Pamplona\",\"publisher\":{\"@id\":\"https:\\\/\\\/www.laguiadepamplona.com\\\/actualidad\\\/#organization\"},\"potentialAction\":[{\"@type\":\"SearchAction\",\"target\":{\"@type\":\"EntryPoint\",\"urlTemplate\":\"https:\\\/\\\/www.laguiadepamplona.com\\\/actualidad\\\/?s={search_term_string}\"},\"query-input\":{\"@type\":\"PropertyValueSpecification\",\"valueRequired\":true,\"valueName\":\"search_term_string\"}}],\"inLanguage\":\"es\"},{\"@type\":\"Organization\",\"@id\":\"https:\\\/\\\/www.laguiadepamplona.com\\\/actualidad\\\/#organization\",\"name\":\"La Gu\u00eda de Pamplona \\\/ Noticias\",\"url\":\"https:\\\/\\\/www.laguiadepamplona.com\\\/actualidad\\\/\",\"logo\":{\"@type\":\"ImageObject\",\"inLanguage\":\"es\",\"@id\":\"https:\\\/\\\/www.laguiadepamplona.com\\\/actualidad\\\/#\\\/schema\\\/logo\\\/image\\\/\",\"url\":\"https:\\\/\\\/www.laguiadepamplona.com\\\/actualidad\\\/wp-content\\\/uploads\\\/2018\\\/11\\\/logo-laguiadepamplona18-web1.png\",\"contentUrl\":\"https:\\\/\\\/www.laguiadepamplona.com\\\/actualidad\\\/wp-content\\\/uploads\\\/2018\\\/11\\\/logo-laguiadepamplona18-web1.png\",\"width\":600,\"height\":196,\"caption\":\"La Gu\u00eda de Pamplona \\\/ Noticias\"},\"image\":{\"@id\":\"https:\\\/\\\/www.laguiadepamplona.com\\\/actualidad\\\/#\\\/schema\\\/logo\\\/image\\\/\"},\"sameAs\":[\"https:\\\/\\\/www.facebook.com\\\/laguiadepamplonacom-133175176762273\\\/?ref=hl\",\"https:\\\/\\\/x.com\\\/LaGuiadPamplona\",\"https:\\\/\\\/www.instagram.com\\\/la_guia_de_pamplona\\\/\",\"https:\\\/\\\/www.youtube.com\\\/user\\\/laguiadepamplona\"]},{\"@type\":\"Person\",\"@id\":\"https:\\\/\\\/www.laguiadepamplona.com\\\/actualidad\\\/#\\\/schema\\\/person\\\/efe887376f0213d4657c93adc50b1fdb\",\"name\":\"La Gu\u00eda de Pamplona\",\"image\":{\"@type\":\"ImageObject\",\"inLanguage\":\"es\",\"@id\":\"https:\\\/\\\/secure.gravatar.com\\\/avatar\\\/b6992f131dc8d30ab0dff15446e9d346d9dbd95992de0fef795073f5ea83a81c?s=96&d=mm&r=g\",\"url\":\"https:\\\/\\\/secure.gravatar.com\\\/avatar\\\/b6992f131dc8d30ab0dff15446e9d346d9dbd95992de0fef795073f5ea83a81c?s=96&d=mm&r=g\",\"contentUrl\":\"https:\\\/\\\/secure.gravatar.com\\\/avatar\\\/b6992f131dc8d30ab0dff15446e9d346d9dbd95992de0fef795073f5ea83a81c?s=96&d=mm&r=g\",\"caption\":\"La Gu\u00eda de Pamplona\"}}]}<\/script>\n<!-- \/ Yoast SEO plugin. -->","yoast_head_json":{"title":"C.CIAL LA MOREA RENUEVA EL CONVENIO DE COLABORACI\u00d3N CON FUNDACI\u00d3N OSASUNA","robots":{"index":"index","follow":"follow","max-snippet":"max-snippet:-1","max-image-preview":"max-image-preview:large","max-video-preview":"max-video-preview:-1"},"canonical":"https:\/\/www.laguiadepamplona.com\/actualidad\/c-cial-la-morea-renueva-el-convenio-de-colaboracion-con-fundacion-osasuna\/","og_locale":"es_ES","og_type":"article","og_title":"C.CIAL LA MOREA RENUEVA EL CONVENIO DE COLABORACI\u00d3N CON FUNDACI\u00d3N OSASUNA","og_description":"El C.Cial. y de Ocio La Morea (www.lamorea.com) continuar\u00e1 colaborando con los proyectos deportivos y sociales de Fundaci\u00f3n Osasuna. Recientemente ha tenido lugar la firma del convenio de colaboraci\u00f3n por...","og_url":"https:\/\/www.laguiadepamplona.com\/actualidad\/c-cial-la-morea-renueva-el-convenio-de-colaboracion-con-fundacion-osasuna\/","og_site_name":"La Gu\u00eda de Pamplona","article_publisher":"https:\/\/www.facebook.com\/laguiadepamplonacom-133175176762273\/?ref=hl","article_published_time":"2014-03-27T12:04:49+00:00","author":"La Gu\u00eda de Pamplona","twitter_card":"summary_large_image","twitter_creator":"@LaGuiadPamplona","twitter_site":"@LaGuiadPamplona","twitter_misc":{"Escrito por":"La Gu\u00eda de Pamplona"},"schema":{"@context":"https:\/\/schema.org","@graph":[{"@type":"Article","@id":"https:\/\/www.laguiadepamplona.com\/actualidad\/c-cial-la-morea-renueva-el-convenio-de-colaboracion-con-fundacion-osasuna\/#article","isPartOf":{"@id":"https:\/\/www.laguiadepamplona.com\/actualidad\/c-cial-la-morea-renueva-el-convenio-de-colaboracion-con-fundacion-osasuna\/"},"author":{"name":"La Gu\u00eda de Pamplona","@id":"https:\/\/www.laguiadepamplona.com\/actualidad\/#\/schema\/person\/efe887376f0213d4657c93adc50b1fdb"},"headline":"C.CIAL LA MOREA RENUEVA EL CONVENIO DE COLABORACI\u00d3N CON FUNDACI\u00d3N OSASUNA","datePublished":"2014-03-27T12:04:49+00:00","mainEntityOfPage":{"@id":"https:\/\/www.laguiadepamplona.com\/actualidad\/c-cial-la-morea-renueva-el-convenio-de-colaboracion-con-fundacion-osasuna\/"},"wordCount":104,"commentCount":0,"publisher":{"@id":"https:\/\/www.laguiadepamplona.com\/actualidad\/#organization"},"image":{"@id":"https:\/\/www.laguiadepamplona.com\/actualidad\/c-cial-la-morea-renueva-el-convenio-de-colaboracion-con-fundacion-osasuna\/#primaryimage"},"thumbnailUrl":"","keywords":["actualidad","centro comercial la morea","colaboraci\u00f3n","fundaci\u00f3n osasuna","noticias","osasuna","pamplona"],"articleSection":["Fundaci\u00f3n Osasuna"],"inLanguage":"es","potentialAction":[{"@type":"CommentAction","name":"Comment","target":["https:\/\/www.laguiadepamplona.com\/actualidad\/c-cial-la-morea-renueva-el-convenio-de-colaboracion-con-fundacion-osasuna\/#respond"]}]},{"@type":"WebPage","@id":"https:\/\/www.laguiadepamplona.com\/actualidad\/c-cial-la-morea-renueva-el-convenio-de-colaboracion-con-fundacion-osasuna\/","url":"https:\/\/www.laguiadepamplona.com\/actualidad\/c-cial-la-morea-renueva-el-convenio-de-colaboracion-con-fundacion-osasuna\/","name":"C.CIAL LA MOREA RENUEVA EL CONVENIO DE COLABORACI\u00d3N CON FUNDACI\u00d3N OSASUNA","isPartOf":{"@id":"https:\/\/www.laguiadepamplona.com\/actualidad\/#website"},"primaryImageOfPage":{"@id":"https:\/\/www.laguiadepamplona.com\/actualidad\/c-cial-la-morea-renueva-el-convenio-de-colaboracion-con-fundacion-osasuna\/#primaryimage"},"image":{"@id":"https:\/\/www.laguiadepamplona.com\/actualidad\/c-cial-la-morea-renueva-el-convenio-de-colaboracion-con-fundacion-osasuna\/#primaryimage"},"thumbnailUrl":"","datePublished":"2014-03-27T12:04:49+00:00","breadcrumb":{"@id":"https:\/\/www.laguiadepamplona.com\/actualidad\/c-cial-la-morea-renueva-el-convenio-de-colaboracion-con-fundacion-osasuna\/#breadcrumb"},"inLanguage":"es","potentialAction":[{"@type":"ReadAction","target":["https:\/\/www.laguiadepamplona.com\/actualidad\/c-cial-la-morea-renueva-el-convenio-de-colaboracion-con-fundacion-osasuna\/"]}]},{"@type":"ImageObject","inLanguage":"es","@id":"https:\/\/www.laguiadepamplona.com\/actualidad\/c-cial-la-morea-renueva-el-convenio-de-colaboracion-con-fundacion-osasuna\/#primaryimage","url":"","contentUrl":""},{"@type":"BreadcrumbList","@id":"https:\/\/www.laguiadepamplona.com\/actualidad\/c-cial-la-morea-renueva-el-convenio-de-colaboracion-con-fundacion-osasuna\/#breadcrumb","itemListElement":[{"@type":"ListItem","position":1,"name":"Portada","item":"https:\/\/www.laguiadepamplona.com\/actualidad\/"},{"@type":"ListItem","position":2,"name":"C.CIAL LA MOREA RENUEVA EL CONVENIO DE COLABORACI\u00d3N CON FUNDACI\u00d3N OSASUNA"}]},{"@type":"WebSite","@id":"https:\/\/www.laguiadepamplona.com\/actualidad\/#website","url":"https:\/\/www.laguiadepamplona.com\/actualidad\/","name":"La gu\u00eda de Pamplona","description":"Noticias de Pamplona","publisher":{"@id":"https:\/\/www.laguiadepamplona.com\/actualidad\/#organization"},"potentialAction":[{"@type":"SearchAction","target":{"@type":"EntryPoint","urlTemplate":"https:\/\/www.laguiadepamplona.com\/actualidad\/?s={search_term_string}"},"query-input":{"@type":"PropertyValueSpecification","valueRequired":true,"valueName":"search_term_string"}}],"inLanguage":"es"},{"@type":"Organization","@id":"https:\/\/www.laguiadepamplona.com\/actualidad\/#organization","name":"La Gu\u00eda de Pamplona \/ Noticias","url":"https:\/\/www.laguiadepamplona.com\/actualidad\/","logo":{"@type":"ImageObject","inLanguage":"es","@id":"https:\/\/www.laguiadepamplona.com\/actualidad\/#\/schema\/logo\/image\/","url":"https:\/\/www.laguiadepamplona.com\/actualidad\/wp-content\/uploads\/2018\/11\/logo-laguiadepamplona18-web1.png","contentUrl":"https:\/\/www.laguiadepamplona.com\/actualidad\/wp-content\/uploads\/2018\/11\/logo-laguiadepamplona18-web1.png","width":600,"height":196,"caption":"La Gu\u00eda de Pamplona \/ Noticias"},"image":{"@id":"https:\/\/www.laguiadepamplona.com\/actualidad\/#\/schema\/logo\/image\/"},"sameAs":["https:\/\/www.facebook.com\/laguiadepamplonacom-133175176762273\/?ref=hl","https:\/\/x.com\/LaGuiadPamplona","https:\/\/www.instagram.com\/la_guia_de_pamplona\/","https:\/\/www.youtube.com\/user\/laguiadepamplona"]},{"@type":"Person","@id":"https:\/\/www.laguiadepamplona.com\/actualidad\/#\/schema\/person\/efe887376f0213d4657c93adc50b1fdb","name":"La Gu\u00eda de Pamplona","image":{"@type":"ImageObject","inLanguage":"es","@id":"https:\/\/secure.gravatar.com\/avatar\/b6992f131dc8d30ab0dff15446e9d346d9dbd95992de0fef795073f5ea83a81c?s=96&d=mm&r=g","url":"https:\/\/secure.gravatar.com\/avatar\/b6992f131dc8d30ab0dff15446e9d346d9dbd95992de0fef795073f5ea83a81c?s=96&d=mm&r=g","contentUrl":"https:\/\/secure.gravatar.com\/avatar\/b6992f131dc8d30ab0dff15446e9d346d9dbd95992de0fef795073f5ea83a81c?s=96&d=mm&r=g","caption":"La Gu\u00eda de Pamplona"}}]}},"post_mailing_queue_ids":[],"_links":{"self":[{"href":"https:\/\/www.laguiadepamplona.com\/actualidad\/wp-json\/wp\/v2\/posts\/940","targetHints":{"allow":["GET"]}}],"collection":[{"href":"https:\/\/www.laguiadepamplona.com\/actualidad\/wp-json\/wp\/v2\/posts"}],"about":[{"href":"https:\/\/www.laguiadepamplona.com\/actualidad\/wp-json\/wp\/v2\/types\/post"}],"author":[{"embeddable":true,"href":"https:\/\/www.laguiadepamplona.com\/actualidad\/wp-json\/wp\/v2\/users\/1"}],"replies":[{"embeddable":true,"href":"https:\/\/www.laguiadepamplona.com\/actualidad\/wp-json\/wp\/v2\/comments?post=940"}],"version-history":[{"count":0,"href":"https:\/\/www.laguiadepamplona.com\/actualidad\/wp-json\/wp\/v2\/posts\/940\/revisions"}],"wp:featuredmedia":[{"embeddable":true,"href":"https:\/\/www.laguiadepamplona.com\/actualidad\/wp-json\/"}],"wp:attachment":[{"href":"https:\/\/www.laguiadepamplona.com\/actualidad\/wp-json\/wp\/v2\/media?parent=940"}],"wp:term":[{"taxonomy":"category","embeddable":true,"href":"https:\/\/www.laguiadepamplona.com\/actualidad\/wp-json\/wp\/v2\/categories?post=940"},{"taxonomy":"post_tag","embeddable":true,"href":"https:\/\/www.laguiadepamplona.com\/actualidad\/wp-json\/wp\/v2\/tags?post=940"}],"curies":[{"name":"wp","href":"https:\/\/api.w.org\/{rel}","templated":true}]}}