{"id":9167,"date":"2016-03-14T16:59:16","date_gmt":"2016-03-14T14:59:16","guid":{"rendered":"http:\/\/laguiadepamplona.com\/actualidad\/?p=9167"},"modified":"2016-03-14T16:59:16","modified_gmt":"2016-03-14T14:59:16","slug":"el-ayuntamiento-de-pamplona-exige-la-apertura-de-fronteras-a-los-refugiados-el-envio-de-ayuda-humanitaria-a-idomeni-y-rechaza-el-acuerdo-de-la-ue-con-turquia","status":"publish","type":"post","link":"https:\/\/www.laguiadepamplona.com\/actualidad\/el-ayuntamiento-de-pamplona-exige-la-apertura-de-fronteras-a-los-refugiados-el-envio-de-ayuda-humanitaria-a-idomeni-y-rechaza-el-acuerdo-de-la-ue-con-turquia\/","title":{"rendered":"El Ayuntamiento de Pamplona exige la apertura de fronteras a los refugiados, el env\u00edo de ayuda humanitaria a Idomeni y rechaza el acuerdo de la UE con Turqu\u00eda"},"content":{"rendered":"<h4>La comisi\u00f3n de Asuntos Ciudadanos aprueba una declaraci\u00f3n en la que reclama el cumplimiento del cupo de \u201cal menos\u201d 300 refugiados en Navarra<\/h4>\n<p><img loading=\"lazy\" decoding=\"async\" class=\"alignleft size-medium wp-image-2063\" src=\"http:\/\/laguiadepamplona.com\/actualidad\/wp-content\/uploads\/2014\/06\/Ayto_Pamplona-300x225.jpg\" alt=\"Ayto_Pamplona\" width=\"300\" height=\"225\" \/>El Ayuntamiento de Pamplona ha aprobado hoy en la comisi\u00f3n de Asuntos Ciudadanos una declaraci\u00f3n para exigir a la Comisi\u00f3n europea y a los estados UE, incluyendo a Espa\u00f1a, el env\u00edo inmediato de ayuda humanitaria a Idomeni, el espacio entre Grecia y Macedonia en el que han quedado atrapados miles de refugiados por el cierre de las fronteras.<\/p>\n<p>Asimismo en la declaraci\u00f3n el Consistorio exige la inmediata apertura de \u00e9sta frontera y del resto de l\u00edneas divisorias internas de la UE, estableciendo v\u00edas de acceso seguras para las personas que est\u00e1n tratando de llegar a Europa. Paralelamente, la declaraci\u00f3n reclama que no se expulse a aquellos refugiados que se encuentren ya en el continente y hayan llegado por v\u00edas inseguras. En ese sentido, el texto insiste en la necesidad de cumplir la legalidad internacional en materia de asilo, haciendo una lectura amplia y generosa de la misma \u201cy no restrictiva y de incumplimiento, como la que hoy en d\u00eda practican los estados europeos\u201d.<\/p>\n<p>El Ayuntamiento de Pamplona reclama el traslado inmediato a Navarra de, al menos, las 300 personas del \u2018cupo europeo\u2019 que corresponde a la Comunidad foral y que se realice su acogida por parte del Gobierno de Navarra. Seg\u00fan la exposici\u00f3n de motivos \u201cEuropa (&#8230;) hizo un plan que (&#8230;) por lo menos reubicaba a 120.000 personas. Cinco meses despu\u00e9s no llegan a 300 las personas reubicadas en Europa. En el caso del Estado espa\u00f1ol, de las 15.000 personas que deb\u00edan venir, s\u00f3lo han llegado 18, ninguna a Navarra\u201d.<\/p>\n<p>La declaraci\u00f3n aprobada en la comisi\u00f3n de Asuntos Ciudadanos exige la modificaci\u00f3n de las pol\u00edticas de migraci\u00f3n, derogando la Ley de Extranjer\u00eda, y apostando por pol\u00edticas basadas en la acogida y defensa de los Derechos Humanos y no \u201cen el castigo y la expulsi\u00f3n\u201d. Asimismo recuerda que el art\u00edculo 13 de la Declaraci\u00f3n Universal de los Derechos Humanos reconoce el derecho a la libre circulaci\u00f3n de las personas.<\/p>\n<p>Finalmente, el texto aprobado rechaza el principio de acuerdo entre la Uni\u00f3n Europea y Turqu\u00eda e insta las autoridades a reconsiderar el mismo y pide que en el pr\u00f3ximo Consejo europeo se llegue a soluciones que combinen el derecho internacional con la atenci\u00f3n humanitaria a los refugiados.<\/p>\n<h3><a href=\"http:\/\/laguiadepamplona.com\/actualidad\/wp-content\/uploads\/2016\/03\/declaracion_refugiados_asuntos_ciudadanos.pdf\" target=\"_blank\" rel=\"\">declaracion_refugiados_asuntos_ciudadanos.pdf<\/a><\/h3>\n<p>&nbsp;<\/p>\n","protected":false},"excerpt":{"rendered":"<p>La comisi\u00f3n de Asuntos Ciudadanos aprueba una declaraci\u00f3n en la que reclama el cumplimiento del cupo de \u201cal menos\u201d 300 refugiados en Navarra El Ayuntamiento de Pamplona ha aprobado hoy&#8230;<\/p>\n","protected":false},"author":1,"featured_media":2063,"comment_status":"closed","ping_status":"closed","sticky":false,"template":"","format":"standard","meta":{"footnotes":""},"categories":[2],"tags":[5,6708,2035,6,1996,509,8093,8094,7098,8095,8096,8,9,3554,1842,8097,8098],"class_list":["post-9167","post","type-post","status-publish","format-standard","has-post-thumbnail","hentry","category-ayuntamiento-pamplona","tag-actualidad","tag-acuerdo","tag-apertura","tag-ayto-pamplona","tag-ayuda","tag-ayuntamiento-de-pamplona","tag-envio","tag-exige","tag-fronteras","tag-humanitaria","tag-idomeni","tag-noticias","tag-pamplona","tag-rechaza","tag-refugiados","tag-turquia","tag-ue"],"yoast_head":"<!-- This site is optimized with the Yoast SEO plugin v27.5 - https:\/\/yoast.com\/product\/yoast-seo-wordpress\/ -->\n<title>El Ayuntamiento de Pamplona exige la apertura de fronteras a los refugiados, el env\u00edo de ayuda humanitaria a Idomeni y rechaza el acuerdo de la UE con Turqu\u00eda<\/title>\n<meta name=\"robots\" content=\"index, follow, max-snippet:-1, max-image-preview:large, max-video-preview:-1\" \/>\n<link rel=\"canonical\" href=\"https:\/\/www.laguiadepamplona.com\/actualidad\/el-ayuntamiento-de-pamplona-exige-la-apertura-de-fronteras-a-los-refugiados-el-envio-de-ayuda-humanitaria-a-idomeni-y-rechaza-el-acuerdo-de-la-ue-con-turquia\/\" \/>\n<meta property=\"og:locale\" content=\"es_ES\" \/>\n<meta property=\"og:type\" content=\"article\" \/>\n<meta property=\"og:title\" content=\"El Ayuntamiento de Pamplona exige la apertura de fronteras a los refugiados, el env\u00edo de ayuda humanitaria a Idomeni y rechaza el acuerdo de la UE con Turqu\u00eda\" \/>\n<meta property=\"og:description\" content=\"La comisi\u00f3n de Asuntos Ciudadanos aprueba una declaraci\u00f3n en la que reclama el cumplimiento del cupo de \u201cal menos\u201d 300 refugiados en Navarra El Ayuntamiento de Pamplona ha aprobado hoy...\" \/>\n<meta property=\"og:url\" content=\"https:\/\/www.laguiadepamplona.com\/actualidad\/el-ayuntamiento-de-pamplona-exige-la-apertura-de-fronteras-a-los-refugiados-el-envio-de-ayuda-humanitaria-a-idomeni-y-rechaza-el-acuerdo-de-la-ue-con-turquia\/\" \/>\n<meta property=\"og:site_name\" content=\"La Gu\u00eda de Pamplona\" \/>\n<meta property=\"article:publisher\" content=\"https:\/\/www.facebook.com\/laguiadepamplonacom-133175176762273\/?ref=hl\" \/>\n<meta property=\"article:published_time\" content=\"2016-03-14T14:59:16+00:00\" \/>\n<meta name=\"author\" content=\"La Gu\u00eda de Pamplona\" \/>\n<meta name=\"twitter:card\" content=\"summary_large_image\" \/>\n<meta name=\"twitter:creator\" content=\"@LaGuiadPamplona\" \/>\n<meta name=\"twitter:site\" content=\"@LaGuiadPamplona\" \/>\n<meta name=\"twitter:label1\" content=\"Escrito por\" \/>\n\t<meta name=\"twitter:data1\" content=\"La Gu\u00eda de Pamplona\" \/>\n\t<meta name=\"twitter:label2\" content=\"Tiempo de lectura\" \/>\n\t<meta name=\"twitter:data2\" content=\"2 minutos\" \/>\n<script type=\"application\/ld+json\" class=\"yoast-schema-graph\">{\"@context\":\"https:\\\/\\\/schema.org\",\"@graph\":[{\"@type\":\"Article\",\"@id\":\"https:\\\/\\\/www.laguiadepamplona.com\\\/actualidad\\\/el-ayuntamiento-de-pamplona-exige-la-apertura-de-fronteras-a-los-refugiados-el-envio-de-ayuda-humanitaria-a-idomeni-y-rechaza-el-acuerdo-de-la-ue-con-turquia\\\/#article\",\"isPartOf\":{\"@id\":\"https:\\\/\\\/www.laguiadepamplona.com\\\/actualidad\\\/el-ayuntamiento-de-pamplona-exige-la-apertura-de-fronteras-a-los-refugiados-el-envio-de-ayuda-humanitaria-a-idomeni-y-rechaza-el-acuerdo-de-la-ue-con-turquia\\\/\"},\"author\":{\"name\":\"La Gu\u00eda de Pamplona\",\"@id\":\"https:\\\/\\\/www.laguiadepamplona.com\\\/actualidad\\\/#\\\/schema\\\/person\\\/efe887376f0213d4657c93adc50b1fdb\"},\"headline\":\"El Ayuntamiento de Pamplona exige la apertura de fronteras a los refugiados, el env\u00edo de ayuda humanitaria a Idomeni y rechaza el acuerdo de la UE con Turqu\u00eda\",\"datePublished\":\"2016-03-14T14:59:16+00:00\",\"mainEntityOfPage\":{\"@id\":\"https:\\\/\\\/www.laguiadepamplona.com\\\/actualidad\\\/el-ayuntamiento-de-pamplona-exige-la-apertura-de-fronteras-a-los-refugiados-el-envio-de-ayuda-humanitaria-a-idomeni-y-rechaza-el-acuerdo-de-la-ue-con-turquia\\\/\"},\"wordCount\":451,\"publisher\":{\"@id\":\"https:\\\/\\\/www.laguiadepamplona.com\\\/actualidad\\\/#organization\"},\"image\":{\"@id\":\"https:\\\/\\\/www.laguiadepamplona.com\\\/actualidad\\\/el-ayuntamiento-de-pamplona-exige-la-apertura-de-fronteras-a-los-refugiados-el-envio-de-ayuda-humanitaria-a-idomeni-y-rechaza-el-acuerdo-de-la-ue-con-turquia\\\/#primaryimage\"},\"thumbnailUrl\":\"\",\"keywords\":[\"actualidad\",\"acuerdo\",\"apertura\",\"ayto pamplona\",\"ayuda\",\"Ayuntamiento de Pamplona\",\"env\u00edo\",\"exige\",\"fronteras\",\"humanitaria\",\"Idomeni\",\"noticias\",\"pamplona\",\"rechaza\",\"refugiados\",\"Turqu\u00eda\",\"UE\"],\"articleSection\":[\"Ayto Pamplona\"],\"inLanguage\":\"es\"},{\"@type\":\"WebPage\",\"@id\":\"https:\\\/\\\/www.laguiadepamplona.com\\\/actualidad\\\/el-ayuntamiento-de-pamplona-exige-la-apertura-de-fronteras-a-los-refugiados-el-envio-de-ayuda-humanitaria-a-idomeni-y-rechaza-el-acuerdo-de-la-ue-con-turquia\\\/\",\"url\":\"https:\\\/\\\/www.laguiadepamplona.com\\\/actualidad\\\/el-ayuntamiento-de-pamplona-exige-la-apertura-de-fronteras-a-los-refugiados-el-envio-de-ayuda-humanitaria-a-idomeni-y-rechaza-el-acuerdo-de-la-ue-con-turquia\\\/\",\"name\":\"El Ayuntamiento de Pamplona exige la apertura de fronteras a los refugiados, el env\u00edo de ayuda humanitaria a Idomeni y rechaza el acuerdo de la UE con Turqu\u00eda\",\"isPartOf\":{\"@id\":\"https:\\\/\\\/www.laguiadepamplona.com\\\/actualidad\\\/#website\"},\"primaryImageOfPage\":{\"@id\":\"https:\\\/\\\/www.laguiadepamplona.com\\\/actualidad\\\/el-ayuntamiento-de-pamplona-exige-la-apertura-de-fronteras-a-los-refugiados-el-envio-de-ayuda-humanitaria-a-idomeni-y-rechaza-el-acuerdo-de-la-ue-con-turquia\\\/#primaryimage\"},\"image\":{\"@id\":\"https:\\\/\\\/www.laguiadepamplona.com\\\/actualidad\\\/el-ayuntamiento-de-pamplona-exige-la-apertura-de-fronteras-a-los-refugiados-el-envio-de-ayuda-humanitaria-a-idomeni-y-rechaza-el-acuerdo-de-la-ue-con-turquia\\\/#primaryimage\"},\"thumbnailUrl\":\"\",\"datePublished\":\"2016-03-14T14:59:16+00:00\",\"breadcrumb\":{\"@id\":\"https:\\\/\\\/www.laguiadepamplona.com\\\/actualidad\\\/el-ayuntamiento-de-pamplona-exige-la-apertura-de-fronteras-a-los-refugiados-el-envio-de-ayuda-humanitaria-a-idomeni-y-rechaza-el-acuerdo-de-la-ue-con-turquia\\\/#breadcrumb\"},\"inLanguage\":\"es\",\"potentialAction\":[{\"@type\":\"ReadAction\",\"target\":[\"https:\\\/\\\/www.laguiadepamplona.com\\\/actualidad\\\/el-ayuntamiento-de-pamplona-exige-la-apertura-de-fronteras-a-los-refugiados-el-envio-de-ayuda-humanitaria-a-idomeni-y-rechaza-el-acuerdo-de-la-ue-con-turquia\\\/\"]}]},{\"@type\":\"ImageObject\",\"inLanguage\":\"es\",\"@id\":\"https:\\\/\\\/www.laguiadepamplona.com\\\/actualidad\\\/el-ayuntamiento-de-pamplona-exige-la-apertura-de-fronteras-a-los-refugiados-el-envio-de-ayuda-humanitaria-a-idomeni-y-rechaza-el-acuerdo-de-la-ue-con-turquia\\\/#primaryimage\",\"url\":\"\",\"contentUrl\":\"\"},{\"@type\":\"BreadcrumbList\",\"@id\":\"https:\\\/\\\/www.laguiadepamplona.com\\\/actualidad\\\/el-ayuntamiento-de-pamplona-exige-la-apertura-de-fronteras-a-los-refugiados-el-envio-de-ayuda-humanitaria-a-idomeni-y-rechaza-el-acuerdo-de-la-ue-con-turquia\\\/#breadcrumb\",\"itemListElement\":[{\"@type\":\"ListItem\",\"position\":1,\"name\":\"Portada\",\"item\":\"https:\\\/\\\/www.laguiadepamplona.com\\\/actualidad\\\/\"},{\"@type\":\"ListItem\",\"position\":2,\"name\":\"El Ayuntamiento de Pamplona exige la apertura de fronteras a los refugiados, el env\u00edo de ayuda humanitaria a Idomeni y rechaza el acuerdo de la UE con Turqu\u00eda\"}]},{\"@type\":\"WebSite\",\"@id\":\"https:\\\/\\\/www.laguiadepamplona.com\\\/actualidad\\\/#website\",\"url\":\"https:\\\/\\\/www.laguiadepamplona.com\\\/actualidad\\\/\",\"name\":\"La gu\u00eda de Pamplona\",\"description\":\"Noticias de Pamplona\",\"publisher\":{\"@id\":\"https:\\\/\\\/www.laguiadepamplona.com\\\/actualidad\\\/#organization\"},\"potentialAction\":[{\"@type\":\"SearchAction\",\"target\":{\"@type\":\"EntryPoint\",\"urlTemplate\":\"https:\\\/\\\/www.laguiadepamplona.com\\\/actualidad\\\/?s={search_term_string}\"},\"query-input\":{\"@type\":\"PropertyValueSpecification\",\"valueRequired\":true,\"valueName\":\"search_term_string\"}}],\"inLanguage\":\"es\"},{\"@type\":\"Organization\",\"@id\":\"https:\\\/\\\/www.laguiadepamplona.com\\\/actualidad\\\/#organization\",\"name\":\"La Gu\u00eda de Pamplona \\\/ Noticias\",\"url\":\"https:\\\/\\\/www.laguiadepamplona.com\\\/actualidad\\\/\",\"logo\":{\"@type\":\"ImageObject\",\"inLanguage\":\"es\",\"@id\":\"https:\\\/\\\/www.laguiadepamplona.com\\\/actualidad\\\/#\\\/schema\\\/logo\\\/image\\\/\",\"url\":\"https:\\\/\\\/www.laguiadepamplona.com\\\/actualidad\\\/wp-content\\\/uploads\\\/2018\\\/11\\\/logo-laguiadepamplona18-web1.png\",\"contentUrl\":\"https:\\\/\\\/www.laguiadepamplona.com\\\/actualidad\\\/wp-content\\\/uploads\\\/2018\\\/11\\\/logo-laguiadepamplona18-web1.png\",\"width\":600,\"height\":196,\"caption\":\"La Gu\u00eda de Pamplona \\\/ Noticias\"},\"image\":{\"@id\":\"https:\\\/\\\/www.laguiadepamplona.com\\\/actualidad\\\/#\\\/schema\\\/logo\\\/image\\\/\"},\"sameAs\":[\"https:\\\/\\\/www.facebook.com\\\/laguiadepamplonacom-133175176762273\\\/?ref=hl\",\"https:\\\/\\\/x.com\\\/LaGuiadPamplona\",\"https:\\\/\\\/www.instagram.com\\\/la_guia_de_pamplona\\\/\",\"https:\\\/\\\/www.youtube.com\\\/user\\\/laguiadepamplona\"]},{\"@type\":\"Person\",\"@id\":\"https:\\\/\\\/www.laguiadepamplona.com\\\/actualidad\\\/#\\\/schema\\\/person\\\/efe887376f0213d4657c93adc50b1fdb\",\"name\":\"La Gu\u00eda de Pamplona\",\"image\":{\"@type\":\"ImageObject\",\"inLanguage\":\"es\",\"@id\":\"https:\\\/\\\/secure.gravatar.com\\\/avatar\\\/b6992f131dc8d30ab0dff15446e9d346d9dbd95992de0fef795073f5ea83a81c?s=96&d=mm&r=g\",\"url\":\"https:\\\/\\\/secure.gravatar.com\\\/avatar\\\/b6992f131dc8d30ab0dff15446e9d346d9dbd95992de0fef795073f5ea83a81c?s=96&d=mm&r=g\",\"contentUrl\":\"https:\\\/\\\/secure.gravatar.com\\\/avatar\\\/b6992f131dc8d30ab0dff15446e9d346d9dbd95992de0fef795073f5ea83a81c?s=96&d=mm&r=g\",\"caption\":\"La Gu\u00eda de Pamplona\"}}]}<\/script>\n<!-- \/ Yoast SEO plugin. -->","yoast_head_json":{"title":"El Ayuntamiento de Pamplona exige la apertura de fronteras a los refugiados, el env\u00edo de ayuda humanitaria a Idomeni y rechaza el acuerdo de la UE con Turqu\u00eda","robots":{"index":"index","follow":"follow","max-snippet":"max-snippet:-1","max-image-preview":"max-image-preview:large","max-video-preview":"max-video-preview:-1"},"canonical":"https:\/\/www.laguiadepamplona.com\/actualidad\/el-ayuntamiento-de-pamplona-exige-la-apertura-de-fronteras-a-los-refugiados-el-envio-de-ayuda-humanitaria-a-idomeni-y-rechaza-el-acuerdo-de-la-ue-con-turquia\/","og_locale":"es_ES","og_type":"article","og_title":"El Ayuntamiento de Pamplona exige la apertura de fronteras a los refugiados, el env\u00edo de ayuda humanitaria a Idomeni y rechaza el acuerdo de la UE con Turqu\u00eda","og_description":"La comisi\u00f3n de Asuntos Ciudadanos aprueba una declaraci\u00f3n en la que reclama el cumplimiento del cupo de \u201cal menos\u201d 300 refugiados en Navarra El Ayuntamiento de Pamplona ha aprobado hoy...","og_url":"https:\/\/www.laguiadepamplona.com\/actualidad\/el-ayuntamiento-de-pamplona-exige-la-apertura-de-fronteras-a-los-refugiados-el-envio-de-ayuda-humanitaria-a-idomeni-y-rechaza-el-acuerdo-de-la-ue-con-turquia\/","og_site_name":"La Gu\u00eda de Pamplona","article_publisher":"https:\/\/www.facebook.com\/laguiadepamplonacom-133175176762273\/?ref=hl","article_published_time":"2016-03-14T14:59:16+00:00","author":"La Gu\u00eda de Pamplona","twitter_card":"summary_large_image","twitter_creator":"@LaGuiadPamplona","twitter_site":"@LaGuiadPamplona","twitter_misc":{"Escrito por":"La Gu\u00eda de Pamplona","Tiempo de lectura":"2 minutos"},"schema":{"@context":"https:\/\/schema.org","@graph":[{"@type":"Article","@id":"https:\/\/www.laguiadepamplona.com\/actualidad\/el-ayuntamiento-de-pamplona-exige-la-apertura-de-fronteras-a-los-refugiados-el-envio-de-ayuda-humanitaria-a-idomeni-y-rechaza-el-acuerdo-de-la-ue-con-turquia\/#article","isPartOf":{"@id":"https:\/\/www.laguiadepamplona.com\/actualidad\/el-ayuntamiento-de-pamplona-exige-la-apertura-de-fronteras-a-los-refugiados-el-envio-de-ayuda-humanitaria-a-idomeni-y-rechaza-el-acuerdo-de-la-ue-con-turquia\/"},"author":{"name":"La Gu\u00eda de Pamplona","@id":"https:\/\/www.laguiadepamplona.com\/actualidad\/#\/schema\/person\/efe887376f0213d4657c93adc50b1fdb"},"headline":"El Ayuntamiento de Pamplona exige la apertura de fronteras a los refugiados, el env\u00edo de ayuda humanitaria a Idomeni y rechaza el acuerdo de la UE con Turqu\u00eda","datePublished":"2016-03-14T14:59:16+00:00","mainEntityOfPage":{"@id":"https:\/\/www.laguiadepamplona.com\/actualidad\/el-ayuntamiento-de-pamplona-exige-la-apertura-de-fronteras-a-los-refugiados-el-envio-de-ayuda-humanitaria-a-idomeni-y-rechaza-el-acuerdo-de-la-ue-con-turquia\/"},"wordCount":451,"publisher":{"@id":"https:\/\/www.laguiadepamplona.com\/actualidad\/#organization"},"image":{"@id":"https:\/\/www.laguiadepamplona.com\/actualidad\/el-ayuntamiento-de-pamplona-exige-la-apertura-de-fronteras-a-los-refugiados-el-envio-de-ayuda-humanitaria-a-idomeni-y-rechaza-el-acuerdo-de-la-ue-con-turquia\/#primaryimage"},"thumbnailUrl":"","keywords":["actualidad","acuerdo","apertura","ayto pamplona","ayuda","Ayuntamiento de Pamplona","env\u00edo","exige","fronteras","humanitaria","Idomeni","noticias","pamplona","rechaza","refugiados","Turqu\u00eda","UE"],"articleSection":["Ayto Pamplona"],"inLanguage":"es"},{"@type":"WebPage","@id":"https:\/\/www.laguiadepamplona.com\/actualidad\/el-ayuntamiento-de-pamplona-exige-la-apertura-de-fronteras-a-los-refugiados-el-envio-de-ayuda-humanitaria-a-idomeni-y-rechaza-el-acuerdo-de-la-ue-con-turquia\/","url":"https:\/\/www.laguiadepamplona.com\/actualidad\/el-ayuntamiento-de-pamplona-exige-la-apertura-de-fronteras-a-los-refugiados-el-envio-de-ayuda-humanitaria-a-idomeni-y-rechaza-el-acuerdo-de-la-ue-con-turquia\/","name":"El Ayuntamiento de Pamplona exige la apertura de fronteras a los refugiados, el env\u00edo de ayuda humanitaria a Idomeni y rechaza el acuerdo de la UE con Turqu\u00eda","isPartOf":{"@id":"https:\/\/www.laguiadepamplona.com\/actualidad\/#website"},"primaryImageOfPage":{"@id":"https:\/\/www.laguiadepamplona.com\/actualidad\/el-ayuntamiento-de-pamplona-exige-la-apertura-de-fronteras-a-los-refugiados-el-envio-de-ayuda-humanitaria-a-idomeni-y-rechaza-el-acuerdo-de-la-ue-con-turquia\/#primaryimage"},"image":{"@id":"https:\/\/www.laguiadepamplona.com\/actualidad\/el-ayuntamiento-de-pamplona-exige-la-apertura-de-fronteras-a-los-refugiados-el-envio-de-ayuda-humanitaria-a-idomeni-y-rechaza-el-acuerdo-de-la-ue-con-turquia\/#primaryimage"},"thumbnailUrl":"","datePublished":"2016-03-14T14:59:16+00:00","breadcrumb":{"@id":"https:\/\/www.laguiadepamplona.com\/actualidad\/el-ayuntamiento-de-pamplona-exige-la-apertura-de-fronteras-a-los-refugiados-el-envio-de-ayuda-humanitaria-a-idomeni-y-rechaza-el-acuerdo-de-la-ue-con-turquia\/#breadcrumb"},"inLanguage":"es","potentialAction":[{"@type":"ReadAction","target":["https:\/\/www.laguiadepamplona.com\/actualidad\/el-ayuntamiento-de-pamplona-exige-la-apertura-de-fronteras-a-los-refugiados-el-envio-de-ayuda-humanitaria-a-idomeni-y-rechaza-el-acuerdo-de-la-ue-con-turquia\/"]}]},{"@type":"ImageObject","inLanguage":"es","@id":"https:\/\/www.laguiadepamplona.com\/actualidad\/el-ayuntamiento-de-pamplona-exige-la-apertura-de-fronteras-a-los-refugiados-el-envio-de-ayuda-humanitaria-a-idomeni-y-rechaza-el-acuerdo-de-la-ue-con-turquia\/#primaryimage","url":"","contentUrl":""},{"@type":"BreadcrumbList","@id":"https:\/\/www.laguiadepamplona.com\/actualidad\/el-ayuntamiento-de-pamplona-exige-la-apertura-de-fronteras-a-los-refugiados-el-envio-de-ayuda-humanitaria-a-idomeni-y-rechaza-el-acuerdo-de-la-ue-con-turquia\/#breadcrumb","itemListElement":[{"@type":"ListItem","position":1,"name":"Portada","item":"https:\/\/www.laguiadepamplona.com\/actualidad\/"},{"@type":"ListItem","position":2,"name":"El Ayuntamiento de Pamplona exige la apertura de fronteras a los refugiados, el env\u00edo de ayuda humanitaria a Idomeni y rechaza el acuerdo de la UE con Turqu\u00eda"}]},{"@type":"WebSite","@id":"https:\/\/www.laguiadepamplona.com\/actualidad\/#website","url":"https:\/\/www.laguiadepamplona.com\/actualidad\/","name":"La gu\u00eda de Pamplona","description":"Noticias de Pamplona","publisher":{"@id":"https:\/\/www.laguiadepamplona.com\/actualidad\/#organization"},"potentialAction":[{"@type":"SearchAction","target":{"@type":"EntryPoint","urlTemplate":"https:\/\/www.laguiadepamplona.com\/actualidad\/?s={search_term_string}"},"query-input":{"@type":"PropertyValueSpecification","valueRequired":true,"valueName":"search_term_string"}}],"inLanguage":"es"},{"@type":"Organization","@id":"https:\/\/www.laguiadepamplona.com\/actualidad\/#organization","name":"La Gu\u00eda de Pamplona \/ Noticias","url":"https:\/\/www.laguiadepamplona.com\/actualidad\/","logo":{"@type":"ImageObject","inLanguage":"es","@id":"https:\/\/www.laguiadepamplona.com\/actualidad\/#\/schema\/logo\/image\/","url":"https:\/\/www.laguiadepamplona.com\/actualidad\/wp-content\/uploads\/2018\/11\/logo-laguiadepamplona18-web1.png","contentUrl":"https:\/\/www.laguiadepamplona.com\/actualidad\/wp-content\/uploads\/2018\/11\/logo-laguiadepamplona18-web1.png","width":600,"height":196,"caption":"La Gu\u00eda de Pamplona \/ Noticias"},"image":{"@id":"https:\/\/www.laguiadepamplona.com\/actualidad\/#\/schema\/logo\/image\/"},"sameAs":["https:\/\/www.facebook.com\/laguiadepamplonacom-133175176762273\/?ref=hl","https:\/\/x.com\/LaGuiadPamplona","https:\/\/www.instagram.com\/la_guia_de_pamplona\/","https:\/\/www.youtube.com\/user\/laguiadepamplona"]},{"@type":"Person","@id":"https:\/\/www.laguiadepamplona.com\/actualidad\/#\/schema\/person\/efe887376f0213d4657c93adc50b1fdb","name":"La Gu\u00eda de Pamplona","image":{"@type":"ImageObject","inLanguage":"es","@id":"https:\/\/secure.gravatar.com\/avatar\/b6992f131dc8d30ab0dff15446e9d346d9dbd95992de0fef795073f5ea83a81c?s=96&d=mm&r=g","url":"https:\/\/secure.gravatar.com\/avatar\/b6992f131dc8d30ab0dff15446e9d346d9dbd95992de0fef795073f5ea83a81c?s=96&d=mm&r=g","contentUrl":"https:\/\/secure.gravatar.com\/avatar\/b6992f131dc8d30ab0dff15446e9d346d9dbd95992de0fef795073f5ea83a81c?s=96&d=mm&r=g","caption":"La Gu\u00eda de Pamplona"}}]}},"post_mailing_queue_ids":[],"_links":{"self":[{"href":"https:\/\/www.laguiadepamplona.com\/actualidad\/wp-json\/wp\/v2\/posts\/9167","targetHints":{"allow":["GET"]}}],"collection":[{"href":"https:\/\/www.laguiadepamplona.com\/actualidad\/wp-json\/wp\/v2\/posts"}],"about":[{"href":"https:\/\/www.laguiadepamplona.com\/actualidad\/wp-json\/wp\/v2\/types\/post"}],"author":[{"embeddable":true,"href":"https:\/\/www.laguiadepamplona.com\/actualidad\/wp-json\/wp\/v2\/users\/1"}],"replies":[{"embeddable":true,"href":"https:\/\/www.laguiadepamplona.com\/actualidad\/wp-json\/wp\/v2\/comments?post=9167"}],"version-history":[{"count":0,"href":"https:\/\/www.laguiadepamplona.com\/actualidad\/wp-json\/wp\/v2\/posts\/9167\/revisions"}],"wp:featuredmedia":[{"embeddable":true,"href":"https:\/\/www.laguiadepamplona.com\/actualidad\/wp-json\/"}],"wp:attachment":[{"href":"https:\/\/www.laguiadepamplona.com\/actualidad\/wp-json\/wp\/v2\/media?parent=9167"}],"wp:term":[{"taxonomy":"category","embeddable":true,"href":"https:\/\/www.laguiadepamplona.com\/actualidad\/wp-json\/wp\/v2\/categories?post=9167"},{"taxonomy":"post_tag","embeddable":true,"href":"https:\/\/www.laguiadepamplona.com\/actualidad\/wp-json\/wp\/v2\/tags?post=9167"}],"curies":[{"name":"wp","href":"https:\/\/api.w.org\/{rel}","templated":true}]}}