{"id":9062,"date":"2016-03-04T13:09:31","date_gmt":"2016-03-04T11:09:31","guid":{"rendered":"http:\/\/laguiadepamplona.com\/actualidad\/?p=9062"},"modified":"2016-03-04T13:09:31","modified_gmt":"2016-03-04T11:09:31","slug":"el-ciclo-musync-continua-estos-dias-en-civivox-condestable-con-musica-gotica-gitana-y-de-mujeres","status":"publish","type":"post","link":"https:\/\/www.laguiadepamplona.com\/actualidad\/el-ciclo-musync-continua-estos-dias-en-civivox-condestable-con-musica-gotica-gitana-y-de-mujeres\/","title":{"rendered":"El ciclo \u2018\u00a1Musync!\u2019 contin\u00faa estos d\u00edas en Civivox Condestable con m\u00fasica g\u00f3tica, gitana y de mujeres"},"content":{"rendered":"<h4>Las sesiones este viernes, el lunes y el martes, \u00faltimo d\u00eda de este programa del Ayuntamiento y es Conservatorio Superior de Navarra<\/h4>\n<p><img loading=\"lazy\" decoding=\"async\" class=\"alignleft size-medium wp-image-5144\" src=\"http:\/\/laguiadepamplona.com\/actualidad\/wp-content\/uploads\/2015\/03\/musync_juan_manuel_rubio-300x200.jpg\" alt=\"musync_juan_manuel_rubio\" width=\"300\" height=\"200\" \/>La m\u00fasica g\u00f3tica, la m\u00fasica gitana y la m\u00fasica de mujeres tendr\u00e1n su espacio estos d\u00edas en Civivox Condestable. El ciclo \u2018\u00a1Musync!\u2019, organizado por el Ayuntamiento de Pamplona y el Conservatorio Superior de M\u00fasica de Navarra para difundir el conocimiento de la m\u00fasica, llevar\u00e1 hoy viernes, el pr\u00f3ximo lunes y martes sesiones espec\u00edficas para abordar estas tem\u00e1ticas. La cita ser\u00e1 a las 7 y media de la tarde y la entrada es libre.<\/p>\n<p>La sesi\u00f3n de hoy viernes se titula \u2018Piedras que cantan. Iconograf\u00eda musical del g\u00f3tico en Navarra\u2019. En ella, el p\u00fablico podr\u00e1 conocer y escuchar los sonidos escondidos en las im\u00e1genes de algunos de los monumentos del g\u00f3tico en Navarra. El ponente ser\u00e1 Enrique Galdeano Aguirre, arquitecto especializado en restauraci\u00f3n del patrimonio hist\u00f3rico e int\u00e9rprete de instrumentos antiguos y \u00e9tnicos. Galdeano ha intervenido en los \u00faltimos a\u00f1os en la restauraci\u00f3n de edificios como el Santuario de Uju\u00e9, la iglesia de San Saturnino de Artajona, el Monasterio de Leyre, la catedral de Pamplona o el claustro de la catedral de Tudela. Como m\u00fasico, ha colaborado como percusionista y laudista con diversas formaciones de m\u00fasica medieval y renacentista. Fundador de Ensemble Uqbarnagh, desarrolla conciertos de monodia medieval y m\u00fasicas de Asia central.<\/p>\n<p>El pr\u00f3ximo lunes \u2018\u00a1Musync!\u2019 abordar\u00e1 la imagen de la mujer en la m\u00fasica occidental. Lo har\u00e1 a trav\u00e9s de un debate abierto, con ejemplos musicales y visuales, en el que alumnos de musicolog\u00eda del Conservatorio Superior de M\u00fasica de Navarra presentar\u00e1n figuras de mujeres poco conocidas de la historia de la m\u00fasica occidental, cuestionando las razones de su olvido. Presentar\u00e1n la sesi\u00f3n Leire Colomo, Irene El\u00eda, Juan G\u00f3mez y Fernando Tamayo.<\/p>\n<p>El ciclo se cerrar\u00e1 el martes 8 de marzo con la proyecci\u00f3n del documental \u2018Latcho Drom\u2019 (\u2018Buen viaje\u2019), presentado por Sergio Barcellona. \u2018Latcho Drom\u2019 es un documental realizado en Francia en 1993 bajo la direcci\u00f3n de Tony Gatliff. A trav\u00e9s de su m\u00fasica y su danza, este documental reconstruye el recorrido del pueblo gitano iniciado en el siglo XIV desde el norte de la India hasta la pen\u00ednsula ib\u00e9rica. La pel\u00edcula de Gatliff gan\u00f3 el premio \u2018Un certain regard\u2019 en el Festival de Cannes de 1993, y su polivalente director (m\u00fasico, guionista y productor de ascendencia gitano-argelina) presenta, de una manera original y po\u00e9tica a la vez, la distintas variedades de la m\u00fasica de esta etnia. No falta en bodas, bautizos o funerales, un elemento formal fundamental para evidenciar dos tipos de transmisi\u00f3n: la que se hace de generaci\u00f3n en generaci\u00f3n por tradici\u00f3n oral y la que un pueblo recibe del lugar que va habitando sucesivamente.<\/p>\n<p>El ciclo \u2018\u00a1Musync!\u2019 pretende acercar y difundir ideas, estrategias y recursos que proceden del Conservatorio Superior a las necesidades culturales de la ciudad. En ciclo est\u00e1 compuesto por cinco sesiones, dos de ellas celebradas ya esta semana sobre m\u00fasica flamenca.<\/p>\n<p>&nbsp;<\/p>\n<p><strong>\u2018Musync\u2019. Pr\u00f3ximas sesiones<\/strong><\/p>\n<p><strong>Lugar: <\/strong>Civivox Condestable<\/p>\n<p><strong>Hora: <\/strong>19.30 horas<\/p>\n<p><strong>Viernes 4 de marzo<\/strong><\/p>\n<ul>\n<li>\u2018Piedras que cantan. Iconograf\u00eda musical del g\u00f3tico en Navarra\u2019<\/li>\n<li>Ponente: Enrique Galdeano, arquitecto especializado en restauraci\u00f3n del patrimonio hist\u00f3rico e int\u00e9rprete de instrumentos antiguos Sala Medieval. Previa retirada de invitaciones desde una hora antes<\/li>\n<\/ul>\n<p><strong>Lunes 7 de marzo<\/strong><\/p>\n<ul>\n<li>\u2018Mujeres y m\u00fasica (\u00bfy viceversa?)\u2019<\/li>\n<li>Participan alumnos de musicolog\u00eda del Conservatorio Superior de M\u00fasica de Navarra<\/li>\n<\/ul>\n<p><strong>Martes 8 de marzo<\/strong><\/p>\n<ul>\n<li>\u2018Latcho Drom\u2019 (\u2018Buen viaje\u2019)<\/li>\n<li>Proyecci\u00f3n del documental, presentado por Sergio Barcellona<\/li>\n<\/ul>\n<p>&nbsp;<\/p>\n","protected":false},"excerpt":{"rendered":"<p>Las sesiones este viernes, el lunes y el martes, \u00faltimo d\u00eda de este programa del Ayuntamiento y es Conservatorio Superior de Navarra La m\u00fasica g\u00f3tica, la m\u00fasica gitana y la&#8230;<\/p>\n","protected":false},"author":1,"featured_media":5144,"comment_status":"closed","ping_status":"closed","sticky":false,"template":"","format":"standard","meta":{"footnotes":""},"categories":[2],"tags":[5,6,509,91,441,8011,8012,1606,1033,678,8,9],"class_list":["post-9062","post","type-post","status-publish","format-standard","has-post-thumbnail","hentry","category-ayuntamiento-pamplona","tag-actualidad","tag-ayto-pamplona","tag-ayuntamiento-de-pamplona","tag-civivox","tag-condestable","tag-gitana","tag-gotica","tag-mujeres","tag-musica","tag-musync","tag-noticias","tag-pamplona"],"yoast_head":"<!-- This site is optimized with the Yoast SEO plugin v27.5 - https:\/\/yoast.com\/product\/yoast-seo-wordpress\/ -->\n<title>El ciclo \u2018\u00a1Musync!\u2019 contin\u00faa estos d\u00edas en Civivox Condestable con m\u00fasica g\u00f3tica, gitana y de mujeres<\/title>\n<meta name=\"robots\" content=\"index, follow, max-snippet:-1, max-image-preview:large, max-video-preview:-1\" \/>\n<link rel=\"canonical\" href=\"https:\/\/www.laguiadepamplona.com\/actualidad\/el-ciclo-musync-continua-estos-dias-en-civivox-condestable-con-musica-gotica-gitana-y-de-mujeres\/\" \/>\n<meta property=\"og:locale\" content=\"es_ES\" \/>\n<meta property=\"og:type\" content=\"article\" \/>\n<meta property=\"og:title\" content=\"El ciclo \u2018\u00a1Musync!\u2019 contin\u00faa estos d\u00edas en Civivox Condestable con m\u00fasica g\u00f3tica, gitana y de mujeres\" \/>\n<meta property=\"og:description\" content=\"Las sesiones este viernes, el lunes y el martes, \u00faltimo d\u00eda de este programa del Ayuntamiento y es Conservatorio Superior de Navarra La m\u00fasica g\u00f3tica, la m\u00fasica gitana y la...\" \/>\n<meta property=\"og:url\" content=\"https:\/\/www.laguiadepamplona.com\/actualidad\/el-ciclo-musync-continua-estos-dias-en-civivox-condestable-con-musica-gotica-gitana-y-de-mujeres\/\" \/>\n<meta property=\"og:site_name\" content=\"La Gu\u00eda de Pamplona\" \/>\n<meta property=\"article:publisher\" content=\"https:\/\/www.facebook.com\/laguiadepamplonacom-133175176762273\/?ref=hl\" \/>\n<meta property=\"article:published_time\" content=\"2016-03-04T11:09:31+00:00\" \/>\n<meta name=\"author\" content=\"La Gu\u00eda de Pamplona\" \/>\n<meta name=\"twitter:card\" content=\"summary_large_image\" \/>\n<meta name=\"twitter:creator\" content=\"@LaGuiadPamplona\" \/>\n<meta name=\"twitter:site\" content=\"@LaGuiadPamplona\" \/>\n<meta name=\"twitter:label1\" content=\"Escrito por\" \/>\n\t<meta name=\"twitter:data1\" content=\"La Gu\u00eda de Pamplona\" \/>\n\t<meta name=\"twitter:label2\" content=\"Tiempo de lectura\" \/>\n\t<meta name=\"twitter:data2\" content=\"3 minutos\" \/>\n<script type=\"application\/ld+json\" class=\"yoast-schema-graph\">{\"@context\":\"https:\\\/\\\/schema.org\",\"@graph\":[{\"@type\":\"Article\",\"@id\":\"https:\\\/\\\/www.laguiadepamplona.com\\\/actualidad\\\/el-ciclo-musync-continua-estos-dias-en-civivox-condestable-con-musica-gotica-gitana-y-de-mujeres\\\/#article\",\"isPartOf\":{\"@id\":\"https:\\\/\\\/www.laguiadepamplona.com\\\/actualidad\\\/el-ciclo-musync-continua-estos-dias-en-civivox-condestable-con-musica-gotica-gitana-y-de-mujeres\\\/\"},\"author\":{\"name\":\"La Gu\u00eda de Pamplona\",\"@id\":\"https:\\\/\\\/www.laguiadepamplona.com\\\/actualidad\\\/#\\\/schema\\\/person\\\/efe887376f0213d4657c93adc50b1fdb\"},\"headline\":\"El ciclo \u2018\u00a1Musync!\u2019 contin\u00faa estos d\u00edas en Civivox Condestable con m\u00fasica g\u00f3tica, gitana y de mujeres\",\"datePublished\":\"2016-03-04T11:09:31+00:00\",\"mainEntityOfPage\":{\"@id\":\"https:\\\/\\\/www.laguiadepamplona.com\\\/actualidad\\\/el-ciclo-musync-continua-estos-dias-en-civivox-condestable-con-musica-gotica-gitana-y-de-mujeres\\\/\"},\"wordCount\":649,\"publisher\":{\"@id\":\"https:\\\/\\\/www.laguiadepamplona.com\\\/actualidad\\\/#organization\"},\"image\":{\"@id\":\"https:\\\/\\\/www.laguiadepamplona.com\\\/actualidad\\\/el-ciclo-musync-continua-estos-dias-en-civivox-condestable-con-musica-gotica-gitana-y-de-mujeres\\\/#primaryimage\"},\"thumbnailUrl\":\"\",\"keywords\":[\"actualidad\",\"ayto pamplona\",\"Ayuntamiento de Pamplona\",\"civivox\",\"Condestable\",\"gitana\",\"g\u00f3tica\",\"mujeres\",\"m\u00fasica\",\"MuSync\",\"noticias\",\"pamplona\"],\"articleSection\":[\"Ayto Pamplona\"],\"inLanguage\":\"es\"},{\"@type\":\"WebPage\",\"@id\":\"https:\\\/\\\/www.laguiadepamplona.com\\\/actualidad\\\/el-ciclo-musync-continua-estos-dias-en-civivox-condestable-con-musica-gotica-gitana-y-de-mujeres\\\/\",\"url\":\"https:\\\/\\\/www.laguiadepamplona.com\\\/actualidad\\\/el-ciclo-musync-continua-estos-dias-en-civivox-condestable-con-musica-gotica-gitana-y-de-mujeres\\\/\",\"name\":\"El ciclo \u2018\u00a1Musync!\u2019 contin\u00faa estos d\u00edas en Civivox Condestable con m\u00fasica g\u00f3tica, gitana y de mujeres\",\"isPartOf\":{\"@id\":\"https:\\\/\\\/www.laguiadepamplona.com\\\/actualidad\\\/#website\"},\"primaryImageOfPage\":{\"@id\":\"https:\\\/\\\/www.laguiadepamplona.com\\\/actualidad\\\/el-ciclo-musync-continua-estos-dias-en-civivox-condestable-con-musica-gotica-gitana-y-de-mujeres\\\/#primaryimage\"},\"image\":{\"@id\":\"https:\\\/\\\/www.laguiadepamplona.com\\\/actualidad\\\/el-ciclo-musync-continua-estos-dias-en-civivox-condestable-con-musica-gotica-gitana-y-de-mujeres\\\/#primaryimage\"},\"thumbnailUrl\":\"\",\"datePublished\":\"2016-03-04T11:09:31+00:00\",\"breadcrumb\":{\"@id\":\"https:\\\/\\\/www.laguiadepamplona.com\\\/actualidad\\\/el-ciclo-musync-continua-estos-dias-en-civivox-condestable-con-musica-gotica-gitana-y-de-mujeres\\\/#breadcrumb\"},\"inLanguage\":\"es\",\"potentialAction\":[{\"@type\":\"ReadAction\",\"target\":[\"https:\\\/\\\/www.laguiadepamplona.com\\\/actualidad\\\/el-ciclo-musync-continua-estos-dias-en-civivox-condestable-con-musica-gotica-gitana-y-de-mujeres\\\/\"]}]},{\"@type\":\"ImageObject\",\"inLanguage\":\"es\",\"@id\":\"https:\\\/\\\/www.laguiadepamplona.com\\\/actualidad\\\/el-ciclo-musync-continua-estos-dias-en-civivox-condestable-con-musica-gotica-gitana-y-de-mujeres\\\/#primaryimage\",\"url\":\"\",\"contentUrl\":\"\"},{\"@type\":\"BreadcrumbList\",\"@id\":\"https:\\\/\\\/www.laguiadepamplona.com\\\/actualidad\\\/el-ciclo-musync-continua-estos-dias-en-civivox-condestable-con-musica-gotica-gitana-y-de-mujeres\\\/#breadcrumb\",\"itemListElement\":[{\"@type\":\"ListItem\",\"position\":1,\"name\":\"Portada\",\"item\":\"https:\\\/\\\/www.laguiadepamplona.com\\\/actualidad\\\/\"},{\"@type\":\"ListItem\",\"position\":2,\"name\":\"El ciclo \u2018\u00a1Musync!\u2019 contin\u00faa estos d\u00edas en Civivox Condestable con m\u00fasica g\u00f3tica, gitana y de mujeres\"}]},{\"@type\":\"WebSite\",\"@id\":\"https:\\\/\\\/www.laguiadepamplona.com\\\/actualidad\\\/#website\",\"url\":\"https:\\\/\\\/www.laguiadepamplona.com\\\/actualidad\\\/\",\"name\":\"La gu\u00eda de Pamplona\",\"description\":\"Noticias de Pamplona\",\"publisher\":{\"@id\":\"https:\\\/\\\/www.laguiadepamplona.com\\\/actualidad\\\/#organization\"},\"potentialAction\":[{\"@type\":\"SearchAction\",\"target\":{\"@type\":\"EntryPoint\",\"urlTemplate\":\"https:\\\/\\\/www.laguiadepamplona.com\\\/actualidad\\\/?s={search_term_string}\"},\"query-input\":{\"@type\":\"PropertyValueSpecification\",\"valueRequired\":true,\"valueName\":\"search_term_string\"}}],\"inLanguage\":\"es\"},{\"@type\":\"Organization\",\"@id\":\"https:\\\/\\\/www.laguiadepamplona.com\\\/actualidad\\\/#organization\",\"name\":\"La Gu\u00eda de Pamplona \\\/ Noticias\",\"url\":\"https:\\\/\\\/www.laguiadepamplona.com\\\/actualidad\\\/\",\"logo\":{\"@type\":\"ImageObject\",\"inLanguage\":\"es\",\"@id\":\"https:\\\/\\\/www.laguiadepamplona.com\\\/actualidad\\\/#\\\/schema\\\/logo\\\/image\\\/\",\"url\":\"https:\\\/\\\/www.laguiadepamplona.com\\\/actualidad\\\/wp-content\\\/uploads\\\/2018\\\/11\\\/logo-laguiadepamplona18-web1.png\",\"contentUrl\":\"https:\\\/\\\/www.laguiadepamplona.com\\\/actualidad\\\/wp-content\\\/uploads\\\/2018\\\/11\\\/logo-laguiadepamplona18-web1.png\",\"width\":600,\"height\":196,\"caption\":\"La Gu\u00eda de Pamplona \\\/ Noticias\"},\"image\":{\"@id\":\"https:\\\/\\\/www.laguiadepamplona.com\\\/actualidad\\\/#\\\/schema\\\/logo\\\/image\\\/\"},\"sameAs\":[\"https:\\\/\\\/www.facebook.com\\\/laguiadepamplonacom-133175176762273\\\/?ref=hl\",\"https:\\\/\\\/x.com\\\/LaGuiadPamplona\",\"https:\\\/\\\/www.instagram.com\\\/la_guia_de_pamplona\\\/\",\"https:\\\/\\\/www.youtube.com\\\/user\\\/laguiadepamplona\"]},{\"@type\":\"Person\",\"@id\":\"https:\\\/\\\/www.laguiadepamplona.com\\\/actualidad\\\/#\\\/schema\\\/person\\\/efe887376f0213d4657c93adc50b1fdb\",\"name\":\"La Gu\u00eda de Pamplona\",\"image\":{\"@type\":\"ImageObject\",\"inLanguage\":\"es\",\"@id\":\"https:\\\/\\\/secure.gravatar.com\\\/avatar\\\/b6992f131dc8d30ab0dff15446e9d346d9dbd95992de0fef795073f5ea83a81c?s=96&d=mm&r=g\",\"url\":\"https:\\\/\\\/secure.gravatar.com\\\/avatar\\\/b6992f131dc8d30ab0dff15446e9d346d9dbd95992de0fef795073f5ea83a81c?s=96&d=mm&r=g\",\"contentUrl\":\"https:\\\/\\\/secure.gravatar.com\\\/avatar\\\/b6992f131dc8d30ab0dff15446e9d346d9dbd95992de0fef795073f5ea83a81c?s=96&d=mm&r=g\",\"caption\":\"La Gu\u00eda de Pamplona\"}}]}<\/script>\n<!-- \/ Yoast SEO plugin. -->","yoast_head_json":{"title":"El ciclo \u2018\u00a1Musync!\u2019 contin\u00faa estos d\u00edas en Civivox Condestable con m\u00fasica g\u00f3tica, gitana y de mujeres","robots":{"index":"index","follow":"follow","max-snippet":"max-snippet:-1","max-image-preview":"max-image-preview:large","max-video-preview":"max-video-preview:-1"},"canonical":"https:\/\/www.laguiadepamplona.com\/actualidad\/el-ciclo-musync-continua-estos-dias-en-civivox-condestable-con-musica-gotica-gitana-y-de-mujeres\/","og_locale":"es_ES","og_type":"article","og_title":"El ciclo \u2018\u00a1Musync!\u2019 contin\u00faa estos d\u00edas en Civivox Condestable con m\u00fasica g\u00f3tica, gitana y de mujeres","og_description":"Las sesiones este viernes, el lunes y el martes, \u00faltimo d\u00eda de este programa del Ayuntamiento y es Conservatorio Superior de Navarra La m\u00fasica g\u00f3tica, la m\u00fasica gitana y la...","og_url":"https:\/\/www.laguiadepamplona.com\/actualidad\/el-ciclo-musync-continua-estos-dias-en-civivox-condestable-con-musica-gotica-gitana-y-de-mujeres\/","og_site_name":"La Gu\u00eda de Pamplona","article_publisher":"https:\/\/www.facebook.com\/laguiadepamplonacom-133175176762273\/?ref=hl","article_published_time":"2016-03-04T11:09:31+00:00","author":"La Gu\u00eda de Pamplona","twitter_card":"summary_large_image","twitter_creator":"@LaGuiadPamplona","twitter_site":"@LaGuiadPamplona","twitter_misc":{"Escrito por":"La Gu\u00eda de Pamplona","Tiempo de lectura":"3 minutos"},"schema":{"@context":"https:\/\/schema.org","@graph":[{"@type":"Article","@id":"https:\/\/www.laguiadepamplona.com\/actualidad\/el-ciclo-musync-continua-estos-dias-en-civivox-condestable-con-musica-gotica-gitana-y-de-mujeres\/#article","isPartOf":{"@id":"https:\/\/www.laguiadepamplona.com\/actualidad\/el-ciclo-musync-continua-estos-dias-en-civivox-condestable-con-musica-gotica-gitana-y-de-mujeres\/"},"author":{"name":"La Gu\u00eda de Pamplona","@id":"https:\/\/www.laguiadepamplona.com\/actualidad\/#\/schema\/person\/efe887376f0213d4657c93adc50b1fdb"},"headline":"El ciclo \u2018\u00a1Musync!\u2019 contin\u00faa estos d\u00edas en Civivox Condestable con m\u00fasica g\u00f3tica, gitana y de mujeres","datePublished":"2016-03-04T11:09:31+00:00","mainEntityOfPage":{"@id":"https:\/\/www.laguiadepamplona.com\/actualidad\/el-ciclo-musync-continua-estos-dias-en-civivox-condestable-con-musica-gotica-gitana-y-de-mujeres\/"},"wordCount":649,"publisher":{"@id":"https:\/\/www.laguiadepamplona.com\/actualidad\/#organization"},"image":{"@id":"https:\/\/www.laguiadepamplona.com\/actualidad\/el-ciclo-musync-continua-estos-dias-en-civivox-condestable-con-musica-gotica-gitana-y-de-mujeres\/#primaryimage"},"thumbnailUrl":"","keywords":["actualidad","ayto pamplona","Ayuntamiento de Pamplona","civivox","Condestable","gitana","g\u00f3tica","mujeres","m\u00fasica","MuSync","noticias","pamplona"],"articleSection":["Ayto Pamplona"],"inLanguage":"es"},{"@type":"WebPage","@id":"https:\/\/www.laguiadepamplona.com\/actualidad\/el-ciclo-musync-continua-estos-dias-en-civivox-condestable-con-musica-gotica-gitana-y-de-mujeres\/","url":"https:\/\/www.laguiadepamplona.com\/actualidad\/el-ciclo-musync-continua-estos-dias-en-civivox-condestable-con-musica-gotica-gitana-y-de-mujeres\/","name":"El ciclo \u2018\u00a1Musync!\u2019 contin\u00faa estos d\u00edas en Civivox Condestable con m\u00fasica g\u00f3tica, gitana y de mujeres","isPartOf":{"@id":"https:\/\/www.laguiadepamplona.com\/actualidad\/#website"},"primaryImageOfPage":{"@id":"https:\/\/www.laguiadepamplona.com\/actualidad\/el-ciclo-musync-continua-estos-dias-en-civivox-condestable-con-musica-gotica-gitana-y-de-mujeres\/#primaryimage"},"image":{"@id":"https:\/\/www.laguiadepamplona.com\/actualidad\/el-ciclo-musync-continua-estos-dias-en-civivox-condestable-con-musica-gotica-gitana-y-de-mujeres\/#primaryimage"},"thumbnailUrl":"","datePublished":"2016-03-04T11:09:31+00:00","breadcrumb":{"@id":"https:\/\/www.laguiadepamplona.com\/actualidad\/el-ciclo-musync-continua-estos-dias-en-civivox-condestable-con-musica-gotica-gitana-y-de-mujeres\/#breadcrumb"},"inLanguage":"es","potentialAction":[{"@type":"ReadAction","target":["https:\/\/www.laguiadepamplona.com\/actualidad\/el-ciclo-musync-continua-estos-dias-en-civivox-condestable-con-musica-gotica-gitana-y-de-mujeres\/"]}]},{"@type":"ImageObject","inLanguage":"es","@id":"https:\/\/www.laguiadepamplona.com\/actualidad\/el-ciclo-musync-continua-estos-dias-en-civivox-condestable-con-musica-gotica-gitana-y-de-mujeres\/#primaryimage","url":"","contentUrl":""},{"@type":"BreadcrumbList","@id":"https:\/\/www.laguiadepamplona.com\/actualidad\/el-ciclo-musync-continua-estos-dias-en-civivox-condestable-con-musica-gotica-gitana-y-de-mujeres\/#breadcrumb","itemListElement":[{"@type":"ListItem","position":1,"name":"Portada","item":"https:\/\/www.laguiadepamplona.com\/actualidad\/"},{"@type":"ListItem","position":2,"name":"El ciclo \u2018\u00a1Musync!\u2019 contin\u00faa estos d\u00edas en Civivox Condestable con m\u00fasica g\u00f3tica, gitana y de mujeres"}]},{"@type":"WebSite","@id":"https:\/\/www.laguiadepamplona.com\/actualidad\/#website","url":"https:\/\/www.laguiadepamplona.com\/actualidad\/","name":"La gu\u00eda de Pamplona","description":"Noticias de Pamplona","publisher":{"@id":"https:\/\/www.laguiadepamplona.com\/actualidad\/#organization"},"potentialAction":[{"@type":"SearchAction","target":{"@type":"EntryPoint","urlTemplate":"https:\/\/www.laguiadepamplona.com\/actualidad\/?s={search_term_string}"},"query-input":{"@type":"PropertyValueSpecification","valueRequired":true,"valueName":"search_term_string"}}],"inLanguage":"es"},{"@type":"Organization","@id":"https:\/\/www.laguiadepamplona.com\/actualidad\/#organization","name":"La Gu\u00eda de Pamplona \/ Noticias","url":"https:\/\/www.laguiadepamplona.com\/actualidad\/","logo":{"@type":"ImageObject","inLanguage":"es","@id":"https:\/\/www.laguiadepamplona.com\/actualidad\/#\/schema\/logo\/image\/","url":"https:\/\/www.laguiadepamplona.com\/actualidad\/wp-content\/uploads\/2018\/11\/logo-laguiadepamplona18-web1.png","contentUrl":"https:\/\/www.laguiadepamplona.com\/actualidad\/wp-content\/uploads\/2018\/11\/logo-laguiadepamplona18-web1.png","width":600,"height":196,"caption":"La Gu\u00eda de Pamplona \/ Noticias"},"image":{"@id":"https:\/\/www.laguiadepamplona.com\/actualidad\/#\/schema\/logo\/image\/"},"sameAs":["https:\/\/www.facebook.com\/laguiadepamplonacom-133175176762273\/?ref=hl","https:\/\/x.com\/LaGuiadPamplona","https:\/\/www.instagram.com\/la_guia_de_pamplona\/","https:\/\/www.youtube.com\/user\/laguiadepamplona"]},{"@type":"Person","@id":"https:\/\/www.laguiadepamplona.com\/actualidad\/#\/schema\/person\/efe887376f0213d4657c93adc50b1fdb","name":"La Gu\u00eda de Pamplona","image":{"@type":"ImageObject","inLanguage":"es","@id":"https:\/\/secure.gravatar.com\/avatar\/b6992f131dc8d30ab0dff15446e9d346d9dbd95992de0fef795073f5ea83a81c?s=96&d=mm&r=g","url":"https:\/\/secure.gravatar.com\/avatar\/b6992f131dc8d30ab0dff15446e9d346d9dbd95992de0fef795073f5ea83a81c?s=96&d=mm&r=g","contentUrl":"https:\/\/secure.gravatar.com\/avatar\/b6992f131dc8d30ab0dff15446e9d346d9dbd95992de0fef795073f5ea83a81c?s=96&d=mm&r=g","caption":"La Gu\u00eda de Pamplona"}}]}},"post_mailing_queue_ids":[],"_links":{"self":[{"href":"https:\/\/www.laguiadepamplona.com\/actualidad\/wp-json\/wp\/v2\/posts\/9062","targetHints":{"allow":["GET"]}}],"collection":[{"href":"https:\/\/www.laguiadepamplona.com\/actualidad\/wp-json\/wp\/v2\/posts"}],"about":[{"href":"https:\/\/www.laguiadepamplona.com\/actualidad\/wp-json\/wp\/v2\/types\/post"}],"author":[{"embeddable":true,"href":"https:\/\/www.laguiadepamplona.com\/actualidad\/wp-json\/wp\/v2\/users\/1"}],"replies":[{"embeddable":true,"href":"https:\/\/www.laguiadepamplona.com\/actualidad\/wp-json\/wp\/v2\/comments?post=9062"}],"version-history":[{"count":0,"href":"https:\/\/www.laguiadepamplona.com\/actualidad\/wp-json\/wp\/v2\/posts\/9062\/revisions"}],"wp:featuredmedia":[{"embeddable":true,"href":"https:\/\/www.laguiadepamplona.com\/actualidad\/wp-json\/"}],"wp:attachment":[{"href":"https:\/\/www.laguiadepamplona.com\/actualidad\/wp-json\/wp\/v2\/media?parent=9062"}],"wp:term":[{"taxonomy":"category","embeddable":true,"href":"https:\/\/www.laguiadepamplona.com\/actualidad\/wp-json\/wp\/v2\/categories?post=9062"},{"taxonomy":"post_tag","embeddable":true,"href":"https:\/\/www.laguiadepamplona.com\/actualidad\/wp-json\/wp\/v2\/tags?post=9062"}],"curies":[{"name":"wp","href":"https:\/\/api.w.org\/{rel}","templated":true}]}}