{"id":902,"date":"2014-03-25T16:17:34","date_gmt":"2014-03-25T15:17:34","guid":{"rendered":"http:\/\/laguiadepamplona.es\/noticias\/?p=902"},"modified":"2014-03-25T16:17:34","modified_gmt":"2014-03-25T15:17:34","slug":"las-conductas-tipificadas-en-el-proyecto-de-ordenanza-del-encierro-llevaran-aparejadas-multas-de-hasta-3-000-euros-pudiendo-hacerse-el-cobro-provisional-en-el-acto","status":"publish","type":"post","link":"https:\/\/www.laguiadepamplona.com\/actualidad\/las-conductas-tipificadas-en-el-proyecto-de-ordenanza-del-encierro-llevaran-aparejadas-multas-de-hasta-3-000-euros-pudiendo-hacerse-el-cobro-provisional-en-el-acto\/","title":{"rendered":"Las conductas tipificadas en el proyecto de ordenanza del Encierro llevar\u00e1n aparejadas multas de hasta 3.000 euros, pudiendo hacerse el cobro provisional en el acto"},"content":{"rendered":"<h6>El texto pasar\u00e1 el lunes para su debate a la comisi\u00f3n de Presidencia para iniciar un proceso que permita que entre en vigor en estos Sanfermines<\/h6>\n<p><a href=\"http:\/\/laguiadepamplona.es\/noticias\/wp-content\/uploads\/2014\/03\/san-fermin-encierro.jpg\"><img loading=\"lazy\" decoding=\"async\" class=\"alignleft size-medium wp-image-903\" alt=\"san-fermin-encierro\" src=\"http:\/\/laguiadepamplona.es\/noticias\/wp-content\/uploads\/2014\/03\/san-fermin-encierro-300x168.jpg\" width=\"300\" height=\"168\" \/><\/a>El pr\u00f3ximo lunes se presentar\u00e1 en la comisi\u00f3n de Presidencia del Ayuntamiento de Pamplona el proyecto de Ordenanza Municipal del Encierro, un texto que pretende una ordenaci\u00f3n general de la carrera y que recoge recorrido, horarios y disposiciones de car\u00e1cter general, adem\u00e1s de un cat\u00e1logo de faltas administrativas leves, graves y muy graves y sus sanciones.<\/p>\n<p>El proyecto establece un r\u00e9gimen sancionador espec\u00edfico en relaci\u00f3n a las conductas inadecuadas, que pueden llegar hasta multas de 3.000 euros, y se remite en su procedimiento de tramitaci\u00f3n y plazos de prescripci\u00f3n al procedimiento vigente en el municipio en materia de polic\u00eda administrativa. El texto tambi\u00e9n recoge la previsi\u00f3n de que, como garant\u00eda de la efectividad del resultado de la resoluci\u00f3n que recaiga sobre la conducta tipificada tras la denuncia, el Consistorio podr\u00e1 adoptar la medida provisional del cobro de una multa en el momento de la comisi\u00f3n.<\/p>\n<p>La idea del \u00c1rea de Seguridad, proponente del texto, es elevar a rango de normativa sectorial esta materia, reforzando el Bando que anualmente aprueba Alcald\u00eda, para permitir que los preparativos y el desarrollo de la carrera se puedan llevar a cabo con el m\u00ednimo riesgo posible para participantes y espectadores. La exposici\u00f3n de motivos establece que \u201cun adecuado y contundente r\u00e9gimen sancionador\u201d redundar\u00e1 en un mayor cumplimiento de las indicaciones.<\/p>\n<p>La idea es que la ordenanza pueda estar ya en vigor para los ocho encierros de 2014 por lo que, tras el debate del pr\u00f3ximo lunes, el texto podr\u00e1 ser aprobado por la Junta de Gobierno Local. Despu\u00e9s, una segunda comisi\u00f3n de Presidencia dar\u00eda su pase a Pleno, es el \u00f3rgano que tiene atribuida la competencia de su aprobaci\u00f3n inicial.<\/p>\n<p><strong>Disposiciones generales<\/strong><\/p>\n<p>Con car\u00e1cter general el proyecto de nueva regulaci\u00f3n establece que el encierro de los toros es un acto peligroso, por lo que las medidas de seguridad que lo regulan han de ser cumplidas con el m\u00e1ximo rigor, atendiendo las indicaciones del personal encargado de su vigilancia y regulaci\u00f3n, as\u00ed como las disposiciones que en orden a su celebraci\u00f3n se especifican cada a\u00f1o en el Bando Municipal para las fiestas de San Ferm\u00edn. Adem\u00e1s se considera que las instrucciones del personal t\u00e9cnico (pastores, dobladores, etc.) debe ser obligatoriamente atendido por los participantes en la carrera. La Ordenanza se aplicara, dice el texto, \u201ccon car\u00e1cter supletorio al (&#8230;) Reglamento de Espect\u00e1culos Taurinos\u201d (DF 249\/1992, de 26 de junio).<\/p>\n<p>El texto recuerda el recorrido f\u00edsico del encierro y establece que todas las carreras de toros tendr\u00e1n lugar a las 8 de la ma\u00f1ana, salvo fuerza mayor. Tambi\u00e9n recoge el sistema de avisos a la ciudadan\u00eda mediante el lanzamiento de cuatro cohetes: con la apertura de la puerta de los corrales de Santo Domingo, cuando el \u00faltimo astado abandona el corral, cuando llega el primer toro a la plaza y cuando el \u00faltimo morlaco queda encerrado en los corrales de la Plaza de Toros.<\/p>\n<p><strong>Accesos y previsiones respecto a las calles afectadas<\/strong><\/p>\n<p>Quienes vayan a participar en la carrera deber\u00e1n tener m\u00e1s de 18 a\u00f1os y s\u00f3lo se podr\u00e1n situar en los lugares que establezcan Polic\u00eda Municipal y Polic\u00eda Foral. El acceso a esos espacios se realizar\u00e1 desde los lugares y horarios prefijados por el Consistorio, aunque podr\u00e1 impedirse el acceso, incluso antes de la hora marcada, si los agentes consideran que el n\u00famero de corredores es suficiente para el espacio disponible.<\/p>\n<p>En todo caso a las 7.30 horas el recorrido deber\u00e1 estar totalmente despejado, salvo corredores y personas autorizadas. Queda prohibido a partir de esa hora el acceso de corredores desde portales, y a partir de las 6 horas acceder desde establecimientos comerciales o de hosteler\u00eda situados en el recorrido. Tambi\u00e9n se les prohibe a comerciantes y hosteleros tener funcionando pantallas de reproducci\u00f3n de imagen en fachada o, desde las 7 horas, poner m\u00fasica en el recorrido. Para todos, vecinos y comerciantes, se establece la prohibici\u00f3n de sacar la basura o el vidrio de desecho al recorrido de la carrera o a las calles transversales a \u00e9sta (Tejer\u00eda, Javier y traves\u00eda de Espoz y Mina). Se considera que la limpieza del recorrido es b\u00e1sica para la seguridad, por lo que prohibe dificultar las labores de los veh\u00edculos o las personas que se encargan de ella.<\/p>\n<p>El espacio situado entre los dos vallados, en las zonas en que \u00e9ste exista, estar\u00e1 acotado s\u00f3lo para el personal autorizado y debidamente acreditado que en todo momento deber\u00e1 llevar de forma visible la correspondiente identificaci\u00f3n y autorizaci\u00f3n. El resto de personas ser\u00e1n desalojadas por la polic\u00eda. Adem\u00e1s, durante la celebraci\u00f3n del encierro ese espacio tendr\u00e1 prioridad como refugio de los corredores que, en situaci\u00f3n de riesgo, necesiten protecci\u00f3n.<\/p>\n<p><strong>Tipificaci\u00f3n graduada de faltas<\/strong><\/p>\n<p>El proyecto de futura regulaci\u00f3n municipal recoge, de forma pormenorizada, un conjunto de conductas prohibidas que se considera que pueden poner en riesgo la seguridad de la carrera y que son clasificadas como leves, graves y muy graves, siempre modificables en funci\u00f3n del peligro que puedan generar para la integridad f\u00edsica de las personas.<\/p>\n<p>En el texto se consideran faltas muy graves, y ser\u00e1n objeto de denuncia administrativa con multa de 1.501 a 3.000 euros, la participaci\u00f3n en el encierro con medios mec\u00e1nicos de desplazamiento (patines, monopatines, bicicletas etc.), la reiteraci\u00f3n de faltas graves y cualquier actitud que genere riesgo para la integridad f\u00edsica de las personas, incluida la de la persona infractora.<\/p>\n<p>Son, seg\u00fan el texto, faltas graves sancionables con multa de 751 a 1.500 euros, la reiteraci\u00f3n de faltas leves, la instalaci\u00f3n de elementos que invadan el espacio horizontal, vertical o a\u00e9reo del recorrido, salvo autorizaci\u00f3n expresa y singular del Ayuntamiento, o sobrevolar el recorrido. Tambi\u00e9n se sanciona as\u00ed permanecer en el recorrido en estado de embriaguez, bajo los efectos de sustancias estupefacientes o sin ostentar plenas condiciones f\u00edsicas y ps\u00edquicas, arrojar objetos en el recorrido del encierro una vez que ha sido limpiado o durante su desarrollo, correr hacia las reses o detr\u00e1s de ellas creando peligro y tocar, citar o llamar la atenci\u00f3n de las reses, salvo que se realice para evitar una cogida.<\/p>\n<p>Asimismo son tipificadas como faltas graves, pararse en el recorrido y quedarse en el vallado, barreras o portales de manera que se dificulte la carrera o defensa de los corredores, utilizar sin la debida autorizaci\u00f3n cualquier medio reproductor de imagen o sonido, dentro del recorrido o de los vallados reservados y cualquier otra actuaci\u00f3n que pueda dificultar de modo grave el normal desarrollo del encierro.<\/p>\n<p><strong>Las faltas leves<\/strong><\/p>\n<p>La tabla de faltas leves, que llevan aparejada la multa de hasta 750 euros, recoge el encaramarse a elementos que no ofrezcan garant\u00eda de seguridad suficiente dentro del recorrido del encierro, situarse en las zonas y lugares del recorrido del encierro que expresamente proh\u00edba la futura ordenanza, el Bando de Alcald\u00eda o los miembros de las fuerzas y cuerpos de seguridad y desbordar las barreras o l\u00edmites que los agentes establezcan en el recorrido del encierro.<\/p>\n<p>Asimismo ser\u00e1 falta leve el mantener abiertas las puertas y portales de los edificios situados en el recorrido del encierro, llevar vestuario o calzado inadecuado para la participaci\u00f3n en el encierro y portar objetos inconvenientes para el buen orden y seguridad del encierro (mochilas, bolsos, botellas, vasos, m\u00e1quinas fotogr\u00e1ficas o de v\u00eddeo, aparatos para grabar im\u00e1genes, micr\u00f3fonos, etc.) Tambi\u00e9n ser\u00e1 considerada leve la emisi\u00f3n de m\u00fasica hacia el recorrido del encierro a partir de las 7 horas, obstaculizar las labores de limpieza del recorrido y tirar cohetes, petardos o cualquier artificio pirot\u00e9cnico entre las 7 y las 8.30 horas.<\/p>\n<p>Como cl\u00e1usula de cierre, el texto recoge que ser\u00e1n consideradas faltas leves todas aquellas acciones u omisiones contrarias a lo establecido en la ordenanza que no hayan sido tipificadas como muy graves o graves.<\/p>\n","protected":false},"excerpt":{"rendered":"<p>El texto pasar\u00e1 el lunes para su debate a la comisi\u00f3n de Presidencia para iniciar un proceso que permita que entre en vigor en estos Sanfermines El pr\u00f3ximo lunes se&#8230;<\/p>\n","protected":false},"author":1,"featured_media":903,"comment_status":"open","ping_status":"open","sticky":false,"template":"","format":"standard","meta":{"footnotes":""},"categories":[2],"tags":[199,5,6,566,553,567,8,568,9,506],"class_list":["post-902","post","type-post","status-publish","format-standard","has-post-thumbnail","hentry","category-ayuntamiento-pamplona","tag-199","tag-actualidad","tag-ayto-pamplona","tag-conductas-tipificadas","tag-encierro","tag-multas-de-hasta-3-000-euros","tag-noticias","tag-ordenanza-del-encierro","tag-pamplona","tag-san-fermin"],"yoast_head":"<!-- This site is optimized with the Yoast SEO plugin v27.5 - https:\/\/yoast.com\/product\/yoast-seo-wordpress\/ -->\n<title>Las conductas tipificadas en el proyecto de ordenanza del Encierro llevar\u00e1n aparejadas multas de hasta 3.000 euros, pudiendo hacerse el cobro provisional en el acto<\/title>\n<meta name=\"robots\" content=\"index, follow, max-snippet:-1, max-image-preview:large, max-video-preview:-1\" \/>\n<link rel=\"canonical\" href=\"https:\/\/www.laguiadepamplona.com\/actualidad\/las-conductas-tipificadas-en-el-proyecto-de-ordenanza-del-encierro-llevaran-aparejadas-multas-de-hasta-3-000-euros-pudiendo-hacerse-el-cobro-provisional-en-el-acto\/\" \/>\n<meta property=\"og:locale\" content=\"es_ES\" \/>\n<meta property=\"og:type\" content=\"article\" \/>\n<meta property=\"og:title\" content=\"Las conductas tipificadas en el proyecto de ordenanza del Encierro llevar\u00e1n aparejadas multas de hasta 3.000 euros, pudiendo hacerse el cobro provisional en el acto\" \/>\n<meta property=\"og:description\" content=\"El texto pasar\u00e1 el lunes para su debate a la comisi\u00f3n de Presidencia para iniciar un proceso que permita que entre en vigor en estos Sanfermines El pr\u00f3ximo lunes se...\" \/>\n<meta property=\"og:url\" content=\"https:\/\/www.laguiadepamplona.com\/actualidad\/las-conductas-tipificadas-en-el-proyecto-de-ordenanza-del-encierro-llevaran-aparejadas-multas-de-hasta-3-000-euros-pudiendo-hacerse-el-cobro-provisional-en-el-acto\/\" \/>\n<meta property=\"og:site_name\" content=\"La Gu\u00eda de Pamplona\" \/>\n<meta property=\"article:publisher\" content=\"https:\/\/www.facebook.com\/laguiadepamplonacom-133175176762273\/?ref=hl\" \/>\n<meta property=\"article:published_time\" content=\"2014-03-25T15:17:34+00:00\" \/>\n<meta name=\"author\" content=\"La Gu\u00eda de Pamplona\" \/>\n<meta name=\"twitter:card\" content=\"summary_large_image\" \/>\n<meta name=\"twitter:creator\" content=\"@LaGuiadPamplona\" \/>\n<meta name=\"twitter:site\" content=\"@LaGuiadPamplona\" \/>\n<meta name=\"twitter:label1\" content=\"Escrito por\" \/>\n\t<meta name=\"twitter:data1\" content=\"La Gu\u00eda de Pamplona\" \/>\n\t<meta name=\"twitter:label2\" content=\"Tiempo de lectura\" \/>\n\t<meta name=\"twitter:data2\" content=\"7 minutos\" \/>\n<script type=\"application\/ld+json\" class=\"yoast-schema-graph\">{\"@context\":\"https:\\\/\\\/schema.org\",\"@graph\":[{\"@type\":\"Article\",\"@id\":\"https:\\\/\\\/www.laguiadepamplona.com\\\/actualidad\\\/las-conductas-tipificadas-en-el-proyecto-de-ordenanza-del-encierro-llevaran-aparejadas-multas-de-hasta-3-000-euros-pudiendo-hacerse-el-cobro-provisional-en-el-acto\\\/#article\",\"isPartOf\":{\"@id\":\"https:\\\/\\\/www.laguiadepamplona.com\\\/actualidad\\\/las-conductas-tipificadas-en-el-proyecto-de-ordenanza-del-encierro-llevaran-aparejadas-multas-de-hasta-3-000-euros-pudiendo-hacerse-el-cobro-provisional-en-el-acto\\\/\"},\"author\":{\"name\":\"La Gu\u00eda de Pamplona\",\"@id\":\"https:\\\/\\\/www.laguiadepamplona.com\\\/actualidad\\\/#\\\/schema\\\/person\\\/efe887376f0213d4657c93adc50b1fdb\"},\"headline\":\"Las conductas tipificadas en el proyecto de ordenanza del Encierro llevar\u00e1n aparejadas multas de hasta 3.000 euros, pudiendo hacerse el cobro provisional en el acto\",\"datePublished\":\"2014-03-25T15:17:34+00:00\",\"mainEntityOfPage\":{\"@id\":\"https:\\\/\\\/www.laguiadepamplona.com\\\/actualidad\\\/las-conductas-tipificadas-en-el-proyecto-de-ordenanza-del-encierro-llevaran-aparejadas-multas-de-hasta-3-000-euros-pudiendo-hacerse-el-cobro-provisional-en-el-acto\\\/\"},\"wordCount\":1416,\"commentCount\":0,\"publisher\":{\"@id\":\"https:\\\/\\\/www.laguiadepamplona.com\\\/actualidad\\\/#organization\"},\"image\":{\"@id\":\"https:\\\/\\\/www.laguiadepamplona.com\\\/actualidad\\\/las-conductas-tipificadas-en-el-proyecto-de-ordenanza-del-encierro-llevaran-aparejadas-multas-de-hasta-3-000-euros-pudiendo-hacerse-el-cobro-provisional-en-el-acto\\\/#primaryimage\"},\"thumbnailUrl\":\"\",\"keywords\":[\"2014\",\"actualidad\",\"ayto pamplona\",\"conductas tipificadas\",\"encierro\",\"multas de hasta 3.000 euros\",\"noticias\",\"ordenanza del Encierro\",\"pamplona\",\"san ferm\u00edn\"],\"articleSection\":[\"Ayto Pamplona\"],\"inLanguage\":\"es\",\"potentialAction\":[{\"@type\":\"CommentAction\",\"name\":\"Comment\",\"target\":[\"https:\\\/\\\/www.laguiadepamplona.com\\\/actualidad\\\/las-conductas-tipificadas-en-el-proyecto-de-ordenanza-del-encierro-llevaran-aparejadas-multas-de-hasta-3-000-euros-pudiendo-hacerse-el-cobro-provisional-en-el-acto\\\/#respond\"]}]},{\"@type\":\"WebPage\",\"@id\":\"https:\\\/\\\/www.laguiadepamplona.com\\\/actualidad\\\/las-conductas-tipificadas-en-el-proyecto-de-ordenanza-del-encierro-llevaran-aparejadas-multas-de-hasta-3-000-euros-pudiendo-hacerse-el-cobro-provisional-en-el-acto\\\/\",\"url\":\"https:\\\/\\\/www.laguiadepamplona.com\\\/actualidad\\\/las-conductas-tipificadas-en-el-proyecto-de-ordenanza-del-encierro-llevaran-aparejadas-multas-de-hasta-3-000-euros-pudiendo-hacerse-el-cobro-provisional-en-el-acto\\\/\",\"name\":\"Las conductas tipificadas en el proyecto de ordenanza del Encierro llevar\u00e1n aparejadas multas de hasta 3.000 euros, pudiendo hacerse el cobro provisional en el acto\",\"isPartOf\":{\"@id\":\"https:\\\/\\\/www.laguiadepamplona.com\\\/actualidad\\\/#website\"},\"primaryImageOfPage\":{\"@id\":\"https:\\\/\\\/www.laguiadepamplona.com\\\/actualidad\\\/las-conductas-tipificadas-en-el-proyecto-de-ordenanza-del-encierro-llevaran-aparejadas-multas-de-hasta-3-000-euros-pudiendo-hacerse-el-cobro-provisional-en-el-acto\\\/#primaryimage\"},\"image\":{\"@id\":\"https:\\\/\\\/www.laguiadepamplona.com\\\/actualidad\\\/las-conductas-tipificadas-en-el-proyecto-de-ordenanza-del-encierro-llevaran-aparejadas-multas-de-hasta-3-000-euros-pudiendo-hacerse-el-cobro-provisional-en-el-acto\\\/#primaryimage\"},\"thumbnailUrl\":\"\",\"datePublished\":\"2014-03-25T15:17:34+00:00\",\"breadcrumb\":{\"@id\":\"https:\\\/\\\/www.laguiadepamplona.com\\\/actualidad\\\/las-conductas-tipificadas-en-el-proyecto-de-ordenanza-del-encierro-llevaran-aparejadas-multas-de-hasta-3-000-euros-pudiendo-hacerse-el-cobro-provisional-en-el-acto\\\/#breadcrumb\"},\"inLanguage\":\"es\",\"potentialAction\":[{\"@type\":\"ReadAction\",\"target\":[\"https:\\\/\\\/www.laguiadepamplona.com\\\/actualidad\\\/las-conductas-tipificadas-en-el-proyecto-de-ordenanza-del-encierro-llevaran-aparejadas-multas-de-hasta-3-000-euros-pudiendo-hacerse-el-cobro-provisional-en-el-acto\\\/\"]}]},{\"@type\":\"ImageObject\",\"inLanguage\":\"es\",\"@id\":\"https:\\\/\\\/www.laguiadepamplona.com\\\/actualidad\\\/las-conductas-tipificadas-en-el-proyecto-de-ordenanza-del-encierro-llevaran-aparejadas-multas-de-hasta-3-000-euros-pudiendo-hacerse-el-cobro-provisional-en-el-acto\\\/#primaryimage\",\"url\":\"\",\"contentUrl\":\"\"},{\"@type\":\"BreadcrumbList\",\"@id\":\"https:\\\/\\\/www.laguiadepamplona.com\\\/actualidad\\\/las-conductas-tipificadas-en-el-proyecto-de-ordenanza-del-encierro-llevaran-aparejadas-multas-de-hasta-3-000-euros-pudiendo-hacerse-el-cobro-provisional-en-el-acto\\\/#breadcrumb\",\"itemListElement\":[{\"@type\":\"ListItem\",\"position\":1,\"name\":\"Portada\",\"item\":\"https:\\\/\\\/www.laguiadepamplona.com\\\/actualidad\\\/\"},{\"@type\":\"ListItem\",\"position\":2,\"name\":\"Las conductas tipificadas en el proyecto de ordenanza del Encierro llevar\u00e1n aparejadas multas de hasta 3.000 euros, pudiendo hacerse el cobro provisional en el acto\"}]},{\"@type\":\"WebSite\",\"@id\":\"https:\\\/\\\/www.laguiadepamplona.com\\\/actualidad\\\/#website\",\"url\":\"https:\\\/\\\/www.laguiadepamplona.com\\\/actualidad\\\/\",\"name\":\"La gu\u00eda de Pamplona\",\"description\":\"Noticias de Pamplona\",\"publisher\":{\"@id\":\"https:\\\/\\\/www.laguiadepamplona.com\\\/actualidad\\\/#organization\"},\"potentialAction\":[{\"@type\":\"SearchAction\",\"target\":{\"@type\":\"EntryPoint\",\"urlTemplate\":\"https:\\\/\\\/www.laguiadepamplona.com\\\/actualidad\\\/?s={search_term_string}\"},\"query-input\":{\"@type\":\"PropertyValueSpecification\",\"valueRequired\":true,\"valueName\":\"search_term_string\"}}],\"inLanguage\":\"es\"},{\"@type\":\"Organization\",\"@id\":\"https:\\\/\\\/www.laguiadepamplona.com\\\/actualidad\\\/#organization\",\"name\":\"La Gu\u00eda de Pamplona \\\/ Noticias\",\"url\":\"https:\\\/\\\/www.laguiadepamplona.com\\\/actualidad\\\/\",\"logo\":{\"@type\":\"ImageObject\",\"inLanguage\":\"es\",\"@id\":\"https:\\\/\\\/www.laguiadepamplona.com\\\/actualidad\\\/#\\\/schema\\\/logo\\\/image\\\/\",\"url\":\"https:\\\/\\\/www.laguiadepamplona.com\\\/actualidad\\\/wp-content\\\/uploads\\\/2018\\\/11\\\/logo-laguiadepamplona18-web1.png\",\"contentUrl\":\"https:\\\/\\\/www.laguiadepamplona.com\\\/actualidad\\\/wp-content\\\/uploads\\\/2018\\\/11\\\/logo-laguiadepamplona18-web1.png\",\"width\":600,\"height\":196,\"caption\":\"La Gu\u00eda de Pamplona \\\/ Noticias\"},\"image\":{\"@id\":\"https:\\\/\\\/www.laguiadepamplona.com\\\/actualidad\\\/#\\\/schema\\\/logo\\\/image\\\/\"},\"sameAs\":[\"https:\\\/\\\/www.facebook.com\\\/laguiadepamplonacom-133175176762273\\\/?ref=hl\",\"https:\\\/\\\/x.com\\\/LaGuiadPamplona\",\"https:\\\/\\\/www.instagram.com\\\/la_guia_de_pamplona\\\/\",\"https:\\\/\\\/www.youtube.com\\\/user\\\/laguiadepamplona\"]},{\"@type\":\"Person\",\"@id\":\"https:\\\/\\\/www.laguiadepamplona.com\\\/actualidad\\\/#\\\/schema\\\/person\\\/efe887376f0213d4657c93adc50b1fdb\",\"name\":\"La Gu\u00eda de Pamplona\",\"image\":{\"@type\":\"ImageObject\",\"inLanguage\":\"es\",\"@id\":\"https:\\\/\\\/secure.gravatar.com\\\/avatar\\\/b6992f131dc8d30ab0dff15446e9d346d9dbd95992de0fef795073f5ea83a81c?s=96&d=mm&r=g\",\"url\":\"https:\\\/\\\/secure.gravatar.com\\\/avatar\\\/b6992f131dc8d30ab0dff15446e9d346d9dbd95992de0fef795073f5ea83a81c?s=96&d=mm&r=g\",\"contentUrl\":\"https:\\\/\\\/secure.gravatar.com\\\/avatar\\\/b6992f131dc8d30ab0dff15446e9d346d9dbd95992de0fef795073f5ea83a81c?s=96&d=mm&r=g\",\"caption\":\"La Gu\u00eda de Pamplona\"}}]}<\/script>\n<!-- \/ Yoast SEO plugin. -->","yoast_head_json":{"title":"Las conductas tipificadas en el proyecto de ordenanza del Encierro llevar\u00e1n aparejadas multas de hasta 3.000 euros, pudiendo hacerse el cobro provisional en el acto","robots":{"index":"index","follow":"follow","max-snippet":"max-snippet:-1","max-image-preview":"max-image-preview:large","max-video-preview":"max-video-preview:-1"},"canonical":"https:\/\/www.laguiadepamplona.com\/actualidad\/las-conductas-tipificadas-en-el-proyecto-de-ordenanza-del-encierro-llevaran-aparejadas-multas-de-hasta-3-000-euros-pudiendo-hacerse-el-cobro-provisional-en-el-acto\/","og_locale":"es_ES","og_type":"article","og_title":"Las conductas tipificadas en el proyecto de ordenanza del Encierro llevar\u00e1n aparejadas multas de hasta 3.000 euros, pudiendo hacerse el cobro provisional en el acto","og_description":"El texto pasar\u00e1 el lunes para su debate a la comisi\u00f3n de Presidencia para iniciar un proceso que permita que entre en vigor en estos Sanfermines El pr\u00f3ximo lunes se...","og_url":"https:\/\/www.laguiadepamplona.com\/actualidad\/las-conductas-tipificadas-en-el-proyecto-de-ordenanza-del-encierro-llevaran-aparejadas-multas-de-hasta-3-000-euros-pudiendo-hacerse-el-cobro-provisional-en-el-acto\/","og_site_name":"La Gu\u00eda de Pamplona","article_publisher":"https:\/\/www.facebook.com\/laguiadepamplonacom-133175176762273\/?ref=hl","article_published_time":"2014-03-25T15:17:34+00:00","author":"La Gu\u00eda de Pamplona","twitter_card":"summary_large_image","twitter_creator":"@LaGuiadPamplona","twitter_site":"@LaGuiadPamplona","twitter_misc":{"Escrito por":"La Gu\u00eda de Pamplona","Tiempo de lectura":"7 minutos"},"schema":{"@context":"https:\/\/schema.org","@graph":[{"@type":"Article","@id":"https:\/\/www.laguiadepamplona.com\/actualidad\/las-conductas-tipificadas-en-el-proyecto-de-ordenanza-del-encierro-llevaran-aparejadas-multas-de-hasta-3-000-euros-pudiendo-hacerse-el-cobro-provisional-en-el-acto\/#article","isPartOf":{"@id":"https:\/\/www.laguiadepamplona.com\/actualidad\/las-conductas-tipificadas-en-el-proyecto-de-ordenanza-del-encierro-llevaran-aparejadas-multas-de-hasta-3-000-euros-pudiendo-hacerse-el-cobro-provisional-en-el-acto\/"},"author":{"name":"La Gu\u00eda de Pamplona","@id":"https:\/\/www.laguiadepamplona.com\/actualidad\/#\/schema\/person\/efe887376f0213d4657c93adc50b1fdb"},"headline":"Las conductas tipificadas en el proyecto de ordenanza del Encierro llevar\u00e1n aparejadas multas de hasta 3.000 euros, pudiendo hacerse el cobro provisional en el acto","datePublished":"2014-03-25T15:17:34+00:00","mainEntityOfPage":{"@id":"https:\/\/www.laguiadepamplona.com\/actualidad\/las-conductas-tipificadas-en-el-proyecto-de-ordenanza-del-encierro-llevaran-aparejadas-multas-de-hasta-3-000-euros-pudiendo-hacerse-el-cobro-provisional-en-el-acto\/"},"wordCount":1416,"commentCount":0,"publisher":{"@id":"https:\/\/www.laguiadepamplona.com\/actualidad\/#organization"},"image":{"@id":"https:\/\/www.laguiadepamplona.com\/actualidad\/las-conductas-tipificadas-en-el-proyecto-de-ordenanza-del-encierro-llevaran-aparejadas-multas-de-hasta-3-000-euros-pudiendo-hacerse-el-cobro-provisional-en-el-acto\/#primaryimage"},"thumbnailUrl":"","keywords":["2014","actualidad","ayto pamplona","conductas tipificadas","encierro","multas de hasta 3.000 euros","noticias","ordenanza del Encierro","pamplona","san ferm\u00edn"],"articleSection":["Ayto Pamplona"],"inLanguage":"es","potentialAction":[{"@type":"CommentAction","name":"Comment","target":["https:\/\/www.laguiadepamplona.com\/actualidad\/las-conductas-tipificadas-en-el-proyecto-de-ordenanza-del-encierro-llevaran-aparejadas-multas-de-hasta-3-000-euros-pudiendo-hacerse-el-cobro-provisional-en-el-acto\/#respond"]}]},{"@type":"WebPage","@id":"https:\/\/www.laguiadepamplona.com\/actualidad\/las-conductas-tipificadas-en-el-proyecto-de-ordenanza-del-encierro-llevaran-aparejadas-multas-de-hasta-3-000-euros-pudiendo-hacerse-el-cobro-provisional-en-el-acto\/","url":"https:\/\/www.laguiadepamplona.com\/actualidad\/las-conductas-tipificadas-en-el-proyecto-de-ordenanza-del-encierro-llevaran-aparejadas-multas-de-hasta-3-000-euros-pudiendo-hacerse-el-cobro-provisional-en-el-acto\/","name":"Las conductas tipificadas en el proyecto de ordenanza del Encierro llevar\u00e1n aparejadas multas de hasta 3.000 euros, pudiendo hacerse el cobro provisional en el acto","isPartOf":{"@id":"https:\/\/www.laguiadepamplona.com\/actualidad\/#website"},"primaryImageOfPage":{"@id":"https:\/\/www.laguiadepamplona.com\/actualidad\/las-conductas-tipificadas-en-el-proyecto-de-ordenanza-del-encierro-llevaran-aparejadas-multas-de-hasta-3-000-euros-pudiendo-hacerse-el-cobro-provisional-en-el-acto\/#primaryimage"},"image":{"@id":"https:\/\/www.laguiadepamplona.com\/actualidad\/las-conductas-tipificadas-en-el-proyecto-de-ordenanza-del-encierro-llevaran-aparejadas-multas-de-hasta-3-000-euros-pudiendo-hacerse-el-cobro-provisional-en-el-acto\/#primaryimage"},"thumbnailUrl":"","datePublished":"2014-03-25T15:17:34+00:00","breadcrumb":{"@id":"https:\/\/www.laguiadepamplona.com\/actualidad\/las-conductas-tipificadas-en-el-proyecto-de-ordenanza-del-encierro-llevaran-aparejadas-multas-de-hasta-3-000-euros-pudiendo-hacerse-el-cobro-provisional-en-el-acto\/#breadcrumb"},"inLanguage":"es","potentialAction":[{"@type":"ReadAction","target":["https:\/\/www.laguiadepamplona.com\/actualidad\/las-conductas-tipificadas-en-el-proyecto-de-ordenanza-del-encierro-llevaran-aparejadas-multas-de-hasta-3-000-euros-pudiendo-hacerse-el-cobro-provisional-en-el-acto\/"]}]},{"@type":"ImageObject","inLanguage":"es","@id":"https:\/\/www.laguiadepamplona.com\/actualidad\/las-conductas-tipificadas-en-el-proyecto-de-ordenanza-del-encierro-llevaran-aparejadas-multas-de-hasta-3-000-euros-pudiendo-hacerse-el-cobro-provisional-en-el-acto\/#primaryimage","url":"","contentUrl":""},{"@type":"BreadcrumbList","@id":"https:\/\/www.laguiadepamplona.com\/actualidad\/las-conductas-tipificadas-en-el-proyecto-de-ordenanza-del-encierro-llevaran-aparejadas-multas-de-hasta-3-000-euros-pudiendo-hacerse-el-cobro-provisional-en-el-acto\/#breadcrumb","itemListElement":[{"@type":"ListItem","position":1,"name":"Portada","item":"https:\/\/www.laguiadepamplona.com\/actualidad\/"},{"@type":"ListItem","position":2,"name":"Las conductas tipificadas en el proyecto de ordenanza del Encierro llevar\u00e1n aparejadas multas de hasta 3.000 euros, pudiendo hacerse el cobro provisional en el acto"}]},{"@type":"WebSite","@id":"https:\/\/www.laguiadepamplona.com\/actualidad\/#website","url":"https:\/\/www.laguiadepamplona.com\/actualidad\/","name":"La gu\u00eda de Pamplona","description":"Noticias de Pamplona","publisher":{"@id":"https:\/\/www.laguiadepamplona.com\/actualidad\/#organization"},"potentialAction":[{"@type":"SearchAction","target":{"@type":"EntryPoint","urlTemplate":"https:\/\/www.laguiadepamplona.com\/actualidad\/?s={search_term_string}"},"query-input":{"@type":"PropertyValueSpecification","valueRequired":true,"valueName":"search_term_string"}}],"inLanguage":"es"},{"@type":"Organization","@id":"https:\/\/www.laguiadepamplona.com\/actualidad\/#organization","name":"La Gu\u00eda de Pamplona \/ Noticias","url":"https:\/\/www.laguiadepamplona.com\/actualidad\/","logo":{"@type":"ImageObject","inLanguage":"es","@id":"https:\/\/www.laguiadepamplona.com\/actualidad\/#\/schema\/logo\/image\/","url":"https:\/\/www.laguiadepamplona.com\/actualidad\/wp-content\/uploads\/2018\/11\/logo-laguiadepamplona18-web1.png","contentUrl":"https:\/\/www.laguiadepamplona.com\/actualidad\/wp-content\/uploads\/2018\/11\/logo-laguiadepamplona18-web1.png","width":600,"height":196,"caption":"La Gu\u00eda de Pamplona \/ Noticias"},"image":{"@id":"https:\/\/www.laguiadepamplona.com\/actualidad\/#\/schema\/logo\/image\/"},"sameAs":["https:\/\/www.facebook.com\/laguiadepamplonacom-133175176762273\/?ref=hl","https:\/\/x.com\/LaGuiadPamplona","https:\/\/www.instagram.com\/la_guia_de_pamplona\/","https:\/\/www.youtube.com\/user\/laguiadepamplona"]},{"@type":"Person","@id":"https:\/\/www.laguiadepamplona.com\/actualidad\/#\/schema\/person\/efe887376f0213d4657c93adc50b1fdb","name":"La Gu\u00eda de Pamplona","image":{"@type":"ImageObject","inLanguage":"es","@id":"https:\/\/secure.gravatar.com\/avatar\/b6992f131dc8d30ab0dff15446e9d346d9dbd95992de0fef795073f5ea83a81c?s=96&d=mm&r=g","url":"https:\/\/secure.gravatar.com\/avatar\/b6992f131dc8d30ab0dff15446e9d346d9dbd95992de0fef795073f5ea83a81c?s=96&d=mm&r=g","contentUrl":"https:\/\/secure.gravatar.com\/avatar\/b6992f131dc8d30ab0dff15446e9d346d9dbd95992de0fef795073f5ea83a81c?s=96&d=mm&r=g","caption":"La Gu\u00eda de Pamplona"}}]}},"post_mailing_queue_ids":[],"_links":{"self":[{"href":"https:\/\/www.laguiadepamplona.com\/actualidad\/wp-json\/wp\/v2\/posts\/902","targetHints":{"allow":["GET"]}}],"collection":[{"href":"https:\/\/www.laguiadepamplona.com\/actualidad\/wp-json\/wp\/v2\/posts"}],"about":[{"href":"https:\/\/www.laguiadepamplona.com\/actualidad\/wp-json\/wp\/v2\/types\/post"}],"author":[{"embeddable":true,"href":"https:\/\/www.laguiadepamplona.com\/actualidad\/wp-json\/wp\/v2\/users\/1"}],"replies":[{"embeddable":true,"href":"https:\/\/www.laguiadepamplona.com\/actualidad\/wp-json\/wp\/v2\/comments?post=902"}],"version-history":[{"count":0,"href":"https:\/\/www.laguiadepamplona.com\/actualidad\/wp-json\/wp\/v2\/posts\/902\/revisions"}],"wp:featuredmedia":[{"embeddable":true,"href":"https:\/\/www.laguiadepamplona.com\/actualidad\/wp-json\/"}],"wp:attachment":[{"href":"https:\/\/www.laguiadepamplona.com\/actualidad\/wp-json\/wp\/v2\/media?parent=902"}],"wp:term":[{"taxonomy":"category","embeddable":true,"href":"https:\/\/www.laguiadepamplona.com\/actualidad\/wp-json\/wp\/v2\/categories?post=902"},{"taxonomy":"post_tag","embeddable":true,"href":"https:\/\/www.laguiadepamplona.com\/actualidad\/wp-json\/wp\/v2\/tags?post=902"}],"curies":[{"name":"wp","href":"https:\/\/api.w.org\/{rel}","templated":true}]}}