{"id":900,"date":"2014-03-25T16:09:10","date_gmt":"2014-03-25T15:09:10","guid":{"rendered":"http:\/\/laguiadepamplona.es\/noticias\/?p=900"},"modified":"2014-03-25T16:09:10","modified_gmt":"2014-03-25T15:09:10","slug":"pamplona-recoge-este-mediodia-en-madrid-dos-premios-de-la-fundacion-sociedad-de-la-informacion-por-sus-avances-en-el-ambito-de-las-ciudades-inteligentes","status":"publish","type":"post","link":"https:\/\/www.laguiadepamplona.com\/actualidad\/pamplona-recoge-este-mediodia-en-madrid-dos-premios-de-la-fundacion-sociedad-de-la-informacion-por-sus-avances-en-el-ambito-de-las-ciudades-inteligentes\/","title":{"rendered":"Pamplona recoge este mediod\u00eda en Madrid dos premios de la Fundaci\u00f3n Sociedad de la Informaci\u00f3n, por sus avances en el \u00e1mbito de las \u2018Ciudades Inteligentes\u2019"},"content":{"rendered":"<h6>Los galardones reconocen el trabajo realizado en la gesti\u00f3n integral de la factura electr\u00f3nica y el dise\u00f1o de la aplicaci\u00f3n tur\u00edstica para m\u00f3viles<\/h6>\n<p><a href=\"http:\/\/laguiadepamplona.es\/noticias\/wp-content\/uploads\/2014\/03\/premio_sociedad_informacion_2014.jpg\"><img loading=\"lazy\" decoding=\"async\" class=\"alignleft size-medium wp-image-905\" alt=\"premio_sociedad_informacion_2014\" src=\"http:\/\/laguiadepamplona.es\/noticias\/wp-content\/uploads\/2014\/03\/premio_sociedad_informacion_2014-300x224.jpg\" width=\"300\" height=\"224\" \/><\/a>El Ayuntamiento de Pamplona ha recogido hoy en Madrid dos premios otorgados por la Fundaci\u00f3n Socinfo S.L. y la revista \u201cSociedad de la Informaci\u00f3n\u201d, por su trabajo en torno a la configuraci\u00f3n de una \u2018Ciudad Inteligente\u2019. El acto ha sido presidido por Elena Nevado del Campo, alcaldesa de C\u00e1ceres y vicepresidenta de las Red Espa\u00f1ola de Ciudades Inteligentes (RECI), de la que Pamplona es miembro.<\/p>\n<p>Lo obtenido son sendos galardones del certamen \u201cContratos y Proyectos Smart Cities 2014\u201d, en el que Pamplona ha sido vencedora en 2 de las 9 modalidades a concurso. Las categor\u00edas en las que ha obtenido premio han sido \u2018Democracia electr\u00f3nica\u2019, por la gesti\u00f3n integral de la factura electr\u00f3nica dentro del Consistorio, y en \u2018Sector Turismo\u2019, por la apps para m\u00f3viles, que en dos meses de funcionamiento lleva ya m\u00e1s de 1.000 descargas. Pamplona ha sido la \u00fanica ciudad en recibir doble galard\u00f3n.<\/p>\n<p>La concejala delegada de Empleo, Comercio y Turismo, Mar\u00eda Caballero, y el gerente del Ayuntamiento de Pamplona, Jos\u00e9 Vicente Valdenebro, han recogido los galardones al final de una jornada pr\u00e1ctica en la que, adem\u00e1s, \u00e9ste \u00faltimo ha presentado una ponencia sobre la experiencia pr\u00e1ctica de Pamplona en el campo de las Smart Cities y centrando en el proceso de modernizaci\u00f3n de la gesti\u00f3n municipal.<\/p>\n<p>Junto con la capital navarra en otras modalidades han sido premiadas Santander, Rivas-Vaciamadrid, Murcia, Madrid, A Coru\u00f1a, Valladolid y Palencia. Barakaldo y Madrid han obtenido, adem\u00e1s, dos accesits.<\/p>\n<p><strong>Premio \u2018Democracia Electr\u00f3nica\u2019<\/strong><\/p>\n<p>Pamplona ha obtenido el primer galard\u00f3n en la categor\u00eda \u2018Democracia electr\u00f3nica\u2019, por la gesti\u00f3n integral de la factura electr\u00f3nica. El Ayuntamiento de Pamplona ha registrado en el a\u00f1o 2013 la cifra de 12.242 facturas de las que un 76% (9.351) entraron en el sistema ya con formato digital; a fines de febrero de 2014 y el porcentaje rondaba el 90%. Hoy, seg\u00fan los indicadores municipales de seguimiento, los proveedores de la entidad local est\u00e1n cobrando en una media de menos de 30 d\u00edas.<\/p>\n<p>Seg\u00fan la web de los premios lo articulado en la capital navarra es un sistema win-to-win en el que, tanto el emisor de facturas, como el Ayuntamiento, se benefician de su implantaci\u00f3n. Adem\u00e1s, dice la rese\u00f1a \u201cpor ello el Ayuntamiento se marc\u00f3 unos objetivos de reducci\u00f3n de costes para ambas partes. Asimismo, el Ayuntamiento tambi\u00e9n ten\u00eda inter\u00e9s en actuar como prescriptor de la factura electr\u00f3nica (uno de las ideas apuntadas en la Agenda Digital Europea), colaborando de esta forma en incrementar la competitividad de las empresas con las que se relaciona\u201d.<\/p>\n<p>Con la de Pamplona se presentaban otras 13 propuestas de 9 entidades territoriales distintas: Valencia, Gij\u00f3n, Santander, San Mart\u00edn de la Vega, Sevilla, Cartagena, Molina del Segura, Alcoi y Vizcaya. Compet\u00edan tambi\u00e9n dos plataformas: la Plataforma Open Data de la Empresa Municipal de Transportes de Madrid (EMT) y la Plataforma de visualizaci\u00f3n de la movilidad urbana de la Diputaci\u00f3n Foral de Vizcaya.<\/p>\n<p><strong>Las aplicaciones m\u00f3viles y el turismo<\/strong><\/p>\n<p>Seis eran los proyectos que optaban a galard\u00f3n en la categor\u00eda \u2018Sector Turismo\u2019. Junto con Pamplona se presentaban Cocetaina, Molina del Segura, Ribadesella, Palma de Mallorca y Comillas. La aplicaci\u00f3n para m\u00f3vil \u2018Pamplona Me Gusta\u2019, presentada a finales de enero y que tiene ahora mismo 596 aplicaciones descargadas, instaladas y activas, se ha alzado con el galard\u00f3n.<\/p>\n<p>Esta apps trata de informar sobre los recursos tur\u00edsticos, culturales y patrimoniales de la ciudad y facilitar as\u00ed al visitante un plan de viaje si est\u00e1 pensando en viajar a la ciudad. La descarga de la aplicaci\u00f3n es gratuita se puede obtener en App Store y Google Play y estar\u00e1 disponible en castellano, euskera, ingl\u00e9s y franc\u00e9s. Tiene, adem\u00e1s, un funcionamiento offline, es decir, se puede navegar por ella con normalidad sin requerir la transmisi\u00f3n de datos. Gracias al geoposicionamiento muestra los datos en su contexto geogr\u00e1fico y optimizan la orientaci\u00f3n de los visitantes.<\/p>\n<p>Otras categor\u00edas y premiados<\/p>\n<p>La Fundaci\u00f3n Sociedad de la Informaci\u00f3n (Socinfo) se cre\u00f3 en junio de 2009 y de ella depende el portal <a href=\"http:\/\/www.socinfo.es\/\">www.socinfo.es<\/a>. Su objetivo es contribuir a la divulgaci\u00f3n de experiencias pr\u00e1cticas de \u00e1mbitos de Smart Cities, no de proyectos e intenciones, sino de experiencias mensurables. En esta edici\u00f3n de los premios se han recibido un total de 57 candidaturas de Administraciones P\u00fablicas (con proyecto concreto) y 21 de empresas privadas (a su trayectoria).<\/p>\n<p>Las categor\u00edas y premiados este a\u00f1o, adem\u00e1s de los dos galardones de Pamplona, han sido: <strong>Ayuntamiento de Santander (Movilidad Urbana); Ayuntamiento de Rivas Vaciamadrid (Eficiencia Energ\u00e9tica); Universidad de Murcia (Gesti\u00f3n de Edificios); Ayuntamiento de Madrid (Servicios Salud); Ayuntamiento de A Coru\u00f1a (Gesti\u00f3n Integrada) y Ayuntamientos de Valladolid y Palencia (Coop. AAPP). Entre las empresas privadas los premios han sido para Microsoft (Coop. Empresas) Pixelware (Coop. Empresas) y Zitycard (Coop. Empresas). Adem\u00e1s ha habido dos acc\u00e9sit al Ayuntamiento de Barakaldo y Ayuntamiento de Madrid.<\/strong><\/p>\n<p>&nbsp;<\/p>\n","protected":false},"excerpt":{"rendered":"<p>Los galardones reconocen el trabajo realizado en la gesti\u00f3n integral de la factura electr\u00f3nica y el dise\u00f1o de la aplicaci\u00f3n tur\u00edstica para m\u00f3viles El Ayuntamiento de Pamplona ha recogido hoy&#8230;<\/p>\n","protected":false},"author":1,"featured_media":905,"comment_status":"open","ping_status":"open","sticky":false,"template":"","format":"standard","meta":{"footnotes":""},"categories":[2],"tags":[5,6,564,565,8,9],"class_list":["post-900","post","type-post","status-publish","format-standard","has-post-thumbnail","hentry","category-ayuntamiento-pamplona","tag-actualidad","tag-ayto-pamplona","tag-contratos-y-proyectos-smart-cities-2014","tag-dos-premios","tag-noticias","tag-pamplona"],"yoast_head":"<!-- This site is optimized with the Yoast SEO plugin v27.5 - https:\/\/yoast.com\/product\/yoast-seo-wordpress\/ -->\n<title>Pamplona recoge este mediod\u00eda en Madrid dos premios de la Fundaci\u00f3n Sociedad de la Informaci\u00f3n, por sus avances en el \u00e1mbito de las \u2018Ciudades Inteligentes\u2019<\/title>\n<meta name=\"robots\" content=\"index, follow, max-snippet:-1, max-image-preview:large, max-video-preview:-1\" \/>\n<link rel=\"canonical\" href=\"https:\/\/www.laguiadepamplona.com\/actualidad\/pamplona-recoge-este-mediodia-en-madrid-dos-premios-de-la-fundacion-sociedad-de-la-informacion-por-sus-avances-en-el-ambito-de-las-ciudades-inteligentes\/\" \/>\n<meta property=\"og:locale\" content=\"es_ES\" \/>\n<meta property=\"og:type\" content=\"article\" \/>\n<meta property=\"og:title\" content=\"Pamplona recoge este mediod\u00eda en Madrid dos premios de la Fundaci\u00f3n Sociedad de la Informaci\u00f3n, por sus avances en el \u00e1mbito de las \u2018Ciudades Inteligentes\u2019\" \/>\n<meta property=\"og:description\" content=\"Los galardones reconocen el trabajo realizado en la gesti\u00f3n integral de la factura electr\u00f3nica y el dise\u00f1o de la aplicaci\u00f3n tur\u00edstica para m\u00f3viles El Ayuntamiento de Pamplona ha recogido hoy...\" \/>\n<meta property=\"og:url\" content=\"https:\/\/www.laguiadepamplona.com\/actualidad\/pamplona-recoge-este-mediodia-en-madrid-dos-premios-de-la-fundacion-sociedad-de-la-informacion-por-sus-avances-en-el-ambito-de-las-ciudades-inteligentes\/\" \/>\n<meta property=\"og:site_name\" content=\"La Gu\u00eda de Pamplona\" \/>\n<meta property=\"article:publisher\" content=\"https:\/\/www.facebook.com\/laguiadepamplonacom-133175176762273\/?ref=hl\" \/>\n<meta property=\"article:published_time\" content=\"2014-03-25T15:09:10+00:00\" \/>\n<meta name=\"author\" content=\"La Gu\u00eda de Pamplona\" \/>\n<meta name=\"twitter:card\" content=\"summary_large_image\" \/>\n<meta name=\"twitter:creator\" content=\"@LaGuiadPamplona\" \/>\n<meta name=\"twitter:site\" content=\"@LaGuiadPamplona\" \/>\n<meta name=\"twitter:label1\" content=\"Escrito por\" \/>\n\t<meta name=\"twitter:data1\" content=\"La Gu\u00eda de Pamplona\" \/>\n\t<meta name=\"twitter:label2\" content=\"Tiempo de lectura\" \/>\n\t<meta name=\"twitter:data2\" content=\"4 minutos\" \/>\n<script type=\"application\/ld+json\" class=\"yoast-schema-graph\">{\"@context\":\"https:\\\/\\\/schema.org\",\"@graph\":[{\"@type\":\"Article\",\"@id\":\"https:\\\/\\\/www.laguiadepamplona.com\\\/actualidad\\\/pamplona-recoge-este-mediodia-en-madrid-dos-premios-de-la-fundacion-sociedad-de-la-informacion-por-sus-avances-en-el-ambito-de-las-ciudades-inteligentes\\\/#article\",\"isPartOf\":{\"@id\":\"https:\\\/\\\/www.laguiadepamplona.com\\\/actualidad\\\/pamplona-recoge-este-mediodia-en-madrid-dos-premios-de-la-fundacion-sociedad-de-la-informacion-por-sus-avances-en-el-ambito-de-las-ciudades-inteligentes\\\/\"},\"author\":{\"name\":\"La Gu\u00eda de Pamplona\",\"@id\":\"https:\\\/\\\/www.laguiadepamplona.com\\\/actualidad\\\/#\\\/schema\\\/person\\\/efe887376f0213d4657c93adc50b1fdb\"},\"headline\":\"Pamplona recoge este mediod\u00eda en Madrid dos premios de la Fundaci\u00f3n Sociedad de la Informaci\u00f3n, por sus avances en el \u00e1mbito de las \u2018Ciudades Inteligentes\u2019\",\"datePublished\":\"2014-03-25T15:09:10+00:00\",\"mainEntityOfPage\":{\"@id\":\"https:\\\/\\\/www.laguiadepamplona.com\\\/actualidad\\\/pamplona-recoge-este-mediodia-en-madrid-dos-premios-de-la-fundacion-sociedad-de-la-informacion-por-sus-avances-en-el-ambito-de-las-ciudades-inteligentes\\\/\"},\"wordCount\":913,\"commentCount\":0,\"publisher\":{\"@id\":\"https:\\\/\\\/www.laguiadepamplona.com\\\/actualidad\\\/#organization\"},\"image\":{\"@id\":\"https:\\\/\\\/www.laguiadepamplona.com\\\/actualidad\\\/pamplona-recoge-este-mediodia-en-madrid-dos-premios-de-la-fundacion-sociedad-de-la-informacion-por-sus-avances-en-el-ambito-de-las-ciudades-inteligentes\\\/#primaryimage\"},\"thumbnailUrl\":\"\",\"keywords\":[\"actualidad\",\"ayto pamplona\",\"Contratos y Proyectos Smart Cities 2014\",\"dos premios\",\"noticias\",\"pamplona\"],\"articleSection\":[\"Ayto Pamplona\"],\"inLanguage\":\"es\",\"potentialAction\":[{\"@type\":\"CommentAction\",\"name\":\"Comment\",\"target\":[\"https:\\\/\\\/www.laguiadepamplona.com\\\/actualidad\\\/pamplona-recoge-este-mediodia-en-madrid-dos-premios-de-la-fundacion-sociedad-de-la-informacion-por-sus-avances-en-el-ambito-de-las-ciudades-inteligentes\\\/#respond\"]}]},{\"@type\":\"WebPage\",\"@id\":\"https:\\\/\\\/www.laguiadepamplona.com\\\/actualidad\\\/pamplona-recoge-este-mediodia-en-madrid-dos-premios-de-la-fundacion-sociedad-de-la-informacion-por-sus-avances-en-el-ambito-de-las-ciudades-inteligentes\\\/\",\"url\":\"https:\\\/\\\/www.laguiadepamplona.com\\\/actualidad\\\/pamplona-recoge-este-mediodia-en-madrid-dos-premios-de-la-fundacion-sociedad-de-la-informacion-por-sus-avances-en-el-ambito-de-las-ciudades-inteligentes\\\/\",\"name\":\"Pamplona recoge este mediod\u00eda en Madrid dos premios de la Fundaci\u00f3n Sociedad de la Informaci\u00f3n, por sus avances en el \u00e1mbito de las \u2018Ciudades Inteligentes\u2019\",\"isPartOf\":{\"@id\":\"https:\\\/\\\/www.laguiadepamplona.com\\\/actualidad\\\/#website\"},\"primaryImageOfPage\":{\"@id\":\"https:\\\/\\\/www.laguiadepamplona.com\\\/actualidad\\\/pamplona-recoge-este-mediodia-en-madrid-dos-premios-de-la-fundacion-sociedad-de-la-informacion-por-sus-avances-en-el-ambito-de-las-ciudades-inteligentes\\\/#primaryimage\"},\"image\":{\"@id\":\"https:\\\/\\\/www.laguiadepamplona.com\\\/actualidad\\\/pamplona-recoge-este-mediodia-en-madrid-dos-premios-de-la-fundacion-sociedad-de-la-informacion-por-sus-avances-en-el-ambito-de-las-ciudades-inteligentes\\\/#primaryimage\"},\"thumbnailUrl\":\"\",\"datePublished\":\"2014-03-25T15:09:10+00:00\",\"breadcrumb\":{\"@id\":\"https:\\\/\\\/www.laguiadepamplona.com\\\/actualidad\\\/pamplona-recoge-este-mediodia-en-madrid-dos-premios-de-la-fundacion-sociedad-de-la-informacion-por-sus-avances-en-el-ambito-de-las-ciudades-inteligentes\\\/#breadcrumb\"},\"inLanguage\":\"es\",\"potentialAction\":[{\"@type\":\"ReadAction\",\"target\":[\"https:\\\/\\\/www.laguiadepamplona.com\\\/actualidad\\\/pamplona-recoge-este-mediodia-en-madrid-dos-premios-de-la-fundacion-sociedad-de-la-informacion-por-sus-avances-en-el-ambito-de-las-ciudades-inteligentes\\\/\"]}]},{\"@type\":\"ImageObject\",\"inLanguage\":\"es\",\"@id\":\"https:\\\/\\\/www.laguiadepamplona.com\\\/actualidad\\\/pamplona-recoge-este-mediodia-en-madrid-dos-premios-de-la-fundacion-sociedad-de-la-informacion-por-sus-avances-en-el-ambito-de-las-ciudades-inteligentes\\\/#primaryimage\",\"url\":\"\",\"contentUrl\":\"\"},{\"@type\":\"BreadcrumbList\",\"@id\":\"https:\\\/\\\/www.laguiadepamplona.com\\\/actualidad\\\/pamplona-recoge-este-mediodia-en-madrid-dos-premios-de-la-fundacion-sociedad-de-la-informacion-por-sus-avances-en-el-ambito-de-las-ciudades-inteligentes\\\/#breadcrumb\",\"itemListElement\":[{\"@type\":\"ListItem\",\"position\":1,\"name\":\"Portada\",\"item\":\"https:\\\/\\\/www.laguiadepamplona.com\\\/actualidad\\\/\"},{\"@type\":\"ListItem\",\"position\":2,\"name\":\"Pamplona recoge este mediod\u00eda en Madrid dos premios de la Fundaci\u00f3n Sociedad de la Informaci\u00f3n, por sus avances en el \u00e1mbito de las \u2018Ciudades Inteligentes\u2019\"}]},{\"@type\":\"WebSite\",\"@id\":\"https:\\\/\\\/www.laguiadepamplona.com\\\/actualidad\\\/#website\",\"url\":\"https:\\\/\\\/www.laguiadepamplona.com\\\/actualidad\\\/\",\"name\":\"La gu\u00eda de Pamplona\",\"description\":\"Noticias de Pamplona\",\"publisher\":{\"@id\":\"https:\\\/\\\/www.laguiadepamplona.com\\\/actualidad\\\/#organization\"},\"potentialAction\":[{\"@type\":\"SearchAction\",\"target\":{\"@type\":\"EntryPoint\",\"urlTemplate\":\"https:\\\/\\\/www.laguiadepamplona.com\\\/actualidad\\\/?s={search_term_string}\"},\"query-input\":{\"@type\":\"PropertyValueSpecification\",\"valueRequired\":true,\"valueName\":\"search_term_string\"}}],\"inLanguage\":\"es\"},{\"@type\":\"Organization\",\"@id\":\"https:\\\/\\\/www.laguiadepamplona.com\\\/actualidad\\\/#organization\",\"name\":\"La Gu\u00eda de Pamplona \\\/ Noticias\",\"url\":\"https:\\\/\\\/www.laguiadepamplona.com\\\/actualidad\\\/\",\"logo\":{\"@type\":\"ImageObject\",\"inLanguage\":\"es\",\"@id\":\"https:\\\/\\\/www.laguiadepamplona.com\\\/actualidad\\\/#\\\/schema\\\/logo\\\/image\\\/\",\"url\":\"https:\\\/\\\/www.laguiadepamplona.com\\\/actualidad\\\/wp-content\\\/uploads\\\/2018\\\/11\\\/logo-laguiadepamplona18-web1.png\",\"contentUrl\":\"https:\\\/\\\/www.laguiadepamplona.com\\\/actualidad\\\/wp-content\\\/uploads\\\/2018\\\/11\\\/logo-laguiadepamplona18-web1.png\",\"width\":600,\"height\":196,\"caption\":\"La Gu\u00eda de Pamplona \\\/ Noticias\"},\"image\":{\"@id\":\"https:\\\/\\\/www.laguiadepamplona.com\\\/actualidad\\\/#\\\/schema\\\/logo\\\/image\\\/\"},\"sameAs\":[\"https:\\\/\\\/www.facebook.com\\\/laguiadepamplonacom-133175176762273\\\/?ref=hl\",\"https:\\\/\\\/x.com\\\/LaGuiadPamplona\",\"https:\\\/\\\/www.instagram.com\\\/la_guia_de_pamplona\\\/\",\"https:\\\/\\\/www.youtube.com\\\/user\\\/laguiadepamplona\"]},{\"@type\":\"Person\",\"@id\":\"https:\\\/\\\/www.laguiadepamplona.com\\\/actualidad\\\/#\\\/schema\\\/person\\\/efe887376f0213d4657c93adc50b1fdb\",\"name\":\"La Gu\u00eda de Pamplona\",\"image\":{\"@type\":\"ImageObject\",\"inLanguage\":\"es\",\"@id\":\"https:\\\/\\\/secure.gravatar.com\\\/avatar\\\/b6992f131dc8d30ab0dff15446e9d346d9dbd95992de0fef795073f5ea83a81c?s=96&d=mm&r=g\",\"url\":\"https:\\\/\\\/secure.gravatar.com\\\/avatar\\\/b6992f131dc8d30ab0dff15446e9d346d9dbd95992de0fef795073f5ea83a81c?s=96&d=mm&r=g\",\"contentUrl\":\"https:\\\/\\\/secure.gravatar.com\\\/avatar\\\/b6992f131dc8d30ab0dff15446e9d346d9dbd95992de0fef795073f5ea83a81c?s=96&d=mm&r=g\",\"caption\":\"La Gu\u00eda de Pamplona\"}}]}<\/script>\n<!-- \/ Yoast SEO plugin. -->","yoast_head_json":{"title":"Pamplona recoge este mediod\u00eda en Madrid dos premios de la Fundaci\u00f3n Sociedad de la Informaci\u00f3n, por sus avances en el \u00e1mbito de las \u2018Ciudades Inteligentes\u2019","robots":{"index":"index","follow":"follow","max-snippet":"max-snippet:-1","max-image-preview":"max-image-preview:large","max-video-preview":"max-video-preview:-1"},"canonical":"https:\/\/www.laguiadepamplona.com\/actualidad\/pamplona-recoge-este-mediodia-en-madrid-dos-premios-de-la-fundacion-sociedad-de-la-informacion-por-sus-avances-en-el-ambito-de-las-ciudades-inteligentes\/","og_locale":"es_ES","og_type":"article","og_title":"Pamplona recoge este mediod\u00eda en Madrid dos premios de la Fundaci\u00f3n Sociedad de la Informaci\u00f3n, por sus avances en el \u00e1mbito de las \u2018Ciudades Inteligentes\u2019","og_description":"Los galardones reconocen el trabajo realizado en la gesti\u00f3n integral de la factura electr\u00f3nica y el dise\u00f1o de la aplicaci\u00f3n tur\u00edstica para m\u00f3viles El Ayuntamiento de Pamplona ha recogido hoy...","og_url":"https:\/\/www.laguiadepamplona.com\/actualidad\/pamplona-recoge-este-mediodia-en-madrid-dos-premios-de-la-fundacion-sociedad-de-la-informacion-por-sus-avances-en-el-ambito-de-las-ciudades-inteligentes\/","og_site_name":"La Gu\u00eda de Pamplona","article_publisher":"https:\/\/www.facebook.com\/laguiadepamplonacom-133175176762273\/?ref=hl","article_published_time":"2014-03-25T15:09:10+00:00","author":"La Gu\u00eda de Pamplona","twitter_card":"summary_large_image","twitter_creator":"@LaGuiadPamplona","twitter_site":"@LaGuiadPamplona","twitter_misc":{"Escrito por":"La Gu\u00eda de Pamplona","Tiempo de lectura":"4 minutos"},"schema":{"@context":"https:\/\/schema.org","@graph":[{"@type":"Article","@id":"https:\/\/www.laguiadepamplona.com\/actualidad\/pamplona-recoge-este-mediodia-en-madrid-dos-premios-de-la-fundacion-sociedad-de-la-informacion-por-sus-avances-en-el-ambito-de-las-ciudades-inteligentes\/#article","isPartOf":{"@id":"https:\/\/www.laguiadepamplona.com\/actualidad\/pamplona-recoge-este-mediodia-en-madrid-dos-premios-de-la-fundacion-sociedad-de-la-informacion-por-sus-avances-en-el-ambito-de-las-ciudades-inteligentes\/"},"author":{"name":"La Gu\u00eda de Pamplona","@id":"https:\/\/www.laguiadepamplona.com\/actualidad\/#\/schema\/person\/efe887376f0213d4657c93adc50b1fdb"},"headline":"Pamplona recoge este mediod\u00eda en Madrid dos premios de la Fundaci\u00f3n Sociedad de la Informaci\u00f3n, por sus avances en el \u00e1mbito de las \u2018Ciudades Inteligentes\u2019","datePublished":"2014-03-25T15:09:10+00:00","mainEntityOfPage":{"@id":"https:\/\/www.laguiadepamplona.com\/actualidad\/pamplona-recoge-este-mediodia-en-madrid-dos-premios-de-la-fundacion-sociedad-de-la-informacion-por-sus-avances-en-el-ambito-de-las-ciudades-inteligentes\/"},"wordCount":913,"commentCount":0,"publisher":{"@id":"https:\/\/www.laguiadepamplona.com\/actualidad\/#organization"},"image":{"@id":"https:\/\/www.laguiadepamplona.com\/actualidad\/pamplona-recoge-este-mediodia-en-madrid-dos-premios-de-la-fundacion-sociedad-de-la-informacion-por-sus-avances-en-el-ambito-de-las-ciudades-inteligentes\/#primaryimage"},"thumbnailUrl":"","keywords":["actualidad","ayto pamplona","Contratos y Proyectos Smart Cities 2014","dos premios","noticias","pamplona"],"articleSection":["Ayto Pamplona"],"inLanguage":"es","potentialAction":[{"@type":"CommentAction","name":"Comment","target":["https:\/\/www.laguiadepamplona.com\/actualidad\/pamplona-recoge-este-mediodia-en-madrid-dos-premios-de-la-fundacion-sociedad-de-la-informacion-por-sus-avances-en-el-ambito-de-las-ciudades-inteligentes\/#respond"]}]},{"@type":"WebPage","@id":"https:\/\/www.laguiadepamplona.com\/actualidad\/pamplona-recoge-este-mediodia-en-madrid-dos-premios-de-la-fundacion-sociedad-de-la-informacion-por-sus-avances-en-el-ambito-de-las-ciudades-inteligentes\/","url":"https:\/\/www.laguiadepamplona.com\/actualidad\/pamplona-recoge-este-mediodia-en-madrid-dos-premios-de-la-fundacion-sociedad-de-la-informacion-por-sus-avances-en-el-ambito-de-las-ciudades-inteligentes\/","name":"Pamplona recoge este mediod\u00eda en Madrid dos premios de la Fundaci\u00f3n Sociedad de la Informaci\u00f3n, por sus avances en el \u00e1mbito de las \u2018Ciudades Inteligentes\u2019","isPartOf":{"@id":"https:\/\/www.laguiadepamplona.com\/actualidad\/#website"},"primaryImageOfPage":{"@id":"https:\/\/www.laguiadepamplona.com\/actualidad\/pamplona-recoge-este-mediodia-en-madrid-dos-premios-de-la-fundacion-sociedad-de-la-informacion-por-sus-avances-en-el-ambito-de-las-ciudades-inteligentes\/#primaryimage"},"image":{"@id":"https:\/\/www.laguiadepamplona.com\/actualidad\/pamplona-recoge-este-mediodia-en-madrid-dos-premios-de-la-fundacion-sociedad-de-la-informacion-por-sus-avances-en-el-ambito-de-las-ciudades-inteligentes\/#primaryimage"},"thumbnailUrl":"","datePublished":"2014-03-25T15:09:10+00:00","breadcrumb":{"@id":"https:\/\/www.laguiadepamplona.com\/actualidad\/pamplona-recoge-este-mediodia-en-madrid-dos-premios-de-la-fundacion-sociedad-de-la-informacion-por-sus-avances-en-el-ambito-de-las-ciudades-inteligentes\/#breadcrumb"},"inLanguage":"es","potentialAction":[{"@type":"ReadAction","target":["https:\/\/www.laguiadepamplona.com\/actualidad\/pamplona-recoge-este-mediodia-en-madrid-dos-premios-de-la-fundacion-sociedad-de-la-informacion-por-sus-avances-en-el-ambito-de-las-ciudades-inteligentes\/"]}]},{"@type":"ImageObject","inLanguage":"es","@id":"https:\/\/www.laguiadepamplona.com\/actualidad\/pamplona-recoge-este-mediodia-en-madrid-dos-premios-de-la-fundacion-sociedad-de-la-informacion-por-sus-avances-en-el-ambito-de-las-ciudades-inteligentes\/#primaryimage","url":"","contentUrl":""},{"@type":"BreadcrumbList","@id":"https:\/\/www.laguiadepamplona.com\/actualidad\/pamplona-recoge-este-mediodia-en-madrid-dos-premios-de-la-fundacion-sociedad-de-la-informacion-por-sus-avances-en-el-ambito-de-las-ciudades-inteligentes\/#breadcrumb","itemListElement":[{"@type":"ListItem","position":1,"name":"Portada","item":"https:\/\/www.laguiadepamplona.com\/actualidad\/"},{"@type":"ListItem","position":2,"name":"Pamplona recoge este mediod\u00eda en Madrid dos premios de la Fundaci\u00f3n Sociedad de la Informaci\u00f3n, por sus avances en el \u00e1mbito de las \u2018Ciudades Inteligentes\u2019"}]},{"@type":"WebSite","@id":"https:\/\/www.laguiadepamplona.com\/actualidad\/#website","url":"https:\/\/www.laguiadepamplona.com\/actualidad\/","name":"La gu\u00eda de Pamplona","description":"Noticias de Pamplona","publisher":{"@id":"https:\/\/www.laguiadepamplona.com\/actualidad\/#organization"},"potentialAction":[{"@type":"SearchAction","target":{"@type":"EntryPoint","urlTemplate":"https:\/\/www.laguiadepamplona.com\/actualidad\/?s={search_term_string}"},"query-input":{"@type":"PropertyValueSpecification","valueRequired":true,"valueName":"search_term_string"}}],"inLanguage":"es"},{"@type":"Organization","@id":"https:\/\/www.laguiadepamplona.com\/actualidad\/#organization","name":"La Gu\u00eda de Pamplona \/ Noticias","url":"https:\/\/www.laguiadepamplona.com\/actualidad\/","logo":{"@type":"ImageObject","inLanguage":"es","@id":"https:\/\/www.laguiadepamplona.com\/actualidad\/#\/schema\/logo\/image\/","url":"https:\/\/www.laguiadepamplona.com\/actualidad\/wp-content\/uploads\/2018\/11\/logo-laguiadepamplona18-web1.png","contentUrl":"https:\/\/www.laguiadepamplona.com\/actualidad\/wp-content\/uploads\/2018\/11\/logo-laguiadepamplona18-web1.png","width":600,"height":196,"caption":"La Gu\u00eda de Pamplona \/ Noticias"},"image":{"@id":"https:\/\/www.laguiadepamplona.com\/actualidad\/#\/schema\/logo\/image\/"},"sameAs":["https:\/\/www.facebook.com\/laguiadepamplonacom-133175176762273\/?ref=hl","https:\/\/x.com\/LaGuiadPamplona","https:\/\/www.instagram.com\/la_guia_de_pamplona\/","https:\/\/www.youtube.com\/user\/laguiadepamplona"]},{"@type":"Person","@id":"https:\/\/www.laguiadepamplona.com\/actualidad\/#\/schema\/person\/efe887376f0213d4657c93adc50b1fdb","name":"La Gu\u00eda de Pamplona","image":{"@type":"ImageObject","inLanguage":"es","@id":"https:\/\/secure.gravatar.com\/avatar\/b6992f131dc8d30ab0dff15446e9d346d9dbd95992de0fef795073f5ea83a81c?s=96&d=mm&r=g","url":"https:\/\/secure.gravatar.com\/avatar\/b6992f131dc8d30ab0dff15446e9d346d9dbd95992de0fef795073f5ea83a81c?s=96&d=mm&r=g","contentUrl":"https:\/\/secure.gravatar.com\/avatar\/b6992f131dc8d30ab0dff15446e9d346d9dbd95992de0fef795073f5ea83a81c?s=96&d=mm&r=g","caption":"La Gu\u00eda de Pamplona"}}]}},"post_mailing_queue_ids":[],"_links":{"self":[{"href":"https:\/\/www.laguiadepamplona.com\/actualidad\/wp-json\/wp\/v2\/posts\/900","targetHints":{"allow":["GET"]}}],"collection":[{"href":"https:\/\/www.laguiadepamplona.com\/actualidad\/wp-json\/wp\/v2\/posts"}],"about":[{"href":"https:\/\/www.laguiadepamplona.com\/actualidad\/wp-json\/wp\/v2\/types\/post"}],"author":[{"embeddable":true,"href":"https:\/\/www.laguiadepamplona.com\/actualidad\/wp-json\/wp\/v2\/users\/1"}],"replies":[{"embeddable":true,"href":"https:\/\/www.laguiadepamplona.com\/actualidad\/wp-json\/wp\/v2\/comments?post=900"}],"version-history":[{"count":0,"href":"https:\/\/www.laguiadepamplona.com\/actualidad\/wp-json\/wp\/v2\/posts\/900\/revisions"}],"wp:featuredmedia":[{"embeddable":true,"href":"https:\/\/www.laguiadepamplona.com\/actualidad\/wp-json\/"}],"wp:attachment":[{"href":"https:\/\/www.laguiadepamplona.com\/actualidad\/wp-json\/wp\/v2\/media?parent=900"}],"wp:term":[{"taxonomy":"category","embeddable":true,"href":"https:\/\/www.laguiadepamplona.com\/actualidad\/wp-json\/wp\/v2\/categories?post=900"},{"taxonomy":"post_tag","embeddable":true,"href":"https:\/\/www.laguiadepamplona.com\/actualidad\/wp-json\/wp\/v2\/tags?post=900"}],"curies":[{"name":"wp","href":"https:\/\/api.w.org\/{rel}","templated":true}]}}