{"id":898,"date":"2014-03-25T14:19:43","date_gmt":"2014-03-25T13:19:43","guid":{"rendered":"http:\/\/laguiadepamplona.es\/noticias\/?p=898"},"modified":"2014-03-25T14:19:43","modified_gmt":"2014-03-25T13:19:43","slug":"civivox-ensanche-acoge-manana-miercoles-la-charla-edad-madura-y-mujeres-de-las-obligaciones-a-las-ilusiones-en-el-marco-del-pacto-local-por-la-conciliacion","status":"publish","type":"post","link":"https:\/\/www.laguiadepamplona.com\/actualidad\/civivox-ensanche-acoge-manana-miercoles-la-charla-edad-madura-y-mujeres-de-las-obligaciones-a-las-ilusiones-en-el-marco-del-pacto-local-por-la-conciliacion\/","title":{"rendered":"Civivox Ensanche acoge ma\u00f1ana mi\u00e9rcoles la charla \u2018Edad madura y mujeres: de las obligaciones a las ilusiones\u2019 en el marco del Pacto Local por la Conciliaci\u00f3n"},"content":{"rendered":"<h6>La conferencia comenzar\u00e1 a las seis de la tarde con entrada libre<\/h6>\n<p><a href=\"http:\/\/laguiadepamplona.es\/noticias\/wp-content\/uploads\/2014\/01\/civivoxensanche.jpg\"><img loading=\"lazy\" decoding=\"async\" class=\"alignleft size-medium wp-image-119\" alt=\"civivoxensanche\" src=\"http:\/\/laguiadepamplona.es\/noticias\/wp-content\/uploads\/2014\/01\/civivoxensanche-300x72.jpg\" width=\"300\" height=\"72\" \/><\/a>Civivox Ensanche presenta ma\u00f1ana mi\u00e9rcoles a las seis de la tarde la conferencia \u2018Edad madura y mujeres: de las obligaciones \u00bfqu\u00e9 tengo que hacer? a las ilusiones \u00bfqu\u00e9 quiero hacer?\u2019, una actividad que organiza el Ayuntamiento en el marco del Pacto Local por la Conciliaci\u00f3n del II Ensanche, firmado por el Consistorio y varias entidades y asociaciones de la ciudad. La charla estar\u00e1 impartida por la psic\u00f3loga y formadora Cristina Gon\u00e7alves y por la diplomada en Turismo Cristina Lecumberri, ambas de la empresa Viv\u00fa, y analizar\u00e1 diferentes aspectos de esta etapa de la vida de las mujeres. La entrada es libre.<\/p>\n<p>La sesi\u00f3n se centrar\u00e1 en el hecho de que, al ir llegando a la edad madura, hay m\u00e1s tiempo para pensar sobre qu\u00e9 se ha hecho en la vida y qu\u00e9 se quiere hacer con ella, es el momento de pasar del \u2018qu\u00e9 tengo que hacer\u2019 al \u2018qu\u00e9 quiero hacer\u2019. En esta etapa, las mujeres sufren cambios, ya sean f\u00edsicos, sociales, familiares o laborales, que afectan de diferente manera a cada una y que a veces son dif\u00edciles de afrontar. Ante estas situaciones, es el momento de tomar decisiones y pensar en una misma, poniendo en el mismo nivel la dedicaci\u00f3n a los dem\u00e1s y el bienestar propio.<\/p>\n<p>Las ponentes hablar\u00e1n en este contexto de t\u00e9cnicas que favorecen y mejoran todos estos cambios, haciendo hincapi\u00e9 en la importancia de una vida activa, del refuerzo de las relaciones sociales, de la activaci\u00f3n de la mente y de intentar entender los propios sentimientos. Al mismo tiempo, las personas asistentes podr\u00e1n compartir sus experiencias.<\/p>\n<p><strong>Fomento de la igualdad<\/strong><\/p>\n<p>El Pacto Local por la conciliaci\u00f3n del II Ensanche de Pamplona fue suscrito en marzo de 2010 por el Ayuntamiento y diversas entidades de la ciudad, renov\u00e1ndose posteriormente el a\u00f1o pasado hasta 2015. Su objetivo principal es promover m\u00e1s y mejores condiciones para la conciliaci\u00f3n de la vida personal, familiar y laboral, que mejoren la calidad de vida y faciliten un desarrollo integral e igualitario del proyecto vital de hombres y mujeres de Pamplona, fomentando el respeto y la corresponsabilidad.<\/p>\n<p>Las l\u00edneas de trabajo incluidas en el pacto incluyen sensibilizar a la ciudadan\u00eda en materia de conciliaci\u00f3n y dar a conocer el pacto, ofrecer formaci\u00f3n en este \u00e1mbito, implantar nuevas formas de organizaci\u00f3n de los tiempos de trabajo, fomentar acuerdos interpersonales y promoci\u00f3n de la \u00e9tica del cuidado y la corresponsabilidad y crear, adaptar y mejorar los servicios y recursos para la conciliaci\u00f3n. Esta iniciativa de sensibilizaci\u00f3n se enmarca en el II Plan de Igualdad de Oportunidades entre Hombres y Mujeres del Consistorio, y est\u00e1 impulsada tambi\u00e9n por el Instituto Navarro para la Familia e Igualdad del Gobierno de Navarra.<\/p>\n<p>&nbsp;<\/p>\n<div>\n<p><strong>conferencia<\/strong><\/p>\n<\/div>\n<ul>\n<li><b>T\u00edtulo<\/b>: \u2018Edad madura y mujeres: de las obligaciones \u00bfqu\u00e9 tengo que hacer? a las ilusiones \u00bfqu\u00e9 quiero hacer?\u2019<\/li>\n<li><b>Ponentes<\/b>: Cristina Gon\u00e7alves, psic\u00f3loga y formadora, y Cristina Lecumberri, diplomada en Turismo. Empresa de servicios de atenci\u00f3n a las personas Viv\u00fa<\/li>\n<li><b>D\u00eda y hora<\/b>: mi\u00e9rcoles 26 de marzo a las 18 horas<\/li>\n<li><b>Lugar<\/b>: Civivox Ensanche (plaza Blanca de Navarra 9, 3\u00aa planta)<\/li>\n<li>Entrada libre<\/li>\n<\/ul>\n<p>&nbsp;<\/p>\n","protected":false},"excerpt":{"rendered":"<p>La conferencia comenzar\u00e1 a las seis de la tarde con entrada libre Civivox Ensanche presenta ma\u00f1ana mi\u00e9rcoles a las seis de la tarde la conferencia \u2018Edad madura y mujeres: de&#8230;<\/p>\n","protected":false},"author":1,"featured_media":119,"comment_status":"open","ping_status":"open","sticky":false,"template":"","format":"standard","meta":{"footnotes":""},"categories":[2],"tags":[5,6,453,94,561,562,563,8,9],"class_list":["post-898","post","type-post","status-publish","format-standard","has-post-thumbnail","hentry","category-ayuntamiento-pamplona","tag-actualidad","tag-ayto-pamplona","tag-charla","tag-civivox-ensanche","tag-cristina-goncalves","tag-cristina-lecumberri","tag-edad-madura-y-mujeres-de-las-obligaciones-a-las-ilusiones","tag-noticias","tag-pamplona"],"yoast_head":"<!-- This site is optimized with the Yoast SEO plugin v27.5 - https:\/\/yoast.com\/product\/yoast-seo-wordpress\/ -->\n<title>Civivox Ensanche acoge ma\u00f1ana mi\u00e9rcoles la charla \u2018Edad madura y mujeres: de las obligaciones a las ilusiones\u2019 en el marco del Pacto Local por la Conciliaci\u00f3n<\/title>\n<meta name=\"robots\" content=\"index, follow, max-snippet:-1, max-image-preview:large, max-video-preview:-1\" \/>\n<link rel=\"canonical\" href=\"https:\/\/www.laguiadepamplona.com\/actualidad\/civivox-ensanche-acoge-manana-miercoles-la-charla-edad-madura-y-mujeres-de-las-obligaciones-a-las-ilusiones-en-el-marco-del-pacto-local-por-la-conciliacion\/\" \/>\n<meta property=\"og:locale\" content=\"es_ES\" \/>\n<meta property=\"og:type\" content=\"article\" \/>\n<meta property=\"og:title\" content=\"Civivox Ensanche acoge ma\u00f1ana mi\u00e9rcoles la charla \u2018Edad madura y mujeres: de las obligaciones a las ilusiones\u2019 en el marco del Pacto Local por la Conciliaci\u00f3n\" \/>\n<meta property=\"og:description\" content=\"La conferencia comenzar\u00e1 a las seis de la tarde con entrada libre Civivox Ensanche presenta ma\u00f1ana mi\u00e9rcoles a las seis de la tarde la conferencia \u2018Edad madura y mujeres: de...\" \/>\n<meta property=\"og:url\" content=\"https:\/\/www.laguiadepamplona.com\/actualidad\/civivox-ensanche-acoge-manana-miercoles-la-charla-edad-madura-y-mujeres-de-las-obligaciones-a-las-ilusiones-en-el-marco-del-pacto-local-por-la-conciliacion\/\" \/>\n<meta property=\"og:site_name\" content=\"La Gu\u00eda de Pamplona\" \/>\n<meta property=\"article:publisher\" content=\"https:\/\/www.facebook.com\/laguiadepamplonacom-133175176762273\/?ref=hl\" \/>\n<meta property=\"article:published_time\" content=\"2014-03-25T13:19:43+00:00\" \/>\n<meta name=\"author\" content=\"La Gu\u00eda de Pamplona\" \/>\n<meta name=\"twitter:card\" content=\"summary_large_image\" \/>\n<meta name=\"twitter:creator\" content=\"@LaGuiadPamplona\" \/>\n<meta name=\"twitter:site\" content=\"@LaGuiadPamplona\" \/>\n<meta name=\"twitter:label1\" content=\"Escrito por\" \/>\n\t<meta name=\"twitter:data1\" content=\"La Gu\u00eda de Pamplona\" \/>\n\t<meta name=\"twitter:label2\" content=\"Tiempo de lectura\" \/>\n\t<meta name=\"twitter:data2\" content=\"3 minutos\" \/>\n<script type=\"application\/ld+json\" class=\"yoast-schema-graph\">{\"@context\":\"https:\\\/\\\/schema.org\",\"@graph\":[{\"@type\":\"Article\",\"@id\":\"https:\\\/\\\/www.laguiadepamplona.com\\\/actualidad\\\/civivox-ensanche-acoge-manana-miercoles-la-charla-edad-madura-y-mujeres-de-las-obligaciones-a-las-ilusiones-en-el-marco-del-pacto-local-por-la-conciliacion\\\/#article\",\"isPartOf\":{\"@id\":\"https:\\\/\\\/www.laguiadepamplona.com\\\/actualidad\\\/civivox-ensanche-acoge-manana-miercoles-la-charla-edad-madura-y-mujeres-de-las-obligaciones-a-las-ilusiones-en-el-marco-del-pacto-local-por-la-conciliacion\\\/\"},\"author\":{\"name\":\"La Gu\u00eda de Pamplona\",\"@id\":\"https:\\\/\\\/www.laguiadepamplona.com\\\/actualidad\\\/#\\\/schema\\\/person\\\/efe887376f0213d4657c93adc50b1fdb\"},\"headline\":\"Civivox Ensanche acoge ma\u00f1ana mi\u00e9rcoles la charla \u2018Edad madura y mujeres: de las obligaciones a las ilusiones\u2019 en el marco del Pacto Local por la Conciliaci\u00f3n\",\"datePublished\":\"2014-03-25T13:19:43+00:00\",\"mainEntityOfPage\":{\"@id\":\"https:\\\/\\\/www.laguiadepamplona.com\\\/actualidad\\\/civivox-ensanche-acoge-manana-miercoles-la-charla-edad-madura-y-mujeres-de-las-obligaciones-a-las-ilusiones-en-el-marco-del-pacto-local-por-la-conciliacion\\\/\"},\"wordCount\":581,\"commentCount\":0,\"publisher\":{\"@id\":\"https:\\\/\\\/www.laguiadepamplona.com\\\/actualidad\\\/#organization\"},\"image\":{\"@id\":\"https:\\\/\\\/www.laguiadepamplona.com\\\/actualidad\\\/civivox-ensanche-acoge-manana-miercoles-la-charla-edad-madura-y-mujeres-de-las-obligaciones-a-las-ilusiones-en-el-marco-del-pacto-local-por-la-conciliacion\\\/#primaryimage\"},\"thumbnailUrl\":\"\",\"keywords\":[\"actualidad\",\"ayto pamplona\",\"charla\",\"Civivox Ensanche\",\"Cristina Gon\u00e7alves\",\"Cristina Lecumberri\",\"Edad madura y mujeres: de las obligaciones a las ilusiones\",\"noticias\",\"pamplona\"],\"articleSection\":[\"Ayto Pamplona\"],\"inLanguage\":\"es\",\"potentialAction\":[{\"@type\":\"CommentAction\",\"name\":\"Comment\",\"target\":[\"https:\\\/\\\/www.laguiadepamplona.com\\\/actualidad\\\/civivox-ensanche-acoge-manana-miercoles-la-charla-edad-madura-y-mujeres-de-las-obligaciones-a-las-ilusiones-en-el-marco-del-pacto-local-por-la-conciliacion\\\/#respond\"]}]},{\"@type\":\"WebPage\",\"@id\":\"https:\\\/\\\/www.laguiadepamplona.com\\\/actualidad\\\/civivox-ensanche-acoge-manana-miercoles-la-charla-edad-madura-y-mujeres-de-las-obligaciones-a-las-ilusiones-en-el-marco-del-pacto-local-por-la-conciliacion\\\/\",\"url\":\"https:\\\/\\\/www.laguiadepamplona.com\\\/actualidad\\\/civivox-ensanche-acoge-manana-miercoles-la-charla-edad-madura-y-mujeres-de-las-obligaciones-a-las-ilusiones-en-el-marco-del-pacto-local-por-la-conciliacion\\\/\",\"name\":\"Civivox Ensanche acoge ma\u00f1ana mi\u00e9rcoles la charla \u2018Edad madura y mujeres: de las obligaciones a las ilusiones\u2019 en el marco del Pacto Local por la Conciliaci\u00f3n\",\"isPartOf\":{\"@id\":\"https:\\\/\\\/www.laguiadepamplona.com\\\/actualidad\\\/#website\"},\"primaryImageOfPage\":{\"@id\":\"https:\\\/\\\/www.laguiadepamplona.com\\\/actualidad\\\/civivox-ensanche-acoge-manana-miercoles-la-charla-edad-madura-y-mujeres-de-las-obligaciones-a-las-ilusiones-en-el-marco-del-pacto-local-por-la-conciliacion\\\/#primaryimage\"},\"image\":{\"@id\":\"https:\\\/\\\/www.laguiadepamplona.com\\\/actualidad\\\/civivox-ensanche-acoge-manana-miercoles-la-charla-edad-madura-y-mujeres-de-las-obligaciones-a-las-ilusiones-en-el-marco-del-pacto-local-por-la-conciliacion\\\/#primaryimage\"},\"thumbnailUrl\":\"\",\"datePublished\":\"2014-03-25T13:19:43+00:00\",\"breadcrumb\":{\"@id\":\"https:\\\/\\\/www.laguiadepamplona.com\\\/actualidad\\\/civivox-ensanche-acoge-manana-miercoles-la-charla-edad-madura-y-mujeres-de-las-obligaciones-a-las-ilusiones-en-el-marco-del-pacto-local-por-la-conciliacion\\\/#breadcrumb\"},\"inLanguage\":\"es\",\"potentialAction\":[{\"@type\":\"ReadAction\",\"target\":[\"https:\\\/\\\/www.laguiadepamplona.com\\\/actualidad\\\/civivox-ensanche-acoge-manana-miercoles-la-charla-edad-madura-y-mujeres-de-las-obligaciones-a-las-ilusiones-en-el-marco-del-pacto-local-por-la-conciliacion\\\/\"]}]},{\"@type\":\"ImageObject\",\"inLanguage\":\"es\",\"@id\":\"https:\\\/\\\/www.laguiadepamplona.com\\\/actualidad\\\/civivox-ensanche-acoge-manana-miercoles-la-charla-edad-madura-y-mujeres-de-las-obligaciones-a-las-ilusiones-en-el-marco-del-pacto-local-por-la-conciliacion\\\/#primaryimage\",\"url\":\"\",\"contentUrl\":\"\"},{\"@type\":\"BreadcrumbList\",\"@id\":\"https:\\\/\\\/www.laguiadepamplona.com\\\/actualidad\\\/civivox-ensanche-acoge-manana-miercoles-la-charla-edad-madura-y-mujeres-de-las-obligaciones-a-las-ilusiones-en-el-marco-del-pacto-local-por-la-conciliacion\\\/#breadcrumb\",\"itemListElement\":[{\"@type\":\"ListItem\",\"position\":1,\"name\":\"Portada\",\"item\":\"https:\\\/\\\/www.laguiadepamplona.com\\\/actualidad\\\/\"},{\"@type\":\"ListItem\",\"position\":2,\"name\":\"Civivox Ensanche acoge ma\u00f1ana mi\u00e9rcoles la charla \u2018Edad madura y mujeres: de las obligaciones a las ilusiones\u2019 en el marco del Pacto Local por la Conciliaci\u00f3n\"}]},{\"@type\":\"WebSite\",\"@id\":\"https:\\\/\\\/www.laguiadepamplona.com\\\/actualidad\\\/#website\",\"url\":\"https:\\\/\\\/www.laguiadepamplona.com\\\/actualidad\\\/\",\"name\":\"La gu\u00eda de Pamplona\",\"description\":\"Noticias de Pamplona\",\"publisher\":{\"@id\":\"https:\\\/\\\/www.laguiadepamplona.com\\\/actualidad\\\/#organization\"},\"potentialAction\":[{\"@type\":\"SearchAction\",\"target\":{\"@type\":\"EntryPoint\",\"urlTemplate\":\"https:\\\/\\\/www.laguiadepamplona.com\\\/actualidad\\\/?s={search_term_string}\"},\"query-input\":{\"@type\":\"PropertyValueSpecification\",\"valueRequired\":true,\"valueName\":\"search_term_string\"}}],\"inLanguage\":\"es\"},{\"@type\":\"Organization\",\"@id\":\"https:\\\/\\\/www.laguiadepamplona.com\\\/actualidad\\\/#organization\",\"name\":\"La Gu\u00eda de Pamplona \\\/ Noticias\",\"url\":\"https:\\\/\\\/www.laguiadepamplona.com\\\/actualidad\\\/\",\"logo\":{\"@type\":\"ImageObject\",\"inLanguage\":\"es\",\"@id\":\"https:\\\/\\\/www.laguiadepamplona.com\\\/actualidad\\\/#\\\/schema\\\/logo\\\/image\\\/\",\"url\":\"https:\\\/\\\/www.laguiadepamplona.com\\\/actualidad\\\/wp-content\\\/uploads\\\/2018\\\/11\\\/logo-laguiadepamplona18-web1.png\",\"contentUrl\":\"https:\\\/\\\/www.laguiadepamplona.com\\\/actualidad\\\/wp-content\\\/uploads\\\/2018\\\/11\\\/logo-laguiadepamplona18-web1.png\",\"width\":600,\"height\":196,\"caption\":\"La Gu\u00eda de Pamplona \\\/ Noticias\"},\"image\":{\"@id\":\"https:\\\/\\\/www.laguiadepamplona.com\\\/actualidad\\\/#\\\/schema\\\/logo\\\/image\\\/\"},\"sameAs\":[\"https:\\\/\\\/www.facebook.com\\\/laguiadepamplonacom-133175176762273\\\/?ref=hl\",\"https:\\\/\\\/x.com\\\/LaGuiadPamplona\",\"https:\\\/\\\/www.instagram.com\\\/la_guia_de_pamplona\\\/\",\"https:\\\/\\\/www.youtube.com\\\/user\\\/laguiadepamplona\"]},{\"@type\":\"Person\",\"@id\":\"https:\\\/\\\/www.laguiadepamplona.com\\\/actualidad\\\/#\\\/schema\\\/person\\\/efe887376f0213d4657c93adc50b1fdb\",\"name\":\"La Gu\u00eda de Pamplona\",\"image\":{\"@type\":\"ImageObject\",\"inLanguage\":\"es\",\"@id\":\"https:\\\/\\\/secure.gravatar.com\\\/avatar\\\/b6992f131dc8d30ab0dff15446e9d346d9dbd95992de0fef795073f5ea83a81c?s=96&d=mm&r=g\",\"url\":\"https:\\\/\\\/secure.gravatar.com\\\/avatar\\\/b6992f131dc8d30ab0dff15446e9d346d9dbd95992de0fef795073f5ea83a81c?s=96&d=mm&r=g\",\"contentUrl\":\"https:\\\/\\\/secure.gravatar.com\\\/avatar\\\/b6992f131dc8d30ab0dff15446e9d346d9dbd95992de0fef795073f5ea83a81c?s=96&d=mm&r=g\",\"caption\":\"La Gu\u00eda de Pamplona\"}}]}<\/script>\n<!-- \/ Yoast SEO plugin. -->","yoast_head_json":{"title":"Civivox Ensanche acoge ma\u00f1ana mi\u00e9rcoles la charla \u2018Edad madura y mujeres: de las obligaciones a las ilusiones\u2019 en el marco del Pacto Local por la Conciliaci\u00f3n","robots":{"index":"index","follow":"follow","max-snippet":"max-snippet:-1","max-image-preview":"max-image-preview:large","max-video-preview":"max-video-preview:-1"},"canonical":"https:\/\/www.laguiadepamplona.com\/actualidad\/civivox-ensanche-acoge-manana-miercoles-la-charla-edad-madura-y-mujeres-de-las-obligaciones-a-las-ilusiones-en-el-marco-del-pacto-local-por-la-conciliacion\/","og_locale":"es_ES","og_type":"article","og_title":"Civivox Ensanche acoge ma\u00f1ana mi\u00e9rcoles la charla \u2018Edad madura y mujeres: de las obligaciones a las ilusiones\u2019 en el marco del Pacto Local por la Conciliaci\u00f3n","og_description":"La conferencia comenzar\u00e1 a las seis de la tarde con entrada libre Civivox Ensanche presenta ma\u00f1ana mi\u00e9rcoles a las seis de la tarde la conferencia \u2018Edad madura y mujeres: de...","og_url":"https:\/\/www.laguiadepamplona.com\/actualidad\/civivox-ensanche-acoge-manana-miercoles-la-charla-edad-madura-y-mujeres-de-las-obligaciones-a-las-ilusiones-en-el-marco-del-pacto-local-por-la-conciliacion\/","og_site_name":"La Gu\u00eda de Pamplona","article_publisher":"https:\/\/www.facebook.com\/laguiadepamplonacom-133175176762273\/?ref=hl","article_published_time":"2014-03-25T13:19:43+00:00","author":"La Gu\u00eda de Pamplona","twitter_card":"summary_large_image","twitter_creator":"@LaGuiadPamplona","twitter_site":"@LaGuiadPamplona","twitter_misc":{"Escrito por":"La Gu\u00eda de Pamplona","Tiempo de lectura":"3 minutos"},"schema":{"@context":"https:\/\/schema.org","@graph":[{"@type":"Article","@id":"https:\/\/www.laguiadepamplona.com\/actualidad\/civivox-ensanche-acoge-manana-miercoles-la-charla-edad-madura-y-mujeres-de-las-obligaciones-a-las-ilusiones-en-el-marco-del-pacto-local-por-la-conciliacion\/#article","isPartOf":{"@id":"https:\/\/www.laguiadepamplona.com\/actualidad\/civivox-ensanche-acoge-manana-miercoles-la-charla-edad-madura-y-mujeres-de-las-obligaciones-a-las-ilusiones-en-el-marco-del-pacto-local-por-la-conciliacion\/"},"author":{"name":"La Gu\u00eda de Pamplona","@id":"https:\/\/www.laguiadepamplona.com\/actualidad\/#\/schema\/person\/efe887376f0213d4657c93adc50b1fdb"},"headline":"Civivox Ensanche acoge ma\u00f1ana mi\u00e9rcoles la charla \u2018Edad madura y mujeres: de las obligaciones a las ilusiones\u2019 en el marco del Pacto Local por la Conciliaci\u00f3n","datePublished":"2014-03-25T13:19:43+00:00","mainEntityOfPage":{"@id":"https:\/\/www.laguiadepamplona.com\/actualidad\/civivox-ensanche-acoge-manana-miercoles-la-charla-edad-madura-y-mujeres-de-las-obligaciones-a-las-ilusiones-en-el-marco-del-pacto-local-por-la-conciliacion\/"},"wordCount":581,"commentCount":0,"publisher":{"@id":"https:\/\/www.laguiadepamplona.com\/actualidad\/#organization"},"image":{"@id":"https:\/\/www.laguiadepamplona.com\/actualidad\/civivox-ensanche-acoge-manana-miercoles-la-charla-edad-madura-y-mujeres-de-las-obligaciones-a-las-ilusiones-en-el-marco-del-pacto-local-por-la-conciliacion\/#primaryimage"},"thumbnailUrl":"","keywords":["actualidad","ayto pamplona","charla","Civivox Ensanche","Cristina Gon\u00e7alves","Cristina Lecumberri","Edad madura y mujeres: de las obligaciones a las ilusiones","noticias","pamplona"],"articleSection":["Ayto Pamplona"],"inLanguage":"es","potentialAction":[{"@type":"CommentAction","name":"Comment","target":["https:\/\/www.laguiadepamplona.com\/actualidad\/civivox-ensanche-acoge-manana-miercoles-la-charla-edad-madura-y-mujeres-de-las-obligaciones-a-las-ilusiones-en-el-marco-del-pacto-local-por-la-conciliacion\/#respond"]}]},{"@type":"WebPage","@id":"https:\/\/www.laguiadepamplona.com\/actualidad\/civivox-ensanche-acoge-manana-miercoles-la-charla-edad-madura-y-mujeres-de-las-obligaciones-a-las-ilusiones-en-el-marco-del-pacto-local-por-la-conciliacion\/","url":"https:\/\/www.laguiadepamplona.com\/actualidad\/civivox-ensanche-acoge-manana-miercoles-la-charla-edad-madura-y-mujeres-de-las-obligaciones-a-las-ilusiones-en-el-marco-del-pacto-local-por-la-conciliacion\/","name":"Civivox Ensanche acoge ma\u00f1ana mi\u00e9rcoles la charla \u2018Edad madura y mujeres: de las obligaciones a las ilusiones\u2019 en el marco del Pacto Local por la Conciliaci\u00f3n","isPartOf":{"@id":"https:\/\/www.laguiadepamplona.com\/actualidad\/#website"},"primaryImageOfPage":{"@id":"https:\/\/www.laguiadepamplona.com\/actualidad\/civivox-ensanche-acoge-manana-miercoles-la-charla-edad-madura-y-mujeres-de-las-obligaciones-a-las-ilusiones-en-el-marco-del-pacto-local-por-la-conciliacion\/#primaryimage"},"image":{"@id":"https:\/\/www.laguiadepamplona.com\/actualidad\/civivox-ensanche-acoge-manana-miercoles-la-charla-edad-madura-y-mujeres-de-las-obligaciones-a-las-ilusiones-en-el-marco-del-pacto-local-por-la-conciliacion\/#primaryimage"},"thumbnailUrl":"","datePublished":"2014-03-25T13:19:43+00:00","breadcrumb":{"@id":"https:\/\/www.laguiadepamplona.com\/actualidad\/civivox-ensanche-acoge-manana-miercoles-la-charla-edad-madura-y-mujeres-de-las-obligaciones-a-las-ilusiones-en-el-marco-del-pacto-local-por-la-conciliacion\/#breadcrumb"},"inLanguage":"es","potentialAction":[{"@type":"ReadAction","target":["https:\/\/www.laguiadepamplona.com\/actualidad\/civivox-ensanche-acoge-manana-miercoles-la-charla-edad-madura-y-mujeres-de-las-obligaciones-a-las-ilusiones-en-el-marco-del-pacto-local-por-la-conciliacion\/"]}]},{"@type":"ImageObject","inLanguage":"es","@id":"https:\/\/www.laguiadepamplona.com\/actualidad\/civivox-ensanche-acoge-manana-miercoles-la-charla-edad-madura-y-mujeres-de-las-obligaciones-a-las-ilusiones-en-el-marco-del-pacto-local-por-la-conciliacion\/#primaryimage","url":"","contentUrl":""},{"@type":"BreadcrumbList","@id":"https:\/\/www.laguiadepamplona.com\/actualidad\/civivox-ensanche-acoge-manana-miercoles-la-charla-edad-madura-y-mujeres-de-las-obligaciones-a-las-ilusiones-en-el-marco-del-pacto-local-por-la-conciliacion\/#breadcrumb","itemListElement":[{"@type":"ListItem","position":1,"name":"Portada","item":"https:\/\/www.laguiadepamplona.com\/actualidad\/"},{"@type":"ListItem","position":2,"name":"Civivox Ensanche acoge ma\u00f1ana mi\u00e9rcoles la charla \u2018Edad madura y mujeres: de las obligaciones a las ilusiones\u2019 en el marco del Pacto Local por la Conciliaci\u00f3n"}]},{"@type":"WebSite","@id":"https:\/\/www.laguiadepamplona.com\/actualidad\/#website","url":"https:\/\/www.laguiadepamplona.com\/actualidad\/","name":"La gu\u00eda de Pamplona","description":"Noticias de Pamplona","publisher":{"@id":"https:\/\/www.laguiadepamplona.com\/actualidad\/#organization"},"potentialAction":[{"@type":"SearchAction","target":{"@type":"EntryPoint","urlTemplate":"https:\/\/www.laguiadepamplona.com\/actualidad\/?s={search_term_string}"},"query-input":{"@type":"PropertyValueSpecification","valueRequired":true,"valueName":"search_term_string"}}],"inLanguage":"es"},{"@type":"Organization","@id":"https:\/\/www.laguiadepamplona.com\/actualidad\/#organization","name":"La Gu\u00eda de Pamplona \/ Noticias","url":"https:\/\/www.laguiadepamplona.com\/actualidad\/","logo":{"@type":"ImageObject","inLanguage":"es","@id":"https:\/\/www.laguiadepamplona.com\/actualidad\/#\/schema\/logo\/image\/","url":"https:\/\/www.laguiadepamplona.com\/actualidad\/wp-content\/uploads\/2018\/11\/logo-laguiadepamplona18-web1.png","contentUrl":"https:\/\/www.laguiadepamplona.com\/actualidad\/wp-content\/uploads\/2018\/11\/logo-laguiadepamplona18-web1.png","width":600,"height":196,"caption":"La Gu\u00eda de Pamplona \/ Noticias"},"image":{"@id":"https:\/\/www.laguiadepamplona.com\/actualidad\/#\/schema\/logo\/image\/"},"sameAs":["https:\/\/www.facebook.com\/laguiadepamplonacom-133175176762273\/?ref=hl","https:\/\/x.com\/LaGuiadPamplona","https:\/\/www.instagram.com\/la_guia_de_pamplona\/","https:\/\/www.youtube.com\/user\/laguiadepamplona"]},{"@type":"Person","@id":"https:\/\/www.laguiadepamplona.com\/actualidad\/#\/schema\/person\/efe887376f0213d4657c93adc50b1fdb","name":"La Gu\u00eda de Pamplona","image":{"@type":"ImageObject","inLanguage":"es","@id":"https:\/\/secure.gravatar.com\/avatar\/b6992f131dc8d30ab0dff15446e9d346d9dbd95992de0fef795073f5ea83a81c?s=96&d=mm&r=g","url":"https:\/\/secure.gravatar.com\/avatar\/b6992f131dc8d30ab0dff15446e9d346d9dbd95992de0fef795073f5ea83a81c?s=96&d=mm&r=g","contentUrl":"https:\/\/secure.gravatar.com\/avatar\/b6992f131dc8d30ab0dff15446e9d346d9dbd95992de0fef795073f5ea83a81c?s=96&d=mm&r=g","caption":"La Gu\u00eda de Pamplona"}}]}},"post_mailing_queue_ids":[],"_links":{"self":[{"href":"https:\/\/www.laguiadepamplona.com\/actualidad\/wp-json\/wp\/v2\/posts\/898","targetHints":{"allow":["GET"]}}],"collection":[{"href":"https:\/\/www.laguiadepamplona.com\/actualidad\/wp-json\/wp\/v2\/posts"}],"about":[{"href":"https:\/\/www.laguiadepamplona.com\/actualidad\/wp-json\/wp\/v2\/types\/post"}],"author":[{"embeddable":true,"href":"https:\/\/www.laguiadepamplona.com\/actualidad\/wp-json\/wp\/v2\/users\/1"}],"replies":[{"embeddable":true,"href":"https:\/\/www.laguiadepamplona.com\/actualidad\/wp-json\/wp\/v2\/comments?post=898"}],"version-history":[{"count":0,"href":"https:\/\/www.laguiadepamplona.com\/actualidad\/wp-json\/wp\/v2\/posts\/898\/revisions"}],"wp:featuredmedia":[{"embeddable":true,"href":"https:\/\/www.laguiadepamplona.com\/actualidad\/wp-json\/"}],"wp:attachment":[{"href":"https:\/\/www.laguiadepamplona.com\/actualidad\/wp-json\/wp\/v2\/media?parent=898"}],"wp:term":[{"taxonomy":"category","embeddable":true,"href":"https:\/\/www.laguiadepamplona.com\/actualidad\/wp-json\/wp\/v2\/categories?post=898"},{"taxonomy":"post_tag","embeddable":true,"href":"https:\/\/www.laguiadepamplona.com\/actualidad\/wp-json\/wp\/v2\/tags?post=898"}],"curies":[{"name":"wp","href":"https:\/\/api.w.org\/{rel}","templated":true}]}}