{"id":8966,"date":"2016-02-24T14:28:23","date_gmt":"2016-02-24T12:28:23","guid":{"rendered":"http:\/\/laguiadepamplona.com\/actualidad\/?p=8966"},"modified":"2016-02-24T14:28:23","modified_gmt":"2016-02-24T12:28:23","slug":"el-ciclo-de-teatro-profesional-teatreves-se-cierra-este-jueves-en-civivox-iturrama-con-la-obra-bancarrota-del-grupo-acronica-producciones","status":"publish","type":"post","link":"https:\/\/www.laguiadepamplona.com\/actualidad\/el-ciclo-de-teatro-profesional-teatreves-se-cierra-este-jueves-en-civivox-iturrama-con-la-obra-bancarrota-del-grupo-acronica-producciones\/","title":{"rendered":"El ciclo de teatro profesional \u2018Teatreves\u2019 se cierra este jueves en Civivox Iturrama con la obra \u2018Bancarrota\u2019, del grupo Acr\u00f3nica Producciones"},"content":{"rendered":"<h4>La actuaci\u00f3n comenzar\u00e1 a las 19.30 horas y la entrada cuesta 6 euros<\/h4>\n<figure id=\"attachment_8967\" aria-describedby=\"caption-attachment-8967\" style=\"width: 300px\" class=\"wp-caption alignleft\"><img loading=\"lazy\" decoding=\"async\" class=\"size-medium wp-image-8967\" src=\"http:\/\/laguiadepamplona.com\/actualidad\/wp-content\/uploads\/2016\/02\/Teatreves_bancarrota_acronica-producciones-300x200.jpg\" alt=\"Bancarrota, la comedia.\" width=\"300\" height=\"200\" \/><figcaption id=\"caption-attachment-8967\" class=\"wp-caption-text\">Bancarrota, la comedia.<\/figcaption><\/figure>\n<p>El ciclo \u2018Teatreves\u2019 de teatro profesional navarro se cierra este jueves en Civivox Iturrama con la obra \u2018Bancarrota\u2019. Interpretada por el grupo Acr\u00f3nica Producciones, la actuaci\u00f3n tendr\u00e1 lugar a las 19.30 horas y la entrada cuesta 6 euros. Puede adquirirse en el propio civivox o por internet, en <a href=\"http:\/\/www.pamplona.es\/\" target=\"_blank\">www.pamplona.es<\/a> o en www.pamplonaescultura.es. La obra est\u00e1 adaptada para personas con discapacidad auditiva.<\/p>\n<p>\u2018Bancarrota\u2019 es un texto escrito hace m\u00e1s de 200 a\u00f1os, y esta es la primera vez que se representar\u00e1 en castellano en Espa\u00f1a. Narra la historia de un empresario acusado de quebrar de forma fraudulenta un negocio, abusando de la confianza del p\u00fablico. La obra representa el choque entre el dinero y la humanidad: el dinero luchando contra todos, destruyendo el sue\u00f1o y los nervios del que lo tiene como del que lo desea, el dinero que domina y esclaviza las relaciones humanas y sociales.<\/p>\n<p>La obra estar\u00e1 dirigida por Fabio Mangolini (Roma, 1964). El equipo de \u2018Bancarrota\u2019 est\u00e1 integrado por los actores Ion Iraizoz, Naiara Carmona, Txema Mar\u00edn, Txus Pellicer, Andrea Soto y Daniel Llul; \u00c1lvaro Lizarrrondo, en la dramaturgia; Hugo Nieto, como ayudante de direcci\u00f3n; Berta Os\u00e9s, vestuario, Xabier Lozano, dise\u00f1o de iluminaci\u00f3n; Mart\u00edn Etxauri, dise\u00f1o gr\u00e1fico; David Guindano, dise\u00f1o musical; David Bernu\u00e9s, producci\u00f3n; y Julio Perugorria, distribuci\u00f3n.<\/p>\n<p><strong>Curriculum de Fabio Mangolini<\/strong><\/p>\n<p>Fabio mangolini es licenciado en Filosof\u00eda por la Universidad de Bolonia, es un hombre de teatro polifac\u00e9tico: nace como actor, desarrolla su carrera como director de escena, pedagogo, investigador, y autor. Entre sus direcciones m\u00e1s destacadas se pueden anotar \u2018La notte poco prima delle foreste\u2019 (1999) de Bernard Marie Kolt\u00e8s, \u2018Si o vello Sinbad volviese as illas\u2019 de A.Cunqueiro (Centro Dram\u00e1tico Galego de Santiago de Compostela, 9 premios \u2018Maria Casares\u2019 2000),\u2019 Novecento\u2019 de A. Baricco producido por el Th\u00e9\u00e2tre Le Public de Bruxelles (dos nominations a los \u00abPrix du Th\u00e9\u00e2tre\u00bb 2000), \u2018Couple ouverte\u2019 de Dario Fo y Franca Rame producido tambi\u00e9n por el Th\u00e9\u00e2tre Le Public de Bruxelles (2001), \u2018Enemigo de clase\u2019 (Enemy of Class) de Nigel Williams, Escuela de Bufones (Ecole de Boufons), y \u2018La Balada del Gran Macabro\u2019 (La Balade du Grand Macabre) di Michel de Ghelderode, Mi chiamano Garrincha de Fabio Mangolini. Entre sus \u00faltimos trabajos hay que mencionar \u2018Squash\u2019 de Ernesto Caballero. En el a\u00f1o 2006 dirige \u2018Las Aves\u2019 para el \u00faltimo curso de la Escuela Navarra de Teatro.<\/p>\n<p>Mangolini ha sido presidente de la Fondazione Teatro Comunale di Ferrara entre julio de 2009 y julio 2011, tras lo que fue nombrado director general y coordinador de la misma Fundaci\u00f3n. Desde diciembre de 2011 hasta 2013 fue presidente y director art\u00edstico de la Escuela de la \u00d3pera Italiana, y desde octubre 2012 es miembro del Consejo de Administraci\u00f3n de la Fundaci\u00f3n ATERFormazione.<\/p>\n<p>&nbsp;<\/p>\n","protected":false},"excerpt":{"rendered":"<p>La actuaci\u00f3n comenzar\u00e1 a las 19.30 horas y la entrada cuesta 6 euros El ciclo \u2018Teatreves\u2019 de teatro profesional navarro se cierra este jueves en Civivox Iturrama con la obra&#8230;<\/p>\n","protected":false},"author":1,"featured_media":8967,"comment_status":"closed","ping_status":"closed","sticky":false,"template":"","format":"standard","meta":{"footnotes":""},"categories":[2],"tags":[7920,5,6,509,7921,2171,1632,91,2093,444,4774,8,9,7922,6672,4202,345],"class_list":["post-8966","post","type-post","status-publish","format-standard","has-post-thumbnail","hentry","category-ayuntamiento-pamplona","tag-acronica","tag-actualidad","tag-ayto-pamplona","tag-ayuntamiento-de-pamplona","tag-bancarrota","tag-ciclo","tag-cierra","tag-civivox","tag-grupo","tag-iturrama","tag-jueves","tag-noticias","tag-pamplona","tag-producciones","tag-profesional","tag-teatreves","tag-teatro"],"yoast_head":"<!-- This site is optimized with the Yoast SEO plugin v27.5 - https:\/\/yoast.com\/product\/yoast-seo-wordpress\/ -->\n<title>El ciclo de teatro profesional \u2018Teatreves\u2019 se cierra este jueves en Civivox Iturrama con la obra \u2018Bancarrota\u2019, del grupo Acr\u00f3nica Producciones<\/title>\n<meta name=\"robots\" content=\"index, follow, max-snippet:-1, max-image-preview:large, max-video-preview:-1\" \/>\n<link rel=\"canonical\" href=\"https:\/\/www.laguiadepamplona.com\/actualidad\/el-ciclo-de-teatro-profesional-teatreves-se-cierra-este-jueves-en-civivox-iturrama-con-la-obra-bancarrota-del-grupo-acronica-producciones\/\" \/>\n<meta property=\"og:locale\" content=\"es_ES\" \/>\n<meta property=\"og:type\" content=\"article\" \/>\n<meta property=\"og:title\" content=\"El ciclo de teatro profesional \u2018Teatreves\u2019 se cierra este jueves en Civivox Iturrama con la obra \u2018Bancarrota\u2019, del grupo Acr\u00f3nica Producciones\" \/>\n<meta property=\"og:description\" content=\"La actuaci\u00f3n comenzar\u00e1 a las 19.30 horas y la entrada cuesta 6 euros El ciclo \u2018Teatreves\u2019 de teatro profesional navarro se cierra este jueves en Civivox Iturrama con la obra...\" \/>\n<meta property=\"og:url\" content=\"https:\/\/www.laguiadepamplona.com\/actualidad\/el-ciclo-de-teatro-profesional-teatreves-se-cierra-este-jueves-en-civivox-iturrama-con-la-obra-bancarrota-del-grupo-acronica-producciones\/\" \/>\n<meta property=\"og:site_name\" content=\"La Gu\u00eda de Pamplona\" \/>\n<meta property=\"article:publisher\" content=\"https:\/\/www.facebook.com\/laguiadepamplonacom-133175176762273\/?ref=hl\" \/>\n<meta property=\"article:published_time\" content=\"2016-02-24T12:28:23+00:00\" \/>\n<meta name=\"author\" content=\"La Gu\u00eda de Pamplona\" \/>\n<meta name=\"twitter:card\" content=\"summary_large_image\" \/>\n<meta name=\"twitter:creator\" content=\"@LaGuiadPamplona\" \/>\n<meta name=\"twitter:site\" content=\"@LaGuiadPamplona\" \/>\n<meta name=\"twitter:label1\" content=\"Escrito por\" \/>\n\t<meta name=\"twitter:data1\" content=\"La Gu\u00eda de Pamplona\" \/>\n\t<meta name=\"twitter:label2\" content=\"Tiempo de lectura\" \/>\n\t<meta name=\"twitter:data2\" content=\"2 minutos\" \/>\n<script type=\"application\/ld+json\" class=\"yoast-schema-graph\">{\"@context\":\"https:\\\/\\\/schema.org\",\"@graph\":[{\"@type\":\"Article\",\"@id\":\"https:\\\/\\\/www.laguiadepamplona.com\\\/actualidad\\\/el-ciclo-de-teatro-profesional-teatreves-se-cierra-este-jueves-en-civivox-iturrama-con-la-obra-bancarrota-del-grupo-acronica-producciones\\\/#article\",\"isPartOf\":{\"@id\":\"https:\\\/\\\/www.laguiadepamplona.com\\\/actualidad\\\/el-ciclo-de-teatro-profesional-teatreves-se-cierra-este-jueves-en-civivox-iturrama-con-la-obra-bancarrota-del-grupo-acronica-producciones\\\/\"},\"author\":{\"name\":\"La Gu\u00eda de Pamplona\",\"@id\":\"https:\\\/\\\/www.laguiadepamplona.com\\\/actualidad\\\/#\\\/schema\\\/person\\\/efe887376f0213d4657c93adc50b1fdb\"},\"headline\":\"El ciclo de teatro profesional \u2018Teatreves\u2019 se cierra este jueves en Civivox Iturrama con la obra \u2018Bancarrota\u2019, del grupo Acr\u00f3nica Producciones\",\"datePublished\":\"2016-02-24T12:28:23+00:00\",\"mainEntityOfPage\":{\"@id\":\"https:\\\/\\\/www.laguiadepamplona.com\\\/actualidad\\\/el-ciclo-de-teatro-profesional-teatreves-se-cierra-este-jueves-en-civivox-iturrama-con-la-obra-bancarrota-del-grupo-acronica-producciones\\\/\"},\"wordCount\":519,\"publisher\":{\"@id\":\"https:\\\/\\\/www.laguiadepamplona.com\\\/actualidad\\\/#organization\"},\"image\":{\"@id\":\"https:\\\/\\\/www.laguiadepamplona.com\\\/actualidad\\\/el-ciclo-de-teatro-profesional-teatreves-se-cierra-este-jueves-en-civivox-iturrama-con-la-obra-bancarrota-del-grupo-acronica-producciones\\\/#primaryimage\"},\"thumbnailUrl\":\"\",\"keywords\":[\"acr\u00f3nica\",\"actualidad\",\"ayto pamplona\",\"Ayuntamiento de Pamplona\",\"Bancarrota\",\"ciclo\",\"cierra\",\"civivox\",\"grupo\",\"iturrama\",\"jueves\",\"noticias\",\"pamplona\",\"producciones\",\"profesional\",\"Teatreves\",\"teatro\"],\"articleSection\":[\"Ayto Pamplona\"],\"inLanguage\":\"es\"},{\"@type\":\"WebPage\",\"@id\":\"https:\\\/\\\/www.laguiadepamplona.com\\\/actualidad\\\/el-ciclo-de-teatro-profesional-teatreves-se-cierra-este-jueves-en-civivox-iturrama-con-la-obra-bancarrota-del-grupo-acronica-producciones\\\/\",\"url\":\"https:\\\/\\\/www.laguiadepamplona.com\\\/actualidad\\\/el-ciclo-de-teatro-profesional-teatreves-se-cierra-este-jueves-en-civivox-iturrama-con-la-obra-bancarrota-del-grupo-acronica-producciones\\\/\",\"name\":\"El ciclo de teatro profesional \u2018Teatreves\u2019 se cierra este jueves en Civivox Iturrama con la obra \u2018Bancarrota\u2019, del grupo Acr\u00f3nica Producciones\",\"isPartOf\":{\"@id\":\"https:\\\/\\\/www.laguiadepamplona.com\\\/actualidad\\\/#website\"},\"primaryImageOfPage\":{\"@id\":\"https:\\\/\\\/www.laguiadepamplona.com\\\/actualidad\\\/el-ciclo-de-teatro-profesional-teatreves-se-cierra-este-jueves-en-civivox-iturrama-con-la-obra-bancarrota-del-grupo-acronica-producciones\\\/#primaryimage\"},\"image\":{\"@id\":\"https:\\\/\\\/www.laguiadepamplona.com\\\/actualidad\\\/el-ciclo-de-teatro-profesional-teatreves-se-cierra-este-jueves-en-civivox-iturrama-con-la-obra-bancarrota-del-grupo-acronica-producciones\\\/#primaryimage\"},\"thumbnailUrl\":\"\",\"datePublished\":\"2016-02-24T12:28:23+00:00\",\"breadcrumb\":{\"@id\":\"https:\\\/\\\/www.laguiadepamplona.com\\\/actualidad\\\/el-ciclo-de-teatro-profesional-teatreves-se-cierra-este-jueves-en-civivox-iturrama-con-la-obra-bancarrota-del-grupo-acronica-producciones\\\/#breadcrumb\"},\"inLanguage\":\"es\",\"potentialAction\":[{\"@type\":\"ReadAction\",\"target\":[\"https:\\\/\\\/www.laguiadepamplona.com\\\/actualidad\\\/el-ciclo-de-teatro-profesional-teatreves-se-cierra-este-jueves-en-civivox-iturrama-con-la-obra-bancarrota-del-grupo-acronica-producciones\\\/\"]}]},{\"@type\":\"ImageObject\",\"inLanguage\":\"es\",\"@id\":\"https:\\\/\\\/www.laguiadepamplona.com\\\/actualidad\\\/el-ciclo-de-teatro-profesional-teatreves-se-cierra-este-jueves-en-civivox-iturrama-con-la-obra-bancarrota-del-grupo-acronica-producciones\\\/#primaryimage\",\"url\":\"\",\"contentUrl\":\"\"},{\"@type\":\"BreadcrumbList\",\"@id\":\"https:\\\/\\\/www.laguiadepamplona.com\\\/actualidad\\\/el-ciclo-de-teatro-profesional-teatreves-se-cierra-este-jueves-en-civivox-iturrama-con-la-obra-bancarrota-del-grupo-acronica-producciones\\\/#breadcrumb\",\"itemListElement\":[{\"@type\":\"ListItem\",\"position\":1,\"name\":\"Portada\",\"item\":\"https:\\\/\\\/www.laguiadepamplona.com\\\/actualidad\\\/\"},{\"@type\":\"ListItem\",\"position\":2,\"name\":\"El ciclo de teatro profesional \u2018Teatreves\u2019 se cierra este jueves en Civivox Iturrama con la obra \u2018Bancarrota\u2019, del grupo Acr\u00f3nica Producciones\"}]},{\"@type\":\"WebSite\",\"@id\":\"https:\\\/\\\/www.laguiadepamplona.com\\\/actualidad\\\/#website\",\"url\":\"https:\\\/\\\/www.laguiadepamplona.com\\\/actualidad\\\/\",\"name\":\"La gu\u00eda de Pamplona\",\"description\":\"Noticias de Pamplona\",\"publisher\":{\"@id\":\"https:\\\/\\\/www.laguiadepamplona.com\\\/actualidad\\\/#organization\"},\"potentialAction\":[{\"@type\":\"SearchAction\",\"target\":{\"@type\":\"EntryPoint\",\"urlTemplate\":\"https:\\\/\\\/www.laguiadepamplona.com\\\/actualidad\\\/?s={search_term_string}\"},\"query-input\":{\"@type\":\"PropertyValueSpecification\",\"valueRequired\":true,\"valueName\":\"search_term_string\"}}],\"inLanguage\":\"es\"},{\"@type\":\"Organization\",\"@id\":\"https:\\\/\\\/www.laguiadepamplona.com\\\/actualidad\\\/#organization\",\"name\":\"La Gu\u00eda de Pamplona \\\/ Noticias\",\"url\":\"https:\\\/\\\/www.laguiadepamplona.com\\\/actualidad\\\/\",\"logo\":{\"@type\":\"ImageObject\",\"inLanguage\":\"es\",\"@id\":\"https:\\\/\\\/www.laguiadepamplona.com\\\/actualidad\\\/#\\\/schema\\\/logo\\\/image\\\/\",\"url\":\"https:\\\/\\\/www.laguiadepamplona.com\\\/actualidad\\\/wp-content\\\/uploads\\\/2018\\\/11\\\/logo-laguiadepamplona18-web1.png\",\"contentUrl\":\"https:\\\/\\\/www.laguiadepamplona.com\\\/actualidad\\\/wp-content\\\/uploads\\\/2018\\\/11\\\/logo-laguiadepamplona18-web1.png\",\"width\":600,\"height\":196,\"caption\":\"La Gu\u00eda de Pamplona \\\/ Noticias\"},\"image\":{\"@id\":\"https:\\\/\\\/www.laguiadepamplona.com\\\/actualidad\\\/#\\\/schema\\\/logo\\\/image\\\/\"},\"sameAs\":[\"https:\\\/\\\/www.facebook.com\\\/laguiadepamplonacom-133175176762273\\\/?ref=hl\",\"https:\\\/\\\/x.com\\\/LaGuiadPamplona\",\"https:\\\/\\\/www.instagram.com\\\/la_guia_de_pamplona\\\/\",\"https:\\\/\\\/www.youtube.com\\\/user\\\/laguiadepamplona\"]},{\"@type\":\"Person\",\"@id\":\"https:\\\/\\\/www.laguiadepamplona.com\\\/actualidad\\\/#\\\/schema\\\/person\\\/efe887376f0213d4657c93adc50b1fdb\",\"name\":\"La Gu\u00eda de Pamplona\",\"image\":{\"@type\":\"ImageObject\",\"inLanguage\":\"es\",\"@id\":\"https:\\\/\\\/secure.gravatar.com\\\/avatar\\\/b6992f131dc8d30ab0dff15446e9d346d9dbd95992de0fef795073f5ea83a81c?s=96&d=mm&r=g\",\"url\":\"https:\\\/\\\/secure.gravatar.com\\\/avatar\\\/b6992f131dc8d30ab0dff15446e9d346d9dbd95992de0fef795073f5ea83a81c?s=96&d=mm&r=g\",\"contentUrl\":\"https:\\\/\\\/secure.gravatar.com\\\/avatar\\\/b6992f131dc8d30ab0dff15446e9d346d9dbd95992de0fef795073f5ea83a81c?s=96&d=mm&r=g\",\"caption\":\"La Gu\u00eda de Pamplona\"}}]}<\/script>\n<!-- \/ Yoast SEO plugin. -->","yoast_head_json":{"title":"El ciclo de teatro profesional \u2018Teatreves\u2019 se cierra este jueves en Civivox Iturrama con la obra \u2018Bancarrota\u2019, del grupo Acr\u00f3nica Producciones","robots":{"index":"index","follow":"follow","max-snippet":"max-snippet:-1","max-image-preview":"max-image-preview:large","max-video-preview":"max-video-preview:-1"},"canonical":"https:\/\/www.laguiadepamplona.com\/actualidad\/el-ciclo-de-teatro-profesional-teatreves-se-cierra-este-jueves-en-civivox-iturrama-con-la-obra-bancarrota-del-grupo-acronica-producciones\/","og_locale":"es_ES","og_type":"article","og_title":"El ciclo de teatro profesional \u2018Teatreves\u2019 se cierra este jueves en Civivox Iturrama con la obra \u2018Bancarrota\u2019, del grupo Acr\u00f3nica Producciones","og_description":"La actuaci\u00f3n comenzar\u00e1 a las 19.30 horas y la entrada cuesta 6 euros El ciclo \u2018Teatreves\u2019 de teatro profesional navarro se cierra este jueves en Civivox Iturrama con la obra...","og_url":"https:\/\/www.laguiadepamplona.com\/actualidad\/el-ciclo-de-teatro-profesional-teatreves-se-cierra-este-jueves-en-civivox-iturrama-con-la-obra-bancarrota-del-grupo-acronica-producciones\/","og_site_name":"La Gu\u00eda de Pamplona","article_publisher":"https:\/\/www.facebook.com\/laguiadepamplonacom-133175176762273\/?ref=hl","article_published_time":"2016-02-24T12:28:23+00:00","author":"La Gu\u00eda de Pamplona","twitter_card":"summary_large_image","twitter_creator":"@LaGuiadPamplona","twitter_site":"@LaGuiadPamplona","twitter_misc":{"Escrito por":"La Gu\u00eda de Pamplona","Tiempo de lectura":"2 minutos"},"schema":{"@context":"https:\/\/schema.org","@graph":[{"@type":"Article","@id":"https:\/\/www.laguiadepamplona.com\/actualidad\/el-ciclo-de-teatro-profesional-teatreves-se-cierra-este-jueves-en-civivox-iturrama-con-la-obra-bancarrota-del-grupo-acronica-producciones\/#article","isPartOf":{"@id":"https:\/\/www.laguiadepamplona.com\/actualidad\/el-ciclo-de-teatro-profesional-teatreves-se-cierra-este-jueves-en-civivox-iturrama-con-la-obra-bancarrota-del-grupo-acronica-producciones\/"},"author":{"name":"La Gu\u00eda de Pamplona","@id":"https:\/\/www.laguiadepamplona.com\/actualidad\/#\/schema\/person\/efe887376f0213d4657c93adc50b1fdb"},"headline":"El ciclo de teatro profesional \u2018Teatreves\u2019 se cierra este jueves en Civivox Iturrama con la obra \u2018Bancarrota\u2019, del grupo Acr\u00f3nica Producciones","datePublished":"2016-02-24T12:28:23+00:00","mainEntityOfPage":{"@id":"https:\/\/www.laguiadepamplona.com\/actualidad\/el-ciclo-de-teatro-profesional-teatreves-se-cierra-este-jueves-en-civivox-iturrama-con-la-obra-bancarrota-del-grupo-acronica-producciones\/"},"wordCount":519,"publisher":{"@id":"https:\/\/www.laguiadepamplona.com\/actualidad\/#organization"},"image":{"@id":"https:\/\/www.laguiadepamplona.com\/actualidad\/el-ciclo-de-teatro-profesional-teatreves-se-cierra-este-jueves-en-civivox-iturrama-con-la-obra-bancarrota-del-grupo-acronica-producciones\/#primaryimage"},"thumbnailUrl":"","keywords":["acr\u00f3nica","actualidad","ayto pamplona","Ayuntamiento de Pamplona","Bancarrota","ciclo","cierra","civivox","grupo","iturrama","jueves","noticias","pamplona","producciones","profesional","Teatreves","teatro"],"articleSection":["Ayto Pamplona"],"inLanguage":"es"},{"@type":"WebPage","@id":"https:\/\/www.laguiadepamplona.com\/actualidad\/el-ciclo-de-teatro-profesional-teatreves-se-cierra-este-jueves-en-civivox-iturrama-con-la-obra-bancarrota-del-grupo-acronica-producciones\/","url":"https:\/\/www.laguiadepamplona.com\/actualidad\/el-ciclo-de-teatro-profesional-teatreves-se-cierra-este-jueves-en-civivox-iturrama-con-la-obra-bancarrota-del-grupo-acronica-producciones\/","name":"El ciclo de teatro profesional \u2018Teatreves\u2019 se cierra este jueves en Civivox Iturrama con la obra \u2018Bancarrota\u2019, del grupo Acr\u00f3nica Producciones","isPartOf":{"@id":"https:\/\/www.laguiadepamplona.com\/actualidad\/#website"},"primaryImageOfPage":{"@id":"https:\/\/www.laguiadepamplona.com\/actualidad\/el-ciclo-de-teatro-profesional-teatreves-se-cierra-este-jueves-en-civivox-iturrama-con-la-obra-bancarrota-del-grupo-acronica-producciones\/#primaryimage"},"image":{"@id":"https:\/\/www.laguiadepamplona.com\/actualidad\/el-ciclo-de-teatro-profesional-teatreves-se-cierra-este-jueves-en-civivox-iturrama-con-la-obra-bancarrota-del-grupo-acronica-producciones\/#primaryimage"},"thumbnailUrl":"","datePublished":"2016-02-24T12:28:23+00:00","breadcrumb":{"@id":"https:\/\/www.laguiadepamplona.com\/actualidad\/el-ciclo-de-teatro-profesional-teatreves-se-cierra-este-jueves-en-civivox-iturrama-con-la-obra-bancarrota-del-grupo-acronica-producciones\/#breadcrumb"},"inLanguage":"es","potentialAction":[{"@type":"ReadAction","target":["https:\/\/www.laguiadepamplona.com\/actualidad\/el-ciclo-de-teatro-profesional-teatreves-se-cierra-este-jueves-en-civivox-iturrama-con-la-obra-bancarrota-del-grupo-acronica-producciones\/"]}]},{"@type":"ImageObject","inLanguage":"es","@id":"https:\/\/www.laguiadepamplona.com\/actualidad\/el-ciclo-de-teatro-profesional-teatreves-se-cierra-este-jueves-en-civivox-iturrama-con-la-obra-bancarrota-del-grupo-acronica-producciones\/#primaryimage","url":"","contentUrl":""},{"@type":"BreadcrumbList","@id":"https:\/\/www.laguiadepamplona.com\/actualidad\/el-ciclo-de-teatro-profesional-teatreves-se-cierra-este-jueves-en-civivox-iturrama-con-la-obra-bancarrota-del-grupo-acronica-producciones\/#breadcrumb","itemListElement":[{"@type":"ListItem","position":1,"name":"Portada","item":"https:\/\/www.laguiadepamplona.com\/actualidad\/"},{"@type":"ListItem","position":2,"name":"El ciclo de teatro profesional \u2018Teatreves\u2019 se cierra este jueves en Civivox Iturrama con la obra \u2018Bancarrota\u2019, del grupo Acr\u00f3nica Producciones"}]},{"@type":"WebSite","@id":"https:\/\/www.laguiadepamplona.com\/actualidad\/#website","url":"https:\/\/www.laguiadepamplona.com\/actualidad\/","name":"La gu\u00eda de Pamplona","description":"Noticias de Pamplona","publisher":{"@id":"https:\/\/www.laguiadepamplona.com\/actualidad\/#organization"},"potentialAction":[{"@type":"SearchAction","target":{"@type":"EntryPoint","urlTemplate":"https:\/\/www.laguiadepamplona.com\/actualidad\/?s={search_term_string}"},"query-input":{"@type":"PropertyValueSpecification","valueRequired":true,"valueName":"search_term_string"}}],"inLanguage":"es"},{"@type":"Organization","@id":"https:\/\/www.laguiadepamplona.com\/actualidad\/#organization","name":"La Gu\u00eda de Pamplona \/ Noticias","url":"https:\/\/www.laguiadepamplona.com\/actualidad\/","logo":{"@type":"ImageObject","inLanguage":"es","@id":"https:\/\/www.laguiadepamplona.com\/actualidad\/#\/schema\/logo\/image\/","url":"https:\/\/www.laguiadepamplona.com\/actualidad\/wp-content\/uploads\/2018\/11\/logo-laguiadepamplona18-web1.png","contentUrl":"https:\/\/www.laguiadepamplona.com\/actualidad\/wp-content\/uploads\/2018\/11\/logo-laguiadepamplona18-web1.png","width":600,"height":196,"caption":"La Gu\u00eda de Pamplona \/ Noticias"},"image":{"@id":"https:\/\/www.laguiadepamplona.com\/actualidad\/#\/schema\/logo\/image\/"},"sameAs":["https:\/\/www.facebook.com\/laguiadepamplonacom-133175176762273\/?ref=hl","https:\/\/x.com\/LaGuiadPamplona","https:\/\/www.instagram.com\/la_guia_de_pamplona\/","https:\/\/www.youtube.com\/user\/laguiadepamplona"]},{"@type":"Person","@id":"https:\/\/www.laguiadepamplona.com\/actualidad\/#\/schema\/person\/efe887376f0213d4657c93adc50b1fdb","name":"La Gu\u00eda de Pamplona","image":{"@type":"ImageObject","inLanguage":"es","@id":"https:\/\/secure.gravatar.com\/avatar\/b6992f131dc8d30ab0dff15446e9d346d9dbd95992de0fef795073f5ea83a81c?s=96&d=mm&r=g","url":"https:\/\/secure.gravatar.com\/avatar\/b6992f131dc8d30ab0dff15446e9d346d9dbd95992de0fef795073f5ea83a81c?s=96&d=mm&r=g","contentUrl":"https:\/\/secure.gravatar.com\/avatar\/b6992f131dc8d30ab0dff15446e9d346d9dbd95992de0fef795073f5ea83a81c?s=96&d=mm&r=g","caption":"La Gu\u00eda de Pamplona"}}]}},"post_mailing_queue_ids":[],"_links":{"self":[{"href":"https:\/\/www.laguiadepamplona.com\/actualidad\/wp-json\/wp\/v2\/posts\/8966","targetHints":{"allow":["GET"]}}],"collection":[{"href":"https:\/\/www.laguiadepamplona.com\/actualidad\/wp-json\/wp\/v2\/posts"}],"about":[{"href":"https:\/\/www.laguiadepamplona.com\/actualidad\/wp-json\/wp\/v2\/types\/post"}],"author":[{"embeddable":true,"href":"https:\/\/www.laguiadepamplona.com\/actualidad\/wp-json\/wp\/v2\/users\/1"}],"replies":[{"embeddable":true,"href":"https:\/\/www.laguiadepamplona.com\/actualidad\/wp-json\/wp\/v2\/comments?post=8966"}],"version-history":[{"count":0,"href":"https:\/\/www.laguiadepamplona.com\/actualidad\/wp-json\/wp\/v2\/posts\/8966\/revisions"}],"wp:featuredmedia":[{"embeddable":true,"href":"https:\/\/www.laguiadepamplona.com\/actualidad\/wp-json\/"}],"wp:attachment":[{"href":"https:\/\/www.laguiadepamplona.com\/actualidad\/wp-json\/wp\/v2\/media?parent=8966"}],"wp:term":[{"taxonomy":"category","embeddable":true,"href":"https:\/\/www.laguiadepamplona.com\/actualidad\/wp-json\/wp\/v2\/categories?post=8966"},{"taxonomy":"post_tag","embeddable":true,"href":"https:\/\/www.laguiadepamplona.com\/actualidad\/wp-json\/wp\/v2\/tags?post=8966"}],"curies":[{"name":"wp","href":"https:\/\/api.w.org\/{rel}","templated":true}]}}