{"id":896,"date":"2014-03-25T14:18:05","date_gmt":"2014-03-25T13:18:05","guid":{"rendered":"http:\/\/laguiadepamplona.es\/noticias\/?p=896"},"modified":"2014-03-25T14:18:05","modified_gmt":"2014-03-25T13:18:05","slug":"el-albergue-turistico-de-jesus-y-maria-que-permanecera-abierto-todo-el-ano-excepto-navidad-y-sanfermines-dara-trabajo-a-7-personas-de-la-fundacion-aspace","status":"publish","type":"post","link":"https:\/\/www.laguiadepamplona.com\/actualidad\/el-albergue-turistico-de-jesus-y-maria-que-permanecera-abierto-todo-el-ano-excepto-navidad-y-sanfermines-dara-trabajo-a-7-personas-de-la-fundacion-aspace\/","title":{"rendered":"El albergue tur\u00edstico de Jes\u00fas y Mar\u00eda, que permanecer\u00e1 abierto todo el a\u00f1o excepto Navidad y Sanfermines, dar\u00e1 trabajo a 7 personas de la Fundaci\u00f3n Aspace"},"content":{"rendered":"<h6>La Junta de Gobierno Local ha aprobado la adjudicaci\u00f3n de un recurso municipal que desde su apertura en 2007 ha atendido a 114.321 usuarios<\/h6>\n<p><a href=\"http:\/\/laguiadepamplona.es\/noticias\/wp-content\/uploads\/2014\/02\/El-albergue-de-Jesus-y-Maria.jpg\"><img loading=\"lazy\" decoding=\"async\" class=\"alignleft size-medium wp-image-495\" alt=\"El albergue de Jesus y Maria\" src=\"http:\/\/laguiadepamplona.es\/noticias\/wp-content\/uploads\/2014\/02\/El-albergue-de-Jesus-y-Maria-300x270.jpg\" width=\"300\" height=\"270\" \/><\/a>El albergue tur\u00edstico de Jes\u00fas y Mar\u00eda atender\u00e1 a los peregrinos que pasen por Pamplona durante todo el a\u00f1o, excepto del 24 de diciembre al 15 de enero y del 5 al 15 de julio en que permanecer\u00e1 cerrado. La Junta de Gobierno Local ha aprobado esta ma\u00f1ana la adjudicaci\u00f3n de la gesti\u00f3n de este recurso municipal en cuyo expediente para la concesi\u00f3n administrativa se se\u00f1alaba que deb\u00eda permanecer abierto como m\u00ednimo desde el s\u00e1bado anterior al jueves de Semana Santa hasta el 30 de octubre. A la concesi\u00f3n solo pod\u00edan presentarse Centros Especiales de Empleo sin \u00e1nimo de lucro (CEE) y Centros de Inserci\u00f3n Sociolaboral (CIS). La adjudicaci\u00f3n se ha realizado a favor de la Fundaci\u00f3n Aspace para el Empleo con un canon anual de 6.000 euros. En el albergue trabajar\u00e1n al menos 7 personas, 2 responsables de turno y 5 personas de mantenimiento, limpieza y recepci\u00f3n.<\/p>\n<p>El expediente de adjudicaci\u00f3n recog\u00eda que, por primera vez, el albergue ser\u00eda exclusivamente para el alojamiento de peregrinos desde el 1 de mayo al 30 de septiembre, sin posibilidad de reserva previa; sin embargo, fuera de esas fechas permit\u00eda la reserva de plazas a turistas que est\u00e9n visitando la ciudad y que no realicen el Camino de Santiago. Al igual que hasta ahora, del 1 de mayo al 30 de septiembre no se admitir\u00e1n reservas previas y las plazas disponibles se ocupar\u00e1n seg\u00fan vayan llegando los peregrinos.<\/p>\n<p>Entre los criterios de valoraci\u00f3n se encontraban las tarifas presentadas, que de acuerdo a lo presentado por la empresa adjudicataria han quedado fijadas en 8 euros para peregrinos, 12 euros para turistas, 10 euros para grupos y 8 euros para menores de 12 a\u00f1os. Adem\u00e1s, se ofrecer\u00e1n servicios auxiliares como alquiler de s\u00e1banas y mantas por 2 euros, de toallas por otros 2 euros y de taquilla por un euro.<\/p>\n<p><strong>Abierto todos los d\u00edas de 12 a 23 horas<\/strong><\/p>\n<p>El albergue permanecer\u00e1 abierto de lunes a domingo de 12 a 23 horas. Dispone de 112 camas y diverso equipamiento para hacer m\u00e1s c\u00f3moda la estancia como lavadoras y secadoras, cocina y comedor, servicio de internet y zona de estar. En su distribuci\u00f3n se ha mantenido \u00edntegro el espacio que fue de culto, habilitando entre los pilares de las naves laterales unos m\u00f3dulos de madera, a dos niveles, en los que se ubican los dormitorios de manera que las habitaciones y zona de estar no son estancias independientes sino que hay una gran estancia com\u00fan. Queda libre la nave central como zona multiusos y que adem\u00e1s sirve para acoger, por ejemplo, exposiciones o conciertos.<\/p>\n<p>En el edificio colindante se sit\u00faan los ba\u00f1os y las instalaciones mientras que la zona que correspond\u00eda a la sacrist\u00eda ha mantenido su estado adaptando su uso como lavadero y tendedero. El albergue tambi\u00e9n cuenta con aparcamiento para bicicletas, un dormitorio destinado a roncadores y un segundo dormitorio individual para el hospitalero.<\/p>\n<p><strong>Abierto en 2007 en una antigua iglesia<\/strong><\/p>\n<p>El albergue tur\u00edstico del Camino de Santiago de Jes\u00fas y Mar\u00eda de Pamplona fue inaugurado en agosto del a\u00f1o 2007. Est\u00e1 situado en la antigua iglesia de Jes\u00fas y Mar\u00eda de la Calle Compa\u00f1\u00eda. Desde que abri\u00f3 sus puertas hasta finales del 2013 han pernoctado en \u00e9l un total de 114.321 peregrinos. Su objetivo fundamental es ofrecer alojamiento a todos los peregrinos que pasan por la ciudad y prestar un servicio a todos aquellos que hacen el Camino de Santiago.<\/p>\n<p>El albergue de peregrinos de Jes\u00fas y Mar\u00eda abri\u00f3 sus puertas en agosto de 2007 y hasta marzo de 2010 fue atendido por la Asociaci\u00f3n de los Amigos del Camino de Santiago mediante un convenio de colaboraci\u00f3n firmado entre el Ayuntamiento y dicha Asociaci\u00f3n. Esos a\u00f1os abr\u00eda de entre los meses de marzo y octubre, cerrado durante las fiestas de San Ferm\u00edn. En 2007 se alojaron en \u00e9l 11.844 peregrinos, al a\u00f1o siguiente 13.538 y en 2009, 15.007 peregrinos.<\/p>\n<p>En marzo del a\u00f1o 2010 el Ayuntamiento adjudica el contrato de concesi\u00f3n administrativa del local municipal para su gesti\u00f3n como albergue de peregrinos a la Fundaci\u00f3n Aspace por un periodo de cuatro a\u00f1os. Ese a\u00f1o, desde abril hasta diciembre aloj\u00f3 a 14.276 peregrinos. Es en 2011 cuando el albergue comienza a abrir desde el 15 de enero hasta el 31 de diciembre (excepto los d\u00edas de San Ferm\u00edn) y llega a los 18.760 peregrinos. Esa cifra se incrementa en 2012 a 19.341 personas y en 2013 a 21.555 peregrinos.<\/p>\n<p>&nbsp;<\/p>\n","protected":false},"excerpt":{"rendered":"<p>La Junta de Gobierno Local ha aprobado la adjudicaci\u00f3n de un recurso municipal que desde su apertura en 2007 ha atendido a 114.321 usuarios El albergue tur\u00edstico de Jes\u00fas y&#8230;<\/p>\n","protected":false},"author":1,"featured_media":495,"comment_status":"open","ping_status":"open","sticky":false,"template":"","format":"standard","meta":{"footnotes":""},"categories":[2],"tags":[5,559,6,560,8,9],"class_list":["post-896","post","type-post","status-publish","format-standard","has-post-thumbnail","hentry","category-ayuntamiento-pamplona","tag-actualidad","tag-albergue-turistico-de-jesus-y-maria","tag-ayto-pamplona","tag-excepto-navidad-y-sanfermines","tag-noticias","tag-pamplona"],"yoast_head":"<!-- This site is optimized with the Yoast SEO plugin v27.5 - https:\/\/yoast.com\/product\/yoast-seo-wordpress\/ -->\n<title>El albergue tur\u00edstico de Jes\u00fas y Mar\u00eda, que permanecer\u00e1 abierto todo el a\u00f1o excepto Navidad y Sanfermines, dar\u00e1 trabajo a 7 personas de la Fundaci\u00f3n Aspace<\/title>\n<meta name=\"robots\" content=\"index, follow, max-snippet:-1, max-image-preview:large, max-video-preview:-1\" \/>\n<link rel=\"canonical\" href=\"https:\/\/www.laguiadepamplona.com\/actualidad\/el-albergue-turistico-de-jesus-y-maria-que-permanecera-abierto-todo-el-ano-excepto-navidad-y-sanfermines-dara-trabajo-a-7-personas-de-la-fundacion-aspace\/\" \/>\n<meta property=\"og:locale\" content=\"es_ES\" \/>\n<meta property=\"og:type\" content=\"article\" \/>\n<meta property=\"og:title\" content=\"El albergue tur\u00edstico de Jes\u00fas y Mar\u00eda, que permanecer\u00e1 abierto todo el a\u00f1o excepto Navidad y Sanfermines, dar\u00e1 trabajo a 7 personas de la Fundaci\u00f3n Aspace\" \/>\n<meta property=\"og:description\" content=\"La Junta de Gobierno Local ha aprobado la adjudicaci\u00f3n de un recurso municipal que desde su apertura en 2007 ha atendido a 114.321 usuarios El albergue tur\u00edstico de Jes\u00fas y...\" \/>\n<meta property=\"og:url\" content=\"https:\/\/www.laguiadepamplona.com\/actualidad\/el-albergue-turistico-de-jesus-y-maria-que-permanecera-abierto-todo-el-ano-excepto-navidad-y-sanfermines-dara-trabajo-a-7-personas-de-la-fundacion-aspace\/\" \/>\n<meta property=\"og:site_name\" content=\"La Gu\u00eda de Pamplona\" \/>\n<meta property=\"article:publisher\" content=\"https:\/\/www.facebook.com\/laguiadepamplonacom-133175176762273\/?ref=hl\" \/>\n<meta property=\"article:published_time\" content=\"2014-03-25T13:18:05+00:00\" \/>\n<meta name=\"author\" content=\"La Gu\u00eda de Pamplona\" \/>\n<meta name=\"twitter:card\" content=\"summary_large_image\" \/>\n<meta name=\"twitter:creator\" content=\"@LaGuiadPamplona\" \/>\n<meta name=\"twitter:site\" content=\"@LaGuiadPamplona\" \/>\n<meta name=\"twitter:label1\" content=\"Escrito por\" \/>\n\t<meta name=\"twitter:data1\" content=\"La Gu\u00eda de Pamplona\" \/>\n\t<meta name=\"twitter:label2\" content=\"Tiempo de lectura\" \/>\n\t<meta name=\"twitter:data2\" content=\"4 minutos\" \/>\n<script type=\"application\/ld+json\" class=\"yoast-schema-graph\">{\"@context\":\"https:\\\/\\\/schema.org\",\"@graph\":[{\"@type\":\"Article\",\"@id\":\"https:\\\/\\\/www.laguiadepamplona.com\\\/actualidad\\\/el-albergue-turistico-de-jesus-y-maria-que-permanecera-abierto-todo-el-ano-excepto-navidad-y-sanfermines-dara-trabajo-a-7-personas-de-la-fundacion-aspace\\\/#article\",\"isPartOf\":{\"@id\":\"https:\\\/\\\/www.laguiadepamplona.com\\\/actualidad\\\/el-albergue-turistico-de-jesus-y-maria-que-permanecera-abierto-todo-el-ano-excepto-navidad-y-sanfermines-dara-trabajo-a-7-personas-de-la-fundacion-aspace\\\/\"},\"author\":{\"name\":\"La Gu\u00eda de Pamplona\",\"@id\":\"https:\\\/\\\/www.laguiadepamplona.com\\\/actualidad\\\/#\\\/schema\\\/person\\\/efe887376f0213d4657c93adc50b1fdb\"},\"headline\":\"El albergue tur\u00edstico de Jes\u00fas y Mar\u00eda, que permanecer\u00e1 abierto todo el a\u00f1o excepto Navidad y Sanfermines, dar\u00e1 trabajo a 7 personas de la Fundaci\u00f3n Aspace\",\"datePublished\":\"2014-03-25T13:18:05+00:00\",\"mainEntityOfPage\":{\"@id\":\"https:\\\/\\\/www.laguiadepamplona.com\\\/actualidad\\\/el-albergue-turistico-de-jesus-y-maria-que-permanecera-abierto-todo-el-ano-excepto-navidad-y-sanfermines-dara-trabajo-a-7-personas-de-la-fundacion-aspace\\\/\"},\"wordCount\":811,\"commentCount\":0,\"publisher\":{\"@id\":\"https:\\\/\\\/www.laguiadepamplona.com\\\/actualidad\\\/#organization\"},\"image\":{\"@id\":\"https:\\\/\\\/www.laguiadepamplona.com\\\/actualidad\\\/el-albergue-turistico-de-jesus-y-maria-que-permanecera-abierto-todo-el-ano-excepto-navidad-y-sanfermines-dara-trabajo-a-7-personas-de-la-fundacion-aspace\\\/#primaryimage\"},\"thumbnailUrl\":\"\",\"keywords\":[\"actualidad\",\"albergue tur\u00edstico de Jes\u00fas y Mar\u00eda\",\"ayto pamplona\",\"excepto Navidad y Sanfermines\",\"noticias\",\"pamplona\"],\"articleSection\":[\"Ayto Pamplona\"],\"inLanguage\":\"es\",\"potentialAction\":[{\"@type\":\"CommentAction\",\"name\":\"Comment\",\"target\":[\"https:\\\/\\\/www.laguiadepamplona.com\\\/actualidad\\\/el-albergue-turistico-de-jesus-y-maria-que-permanecera-abierto-todo-el-ano-excepto-navidad-y-sanfermines-dara-trabajo-a-7-personas-de-la-fundacion-aspace\\\/#respond\"]}]},{\"@type\":\"WebPage\",\"@id\":\"https:\\\/\\\/www.laguiadepamplona.com\\\/actualidad\\\/el-albergue-turistico-de-jesus-y-maria-que-permanecera-abierto-todo-el-ano-excepto-navidad-y-sanfermines-dara-trabajo-a-7-personas-de-la-fundacion-aspace\\\/\",\"url\":\"https:\\\/\\\/www.laguiadepamplona.com\\\/actualidad\\\/el-albergue-turistico-de-jesus-y-maria-que-permanecera-abierto-todo-el-ano-excepto-navidad-y-sanfermines-dara-trabajo-a-7-personas-de-la-fundacion-aspace\\\/\",\"name\":\"El albergue tur\u00edstico de Jes\u00fas y Mar\u00eda, que permanecer\u00e1 abierto todo el a\u00f1o excepto Navidad y Sanfermines, dar\u00e1 trabajo a 7 personas de la Fundaci\u00f3n Aspace\",\"isPartOf\":{\"@id\":\"https:\\\/\\\/www.laguiadepamplona.com\\\/actualidad\\\/#website\"},\"primaryImageOfPage\":{\"@id\":\"https:\\\/\\\/www.laguiadepamplona.com\\\/actualidad\\\/el-albergue-turistico-de-jesus-y-maria-que-permanecera-abierto-todo-el-ano-excepto-navidad-y-sanfermines-dara-trabajo-a-7-personas-de-la-fundacion-aspace\\\/#primaryimage\"},\"image\":{\"@id\":\"https:\\\/\\\/www.laguiadepamplona.com\\\/actualidad\\\/el-albergue-turistico-de-jesus-y-maria-que-permanecera-abierto-todo-el-ano-excepto-navidad-y-sanfermines-dara-trabajo-a-7-personas-de-la-fundacion-aspace\\\/#primaryimage\"},\"thumbnailUrl\":\"\",\"datePublished\":\"2014-03-25T13:18:05+00:00\",\"breadcrumb\":{\"@id\":\"https:\\\/\\\/www.laguiadepamplona.com\\\/actualidad\\\/el-albergue-turistico-de-jesus-y-maria-que-permanecera-abierto-todo-el-ano-excepto-navidad-y-sanfermines-dara-trabajo-a-7-personas-de-la-fundacion-aspace\\\/#breadcrumb\"},\"inLanguage\":\"es\",\"potentialAction\":[{\"@type\":\"ReadAction\",\"target\":[\"https:\\\/\\\/www.laguiadepamplona.com\\\/actualidad\\\/el-albergue-turistico-de-jesus-y-maria-que-permanecera-abierto-todo-el-ano-excepto-navidad-y-sanfermines-dara-trabajo-a-7-personas-de-la-fundacion-aspace\\\/\"]}]},{\"@type\":\"ImageObject\",\"inLanguage\":\"es\",\"@id\":\"https:\\\/\\\/www.laguiadepamplona.com\\\/actualidad\\\/el-albergue-turistico-de-jesus-y-maria-que-permanecera-abierto-todo-el-ano-excepto-navidad-y-sanfermines-dara-trabajo-a-7-personas-de-la-fundacion-aspace\\\/#primaryimage\",\"url\":\"\",\"contentUrl\":\"\"},{\"@type\":\"BreadcrumbList\",\"@id\":\"https:\\\/\\\/www.laguiadepamplona.com\\\/actualidad\\\/el-albergue-turistico-de-jesus-y-maria-que-permanecera-abierto-todo-el-ano-excepto-navidad-y-sanfermines-dara-trabajo-a-7-personas-de-la-fundacion-aspace\\\/#breadcrumb\",\"itemListElement\":[{\"@type\":\"ListItem\",\"position\":1,\"name\":\"Portada\",\"item\":\"https:\\\/\\\/www.laguiadepamplona.com\\\/actualidad\\\/\"},{\"@type\":\"ListItem\",\"position\":2,\"name\":\"El albergue tur\u00edstico de Jes\u00fas y Mar\u00eda, que permanecer\u00e1 abierto todo el a\u00f1o excepto Navidad y Sanfermines, dar\u00e1 trabajo a 7 personas de la Fundaci\u00f3n Aspace\"}]},{\"@type\":\"WebSite\",\"@id\":\"https:\\\/\\\/www.laguiadepamplona.com\\\/actualidad\\\/#website\",\"url\":\"https:\\\/\\\/www.laguiadepamplona.com\\\/actualidad\\\/\",\"name\":\"La gu\u00eda de Pamplona\",\"description\":\"Noticias de Pamplona\",\"publisher\":{\"@id\":\"https:\\\/\\\/www.laguiadepamplona.com\\\/actualidad\\\/#organization\"},\"potentialAction\":[{\"@type\":\"SearchAction\",\"target\":{\"@type\":\"EntryPoint\",\"urlTemplate\":\"https:\\\/\\\/www.laguiadepamplona.com\\\/actualidad\\\/?s={search_term_string}\"},\"query-input\":{\"@type\":\"PropertyValueSpecification\",\"valueRequired\":true,\"valueName\":\"search_term_string\"}}],\"inLanguage\":\"es\"},{\"@type\":\"Organization\",\"@id\":\"https:\\\/\\\/www.laguiadepamplona.com\\\/actualidad\\\/#organization\",\"name\":\"La Gu\u00eda de Pamplona \\\/ Noticias\",\"url\":\"https:\\\/\\\/www.laguiadepamplona.com\\\/actualidad\\\/\",\"logo\":{\"@type\":\"ImageObject\",\"inLanguage\":\"es\",\"@id\":\"https:\\\/\\\/www.laguiadepamplona.com\\\/actualidad\\\/#\\\/schema\\\/logo\\\/image\\\/\",\"url\":\"https:\\\/\\\/www.laguiadepamplona.com\\\/actualidad\\\/wp-content\\\/uploads\\\/2018\\\/11\\\/logo-laguiadepamplona18-web1.png\",\"contentUrl\":\"https:\\\/\\\/www.laguiadepamplona.com\\\/actualidad\\\/wp-content\\\/uploads\\\/2018\\\/11\\\/logo-laguiadepamplona18-web1.png\",\"width\":600,\"height\":196,\"caption\":\"La Gu\u00eda de Pamplona \\\/ Noticias\"},\"image\":{\"@id\":\"https:\\\/\\\/www.laguiadepamplona.com\\\/actualidad\\\/#\\\/schema\\\/logo\\\/image\\\/\"},\"sameAs\":[\"https:\\\/\\\/www.facebook.com\\\/laguiadepamplonacom-133175176762273\\\/?ref=hl\",\"https:\\\/\\\/x.com\\\/LaGuiadPamplona\",\"https:\\\/\\\/www.instagram.com\\\/la_guia_de_pamplona\\\/\",\"https:\\\/\\\/www.youtube.com\\\/user\\\/laguiadepamplona\"]},{\"@type\":\"Person\",\"@id\":\"https:\\\/\\\/www.laguiadepamplona.com\\\/actualidad\\\/#\\\/schema\\\/person\\\/efe887376f0213d4657c93adc50b1fdb\",\"name\":\"La Gu\u00eda de Pamplona\",\"image\":{\"@type\":\"ImageObject\",\"inLanguage\":\"es\",\"@id\":\"https:\\\/\\\/secure.gravatar.com\\\/avatar\\\/b6992f131dc8d30ab0dff15446e9d346d9dbd95992de0fef795073f5ea83a81c?s=96&d=mm&r=g\",\"url\":\"https:\\\/\\\/secure.gravatar.com\\\/avatar\\\/b6992f131dc8d30ab0dff15446e9d346d9dbd95992de0fef795073f5ea83a81c?s=96&d=mm&r=g\",\"contentUrl\":\"https:\\\/\\\/secure.gravatar.com\\\/avatar\\\/b6992f131dc8d30ab0dff15446e9d346d9dbd95992de0fef795073f5ea83a81c?s=96&d=mm&r=g\",\"caption\":\"La Gu\u00eda de Pamplona\"}}]}<\/script>\n<!-- \/ Yoast SEO plugin. -->","yoast_head_json":{"title":"El albergue tur\u00edstico de Jes\u00fas y Mar\u00eda, que permanecer\u00e1 abierto todo el a\u00f1o excepto Navidad y Sanfermines, dar\u00e1 trabajo a 7 personas de la Fundaci\u00f3n Aspace","robots":{"index":"index","follow":"follow","max-snippet":"max-snippet:-1","max-image-preview":"max-image-preview:large","max-video-preview":"max-video-preview:-1"},"canonical":"https:\/\/www.laguiadepamplona.com\/actualidad\/el-albergue-turistico-de-jesus-y-maria-que-permanecera-abierto-todo-el-ano-excepto-navidad-y-sanfermines-dara-trabajo-a-7-personas-de-la-fundacion-aspace\/","og_locale":"es_ES","og_type":"article","og_title":"El albergue tur\u00edstico de Jes\u00fas y Mar\u00eda, que permanecer\u00e1 abierto todo el a\u00f1o excepto Navidad y Sanfermines, dar\u00e1 trabajo a 7 personas de la Fundaci\u00f3n Aspace","og_description":"La Junta de Gobierno Local ha aprobado la adjudicaci\u00f3n de un recurso municipal que desde su apertura en 2007 ha atendido a 114.321 usuarios El albergue tur\u00edstico de Jes\u00fas y...","og_url":"https:\/\/www.laguiadepamplona.com\/actualidad\/el-albergue-turistico-de-jesus-y-maria-que-permanecera-abierto-todo-el-ano-excepto-navidad-y-sanfermines-dara-trabajo-a-7-personas-de-la-fundacion-aspace\/","og_site_name":"La Gu\u00eda de Pamplona","article_publisher":"https:\/\/www.facebook.com\/laguiadepamplonacom-133175176762273\/?ref=hl","article_published_time":"2014-03-25T13:18:05+00:00","author":"La Gu\u00eda de Pamplona","twitter_card":"summary_large_image","twitter_creator":"@LaGuiadPamplona","twitter_site":"@LaGuiadPamplona","twitter_misc":{"Escrito por":"La Gu\u00eda de Pamplona","Tiempo de lectura":"4 minutos"},"schema":{"@context":"https:\/\/schema.org","@graph":[{"@type":"Article","@id":"https:\/\/www.laguiadepamplona.com\/actualidad\/el-albergue-turistico-de-jesus-y-maria-que-permanecera-abierto-todo-el-ano-excepto-navidad-y-sanfermines-dara-trabajo-a-7-personas-de-la-fundacion-aspace\/#article","isPartOf":{"@id":"https:\/\/www.laguiadepamplona.com\/actualidad\/el-albergue-turistico-de-jesus-y-maria-que-permanecera-abierto-todo-el-ano-excepto-navidad-y-sanfermines-dara-trabajo-a-7-personas-de-la-fundacion-aspace\/"},"author":{"name":"La Gu\u00eda de Pamplona","@id":"https:\/\/www.laguiadepamplona.com\/actualidad\/#\/schema\/person\/efe887376f0213d4657c93adc50b1fdb"},"headline":"El albergue tur\u00edstico de Jes\u00fas y Mar\u00eda, que permanecer\u00e1 abierto todo el a\u00f1o excepto Navidad y Sanfermines, dar\u00e1 trabajo a 7 personas de la Fundaci\u00f3n Aspace","datePublished":"2014-03-25T13:18:05+00:00","mainEntityOfPage":{"@id":"https:\/\/www.laguiadepamplona.com\/actualidad\/el-albergue-turistico-de-jesus-y-maria-que-permanecera-abierto-todo-el-ano-excepto-navidad-y-sanfermines-dara-trabajo-a-7-personas-de-la-fundacion-aspace\/"},"wordCount":811,"commentCount":0,"publisher":{"@id":"https:\/\/www.laguiadepamplona.com\/actualidad\/#organization"},"image":{"@id":"https:\/\/www.laguiadepamplona.com\/actualidad\/el-albergue-turistico-de-jesus-y-maria-que-permanecera-abierto-todo-el-ano-excepto-navidad-y-sanfermines-dara-trabajo-a-7-personas-de-la-fundacion-aspace\/#primaryimage"},"thumbnailUrl":"","keywords":["actualidad","albergue tur\u00edstico de Jes\u00fas y Mar\u00eda","ayto pamplona","excepto Navidad y Sanfermines","noticias","pamplona"],"articleSection":["Ayto Pamplona"],"inLanguage":"es","potentialAction":[{"@type":"CommentAction","name":"Comment","target":["https:\/\/www.laguiadepamplona.com\/actualidad\/el-albergue-turistico-de-jesus-y-maria-que-permanecera-abierto-todo-el-ano-excepto-navidad-y-sanfermines-dara-trabajo-a-7-personas-de-la-fundacion-aspace\/#respond"]}]},{"@type":"WebPage","@id":"https:\/\/www.laguiadepamplona.com\/actualidad\/el-albergue-turistico-de-jesus-y-maria-que-permanecera-abierto-todo-el-ano-excepto-navidad-y-sanfermines-dara-trabajo-a-7-personas-de-la-fundacion-aspace\/","url":"https:\/\/www.laguiadepamplona.com\/actualidad\/el-albergue-turistico-de-jesus-y-maria-que-permanecera-abierto-todo-el-ano-excepto-navidad-y-sanfermines-dara-trabajo-a-7-personas-de-la-fundacion-aspace\/","name":"El albergue tur\u00edstico de Jes\u00fas y Mar\u00eda, que permanecer\u00e1 abierto todo el a\u00f1o excepto Navidad y Sanfermines, dar\u00e1 trabajo a 7 personas de la Fundaci\u00f3n Aspace","isPartOf":{"@id":"https:\/\/www.laguiadepamplona.com\/actualidad\/#website"},"primaryImageOfPage":{"@id":"https:\/\/www.laguiadepamplona.com\/actualidad\/el-albergue-turistico-de-jesus-y-maria-que-permanecera-abierto-todo-el-ano-excepto-navidad-y-sanfermines-dara-trabajo-a-7-personas-de-la-fundacion-aspace\/#primaryimage"},"image":{"@id":"https:\/\/www.laguiadepamplona.com\/actualidad\/el-albergue-turistico-de-jesus-y-maria-que-permanecera-abierto-todo-el-ano-excepto-navidad-y-sanfermines-dara-trabajo-a-7-personas-de-la-fundacion-aspace\/#primaryimage"},"thumbnailUrl":"","datePublished":"2014-03-25T13:18:05+00:00","breadcrumb":{"@id":"https:\/\/www.laguiadepamplona.com\/actualidad\/el-albergue-turistico-de-jesus-y-maria-que-permanecera-abierto-todo-el-ano-excepto-navidad-y-sanfermines-dara-trabajo-a-7-personas-de-la-fundacion-aspace\/#breadcrumb"},"inLanguage":"es","potentialAction":[{"@type":"ReadAction","target":["https:\/\/www.laguiadepamplona.com\/actualidad\/el-albergue-turistico-de-jesus-y-maria-que-permanecera-abierto-todo-el-ano-excepto-navidad-y-sanfermines-dara-trabajo-a-7-personas-de-la-fundacion-aspace\/"]}]},{"@type":"ImageObject","inLanguage":"es","@id":"https:\/\/www.laguiadepamplona.com\/actualidad\/el-albergue-turistico-de-jesus-y-maria-que-permanecera-abierto-todo-el-ano-excepto-navidad-y-sanfermines-dara-trabajo-a-7-personas-de-la-fundacion-aspace\/#primaryimage","url":"","contentUrl":""},{"@type":"BreadcrumbList","@id":"https:\/\/www.laguiadepamplona.com\/actualidad\/el-albergue-turistico-de-jesus-y-maria-que-permanecera-abierto-todo-el-ano-excepto-navidad-y-sanfermines-dara-trabajo-a-7-personas-de-la-fundacion-aspace\/#breadcrumb","itemListElement":[{"@type":"ListItem","position":1,"name":"Portada","item":"https:\/\/www.laguiadepamplona.com\/actualidad\/"},{"@type":"ListItem","position":2,"name":"El albergue tur\u00edstico de Jes\u00fas y Mar\u00eda, que permanecer\u00e1 abierto todo el a\u00f1o excepto Navidad y Sanfermines, dar\u00e1 trabajo a 7 personas de la Fundaci\u00f3n Aspace"}]},{"@type":"WebSite","@id":"https:\/\/www.laguiadepamplona.com\/actualidad\/#website","url":"https:\/\/www.laguiadepamplona.com\/actualidad\/","name":"La gu\u00eda de Pamplona","description":"Noticias de Pamplona","publisher":{"@id":"https:\/\/www.laguiadepamplona.com\/actualidad\/#organization"},"potentialAction":[{"@type":"SearchAction","target":{"@type":"EntryPoint","urlTemplate":"https:\/\/www.laguiadepamplona.com\/actualidad\/?s={search_term_string}"},"query-input":{"@type":"PropertyValueSpecification","valueRequired":true,"valueName":"search_term_string"}}],"inLanguage":"es"},{"@type":"Organization","@id":"https:\/\/www.laguiadepamplona.com\/actualidad\/#organization","name":"La Gu\u00eda de Pamplona \/ Noticias","url":"https:\/\/www.laguiadepamplona.com\/actualidad\/","logo":{"@type":"ImageObject","inLanguage":"es","@id":"https:\/\/www.laguiadepamplona.com\/actualidad\/#\/schema\/logo\/image\/","url":"https:\/\/www.laguiadepamplona.com\/actualidad\/wp-content\/uploads\/2018\/11\/logo-laguiadepamplona18-web1.png","contentUrl":"https:\/\/www.laguiadepamplona.com\/actualidad\/wp-content\/uploads\/2018\/11\/logo-laguiadepamplona18-web1.png","width":600,"height":196,"caption":"La Gu\u00eda de Pamplona \/ Noticias"},"image":{"@id":"https:\/\/www.laguiadepamplona.com\/actualidad\/#\/schema\/logo\/image\/"},"sameAs":["https:\/\/www.facebook.com\/laguiadepamplonacom-133175176762273\/?ref=hl","https:\/\/x.com\/LaGuiadPamplona","https:\/\/www.instagram.com\/la_guia_de_pamplona\/","https:\/\/www.youtube.com\/user\/laguiadepamplona"]},{"@type":"Person","@id":"https:\/\/www.laguiadepamplona.com\/actualidad\/#\/schema\/person\/efe887376f0213d4657c93adc50b1fdb","name":"La Gu\u00eda de Pamplona","image":{"@type":"ImageObject","inLanguage":"es","@id":"https:\/\/secure.gravatar.com\/avatar\/b6992f131dc8d30ab0dff15446e9d346d9dbd95992de0fef795073f5ea83a81c?s=96&d=mm&r=g","url":"https:\/\/secure.gravatar.com\/avatar\/b6992f131dc8d30ab0dff15446e9d346d9dbd95992de0fef795073f5ea83a81c?s=96&d=mm&r=g","contentUrl":"https:\/\/secure.gravatar.com\/avatar\/b6992f131dc8d30ab0dff15446e9d346d9dbd95992de0fef795073f5ea83a81c?s=96&d=mm&r=g","caption":"La Gu\u00eda de Pamplona"}}]}},"post_mailing_queue_ids":[],"_links":{"self":[{"href":"https:\/\/www.laguiadepamplona.com\/actualidad\/wp-json\/wp\/v2\/posts\/896","targetHints":{"allow":["GET"]}}],"collection":[{"href":"https:\/\/www.laguiadepamplona.com\/actualidad\/wp-json\/wp\/v2\/posts"}],"about":[{"href":"https:\/\/www.laguiadepamplona.com\/actualidad\/wp-json\/wp\/v2\/types\/post"}],"author":[{"embeddable":true,"href":"https:\/\/www.laguiadepamplona.com\/actualidad\/wp-json\/wp\/v2\/users\/1"}],"replies":[{"embeddable":true,"href":"https:\/\/www.laguiadepamplona.com\/actualidad\/wp-json\/wp\/v2\/comments?post=896"}],"version-history":[{"count":0,"href":"https:\/\/www.laguiadepamplona.com\/actualidad\/wp-json\/wp\/v2\/posts\/896\/revisions"}],"wp:featuredmedia":[{"embeddable":true,"href":"https:\/\/www.laguiadepamplona.com\/actualidad\/wp-json\/"}],"wp:attachment":[{"href":"https:\/\/www.laguiadepamplona.com\/actualidad\/wp-json\/wp\/v2\/media?parent=896"}],"wp:term":[{"taxonomy":"category","embeddable":true,"href":"https:\/\/www.laguiadepamplona.com\/actualidad\/wp-json\/wp\/v2\/categories?post=896"},{"taxonomy":"post_tag","embeddable":true,"href":"https:\/\/www.laguiadepamplona.com\/actualidad\/wp-json\/wp\/v2\/tags?post=896"}],"curies":[{"name":"wp","href":"https:\/\/api.w.org\/{rel}","templated":true}]}}