{"id":8938,"date":"2016-02-23T14:56:23","date_gmt":"2016-02-23T12:56:23","guid":{"rendered":"http:\/\/laguiadepamplona.com\/actualidad\/?p=8938"},"modified":"2016-02-23T14:56:23","modified_gmt":"2016-02-23T12:56:23","slug":"adjudicado-el-contrato-de-suministro-de-plantas-para-los-parterres-de-flor-de-la-ciudad-para-los-anos-2016-y-2017","status":"publish","type":"post","link":"https:\/\/www.laguiadepamplona.com\/actualidad\/adjudicado-el-contrato-de-suministro-de-plantas-para-los-parterres-de-flor-de-la-ciudad-para-los-anos-2016-y-2017\/","title":{"rendered":"Adjudicado el contrato de suministro de plantas para los parterres de flor de la ciudad para los a\u00f1os 2016 y 2017"},"content":{"rendered":"<h4>Cada a\u00f1o se suministrar\u00e1n unas 85.000 flores en dos lotes, planta de primavera y planta de oto\u00f1o<\/h4>\n<p><img loading=\"lazy\" decoding=\"async\" class=\"alignleft size-medium wp-image-2063\" src=\"http:\/\/laguiadepamplona.com\/actualidad\/wp-content\/uploads\/2014\/06\/Ayto_Pamplona-300x225.jpg\" alt=\"Ayto_Pamplona\" width=\"300\" height=\"225\" \/>La Junta del Gobierno Local del Ayuntamiento de Pamplona ha aprobado en su reuni\u00f3n de esta ma\u00f1ana la adjudicaci\u00f3n del contrato de suministro de planta de los parterres de flor de la ciudad para los a\u00f1os 2016 y 2017. Cada a\u00f1o, aproximadamente, se suministrar\u00e1n m\u00e1s de 85.000 flores de diferentes variedades entre planta de primavera y planta de oto\u00f1o, con 37.225 y 48.180 ejemplares, respectivamente.<\/p>\n<p>El contrato est\u00e1 dividido en dos lotes independientes, es decir, por un lado las plantas de primera \u2013 verano y, por otro, la de oto\u00f1o e invierno. La planta de primavera se suministrar\u00e1 durante la segunda quincena de mayo en un plazo m\u00e1ximo total de 12 d\u00edas, as\u00ed como 130 geranios de la variedad elegida, que se suministrar\u00e1n la primera semana de abril. Las flores de esta partida son, entre otras, begonias, dalias, geranos, <em>ageratos<\/em>, coleos, petunias, salvias o crisantemos. En este lote se incluye el suministro de 2.100 unidades al d\u00eda siguiente de la finalizaci\u00f3n de las fiestas de San Ferm\u00edn.<\/p>\n<p>La planta de oto\u00f1o se suministrar\u00e1 durante la segunda quincena de octubre, tambi\u00e9n en un plazo m\u00e1ximo de 12 d\u00edas y coordinaci\u00f3n con el vivero municipal. Se recibir\u00e1n panolas, violas, pr\u00edmulas, amapolas, geranios o margaritas. Todas las plantas deben cumplir unas condiciones de calidad general y unas condiciones particulares, seg\u00fan el tipo de variedad a la que pertenezcan. Deber\u00e1n ser absolutamente aut\u00e9nticas, es decir, con identidad y pureza adecuadas a las especies, varidades o series especificadas.<\/p>\n<p>La adjudicaci\u00f3n del contrato ha reca\u00eddo en Jardines Adaxka S.L. por un importe de 100.458,60 euros para los dos a\u00f1os de vigencia (50.229,30 euros cada a\u00f1o), un 26% menos que el precio de licitaci\u00f3n establecido en 135.705,38 euros.<\/p>\n<p>&nbsp;<\/p>\n","protected":false},"excerpt":{"rendered":"<p>Cada a\u00f1o se suministrar\u00e1n unas 85.000 flores en dos lotes, planta de primavera y planta de oto\u00f1o La Junta del Gobierno Local del Ayuntamiento de Pamplona ha aprobado en su&#8230;<\/p>\n","protected":false},"author":1,"featured_media":2063,"comment_status":"closed","ping_status":"closed","sticky":false,"template":"","format":"standard","meta":{"footnotes":""},"categories":[2],"tags":[5929,7894,5,5702,6,509,1270,2002,7012,8,9,7897,5454,2192],"class_list":["post-8938","post","type-post","status-publish","format-standard","has-post-thumbnail","hentry","category-ayuntamiento-pamplona","tag-5929","tag-7894","tag-actualidad","tag-adjudicado","tag-ayto-pamplona","tag-ayuntamiento-de-pamplona","tag-ciudad","tag-contrato","tag-flor","tag-noticias","tag-pamplona","tag-parterres","tag-plantas","tag-suministro"],"yoast_head":"<!-- This site is optimized with the Yoast SEO plugin v27.5 - https:\/\/yoast.com\/product\/yoast-seo-wordpress\/ -->\n<title>Adjudicado el contrato de suministro de plantas para los parterres de flor de la ciudad para los a\u00f1os 2016 y 2017<\/title>\n<meta name=\"robots\" content=\"index, follow, max-snippet:-1, max-image-preview:large, max-video-preview:-1\" \/>\n<link rel=\"canonical\" href=\"https:\/\/www.laguiadepamplona.com\/actualidad\/adjudicado-el-contrato-de-suministro-de-plantas-para-los-parterres-de-flor-de-la-ciudad-para-los-anos-2016-y-2017\/\" \/>\n<meta property=\"og:locale\" content=\"es_ES\" \/>\n<meta property=\"og:type\" content=\"article\" \/>\n<meta property=\"og:title\" content=\"Adjudicado el contrato de suministro de plantas para los parterres de flor de la ciudad para los a\u00f1os 2016 y 2017\" \/>\n<meta property=\"og:description\" content=\"Cada a\u00f1o se suministrar\u00e1n unas 85.000 flores en dos lotes, planta de primavera y planta de oto\u00f1o La Junta del Gobierno Local del Ayuntamiento de Pamplona ha aprobado en su...\" \/>\n<meta property=\"og:url\" content=\"https:\/\/www.laguiadepamplona.com\/actualidad\/adjudicado-el-contrato-de-suministro-de-plantas-para-los-parterres-de-flor-de-la-ciudad-para-los-anos-2016-y-2017\/\" \/>\n<meta property=\"og:site_name\" content=\"La Gu\u00eda de Pamplona\" \/>\n<meta property=\"article:publisher\" content=\"https:\/\/www.facebook.com\/laguiadepamplonacom-133175176762273\/?ref=hl\" \/>\n<meta property=\"article:published_time\" content=\"2016-02-23T12:56:23+00:00\" \/>\n<meta name=\"author\" content=\"La Gu\u00eda de Pamplona\" \/>\n<meta name=\"twitter:card\" content=\"summary_large_image\" \/>\n<meta name=\"twitter:creator\" content=\"@LaGuiadPamplona\" \/>\n<meta name=\"twitter:site\" content=\"@LaGuiadPamplona\" \/>\n<meta name=\"twitter:label1\" content=\"Escrito por\" \/>\n\t<meta name=\"twitter:data1\" content=\"La Gu\u00eda de Pamplona\" \/>\n\t<meta name=\"twitter:label2\" content=\"Tiempo de lectura\" \/>\n\t<meta name=\"twitter:data2\" content=\"2 minutos\" \/>\n<script type=\"application\/ld+json\" class=\"yoast-schema-graph\">{\"@context\":\"https:\\\/\\\/schema.org\",\"@graph\":[{\"@type\":\"Article\",\"@id\":\"https:\\\/\\\/www.laguiadepamplona.com\\\/actualidad\\\/adjudicado-el-contrato-de-suministro-de-plantas-para-los-parterres-de-flor-de-la-ciudad-para-los-anos-2016-y-2017\\\/#article\",\"isPartOf\":{\"@id\":\"https:\\\/\\\/www.laguiadepamplona.com\\\/actualidad\\\/adjudicado-el-contrato-de-suministro-de-plantas-para-los-parterres-de-flor-de-la-ciudad-para-los-anos-2016-y-2017\\\/\"},\"author\":{\"name\":\"La Gu\u00eda de Pamplona\",\"@id\":\"https:\\\/\\\/www.laguiadepamplona.com\\\/actualidad\\\/#\\\/schema\\\/person\\\/efe887376f0213d4657c93adc50b1fdb\"},\"headline\":\"Adjudicado el contrato de suministro de plantas para los parterres de flor de la ciudad para los a\u00f1os 2016 y 2017\",\"datePublished\":\"2016-02-23T12:56:23+00:00\",\"mainEntityOfPage\":{\"@id\":\"https:\\\/\\\/www.laguiadepamplona.com\\\/actualidad\\\/adjudicado-el-contrato-de-suministro-de-plantas-para-los-parterres-de-flor-de-la-ciudad-para-los-anos-2016-y-2017\\\/\"},\"wordCount\":338,\"publisher\":{\"@id\":\"https:\\\/\\\/www.laguiadepamplona.com\\\/actualidad\\\/#organization\"},\"image\":{\"@id\":\"https:\\\/\\\/www.laguiadepamplona.com\\\/actualidad\\\/adjudicado-el-contrato-de-suministro-de-plantas-para-los-parterres-de-flor-de-la-ciudad-para-los-anos-2016-y-2017\\\/#primaryimage\"},\"thumbnailUrl\":\"\",\"keywords\":[\"2016\",\"2017\",\"actualidad\",\"adjudicado\",\"ayto pamplona\",\"Ayuntamiento de Pamplona\",\"ciudad\",\"contrato\",\"flor\",\"noticias\",\"pamplona\",\"parterres\",\"plantas\",\"suministro\"],\"articleSection\":[\"Ayto Pamplona\"],\"inLanguage\":\"es\"},{\"@type\":\"WebPage\",\"@id\":\"https:\\\/\\\/www.laguiadepamplona.com\\\/actualidad\\\/adjudicado-el-contrato-de-suministro-de-plantas-para-los-parterres-de-flor-de-la-ciudad-para-los-anos-2016-y-2017\\\/\",\"url\":\"https:\\\/\\\/www.laguiadepamplona.com\\\/actualidad\\\/adjudicado-el-contrato-de-suministro-de-plantas-para-los-parterres-de-flor-de-la-ciudad-para-los-anos-2016-y-2017\\\/\",\"name\":\"Adjudicado el contrato de suministro de plantas para los parterres de flor de la ciudad para los a\u00f1os 2016 y 2017\",\"isPartOf\":{\"@id\":\"https:\\\/\\\/www.laguiadepamplona.com\\\/actualidad\\\/#website\"},\"primaryImageOfPage\":{\"@id\":\"https:\\\/\\\/www.laguiadepamplona.com\\\/actualidad\\\/adjudicado-el-contrato-de-suministro-de-plantas-para-los-parterres-de-flor-de-la-ciudad-para-los-anos-2016-y-2017\\\/#primaryimage\"},\"image\":{\"@id\":\"https:\\\/\\\/www.laguiadepamplona.com\\\/actualidad\\\/adjudicado-el-contrato-de-suministro-de-plantas-para-los-parterres-de-flor-de-la-ciudad-para-los-anos-2016-y-2017\\\/#primaryimage\"},\"thumbnailUrl\":\"\",\"datePublished\":\"2016-02-23T12:56:23+00:00\",\"breadcrumb\":{\"@id\":\"https:\\\/\\\/www.laguiadepamplona.com\\\/actualidad\\\/adjudicado-el-contrato-de-suministro-de-plantas-para-los-parterres-de-flor-de-la-ciudad-para-los-anos-2016-y-2017\\\/#breadcrumb\"},\"inLanguage\":\"es\",\"potentialAction\":[{\"@type\":\"ReadAction\",\"target\":[\"https:\\\/\\\/www.laguiadepamplona.com\\\/actualidad\\\/adjudicado-el-contrato-de-suministro-de-plantas-para-los-parterres-de-flor-de-la-ciudad-para-los-anos-2016-y-2017\\\/\"]}]},{\"@type\":\"ImageObject\",\"inLanguage\":\"es\",\"@id\":\"https:\\\/\\\/www.laguiadepamplona.com\\\/actualidad\\\/adjudicado-el-contrato-de-suministro-de-plantas-para-los-parterres-de-flor-de-la-ciudad-para-los-anos-2016-y-2017\\\/#primaryimage\",\"url\":\"\",\"contentUrl\":\"\"},{\"@type\":\"BreadcrumbList\",\"@id\":\"https:\\\/\\\/www.laguiadepamplona.com\\\/actualidad\\\/adjudicado-el-contrato-de-suministro-de-plantas-para-los-parterres-de-flor-de-la-ciudad-para-los-anos-2016-y-2017\\\/#breadcrumb\",\"itemListElement\":[{\"@type\":\"ListItem\",\"position\":1,\"name\":\"Portada\",\"item\":\"https:\\\/\\\/www.laguiadepamplona.com\\\/actualidad\\\/\"},{\"@type\":\"ListItem\",\"position\":2,\"name\":\"Adjudicado el contrato de suministro de plantas para los parterres de flor de la ciudad para los a\u00f1os 2016 y 2017\"}]},{\"@type\":\"WebSite\",\"@id\":\"https:\\\/\\\/www.laguiadepamplona.com\\\/actualidad\\\/#website\",\"url\":\"https:\\\/\\\/www.laguiadepamplona.com\\\/actualidad\\\/\",\"name\":\"La gu\u00eda de Pamplona\",\"description\":\"Noticias de Pamplona\",\"publisher\":{\"@id\":\"https:\\\/\\\/www.laguiadepamplona.com\\\/actualidad\\\/#organization\"},\"potentialAction\":[{\"@type\":\"SearchAction\",\"target\":{\"@type\":\"EntryPoint\",\"urlTemplate\":\"https:\\\/\\\/www.laguiadepamplona.com\\\/actualidad\\\/?s={search_term_string}\"},\"query-input\":{\"@type\":\"PropertyValueSpecification\",\"valueRequired\":true,\"valueName\":\"search_term_string\"}}],\"inLanguage\":\"es\"},{\"@type\":\"Organization\",\"@id\":\"https:\\\/\\\/www.laguiadepamplona.com\\\/actualidad\\\/#organization\",\"name\":\"La Gu\u00eda de Pamplona \\\/ Noticias\",\"url\":\"https:\\\/\\\/www.laguiadepamplona.com\\\/actualidad\\\/\",\"logo\":{\"@type\":\"ImageObject\",\"inLanguage\":\"es\",\"@id\":\"https:\\\/\\\/www.laguiadepamplona.com\\\/actualidad\\\/#\\\/schema\\\/logo\\\/image\\\/\",\"url\":\"https:\\\/\\\/www.laguiadepamplona.com\\\/actualidad\\\/wp-content\\\/uploads\\\/2018\\\/11\\\/logo-laguiadepamplona18-web1.png\",\"contentUrl\":\"https:\\\/\\\/www.laguiadepamplona.com\\\/actualidad\\\/wp-content\\\/uploads\\\/2018\\\/11\\\/logo-laguiadepamplona18-web1.png\",\"width\":600,\"height\":196,\"caption\":\"La Gu\u00eda de Pamplona \\\/ Noticias\"},\"image\":{\"@id\":\"https:\\\/\\\/www.laguiadepamplona.com\\\/actualidad\\\/#\\\/schema\\\/logo\\\/image\\\/\"},\"sameAs\":[\"https:\\\/\\\/www.facebook.com\\\/laguiadepamplonacom-133175176762273\\\/?ref=hl\",\"https:\\\/\\\/x.com\\\/LaGuiadPamplona\",\"https:\\\/\\\/www.instagram.com\\\/la_guia_de_pamplona\\\/\",\"https:\\\/\\\/www.youtube.com\\\/user\\\/laguiadepamplona\"]},{\"@type\":\"Person\",\"@id\":\"https:\\\/\\\/www.laguiadepamplona.com\\\/actualidad\\\/#\\\/schema\\\/person\\\/efe887376f0213d4657c93adc50b1fdb\",\"name\":\"La Gu\u00eda de Pamplona\",\"image\":{\"@type\":\"ImageObject\",\"inLanguage\":\"es\",\"@id\":\"https:\\\/\\\/secure.gravatar.com\\\/avatar\\\/b6992f131dc8d30ab0dff15446e9d346d9dbd95992de0fef795073f5ea83a81c?s=96&d=mm&r=g\",\"url\":\"https:\\\/\\\/secure.gravatar.com\\\/avatar\\\/b6992f131dc8d30ab0dff15446e9d346d9dbd95992de0fef795073f5ea83a81c?s=96&d=mm&r=g\",\"contentUrl\":\"https:\\\/\\\/secure.gravatar.com\\\/avatar\\\/b6992f131dc8d30ab0dff15446e9d346d9dbd95992de0fef795073f5ea83a81c?s=96&d=mm&r=g\",\"caption\":\"La Gu\u00eda de Pamplona\"}}]}<\/script>\n<!-- \/ Yoast SEO plugin. -->","yoast_head_json":{"title":"Adjudicado el contrato de suministro de plantas para los parterres de flor de la ciudad para los a\u00f1os 2016 y 2017","robots":{"index":"index","follow":"follow","max-snippet":"max-snippet:-1","max-image-preview":"max-image-preview:large","max-video-preview":"max-video-preview:-1"},"canonical":"https:\/\/www.laguiadepamplona.com\/actualidad\/adjudicado-el-contrato-de-suministro-de-plantas-para-los-parterres-de-flor-de-la-ciudad-para-los-anos-2016-y-2017\/","og_locale":"es_ES","og_type":"article","og_title":"Adjudicado el contrato de suministro de plantas para los parterres de flor de la ciudad para los a\u00f1os 2016 y 2017","og_description":"Cada a\u00f1o se suministrar\u00e1n unas 85.000 flores en dos lotes, planta de primavera y planta de oto\u00f1o La Junta del Gobierno Local del Ayuntamiento de Pamplona ha aprobado en su...","og_url":"https:\/\/www.laguiadepamplona.com\/actualidad\/adjudicado-el-contrato-de-suministro-de-plantas-para-los-parterres-de-flor-de-la-ciudad-para-los-anos-2016-y-2017\/","og_site_name":"La Gu\u00eda de Pamplona","article_publisher":"https:\/\/www.facebook.com\/laguiadepamplonacom-133175176762273\/?ref=hl","article_published_time":"2016-02-23T12:56:23+00:00","author":"La Gu\u00eda de Pamplona","twitter_card":"summary_large_image","twitter_creator":"@LaGuiadPamplona","twitter_site":"@LaGuiadPamplona","twitter_misc":{"Escrito por":"La Gu\u00eda de Pamplona","Tiempo de lectura":"2 minutos"},"schema":{"@context":"https:\/\/schema.org","@graph":[{"@type":"Article","@id":"https:\/\/www.laguiadepamplona.com\/actualidad\/adjudicado-el-contrato-de-suministro-de-plantas-para-los-parterres-de-flor-de-la-ciudad-para-los-anos-2016-y-2017\/#article","isPartOf":{"@id":"https:\/\/www.laguiadepamplona.com\/actualidad\/adjudicado-el-contrato-de-suministro-de-plantas-para-los-parterres-de-flor-de-la-ciudad-para-los-anos-2016-y-2017\/"},"author":{"name":"La Gu\u00eda de Pamplona","@id":"https:\/\/www.laguiadepamplona.com\/actualidad\/#\/schema\/person\/efe887376f0213d4657c93adc50b1fdb"},"headline":"Adjudicado el contrato de suministro de plantas para los parterres de flor de la ciudad para los a\u00f1os 2016 y 2017","datePublished":"2016-02-23T12:56:23+00:00","mainEntityOfPage":{"@id":"https:\/\/www.laguiadepamplona.com\/actualidad\/adjudicado-el-contrato-de-suministro-de-plantas-para-los-parterres-de-flor-de-la-ciudad-para-los-anos-2016-y-2017\/"},"wordCount":338,"publisher":{"@id":"https:\/\/www.laguiadepamplona.com\/actualidad\/#organization"},"image":{"@id":"https:\/\/www.laguiadepamplona.com\/actualidad\/adjudicado-el-contrato-de-suministro-de-plantas-para-los-parterres-de-flor-de-la-ciudad-para-los-anos-2016-y-2017\/#primaryimage"},"thumbnailUrl":"","keywords":["2016","2017","actualidad","adjudicado","ayto pamplona","Ayuntamiento de Pamplona","ciudad","contrato","flor","noticias","pamplona","parterres","plantas","suministro"],"articleSection":["Ayto Pamplona"],"inLanguage":"es"},{"@type":"WebPage","@id":"https:\/\/www.laguiadepamplona.com\/actualidad\/adjudicado-el-contrato-de-suministro-de-plantas-para-los-parterres-de-flor-de-la-ciudad-para-los-anos-2016-y-2017\/","url":"https:\/\/www.laguiadepamplona.com\/actualidad\/adjudicado-el-contrato-de-suministro-de-plantas-para-los-parterres-de-flor-de-la-ciudad-para-los-anos-2016-y-2017\/","name":"Adjudicado el contrato de suministro de plantas para los parterres de flor de la ciudad para los a\u00f1os 2016 y 2017","isPartOf":{"@id":"https:\/\/www.laguiadepamplona.com\/actualidad\/#website"},"primaryImageOfPage":{"@id":"https:\/\/www.laguiadepamplona.com\/actualidad\/adjudicado-el-contrato-de-suministro-de-plantas-para-los-parterres-de-flor-de-la-ciudad-para-los-anos-2016-y-2017\/#primaryimage"},"image":{"@id":"https:\/\/www.laguiadepamplona.com\/actualidad\/adjudicado-el-contrato-de-suministro-de-plantas-para-los-parterres-de-flor-de-la-ciudad-para-los-anos-2016-y-2017\/#primaryimage"},"thumbnailUrl":"","datePublished":"2016-02-23T12:56:23+00:00","breadcrumb":{"@id":"https:\/\/www.laguiadepamplona.com\/actualidad\/adjudicado-el-contrato-de-suministro-de-plantas-para-los-parterres-de-flor-de-la-ciudad-para-los-anos-2016-y-2017\/#breadcrumb"},"inLanguage":"es","potentialAction":[{"@type":"ReadAction","target":["https:\/\/www.laguiadepamplona.com\/actualidad\/adjudicado-el-contrato-de-suministro-de-plantas-para-los-parterres-de-flor-de-la-ciudad-para-los-anos-2016-y-2017\/"]}]},{"@type":"ImageObject","inLanguage":"es","@id":"https:\/\/www.laguiadepamplona.com\/actualidad\/adjudicado-el-contrato-de-suministro-de-plantas-para-los-parterres-de-flor-de-la-ciudad-para-los-anos-2016-y-2017\/#primaryimage","url":"","contentUrl":""},{"@type":"BreadcrumbList","@id":"https:\/\/www.laguiadepamplona.com\/actualidad\/adjudicado-el-contrato-de-suministro-de-plantas-para-los-parterres-de-flor-de-la-ciudad-para-los-anos-2016-y-2017\/#breadcrumb","itemListElement":[{"@type":"ListItem","position":1,"name":"Portada","item":"https:\/\/www.laguiadepamplona.com\/actualidad\/"},{"@type":"ListItem","position":2,"name":"Adjudicado el contrato de suministro de plantas para los parterres de flor de la ciudad para los a\u00f1os 2016 y 2017"}]},{"@type":"WebSite","@id":"https:\/\/www.laguiadepamplona.com\/actualidad\/#website","url":"https:\/\/www.laguiadepamplona.com\/actualidad\/","name":"La gu\u00eda de Pamplona","description":"Noticias de Pamplona","publisher":{"@id":"https:\/\/www.laguiadepamplona.com\/actualidad\/#organization"},"potentialAction":[{"@type":"SearchAction","target":{"@type":"EntryPoint","urlTemplate":"https:\/\/www.laguiadepamplona.com\/actualidad\/?s={search_term_string}"},"query-input":{"@type":"PropertyValueSpecification","valueRequired":true,"valueName":"search_term_string"}}],"inLanguage":"es"},{"@type":"Organization","@id":"https:\/\/www.laguiadepamplona.com\/actualidad\/#organization","name":"La Gu\u00eda de Pamplona \/ Noticias","url":"https:\/\/www.laguiadepamplona.com\/actualidad\/","logo":{"@type":"ImageObject","inLanguage":"es","@id":"https:\/\/www.laguiadepamplona.com\/actualidad\/#\/schema\/logo\/image\/","url":"https:\/\/www.laguiadepamplona.com\/actualidad\/wp-content\/uploads\/2018\/11\/logo-laguiadepamplona18-web1.png","contentUrl":"https:\/\/www.laguiadepamplona.com\/actualidad\/wp-content\/uploads\/2018\/11\/logo-laguiadepamplona18-web1.png","width":600,"height":196,"caption":"La Gu\u00eda de Pamplona \/ Noticias"},"image":{"@id":"https:\/\/www.laguiadepamplona.com\/actualidad\/#\/schema\/logo\/image\/"},"sameAs":["https:\/\/www.facebook.com\/laguiadepamplonacom-133175176762273\/?ref=hl","https:\/\/x.com\/LaGuiadPamplona","https:\/\/www.instagram.com\/la_guia_de_pamplona\/","https:\/\/www.youtube.com\/user\/laguiadepamplona"]},{"@type":"Person","@id":"https:\/\/www.laguiadepamplona.com\/actualidad\/#\/schema\/person\/efe887376f0213d4657c93adc50b1fdb","name":"La Gu\u00eda de Pamplona","image":{"@type":"ImageObject","inLanguage":"es","@id":"https:\/\/secure.gravatar.com\/avatar\/b6992f131dc8d30ab0dff15446e9d346d9dbd95992de0fef795073f5ea83a81c?s=96&d=mm&r=g","url":"https:\/\/secure.gravatar.com\/avatar\/b6992f131dc8d30ab0dff15446e9d346d9dbd95992de0fef795073f5ea83a81c?s=96&d=mm&r=g","contentUrl":"https:\/\/secure.gravatar.com\/avatar\/b6992f131dc8d30ab0dff15446e9d346d9dbd95992de0fef795073f5ea83a81c?s=96&d=mm&r=g","caption":"La Gu\u00eda de Pamplona"}}]}},"post_mailing_queue_ids":[],"_links":{"self":[{"href":"https:\/\/www.laguiadepamplona.com\/actualidad\/wp-json\/wp\/v2\/posts\/8938","targetHints":{"allow":["GET"]}}],"collection":[{"href":"https:\/\/www.laguiadepamplona.com\/actualidad\/wp-json\/wp\/v2\/posts"}],"about":[{"href":"https:\/\/www.laguiadepamplona.com\/actualidad\/wp-json\/wp\/v2\/types\/post"}],"author":[{"embeddable":true,"href":"https:\/\/www.laguiadepamplona.com\/actualidad\/wp-json\/wp\/v2\/users\/1"}],"replies":[{"embeddable":true,"href":"https:\/\/www.laguiadepamplona.com\/actualidad\/wp-json\/wp\/v2\/comments?post=8938"}],"version-history":[{"count":0,"href":"https:\/\/www.laguiadepamplona.com\/actualidad\/wp-json\/wp\/v2\/posts\/8938\/revisions"}],"wp:featuredmedia":[{"embeddable":true,"href":"https:\/\/www.laguiadepamplona.com\/actualidad\/wp-json\/"}],"wp:attachment":[{"href":"https:\/\/www.laguiadepamplona.com\/actualidad\/wp-json\/wp\/v2\/media?parent=8938"}],"wp:term":[{"taxonomy":"category","embeddable":true,"href":"https:\/\/www.laguiadepamplona.com\/actualidad\/wp-json\/wp\/v2\/categories?post=8938"},{"taxonomy":"post_tag","embeddable":true,"href":"https:\/\/www.laguiadepamplona.com\/actualidad\/wp-json\/wp\/v2\/tags?post=8938"}],"curies":[{"name":"wp","href":"https:\/\/api.w.org\/{rel}","templated":true}]}}