{"id":888,"date":"2014-03-24T18:04:50","date_gmt":"2014-03-24T17:04:50","guid":{"rendered":"http:\/\/laguiadepamplona.es\/noticias\/?p=888"},"modified":"2014-03-24T18:04:50","modified_gmt":"2014-03-24T17:04:50","slug":"el-ayuntamiento-de-pamplona-propondra-un-catalogo-de-infracciones-y-un-regimen-sancionador-especifico-para-el-encierro-a-traves-de-una-nueva-ordenanza-municipal","status":"publish","type":"post","link":"https:\/\/www.laguiadepamplona.com\/actualidad\/el-ayuntamiento-de-pamplona-propondra-un-catalogo-de-infracciones-y-un-regimen-sancionador-especifico-para-el-encierro-a-traves-de-una-nueva-ordenanza-municipal\/","title":{"rendered":"El Ayuntamiento de Pamplona propondr\u00e1 un cat\u00e1logo de infracciones y un r\u00e9gimen sancionador espec\u00edfico para el encierro, a trav\u00e9s de una nueva ordenanza municipal"},"content":{"rendered":"<h6>El Grupo de Trabajo ha sido informado de que se pretende que la normativa entre en vigor en 2014, como complemento al Bando Municipal<\/h6>\n<p><a href=\"http:\/\/laguiadepamplona.es\/noticias\/wp-content\/uploads\/2014\/03\/desmontaje-vallado.jpg\"><img loading=\"lazy\" decoding=\"async\" class=\"alignleft size-medium wp-image-889\" alt=\"desmontaje-vallado\" src=\"http:\/\/laguiadepamplona.es\/noticias\/wp-content\/uploads\/2014\/03\/desmontaje-vallado-300x222.jpg\" width=\"300\" height=\"222\" \/><\/a>El Grupo de Trabajo del Encierro se ha reunido esta tarde en las dependencias del \u00e1rea de Seguridad Ciudadana del Ayuntamiento, con presencia del alcalde de Pamplona, Enrique Maya, para hablar de cinco l\u00edneas de actuaci\u00f3n en las que est\u00e1 trabajando el \u00c1rea de Seguridad Ciudadana.<\/p>\n<p>Como primer asunto se ha comunicado a los presentes que el Ayuntamiento est\u00e1 trabajando para que en 2014 entre en vigor una nueva ordenanza municipal que recoja un cat\u00e1logo de faltas administrativas leves, graves y muy graves, y un r\u00e9gimen sancionador administrativo espec\u00edfico, en relaci\u00f3n a las conductas inadecuadas en el encierro. Como ya sucede con el Bando de Alcald\u00eda, el \u00e1mbito personal de la nueva ordenanza afectar\u00e1 a corredores, espectadores y vecinos.<\/p>\n<p>La pretensi\u00f3n es que esta nueva ordenaci\u00f3n pueda estar vigente para los encierros de \u00e9ste a\u00f1o y, como en toda normativa municipal con rango de ordenanza, la Junta de Gobierno Local deber\u00e1 aprobar un texto con el proyecto de regulaci\u00f3n, que se debatir\u00e1 posteriormente en comisi\u00f3n (en este caso en la Comisi\u00f3n de Presidencia) y deber\u00e1 ser inicialmente aprobada por el Pleno. Tras esa aprobaci\u00f3n inicial, el texto pasar\u00e1 por un periodo de exposici\u00f3n p\u00fablica antes de volver a Pleno, para su aprobaci\u00f3n definitiva.<\/p>\n<p>En ese foro tambi\u00e9n se ha hablado de la posibilidad de eliminar la barrera de contenci\u00f3n de Polic\u00eda Municipal que se forma al inicio de la carrera en la Cuesta de Santo Domingo, para sustituirla por se\u00f1alizaci\u00f3n horizontal, de forma que se limite el riesgo personal de los agentes que participan en la ordenaci\u00f3n del acto.<\/p>\n<p>Asimismo, en esa reuni\u00f3n se han abordado otros asuntos como la posibilidad de reforzar los \u201cConsejos a los corredores\u201d que se emiten por los altavoces del recorrido con la instalaci\u00f3n de una pantalla en la plaza Consistorial que los recoja gr\u00e1ficamente y en bucle, antes del comienzo de la carrera. El Consistorio se plantea, adem\u00e1s, la realizaci\u00f3n de una campa\u00f1a previa de informaci\u00f3n, destinada a los tour-operadores, que evite la presencia de grupos organizados de turistas en el recorrido del encierro, carentes de la informaci\u00f3n precisa para participar con seguridad en el acto.<\/p>\n<p>Como quinta de las propuestas del \u00c1rea est\u00e1 el intensificar las negociaciones con la Casa de Misericordia para extender, a los d\u00edas de diario, el control de aforo en el coso taurino que ya se realiza los fines de semana y as\u00ed evitar que se introduzcan en el recinto objetos que luego se puedan lanzar al ruedo.<\/p>\n<p>A la reuni\u00f3n de esta tarde han acudido, entre otros, el concejal delegado de Seguridad Ciudadana, el director de Seguridad Ciudadana, el Jefe de la Polic\u00eda Municipal, as\u00ed como un representante de cada grupo pol\u00edtico con representaci\u00f3n municipal, la Casa de Misericordia y la Agencia Navarra de Emergencias. Tambi\u00e9n estaban presentes representantes de la Cruz Roja, la DYA, el Servicio Navarro de Salud, la Federaci\u00f3n de Pe\u00f1as y colectivos que participan en el encierro como pastores, ganaderos, dobladores, corredores y carpinteros.<\/p>\n","protected":false},"excerpt":{"rendered":"<p>El Grupo de Trabajo ha sido informado de que se pretende que la normativa entre en vigor en 2014, como complemento al Bando Municipal El Grupo de Trabajo del Encierro&#8230;<\/p>\n","protected":false},"author":1,"featured_media":889,"comment_status":"open","ping_status":"open","sticky":false,"template":"","format":"standard","meta":{"footnotes":""},"categories":[2],"tags":[5,6,553,8,9,554,506],"class_list":["post-888","post","type-post","status-publish","format-standard","has-post-thumbnail","hentry","category-ayuntamiento-pamplona","tag-actualidad","tag-ayto-pamplona","tag-encierro","tag-noticias","tag-pamplona","tag-regimen-sancionador","tag-san-fermin"],"yoast_head":"<!-- This site is optimized with the Yoast SEO plugin v27.5 - https:\/\/yoast.com\/product\/yoast-seo-wordpress\/ -->\n<title>El Ayuntamiento de Pamplona propondr\u00e1 un cat\u00e1logo de infracciones y un r\u00e9gimen sancionador espec\u00edfico para el encierro, a trav\u00e9s de una nueva ordenanza municipal<\/title>\n<meta name=\"robots\" content=\"index, follow, max-snippet:-1, max-image-preview:large, max-video-preview:-1\" \/>\n<link rel=\"canonical\" href=\"https:\/\/www.laguiadepamplona.com\/actualidad\/el-ayuntamiento-de-pamplona-propondra-un-catalogo-de-infracciones-y-un-regimen-sancionador-especifico-para-el-encierro-a-traves-de-una-nueva-ordenanza-municipal\/\" \/>\n<meta property=\"og:locale\" content=\"es_ES\" \/>\n<meta property=\"og:type\" content=\"article\" \/>\n<meta property=\"og:title\" content=\"El Ayuntamiento de Pamplona propondr\u00e1 un cat\u00e1logo de infracciones y un r\u00e9gimen sancionador espec\u00edfico para el encierro, a trav\u00e9s de una nueva ordenanza municipal\" \/>\n<meta property=\"og:description\" content=\"El Grupo de Trabajo ha sido informado de que se pretende que la normativa entre en vigor en 2014, como complemento al Bando Municipal El Grupo de Trabajo del Encierro...\" \/>\n<meta property=\"og:url\" content=\"https:\/\/www.laguiadepamplona.com\/actualidad\/el-ayuntamiento-de-pamplona-propondra-un-catalogo-de-infracciones-y-un-regimen-sancionador-especifico-para-el-encierro-a-traves-de-una-nueva-ordenanza-municipal\/\" \/>\n<meta property=\"og:site_name\" content=\"La Gu\u00eda de Pamplona\" \/>\n<meta property=\"article:publisher\" content=\"https:\/\/www.facebook.com\/laguiadepamplonacom-133175176762273\/?ref=hl\" \/>\n<meta property=\"article:published_time\" content=\"2014-03-24T17:04:50+00:00\" \/>\n<meta name=\"author\" content=\"La Gu\u00eda de Pamplona\" \/>\n<meta name=\"twitter:card\" content=\"summary_large_image\" \/>\n<meta name=\"twitter:creator\" content=\"@LaGuiadPamplona\" \/>\n<meta name=\"twitter:site\" content=\"@LaGuiadPamplona\" \/>\n<meta name=\"twitter:label1\" content=\"Escrito por\" \/>\n\t<meta name=\"twitter:data1\" content=\"La Gu\u00eda de Pamplona\" \/>\n\t<meta name=\"twitter:label2\" content=\"Tiempo de lectura\" \/>\n\t<meta name=\"twitter:data2\" content=\"3 minutos\" \/>\n<script type=\"application\/ld+json\" class=\"yoast-schema-graph\">{\"@context\":\"https:\\\/\\\/schema.org\",\"@graph\":[{\"@type\":\"Article\",\"@id\":\"https:\\\/\\\/www.laguiadepamplona.com\\\/actualidad\\\/el-ayuntamiento-de-pamplona-propondra-un-catalogo-de-infracciones-y-un-regimen-sancionador-especifico-para-el-encierro-a-traves-de-una-nueva-ordenanza-municipal\\\/#article\",\"isPartOf\":{\"@id\":\"https:\\\/\\\/www.laguiadepamplona.com\\\/actualidad\\\/el-ayuntamiento-de-pamplona-propondra-un-catalogo-de-infracciones-y-un-regimen-sancionador-especifico-para-el-encierro-a-traves-de-una-nueva-ordenanza-municipal\\\/\"},\"author\":{\"name\":\"La Gu\u00eda de Pamplona\",\"@id\":\"https:\\\/\\\/www.laguiadepamplona.com\\\/actualidad\\\/#\\\/schema\\\/person\\\/efe887376f0213d4657c93adc50b1fdb\"},\"headline\":\"El Ayuntamiento de Pamplona propondr\u00e1 un cat\u00e1logo de infracciones y un r\u00e9gimen sancionador espec\u00edfico para el encierro, a trav\u00e9s de una nueva ordenanza municipal\",\"datePublished\":\"2014-03-24T17:04:50+00:00\",\"mainEntityOfPage\":{\"@id\":\"https:\\\/\\\/www.laguiadepamplona.com\\\/actualidad\\\/el-ayuntamiento-de-pamplona-propondra-un-catalogo-de-infracciones-y-un-regimen-sancionador-especifico-para-el-encierro-a-traves-de-una-nueva-ordenanza-municipal\\\/\"},\"wordCount\":579,\"commentCount\":0,\"publisher\":{\"@id\":\"https:\\\/\\\/www.laguiadepamplona.com\\\/actualidad\\\/#organization\"},\"image\":{\"@id\":\"https:\\\/\\\/www.laguiadepamplona.com\\\/actualidad\\\/el-ayuntamiento-de-pamplona-propondra-un-catalogo-de-infracciones-y-un-regimen-sancionador-especifico-para-el-encierro-a-traves-de-una-nueva-ordenanza-municipal\\\/#primaryimage\"},\"thumbnailUrl\":\"\",\"keywords\":[\"actualidad\",\"ayto pamplona\",\"encierro\",\"noticias\",\"pamplona\",\"r\u00e9gimen sancionador\",\"san ferm\u00edn\"],\"articleSection\":[\"Ayto Pamplona\"],\"inLanguage\":\"es\",\"potentialAction\":[{\"@type\":\"CommentAction\",\"name\":\"Comment\",\"target\":[\"https:\\\/\\\/www.laguiadepamplona.com\\\/actualidad\\\/el-ayuntamiento-de-pamplona-propondra-un-catalogo-de-infracciones-y-un-regimen-sancionador-especifico-para-el-encierro-a-traves-de-una-nueva-ordenanza-municipal\\\/#respond\"]}]},{\"@type\":\"WebPage\",\"@id\":\"https:\\\/\\\/www.laguiadepamplona.com\\\/actualidad\\\/el-ayuntamiento-de-pamplona-propondra-un-catalogo-de-infracciones-y-un-regimen-sancionador-especifico-para-el-encierro-a-traves-de-una-nueva-ordenanza-municipal\\\/\",\"url\":\"https:\\\/\\\/www.laguiadepamplona.com\\\/actualidad\\\/el-ayuntamiento-de-pamplona-propondra-un-catalogo-de-infracciones-y-un-regimen-sancionador-especifico-para-el-encierro-a-traves-de-una-nueva-ordenanza-municipal\\\/\",\"name\":\"El Ayuntamiento de Pamplona propondr\u00e1 un cat\u00e1logo de infracciones y un r\u00e9gimen sancionador espec\u00edfico para el encierro, a trav\u00e9s de una nueva ordenanza municipal\",\"isPartOf\":{\"@id\":\"https:\\\/\\\/www.laguiadepamplona.com\\\/actualidad\\\/#website\"},\"primaryImageOfPage\":{\"@id\":\"https:\\\/\\\/www.laguiadepamplona.com\\\/actualidad\\\/el-ayuntamiento-de-pamplona-propondra-un-catalogo-de-infracciones-y-un-regimen-sancionador-especifico-para-el-encierro-a-traves-de-una-nueva-ordenanza-municipal\\\/#primaryimage\"},\"image\":{\"@id\":\"https:\\\/\\\/www.laguiadepamplona.com\\\/actualidad\\\/el-ayuntamiento-de-pamplona-propondra-un-catalogo-de-infracciones-y-un-regimen-sancionador-especifico-para-el-encierro-a-traves-de-una-nueva-ordenanza-municipal\\\/#primaryimage\"},\"thumbnailUrl\":\"\",\"datePublished\":\"2014-03-24T17:04:50+00:00\",\"breadcrumb\":{\"@id\":\"https:\\\/\\\/www.laguiadepamplona.com\\\/actualidad\\\/el-ayuntamiento-de-pamplona-propondra-un-catalogo-de-infracciones-y-un-regimen-sancionador-especifico-para-el-encierro-a-traves-de-una-nueva-ordenanza-municipal\\\/#breadcrumb\"},\"inLanguage\":\"es\",\"potentialAction\":[{\"@type\":\"ReadAction\",\"target\":[\"https:\\\/\\\/www.laguiadepamplona.com\\\/actualidad\\\/el-ayuntamiento-de-pamplona-propondra-un-catalogo-de-infracciones-y-un-regimen-sancionador-especifico-para-el-encierro-a-traves-de-una-nueva-ordenanza-municipal\\\/\"]}]},{\"@type\":\"ImageObject\",\"inLanguage\":\"es\",\"@id\":\"https:\\\/\\\/www.laguiadepamplona.com\\\/actualidad\\\/el-ayuntamiento-de-pamplona-propondra-un-catalogo-de-infracciones-y-un-regimen-sancionador-especifico-para-el-encierro-a-traves-de-una-nueva-ordenanza-municipal\\\/#primaryimage\",\"url\":\"\",\"contentUrl\":\"\"},{\"@type\":\"BreadcrumbList\",\"@id\":\"https:\\\/\\\/www.laguiadepamplona.com\\\/actualidad\\\/el-ayuntamiento-de-pamplona-propondra-un-catalogo-de-infracciones-y-un-regimen-sancionador-especifico-para-el-encierro-a-traves-de-una-nueva-ordenanza-municipal\\\/#breadcrumb\",\"itemListElement\":[{\"@type\":\"ListItem\",\"position\":1,\"name\":\"Portada\",\"item\":\"https:\\\/\\\/www.laguiadepamplona.com\\\/actualidad\\\/\"},{\"@type\":\"ListItem\",\"position\":2,\"name\":\"El Ayuntamiento de Pamplona propondr\u00e1 un cat\u00e1logo de infracciones y un r\u00e9gimen sancionador espec\u00edfico para el encierro, a trav\u00e9s de una nueva ordenanza municipal\"}]},{\"@type\":\"WebSite\",\"@id\":\"https:\\\/\\\/www.laguiadepamplona.com\\\/actualidad\\\/#website\",\"url\":\"https:\\\/\\\/www.laguiadepamplona.com\\\/actualidad\\\/\",\"name\":\"La gu\u00eda de Pamplona\",\"description\":\"Noticias de Pamplona\",\"publisher\":{\"@id\":\"https:\\\/\\\/www.laguiadepamplona.com\\\/actualidad\\\/#organization\"},\"potentialAction\":[{\"@type\":\"SearchAction\",\"target\":{\"@type\":\"EntryPoint\",\"urlTemplate\":\"https:\\\/\\\/www.laguiadepamplona.com\\\/actualidad\\\/?s={search_term_string}\"},\"query-input\":{\"@type\":\"PropertyValueSpecification\",\"valueRequired\":true,\"valueName\":\"search_term_string\"}}],\"inLanguage\":\"es\"},{\"@type\":\"Organization\",\"@id\":\"https:\\\/\\\/www.laguiadepamplona.com\\\/actualidad\\\/#organization\",\"name\":\"La Gu\u00eda de Pamplona \\\/ Noticias\",\"url\":\"https:\\\/\\\/www.laguiadepamplona.com\\\/actualidad\\\/\",\"logo\":{\"@type\":\"ImageObject\",\"inLanguage\":\"es\",\"@id\":\"https:\\\/\\\/www.laguiadepamplona.com\\\/actualidad\\\/#\\\/schema\\\/logo\\\/image\\\/\",\"url\":\"https:\\\/\\\/www.laguiadepamplona.com\\\/actualidad\\\/wp-content\\\/uploads\\\/2018\\\/11\\\/logo-laguiadepamplona18-web1.png\",\"contentUrl\":\"https:\\\/\\\/www.laguiadepamplona.com\\\/actualidad\\\/wp-content\\\/uploads\\\/2018\\\/11\\\/logo-laguiadepamplona18-web1.png\",\"width\":600,\"height\":196,\"caption\":\"La Gu\u00eda de Pamplona \\\/ Noticias\"},\"image\":{\"@id\":\"https:\\\/\\\/www.laguiadepamplona.com\\\/actualidad\\\/#\\\/schema\\\/logo\\\/image\\\/\"},\"sameAs\":[\"https:\\\/\\\/www.facebook.com\\\/laguiadepamplonacom-133175176762273\\\/?ref=hl\",\"https:\\\/\\\/x.com\\\/LaGuiadPamplona\",\"https:\\\/\\\/www.instagram.com\\\/la_guia_de_pamplona\\\/\",\"https:\\\/\\\/www.youtube.com\\\/user\\\/laguiadepamplona\"]},{\"@type\":\"Person\",\"@id\":\"https:\\\/\\\/www.laguiadepamplona.com\\\/actualidad\\\/#\\\/schema\\\/person\\\/efe887376f0213d4657c93adc50b1fdb\",\"name\":\"La Gu\u00eda de Pamplona\",\"image\":{\"@type\":\"ImageObject\",\"inLanguage\":\"es\",\"@id\":\"https:\\\/\\\/secure.gravatar.com\\\/avatar\\\/b6992f131dc8d30ab0dff15446e9d346d9dbd95992de0fef795073f5ea83a81c?s=96&d=mm&r=g\",\"url\":\"https:\\\/\\\/secure.gravatar.com\\\/avatar\\\/b6992f131dc8d30ab0dff15446e9d346d9dbd95992de0fef795073f5ea83a81c?s=96&d=mm&r=g\",\"contentUrl\":\"https:\\\/\\\/secure.gravatar.com\\\/avatar\\\/b6992f131dc8d30ab0dff15446e9d346d9dbd95992de0fef795073f5ea83a81c?s=96&d=mm&r=g\",\"caption\":\"La Gu\u00eda de Pamplona\"}}]}<\/script>\n<!-- \/ Yoast SEO plugin. -->","yoast_head_json":{"title":"El Ayuntamiento de Pamplona propondr\u00e1 un cat\u00e1logo de infracciones y un r\u00e9gimen sancionador espec\u00edfico para el encierro, a trav\u00e9s de una nueva ordenanza municipal","robots":{"index":"index","follow":"follow","max-snippet":"max-snippet:-1","max-image-preview":"max-image-preview:large","max-video-preview":"max-video-preview:-1"},"canonical":"https:\/\/www.laguiadepamplona.com\/actualidad\/el-ayuntamiento-de-pamplona-propondra-un-catalogo-de-infracciones-y-un-regimen-sancionador-especifico-para-el-encierro-a-traves-de-una-nueva-ordenanza-municipal\/","og_locale":"es_ES","og_type":"article","og_title":"El Ayuntamiento de Pamplona propondr\u00e1 un cat\u00e1logo de infracciones y un r\u00e9gimen sancionador espec\u00edfico para el encierro, a trav\u00e9s de una nueva ordenanza municipal","og_description":"El Grupo de Trabajo ha sido informado de que se pretende que la normativa entre en vigor en 2014, como complemento al Bando Municipal El Grupo de Trabajo del Encierro...","og_url":"https:\/\/www.laguiadepamplona.com\/actualidad\/el-ayuntamiento-de-pamplona-propondra-un-catalogo-de-infracciones-y-un-regimen-sancionador-especifico-para-el-encierro-a-traves-de-una-nueva-ordenanza-municipal\/","og_site_name":"La Gu\u00eda de Pamplona","article_publisher":"https:\/\/www.facebook.com\/laguiadepamplonacom-133175176762273\/?ref=hl","article_published_time":"2014-03-24T17:04:50+00:00","author":"La Gu\u00eda de Pamplona","twitter_card":"summary_large_image","twitter_creator":"@LaGuiadPamplona","twitter_site":"@LaGuiadPamplona","twitter_misc":{"Escrito por":"La Gu\u00eda de Pamplona","Tiempo de lectura":"3 minutos"},"schema":{"@context":"https:\/\/schema.org","@graph":[{"@type":"Article","@id":"https:\/\/www.laguiadepamplona.com\/actualidad\/el-ayuntamiento-de-pamplona-propondra-un-catalogo-de-infracciones-y-un-regimen-sancionador-especifico-para-el-encierro-a-traves-de-una-nueva-ordenanza-municipal\/#article","isPartOf":{"@id":"https:\/\/www.laguiadepamplona.com\/actualidad\/el-ayuntamiento-de-pamplona-propondra-un-catalogo-de-infracciones-y-un-regimen-sancionador-especifico-para-el-encierro-a-traves-de-una-nueva-ordenanza-municipal\/"},"author":{"name":"La Gu\u00eda de Pamplona","@id":"https:\/\/www.laguiadepamplona.com\/actualidad\/#\/schema\/person\/efe887376f0213d4657c93adc50b1fdb"},"headline":"El Ayuntamiento de Pamplona propondr\u00e1 un cat\u00e1logo de infracciones y un r\u00e9gimen sancionador espec\u00edfico para el encierro, a trav\u00e9s de una nueva ordenanza municipal","datePublished":"2014-03-24T17:04:50+00:00","mainEntityOfPage":{"@id":"https:\/\/www.laguiadepamplona.com\/actualidad\/el-ayuntamiento-de-pamplona-propondra-un-catalogo-de-infracciones-y-un-regimen-sancionador-especifico-para-el-encierro-a-traves-de-una-nueva-ordenanza-municipal\/"},"wordCount":579,"commentCount":0,"publisher":{"@id":"https:\/\/www.laguiadepamplona.com\/actualidad\/#organization"},"image":{"@id":"https:\/\/www.laguiadepamplona.com\/actualidad\/el-ayuntamiento-de-pamplona-propondra-un-catalogo-de-infracciones-y-un-regimen-sancionador-especifico-para-el-encierro-a-traves-de-una-nueva-ordenanza-municipal\/#primaryimage"},"thumbnailUrl":"","keywords":["actualidad","ayto pamplona","encierro","noticias","pamplona","r\u00e9gimen sancionador","san ferm\u00edn"],"articleSection":["Ayto Pamplona"],"inLanguage":"es","potentialAction":[{"@type":"CommentAction","name":"Comment","target":["https:\/\/www.laguiadepamplona.com\/actualidad\/el-ayuntamiento-de-pamplona-propondra-un-catalogo-de-infracciones-y-un-regimen-sancionador-especifico-para-el-encierro-a-traves-de-una-nueva-ordenanza-municipal\/#respond"]}]},{"@type":"WebPage","@id":"https:\/\/www.laguiadepamplona.com\/actualidad\/el-ayuntamiento-de-pamplona-propondra-un-catalogo-de-infracciones-y-un-regimen-sancionador-especifico-para-el-encierro-a-traves-de-una-nueva-ordenanza-municipal\/","url":"https:\/\/www.laguiadepamplona.com\/actualidad\/el-ayuntamiento-de-pamplona-propondra-un-catalogo-de-infracciones-y-un-regimen-sancionador-especifico-para-el-encierro-a-traves-de-una-nueva-ordenanza-municipal\/","name":"El Ayuntamiento de Pamplona propondr\u00e1 un cat\u00e1logo de infracciones y un r\u00e9gimen sancionador espec\u00edfico para el encierro, a trav\u00e9s de una nueva ordenanza municipal","isPartOf":{"@id":"https:\/\/www.laguiadepamplona.com\/actualidad\/#website"},"primaryImageOfPage":{"@id":"https:\/\/www.laguiadepamplona.com\/actualidad\/el-ayuntamiento-de-pamplona-propondra-un-catalogo-de-infracciones-y-un-regimen-sancionador-especifico-para-el-encierro-a-traves-de-una-nueva-ordenanza-municipal\/#primaryimage"},"image":{"@id":"https:\/\/www.laguiadepamplona.com\/actualidad\/el-ayuntamiento-de-pamplona-propondra-un-catalogo-de-infracciones-y-un-regimen-sancionador-especifico-para-el-encierro-a-traves-de-una-nueva-ordenanza-municipal\/#primaryimage"},"thumbnailUrl":"","datePublished":"2014-03-24T17:04:50+00:00","breadcrumb":{"@id":"https:\/\/www.laguiadepamplona.com\/actualidad\/el-ayuntamiento-de-pamplona-propondra-un-catalogo-de-infracciones-y-un-regimen-sancionador-especifico-para-el-encierro-a-traves-de-una-nueva-ordenanza-municipal\/#breadcrumb"},"inLanguage":"es","potentialAction":[{"@type":"ReadAction","target":["https:\/\/www.laguiadepamplona.com\/actualidad\/el-ayuntamiento-de-pamplona-propondra-un-catalogo-de-infracciones-y-un-regimen-sancionador-especifico-para-el-encierro-a-traves-de-una-nueva-ordenanza-municipal\/"]}]},{"@type":"ImageObject","inLanguage":"es","@id":"https:\/\/www.laguiadepamplona.com\/actualidad\/el-ayuntamiento-de-pamplona-propondra-un-catalogo-de-infracciones-y-un-regimen-sancionador-especifico-para-el-encierro-a-traves-de-una-nueva-ordenanza-municipal\/#primaryimage","url":"","contentUrl":""},{"@type":"BreadcrumbList","@id":"https:\/\/www.laguiadepamplona.com\/actualidad\/el-ayuntamiento-de-pamplona-propondra-un-catalogo-de-infracciones-y-un-regimen-sancionador-especifico-para-el-encierro-a-traves-de-una-nueva-ordenanza-municipal\/#breadcrumb","itemListElement":[{"@type":"ListItem","position":1,"name":"Portada","item":"https:\/\/www.laguiadepamplona.com\/actualidad\/"},{"@type":"ListItem","position":2,"name":"El Ayuntamiento de Pamplona propondr\u00e1 un cat\u00e1logo de infracciones y un r\u00e9gimen sancionador espec\u00edfico para el encierro, a trav\u00e9s de una nueva ordenanza municipal"}]},{"@type":"WebSite","@id":"https:\/\/www.laguiadepamplona.com\/actualidad\/#website","url":"https:\/\/www.laguiadepamplona.com\/actualidad\/","name":"La gu\u00eda de Pamplona","description":"Noticias de Pamplona","publisher":{"@id":"https:\/\/www.laguiadepamplona.com\/actualidad\/#organization"},"potentialAction":[{"@type":"SearchAction","target":{"@type":"EntryPoint","urlTemplate":"https:\/\/www.laguiadepamplona.com\/actualidad\/?s={search_term_string}"},"query-input":{"@type":"PropertyValueSpecification","valueRequired":true,"valueName":"search_term_string"}}],"inLanguage":"es"},{"@type":"Organization","@id":"https:\/\/www.laguiadepamplona.com\/actualidad\/#organization","name":"La Gu\u00eda de Pamplona \/ Noticias","url":"https:\/\/www.laguiadepamplona.com\/actualidad\/","logo":{"@type":"ImageObject","inLanguage":"es","@id":"https:\/\/www.laguiadepamplona.com\/actualidad\/#\/schema\/logo\/image\/","url":"https:\/\/www.laguiadepamplona.com\/actualidad\/wp-content\/uploads\/2018\/11\/logo-laguiadepamplona18-web1.png","contentUrl":"https:\/\/www.laguiadepamplona.com\/actualidad\/wp-content\/uploads\/2018\/11\/logo-laguiadepamplona18-web1.png","width":600,"height":196,"caption":"La Gu\u00eda de Pamplona \/ Noticias"},"image":{"@id":"https:\/\/www.laguiadepamplona.com\/actualidad\/#\/schema\/logo\/image\/"},"sameAs":["https:\/\/www.facebook.com\/laguiadepamplonacom-133175176762273\/?ref=hl","https:\/\/x.com\/LaGuiadPamplona","https:\/\/www.instagram.com\/la_guia_de_pamplona\/","https:\/\/www.youtube.com\/user\/laguiadepamplona"]},{"@type":"Person","@id":"https:\/\/www.laguiadepamplona.com\/actualidad\/#\/schema\/person\/efe887376f0213d4657c93adc50b1fdb","name":"La Gu\u00eda de Pamplona","image":{"@type":"ImageObject","inLanguage":"es","@id":"https:\/\/secure.gravatar.com\/avatar\/b6992f131dc8d30ab0dff15446e9d346d9dbd95992de0fef795073f5ea83a81c?s=96&d=mm&r=g","url":"https:\/\/secure.gravatar.com\/avatar\/b6992f131dc8d30ab0dff15446e9d346d9dbd95992de0fef795073f5ea83a81c?s=96&d=mm&r=g","contentUrl":"https:\/\/secure.gravatar.com\/avatar\/b6992f131dc8d30ab0dff15446e9d346d9dbd95992de0fef795073f5ea83a81c?s=96&d=mm&r=g","caption":"La Gu\u00eda de Pamplona"}}]}},"post_mailing_queue_ids":[],"_links":{"self":[{"href":"https:\/\/www.laguiadepamplona.com\/actualidad\/wp-json\/wp\/v2\/posts\/888","targetHints":{"allow":["GET"]}}],"collection":[{"href":"https:\/\/www.laguiadepamplona.com\/actualidad\/wp-json\/wp\/v2\/posts"}],"about":[{"href":"https:\/\/www.laguiadepamplona.com\/actualidad\/wp-json\/wp\/v2\/types\/post"}],"author":[{"embeddable":true,"href":"https:\/\/www.laguiadepamplona.com\/actualidad\/wp-json\/wp\/v2\/users\/1"}],"replies":[{"embeddable":true,"href":"https:\/\/www.laguiadepamplona.com\/actualidad\/wp-json\/wp\/v2\/comments?post=888"}],"version-history":[{"count":0,"href":"https:\/\/www.laguiadepamplona.com\/actualidad\/wp-json\/wp\/v2\/posts\/888\/revisions"}],"wp:featuredmedia":[{"embeddable":true,"href":"https:\/\/www.laguiadepamplona.com\/actualidad\/wp-json\/"}],"wp:attachment":[{"href":"https:\/\/www.laguiadepamplona.com\/actualidad\/wp-json\/wp\/v2\/media?parent=888"}],"wp:term":[{"taxonomy":"category","embeddable":true,"href":"https:\/\/www.laguiadepamplona.com\/actualidad\/wp-json\/wp\/v2\/categories?post=888"},{"taxonomy":"post_tag","embeddable":true,"href":"https:\/\/www.laguiadepamplona.com\/actualidad\/wp-json\/wp\/v2\/tags?post=888"}],"curies":[{"name":"wp","href":"https:\/\/api.w.org\/{rel}","templated":true}]}}