{"id":8853,"date":"2016-02-17T12:51:08","date_gmt":"2016-02-17T10:51:08","guid":{"rendered":"http:\/\/laguiadepamplona.com\/actualidad\/?p=8853"},"modified":"2016-02-17T12:51:08","modified_gmt":"2016-02-17T10:51:08","slug":"una-charla-sobre-tecnicas-de-supervivencia-abre-manana-un-ciclo-para-resistir-en-la-naturaleza","status":"publish","type":"post","link":"https:\/\/www.laguiadepamplona.com\/actualidad\/una-charla-sobre-tecnicas-de-supervivencia-abre-manana-un-ciclo-para-resistir-en-la-naturaleza\/","title":{"rendered":"Una charla sobre t\u00e9cnicas de supervivencia abre ma\u00f1ana un ciclo para resistir en la naturaleza"},"content":{"rendered":"<h4>Durante cuatro jueves, Civivox Mendillorri abordar\u00e1 desde la construcci\u00f3n de un refugio hasta los primeros auxilios y la preparaci\u00f3n psicol\u00f3gica<\/h4>\n<p><img loading=\"lazy\" decoding=\"async\" class=\"alignleft size-medium wp-image-8854\" src=\"http:\/\/laguiadepamplona.com\/actualidad\/wp-content\/uploads\/2016\/02\/supervivencia-300x300.jpg\" alt=\"supervivencia\" width=\"300\" height=\"300\" \/>Civivox Mendillorri ser\u00e1 durante un mes un aula abierta para conocer t\u00e9cnicas de supervivencia en la naturaleza. Desde ma\u00f1ana jueves y durante cuatro jueves consecutivos, se ense\u00f1ar\u00e1 desde c\u00f3mo construir un refugio, c\u00f3mo orientarse, c\u00f3mo practicar primeros auxilios o c\u00f3mo afrontar psicol\u00f3gicamente una situaci\u00f3n inesperada. Las conferencias ser\u00e1n a las 7 de la tarde y la entrada es libre, previa retirada de invitaci\u00f3n.<\/p>\n<p>El ciclo arranca ma\u00f1ana con la charla de Jos\u00e9 Luis Mart\u00ednez Rodr\u00edguez, responsable de ERIE Terrestre de Cruz Roja Navarra. Ser\u00e1 una charla audiovisual, con breves v\u00eddeos que introducir\u00e1n a los asistentes al mundo de la supervivencia. As\u00ed, se ense\u00f1ar\u00e1 qu\u00e9 puede llevar una mochila, un cintur\u00f3n y un botiqu\u00edn de supervivencia. Se ver\u00e1n t\u00e9cnicas para hacer fuego y se descubrir\u00e1n diferentes tipos de yescas que pueden encontrarse en el monte para poder iniciar el fuego.<\/p>\n<p>El ponente demostrar\u00e1 tambi\u00e9n todo lo que se puede hacer con una bolsa de basura, ense\u00f1ar\u00e1 c\u00f3mo hacer un refugio para pasar una noche a la intemperie, o c\u00f3mo hacer un hornillo tipo cohete y un \u00fatil para pescar. Asimismo, se aprender\u00e1 a orientarse en el monte sin br\u00fajula.<\/p>\n<p>El ciclo continuar\u00e1 el jueves 25 con una nueva conferencia de Jos\u00e9 Luis Mart\u00ednez-Rodr\u00edguez, pero en esta ocasi\u00f3n dedicada a dar pautas para desplazarse en accidentes y cat\u00e1strofes: qu\u00e9 hacer en caso de perderse, c\u00f3mo orientarse, as\u00ed como una preparaci\u00f3n para enfrentarse a accidentes y cat\u00e1strofes, terremotos, inundaciones y avalanchas.<\/p>\n<p>El jueves 3 de marzo, la conferencia estar\u00e1 dedicada a los primeros auxilios en la naturaleza. La coordinadora del \u00e1rea sanitaria del CPF de Cruz Roja Navarra, Diana L\u00f3pez Aramend\u00eda, dar\u00e1 pautas para la autoprotecci\u00f3n y c\u00f3mo colaborar con los equipos de rescate y psicolog\u00eda. El ciclo se cerrar\u00e1 el jueves 10 de marzo con una conferencia sobre psicolog\u00eda de supervivencia, a cargo del terapeuta ocupacional Haizea Erkizia.<\/p>\n<p>&nbsp;<\/p>\n<p><strong>Ciclo de supervivencia en la naturaleza<\/strong><\/p>\n<ul>\n<li>Jueves 18 de febrero. Civivox Mendillorri. 19 horas\n<ul>\n<li>T\u00e9cnicas de supervivencia. Ponente: Jos\u00e9 Luis Mart\u00ednez Rodr\u00edguez, responsable de ERIE Terrestre, Cruz Roja Navarra<\/li>\n<\/ul>\n<\/li>\n<li>Jueves 25 de febrero. Civivox Mendillorri. 19 horas\n<ul>\n<li>T\u00e9cnicas de supervivencia. Ponente: Jos\u00e9 Luis Mart\u00ednez Rodr\u00edguez, responsable de ERIE Terrestre, Cruz Roja Navarra<\/li>\n<\/ul>\n<\/li>\n<li>Jueves 3 de marzo. Civivox Mendillorri. 19 horas\n<ul>\n<li>T\u00e9cnicas de supervivencia. Ponente: Jos\u00e9 Luis Mart\u00ednez Rodr\u00edguez, responsable de ERIE Terrestre, Cruz Roja Navarra<\/li>\n<\/ul>\n<\/li>\n<li>Jueves 10 de marzo. Civivox Mendillorri. 19 horas\n<ul>\n<li>T\u00e9cnicas de supervivencia. Ponente: Jos\u00e9 Luis Mart\u00ednez Rodr\u00edguez, responsable de ERIE Terrestre, Cruz Roja Navarra<\/li>\n<\/ul>\n<\/li>\n<\/ul>\n<p>&nbsp;<\/p>\n<p>Todas las charlas tienen la entrada libre, previa retirada de invitaci\u00f3n desde una hora antes del comienzo de la actividad (dos invitaciones por persona). Hasta completar el aforo previsto<\/p>\n<p>&nbsp;<\/p>\n","protected":false},"excerpt":{"rendered":"<p>Durante cuatro jueves, Civivox Mendillorri abordar\u00e1 desde la construcci\u00f3n de un refugio hasta los primeros auxilios y la preparaci\u00f3n psicol\u00f3gica Civivox Mendillorri ser\u00e1 durante un mes un aula abierta para&#8230;<\/p>\n","protected":false},"author":1,"featured_media":8854,"comment_status":"closed","ping_status":"closed","sticky":false,"template":"","format":"standard","meta":{"footnotes":""},"categories":[2],"tags":[5,6,509,453,2171,91,4823,620,850,8,9,7829,4175,6886],"class_list":["post-8853","post","type-post","status-publish","format-standard","has-post-thumbnail","hentry","category-ayuntamiento-pamplona","tag-actualidad","tag-ayto-pamplona","tag-ayuntamiento-de-pamplona","tag-charla","tag-ciclo","tag-civivox","tag-manana","tag-mendillorri","tag-naturaleza","tag-noticias","tag-pamplona","tag-resistir","tag-supervivencia","tag-tecnicas"],"yoast_head":"<!-- This site is optimized with the Yoast SEO plugin v27.5 - https:\/\/yoast.com\/product\/yoast-seo-wordpress\/ -->\n<title>Una charla sobre t\u00e9cnicas de supervivencia abre ma\u00f1ana un ciclo para resistir en la naturaleza<\/title>\n<meta name=\"robots\" content=\"index, follow, max-snippet:-1, max-image-preview:large, max-video-preview:-1\" \/>\n<link rel=\"canonical\" href=\"https:\/\/www.laguiadepamplona.com\/actualidad\/una-charla-sobre-tecnicas-de-supervivencia-abre-manana-un-ciclo-para-resistir-en-la-naturaleza\/\" \/>\n<meta property=\"og:locale\" content=\"es_ES\" \/>\n<meta property=\"og:type\" content=\"article\" \/>\n<meta property=\"og:title\" content=\"Una charla sobre t\u00e9cnicas de supervivencia abre ma\u00f1ana un ciclo para resistir en la naturaleza\" \/>\n<meta property=\"og:description\" content=\"Durante cuatro jueves, Civivox Mendillorri abordar\u00e1 desde la construcci\u00f3n de un refugio hasta los primeros auxilios y la preparaci\u00f3n psicol\u00f3gica Civivox Mendillorri ser\u00e1 durante un mes un aula abierta para...\" \/>\n<meta property=\"og:url\" content=\"https:\/\/www.laguiadepamplona.com\/actualidad\/una-charla-sobre-tecnicas-de-supervivencia-abre-manana-un-ciclo-para-resistir-en-la-naturaleza\/\" \/>\n<meta property=\"og:site_name\" content=\"La Gu\u00eda de Pamplona\" \/>\n<meta property=\"article:publisher\" content=\"https:\/\/www.facebook.com\/laguiadepamplonacom-133175176762273\/?ref=hl\" \/>\n<meta property=\"article:published_time\" content=\"2016-02-17T10:51:08+00:00\" \/>\n<meta name=\"author\" content=\"La Gu\u00eda de Pamplona\" \/>\n<meta name=\"twitter:card\" content=\"summary_large_image\" \/>\n<meta name=\"twitter:creator\" content=\"@LaGuiadPamplona\" \/>\n<meta name=\"twitter:site\" content=\"@LaGuiadPamplona\" \/>\n<meta name=\"twitter:label1\" content=\"Escrito por\" \/>\n\t<meta name=\"twitter:data1\" content=\"La Gu\u00eda de Pamplona\" \/>\n\t<meta name=\"twitter:label2\" content=\"Tiempo de lectura\" \/>\n\t<meta name=\"twitter:data2\" content=\"3 minutos\" \/>\n<script type=\"application\/ld+json\" class=\"yoast-schema-graph\">{\"@context\":\"https:\\\/\\\/schema.org\",\"@graph\":[{\"@type\":\"Article\",\"@id\":\"https:\\\/\\\/www.laguiadepamplona.com\\\/actualidad\\\/una-charla-sobre-tecnicas-de-supervivencia-abre-manana-un-ciclo-para-resistir-en-la-naturaleza\\\/#article\",\"isPartOf\":{\"@id\":\"https:\\\/\\\/www.laguiadepamplona.com\\\/actualidad\\\/una-charla-sobre-tecnicas-de-supervivencia-abre-manana-un-ciclo-para-resistir-en-la-naturaleza\\\/\"},\"author\":{\"name\":\"La Gu\u00eda de Pamplona\",\"@id\":\"https:\\\/\\\/www.laguiadepamplona.com\\\/actualidad\\\/#\\\/schema\\\/person\\\/efe887376f0213d4657c93adc50b1fdb\"},\"headline\":\"Una charla sobre t\u00e9cnicas de supervivencia abre ma\u00f1ana un ciclo para resistir en la naturaleza\",\"datePublished\":\"2016-02-17T10:51:08+00:00\",\"mainEntityOfPage\":{\"@id\":\"https:\\\/\\\/www.laguiadepamplona.com\\\/actualidad\\\/una-charla-sobre-tecnicas-de-supervivencia-abre-manana-un-ciclo-para-resistir-en-la-naturaleza\\\/\"},\"wordCount\":517,\"publisher\":{\"@id\":\"https:\\\/\\\/www.laguiadepamplona.com\\\/actualidad\\\/#organization\"},\"image\":{\"@id\":\"https:\\\/\\\/www.laguiadepamplona.com\\\/actualidad\\\/una-charla-sobre-tecnicas-de-supervivencia-abre-manana-un-ciclo-para-resistir-en-la-naturaleza\\\/#primaryimage\"},\"thumbnailUrl\":\"\",\"keywords\":[\"actualidad\",\"ayto pamplona\",\"Ayuntamiento de Pamplona\",\"charla\",\"ciclo\",\"civivox\",\"ma\u00f1ana\",\"Mendillorri\",\"naturaleza\",\"noticias\",\"pamplona\",\"resistir\",\"supervivencia\",\"t\u00e9cnicas\"],\"articleSection\":[\"Ayto Pamplona\"],\"inLanguage\":\"es\"},{\"@type\":\"WebPage\",\"@id\":\"https:\\\/\\\/www.laguiadepamplona.com\\\/actualidad\\\/una-charla-sobre-tecnicas-de-supervivencia-abre-manana-un-ciclo-para-resistir-en-la-naturaleza\\\/\",\"url\":\"https:\\\/\\\/www.laguiadepamplona.com\\\/actualidad\\\/una-charla-sobre-tecnicas-de-supervivencia-abre-manana-un-ciclo-para-resistir-en-la-naturaleza\\\/\",\"name\":\"Una charla sobre t\u00e9cnicas de supervivencia abre ma\u00f1ana un ciclo para resistir en la naturaleza\",\"isPartOf\":{\"@id\":\"https:\\\/\\\/www.laguiadepamplona.com\\\/actualidad\\\/#website\"},\"primaryImageOfPage\":{\"@id\":\"https:\\\/\\\/www.laguiadepamplona.com\\\/actualidad\\\/una-charla-sobre-tecnicas-de-supervivencia-abre-manana-un-ciclo-para-resistir-en-la-naturaleza\\\/#primaryimage\"},\"image\":{\"@id\":\"https:\\\/\\\/www.laguiadepamplona.com\\\/actualidad\\\/una-charla-sobre-tecnicas-de-supervivencia-abre-manana-un-ciclo-para-resistir-en-la-naturaleza\\\/#primaryimage\"},\"thumbnailUrl\":\"\",\"datePublished\":\"2016-02-17T10:51:08+00:00\",\"breadcrumb\":{\"@id\":\"https:\\\/\\\/www.laguiadepamplona.com\\\/actualidad\\\/una-charla-sobre-tecnicas-de-supervivencia-abre-manana-un-ciclo-para-resistir-en-la-naturaleza\\\/#breadcrumb\"},\"inLanguage\":\"es\",\"potentialAction\":[{\"@type\":\"ReadAction\",\"target\":[\"https:\\\/\\\/www.laguiadepamplona.com\\\/actualidad\\\/una-charla-sobre-tecnicas-de-supervivencia-abre-manana-un-ciclo-para-resistir-en-la-naturaleza\\\/\"]}]},{\"@type\":\"ImageObject\",\"inLanguage\":\"es\",\"@id\":\"https:\\\/\\\/www.laguiadepamplona.com\\\/actualidad\\\/una-charla-sobre-tecnicas-de-supervivencia-abre-manana-un-ciclo-para-resistir-en-la-naturaleza\\\/#primaryimage\",\"url\":\"\",\"contentUrl\":\"\"},{\"@type\":\"BreadcrumbList\",\"@id\":\"https:\\\/\\\/www.laguiadepamplona.com\\\/actualidad\\\/una-charla-sobre-tecnicas-de-supervivencia-abre-manana-un-ciclo-para-resistir-en-la-naturaleza\\\/#breadcrumb\",\"itemListElement\":[{\"@type\":\"ListItem\",\"position\":1,\"name\":\"Portada\",\"item\":\"https:\\\/\\\/www.laguiadepamplona.com\\\/actualidad\\\/\"},{\"@type\":\"ListItem\",\"position\":2,\"name\":\"Una charla sobre t\u00e9cnicas de supervivencia abre ma\u00f1ana un ciclo para resistir en la naturaleza\"}]},{\"@type\":\"WebSite\",\"@id\":\"https:\\\/\\\/www.laguiadepamplona.com\\\/actualidad\\\/#website\",\"url\":\"https:\\\/\\\/www.laguiadepamplona.com\\\/actualidad\\\/\",\"name\":\"La gu\u00eda de Pamplona\",\"description\":\"Noticias de Pamplona\",\"publisher\":{\"@id\":\"https:\\\/\\\/www.laguiadepamplona.com\\\/actualidad\\\/#organization\"},\"potentialAction\":[{\"@type\":\"SearchAction\",\"target\":{\"@type\":\"EntryPoint\",\"urlTemplate\":\"https:\\\/\\\/www.laguiadepamplona.com\\\/actualidad\\\/?s={search_term_string}\"},\"query-input\":{\"@type\":\"PropertyValueSpecification\",\"valueRequired\":true,\"valueName\":\"search_term_string\"}}],\"inLanguage\":\"es\"},{\"@type\":\"Organization\",\"@id\":\"https:\\\/\\\/www.laguiadepamplona.com\\\/actualidad\\\/#organization\",\"name\":\"La Gu\u00eda de Pamplona \\\/ Noticias\",\"url\":\"https:\\\/\\\/www.laguiadepamplona.com\\\/actualidad\\\/\",\"logo\":{\"@type\":\"ImageObject\",\"inLanguage\":\"es\",\"@id\":\"https:\\\/\\\/www.laguiadepamplona.com\\\/actualidad\\\/#\\\/schema\\\/logo\\\/image\\\/\",\"url\":\"https:\\\/\\\/www.laguiadepamplona.com\\\/actualidad\\\/wp-content\\\/uploads\\\/2018\\\/11\\\/logo-laguiadepamplona18-web1.png\",\"contentUrl\":\"https:\\\/\\\/www.laguiadepamplona.com\\\/actualidad\\\/wp-content\\\/uploads\\\/2018\\\/11\\\/logo-laguiadepamplona18-web1.png\",\"width\":600,\"height\":196,\"caption\":\"La Gu\u00eda de Pamplona \\\/ Noticias\"},\"image\":{\"@id\":\"https:\\\/\\\/www.laguiadepamplona.com\\\/actualidad\\\/#\\\/schema\\\/logo\\\/image\\\/\"},\"sameAs\":[\"https:\\\/\\\/www.facebook.com\\\/laguiadepamplonacom-133175176762273\\\/?ref=hl\",\"https:\\\/\\\/x.com\\\/LaGuiadPamplona\",\"https:\\\/\\\/www.instagram.com\\\/la_guia_de_pamplona\\\/\",\"https:\\\/\\\/www.youtube.com\\\/user\\\/laguiadepamplona\"]},{\"@type\":\"Person\",\"@id\":\"https:\\\/\\\/www.laguiadepamplona.com\\\/actualidad\\\/#\\\/schema\\\/person\\\/efe887376f0213d4657c93adc50b1fdb\",\"name\":\"La Gu\u00eda de Pamplona\",\"image\":{\"@type\":\"ImageObject\",\"inLanguage\":\"es\",\"@id\":\"https:\\\/\\\/secure.gravatar.com\\\/avatar\\\/b6992f131dc8d30ab0dff15446e9d346d9dbd95992de0fef795073f5ea83a81c?s=96&d=mm&r=g\",\"url\":\"https:\\\/\\\/secure.gravatar.com\\\/avatar\\\/b6992f131dc8d30ab0dff15446e9d346d9dbd95992de0fef795073f5ea83a81c?s=96&d=mm&r=g\",\"contentUrl\":\"https:\\\/\\\/secure.gravatar.com\\\/avatar\\\/b6992f131dc8d30ab0dff15446e9d346d9dbd95992de0fef795073f5ea83a81c?s=96&d=mm&r=g\",\"caption\":\"La Gu\u00eda de Pamplona\"}}]}<\/script>\n<!-- \/ Yoast SEO plugin. -->","yoast_head_json":{"title":"Una charla sobre t\u00e9cnicas de supervivencia abre ma\u00f1ana un ciclo para resistir en la naturaleza","robots":{"index":"index","follow":"follow","max-snippet":"max-snippet:-1","max-image-preview":"max-image-preview:large","max-video-preview":"max-video-preview:-1"},"canonical":"https:\/\/www.laguiadepamplona.com\/actualidad\/una-charla-sobre-tecnicas-de-supervivencia-abre-manana-un-ciclo-para-resistir-en-la-naturaleza\/","og_locale":"es_ES","og_type":"article","og_title":"Una charla sobre t\u00e9cnicas de supervivencia abre ma\u00f1ana un ciclo para resistir en la naturaleza","og_description":"Durante cuatro jueves, Civivox Mendillorri abordar\u00e1 desde la construcci\u00f3n de un refugio hasta los primeros auxilios y la preparaci\u00f3n psicol\u00f3gica Civivox Mendillorri ser\u00e1 durante un mes un aula abierta para...","og_url":"https:\/\/www.laguiadepamplona.com\/actualidad\/una-charla-sobre-tecnicas-de-supervivencia-abre-manana-un-ciclo-para-resistir-en-la-naturaleza\/","og_site_name":"La Gu\u00eda de Pamplona","article_publisher":"https:\/\/www.facebook.com\/laguiadepamplonacom-133175176762273\/?ref=hl","article_published_time":"2016-02-17T10:51:08+00:00","author":"La Gu\u00eda de Pamplona","twitter_card":"summary_large_image","twitter_creator":"@LaGuiadPamplona","twitter_site":"@LaGuiadPamplona","twitter_misc":{"Escrito por":"La Gu\u00eda de Pamplona","Tiempo de lectura":"3 minutos"},"schema":{"@context":"https:\/\/schema.org","@graph":[{"@type":"Article","@id":"https:\/\/www.laguiadepamplona.com\/actualidad\/una-charla-sobre-tecnicas-de-supervivencia-abre-manana-un-ciclo-para-resistir-en-la-naturaleza\/#article","isPartOf":{"@id":"https:\/\/www.laguiadepamplona.com\/actualidad\/una-charla-sobre-tecnicas-de-supervivencia-abre-manana-un-ciclo-para-resistir-en-la-naturaleza\/"},"author":{"name":"La Gu\u00eda de Pamplona","@id":"https:\/\/www.laguiadepamplona.com\/actualidad\/#\/schema\/person\/efe887376f0213d4657c93adc50b1fdb"},"headline":"Una charla sobre t\u00e9cnicas de supervivencia abre ma\u00f1ana un ciclo para resistir en la naturaleza","datePublished":"2016-02-17T10:51:08+00:00","mainEntityOfPage":{"@id":"https:\/\/www.laguiadepamplona.com\/actualidad\/una-charla-sobre-tecnicas-de-supervivencia-abre-manana-un-ciclo-para-resistir-en-la-naturaleza\/"},"wordCount":517,"publisher":{"@id":"https:\/\/www.laguiadepamplona.com\/actualidad\/#organization"},"image":{"@id":"https:\/\/www.laguiadepamplona.com\/actualidad\/una-charla-sobre-tecnicas-de-supervivencia-abre-manana-un-ciclo-para-resistir-en-la-naturaleza\/#primaryimage"},"thumbnailUrl":"","keywords":["actualidad","ayto pamplona","Ayuntamiento de Pamplona","charla","ciclo","civivox","ma\u00f1ana","Mendillorri","naturaleza","noticias","pamplona","resistir","supervivencia","t\u00e9cnicas"],"articleSection":["Ayto Pamplona"],"inLanguage":"es"},{"@type":"WebPage","@id":"https:\/\/www.laguiadepamplona.com\/actualidad\/una-charla-sobre-tecnicas-de-supervivencia-abre-manana-un-ciclo-para-resistir-en-la-naturaleza\/","url":"https:\/\/www.laguiadepamplona.com\/actualidad\/una-charla-sobre-tecnicas-de-supervivencia-abre-manana-un-ciclo-para-resistir-en-la-naturaleza\/","name":"Una charla sobre t\u00e9cnicas de supervivencia abre ma\u00f1ana un ciclo para resistir en la naturaleza","isPartOf":{"@id":"https:\/\/www.laguiadepamplona.com\/actualidad\/#website"},"primaryImageOfPage":{"@id":"https:\/\/www.laguiadepamplona.com\/actualidad\/una-charla-sobre-tecnicas-de-supervivencia-abre-manana-un-ciclo-para-resistir-en-la-naturaleza\/#primaryimage"},"image":{"@id":"https:\/\/www.laguiadepamplona.com\/actualidad\/una-charla-sobre-tecnicas-de-supervivencia-abre-manana-un-ciclo-para-resistir-en-la-naturaleza\/#primaryimage"},"thumbnailUrl":"","datePublished":"2016-02-17T10:51:08+00:00","breadcrumb":{"@id":"https:\/\/www.laguiadepamplona.com\/actualidad\/una-charla-sobre-tecnicas-de-supervivencia-abre-manana-un-ciclo-para-resistir-en-la-naturaleza\/#breadcrumb"},"inLanguage":"es","potentialAction":[{"@type":"ReadAction","target":["https:\/\/www.laguiadepamplona.com\/actualidad\/una-charla-sobre-tecnicas-de-supervivencia-abre-manana-un-ciclo-para-resistir-en-la-naturaleza\/"]}]},{"@type":"ImageObject","inLanguage":"es","@id":"https:\/\/www.laguiadepamplona.com\/actualidad\/una-charla-sobre-tecnicas-de-supervivencia-abre-manana-un-ciclo-para-resistir-en-la-naturaleza\/#primaryimage","url":"","contentUrl":""},{"@type":"BreadcrumbList","@id":"https:\/\/www.laguiadepamplona.com\/actualidad\/una-charla-sobre-tecnicas-de-supervivencia-abre-manana-un-ciclo-para-resistir-en-la-naturaleza\/#breadcrumb","itemListElement":[{"@type":"ListItem","position":1,"name":"Portada","item":"https:\/\/www.laguiadepamplona.com\/actualidad\/"},{"@type":"ListItem","position":2,"name":"Una charla sobre t\u00e9cnicas de supervivencia abre ma\u00f1ana un ciclo para resistir en la naturaleza"}]},{"@type":"WebSite","@id":"https:\/\/www.laguiadepamplona.com\/actualidad\/#website","url":"https:\/\/www.laguiadepamplona.com\/actualidad\/","name":"La gu\u00eda de Pamplona","description":"Noticias de Pamplona","publisher":{"@id":"https:\/\/www.laguiadepamplona.com\/actualidad\/#organization"},"potentialAction":[{"@type":"SearchAction","target":{"@type":"EntryPoint","urlTemplate":"https:\/\/www.laguiadepamplona.com\/actualidad\/?s={search_term_string}"},"query-input":{"@type":"PropertyValueSpecification","valueRequired":true,"valueName":"search_term_string"}}],"inLanguage":"es"},{"@type":"Organization","@id":"https:\/\/www.laguiadepamplona.com\/actualidad\/#organization","name":"La Gu\u00eda de Pamplona \/ Noticias","url":"https:\/\/www.laguiadepamplona.com\/actualidad\/","logo":{"@type":"ImageObject","inLanguage":"es","@id":"https:\/\/www.laguiadepamplona.com\/actualidad\/#\/schema\/logo\/image\/","url":"https:\/\/www.laguiadepamplona.com\/actualidad\/wp-content\/uploads\/2018\/11\/logo-laguiadepamplona18-web1.png","contentUrl":"https:\/\/www.laguiadepamplona.com\/actualidad\/wp-content\/uploads\/2018\/11\/logo-laguiadepamplona18-web1.png","width":600,"height":196,"caption":"La Gu\u00eda de Pamplona \/ Noticias"},"image":{"@id":"https:\/\/www.laguiadepamplona.com\/actualidad\/#\/schema\/logo\/image\/"},"sameAs":["https:\/\/www.facebook.com\/laguiadepamplonacom-133175176762273\/?ref=hl","https:\/\/x.com\/LaGuiadPamplona","https:\/\/www.instagram.com\/la_guia_de_pamplona\/","https:\/\/www.youtube.com\/user\/laguiadepamplona"]},{"@type":"Person","@id":"https:\/\/www.laguiadepamplona.com\/actualidad\/#\/schema\/person\/efe887376f0213d4657c93adc50b1fdb","name":"La Gu\u00eda de Pamplona","image":{"@type":"ImageObject","inLanguage":"es","@id":"https:\/\/secure.gravatar.com\/avatar\/b6992f131dc8d30ab0dff15446e9d346d9dbd95992de0fef795073f5ea83a81c?s=96&d=mm&r=g","url":"https:\/\/secure.gravatar.com\/avatar\/b6992f131dc8d30ab0dff15446e9d346d9dbd95992de0fef795073f5ea83a81c?s=96&d=mm&r=g","contentUrl":"https:\/\/secure.gravatar.com\/avatar\/b6992f131dc8d30ab0dff15446e9d346d9dbd95992de0fef795073f5ea83a81c?s=96&d=mm&r=g","caption":"La Gu\u00eda de Pamplona"}}]}},"post_mailing_queue_ids":[],"_links":{"self":[{"href":"https:\/\/www.laguiadepamplona.com\/actualidad\/wp-json\/wp\/v2\/posts\/8853","targetHints":{"allow":["GET"]}}],"collection":[{"href":"https:\/\/www.laguiadepamplona.com\/actualidad\/wp-json\/wp\/v2\/posts"}],"about":[{"href":"https:\/\/www.laguiadepamplona.com\/actualidad\/wp-json\/wp\/v2\/types\/post"}],"author":[{"embeddable":true,"href":"https:\/\/www.laguiadepamplona.com\/actualidad\/wp-json\/wp\/v2\/users\/1"}],"replies":[{"embeddable":true,"href":"https:\/\/www.laguiadepamplona.com\/actualidad\/wp-json\/wp\/v2\/comments?post=8853"}],"version-history":[{"count":0,"href":"https:\/\/www.laguiadepamplona.com\/actualidad\/wp-json\/wp\/v2\/posts\/8853\/revisions"}],"wp:featuredmedia":[{"embeddable":true,"href":"https:\/\/www.laguiadepamplona.com\/actualidad\/wp-json\/"}],"wp:attachment":[{"href":"https:\/\/www.laguiadepamplona.com\/actualidad\/wp-json\/wp\/v2\/media?parent=8853"}],"wp:term":[{"taxonomy":"category","embeddable":true,"href":"https:\/\/www.laguiadepamplona.com\/actualidad\/wp-json\/wp\/v2\/categories?post=8853"},{"taxonomy":"post_tag","embeddable":true,"href":"https:\/\/www.laguiadepamplona.com\/actualidad\/wp-json\/wp\/v2\/tags?post=8853"}],"curies":[{"name":"wp","href":"https:\/\/api.w.org\/{rel}","templated":true}]}}