{"id":884,"date":"2014-03-24T15:51:39","date_gmt":"2014-03-24T14:51:39","guid":{"rendered":"http:\/\/laguiadepamplona.es\/noticias\/?p=884"},"modified":"2014-03-24T15:51:39","modified_gmt":"2014-03-24T14:51:39","slug":"el-servicio-de-promocion-empresarial-propone-para-este-miercoles-una-sesion-sobre-eficiencia-energetica-con-pautas-para-ahorrar-energia-en-los-comercios","status":"publish","type":"post","link":"https:\/\/www.laguiadepamplona.com\/actualidad\/el-servicio-de-promocion-empresarial-propone-para-este-miercoles-una-sesion-sobre-eficiencia-energetica-con-pautas-para-ahorrar-energia-en-los-comercios\/","title":{"rendered":"El Servicio de Promoci\u00f3n Empresarial propone para este mi\u00e9rcoles una sesi\u00f3n sobre eficiencia energ\u00e9tica con pautas para ahorrar energ\u00eda en los comercios"},"content":{"rendered":"<h6>La charla se celebrar\u00e1 en horario de 14.30 a 16.30 horas y es necesario confirmar la asistencia en el 948 382560 o en el correo <a href=\"mailto:spe@pamplona.es\">spe@pamplona.es<\/a><\/h6>\n<p><a href=\"http:\/\/laguiadepamplona.es\/noticias\/wp-content\/uploads\/2014\/01\/spe-pamplona.jpg\"><img loading=\"lazy\" decoding=\"async\" class=\"alignleft size-medium wp-image-97\" alt=\"spe-pamplona\" src=\"http:\/\/laguiadepamplona.es\/noticias\/wp-content\/uploads\/2014\/01\/spe-pamplona-300x156.jpg\" width=\"300\" height=\"156\" \/><\/a>El Servicio de Promoci\u00f3n Empresarial ha organizado para este mi\u00e9rcoles d\u00eda 26 una charla gratuita sobre eficiencia energ\u00e9tica en el marco de trabajo del Ayuntamiento para fomentar un entorno eficiente y un consumo energ\u00e9tico sostenible. La sesi\u00f3n se impartir\u00e1 de 14.30 a 16.30 horas y est\u00e1 dirigida a comerciantes, establecimientos de hosteler\u00eda, empresas de mensajer\u00eda y reparto, asociaciones de comerciantes o entidades y organismos p\u00fablicos.<\/p>\n<p>La directora del \u00e1rea de Empleo, Comercio y Turismo del Ayuntamiento, Silvia Azpilicueta, abrir\u00e1 la sesi\u00f3n, que contar\u00e1 con la presencia del responsable de la Agencia Energ\u00e9tica del Consistorio, Alejandro Astibia. En el transcurso de la sesi\u00f3n se referir\u00e1 a diversos conceptos sobre facturaci\u00f3n el\u00e9ctrica, centr\u00e1ndose en la iluminaci\u00f3n y la climatizaci\u00f3n como principales consumidores de energ\u00eda en los comercios. En este \u00e1mbito hablar\u00e1 de tipos de l\u00e1mparas, balastos y aplicaciones, as\u00ed como de rendimientos de los equipos climatizadores, para finalizar con un ejemplo real de un comercio.<\/p>\n<p>Asimismo participar\u00e1n en la charla representantes de las empresas Rentik y LGM, que abordar\u00e1n el tema de la movilidad y presentar\u00e1n un proyecto de motocicletas el\u00e9ctricas y otros veh\u00edculos sostenibles respectivamente, adem\u00e1s de un representante de la empresa Geosac, que dar\u00e1 pautas y ejemplos para reducir la factura energ\u00e9tica.<\/p>\n<p>Para acudir a la sesi\u00f3n es necesario confirmar la asistencia en el tel\u00e9fono 948 382560 o a trav\u00e9s del correo electr\u00f3nico <a href=\"mailto:spe@pamplona.es\">spe@pamplona.es<\/a>. El SPE est\u00e1 situado en la avenida Marcelo Celayeta, 75, edificio IWER, entrada 4 A, en el barrio de la Rochapea.<\/p>\n<p>&nbsp;<\/p>\n<div>\n<p><strong>charla gratuita<\/strong><\/p>\n<\/div>\n<ul>\n<li><b>T\u00edtulo<\/b>: \u2018Eficiencia energ\u00e9tica\u2019<\/li>\n<li><b>Fechas y horario<\/b>: mi\u00e9rcoles 26 de marzo, de 14.30 a 16.30 horas<\/li>\n<li><b>Lugar<\/b>: Servicio de Promoci\u00f3n Empresarial. Edificio IWER (avenida Marcelo Celayeta, 75 \u2013 Entrada 4A)<\/li>\n<li><b>Confirmaci\u00f3n de asistencia<\/b>: en el tel\u00e9fono 948 382560 y en el correo electr\u00f3nico spe@pamplona.es<\/li>\n<\/ul>\n<p>&nbsp;<\/p>\n<p>&nbsp;<\/p>\n","protected":false},"excerpt":{"rendered":"<p>La charla se celebrar\u00e1 en horario de 14.30 a 16.30 horas y es necesario confirmar la asistencia en el 948 382560 o en el correo spe@pamplona.es El Servicio de Promoci\u00f3n&#8230;<\/p>\n","protected":false},"author":1,"featured_media":97,"comment_status":"open","ping_status":"open","sticky":false,"template":"","format":"standard","meta":{"footnotes":""},"categories":[2],"tags":[5,6,551,8,9,302],"class_list":["post-884","post","type-post","status-publish","format-standard","has-post-thumbnail","hentry","category-ayuntamiento-pamplona","tag-actualidad","tag-ayto-pamplona","tag-eficiencia-energetica","tag-noticias","tag-pamplona","tag-servicio-de-promocion-empresarial"],"yoast_head":"<!-- This site is optimized with the Yoast SEO plugin v27.5 - https:\/\/yoast.com\/product\/yoast-seo-wordpress\/ -->\n<title>El Servicio de Promoci\u00f3n Empresarial propone para este mi\u00e9rcoles una sesi\u00f3n sobre eficiencia energ\u00e9tica con pautas para ahorrar energ\u00eda en los comercios<\/title>\n<meta name=\"robots\" content=\"index, follow, max-snippet:-1, max-image-preview:large, max-video-preview:-1\" \/>\n<link rel=\"canonical\" href=\"https:\/\/www.laguiadepamplona.com\/actualidad\/el-servicio-de-promocion-empresarial-propone-para-este-miercoles-una-sesion-sobre-eficiencia-energetica-con-pautas-para-ahorrar-energia-en-los-comercios\/\" \/>\n<meta property=\"og:locale\" content=\"es_ES\" \/>\n<meta property=\"og:type\" content=\"article\" \/>\n<meta property=\"og:title\" content=\"El Servicio de Promoci\u00f3n Empresarial propone para este mi\u00e9rcoles una sesi\u00f3n sobre eficiencia energ\u00e9tica con pautas para ahorrar energ\u00eda en los comercios\" \/>\n<meta property=\"og:description\" content=\"La charla se celebrar\u00e1 en horario de 14.30 a 16.30 horas y es necesario confirmar la asistencia en el 948 382560 o en el correo spe@pamplona.es El Servicio de Promoci\u00f3n...\" \/>\n<meta property=\"og:url\" content=\"https:\/\/www.laguiadepamplona.com\/actualidad\/el-servicio-de-promocion-empresarial-propone-para-este-miercoles-una-sesion-sobre-eficiencia-energetica-con-pautas-para-ahorrar-energia-en-los-comercios\/\" \/>\n<meta property=\"og:site_name\" content=\"La Gu\u00eda de Pamplona\" \/>\n<meta property=\"article:publisher\" content=\"https:\/\/www.facebook.com\/laguiadepamplonacom-133175176762273\/?ref=hl\" \/>\n<meta property=\"article:published_time\" content=\"2014-03-24T14:51:39+00:00\" \/>\n<meta name=\"author\" content=\"La Gu\u00eda de Pamplona\" \/>\n<meta name=\"twitter:card\" content=\"summary_large_image\" \/>\n<meta name=\"twitter:creator\" content=\"@LaGuiadPamplona\" \/>\n<meta name=\"twitter:site\" content=\"@LaGuiadPamplona\" \/>\n<meta name=\"twitter:label1\" content=\"Escrito por\" \/>\n\t<meta name=\"twitter:data1\" content=\"La Gu\u00eda de Pamplona\" \/>\n\t<meta name=\"twitter:label2\" content=\"Tiempo de lectura\" \/>\n\t<meta name=\"twitter:data2\" content=\"2 minutos\" \/>\n<script type=\"application\/ld+json\" class=\"yoast-schema-graph\">{\"@context\":\"https:\\\/\\\/schema.org\",\"@graph\":[{\"@type\":\"Article\",\"@id\":\"https:\\\/\\\/www.laguiadepamplona.com\\\/actualidad\\\/el-servicio-de-promocion-empresarial-propone-para-este-miercoles-una-sesion-sobre-eficiencia-energetica-con-pautas-para-ahorrar-energia-en-los-comercios\\\/#article\",\"isPartOf\":{\"@id\":\"https:\\\/\\\/www.laguiadepamplona.com\\\/actualidad\\\/el-servicio-de-promocion-empresarial-propone-para-este-miercoles-una-sesion-sobre-eficiencia-energetica-con-pautas-para-ahorrar-energia-en-los-comercios\\\/\"},\"author\":{\"name\":\"La Gu\u00eda de Pamplona\",\"@id\":\"https:\\\/\\\/www.laguiadepamplona.com\\\/actualidad\\\/#\\\/schema\\\/person\\\/efe887376f0213d4657c93adc50b1fdb\"},\"headline\":\"El Servicio de Promoci\u00f3n Empresarial propone para este mi\u00e9rcoles una sesi\u00f3n sobre eficiencia energ\u00e9tica con pautas para ahorrar energ\u00eda en los comercios\",\"datePublished\":\"2014-03-24T14:51:39+00:00\",\"mainEntityOfPage\":{\"@id\":\"https:\\\/\\\/www.laguiadepamplona.com\\\/actualidad\\\/el-servicio-de-promocion-empresarial-propone-para-este-miercoles-una-sesion-sobre-eficiencia-energetica-con-pautas-para-ahorrar-energia-en-los-comercios\\\/\"},\"wordCount\":371,\"commentCount\":0,\"publisher\":{\"@id\":\"https:\\\/\\\/www.laguiadepamplona.com\\\/actualidad\\\/#organization\"},\"image\":{\"@id\":\"https:\\\/\\\/www.laguiadepamplona.com\\\/actualidad\\\/el-servicio-de-promocion-empresarial-propone-para-este-miercoles-una-sesion-sobre-eficiencia-energetica-con-pautas-para-ahorrar-energia-en-los-comercios\\\/#primaryimage\"},\"thumbnailUrl\":\"\",\"keywords\":[\"actualidad\",\"ayto pamplona\",\"eficiencia energ\u00e9tica\",\"noticias\",\"pamplona\",\"Servicio de Promoci\u00f3n Empresarial\"],\"articleSection\":[\"Ayto Pamplona\"],\"inLanguage\":\"es\",\"potentialAction\":[{\"@type\":\"CommentAction\",\"name\":\"Comment\",\"target\":[\"https:\\\/\\\/www.laguiadepamplona.com\\\/actualidad\\\/el-servicio-de-promocion-empresarial-propone-para-este-miercoles-una-sesion-sobre-eficiencia-energetica-con-pautas-para-ahorrar-energia-en-los-comercios\\\/#respond\"]}]},{\"@type\":\"WebPage\",\"@id\":\"https:\\\/\\\/www.laguiadepamplona.com\\\/actualidad\\\/el-servicio-de-promocion-empresarial-propone-para-este-miercoles-una-sesion-sobre-eficiencia-energetica-con-pautas-para-ahorrar-energia-en-los-comercios\\\/\",\"url\":\"https:\\\/\\\/www.laguiadepamplona.com\\\/actualidad\\\/el-servicio-de-promocion-empresarial-propone-para-este-miercoles-una-sesion-sobre-eficiencia-energetica-con-pautas-para-ahorrar-energia-en-los-comercios\\\/\",\"name\":\"El Servicio de Promoci\u00f3n Empresarial propone para este mi\u00e9rcoles una sesi\u00f3n sobre eficiencia energ\u00e9tica con pautas para ahorrar energ\u00eda en los comercios\",\"isPartOf\":{\"@id\":\"https:\\\/\\\/www.laguiadepamplona.com\\\/actualidad\\\/#website\"},\"primaryImageOfPage\":{\"@id\":\"https:\\\/\\\/www.laguiadepamplona.com\\\/actualidad\\\/el-servicio-de-promocion-empresarial-propone-para-este-miercoles-una-sesion-sobre-eficiencia-energetica-con-pautas-para-ahorrar-energia-en-los-comercios\\\/#primaryimage\"},\"image\":{\"@id\":\"https:\\\/\\\/www.laguiadepamplona.com\\\/actualidad\\\/el-servicio-de-promocion-empresarial-propone-para-este-miercoles-una-sesion-sobre-eficiencia-energetica-con-pautas-para-ahorrar-energia-en-los-comercios\\\/#primaryimage\"},\"thumbnailUrl\":\"\",\"datePublished\":\"2014-03-24T14:51:39+00:00\",\"breadcrumb\":{\"@id\":\"https:\\\/\\\/www.laguiadepamplona.com\\\/actualidad\\\/el-servicio-de-promocion-empresarial-propone-para-este-miercoles-una-sesion-sobre-eficiencia-energetica-con-pautas-para-ahorrar-energia-en-los-comercios\\\/#breadcrumb\"},\"inLanguage\":\"es\",\"potentialAction\":[{\"@type\":\"ReadAction\",\"target\":[\"https:\\\/\\\/www.laguiadepamplona.com\\\/actualidad\\\/el-servicio-de-promocion-empresarial-propone-para-este-miercoles-una-sesion-sobre-eficiencia-energetica-con-pautas-para-ahorrar-energia-en-los-comercios\\\/\"]}]},{\"@type\":\"ImageObject\",\"inLanguage\":\"es\",\"@id\":\"https:\\\/\\\/www.laguiadepamplona.com\\\/actualidad\\\/el-servicio-de-promocion-empresarial-propone-para-este-miercoles-una-sesion-sobre-eficiencia-energetica-con-pautas-para-ahorrar-energia-en-los-comercios\\\/#primaryimage\",\"url\":\"\",\"contentUrl\":\"\"},{\"@type\":\"BreadcrumbList\",\"@id\":\"https:\\\/\\\/www.laguiadepamplona.com\\\/actualidad\\\/el-servicio-de-promocion-empresarial-propone-para-este-miercoles-una-sesion-sobre-eficiencia-energetica-con-pautas-para-ahorrar-energia-en-los-comercios\\\/#breadcrumb\",\"itemListElement\":[{\"@type\":\"ListItem\",\"position\":1,\"name\":\"Portada\",\"item\":\"https:\\\/\\\/www.laguiadepamplona.com\\\/actualidad\\\/\"},{\"@type\":\"ListItem\",\"position\":2,\"name\":\"El Servicio de Promoci\u00f3n Empresarial propone para este mi\u00e9rcoles una sesi\u00f3n sobre eficiencia energ\u00e9tica con pautas para ahorrar energ\u00eda en los comercios\"}]},{\"@type\":\"WebSite\",\"@id\":\"https:\\\/\\\/www.laguiadepamplona.com\\\/actualidad\\\/#website\",\"url\":\"https:\\\/\\\/www.laguiadepamplona.com\\\/actualidad\\\/\",\"name\":\"La gu\u00eda de Pamplona\",\"description\":\"Noticias de Pamplona\",\"publisher\":{\"@id\":\"https:\\\/\\\/www.laguiadepamplona.com\\\/actualidad\\\/#organization\"},\"potentialAction\":[{\"@type\":\"SearchAction\",\"target\":{\"@type\":\"EntryPoint\",\"urlTemplate\":\"https:\\\/\\\/www.laguiadepamplona.com\\\/actualidad\\\/?s={search_term_string}\"},\"query-input\":{\"@type\":\"PropertyValueSpecification\",\"valueRequired\":true,\"valueName\":\"search_term_string\"}}],\"inLanguage\":\"es\"},{\"@type\":\"Organization\",\"@id\":\"https:\\\/\\\/www.laguiadepamplona.com\\\/actualidad\\\/#organization\",\"name\":\"La Gu\u00eda de Pamplona \\\/ Noticias\",\"url\":\"https:\\\/\\\/www.laguiadepamplona.com\\\/actualidad\\\/\",\"logo\":{\"@type\":\"ImageObject\",\"inLanguage\":\"es\",\"@id\":\"https:\\\/\\\/www.laguiadepamplona.com\\\/actualidad\\\/#\\\/schema\\\/logo\\\/image\\\/\",\"url\":\"https:\\\/\\\/www.laguiadepamplona.com\\\/actualidad\\\/wp-content\\\/uploads\\\/2018\\\/11\\\/logo-laguiadepamplona18-web1.png\",\"contentUrl\":\"https:\\\/\\\/www.laguiadepamplona.com\\\/actualidad\\\/wp-content\\\/uploads\\\/2018\\\/11\\\/logo-laguiadepamplona18-web1.png\",\"width\":600,\"height\":196,\"caption\":\"La Gu\u00eda de Pamplona \\\/ Noticias\"},\"image\":{\"@id\":\"https:\\\/\\\/www.laguiadepamplona.com\\\/actualidad\\\/#\\\/schema\\\/logo\\\/image\\\/\"},\"sameAs\":[\"https:\\\/\\\/www.facebook.com\\\/laguiadepamplonacom-133175176762273\\\/?ref=hl\",\"https:\\\/\\\/x.com\\\/LaGuiadPamplona\",\"https:\\\/\\\/www.instagram.com\\\/la_guia_de_pamplona\\\/\",\"https:\\\/\\\/www.youtube.com\\\/user\\\/laguiadepamplona\"]},{\"@type\":\"Person\",\"@id\":\"https:\\\/\\\/www.laguiadepamplona.com\\\/actualidad\\\/#\\\/schema\\\/person\\\/efe887376f0213d4657c93adc50b1fdb\",\"name\":\"La Gu\u00eda de Pamplona\",\"image\":{\"@type\":\"ImageObject\",\"inLanguage\":\"es\",\"@id\":\"https:\\\/\\\/secure.gravatar.com\\\/avatar\\\/b6992f131dc8d30ab0dff15446e9d346d9dbd95992de0fef795073f5ea83a81c?s=96&d=mm&r=g\",\"url\":\"https:\\\/\\\/secure.gravatar.com\\\/avatar\\\/b6992f131dc8d30ab0dff15446e9d346d9dbd95992de0fef795073f5ea83a81c?s=96&d=mm&r=g\",\"contentUrl\":\"https:\\\/\\\/secure.gravatar.com\\\/avatar\\\/b6992f131dc8d30ab0dff15446e9d346d9dbd95992de0fef795073f5ea83a81c?s=96&d=mm&r=g\",\"caption\":\"La Gu\u00eda de Pamplona\"}}]}<\/script>\n<!-- \/ Yoast SEO plugin. -->","yoast_head_json":{"title":"El Servicio de Promoci\u00f3n Empresarial propone para este mi\u00e9rcoles una sesi\u00f3n sobre eficiencia energ\u00e9tica con pautas para ahorrar energ\u00eda en los comercios","robots":{"index":"index","follow":"follow","max-snippet":"max-snippet:-1","max-image-preview":"max-image-preview:large","max-video-preview":"max-video-preview:-1"},"canonical":"https:\/\/www.laguiadepamplona.com\/actualidad\/el-servicio-de-promocion-empresarial-propone-para-este-miercoles-una-sesion-sobre-eficiencia-energetica-con-pautas-para-ahorrar-energia-en-los-comercios\/","og_locale":"es_ES","og_type":"article","og_title":"El Servicio de Promoci\u00f3n Empresarial propone para este mi\u00e9rcoles una sesi\u00f3n sobre eficiencia energ\u00e9tica con pautas para ahorrar energ\u00eda en los comercios","og_description":"La charla se celebrar\u00e1 en horario de 14.30 a 16.30 horas y es necesario confirmar la asistencia en el 948 382560 o en el correo spe@pamplona.es El Servicio de Promoci\u00f3n...","og_url":"https:\/\/www.laguiadepamplona.com\/actualidad\/el-servicio-de-promocion-empresarial-propone-para-este-miercoles-una-sesion-sobre-eficiencia-energetica-con-pautas-para-ahorrar-energia-en-los-comercios\/","og_site_name":"La Gu\u00eda de Pamplona","article_publisher":"https:\/\/www.facebook.com\/laguiadepamplonacom-133175176762273\/?ref=hl","article_published_time":"2014-03-24T14:51:39+00:00","author":"La Gu\u00eda de Pamplona","twitter_card":"summary_large_image","twitter_creator":"@LaGuiadPamplona","twitter_site":"@LaGuiadPamplona","twitter_misc":{"Escrito por":"La Gu\u00eda de Pamplona","Tiempo de lectura":"2 minutos"},"schema":{"@context":"https:\/\/schema.org","@graph":[{"@type":"Article","@id":"https:\/\/www.laguiadepamplona.com\/actualidad\/el-servicio-de-promocion-empresarial-propone-para-este-miercoles-una-sesion-sobre-eficiencia-energetica-con-pautas-para-ahorrar-energia-en-los-comercios\/#article","isPartOf":{"@id":"https:\/\/www.laguiadepamplona.com\/actualidad\/el-servicio-de-promocion-empresarial-propone-para-este-miercoles-una-sesion-sobre-eficiencia-energetica-con-pautas-para-ahorrar-energia-en-los-comercios\/"},"author":{"name":"La Gu\u00eda de Pamplona","@id":"https:\/\/www.laguiadepamplona.com\/actualidad\/#\/schema\/person\/efe887376f0213d4657c93adc50b1fdb"},"headline":"El Servicio de Promoci\u00f3n Empresarial propone para este mi\u00e9rcoles una sesi\u00f3n sobre eficiencia energ\u00e9tica con pautas para ahorrar energ\u00eda en los comercios","datePublished":"2014-03-24T14:51:39+00:00","mainEntityOfPage":{"@id":"https:\/\/www.laguiadepamplona.com\/actualidad\/el-servicio-de-promocion-empresarial-propone-para-este-miercoles-una-sesion-sobre-eficiencia-energetica-con-pautas-para-ahorrar-energia-en-los-comercios\/"},"wordCount":371,"commentCount":0,"publisher":{"@id":"https:\/\/www.laguiadepamplona.com\/actualidad\/#organization"},"image":{"@id":"https:\/\/www.laguiadepamplona.com\/actualidad\/el-servicio-de-promocion-empresarial-propone-para-este-miercoles-una-sesion-sobre-eficiencia-energetica-con-pautas-para-ahorrar-energia-en-los-comercios\/#primaryimage"},"thumbnailUrl":"","keywords":["actualidad","ayto pamplona","eficiencia energ\u00e9tica","noticias","pamplona","Servicio de Promoci\u00f3n Empresarial"],"articleSection":["Ayto Pamplona"],"inLanguage":"es","potentialAction":[{"@type":"CommentAction","name":"Comment","target":["https:\/\/www.laguiadepamplona.com\/actualidad\/el-servicio-de-promocion-empresarial-propone-para-este-miercoles-una-sesion-sobre-eficiencia-energetica-con-pautas-para-ahorrar-energia-en-los-comercios\/#respond"]}]},{"@type":"WebPage","@id":"https:\/\/www.laguiadepamplona.com\/actualidad\/el-servicio-de-promocion-empresarial-propone-para-este-miercoles-una-sesion-sobre-eficiencia-energetica-con-pautas-para-ahorrar-energia-en-los-comercios\/","url":"https:\/\/www.laguiadepamplona.com\/actualidad\/el-servicio-de-promocion-empresarial-propone-para-este-miercoles-una-sesion-sobre-eficiencia-energetica-con-pautas-para-ahorrar-energia-en-los-comercios\/","name":"El Servicio de Promoci\u00f3n Empresarial propone para este mi\u00e9rcoles una sesi\u00f3n sobre eficiencia energ\u00e9tica con pautas para ahorrar energ\u00eda en los comercios","isPartOf":{"@id":"https:\/\/www.laguiadepamplona.com\/actualidad\/#website"},"primaryImageOfPage":{"@id":"https:\/\/www.laguiadepamplona.com\/actualidad\/el-servicio-de-promocion-empresarial-propone-para-este-miercoles-una-sesion-sobre-eficiencia-energetica-con-pautas-para-ahorrar-energia-en-los-comercios\/#primaryimage"},"image":{"@id":"https:\/\/www.laguiadepamplona.com\/actualidad\/el-servicio-de-promocion-empresarial-propone-para-este-miercoles-una-sesion-sobre-eficiencia-energetica-con-pautas-para-ahorrar-energia-en-los-comercios\/#primaryimage"},"thumbnailUrl":"","datePublished":"2014-03-24T14:51:39+00:00","breadcrumb":{"@id":"https:\/\/www.laguiadepamplona.com\/actualidad\/el-servicio-de-promocion-empresarial-propone-para-este-miercoles-una-sesion-sobre-eficiencia-energetica-con-pautas-para-ahorrar-energia-en-los-comercios\/#breadcrumb"},"inLanguage":"es","potentialAction":[{"@type":"ReadAction","target":["https:\/\/www.laguiadepamplona.com\/actualidad\/el-servicio-de-promocion-empresarial-propone-para-este-miercoles-una-sesion-sobre-eficiencia-energetica-con-pautas-para-ahorrar-energia-en-los-comercios\/"]}]},{"@type":"ImageObject","inLanguage":"es","@id":"https:\/\/www.laguiadepamplona.com\/actualidad\/el-servicio-de-promocion-empresarial-propone-para-este-miercoles-una-sesion-sobre-eficiencia-energetica-con-pautas-para-ahorrar-energia-en-los-comercios\/#primaryimage","url":"","contentUrl":""},{"@type":"BreadcrumbList","@id":"https:\/\/www.laguiadepamplona.com\/actualidad\/el-servicio-de-promocion-empresarial-propone-para-este-miercoles-una-sesion-sobre-eficiencia-energetica-con-pautas-para-ahorrar-energia-en-los-comercios\/#breadcrumb","itemListElement":[{"@type":"ListItem","position":1,"name":"Portada","item":"https:\/\/www.laguiadepamplona.com\/actualidad\/"},{"@type":"ListItem","position":2,"name":"El Servicio de Promoci\u00f3n Empresarial propone para este mi\u00e9rcoles una sesi\u00f3n sobre eficiencia energ\u00e9tica con pautas para ahorrar energ\u00eda en los comercios"}]},{"@type":"WebSite","@id":"https:\/\/www.laguiadepamplona.com\/actualidad\/#website","url":"https:\/\/www.laguiadepamplona.com\/actualidad\/","name":"La gu\u00eda de Pamplona","description":"Noticias de Pamplona","publisher":{"@id":"https:\/\/www.laguiadepamplona.com\/actualidad\/#organization"},"potentialAction":[{"@type":"SearchAction","target":{"@type":"EntryPoint","urlTemplate":"https:\/\/www.laguiadepamplona.com\/actualidad\/?s={search_term_string}"},"query-input":{"@type":"PropertyValueSpecification","valueRequired":true,"valueName":"search_term_string"}}],"inLanguage":"es"},{"@type":"Organization","@id":"https:\/\/www.laguiadepamplona.com\/actualidad\/#organization","name":"La Gu\u00eda de Pamplona \/ Noticias","url":"https:\/\/www.laguiadepamplona.com\/actualidad\/","logo":{"@type":"ImageObject","inLanguage":"es","@id":"https:\/\/www.laguiadepamplona.com\/actualidad\/#\/schema\/logo\/image\/","url":"https:\/\/www.laguiadepamplona.com\/actualidad\/wp-content\/uploads\/2018\/11\/logo-laguiadepamplona18-web1.png","contentUrl":"https:\/\/www.laguiadepamplona.com\/actualidad\/wp-content\/uploads\/2018\/11\/logo-laguiadepamplona18-web1.png","width":600,"height":196,"caption":"La Gu\u00eda de Pamplona \/ Noticias"},"image":{"@id":"https:\/\/www.laguiadepamplona.com\/actualidad\/#\/schema\/logo\/image\/"},"sameAs":["https:\/\/www.facebook.com\/laguiadepamplonacom-133175176762273\/?ref=hl","https:\/\/x.com\/LaGuiadPamplona","https:\/\/www.instagram.com\/la_guia_de_pamplona\/","https:\/\/www.youtube.com\/user\/laguiadepamplona"]},{"@type":"Person","@id":"https:\/\/www.laguiadepamplona.com\/actualidad\/#\/schema\/person\/efe887376f0213d4657c93adc50b1fdb","name":"La Gu\u00eda de Pamplona","image":{"@type":"ImageObject","inLanguage":"es","@id":"https:\/\/secure.gravatar.com\/avatar\/b6992f131dc8d30ab0dff15446e9d346d9dbd95992de0fef795073f5ea83a81c?s=96&d=mm&r=g","url":"https:\/\/secure.gravatar.com\/avatar\/b6992f131dc8d30ab0dff15446e9d346d9dbd95992de0fef795073f5ea83a81c?s=96&d=mm&r=g","contentUrl":"https:\/\/secure.gravatar.com\/avatar\/b6992f131dc8d30ab0dff15446e9d346d9dbd95992de0fef795073f5ea83a81c?s=96&d=mm&r=g","caption":"La Gu\u00eda de Pamplona"}}]}},"post_mailing_queue_ids":[],"_links":{"self":[{"href":"https:\/\/www.laguiadepamplona.com\/actualidad\/wp-json\/wp\/v2\/posts\/884","targetHints":{"allow":["GET"]}}],"collection":[{"href":"https:\/\/www.laguiadepamplona.com\/actualidad\/wp-json\/wp\/v2\/posts"}],"about":[{"href":"https:\/\/www.laguiadepamplona.com\/actualidad\/wp-json\/wp\/v2\/types\/post"}],"author":[{"embeddable":true,"href":"https:\/\/www.laguiadepamplona.com\/actualidad\/wp-json\/wp\/v2\/users\/1"}],"replies":[{"embeddable":true,"href":"https:\/\/www.laguiadepamplona.com\/actualidad\/wp-json\/wp\/v2\/comments?post=884"}],"version-history":[{"count":0,"href":"https:\/\/www.laguiadepamplona.com\/actualidad\/wp-json\/wp\/v2\/posts\/884\/revisions"}],"wp:featuredmedia":[{"embeddable":true,"href":"https:\/\/www.laguiadepamplona.com\/actualidad\/wp-json\/"}],"wp:attachment":[{"href":"https:\/\/www.laguiadepamplona.com\/actualidad\/wp-json\/wp\/v2\/media?parent=884"}],"wp:term":[{"taxonomy":"category","embeddable":true,"href":"https:\/\/www.laguiadepamplona.com\/actualidad\/wp-json\/wp\/v2\/categories?post=884"},{"taxonomy":"post_tag","embeddable":true,"href":"https:\/\/www.laguiadepamplona.com\/actualidad\/wp-json\/wp\/v2\/tags?post=884"}],"curies":[{"name":"wp","href":"https:\/\/api.w.org\/{rel}","templated":true}]}}