{"id":878,"date":"2014-03-24T13:28:47","date_gmt":"2014-03-24T12:28:47","guid":{"rendered":"http:\/\/laguiadepamplona.es\/noticias\/?p=878"},"modified":"2014-03-24T13:28:47","modified_gmt":"2014-03-24T12:28:47","slug":"joan-oriol-y-marc-bertran-protagonistas-en-la-fiesta-de-aula-rojilla-celebrada-en-el-colegio-garcia-galdeano","status":"publish","type":"post","link":"https:\/\/www.laguiadepamplona.com\/actualidad\/joan-oriol-y-marc-bertran-protagonistas-en-la-fiesta-de-aula-rojilla-celebrada-en-el-colegio-garcia-galdeano\/","title":{"rendered":"Joan Oriol y Marc Bertr\u00e1n protagonistas en la fiesta de Aula Rojilla celebrada en el Colegio Garc\u00eda Galdeano"},"content":{"rendered":"<p style=\"text-align: left;\" align=\"center\"><b><span style=\"font-family: Calibri; font-size: medium;\"><a href=\"http:\/\/laguiadepamplona.es\/noticias\/wp-content\/uploads\/2014\/03\/ggaldeano_-22.jpg\"><img loading=\"lazy\" decoding=\"async\" class=\"alignleft size-medium wp-image-879\" alt=\"ggaldeano_  22\" src=\"http:\/\/laguiadepamplona.es\/noticias\/wp-content\/uploads\/2014\/03\/ggaldeano_-22-300x200.jpg\" width=\"300\" height=\"200\" \/><\/a>210 alumnos del centro ubicado en el barrio pamplon\u00e9s de `La Chantrea\u00b4 fueron los protagonistas de la fiesta final<\/span><\/b><\/p>\n<p><span style=\"font-family: Calibri; font-size: small;\">El Colegio Garc\u00eda Galdeano recibi\u00f3 a los futbolistas Joan Oriol y Marc Bertr\u00e1n con motivo del Aula Rojilla. Un total de 210 alumnos, vestidos con camisetas conmemorativas regaladas por Fundaci\u00f3n Osasuna, dibujaron una marea rojilla en el patio del colegio del centro educativo. Los jugadores repartieron entre los colegiales los premios a los mejores trabajos en las disciplinas \u2018Escribe a Osasuna\u2019, \u2018Osasun-Arte\u2019 y \u2018Osasun-Deporte\u2019. <\/span><\/p>\n<p><span style=\"font-family: Calibri; font-size: small;\">Adem\u00e1s de los futbolistas, el acto cont\u00f3 con la presencia del directivo del Club Atl\u00e9tico Osasuna, Txuma Peralta; Purificaci\u00f3n Jubera, directora del colegio<span style=\"color: black;\">; <\/span>Soko Percaz, del Departamento de Marketing de Eroski y Maider Irisarri de Lacturale.\u00a0<\/span><\/p>\n","protected":false},"excerpt":{"rendered":"<p>210 alumnos del centro ubicado en el barrio pamplon\u00e9s de `La Chantrea\u00b4 fueron los protagonistas de la fiesta final El Colegio Garc\u00eda Galdeano recibi\u00f3 a los futbolistas Joan Oriol y&#8230;<\/p>\n","protected":false},"author":1,"featured_media":879,"comment_status":"open","ping_status":"open","sticky":false,"template":"","format":"standard","meta":{"footnotes":""},"categories":[3],"tags":[5,544,545,14,546,547,548,8,15,9],"class_list":["post-878","post","type-post","status-publish","format-standard","has-post-thumbnail","hentry","category-fundacion-osasuna","tag-actualidad","tag-aula-rojilla","tag-colegio-garcia-galdeano","tag-fundacion-osasuna-2","tag-joan-oriol","tag-la-chantrea","tag-marc-bertran","tag-noticias","tag-osasuna","tag-pamplona"],"yoast_head":"<!-- This site is optimized with the Yoast SEO plugin v27.5 - https:\/\/yoast.com\/product\/yoast-seo-wordpress\/ -->\n<title>Joan Oriol y Marc Bertr\u00e1n protagonistas en la fiesta de Aula Rojilla celebrada en el Colegio Garc\u00eda Galdeano<\/title>\n<meta name=\"robots\" content=\"index, follow, max-snippet:-1, max-image-preview:large, max-video-preview:-1\" \/>\n<link rel=\"canonical\" href=\"https:\/\/www.laguiadepamplona.com\/actualidad\/joan-oriol-y-marc-bertran-protagonistas-en-la-fiesta-de-aula-rojilla-celebrada-en-el-colegio-garcia-galdeano\/\" \/>\n<meta property=\"og:locale\" content=\"es_ES\" \/>\n<meta property=\"og:type\" content=\"article\" \/>\n<meta property=\"og:title\" content=\"Joan Oriol y Marc Bertr\u00e1n protagonistas en la fiesta de Aula Rojilla celebrada en el Colegio Garc\u00eda Galdeano\" \/>\n<meta property=\"og:description\" content=\"210 alumnos del centro ubicado en el barrio pamplon\u00e9s de `La Chantrea\u00b4 fueron los protagonistas de la fiesta final El Colegio Garc\u00eda Galdeano recibi\u00f3 a los futbolistas Joan Oriol y...\" \/>\n<meta property=\"og:url\" content=\"https:\/\/www.laguiadepamplona.com\/actualidad\/joan-oriol-y-marc-bertran-protagonistas-en-la-fiesta-de-aula-rojilla-celebrada-en-el-colegio-garcia-galdeano\/\" \/>\n<meta property=\"og:site_name\" content=\"La Gu\u00eda de Pamplona\" \/>\n<meta property=\"article:publisher\" content=\"https:\/\/www.facebook.com\/laguiadepamplonacom-133175176762273\/?ref=hl\" \/>\n<meta property=\"article:published_time\" content=\"2014-03-24T12:28:47+00:00\" \/>\n<meta name=\"author\" content=\"La Gu\u00eda de Pamplona\" \/>\n<meta name=\"twitter:card\" content=\"summary_large_image\" \/>\n<meta name=\"twitter:creator\" content=\"@LaGuiadPamplona\" \/>\n<meta name=\"twitter:site\" content=\"@LaGuiadPamplona\" \/>\n<meta name=\"twitter:label1\" content=\"Escrito por\" \/>\n\t<meta name=\"twitter:data1\" content=\"La Gu\u00eda de Pamplona\" \/>\n\t<meta name=\"twitter:label2\" content=\"Tiempo de lectura\" \/>\n\t<meta name=\"twitter:data2\" content=\"1 minuto\" \/>\n<script type=\"application\/ld+json\" class=\"yoast-schema-graph\">{\"@context\":\"https:\\\/\\\/schema.org\",\"@graph\":[{\"@type\":\"Article\",\"@id\":\"https:\\\/\\\/www.laguiadepamplona.com\\\/actualidad\\\/joan-oriol-y-marc-bertran-protagonistas-en-la-fiesta-de-aula-rojilla-celebrada-en-el-colegio-garcia-galdeano\\\/#article\",\"isPartOf\":{\"@id\":\"https:\\\/\\\/www.laguiadepamplona.com\\\/actualidad\\\/joan-oriol-y-marc-bertran-protagonistas-en-la-fiesta-de-aula-rojilla-celebrada-en-el-colegio-garcia-galdeano\\\/\"},\"author\":{\"name\":\"La Gu\u00eda de Pamplona\",\"@id\":\"https:\\\/\\\/www.laguiadepamplona.com\\\/actualidad\\\/#\\\/schema\\\/person\\\/efe887376f0213d4657c93adc50b1fdb\"},\"headline\":\"Joan Oriol y Marc Bertr\u00e1n protagonistas en la fiesta de Aula Rojilla celebrada en el Colegio Garc\u00eda Galdeano\",\"datePublished\":\"2014-03-24T12:28:47+00:00\",\"mainEntityOfPage\":{\"@id\":\"https:\\\/\\\/www.laguiadepamplona.com\\\/actualidad\\\/joan-oriol-y-marc-bertran-protagonistas-en-la-fiesta-de-aula-rojilla-celebrada-en-el-colegio-garcia-galdeano\\\/\"},\"wordCount\":144,\"commentCount\":0,\"publisher\":{\"@id\":\"https:\\\/\\\/www.laguiadepamplona.com\\\/actualidad\\\/#organization\"},\"image\":{\"@id\":\"https:\\\/\\\/www.laguiadepamplona.com\\\/actualidad\\\/joan-oriol-y-marc-bertran-protagonistas-en-la-fiesta-de-aula-rojilla-celebrada-en-el-colegio-garcia-galdeano\\\/#primaryimage\"},\"thumbnailUrl\":\"\",\"keywords\":[\"actualidad\",\"Aula Rojilla\",\"Colegio Garc\u00eda Galdeano\",\"fundaci\u00f3n osasuna\",\"Joan Oriol\",\"La Chantrea\",\"Marc Bertr\u00e1n\",\"noticias\",\"osasuna\",\"pamplona\"],\"articleSection\":[\"Fundaci\u00f3n Osasuna\"],\"inLanguage\":\"es\",\"potentialAction\":[{\"@type\":\"CommentAction\",\"name\":\"Comment\",\"target\":[\"https:\\\/\\\/www.laguiadepamplona.com\\\/actualidad\\\/joan-oriol-y-marc-bertran-protagonistas-en-la-fiesta-de-aula-rojilla-celebrada-en-el-colegio-garcia-galdeano\\\/#respond\"]}]},{\"@type\":\"WebPage\",\"@id\":\"https:\\\/\\\/www.laguiadepamplona.com\\\/actualidad\\\/joan-oriol-y-marc-bertran-protagonistas-en-la-fiesta-de-aula-rojilla-celebrada-en-el-colegio-garcia-galdeano\\\/\",\"url\":\"https:\\\/\\\/www.laguiadepamplona.com\\\/actualidad\\\/joan-oriol-y-marc-bertran-protagonistas-en-la-fiesta-de-aula-rojilla-celebrada-en-el-colegio-garcia-galdeano\\\/\",\"name\":\"Joan Oriol y Marc Bertr\u00e1n protagonistas en la fiesta de Aula Rojilla celebrada en el Colegio Garc\u00eda Galdeano\",\"isPartOf\":{\"@id\":\"https:\\\/\\\/www.laguiadepamplona.com\\\/actualidad\\\/#website\"},\"primaryImageOfPage\":{\"@id\":\"https:\\\/\\\/www.laguiadepamplona.com\\\/actualidad\\\/joan-oriol-y-marc-bertran-protagonistas-en-la-fiesta-de-aula-rojilla-celebrada-en-el-colegio-garcia-galdeano\\\/#primaryimage\"},\"image\":{\"@id\":\"https:\\\/\\\/www.laguiadepamplona.com\\\/actualidad\\\/joan-oriol-y-marc-bertran-protagonistas-en-la-fiesta-de-aula-rojilla-celebrada-en-el-colegio-garcia-galdeano\\\/#primaryimage\"},\"thumbnailUrl\":\"\",\"datePublished\":\"2014-03-24T12:28:47+00:00\",\"breadcrumb\":{\"@id\":\"https:\\\/\\\/www.laguiadepamplona.com\\\/actualidad\\\/joan-oriol-y-marc-bertran-protagonistas-en-la-fiesta-de-aula-rojilla-celebrada-en-el-colegio-garcia-galdeano\\\/#breadcrumb\"},\"inLanguage\":\"es\",\"potentialAction\":[{\"@type\":\"ReadAction\",\"target\":[\"https:\\\/\\\/www.laguiadepamplona.com\\\/actualidad\\\/joan-oriol-y-marc-bertran-protagonistas-en-la-fiesta-de-aula-rojilla-celebrada-en-el-colegio-garcia-galdeano\\\/\"]}]},{\"@type\":\"ImageObject\",\"inLanguage\":\"es\",\"@id\":\"https:\\\/\\\/www.laguiadepamplona.com\\\/actualidad\\\/joan-oriol-y-marc-bertran-protagonistas-en-la-fiesta-de-aula-rojilla-celebrada-en-el-colegio-garcia-galdeano\\\/#primaryimage\",\"url\":\"\",\"contentUrl\":\"\"},{\"@type\":\"BreadcrumbList\",\"@id\":\"https:\\\/\\\/www.laguiadepamplona.com\\\/actualidad\\\/joan-oriol-y-marc-bertran-protagonistas-en-la-fiesta-de-aula-rojilla-celebrada-en-el-colegio-garcia-galdeano\\\/#breadcrumb\",\"itemListElement\":[{\"@type\":\"ListItem\",\"position\":1,\"name\":\"Portada\",\"item\":\"https:\\\/\\\/www.laguiadepamplona.com\\\/actualidad\\\/\"},{\"@type\":\"ListItem\",\"position\":2,\"name\":\"Joan Oriol y Marc Bertr\u00e1n protagonistas en la fiesta de Aula Rojilla celebrada en el Colegio Garc\u00eda Galdeano\"}]},{\"@type\":\"WebSite\",\"@id\":\"https:\\\/\\\/www.laguiadepamplona.com\\\/actualidad\\\/#website\",\"url\":\"https:\\\/\\\/www.laguiadepamplona.com\\\/actualidad\\\/\",\"name\":\"La gu\u00eda de Pamplona\",\"description\":\"Noticias de Pamplona\",\"publisher\":{\"@id\":\"https:\\\/\\\/www.laguiadepamplona.com\\\/actualidad\\\/#organization\"},\"potentialAction\":[{\"@type\":\"SearchAction\",\"target\":{\"@type\":\"EntryPoint\",\"urlTemplate\":\"https:\\\/\\\/www.laguiadepamplona.com\\\/actualidad\\\/?s={search_term_string}\"},\"query-input\":{\"@type\":\"PropertyValueSpecification\",\"valueRequired\":true,\"valueName\":\"search_term_string\"}}],\"inLanguage\":\"es\"},{\"@type\":\"Organization\",\"@id\":\"https:\\\/\\\/www.laguiadepamplona.com\\\/actualidad\\\/#organization\",\"name\":\"La Gu\u00eda de Pamplona \\\/ Noticias\",\"url\":\"https:\\\/\\\/www.laguiadepamplona.com\\\/actualidad\\\/\",\"logo\":{\"@type\":\"ImageObject\",\"inLanguage\":\"es\",\"@id\":\"https:\\\/\\\/www.laguiadepamplona.com\\\/actualidad\\\/#\\\/schema\\\/logo\\\/image\\\/\",\"url\":\"https:\\\/\\\/www.laguiadepamplona.com\\\/actualidad\\\/wp-content\\\/uploads\\\/2018\\\/11\\\/logo-laguiadepamplona18-web1.png\",\"contentUrl\":\"https:\\\/\\\/www.laguiadepamplona.com\\\/actualidad\\\/wp-content\\\/uploads\\\/2018\\\/11\\\/logo-laguiadepamplona18-web1.png\",\"width\":600,\"height\":196,\"caption\":\"La Gu\u00eda de Pamplona \\\/ Noticias\"},\"image\":{\"@id\":\"https:\\\/\\\/www.laguiadepamplona.com\\\/actualidad\\\/#\\\/schema\\\/logo\\\/image\\\/\"},\"sameAs\":[\"https:\\\/\\\/www.facebook.com\\\/laguiadepamplonacom-133175176762273\\\/?ref=hl\",\"https:\\\/\\\/x.com\\\/LaGuiadPamplona\",\"https:\\\/\\\/www.instagram.com\\\/la_guia_de_pamplona\\\/\",\"https:\\\/\\\/www.youtube.com\\\/user\\\/laguiadepamplona\"]},{\"@type\":\"Person\",\"@id\":\"https:\\\/\\\/www.laguiadepamplona.com\\\/actualidad\\\/#\\\/schema\\\/person\\\/efe887376f0213d4657c93adc50b1fdb\",\"name\":\"La Gu\u00eda de Pamplona\",\"image\":{\"@type\":\"ImageObject\",\"inLanguage\":\"es\",\"@id\":\"https:\\\/\\\/secure.gravatar.com\\\/avatar\\\/b6992f131dc8d30ab0dff15446e9d346d9dbd95992de0fef795073f5ea83a81c?s=96&d=mm&r=g\",\"url\":\"https:\\\/\\\/secure.gravatar.com\\\/avatar\\\/b6992f131dc8d30ab0dff15446e9d346d9dbd95992de0fef795073f5ea83a81c?s=96&d=mm&r=g\",\"contentUrl\":\"https:\\\/\\\/secure.gravatar.com\\\/avatar\\\/b6992f131dc8d30ab0dff15446e9d346d9dbd95992de0fef795073f5ea83a81c?s=96&d=mm&r=g\",\"caption\":\"La Gu\u00eda de Pamplona\"}}]}<\/script>\n<!-- \/ Yoast SEO plugin. -->","yoast_head_json":{"title":"Joan Oriol y Marc Bertr\u00e1n protagonistas en la fiesta de Aula Rojilla celebrada en el Colegio Garc\u00eda Galdeano","robots":{"index":"index","follow":"follow","max-snippet":"max-snippet:-1","max-image-preview":"max-image-preview:large","max-video-preview":"max-video-preview:-1"},"canonical":"https:\/\/www.laguiadepamplona.com\/actualidad\/joan-oriol-y-marc-bertran-protagonistas-en-la-fiesta-de-aula-rojilla-celebrada-en-el-colegio-garcia-galdeano\/","og_locale":"es_ES","og_type":"article","og_title":"Joan Oriol y Marc Bertr\u00e1n protagonistas en la fiesta de Aula Rojilla celebrada en el Colegio Garc\u00eda Galdeano","og_description":"210 alumnos del centro ubicado en el barrio pamplon\u00e9s de `La Chantrea\u00b4 fueron los protagonistas de la fiesta final El Colegio Garc\u00eda Galdeano recibi\u00f3 a los futbolistas Joan Oriol y...","og_url":"https:\/\/www.laguiadepamplona.com\/actualidad\/joan-oriol-y-marc-bertran-protagonistas-en-la-fiesta-de-aula-rojilla-celebrada-en-el-colegio-garcia-galdeano\/","og_site_name":"La Gu\u00eda de Pamplona","article_publisher":"https:\/\/www.facebook.com\/laguiadepamplonacom-133175176762273\/?ref=hl","article_published_time":"2014-03-24T12:28:47+00:00","author":"La Gu\u00eda de Pamplona","twitter_card":"summary_large_image","twitter_creator":"@LaGuiadPamplona","twitter_site":"@LaGuiadPamplona","twitter_misc":{"Escrito por":"La Gu\u00eda de Pamplona","Tiempo de lectura":"1 minuto"},"schema":{"@context":"https:\/\/schema.org","@graph":[{"@type":"Article","@id":"https:\/\/www.laguiadepamplona.com\/actualidad\/joan-oriol-y-marc-bertran-protagonistas-en-la-fiesta-de-aula-rojilla-celebrada-en-el-colegio-garcia-galdeano\/#article","isPartOf":{"@id":"https:\/\/www.laguiadepamplona.com\/actualidad\/joan-oriol-y-marc-bertran-protagonistas-en-la-fiesta-de-aula-rojilla-celebrada-en-el-colegio-garcia-galdeano\/"},"author":{"name":"La Gu\u00eda de Pamplona","@id":"https:\/\/www.laguiadepamplona.com\/actualidad\/#\/schema\/person\/efe887376f0213d4657c93adc50b1fdb"},"headline":"Joan Oriol y Marc Bertr\u00e1n protagonistas en la fiesta de Aula Rojilla celebrada en el Colegio Garc\u00eda Galdeano","datePublished":"2014-03-24T12:28:47+00:00","mainEntityOfPage":{"@id":"https:\/\/www.laguiadepamplona.com\/actualidad\/joan-oriol-y-marc-bertran-protagonistas-en-la-fiesta-de-aula-rojilla-celebrada-en-el-colegio-garcia-galdeano\/"},"wordCount":144,"commentCount":0,"publisher":{"@id":"https:\/\/www.laguiadepamplona.com\/actualidad\/#organization"},"image":{"@id":"https:\/\/www.laguiadepamplona.com\/actualidad\/joan-oriol-y-marc-bertran-protagonistas-en-la-fiesta-de-aula-rojilla-celebrada-en-el-colegio-garcia-galdeano\/#primaryimage"},"thumbnailUrl":"","keywords":["actualidad","Aula Rojilla","Colegio Garc\u00eda Galdeano","fundaci\u00f3n osasuna","Joan Oriol","La Chantrea","Marc Bertr\u00e1n","noticias","osasuna","pamplona"],"articleSection":["Fundaci\u00f3n Osasuna"],"inLanguage":"es","potentialAction":[{"@type":"CommentAction","name":"Comment","target":["https:\/\/www.laguiadepamplona.com\/actualidad\/joan-oriol-y-marc-bertran-protagonistas-en-la-fiesta-de-aula-rojilla-celebrada-en-el-colegio-garcia-galdeano\/#respond"]}]},{"@type":"WebPage","@id":"https:\/\/www.laguiadepamplona.com\/actualidad\/joan-oriol-y-marc-bertran-protagonistas-en-la-fiesta-de-aula-rojilla-celebrada-en-el-colegio-garcia-galdeano\/","url":"https:\/\/www.laguiadepamplona.com\/actualidad\/joan-oriol-y-marc-bertran-protagonistas-en-la-fiesta-de-aula-rojilla-celebrada-en-el-colegio-garcia-galdeano\/","name":"Joan Oriol y Marc Bertr\u00e1n protagonistas en la fiesta de Aula Rojilla celebrada en el Colegio Garc\u00eda Galdeano","isPartOf":{"@id":"https:\/\/www.laguiadepamplona.com\/actualidad\/#website"},"primaryImageOfPage":{"@id":"https:\/\/www.laguiadepamplona.com\/actualidad\/joan-oriol-y-marc-bertran-protagonistas-en-la-fiesta-de-aula-rojilla-celebrada-en-el-colegio-garcia-galdeano\/#primaryimage"},"image":{"@id":"https:\/\/www.laguiadepamplona.com\/actualidad\/joan-oriol-y-marc-bertran-protagonistas-en-la-fiesta-de-aula-rojilla-celebrada-en-el-colegio-garcia-galdeano\/#primaryimage"},"thumbnailUrl":"","datePublished":"2014-03-24T12:28:47+00:00","breadcrumb":{"@id":"https:\/\/www.laguiadepamplona.com\/actualidad\/joan-oriol-y-marc-bertran-protagonistas-en-la-fiesta-de-aula-rojilla-celebrada-en-el-colegio-garcia-galdeano\/#breadcrumb"},"inLanguage":"es","potentialAction":[{"@type":"ReadAction","target":["https:\/\/www.laguiadepamplona.com\/actualidad\/joan-oriol-y-marc-bertran-protagonistas-en-la-fiesta-de-aula-rojilla-celebrada-en-el-colegio-garcia-galdeano\/"]}]},{"@type":"ImageObject","inLanguage":"es","@id":"https:\/\/www.laguiadepamplona.com\/actualidad\/joan-oriol-y-marc-bertran-protagonistas-en-la-fiesta-de-aula-rojilla-celebrada-en-el-colegio-garcia-galdeano\/#primaryimage","url":"","contentUrl":""},{"@type":"BreadcrumbList","@id":"https:\/\/www.laguiadepamplona.com\/actualidad\/joan-oriol-y-marc-bertran-protagonistas-en-la-fiesta-de-aula-rojilla-celebrada-en-el-colegio-garcia-galdeano\/#breadcrumb","itemListElement":[{"@type":"ListItem","position":1,"name":"Portada","item":"https:\/\/www.laguiadepamplona.com\/actualidad\/"},{"@type":"ListItem","position":2,"name":"Joan Oriol y Marc Bertr\u00e1n protagonistas en la fiesta de Aula Rojilla celebrada en el Colegio Garc\u00eda Galdeano"}]},{"@type":"WebSite","@id":"https:\/\/www.laguiadepamplona.com\/actualidad\/#website","url":"https:\/\/www.laguiadepamplona.com\/actualidad\/","name":"La gu\u00eda de Pamplona","description":"Noticias de Pamplona","publisher":{"@id":"https:\/\/www.laguiadepamplona.com\/actualidad\/#organization"},"potentialAction":[{"@type":"SearchAction","target":{"@type":"EntryPoint","urlTemplate":"https:\/\/www.laguiadepamplona.com\/actualidad\/?s={search_term_string}"},"query-input":{"@type":"PropertyValueSpecification","valueRequired":true,"valueName":"search_term_string"}}],"inLanguage":"es"},{"@type":"Organization","@id":"https:\/\/www.laguiadepamplona.com\/actualidad\/#organization","name":"La Gu\u00eda de Pamplona \/ Noticias","url":"https:\/\/www.laguiadepamplona.com\/actualidad\/","logo":{"@type":"ImageObject","inLanguage":"es","@id":"https:\/\/www.laguiadepamplona.com\/actualidad\/#\/schema\/logo\/image\/","url":"https:\/\/www.laguiadepamplona.com\/actualidad\/wp-content\/uploads\/2018\/11\/logo-laguiadepamplona18-web1.png","contentUrl":"https:\/\/www.laguiadepamplona.com\/actualidad\/wp-content\/uploads\/2018\/11\/logo-laguiadepamplona18-web1.png","width":600,"height":196,"caption":"La Gu\u00eda de Pamplona \/ Noticias"},"image":{"@id":"https:\/\/www.laguiadepamplona.com\/actualidad\/#\/schema\/logo\/image\/"},"sameAs":["https:\/\/www.facebook.com\/laguiadepamplonacom-133175176762273\/?ref=hl","https:\/\/x.com\/LaGuiadPamplona","https:\/\/www.instagram.com\/la_guia_de_pamplona\/","https:\/\/www.youtube.com\/user\/laguiadepamplona"]},{"@type":"Person","@id":"https:\/\/www.laguiadepamplona.com\/actualidad\/#\/schema\/person\/efe887376f0213d4657c93adc50b1fdb","name":"La Gu\u00eda de Pamplona","image":{"@type":"ImageObject","inLanguage":"es","@id":"https:\/\/secure.gravatar.com\/avatar\/b6992f131dc8d30ab0dff15446e9d346d9dbd95992de0fef795073f5ea83a81c?s=96&d=mm&r=g","url":"https:\/\/secure.gravatar.com\/avatar\/b6992f131dc8d30ab0dff15446e9d346d9dbd95992de0fef795073f5ea83a81c?s=96&d=mm&r=g","contentUrl":"https:\/\/secure.gravatar.com\/avatar\/b6992f131dc8d30ab0dff15446e9d346d9dbd95992de0fef795073f5ea83a81c?s=96&d=mm&r=g","caption":"La Gu\u00eda de Pamplona"}}]}},"post_mailing_queue_ids":[],"_links":{"self":[{"href":"https:\/\/www.laguiadepamplona.com\/actualidad\/wp-json\/wp\/v2\/posts\/878","targetHints":{"allow":["GET"]}}],"collection":[{"href":"https:\/\/www.laguiadepamplona.com\/actualidad\/wp-json\/wp\/v2\/posts"}],"about":[{"href":"https:\/\/www.laguiadepamplona.com\/actualidad\/wp-json\/wp\/v2\/types\/post"}],"author":[{"embeddable":true,"href":"https:\/\/www.laguiadepamplona.com\/actualidad\/wp-json\/wp\/v2\/users\/1"}],"replies":[{"embeddable":true,"href":"https:\/\/www.laguiadepamplona.com\/actualidad\/wp-json\/wp\/v2\/comments?post=878"}],"version-history":[{"count":0,"href":"https:\/\/www.laguiadepamplona.com\/actualidad\/wp-json\/wp\/v2\/posts\/878\/revisions"}],"wp:featuredmedia":[{"embeddable":true,"href":"https:\/\/www.laguiadepamplona.com\/actualidad\/wp-json\/"}],"wp:attachment":[{"href":"https:\/\/www.laguiadepamplona.com\/actualidad\/wp-json\/wp\/v2\/media?parent=878"}],"wp:term":[{"taxonomy":"category","embeddable":true,"href":"https:\/\/www.laguiadepamplona.com\/actualidad\/wp-json\/wp\/v2\/categories?post=878"},{"taxonomy":"post_tag","embeddable":true,"href":"https:\/\/www.laguiadepamplona.com\/actualidad\/wp-json\/wp\/v2\/tags?post=878"}],"curies":[{"name":"wp","href":"https:\/\/api.w.org\/{rel}","templated":true}]}}