{"id":8720,"date":"2016-02-04T14:47:01","date_gmt":"2016-02-04T12:47:01","guid":{"rendered":"http:\/\/laguiadepamplona.com\/actualidad\/?p=8720"},"modified":"2016-02-04T14:47:01","modified_gmt":"2016-02-04T12:47:01","slug":"este-viernes-arranca-el-vi-festival-de-teatro-amateur-con-cosas-de-mujeres-del-grupo-alhama-de-teatro-de-corella","status":"publish","type":"post","link":"https:\/\/www.laguiadepamplona.com\/actualidad\/este-viernes-arranca-el-vi-festival-de-teatro-amateur-con-cosas-de-mujeres-del-grupo-alhama-de-teatro-de-corella\/","title":{"rendered":"Este viernes arranca el VI Festival de teatro amateur con \u2018Cosas de mujeres\u2019, del grupo Alhama de teatro de Corella"},"content":{"rendered":"<h4>Los viernes de febrero en civivox Mendillorri y los s\u00e1bados en Huarte actuar\u00e1n grupos de Tafalla, Peralta, Huarte, Pamplona, Dicastillo y Villava<\/h4>\n<p><img loading=\"lazy\" decoding=\"async\" class=\"alignleft size-medium wp-image-8722\" src=\"http:\/\/laguiadepamplona.com\/actualidad\/wp-content\/uploads\/2016\/02\/Cosas-de-mujeres-1-212x300.jpg\" alt=\"Cosas de mujeres\" width=\"212\" height=\"300\" \/>El VI Festival de teatro amateur Esc\u00e9nica Navarra arranca este viernes a las 19.30 horas con la actuaci\u00f3n del grupo Alhama de teatro de Corella, que pondr\u00e1 en escena \u2018Cosas de mujeres\u2019. Las entradas ya est\u00e1n a la venta en el propio Civivox Mendillorri y en internet, en <a href=\"http:\/\/www.pamplona.es\/\" target=\"_blank\">www.pamplona.es<\/a> o en www.pamplonaescultura.es y cuestan 3 euros.<\/p>\n<p>Es el comienzo de un ciclo que llenar\u00e1 de teatro todos los viernes de febrero el civivox Mendillorri y todos los s\u00e1bados la Casa de Cultura de Huarte. Durante estos ocho d\u00edas, actuar\u00e1n grupos de Corella, Tafalla, Peralta, Huarte, Pamplona, Dicastillo y Villava. Las obras ser\u00e1n siempre a las 19.30 horas y las entradas costar\u00e1n 3 euros para las representaciones de los viernes en civivox Mendillorri y 4,10 euros para las actuaciones de los s\u00e1bados en la Casa de Cultura de Huarte, y pueden adquirirse ya en los propios centros o a trav\u00e9s de las webs municipales.<\/p>\n<p>Organizado por el Ayuntamiento de Pamplona en colaboraci\u00f3n con la Federaci\u00f3n de Teatro Amateur de Navarra y el Ayuntamiento de Huarte, este festival quiere mostrar los montajes y el trabajo de los grupos de teatro amateur de la Comunidad Foral d\u00e1ndoles la opci\u00f3n de presentar ante el p\u00fablico los montajes que preparan.<\/p>\n<p>En Civivox Mendillorri actuar\u00e1n el Grupo Alhama de Teatro de Corella, con la obra \u2018Cosas de mujeres\u2019 (viernes 5 de febrero), Gabalzeka de Tafalla, con \u2018El escenario del crimen\u2019 (viernes 12 de febrero), La Trapera, de Peralta, con \u2018Tartufo o el impostor\u2019, de Moli\u00e8re (viernes 19 de febrero), y Kromlech, de Huarte, con \u2018De cama en cama\u2019, de Javier Brians\u00f3 (viernes 26 de febrero).<\/p>\n<p>Al escenario de la Casa de Cultura de Huarte se subir\u00e1n el grupo \u2018Aqu\u00ed hay madera\u2019, de Pamplona, con la obra \u2018Peque\u00f1os cr\u00edmenes conyugales\u2019 (s\u00e1bado 6 de febrero), el grupo Araparana, de Dicastillo, con \u2018Tres sombreros de copa\u2019 (s\u00e1bado 13 de febrero), el grupo El Bardo, de Villava, con \u2018La taberna fant\u00e1stica\u2019 (s\u00e1bado 20 de febrero) y el grupo Zarrapastra, de Pamplona, con \u2018Urtsua\u2019 (s\u00e1bado 27 de febrero).<\/p>\n<p>&nbsp;<\/p>\n<p><strong>Esc\u00e9nica Navarra. VI Festival de Teatro Amateur<\/strong><\/p>\n<p><strong>Espect\u00e1culos en Civivox Mendillorri. 19.30 horas. Entradas: 3 euros<\/strong><\/p>\n<ul>\n<li>5 de febrero. Grupo Alhama de Teatro de Corella. \u2018Cosas de mujeres\u2019. Direcci\u00f3n: Rebeca Sanz Conde<\/li>\n<li>12 de febrero. Gabalzeka de Tafalla. \u2018El escenario del crimen\u2019. Direcci\u00f3n: Mkiel Mikeo<\/li>\n<li>19 de febrero. La Trapera, de Peralta. \u2018Tartufo o el impostor\u2019, de Moli\u00e8re. Direcci\u00f3n: Miguel Mun\u00e1rriz<\/li>\n<li>26 de febrero. Kromlech, de Huarte. \u2018De cama en cama\u2019, de Javier Brians\u00f3. Direcci\u00f3n: Montse Zabalza.<\/li>\n<\/ul>\n<p><strong>Espect\u00e1culos en Casa de Cultura de Huarte. 19.30 horas. Entradas: 4,10 euros<\/strong><\/p>\n<ul>\n<li>6 de febrero. \u2018Aqu\u00ed hay madera\u2019, de Pamplona. \u2018Peque\u00f1os cr\u00edmenes conyugales\u2019<\/li>\n<li>13 de febrero. Araparana, de Dicastillo. \u2018Tres sombreros de copa\u2019<\/li>\n<li>20 de febrero. El Bardo, de Villava. \u2018La taberna fant\u00e1stica\u2019<\/li>\n<li>27 de febrero. Zarrapastra, de Pamplona. \u2018Urtsua\u2019<\/li>\n<\/ul>\n<p>&nbsp;<\/p>\n","protected":false},"excerpt":{"rendered":"<p>Los viernes de febrero en civivox Mendillorri y los s\u00e1bados en Huarte actuar\u00e1n grupos de Tafalla, Peralta, Huarte, Pamplona, Dicastillo y Villava El VI Festival de teatro amateur Esc\u00e9nica Navarra&#8230;<\/p>\n","protected":false},"author":1,"featured_media":8721,"comment_status":"closed","ping_status":"closed","sticky":false,"template":"","format":"standard","meta":{"footnotes":""},"categories":[2],"tags":[5,7712,7713,6,509,8,9,345,7714,7711],"class_list":["post-8720","post","type-post","status-publish","format-standard","has-post-thumbnail","hentry","category-ayuntamiento-pamplona","tag-actualidad","tag-alhama-de-teatro-de-corella","tag-amateur","tag-ayto-pamplona","tag-ayuntamiento-de-pamplona","tag-noticias","tag-pamplona","tag-teatro","tag-vi-festival","tag-cosas-de-mujeres"],"yoast_head":"<!-- This site is optimized with the Yoast SEO plugin v27.5 - https:\/\/yoast.com\/product\/yoast-seo-wordpress\/ -->\n<title>Este viernes arranca el VI Festival de teatro amateur con \u2018Cosas de mujeres\u2019, del grupo Alhama de teatro de Corella<\/title>\n<meta name=\"robots\" content=\"index, follow, max-snippet:-1, max-image-preview:large, max-video-preview:-1\" \/>\n<link rel=\"canonical\" href=\"https:\/\/www.laguiadepamplona.com\/actualidad\/este-viernes-arranca-el-vi-festival-de-teatro-amateur-con-cosas-de-mujeres-del-grupo-alhama-de-teatro-de-corella\/\" \/>\n<meta property=\"og:locale\" content=\"es_ES\" \/>\n<meta property=\"og:type\" content=\"article\" \/>\n<meta property=\"og:title\" content=\"Este viernes arranca el VI Festival de teatro amateur con \u2018Cosas de mujeres\u2019, del grupo Alhama de teatro de Corella\" \/>\n<meta property=\"og:description\" content=\"Los viernes de febrero en civivox Mendillorri y los s\u00e1bados en Huarte actuar\u00e1n grupos de Tafalla, Peralta, Huarte, Pamplona, Dicastillo y Villava El VI Festival de teatro amateur Esc\u00e9nica Navarra...\" \/>\n<meta property=\"og:url\" content=\"https:\/\/www.laguiadepamplona.com\/actualidad\/este-viernes-arranca-el-vi-festival-de-teatro-amateur-con-cosas-de-mujeres-del-grupo-alhama-de-teatro-de-corella\/\" \/>\n<meta property=\"og:site_name\" content=\"La Gu\u00eda de Pamplona\" \/>\n<meta property=\"article:publisher\" content=\"https:\/\/www.facebook.com\/laguiadepamplonacom-133175176762273\/?ref=hl\" \/>\n<meta property=\"article:published_time\" content=\"2016-02-04T12:47:01+00:00\" \/>\n<meta name=\"author\" content=\"La Gu\u00eda de Pamplona\" \/>\n<meta name=\"twitter:card\" content=\"summary_large_image\" \/>\n<meta name=\"twitter:creator\" content=\"@LaGuiadPamplona\" \/>\n<meta name=\"twitter:site\" content=\"@LaGuiadPamplona\" \/>\n<meta name=\"twitter:label1\" content=\"Escrito por\" \/>\n\t<meta name=\"twitter:data1\" content=\"La Gu\u00eda de Pamplona\" \/>\n\t<meta name=\"twitter:label2\" content=\"Tiempo de lectura\" \/>\n\t<meta name=\"twitter:data2\" content=\"3 minutos\" \/>\n<script type=\"application\/ld+json\" class=\"yoast-schema-graph\">{\"@context\":\"https:\\\/\\\/schema.org\",\"@graph\":[{\"@type\":\"Article\",\"@id\":\"https:\\\/\\\/www.laguiadepamplona.com\\\/actualidad\\\/este-viernes-arranca-el-vi-festival-de-teatro-amateur-con-cosas-de-mujeres-del-grupo-alhama-de-teatro-de-corella\\\/#article\",\"isPartOf\":{\"@id\":\"https:\\\/\\\/www.laguiadepamplona.com\\\/actualidad\\\/este-viernes-arranca-el-vi-festival-de-teatro-amateur-con-cosas-de-mujeres-del-grupo-alhama-de-teatro-de-corella\\\/\"},\"author\":{\"name\":\"La Gu\u00eda de Pamplona\",\"@id\":\"https:\\\/\\\/www.laguiadepamplona.com\\\/actualidad\\\/#\\\/schema\\\/person\\\/efe887376f0213d4657c93adc50b1fdb\"},\"headline\":\"Este viernes arranca el VI Festival de teatro amateur con \u2018Cosas de mujeres\u2019, del grupo Alhama de teatro de Corella\",\"datePublished\":\"2016-02-04T12:47:01+00:00\",\"mainEntityOfPage\":{\"@id\":\"https:\\\/\\\/www.laguiadepamplona.com\\\/actualidad\\\/este-viernes-arranca-el-vi-festival-de-teatro-amateur-con-cosas-de-mujeres-del-grupo-alhama-de-teatro-de-corella\\\/\"},\"wordCount\":526,\"publisher\":{\"@id\":\"https:\\\/\\\/www.laguiadepamplona.com\\\/actualidad\\\/#organization\"},\"image\":{\"@id\":\"https:\\\/\\\/www.laguiadepamplona.com\\\/actualidad\\\/este-viernes-arranca-el-vi-festival-de-teatro-amateur-con-cosas-de-mujeres-del-grupo-alhama-de-teatro-de-corella\\\/#primaryimage\"},\"thumbnailUrl\":\"\",\"keywords\":[\"actualidad\",\"Alhama de teatro de Corella\",\"amateur\",\"ayto pamplona\",\"Ayuntamiento de Pamplona\",\"noticias\",\"pamplona\",\"teatro\",\"VI Festival\",\"\u2018Cosas de mujeres\u2019\"],\"articleSection\":[\"Ayto Pamplona\"],\"inLanguage\":\"es\"},{\"@type\":\"WebPage\",\"@id\":\"https:\\\/\\\/www.laguiadepamplona.com\\\/actualidad\\\/este-viernes-arranca-el-vi-festival-de-teatro-amateur-con-cosas-de-mujeres-del-grupo-alhama-de-teatro-de-corella\\\/\",\"url\":\"https:\\\/\\\/www.laguiadepamplona.com\\\/actualidad\\\/este-viernes-arranca-el-vi-festival-de-teatro-amateur-con-cosas-de-mujeres-del-grupo-alhama-de-teatro-de-corella\\\/\",\"name\":\"Este viernes arranca el VI Festival de teatro amateur con \u2018Cosas de mujeres\u2019, del grupo Alhama de teatro de Corella\",\"isPartOf\":{\"@id\":\"https:\\\/\\\/www.laguiadepamplona.com\\\/actualidad\\\/#website\"},\"primaryImageOfPage\":{\"@id\":\"https:\\\/\\\/www.laguiadepamplona.com\\\/actualidad\\\/este-viernes-arranca-el-vi-festival-de-teatro-amateur-con-cosas-de-mujeres-del-grupo-alhama-de-teatro-de-corella\\\/#primaryimage\"},\"image\":{\"@id\":\"https:\\\/\\\/www.laguiadepamplona.com\\\/actualidad\\\/este-viernes-arranca-el-vi-festival-de-teatro-amateur-con-cosas-de-mujeres-del-grupo-alhama-de-teatro-de-corella\\\/#primaryimage\"},\"thumbnailUrl\":\"\",\"datePublished\":\"2016-02-04T12:47:01+00:00\",\"breadcrumb\":{\"@id\":\"https:\\\/\\\/www.laguiadepamplona.com\\\/actualidad\\\/este-viernes-arranca-el-vi-festival-de-teatro-amateur-con-cosas-de-mujeres-del-grupo-alhama-de-teatro-de-corella\\\/#breadcrumb\"},\"inLanguage\":\"es\",\"potentialAction\":[{\"@type\":\"ReadAction\",\"target\":[\"https:\\\/\\\/www.laguiadepamplona.com\\\/actualidad\\\/este-viernes-arranca-el-vi-festival-de-teatro-amateur-con-cosas-de-mujeres-del-grupo-alhama-de-teatro-de-corella\\\/\"]}]},{\"@type\":\"ImageObject\",\"inLanguage\":\"es\",\"@id\":\"https:\\\/\\\/www.laguiadepamplona.com\\\/actualidad\\\/este-viernes-arranca-el-vi-festival-de-teatro-amateur-con-cosas-de-mujeres-del-grupo-alhama-de-teatro-de-corella\\\/#primaryimage\",\"url\":\"\",\"contentUrl\":\"\"},{\"@type\":\"BreadcrumbList\",\"@id\":\"https:\\\/\\\/www.laguiadepamplona.com\\\/actualidad\\\/este-viernes-arranca-el-vi-festival-de-teatro-amateur-con-cosas-de-mujeres-del-grupo-alhama-de-teatro-de-corella\\\/#breadcrumb\",\"itemListElement\":[{\"@type\":\"ListItem\",\"position\":1,\"name\":\"Portada\",\"item\":\"https:\\\/\\\/www.laguiadepamplona.com\\\/actualidad\\\/\"},{\"@type\":\"ListItem\",\"position\":2,\"name\":\"Este viernes arranca el VI Festival de teatro amateur con \u2018Cosas de mujeres\u2019, del grupo Alhama de teatro de Corella\"}]},{\"@type\":\"WebSite\",\"@id\":\"https:\\\/\\\/www.laguiadepamplona.com\\\/actualidad\\\/#website\",\"url\":\"https:\\\/\\\/www.laguiadepamplona.com\\\/actualidad\\\/\",\"name\":\"La gu\u00eda de Pamplona\",\"description\":\"Noticias de Pamplona\",\"publisher\":{\"@id\":\"https:\\\/\\\/www.laguiadepamplona.com\\\/actualidad\\\/#organization\"},\"potentialAction\":[{\"@type\":\"SearchAction\",\"target\":{\"@type\":\"EntryPoint\",\"urlTemplate\":\"https:\\\/\\\/www.laguiadepamplona.com\\\/actualidad\\\/?s={search_term_string}\"},\"query-input\":{\"@type\":\"PropertyValueSpecification\",\"valueRequired\":true,\"valueName\":\"search_term_string\"}}],\"inLanguage\":\"es\"},{\"@type\":\"Organization\",\"@id\":\"https:\\\/\\\/www.laguiadepamplona.com\\\/actualidad\\\/#organization\",\"name\":\"La Gu\u00eda de Pamplona \\\/ Noticias\",\"url\":\"https:\\\/\\\/www.laguiadepamplona.com\\\/actualidad\\\/\",\"logo\":{\"@type\":\"ImageObject\",\"inLanguage\":\"es\",\"@id\":\"https:\\\/\\\/www.laguiadepamplona.com\\\/actualidad\\\/#\\\/schema\\\/logo\\\/image\\\/\",\"url\":\"https:\\\/\\\/www.laguiadepamplona.com\\\/actualidad\\\/wp-content\\\/uploads\\\/2018\\\/11\\\/logo-laguiadepamplona18-web1.png\",\"contentUrl\":\"https:\\\/\\\/www.laguiadepamplona.com\\\/actualidad\\\/wp-content\\\/uploads\\\/2018\\\/11\\\/logo-laguiadepamplona18-web1.png\",\"width\":600,\"height\":196,\"caption\":\"La Gu\u00eda de Pamplona \\\/ Noticias\"},\"image\":{\"@id\":\"https:\\\/\\\/www.laguiadepamplona.com\\\/actualidad\\\/#\\\/schema\\\/logo\\\/image\\\/\"},\"sameAs\":[\"https:\\\/\\\/www.facebook.com\\\/laguiadepamplonacom-133175176762273\\\/?ref=hl\",\"https:\\\/\\\/x.com\\\/LaGuiadPamplona\",\"https:\\\/\\\/www.instagram.com\\\/la_guia_de_pamplona\\\/\",\"https:\\\/\\\/www.youtube.com\\\/user\\\/laguiadepamplona\"]},{\"@type\":\"Person\",\"@id\":\"https:\\\/\\\/www.laguiadepamplona.com\\\/actualidad\\\/#\\\/schema\\\/person\\\/efe887376f0213d4657c93adc50b1fdb\",\"name\":\"La Gu\u00eda de Pamplona\",\"image\":{\"@type\":\"ImageObject\",\"inLanguage\":\"es\",\"@id\":\"https:\\\/\\\/secure.gravatar.com\\\/avatar\\\/b6992f131dc8d30ab0dff15446e9d346d9dbd95992de0fef795073f5ea83a81c?s=96&d=mm&r=g\",\"url\":\"https:\\\/\\\/secure.gravatar.com\\\/avatar\\\/b6992f131dc8d30ab0dff15446e9d346d9dbd95992de0fef795073f5ea83a81c?s=96&d=mm&r=g\",\"contentUrl\":\"https:\\\/\\\/secure.gravatar.com\\\/avatar\\\/b6992f131dc8d30ab0dff15446e9d346d9dbd95992de0fef795073f5ea83a81c?s=96&d=mm&r=g\",\"caption\":\"La Gu\u00eda de Pamplona\"}}]}<\/script>\n<!-- \/ Yoast SEO plugin. -->","yoast_head_json":{"title":"Este viernes arranca el VI Festival de teatro amateur con \u2018Cosas de mujeres\u2019, del grupo Alhama de teatro de Corella","robots":{"index":"index","follow":"follow","max-snippet":"max-snippet:-1","max-image-preview":"max-image-preview:large","max-video-preview":"max-video-preview:-1"},"canonical":"https:\/\/www.laguiadepamplona.com\/actualidad\/este-viernes-arranca-el-vi-festival-de-teatro-amateur-con-cosas-de-mujeres-del-grupo-alhama-de-teatro-de-corella\/","og_locale":"es_ES","og_type":"article","og_title":"Este viernes arranca el VI Festival de teatro amateur con \u2018Cosas de mujeres\u2019, del grupo Alhama de teatro de Corella","og_description":"Los viernes de febrero en civivox Mendillorri y los s\u00e1bados en Huarte actuar\u00e1n grupos de Tafalla, Peralta, Huarte, Pamplona, Dicastillo y Villava El VI Festival de teatro amateur Esc\u00e9nica Navarra...","og_url":"https:\/\/www.laguiadepamplona.com\/actualidad\/este-viernes-arranca-el-vi-festival-de-teatro-amateur-con-cosas-de-mujeres-del-grupo-alhama-de-teatro-de-corella\/","og_site_name":"La Gu\u00eda de Pamplona","article_publisher":"https:\/\/www.facebook.com\/laguiadepamplonacom-133175176762273\/?ref=hl","article_published_time":"2016-02-04T12:47:01+00:00","author":"La Gu\u00eda de Pamplona","twitter_card":"summary_large_image","twitter_creator":"@LaGuiadPamplona","twitter_site":"@LaGuiadPamplona","twitter_misc":{"Escrito por":"La Gu\u00eda de Pamplona","Tiempo de lectura":"3 minutos"},"schema":{"@context":"https:\/\/schema.org","@graph":[{"@type":"Article","@id":"https:\/\/www.laguiadepamplona.com\/actualidad\/este-viernes-arranca-el-vi-festival-de-teatro-amateur-con-cosas-de-mujeres-del-grupo-alhama-de-teatro-de-corella\/#article","isPartOf":{"@id":"https:\/\/www.laguiadepamplona.com\/actualidad\/este-viernes-arranca-el-vi-festival-de-teatro-amateur-con-cosas-de-mujeres-del-grupo-alhama-de-teatro-de-corella\/"},"author":{"name":"La Gu\u00eda de Pamplona","@id":"https:\/\/www.laguiadepamplona.com\/actualidad\/#\/schema\/person\/efe887376f0213d4657c93adc50b1fdb"},"headline":"Este viernes arranca el VI Festival de teatro amateur con \u2018Cosas de mujeres\u2019, del grupo Alhama de teatro de Corella","datePublished":"2016-02-04T12:47:01+00:00","mainEntityOfPage":{"@id":"https:\/\/www.laguiadepamplona.com\/actualidad\/este-viernes-arranca-el-vi-festival-de-teatro-amateur-con-cosas-de-mujeres-del-grupo-alhama-de-teatro-de-corella\/"},"wordCount":526,"publisher":{"@id":"https:\/\/www.laguiadepamplona.com\/actualidad\/#organization"},"image":{"@id":"https:\/\/www.laguiadepamplona.com\/actualidad\/este-viernes-arranca-el-vi-festival-de-teatro-amateur-con-cosas-de-mujeres-del-grupo-alhama-de-teatro-de-corella\/#primaryimage"},"thumbnailUrl":"","keywords":["actualidad","Alhama de teatro de Corella","amateur","ayto pamplona","Ayuntamiento de Pamplona","noticias","pamplona","teatro","VI Festival","\u2018Cosas de mujeres\u2019"],"articleSection":["Ayto Pamplona"],"inLanguage":"es"},{"@type":"WebPage","@id":"https:\/\/www.laguiadepamplona.com\/actualidad\/este-viernes-arranca-el-vi-festival-de-teatro-amateur-con-cosas-de-mujeres-del-grupo-alhama-de-teatro-de-corella\/","url":"https:\/\/www.laguiadepamplona.com\/actualidad\/este-viernes-arranca-el-vi-festival-de-teatro-amateur-con-cosas-de-mujeres-del-grupo-alhama-de-teatro-de-corella\/","name":"Este viernes arranca el VI Festival de teatro amateur con \u2018Cosas de mujeres\u2019, del grupo Alhama de teatro de Corella","isPartOf":{"@id":"https:\/\/www.laguiadepamplona.com\/actualidad\/#website"},"primaryImageOfPage":{"@id":"https:\/\/www.laguiadepamplona.com\/actualidad\/este-viernes-arranca-el-vi-festival-de-teatro-amateur-con-cosas-de-mujeres-del-grupo-alhama-de-teatro-de-corella\/#primaryimage"},"image":{"@id":"https:\/\/www.laguiadepamplona.com\/actualidad\/este-viernes-arranca-el-vi-festival-de-teatro-amateur-con-cosas-de-mujeres-del-grupo-alhama-de-teatro-de-corella\/#primaryimage"},"thumbnailUrl":"","datePublished":"2016-02-04T12:47:01+00:00","breadcrumb":{"@id":"https:\/\/www.laguiadepamplona.com\/actualidad\/este-viernes-arranca-el-vi-festival-de-teatro-amateur-con-cosas-de-mujeres-del-grupo-alhama-de-teatro-de-corella\/#breadcrumb"},"inLanguage":"es","potentialAction":[{"@type":"ReadAction","target":["https:\/\/www.laguiadepamplona.com\/actualidad\/este-viernes-arranca-el-vi-festival-de-teatro-amateur-con-cosas-de-mujeres-del-grupo-alhama-de-teatro-de-corella\/"]}]},{"@type":"ImageObject","inLanguage":"es","@id":"https:\/\/www.laguiadepamplona.com\/actualidad\/este-viernes-arranca-el-vi-festival-de-teatro-amateur-con-cosas-de-mujeres-del-grupo-alhama-de-teatro-de-corella\/#primaryimage","url":"","contentUrl":""},{"@type":"BreadcrumbList","@id":"https:\/\/www.laguiadepamplona.com\/actualidad\/este-viernes-arranca-el-vi-festival-de-teatro-amateur-con-cosas-de-mujeres-del-grupo-alhama-de-teatro-de-corella\/#breadcrumb","itemListElement":[{"@type":"ListItem","position":1,"name":"Portada","item":"https:\/\/www.laguiadepamplona.com\/actualidad\/"},{"@type":"ListItem","position":2,"name":"Este viernes arranca el VI Festival de teatro amateur con \u2018Cosas de mujeres\u2019, del grupo Alhama de teatro de Corella"}]},{"@type":"WebSite","@id":"https:\/\/www.laguiadepamplona.com\/actualidad\/#website","url":"https:\/\/www.laguiadepamplona.com\/actualidad\/","name":"La gu\u00eda de Pamplona","description":"Noticias de Pamplona","publisher":{"@id":"https:\/\/www.laguiadepamplona.com\/actualidad\/#organization"},"potentialAction":[{"@type":"SearchAction","target":{"@type":"EntryPoint","urlTemplate":"https:\/\/www.laguiadepamplona.com\/actualidad\/?s={search_term_string}"},"query-input":{"@type":"PropertyValueSpecification","valueRequired":true,"valueName":"search_term_string"}}],"inLanguage":"es"},{"@type":"Organization","@id":"https:\/\/www.laguiadepamplona.com\/actualidad\/#organization","name":"La Gu\u00eda de Pamplona \/ Noticias","url":"https:\/\/www.laguiadepamplona.com\/actualidad\/","logo":{"@type":"ImageObject","inLanguage":"es","@id":"https:\/\/www.laguiadepamplona.com\/actualidad\/#\/schema\/logo\/image\/","url":"https:\/\/www.laguiadepamplona.com\/actualidad\/wp-content\/uploads\/2018\/11\/logo-laguiadepamplona18-web1.png","contentUrl":"https:\/\/www.laguiadepamplona.com\/actualidad\/wp-content\/uploads\/2018\/11\/logo-laguiadepamplona18-web1.png","width":600,"height":196,"caption":"La Gu\u00eda de Pamplona \/ Noticias"},"image":{"@id":"https:\/\/www.laguiadepamplona.com\/actualidad\/#\/schema\/logo\/image\/"},"sameAs":["https:\/\/www.facebook.com\/laguiadepamplonacom-133175176762273\/?ref=hl","https:\/\/x.com\/LaGuiadPamplona","https:\/\/www.instagram.com\/la_guia_de_pamplona\/","https:\/\/www.youtube.com\/user\/laguiadepamplona"]},{"@type":"Person","@id":"https:\/\/www.laguiadepamplona.com\/actualidad\/#\/schema\/person\/efe887376f0213d4657c93adc50b1fdb","name":"La Gu\u00eda de Pamplona","image":{"@type":"ImageObject","inLanguage":"es","@id":"https:\/\/secure.gravatar.com\/avatar\/b6992f131dc8d30ab0dff15446e9d346d9dbd95992de0fef795073f5ea83a81c?s=96&d=mm&r=g","url":"https:\/\/secure.gravatar.com\/avatar\/b6992f131dc8d30ab0dff15446e9d346d9dbd95992de0fef795073f5ea83a81c?s=96&d=mm&r=g","contentUrl":"https:\/\/secure.gravatar.com\/avatar\/b6992f131dc8d30ab0dff15446e9d346d9dbd95992de0fef795073f5ea83a81c?s=96&d=mm&r=g","caption":"La Gu\u00eda de Pamplona"}}]}},"post_mailing_queue_ids":[],"_links":{"self":[{"href":"https:\/\/www.laguiadepamplona.com\/actualidad\/wp-json\/wp\/v2\/posts\/8720","targetHints":{"allow":["GET"]}}],"collection":[{"href":"https:\/\/www.laguiadepamplona.com\/actualidad\/wp-json\/wp\/v2\/posts"}],"about":[{"href":"https:\/\/www.laguiadepamplona.com\/actualidad\/wp-json\/wp\/v2\/types\/post"}],"author":[{"embeddable":true,"href":"https:\/\/www.laguiadepamplona.com\/actualidad\/wp-json\/wp\/v2\/users\/1"}],"replies":[{"embeddable":true,"href":"https:\/\/www.laguiadepamplona.com\/actualidad\/wp-json\/wp\/v2\/comments?post=8720"}],"version-history":[{"count":0,"href":"https:\/\/www.laguiadepamplona.com\/actualidad\/wp-json\/wp\/v2\/posts\/8720\/revisions"}],"wp:featuredmedia":[{"embeddable":true,"href":"https:\/\/www.laguiadepamplona.com\/actualidad\/wp-json\/"}],"wp:attachment":[{"href":"https:\/\/www.laguiadepamplona.com\/actualidad\/wp-json\/wp\/v2\/media?parent=8720"}],"wp:term":[{"taxonomy":"category","embeddable":true,"href":"https:\/\/www.laguiadepamplona.com\/actualidad\/wp-json\/wp\/v2\/categories?post=8720"},{"taxonomy":"post_tag","embeddable":true,"href":"https:\/\/www.laguiadepamplona.com\/actualidad\/wp-json\/wp\/v2\/tags?post=8720"}],"curies":[{"name":"wp","href":"https:\/\/api.w.org\/{rel}","templated":true}]}}