{"id":871,"date":"2014-03-24T11:58:01","date_gmt":"2014-03-24T10:58:01","guid":{"rendered":"http:\/\/laguiadepamplona.es\/noticias\/?p=871"},"modified":"2014-03-24T11:58:01","modified_gmt":"2014-03-24T10:58:01","slug":"las-banderas-de-la-casa-consistorial-ondean-a-media-asta-en-senal-de-luto-por-la-muerte-ayer-de-adolfo-suarez","status":"publish","type":"post","link":"https:\/\/www.laguiadepamplona.com\/actualidad\/las-banderas-de-la-casa-consistorial-ondean-a-media-asta-en-senal-de-luto-por-la-muerte-ayer-de-adolfo-suarez\/","title":{"rendered":"Las banderas de la Casa Consistorial ondean a media asta en se\u00f1al de luto por la muerte ayer de Adolfo Su\u00e1rez"},"content":{"rendered":"<h6>El Gobierno de Espa\u00f1a ha decretado tres d\u00edas de luto oficial en el pa\u00eds tras el fallecimiento en Madrid del primer presidente de la democracia<\/h6>\n<p><a href=\"http:\/\/laguiadepamplona.es\/noticias\/wp-content\/uploads\/2014\/01\/01_Pamplona.jpg\"><img loading=\"lazy\" decoding=\"async\" class=\"alignleft size-medium wp-image-113\" alt=\"01_Pamplona\" src=\"http:\/\/laguiadepamplona.es\/noticias\/wp-content\/uploads\/2014\/01\/01_Pamplona-300x225.jpg\" width=\"300\" height=\"225\" \/><\/a>El Ayuntamiento de Pamplona se ha sumado a los tres d\u00edas de luto oficial decretados por el Gobierno de Espa\u00f1a tras la muerte ayer en Madrid del primer presidente de la democracia en Espa\u00f1a, Adolfo Su\u00e1rez. Por ello, desde esta pasada medianoche las banderas de la Casa Consistorial ondean a media asta.<\/p>\n<p>El Bolet\u00edn Oficial del Estado publica hoy lunes el Real Decreto \u201cpor el que se declara luto oficial con motivo del fallecimiento del excelent\u00edsimo se\u00f1or don Adolfo Su\u00e1rez Gonz\u00e1lez, Presidente del Gobierno y duque de Su\u00e1rez\u201d. \u201cSe declara luto oficial desde las 0 horas del d\u00eda 24 de marzo hasta las 24 horas del d\u00eda 26 de marzo, durante los cuales la bandera nacional ondear\u00e1 a media asta en todos los edificios p\u00fablicos y buques de la Armada\u201d.<\/p>\n","protected":false},"excerpt":{"rendered":"<p>El Gobierno de Espa\u00f1a ha decretado tres d\u00edas de luto oficial en el pa\u00eds tras el fallecimiento en Madrid del primer presidente de la democracia El Ayuntamiento de Pamplona se&#8230;<\/p>\n","protected":false},"author":1,"featured_media":113,"comment_status":"open","ping_status":"open","sticky":false,"template":"","format":"standard","meta":{"footnotes":""},"categories":[2],"tags":[5,536,6,537,538,8,9],"class_list":["post-871","post","type-post","status-publish","format-standard","has-post-thumbnail","hentry","category-ayuntamiento-pamplona","tag-actualidad","tag-adolfo-suarez","tag-ayto-pamplona","tag-banderas","tag-media-asta","tag-noticias","tag-pamplona"],"yoast_head":"<!-- This site is optimized with the Yoast SEO plugin v27.5 - https:\/\/yoast.com\/product\/yoast-seo-wordpress\/ -->\n<title>Las banderas de la Casa Consistorial ondean a media asta en se\u00f1al de luto por la muerte ayer de Adolfo Su\u00e1rez<\/title>\n<meta name=\"robots\" content=\"index, follow, max-snippet:-1, max-image-preview:large, max-video-preview:-1\" \/>\n<link rel=\"canonical\" href=\"https:\/\/www.laguiadepamplona.com\/actualidad\/las-banderas-de-la-casa-consistorial-ondean-a-media-asta-en-senal-de-luto-por-la-muerte-ayer-de-adolfo-suarez\/\" \/>\n<meta property=\"og:locale\" content=\"es_ES\" \/>\n<meta property=\"og:type\" content=\"article\" \/>\n<meta property=\"og:title\" content=\"Las banderas de la Casa Consistorial ondean a media asta en se\u00f1al de luto por la muerte ayer de Adolfo Su\u00e1rez\" \/>\n<meta property=\"og:description\" content=\"El Gobierno de Espa\u00f1a ha decretado tres d\u00edas de luto oficial en el pa\u00eds tras el fallecimiento en Madrid del primer presidente de la democracia El Ayuntamiento de Pamplona se...\" \/>\n<meta property=\"og:url\" content=\"https:\/\/www.laguiadepamplona.com\/actualidad\/las-banderas-de-la-casa-consistorial-ondean-a-media-asta-en-senal-de-luto-por-la-muerte-ayer-de-adolfo-suarez\/\" \/>\n<meta property=\"og:site_name\" content=\"La Gu\u00eda de Pamplona\" \/>\n<meta property=\"article:publisher\" content=\"https:\/\/www.facebook.com\/laguiadepamplonacom-133175176762273\/?ref=hl\" \/>\n<meta property=\"article:published_time\" content=\"2014-03-24T10:58:01+00:00\" \/>\n<meta name=\"author\" content=\"La Gu\u00eda de Pamplona\" \/>\n<meta name=\"twitter:card\" content=\"summary_large_image\" \/>\n<meta name=\"twitter:creator\" content=\"@LaGuiadPamplona\" \/>\n<meta name=\"twitter:site\" content=\"@LaGuiadPamplona\" \/>\n<meta name=\"twitter:label1\" content=\"Escrito por\" \/>\n\t<meta name=\"twitter:data1\" content=\"La Gu\u00eda de Pamplona\" \/>\n\t<meta name=\"twitter:label2\" content=\"Tiempo de lectura\" \/>\n\t<meta name=\"twitter:data2\" content=\"1 minuto\" \/>\n<script type=\"application\/ld+json\" class=\"yoast-schema-graph\">{\"@context\":\"https:\\\/\\\/schema.org\",\"@graph\":[{\"@type\":\"Article\",\"@id\":\"https:\\\/\\\/www.laguiadepamplona.com\\\/actualidad\\\/las-banderas-de-la-casa-consistorial-ondean-a-media-asta-en-senal-de-luto-por-la-muerte-ayer-de-adolfo-suarez\\\/#article\",\"isPartOf\":{\"@id\":\"https:\\\/\\\/www.laguiadepamplona.com\\\/actualidad\\\/las-banderas-de-la-casa-consistorial-ondean-a-media-asta-en-senal-de-luto-por-la-muerte-ayer-de-adolfo-suarez\\\/\"},\"author\":{\"name\":\"La Gu\u00eda de Pamplona\",\"@id\":\"https:\\\/\\\/www.laguiadepamplona.com\\\/actualidad\\\/#\\\/schema\\\/person\\\/efe887376f0213d4657c93adc50b1fdb\"},\"headline\":\"Las banderas de la Casa Consistorial ondean a media asta en se\u00f1al de luto por la muerte ayer de Adolfo Su\u00e1rez\",\"datePublished\":\"2014-03-24T10:58:01+00:00\",\"mainEntityOfPage\":{\"@id\":\"https:\\\/\\\/www.laguiadepamplona.com\\\/actualidad\\\/las-banderas-de-la-casa-consistorial-ondean-a-media-asta-en-senal-de-luto-por-la-muerte-ayer-de-adolfo-suarez\\\/\"},\"wordCount\":190,\"commentCount\":0,\"publisher\":{\"@id\":\"https:\\\/\\\/www.laguiadepamplona.com\\\/actualidad\\\/#organization\"},\"image\":{\"@id\":\"https:\\\/\\\/www.laguiadepamplona.com\\\/actualidad\\\/las-banderas-de-la-casa-consistorial-ondean-a-media-asta-en-senal-de-luto-por-la-muerte-ayer-de-adolfo-suarez\\\/#primaryimage\"},\"thumbnailUrl\":\"\",\"keywords\":[\"actualidad\",\"Adolfo Su\u00e1rez\",\"ayto pamplona\",\"banderas\",\"media asta\",\"noticias\",\"pamplona\"],\"articleSection\":[\"Ayto Pamplona\"],\"inLanguage\":\"es\",\"potentialAction\":[{\"@type\":\"CommentAction\",\"name\":\"Comment\",\"target\":[\"https:\\\/\\\/www.laguiadepamplona.com\\\/actualidad\\\/las-banderas-de-la-casa-consistorial-ondean-a-media-asta-en-senal-de-luto-por-la-muerte-ayer-de-adolfo-suarez\\\/#respond\"]}]},{\"@type\":\"WebPage\",\"@id\":\"https:\\\/\\\/www.laguiadepamplona.com\\\/actualidad\\\/las-banderas-de-la-casa-consistorial-ondean-a-media-asta-en-senal-de-luto-por-la-muerte-ayer-de-adolfo-suarez\\\/\",\"url\":\"https:\\\/\\\/www.laguiadepamplona.com\\\/actualidad\\\/las-banderas-de-la-casa-consistorial-ondean-a-media-asta-en-senal-de-luto-por-la-muerte-ayer-de-adolfo-suarez\\\/\",\"name\":\"Las banderas de la Casa Consistorial ondean a media asta en se\u00f1al de luto por la muerte ayer de Adolfo Su\u00e1rez\",\"isPartOf\":{\"@id\":\"https:\\\/\\\/www.laguiadepamplona.com\\\/actualidad\\\/#website\"},\"primaryImageOfPage\":{\"@id\":\"https:\\\/\\\/www.laguiadepamplona.com\\\/actualidad\\\/las-banderas-de-la-casa-consistorial-ondean-a-media-asta-en-senal-de-luto-por-la-muerte-ayer-de-adolfo-suarez\\\/#primaryimage\"},\"image\":{\"@id\":\"https:\\\/\\\/www.laguiadepamplona.com\\\/actualidad\\\/las-banderas-de-la-casa-consistorial-ondean-a-media-asta-en-senal-de-luto-por-la-muerte-ayer-de-adolfo-suarez\\\/#primaryimage\"},\"thumbnailUrl\":\"\",\"datePublished\":\"2014-03-24T10:58:01+00:00\",\"breadcrumb\":{\"@id\":\"https:\\\/\\\/www.laguiadepamplona.com\\\/actualidad\\\/las-banderas-de-la-casa-consistorial-ondean-a-media-asta-en-senal-de-luto-por-la-muerte-ayer-de-adolfo-suarez\\\/#breadcrumb\"},\"inLanguage\":\"es\",\"potentialAction\":[{\"@type\":\"ReadAction\",\"target\":[\"https:\\\/\\\/www.laguiadepamplona.com\\\/actualidad\\\/las-banderas-de-la-casa-consistorial-ondean-a-media-asta-en-senal-de-luto-por-la-muerte-ayer-de-adolfo-suarez\\\/\"]}]},{\"@type\":\"ImageObject\",\"inLanguage\":\"es\",\"@id\":\"https:\\\/\\\/www.laguiadepamplona.com\\\/actualidad\\\/las-banderas-de-la-casa-consistorial-ondean-a-media-asta-en-senal-de-luto-por-la-muerte-ayer-de-adolfo-suarez\\\/#primaryimage\",\"url\":\"\",\"contentUrl\":\"\"},{\"@type\":\"BreadcrumbList\",\"@id\":\"https:\\\/\\\/www.laguiadepamplona.com\\\/actualidad\\\/las-banderas-de-la-casa-consistorial-ondean-a-media-asta-en-senal-de-luto-por-la-muerte-ayer-de-adolfo-suarez\\\/#breadcrumb\",\"itemListElement\":[{\"@type\":\"ListItem\",\"position\":1,\"name\":\"Portada\",\"item\":\"https:\\\/\\\/www.laguiadepamplona.com\\\/actualidad\\\/\"},{\"@type\":\"ListItem\",\"position\":2,\"name\":\"Las banderas de la Casa Consistorial ondean a media asta en se\u00f1al de luto por la muerte ayer de Adolfo Su\u00e1rez\"}]},{\"@type\":\"WebSite\",\"@id\":\"https:\\\/\\\/www.laguiadepamplona.com\\\/actualidad\\\/#website\",\"url\":\"https:\\\/\\\/www.laguiadepamplona.com\\\/actualidad\\\/\",\"name\":\"La gu\u00eda de Pamplona\",\"description\":\"Noticias de Pamplona\",\"publisher\":{\"@id\":\"https:\\\/\\\/www.laguiadepamplona.com\\\/actualidad\\\/#organization\"},\"potentialAction\":[{\"@type\":\"SearchAction\",\"target\":{\"@type\":\"EntryPoint\",\"urlTemplate\":\"https:\\\/\\\/www.laguiadepamplona.com\\\/actualidad\\\/?s={search_term_string}\"},\"query-input\":{\"@type\":\"PropertyValueSpecification\",\"valueRequired\":true,\"valueName\":\"search_term_string\"}}],\"inLanguage\":\"es\"},{\"@type\":\"Organization\",\"@id\":\"https:\\\/\\\/www.laguiadepamplona.com\\\/actualidad\\\/#organization\",\"name\":\"La Gu\u00eda de Pamplona \\\/ Noticias\",\"url\":\"https:\\\/\\\/www.laguiadepamplona.com\\\/actualidad\\\/\",\"logo\":{\"@type\":\"ImageObject\",\"inLanguage\":\"es\",\"@id\":\"https:\\\/\\\/www.laguiadepamplona.com\\\/actualidad\\\/#\\\/schema\\\/logo\\\/image\\\/\",\"url\":\"https:\\\/\\\/www.laguiadepamplona.com\\\/actualidad\\\/wp-content\\\/uploads\\\/2018\\\/11\\\/logo-laguiadepamplona18-web1.png\",\"contentUrl\":\"https:\\\/\\\/www.laguiadepamplona.com\\\/actualidad\\\/wp-content\\\/uploads\\\/2018\\\/11\\\/logo-laguiadepamplona18-web1.png\",\"width\":600,\"height\":196,\"caption\":\"La Gu\u00eda de Pamplona \\\/ Noticias\"},\"image\":{\"@id\":\"https:\\\/\\\/www.laguiadepamplona.com\\\/actualidad\\\/#\\\/schema\\\/logo\\\/image\\\/\"},\"sameAs\":[\"https:\\\/\\\/www.facebook.com\\\/laguiadepamplonacom-133175176762273\\\/?ref=hl\",\"https:\\\/\\\/x.com\\\/LaGuiadPamplona\",\"https:\\\/\\\/www.instagram.com\\\/la_guia_de_pamplona\\\/\",\"https:\\\/\\\/www.youtube.com\\\/user\\\/laguiadepamplona\"]},{\"@type\":\"Person\",\"@id\":\"https:\\\/\\\/www.laguiadepamplona.com\\\/actualidad\\\/#\\\/schema\\\/person\\\/efe887376f0213d4657c93adc50b1fdb\",\"name\":\"La Gu\u00eda de Pamplona\",\"image\":{\"@type\":\"ImageObject\",\"inLanguage\":\"es\",\"@id\":\"https:\\\/\\\/secure.gravatar.com\\\/avatar\\\/b6992f131dc8d30ab0dff15446e9d346d9dbd95992de0fef795073f5ea83a81c?s=96&d=mm&r=g\",\"url\":\"https:\\\/\\\/secure.gravatar.com\\\/avatar\\\/b6992f131dc8d30ab0dff15446e9d346d9dbd95992de0fef795073f5ea83a81c?s=96&d=mm&r=g\",\"contentUrl\":\"https:\\\/\\\/secure.gravatar.com\\\/avatar\\\/b6992f131dc8d30ab0dff15446e9d346d9dbd95992de0fef795073f5ea83a81c?s=96&d=mm&r=g\",\"caption\":\"La Gu\u00eda de Pamplona\"}}]}<\/script>\n<!-- \/ Yoast SEO plugin. -->","yoast_head_json":{"title":"Las banderas de la Casa Consistorial ondean a media asta en se\u00f1al de luto por la muerte ayer de Adolfo Su\u00e1rez","robots":{"index":"index","follow":"follow","max-snippet":"max-snippet:-1","max-image-preview":"max-image-preview:large","max-video-preview":"max-video-preview:-1"},"canonical":"https:\/\/www.laguiadepamplona.com\/actualidad\/las-banderas-de-la-casa-consistorial-ondean-a-media-asta-en-senal-de-luto-por-la-muerte-ayer-de-adolfo-suarez\/","og_locale":"es_ES","og_type":"article","og_title":"Las banderas de la Casa Consistorial ondean a media asta en se\u00f1al de luto por la muerte ayer de Adolfo Su\u00e1rez","og_description":"El Gobierno de Espa\u00f1a ha decretado tres d\u00edas de luto oficial en el pa\u00eds tras el fallecimiento en Madrid del primer presidente de la democracia El Ayuntamiento de Pamplona se...","og_url":"https:\/\/www.laguiadepamplona.com\/actualidad\/las-banderas-de-la-casa-consistorial-ondean-a-media-asta-en-senal-de-luto-por-la-muerte-ayer-de-adolfo-suarez\/","og_site_name":"La Gu\u00eda de Pamplona","article_publisher":"https:\/\/www.facebook.com\/laguiadepamplonacom-133175176762273\/?ref=hl","article_published_time":"2014-03-24T10:58:01+00:00","author":"La Gu\u00eda de Pamplona","twitter_card":"summary_large_image","twitter_creator":"@LaGuiadPamplona","twitter_site":"@LaGuiadPamplona","twitter_misc":{"Escrito por":"La Gu\u00eda de Pamplona","Tiempo de lectura":"1 minuto"},"schema":{"@context":"https:\/\/schema.org","@graph":[{"@type":"Article","@id":"https:\/\/www.laguiadepamplona.com\/actualidad\/las-banderas-de-la-casa-consistorial-ondean-a-media-asta-en-senal-de-luto-por-la-muerte-ayer-de-adolfo-suarez\/#article","isPartOf":{"@id":"https:\/\/www.laguiadepamplona.com\/actualidad\/las-banderas-de-la-casa-consistorial-ondean-a-media-asta-en-senal-de-luto-por-la-muerte-ayer-de-adolfo-suarez\/"},"author":{"name":"La Gu\u00eda de Pamplona","@id":"https:\/\/www.laguiadepamplona.com\/actualidad\/#\/schema\/person\/efe887376f0213d4657c93adc50b1fdb"},"headline":"Las banderas de la Casa Consistorial ondean a media asta en se\u00f1al de luto por la muerte ayer de Adolfo Su\u00e1rez","datePublished":"2014-03-24T10:58:01+00:00","mainEntityOfPage":{"@id":"https:\/\/www.laguiadepamplona.com\/actualidad\/las-banderas-de-la-casa-consistorial-ondean-a-media-asta-en-senal-de-luto-por-la-muerte-ayer-de-adolfo-suarez\/"},"wordCount":190,"commentCount":0,"publisher":{"@id":"https:\/\/www.laguiadepamplona.com\/actualidad\/#organization"},"image":{"@id":"https:\/\/www.laguiadepamplona.com\/actualidad\/las-banderas-de-la-casa-consistorial-ondean-a-media-asta-en-senal-de-luto-por-la-muerte-ayer-de-adolfo-suarez\/#primaryimage"},"thumbnailUrl":"","keywords":["actualidad","Adolfo Su\u00e1rez","ayto pamplona","banderas","media asta","noticias","pamplona"],"articleSection":["Ayto Pamplona"],"inLanguage":"es","potentialAction":[{"@type":"CommentAction","name":"Comment","target":["https:\/\/www.laguiadepamplona.com\/actualidad\/las-banderas-de-la-casa-consistorial-ondean-a-media-asta-en-senal-de-luto-por-la-muerte-ayer-de-adolfo-suarez\/#respond"]}]},{"@type":"WebPage","@id":"https:\/\/www.laguiadepamplona.com\/actualidad\/las-banderas-de-la-casa-consistorial-ondean-a-media-asta-en-senal-de-luto-por-la-muerte-ayer-de-adolfo-suarez\/","url":"https:\/\/www.laguiadepamplona.com\/actualidad\/las-banderas-de-la-casa-consistorial-ondean-a-media-asta-en-senal-de-luto-por-la-muerte-ayer-de-adolfo-suarez\/","name":"Las banderas de la Casa Consistorial ondean a media asta en se\u00f1al de luto por la muerte ayer de Adolfo Su\u00e1rez","isPartOf":{"@id":"https:\/\/www.laguiadepamplona.com\/actualidad\/#website"},"primaryImageOfPage":{"@id":"https:\/\/www.laguiadepamplona.com\/actualidad\/las-banderas-de-la-casa-consistorial-ondean-a-media-asta-en-senal-de-luto-por-la-muerte-ayer-de-adolfo-suarez\/#primaryimage"},"image":{"@id":"https:\/\/www.laguiadepamplona.com\/actualidad\/las-banderas-de-la-casa-consistorial-ondean-a-media-asta-en-senal-de-luto-por-la-muerte-ayer-de-adolfo-suarez\/#primaryimage"},"thumbnailUrl":"","datePublished":"2014-03-24T10:58:01+00:00","breadcrumb":{"@id":"https:\/\/www.laguiadepamplona.com\/actualidad\/las-banderas-de-la-casa-consistorial-ondean-a-media-asta-en-senal-de-luto-por-la-muerte-ayer-de-adolfo-suarez\/#breadcrumb"},"inLanguage":"es","potentialAction":[{"@type":"ReadAction","target":["https:\/\/www.laguiadepamplona.com\/actualidad\/las-banderas-de-la-casa-consistorial-ondean-a-media-asta-en-senal-de-luto-por-la-muerte-ayer-de-adolfo-suarez\/"]}]},{"@type":"ImageObject","inLanguage":"es","@id":"https:\/\/www.laguiadepamplona.com\/actualidad\/las-banderas-de-la-casa-consistorial-ondean-a-media-asta-en-senal-de-luto-por-la-muerte-ayer-de-adolfo-suarez\/#primaryimage","url":"","contentUrl":""},{"@type":"BreadcrumbList","@id":"https:\/\/www.laguiadepamplona.com\/actualidad\/las-banderas-de-la-casa-consistorial-ondean-a-media-asta-en-senal-de-luto-por-la-muerte-ayer-de-adolfo-suarez\/#breadcrumb","itemListElement":[{"@type":"ListItem","position":1,"name":"Portada","item":"https:\/\/www.laguiadepamplona.com\/actualidad\/"},{"@type":"ListItem","position":2,"name":"Las banderas de la Casa Consistorial ondean a media asta en se\u00f1al de luto por la muerte ayer de Adolfo Su\u00e1rez"}]},{"@type":"WebSite","@id":"https:\/\/www.laguiadepamplona.com\/actualidad\/#website","url":"https:\/\/www.laguiadepamplona.com\/actualidad\/","name":"La gu\u00eda de Pamplona","description":"Noticias de Pamplona","publisher":{"@id":"https:\/\/www.laguiadepamplona.com\/actualidad\/#organization"},"potentialAction":[{"@type":"SearchAction","target":{"@type":"EntryPoint","urlTemplate":"https:\/\/www.laguiadepamplona.com\/actualidad\/?s={search_term_string}"},"query-input":{"@type":"PropertyValueSpecification","valueRequired":true,"valueName":"search_term_string"}}],"inLanguage":"es"},{"@type":"Organization","@id":"https:\/\/www.laguiadepamplona.com\/actualidad\/#organization","name":"La Gu\u00eda de Pamplona \/ Noticias","url":"https:\/\/www.laguiadepamplona.com\/actualidad\/","logo":{"@type":"ImageObject","inLanguage":"es","@id":"https:\/\/www.laguiadepamplona.com\/actualidad\/#\/schema\/logo\/image\/","url":"https:\/\/www.laguiadepamplona.com\/actualidad\/wp-content\/uploads\/2018\/11\/logo-laguiadepamplona18-web1.png","contentUrl":"https:\/\/www.laguiadepamplona.com\/actualidad\/wp-content\/uploads\/2018\/11\/logo-laguiadepamplona18-web1.png","width":600,"height":196,"caption":"La Gu\u00eda de Pamplona \/ Noticias"},"image":{"@id":"https:\/\/www.laguiadepamplona.com\/actualidad\/#\/schema\/logo\/image\/"},"sameAs":["https:\/\/www.facebook.com\/laguiadepamplonacom-133175176762273\/?ref=hl","https:\/\/x.com\/LaGuiadPamplona","https:\/\/www.instagram.com\/la_guia_de_pamplona\/","https:\/\/www.youtube.com\/user\/laguiadepamplona"]},{"@type":"Person","@id":"https:\/\/www.laguiadepamplona.com\/actualidad\/#\/schema\/person\/efe887376f0213d4657c93adc50b1fdb","name":"La Gu\u00eda de Pamplona","image":{"@type":"ImageObject","inLanguage":"es","@id":"https:\/\/secure.gravatar.com\/avatar\/b6992f131dc8d30ab0dff15446e9d346d9dbd95992de0fef795073f5ea83a81c?s=96&d=mm&r=g","url":"https:\/\/secure.gravatar.com\/avatar\/b6992f131dc8d30ab0dff15446e9d346d9dbd95992de0fef795073f5ea83a81c?s=96&d=mm&r=g","contentUrl":"https:\/\/secure.gravatar.com\/avatar\/b6992f131dc8d30ab0dff15446e9d346d9dbd95992de0fef795073f5ea83a81c?s=96&d=mm&r=g","caption":"La Gu\u00eda de Pamplona"}}]}},"post_mailing_queue_ids":[],"_links":{"self":[{"href":"https:\/\/www.laguiadepamplona.com\/actualidad\/wp-json\/wp\/v2\/posts\/871","targetHints":{"allow":["GET"]}}],"collection":[{"href":"https:\/\/www.laguiadepamplona.com\/actualidad\/wp-json\/wp\/v2\/posts"}],"about":[{"href":"https:\/\/www.laguiadepamplona.com\/actualidad\/wp-json\/wp\/v2\/types\/post"}],"author":[{"embeddable":true,"href":"https:\/\/www.laguiadepamplona.com\/actualidad\/wp-json\/wp\/v2\/users\/1"}],"replies":[{"embeddable":true,"href":"https:\/\/www.laguiadepamplona.com\/actualidad\/wp-json\/wp\/v2\/comments?post=871"}],"version-history":[{"count":0,"href":"https:\/\/www.laguiadepamplona.com\/actualidad\/wp-json\/wp\/v2\/posts\/871\/revisions"}],"wp:featuredmedia":[{"embeddable":true,"href":"https:\/\/www.laguiadepamplona.com\/actualidad\/wp-json\/"}],"wp:attachment":[{"href":"https:\/\/www.laguiadepamplona.com\/actualidad\/wp-json\/wp\/v2\/media?parent=871"}],"wp:term":[{"taxonomy":"category","embeddable":true,"href":"https:\/\/www.laguiadepamplona.com\/actualidad\/wp-json\/wp\/v2\/categories?post=871"},{"taxonomy":"post_tag","embeddable":true,"href":"https:\/\/www.laguiadepamplona.com\/actualidad\/wp-json\/wp\/v2\/tags?post=871"}],"curies":[{"name":"wp","href":"https:\/\/api.w.org\/{rel}","templated":true}]}}