{"id":8681,"date":"2016-02-01T14:39:10","date_gmt":"2016-02-01T12:39:10","guid":{"rendered":"http:\/\/laguiadepamplona.com\/actualidad\/?p=8681"},"modified":"2016-02-01T14:39:10","modified_gmt":"2016-02-01T12:39:10","slug":"el-ayuntamiento-de-pamplona-acuerda-adherirse-al-pacto-de-milan-de-politica-alimentaria-urbana-para-crear-sistemas-justos-y-sostenibles","status":"publish","type":"post","link":"https:\/\/www.laguiadepamplona.com\/actualidad\/el-ayuntamiento-de-pamplona-acuerda-adherirse-al-pacto-de-milan-de-politica-alimentaria-urbana-para-crear-sistemas-justos-y-sostenibles\/","title":{"rendered":"El Ayuntamiento de Pamplona acuerda adherirse al Pacto de Mil\u00e1n de Pol\u00edtica Alimentaria Urbana para crear sistemas justos y sostenibles"},"content":{"rendered":"<h4>La Comisi\u00f3n de Presidencia ha aprobado la uni\u00f3n a este Pacto internacional para promover la producci\u00f3n local y reducir los desperdicios de alimentos<\/h4>\n<p><img loading=\"lazy\" decoding=\"async\" class=\"alignleft size-medium wp-image-2063\" src=\"http:\/\/laguiadepamplona.com\/actualidad\/wp-content\/uploads\/2014\/06\/Ayto_Pamplona-300x225.jpg\" alt=\"Ayto_Pamplona\" width=\"300\" height=\"225\" \/>La Comisi\u00f3n de Presidencia del Ayuntamiento de Pamplona ha acordado esta ma\u00f1ana la adhesi\u00f3n de Pamplona al Pacto de Pol\u00edtica Alimentaria Urbana, una red creada con motivo de la expo de Mil\u00e1n 2015, y que busca el trabajo conjunto de las ciudades por crear sistemas alimentarios justos y sostenibles. Seg\u00fan ha explicado la concejala delegada de Econom\u00eda Local Sostenible, Patricia Perales, el pacto implica trabajar por un consumo sostenible desde todos los puntos de vista. As\u00ed, a trav\u00e9s de esta iniciativa el Ayuntamiento busca promover y apoyar la producci\u00f3n alimentaria local de proximidad a las ciudades, apoyar el peque\u00f1o comercio, actuar para reducir los desperdicios alimentarios, mejorar los sistemas de abastecimiento y la distribuci\u00f3n alimentaria en las ciudades.<\/p>\n<p>Este pacto internacional ya ha sido firmado por un centenar de ciudades de todo el mundo, entre ellas, Sao Paulo, Chicago, Se\u00fal o Toronto. En Espa\u00f1a, lo han firmado algunas ciudades como Barcelona, Bilbao, Valencia, Madrid, M\u00e1laga, Zaragoza y C\u00f3rdoba.<\/p>\n<p>Este pacto aboga por un protocolo internacional, con la participaci\u00f3n de ciudades de todo el mundo, para el desarrollo de los sistemas alimentarios, basado en los principios de sostenibilidad y justicia social. Se basa en adquirir un compromiso de la coordinaci\u00f3n de las pol\u00edticas alimentarias a nivel internacional para promover la gobernanza local como nuevo \u00e1mbito pol\u00edtico competencial.<\/p>\n<p>A partir de esta adhesi\u00f3n, el Ayuntamiento de Pamplona comenzar\u00e1 a crear un marco para establecer las primeras acciones en este marco, si bien existen ya algunas iniciativas que el Ayuntamiento ya ha puesto en marcha y que est\u00e1n incluidas entre las propuestas a nivel internacional, tales como el fomento y el apoyo a actividades de econom\u00eda social y solidaria (proyecto Geltoki), la promoci\u00f3n de la constituci\u00f3n de redes y apoyo a la s actividades de la sociedad civil como huertos y comedores comunitarios y comedores sociales, el acceso a la propiedad de tierras como parcelas para hacer huertos comunitarios y el apoyo a las cadenas de suministro cortas (producto local e iniciativas como el kil\u00f3metro 0).<\/p>\n<p><strong>Compromisos<\/strong><\/p>\n<p>El Pacto de Pol\u00edtica Alimentaria Urbana recoge siete compromisos para las ciudades. El primero, trabajar por desarrollar sistemas alimentarios sostenibles, inclusivos, resilientes, seguros y diversificados, para asegurar comida sana y accesible a todos en un marco de acci\u00f3n basado en los derechos, con el fin de reducir los desperdicios de alimentos y preservar la biodiversidad y, al mismo tiempo, mitigar y adaptarse a los efectos de los cambios clim\u00e1ticos.<\/p>\n<p>El segundo compromiso es el de promover la coordinaci\u00f3n entre departamentos y sectores a nivel municipal y territorial, para mejorar la distribuci\u00f3n y el abastecimiento alimentarios, la protecci\u00f3n social, la nutrici\u00f3n, la equidad, la producci\u00f3n alimentaria, la instrucci\u00f3n, la seguridad alimentaria y la reducci\u00f3n de los desperdicios.<\/p>\n<p>El tercero busca la coherencia entre las pol\u00edticas y los programas municipales relativos a la alimentaci\u00f3n; el cuarto, involucrar a todos los sectores del sistema alimentario (incluidas las autoridades locales, los entes t\u00e9cnicos y acad\u00e9micos, la sociedad civil, los peque\u00f1os productores y el sector privado), para el desarrollo, la actuaci\u00f3n y la evaluaci\u00f3n de pol\u00edticas, programas e iniciativas en campo alimentario.<\/p>\n<p>Los tres \u00faltimos compromisos del Pacto son los de revisar y modificar las pol\u00edticas, los planes y las normas existentes a nivel urbano para favorecer la creaci\u00f3n de sistemas alimentarios justos, resilientes y sostenibles; emplear el Marco de Acci\u00f3n como punto de partida para organizar el propio sistema alimentario urbano y compartir los avances entre las ciudades participantes; y promover la participaci\u00f3n de otras ciudades en las actuaciones a favor de las pol\u00edticas alimentarias.<\/p>\n<p><strong>Antecedentes<\/strong><\/p>\n<p>La cumbre de desarrollo sostenible que se desarroll\u00f3 en Nueva York el pasado mes de septiembre apost\u00f3 por adoptar formalmente una nueva agenda de desarrollo sostenible. Esta agenda pretende ser un plan de acci\u00f3n para que la comunidad internacional y los gobiernos nacionales promuevan la prosperidad y el bienestar com\u00fan en los pr\u00f3ximos 15 a\u00f1os.<\/p>\n<p>En esta cumbre se recogieron 17 objetivos para poder guiar la estrategia y las l\u00edneas de trabajo. Entre los objetivos, el n\u00famero 11 recoge la necesidad de lograr que las ciudades y los asentamientos humanos sean inclusivos, seguros, resilientes y sostenibles; y el n\u00famero 12 destaca la necesidad de garantizar modalidades de consumo y producci\u00f3n sostenibles.<\/p>\n<p>Ante estos acuerdos distintos pa\u00edses, colectivos y asociaciones se han puesto manos a la obra para empezar a trabajar para ir logrando estos objetivos. Entre los compromisos que se han adquirido tras un trabajo compartido entre las distintas ciudades se haya el Pacto de Pol\u00edtica Alimentaria Urbana, que fue uno de los legados m\u00e1s importantes de la Expo Mil\u00e1n 2015. Dicho pacto fue firmado en Mil\u00e1n en octubre con motivo del D\u00eda Mundial de la Alimentaci\u00f3n.<\/p>\n","protected":false},"excerpt":{"rendered":"<p>La Comisi\u00f3n de Presidencia ha aprobado la uni\u00f3n a este Pacto internacional para promover la producci\u00f3n local y reducir los desperdicios de alimentos La Comisi\u00f3n de Presidencia del Ayuntamiento de&#8230;<\/p>\n","protected":false},"author":1,"featured_media":2063,"comment_status":"closed","ping_status":"closed","sticky":false,"template":"","format":"standard","meta":{"footnotes":""},"categories":[2],"tags":[5,7683,7511,7512,6,509,6569,7513,6330,8,7514,9,7515,7516,7517,6422],"class_list":["post-8681","post","type-post","status-publish","format-standard","has-post-thumbnail","hentry","category-ayuntamiento-pamplona","tag-actualidad","tag-acuerda","tag-adherirse","tag-alimentaria","tag-ayto-pamplona","tag-ayuntamiento-de-pamplona","tag-crear","tag-justos","tag-milan","tag-noticias","tag-pacto","tag-pamplona","tag-politica","tag-sistemas","tag-sostenibles","tag-urbana"],"yoast_head":"<!-- This site is optimized with the Yoast SEO plugin v27.5 - https:\/\/yoast.com\/product\/yoast-seo-wordpress\/ -->\n<title>El Ayuntamiento de Pamplona acuerda adherirse al Pacto de Mil\u00e1n de Pol\u00edtica Alimentaria Urbana para crear sistemas justos y sostenibles<\/title>\n<meta name=\"robots\" content=\"index, follow, max-snippet:-1, max-image-preview:large, max-video-preview:-1\" \/>\n<link rel=\"canonical\" href=\"https:\/\/www.laguiadepamplona.com\/actualidad\/el-ayuntamiento-de-pamplona-acuerda-adherirse-al-pacto-de-milan-de-politica-alimentaria-urbana-para-crear-sistemas-justos-y-sostenibles\/\" \/>\n<meta property=\"og:locale\" content=\"es_ES\" \/>\n<meta property=\"og:type\" content=\"article\" \/>\n<meta property=\"og:title\" content=\"El Ayuntamiento de Pamplona acuerda adherirse al Pacto de Mil\u00e1n de Pol\u00edtica Alimentaria Urbana para crear sistemas justos y sostenibles\" \/>\n<meta property=\"og:description\" content=\"La Comisi\u00f3n de Presidencia ha aprobado la uni\u00f3n a este Pacto internacional para promover la producci\u00f3n local y reducir los desperdicios de alimentos La Comisi\u00f3n de Presidencia del Ayuntamiento de...\" \/>\n<meta property=\"og:url\" content=\"https:\/\/www.laguiadepamplona.com\/actualidad\/el-ayuntamiento-de-pamplona-acuerda-adherirse-al-pacto-de-milan-de-politica-alimentaria-urbana-para-crear-sistemas-justos-y-sostenibles\/\" \/>\n<meta property=\"og:site_name\" content=\"La Gu\u00eda de Pamplona\" \/>\n<meta property=\"article:publisher\" content=\"https:\/\/www.facebook.com\/laguiadepamplonacom-133175176762273\/?ref=hl\" \/>\n<meta property=\"article:published_time\" content=\"2016-02-01T12:39:10+00:00\" \/>\n<meta name=\"author\" content=\"La Gu\u00eda de Pamplona\" \/>\n<meta name=\"twitter:card\" content=\"summary_large_image\" \/>\n<meta name=\"twitter:creator\" content=\"@LaGuiadPamplona\" \/>\n<meta name=\"twitter:site\" content=\"@LaGuiadPamplona\" \/>\n<meta name=\"twitter:label1\" content=\"Escrito por\" \/>\n\t<meta name=\"twitter:data1\" content=\"La Gu\u00eda de Pamplona\" \/>\n\t<meta name=\"twitter:label2\" content=\"Tiempo de lectura\" \/>\n\t<meta name=\"twitter:data2\" content=\"4 minutos\" \/>\n<script type=\"application\/ld+json\" class=\"yoast-schema-graph\">{\"@context\":\"https:\\\/\\\/schema.org\",\"@graph\":[{\"@type\":\"Article\",\"@id\":\"https:\\\/\\\/www.laguiadepamplona.com\\\/actualidad\\\/el-ayuntamiento-de-pamplona-acuerda-adherirse-al-pacto-de-milan-de-politica-alimentaria-urbana-para-crear-sistemas-justos-y-sostenibles\\\/#article\",\"isPartOf\":{\"@id\":\"https:\\\/\\\/www.laguiadepamplona.com\\\/actualidad\\\/el-ayuntamiento-de-pamplona-acuerda-adherirse-al-pacto-de-milan-de-politica-alimentaria-urbana-para-crear-sistemas-justos-y-sostenibles\\\/\"},\"author\":{\"name\":\"La Gu\u00eda de Pamplona\",\"@id\":\"https:\\\/\\\/www.laguiadepamplona.com\\\/actualidad\\\/#\\\/schema\\\/person\\\/efe887376f0213d4657c93adc50b1fdb\"},\"headline\":\"El Ayuntamiento de Pamplona acuerda adherirse al Pacto de Mil\u00e1n de Pol\u00edtica Alimentaria Urbana para crear sistemas justos y sostenibles\",\"datePublished\":\"2016-02-01T12:39:10+00:00\",\"mainEntityOfPage\":{\"@id\":\"https:\\\/\\\/www.laguiadepamplona.com\\\/actualidad\\\/el-ayuntamiento-de-pamplona-acuerda-adherirse-al-pacto-de-milan-de-politica-alimentaria-urbana-para-crear-sistemas-justos-y-sostenibles\\\/\"},\"wordCount\":877,\"publisher\":{\"@id\":\"https:\\\/\\\/www.laguiadepamplona.com\\\/actualidad\\\/#organization\"},\"image\":{\"@id\":\"https:\\\/\\\/www.laguiadepamplona.com\\\/actualidad\\\/el-ayuntamiento-de-pamplona-acuerda-adherirse-al-pacto-de-milan-de-politica-alimentaria-urbana-para-crear-sistemas-justos-y-sostenibles\\\/#primaryimage\"},\"thumbnailUrl\":\"\",\"keywords\":[\"actualidad\",\"acuerda\",\"adherirse\",\"alimentaria\",\"ayto pamplona\",\"Ayuntamiento de Pamplona\",\"crear\",\"justos\",\"Mil\u00e1n\",\"noticias\",\"pacto\",\"pamplona\",\"pol\u00edtica\",\"sistemas\",\"sostenibles\",\"urbana\"],\"articleSection\":[\"Ayto Pamplona\"],\"inLanguage\":\"es\"},{\"@type\":\"WebPage\",\"@id\":\"https:\\\/\\\/www.laguiadepamplona.com\\\/actualidad\\\/el-ayuntamiento-de-pamplona-acuerda-adherirse-al-pacto-de-milan-de-politica-alimentaria-urbana-para-crear-sistemas-justos-y-sostenibles\\\/\",\"url\":\"https:\\\/\\\/www.laguiadepamplona.com\\\/actualidad\\\/el-ayuntamiento-de-pamplona-acuerda-adherirse-al-pacto-de-milan-de-politica-alimentaria-urbana-para-crear-sistemas-justos-y-sostenibles\\\/\",\"name\":\"El Ayuntamiento de Pamplona acuerda adherirse al Pacto de Mil\u00e1n de Pol\u00edtica Alimentaria Urbana para crear sistemas justos y sostenibles\",\"isPartOf\":{\"@id\":\"https:\\\/\\\/www.laguiadepamplona.com\\\/actualidad\\\/#website\"},\"primaryImageOfPage\":{\"@id\":\"https:\\\/\\\/www.laguiadepamplona.com\\\/actualidad\\\/el-ayuntamiento-de-pamplona-acuerda-adherirse-al-pacto-de-milan-de-politica-alimentaria-urbana-para-crear-sistemas-justos-y-sostenibles\\\/#primaryimage\"},\"image\":{\"@id\":\"https:\\\/\\\/www.laguiadepamplona.com\\\/actualidad\\\/el-ayuntamiento-de-pamplona-acuerda-adherirse-al-pacto-de-milan-de-politica-alimentaria-urbana-para-crear-sistemas-justos-y-sostenibles\\\/#primaryimage\"},\"thumbnailUrl\":\"\",\"datePublished\":\"2016-02-01T12:39:10+00:00\",\"breadcrumb\":{\"@id\":\"https:\\\/\\\/www.laguiadepamplona.com\\\/actualidad\\\/el-ayuntamiento-de-pamplona-acuerda-adherirse-al-pacto-de-milan-de-politica-alimentaria-urbana-para-crear-sistemas-justos-y-sostenibles\\\/#breadcrumb\"},\"inLanguage\":\"es\",\"potentialAction\":[{\"@type\":\"ReadAction\",\"target\":[\"https:\\\/\\\/www.laguiadepamplona.com\\\/actualidad\\\/el-ayuntamiento-de-pamplona-acuerda-adherirse-al-pacto-de-milan-de-politica-alimentaria-urbana-para-crear-sistemas-justos-y-sostenibles\\\/\"]}]},{\"@type\":\"ImageObject\",\"inLanguage\":\"es\",\"@id\":\"https:\\\/\\\/www.laguiadepamplona.com\\\/actualidad\\\/el-ayuntamiento-de-pamplona-acuerda-adherirse-al-pacto-de-milan-de-politica-alimentaria-urbana-para-crear-sistemas-justos-y-sostenibles\\\/#primaryimage\",\"url\":\"\",\"contentUrl\":\"\"},{\"@type\":\"BreadcrumbList\",\"@id\":\"https:\\\/\\\/www.laguiadepamplona.com\\\/actualidad\\\/el-ayuntamiento-de-pamplona-acuerda-adherirse-al-pacto-de-milan-de-politica-alimentaria-urbana-para-crear-sistemas-justos-y-sostenibles\\\/#breadcrumb\",\"itemListElement\":[{\"@type\":\"ListItem\",\"position\":1,\"name\":\"Portada\",\"item\":\"https:\\\/\\\/www.laguiadepamplona.com\\\/actualidad\\\/\"},{\"@type\":\"ListItem\",\"position\":2,\"name\":\"El Ayuntamiento de Pamplona acuerda adherirse al Pacto de Mil\u00e1n de Pol\u00edtica Alimentaria Urbana para crear sistemas justos y sostenibles\"}]},{\"@type\":\"WebSite\",\"@id\":\"https:\\\/\\\/www.laguiadepamplona.com\\\/actualidad\\\/#website\",\"url\":\"https:\\\/\\\/www.laguiadepamplona.com\\\/actualidad\\\/\",\"name\":\"La gu\u00eda de Pamplona\",\"description\":\"Noticias de Pamplona\",\"publisher\":{\"@id\":\"https:\\\/\\\/www.laguiadepamplona.com\\\/actualidad\\\/#organization\"},\"potentialAction\":[{\"@type\":\"SearchAction\",\"target\":{\"@type\":\"EntryPoint\",\"urlTemplate\":\"https:\\\/\\\/www.laguiadepamplona.com\\\/actualidad\\\/?s={search_term_string}\"},\"query-input\":{\"@type\":\"PropertyValueSpecification\",\"valueRequired\":true,\"valueName\":\"search_term_string\"}}],\"inLanguage\":\"es\"},{\"@type\":\"Organization\",\"@id\":\"https:\\\/\\\/www.laguiadepamplona.com\\\/actualidad\\\/#organization\",\"name\":\"La Gu\u00eda de Pamplona \\\/ Noticias\",\"url\":\"https:\\\/\\\/www.laguiadepamplona.com\\\/actualidad\\\/\",\"logo\":{\"@type\":\"ImageObject\",\"inLanguage\":\"es\",\"@id\":\"https:\\\/\\\/www.laguiadepamplona.com\\\/actualidad\\\/#\\\/schema\\\/logo\\\/image\\\/\",\"url\":\"https:\\\/\\\/www.laguiadepamplona.com\\\/actualidad\\\/wp-content\\\/uploads\\\/2018\\\/11\\\/logo-laguiadepamplona18-web1.png\",\"contentUrl\":\"https:\\\/\\\/www.laguiadepamplona.com\\\/actualidad\\\/wp-content\\\/uploads\\\/2018\\\/11\\\/logo-laguiadepamplona18-web1.png\",\"width\":600,\"height\":196,\"caption\":\"La Gu\u00eda de Pamplona \\\/ Noticias\"},\"image\":{\"@id\":\"https:\\\/\\\/www.laguiadepamplona.com\\\/actualidad\\\/#\\\/schema\\\/logo\\\/image\\\/\"},\"sameAs\":[\"https:\\\/\\\/www.facebook.com\\\/laguiadepamplonacom-133175176762273\\\/?ref=hl\",\"https:\\\/\\\/x.com\\\/LaGuiadPamplona\",\"https:\\\/\\\/www.instagram.com\\\/la_guia_de_pamplona\\\/\",\"https:\\\/\\\/www.youtube.com\\\/user\\\/laguiadepamplona\"]},{\"@type\":\"Person\",\"@id\":\"https:\\\/\\\/www.laguiadepamplona.com\\\/actualidad\\\/#\\\/schema\\\/person\\\/efe887376f0213d4657c93adc50b1fdb\",\"name\":\"La Gu\u00eda de Pamplona\",\"image\":{\"@type\":\"ImageObject\",\"inLanguage\":\"es\",\"@id\":\"https:\\\/\\\/secure.gravatar.com\\\/avatar\\\/b6992f131dc8d30ab0dff15446e9d346d9dbd95992de0fef795073f5ea83a81c?s=96&d=mm&r=g\",\"url\":\"https:\\\/\\\/secure.gravatar.com\\\/avatar\\\/b6992f131dc8d30ab0dff15446e9d346d9dbd95992de0fef795073f5ea83a81c?s=96&d=mm&r=g\",\"contentUrl\":\"https:\\\/\\\/secure.gravatar.com\\\/avatar\\\/b6992f131dc8d30ab0dff15446e9d346d9dbd95992de0fef795073f5ea83a81c?s=96&d=mm&r=g\",\"caption\":\"La Gu\u00eda de Pamplona\"}}]}<\/script>\n<!-- \/ Yoast SEO plugin. -->","yoast_head_json":{"title":"El Ayuntamiento de Pamplona acuerda adherirse al Pacto de Mil\u00e1n de Pol\u00edtica Alimentaria Urbana para crear sistemas justos y sostenibles","robots":{"index":"index","follow":"follow","max-snippet":"max-snippet:-1","max-image-preview":"max-image-preview:large","max-video-preview":"max-video-preview:-1"},"canonical":"https:\/\/www.laguiadepamplona.com\/actualidad\/el-ayuntamiento-de-pamplona-acuerda-adherirse-al-pacto-de-milan-de-politica-alimentaria-urbana-para-crear-sistemas-justos-y-sostenibles\/","og_locale":"es_ES","og_type":"article","og_title":"El Ayuntamiento de Pamplona acuerda adherirse al Pacto de Mil\u00e1n de Pol\u00edtica Alimentaria Urbana para crear sistemas justos y sostenibles","og_description":"La Comisi\u00f3n de Presidencia ha aprobado la uni\u00f3n a este Pacto internacional para promover la producci\u00f3n local y reducir los desperdicios de alimentos La Comisi\u00f3n de Presidencia del Ayuntamiento de...","og_url":"https:\/\/www.laguiadepamplona.com\/actualidad\/el-ayuntamiento-de-pamplona-acuerda-adherirse-al-pacto-de-milan-de-politica-alimentaria-urbana-para-crear-sistemas-justos-y-sostenibles\/","og_site_name":"La Gu\u00eda de Pamplona","article_publisher":"https:\/\/www.facebook.com\/laguiadepamplonacom-133175176762273\/?ref=hl","article_published_time":"2016-02-01T12:39:10+00:00","author":"La Gu\u00eda de Pamplona","twitter_card":"summary_large_image","twitter_creator":"@LaGuiadPamplona","twitter_site":"@LaGuiadPamplona","twitter_misc":{"Escrito por":"La Gu\u00eda de Pamplona","Tiempo de lectura":"4 minutos"},"schema":{"@context":"https:\/\/schema.org","@graph":[{"@type":"Article","@id":"https:\/\/www.laguiadepamplona.com\/actualidad\/el-ayuntamiento-de-pamplona-acuerda-adherirse-al-pacto-de-milan-de-politica-alimentaria-urbana-para-crear-sistemas-justos-y-sostenibles\/#article","isPartOf":{"@id":"https:\/\/www.laguiadepamplona.com\/actualidad\/el-ayuntamiento-de-pamplona-acuerda-adherirse-al-pacto-de-milan-de-politica-alimentaria-urbana-para-crear-sistemas-justos-y-sostenibles\/"},"author":{"name":"La Gu\u00eda de Pamplona","@id":"https:\/\/www.laguiadepamplona.com\/actualidad\/#\/schema\/person\/efe887376f0213d4657c93adc50b1fdb"},"headline":"El Ayuntamiento de Pamplona acuerda adherirse al Pacto de Mil\u00e1n de Pol\u00edtica Alimentaria Urbana para crear sistemas justos y sostenibles","datePublished":"2016-02-01T12:39:10+00:00","mainEntityOfPage":{"@id":"https:\/\/www.laguiadepamplona.com\/actualidad\/el-ayuntamiento-de-pamplona-acuerda-adherirse-al-pacto-de-milan-de-politica-alimentaria-urbana-para-crear-sistemas-justos-y-sostenibles\/"},"wordCount":877,"publisher":{"@id":"https:\/\/www.laguiadepamplona.com\/actualidad\/#organization"},"image":{"@id":"https:\/\/www.laguiadepamplona.com\/actualidad\/el-ayuntamiento-de-pamplona-acuerda-adherirse-al-pacto-de-milan-de-politica-alimentaria-urbana-para-crear-sistemas-justos-y-sostenibles\/#primaryimage"},"thumbnailUrl":"","keywords":["actualidad","acuerda","adherirse","alimentaria","ayto pamplona","Ayuntamiento de Pamplona","crear","justos","Mil\u00e1n","noticias","pacto","pamplona","pol\u00edtica","sistemas","sostenibles","urbana"],"articleSection":["Ayto Pamplona"],"inLanguage":"es"},{"@type":"WebPage","@id":"https:\/\/www.laguiadepamplona.com\/actualidad\/el-ayuntamiento-de-pamplona-acuerda-adherirse-al-pacto-de-milan-de-politica-alimentaria-urbana-para-crear-sistemas-justos-y-sostenibles\/","url":"https:\/\/www.laguiadepamplona.com\/actualidad\/el-ayuntamiento-de-pamplona-acuerda-adherirse-al-pacto-de-milan-de-politica-alimentaria-urbana-para-crear-sistemas-justos-y-sostenibles\/","name":"El Ayuntamiento de Pamplona acuerda adherirse al Pacto de Mil\u00e1n de Pol\u00edtica Alimentaria Urbana para crear sistemas justos y sostenibles","isPartOf":{"@id":"https:\/\/www.laguiadepamplona.com\/actualidad\/#website"},"primaryImageOfPage":{"@id":"https:\/\/www.laguiadepamplona.com\/actualidad\/el-ayuntamiento-de-pamplona-acuerda-adherirse-al-pacto-de-milan-de-politica-alimentaria-urbana-para-crear-sistemas-justos-y-sostenibles\/#primaryimage"},"image":{"@id":"https:\/\/www.laguiadepamplona.com\/actualidad\/el-ayuntamiento-de-pamplona-acuerda-adherirse-al-pacto-de-milan-de-politica-alimentaria-urbana-para-crear-sistemas-justos-y-sostenibles\/#primaryimage"},"thumbnailUrl":"","datePublished":"2016-02-01T12:39:10+00:00","breadcrumb":{"@id":"https:\/\/www.laguiadepamplona.com\/actualidad\/el-ayuntamiento-de-pamplona-acuerda-adherirse-al-pacto-de-milan-de-politica-alimentaria-urbana-para-crear-sistemas-justos-y-sostenibles\/#breadcrumb"},"inLanguage":"es","potentialAction":[{"@type":"ReadAction","target":["https:\/\/www.laguiadepamplona.com\/actualidad\/el-ayuntamiento-de-pamplona-acuerda-adherirse-al-pacto-de-milan-de-politica-alimentaria-urbana-para-crear-sistemas-justos-y-sostenibles\/"]}]},{"@type":"ImageObject","inLanguage":"es","@id":"https:\/\/www.laguiadepamplona.com\/actualidad\/el-ayuntamiento-de-pamplona-acuerda-adherirse-al-pacto-de-milan-de-politica-alimentaria-urbana-para-crear-sistemas-justos-y-sostenibles\/#primaryimage","url":"","contentUrl":""},{"@type":"BreadcrumbList","@id":"https:\/\/www.laguiadepamplona.com\/actualidad\/el-ayuntamiento-de-pamplona-acuerda-adherirse-al-pacto-de-milan-de-politica-alimentaria-urbana-para-crear-sistemas-justos-y-sostenibles\/#breadcrumb","itemListElement":[{"@type":"ListItem","position":1,"name":"Portada","item":"https:\/\/www.laguiadepamplona.com\/actualidad\/"},{"@type":"ListItem","position":2,"name":"El Ayuntamiento de Pamplona acuerda adherirse al Pacto de Mil\u00e1n de Pol\u00edtica Alimentaria Urbana para crear sistemas justos y sostenibles"}]},{"@type":"WebSite","@id":"https:\/\/www.laguiadepamplona.com\/actualidad\/#website","url":"https:\/\/www.laguiadepamplona.com\/actualidad\/","name":"La gu\u00eda de Pamplona","description":"Noticias de Pamplona","publisher":{"@id":"https:\/\/www.laguiadepamplona.com\/actualidad\/#organization"},"potentialAction":[{"@type":"SearchAction","target":{"@type":"EntryPoint","urlTemplate":"https:\/\/www.laguiadepamplona.com\/actualidad\/?s={search_term_string}"},"query-input":{"@type":"PropertyValueSpecification","valueRequired":true,"valueName":"search_term_string"}}],"inLanguage":"es"},{"@type":"Organization","@id":"https:\/\/www.laguiadepamplona.com\/actualidad\/#organization","name":"La Gu\u00eda de Pamplona \/ Noticias","url":"https:\/\/www.laguiadepamplona.com\/actualidad\/","logo":{"@type":"ImageObject","inLanguage":"es","@id":"https:\/\/www.laguiadepamplona.com\/actualidad\/#\/schema\/logo\/image\/","url":"https:\/\/www.laguiadepamplona.com\/actualidad\/wp-content\/uploads\/2018\/11\/logo-laguiadepamplona18-web1.png","contentUrl":"https:\/\/www.laguiadepamplona.com\/actualidad\/wp-content\/uploads\/2018\/11\/logo-laguiadepamplona18-web1.png","width":600,"height":196,"caption":"La Gu\u00eda de Pamplona \/ Noticias"},"image":{"@id":"https:\/\/www.laguiadepamplona.com\/actualidad\/#\/schema\/logo\/image\/"},"sameAs":["https:\/\/www.facebook.com\/laguiadepamplonacom-133175176762273\/?ref=hl","https:\/\/x.com\/LaGuiadPamplona","https:\/\/www.instagram.com\/la_guia_de_pamplona\/","https:\/\/www.youtube.com\/user\/laguiadepamplona"]},{"@type":"Person","@id":"https:\/\/www.laguiadepamplona.com\/actualidad\/#\/schema\/person\/efe887376f0213d4657c93adc50b1fdb","name":"La Gu\u00eda de Pamplona","image":{"@type":"ImageObject","inLanguage":"es","@id":"https:\/\/secure.gravatar.com\/avatar\/b6992f131dc8d30ab0dff15446e9d346d9dbd95992de0fef795073f5ea83a81c?s=96&d=mm&r=g","url":"https:\/\/secure.gravatar.com\/avatar\/b6992f131dc8d30ab0dff15446e9d346d9dbd95992de0fef795073f5ea83a81c?s=96&d=mm&r=g","contentUrl":"https:\/\/secure.gravatar.com\/avatar\/b6992f131dc8d30ab0dff15446e9d346d9dbd95992de0fef795073f5ea83a81c?s=96&d=mm&r=g","caption":"La Gu\u00eda de Pamplona"}}]}},"post_mailing_queue_ids":[],"_links":{"self":[{"href":"https:\/\/www.laguiadepamplona.com\/actualidad\/wp-json\/wp\/v2\/posts\/8681","targetHints":{"allow":["GET"]}}],"collection":[{"href":"https:\/\/www.laguiadepamplona.com\/actualidad\/wp-json\/wp\/v2\/posts"}],"about":[{"href":"https:\/\/www.laguiadepamplona.com\/actualidad\/wp-json\/wp\/v2\/types\/post"}],"author":[{"embeddable":true,"href":"https:\/\/www.laguiadepamplona.com\/actualidad\/wp-json\/wp\/v2\/users\/1"}],"replies":[{"embeddable":true,"href":"https:\/\/www.laguiadepamplona.com\/actualidad\/wp-json\/wp\/v2\/comments?post=8681"}],"version-history":[{"count":0,"href":"https:\/\/www.laguiadepamplona.com\/actualidad\/wp-json\/wp\/v2\/posts\/8681\/revisions"}],"wp:featuredmedia":[{"embeddable":true,"href":"https:\/\/www.laguiadepamplona.com\/actualidad\/wp-json\/"}],"wp:attachment":[{"href":"https:\/\/www.laguiadepamplona.com\/actualidad\/wp-json\/wp\/v2\/media?parent=8681"}],"wp:term":[{"taxonomy":"category","embeddable":true,"href":"https:\/\/www.laguiadepamplona.com\/actualidad\/wp-json\/wp\/v2\/categories?post=8681"},{"taxonomy":"post_tag","embeddable":true,"href":"https:\/\/www.laguiadepamplona.com\/actualidad\/wp-json\/wp\/v2\/tags?post=8681"}],"curies":[{"name":"wp","href":"https:\/\/api.w.org\/{rel}","templated":true}]}}