{"id":8599,"date":"2016-01-25T12:36:59","date_gmt":"2016-01-25T10:36:59","guid":{"rendered":"http:\/\/laguiadepamplona.com\/actualidad\/?p=8599"},"modified":"2016-01-25T12:36:59","modified_gmt":"2016-01-25T10:36:59","slug":"la-comision-de-presidencia-del-ayuntamiento-de-pamplona-aprueba-el-texto-de-adhesion-presentado-por-el-comite-de-empresa-de-trw-landaben","status":"publish","type":"post","link":"https:\/\/www.laguiadepamplona.com\/actualidad\/la-comision-de-presidencia-del-ayuntamiento-de-pamplona-aprueba-el-texto-de-adhesion-presentado-por-el-comite-de-empresa-de-trw-landaben\/","title":{"rendered":"La Comisi\u00f3n de Presidencia del Ayuntamiento de Pamplona aprueba el texto de adhesi\u00f3n presentado por el comit\u00e9 de empresa de TRW-Landaben"},"content":{"rendered":"<p><img loading=\"lazy\" decoding=\"async\" class=\"alignleft size-medium wp-image-8588\" src=\"http:\/\/laguiadepamplona.com\/actualidad\/wp-content\/uploads\/2016\/01\/TRW_Logo_485Red-300x90.jpg\" alt=\"TRW_Logo_485Red\" width=\"300\" height=\"90\" \/>La Comisi\u00f3n de Presidencia del Ayuntamiento de Pamplona ha recibido esta ma\u00f1ana a los miembros del comit\u00e9 de empresa de TRW-Landaben y ha aprobado la adhesi\u00f3n al manifiesto que ha presentado el comit\u00e9. El texto comienza se\u00f1alando que \u201ccon el lema ZF-TRW defendamos el empleo en Navarra- Nafarroako enpleguaren defentsan, queremos manifestar el rechazo de las actuaciones a las que estamos siendo sometidos por parte de la multinacional ZF-TRW, y las que tambi\u00e9n est\u00e1n padeciendo muchos trabajadores y trabajadoras de la sociedad Navarra\u201d.<\/p>\n<p>Asimismo, recoge que \u201cla industria Navarra va perdiendo peso. Muchas empresas peque\u00f1as, medianas y grandes han sido afectadas con la destrucci\u00f3n de empleo y el empeoramiento de las condiciones laborales\u201d. En este sentido en el comunicado se indica que \u201cZF-TRW es el segundo grupo en el suministro de componentes del autom\u00f3vil a nivel mundial. ZF-TRW es una empresa con m\u00e1s de medio siglo de historia en esta comunidad. En este momento, mediante un expediente de 250 despidos y la ausencia de producciones e inversiones, se est\u00e1 poniendo en riesgo su continuidad\u201d. Contin\u00faa se\u00f1alando que \u201clos gobiernos de Navarra han trabajado, y lo siguen haciendo, por la continuidad de esta planta. No es de recibo, que el dinero de todos los Navarros destinados a la creaci\u00f3n de empleos en Navarra sean derivados mediante ingenier\u00eda financiera para beneficio de accionistas o para inversiones en pa\u00edses con condiciones laborales \u00ednfimas\u201d. El texto aprobado finaliza recogiendo que \u201cdesde el Comit\u00e9 de ZF-TRW pedimos la adhesi\u00f3n para la manifestaci\u00f3n que hemos convocado para el pr\u00f3ximo s\u00e1bado d\u00eda 30 que partir\u00e1 de la estaci\u00f3n de autobuses a las 17 horas. Por una negociaci\u00f3n del convenio sin coacciones. Por la retirada del expediente de 250 despidos\u201d.<\/p>\n<p>La direcci\u00f3n de la firma multinacional TRW comunic\u00f3 el pasado martes a los trabajadores de la factor\u00eda de Landaben un Expediente de Regulaci\u00f3n de Empleo que incluye 250 despidos, la mayor\u00eda de ellos a lo largo de este mismo a\u00f1o. Adem\u00e1s, en la propuesta se indicaba que no estaba garantizada la actividad de la empresa a partir de 2018. En estos momentos en la planta trabajan 620 personas.<\/p>\n","protected":false},"excerpt":{"rendered":"<p>La Comisi\u00f3n de Presidencia del Ayuntamiento de Pamplona ha recibido esta ma\u00f1ana a los miembros del comit\u00e9 de empresa de TRW-Landaben y ha aprobado la adhesi\u00f3n al manifiesto que ha&#8230;<\/p>\n","protected":false},"author":1,"featured_media":8588,"comment_status":"closed","ping_status":"closed","sticky":false,"template":"","format":"standard","meta":{"footnotes":""},"categories":[2],"tags":[5,7608,4865,6,509,7601,7602,5417,8,9,7609,7603,7610,7604],"class_list":["post-8599","post","type-post","status-publish","format-standard","has-post-thumbnail","hentry","category-ayuntamiento-pamplona","tag-actualidad","tag-adhesion","tag-aprueba","tag-ayto-pamplona","tag-ayuntamiento-de-pamplona","tag-comision","tag-comite","tag-empresa","tag-noticias","tag-pamplona","tag-presentado","tag-presidencia","tag-texto","tag-trw"],"yoast_head":"<!-- This site is optimized with the Yoast SEO plugin v27.5 - https:\/\/yoast.com\/product\/yoast-seo-wordpress\/ -->\n<title>La Comisi\u00f3n de Presidencia del Ayuntamiento de Pamplona aprueba el texto de adhesi\u00f3n presentado por el comit\u00e9 de empresa de TRW-Landaben<\/title>\n<meta name=\"robots\" content=\"index, follow, max-snippet:-1, max-image-preview:large, max-video-preview:-1\" \/>\n<link rel=\"canonical\" href=\"https:\/\/www.laguiadepamplona.com\/actualidad\/la-comision-de-presidencia-del-ayuntamiento-de-pamplona-aprueba-el-texto-de-adhesion-presentado-por-el-comite-de-empresa-de-trw-landaben\/\" \/>\n<meta property=\"og:locale\" content=\"es_ES\" \/>\n<meta property=\"og:type\" content=\"article\" \/>\n<meta property=\"og:title\" content=\"La Comisi\u00f3n de Presidencia del Ayuntamiento de Pamplona aprueba el texto de adhesi\u00f3n presentado por el comit\u00e9 de empresa de TRW-Landaben\" \/>\n<meta property=\"og:description\" content=\"La Comisi\u00f3n de Presidencia del Ayuntamiento de Pamplona ha recibido esta ma\u00f1ana a los miembros del comit\u00e9 de empresa de TRW-Landaben y ha aprobado la adhesi\u00f3n al manifiesto que ha...\" \/>\n<meta property=\"og:url\" content=\"https:\/\/www.laguiadepamplona.com\/actualidad\/la-comision-de-presidencia-del-ayuntamiento-de-pamplona-aprueba-el-texto-de-adhesion-presentado-por-el-comite-de-empresa-de-trw-landaben\/\" \/>\n<meta property=\"og:site_name\" content=\"La Gu\u00eda de Pamplona\" \/>\n<meta property=\"article:publisher\" content=\"https:\/\/www.facebook.com\/laguiadepamplonacom-133175176762273\/?ref=hl\" \/>\n<meta property=\"article:published_time\" content=\"2016-01-25T10:36:59+00:00\" \/>\n<meta name=\"author\" content=\"La Gu\u00eda de Pamplona\" \/>\n<meta name=\"twitter:card\" content=\"summary_large_image\" \/>\n<meta name=\"twitter:creator\" content=\"@LaGuiadPamplona\" \/>\n<meta name=\"twitter:site\" content=\"@LaGuiadPamplona\" \/>\n<meta name=\"twitter:label1\" content=\"Escrito por\" \/>\n\t<meta name=\"twitter:data1\" content=\"La Gu\u00eda de Pamplona\" \/>\n\t<meta name=\"twitter:label2\" content=\"Tiempo de lectura\" \/>\n\t<meta name=\"twitter:data2\" content=\"2 minutos\" \/>\n<script type=\"application\/ld+json\" class=\"yoast-schema-graph\">{\"@context\":\"https:\\\/\\\/schema.org\",\"@graph\":[{\"@type\":\"Article\",\"@id\":\"https:\\\/\\\/www.laguiadepamplona.com\\\/actualidad\\\/la-comision-de-presidencia-del-ayuntamiento-de-pamplona-aprueba-el-texto-de-adhesion-presentado-por-el-comite-de-empresa-de-trw-landaben\\\/#article\",\"isPartOf\":{\"@id\":\"https:\\\/\\\/www.laguiadepamplona.com\\\/actualidad\\\/la-comision-de-presidencia-del-ayuntamiento-de-pamplona-aprueba-el-texto-de-adhesion-presentado-por-el-comite-de-empresa-de-trw-landaben\\\/\"},\"author\":{\"name\":\"La Gu\u00eda de Pamplona\",\"@id\":\"https:\\\/\\\/www.laguiadepamplona.com\\\/actualidad\\\/#\\\/schema\\\/person\\\/efe887376f0213d4657c93adc50b1fdb\"},\"headline\":\"La Comisi\u00f3n de Presidencia del Ayuntamiento de Pamplona aprueba el texto de adhesi\u00f3n presentado por el comit\u00e9 de empresa de TRW-Landaben\",\"datePublished\":\"2016-01-25T10:36:59+00:00\",\"mainEntityOfPage\":{\"@id\":\"https:\\\/\\\/www.laguiadepamplona.com\\\/actualidad\\\/la-comision-de-presidencia-del-ayuntamiento-de-pamplona-aprueba-el-texto-de-adhesion-presentado-por-el-comite-de-empresa-de-trw-landaben\\\/\"},\"wordCount\":394,\"publisher\":{\"@id\":\"https:\\\/\\\/www.laguiadepamplona.com\\\/actualidad\\\/#organization\"},\"image\":{\"@id\":\"https:\\\/\\\/www.laguiadepamplona.com\\\/actualidad\\\/la-comision-de-presidencia-del-ayuntamiento-de-pamplona-aprueba-el-texto-de-adhesion-presentado-por-el-comite-de-empresa-de-trw-landaben\\\/#primaryimage\"},\"thumbnailUrl\":\"\",\"keywords\":[\"actualidad\",\"adhesi\u00f3n\",\"aprueba\",\"ayto pamplona\",\"Ayuntamiento de Pamplona\",\"comisi\u00f3n\",\"comit\u00e9\",\"empresa\",\"noticias\",\"pamplona\",\"presentado\",\"presidencia\",\"texto\",\"TRW\"],\"articleSection\":[\"Ayto Pamplona\"],\"inLanguage\":\"es\"},{\"@type\":\"WebPage\",\"@id\":\"https:\\\/\\\/www.laguiadepamplona.com\\\/actualidad\\\/la-comision-de-presidencia-del-ayuntamiento-de-pamplona-aprueba-el-texto-de-adhesion-presentado-por-el-comite-de-empresa-de-trw-landaben\\\/\",\"url\":\"https:\\\/\\\/www.laguiadepamplona.com\\\/actualidad\\\/la-comision-de-presidencia-del-ayuntamiento-de-pamplona-aprueba-el-texto-de-adhesion-presentado-por-el-comite-de-empresa-de-trw-landaben\\\/\",\"name\":\"La Comisi\u00f3n de Presidencia del Ayuntamiento de Pamplona aprueba el texto de adhesi\u00f3n presentado por el comit\u00e9 de empresa de TRW-Landaben\",\"isPartOf\":{\"@id\":\"https:\\\/\\\/www.laguiadepamplona.com\\\/actualidad\\\/#website\"},\"primaryImageOfPage\":{\"@id\":\"https:\\\/\\\/www.laguiadepamplona.com\\\/actualidad\\\/la-comision-de-presidencia-del-ayuntamiento-de-pamplona-aprueba-el-texto-de-adhesion-presentado-por-el-comite-de-empresa-de-trw-landaben\\\/#primaryimage\"},\"image\":{\"@id\":\"https:\\\/\\\/www.laguiadepamplona.com\\\/actualidad\\\/la-comision-de-presidencia-del-ayuntamiento-de-pamplona-aprueba-el-texto-de-adhesion-presentado-por-el-comite-de-empresa-de-trw-landaben\\\/#primaryimage\"},\"thumbnailUrl\":\"\",\"datePublished\":\"2016-01-25T10:36:59+00:00\",\"breadcrumb\":{\"@id\":\"https:\\\/\\\/www.laguiadepamplona.com\\\/actualidad\\\/la-comision-de-presidencia-del-ayuntamiento-de-pamplona-aprueba-el-texto-de-adhesion-presentado-por-el-comite-de-empresa-de-trw-landaben\\\/#breadcrumb\"},\"inLanguage\":\"es\",\"potentialAction\":[{\"@type\":\"ReadAction\",\"target\":[\"https:\\\/\\\/www.laguiadepamplona.com\\\/actualidad\\\/la-comision-de-presidencia-del-ayuntamiento-de-pamplona-aprueba-el-texto-de-adhesion-presentado-por-el-comite-de-empresa-de-trw-landaben\\\/\"]}]},{\"@type\":\"ImageObject\",\"inLanguage\":\"es\",\"@id\":\"https:\\\/\\\/www.laguiadepamplona.com\\\/actualidad\\\/la-comision-de-presidencia-del-ayuntamiento-de-pamplona-aprueba-el-texto-de-adhesion-presentado-por-el-comite-de-empresa-de-trw-landaben\\\/#primaryimage\",\"url\":\"\",\"contentUrl\":\"\"},{\"@type\":\"BreadcrumbList\",\"@id\":\"https:\\\/\\\/www.laguiadepamplona.com\\\/actualidad\\\/la-comision-de-presidencia-del-ayuntamiento-de-pamplona-aprueba-el-texto-de-adhesion-presentado-por-el-comite-de-empresa-de-trw-landaben\\\/#breadcrumb\",\"itemListElement\":[{\"@type\":\"ListItem\",\"position\":1,\"name\":\"Portada\",\"item\":\"https:\\\/\\\/www.laguiadepamplona.com\\\/actualidad\\\/\"},{\"@type\":\"ListItem\",\"position\":2,\"name\":\"La Comisi\u00f3n de Presidencia del Ayuntamiento de Pamplona aprueba el texto de adhesi\u00f3n presentado por el comit\u00e9 de empresa de TRW-Landaben\"}]},{\"@type\":\"WebSite\",\"@id\":\"https:\\\/\\\/www.laguiadepamplona.com\\\/actualidad\\\/#website\",\"url\":\"https:\\\/\\\/www.laguiadepamplona.com\\\/actualidad\\\/\",\"name\":\"La gu\u00eda de Pamplona\",\"description\":\"Noticias de Pamplona\",\"publisher\":{\"@id\":\"https:\\\/\\\/www.laguiadepamplona.com\\\/actualidad\\\/#organization\"},\"potentialAction\":[{\"@type\":\"SearchAction\",\"target\":{\"@type\":\"EntryPoint\",\"urlTemplate\":\"https:\\\/\\\/www.laguiadepamplona.com\\\/actualidad\\\/?s={search_term_string}\"},\"query-input\":{\"@type\":\"PropertyValueSpecification\",\"valueRequired\":true,\"valueName\":\"search_term_string\"}}],\"inLanguage\":\"es\"},{\"@type\":\"Organization\",\"@id\":\"https:\\\/\\\/www.laguiadepamplona.com\\\/actualidad\\\/#organization\",\"name\":\"La Gu\u00eda de Pamplona \\\/ Noticias\",\"url\":\"https:\\\/\\\/www.laguiadepamplona.com\\\/actualidad\\\/\",\"logo\":{\"@type\":\"ImageObject\",\"inLanguage\":\"es\",\"@id\":\"https:\\\/\\\/www.laguiadepamplona.com\\\/actualidad\\\/#\\\/schema\\\/logo\\\/image\\\/\",\"url\":\"https:\\\/\\\/www.laguiadepamplona.com\\\/actualidad\\\/wp-content\\\/uploads\\\/2018\\\/11\\\/logo-laguiadepamplona18-web1.png\",\"contentUrl\":\"https:\\\/\\\/www.laguiadepamplona.com\\\/actualidad\\\/wp-content\\\/uploads\\\/2018\\\/11\\\/logo-laguiadepamplona18-web1.png\",\"width\":600,\"height\":196,\"caption\":\"La Gu\u00eda de Pamplona \\\/ Noticias\"},\"image\":{\"@id\":\"https:\\\/\\\/www.laguiadepamplona.com\\\/actualidad\\\/#\\\/schema\\\/logo\\\/image\\\/\"},\"sameAs\":[\"https:\\\/\\\/www.facebook.com\\\/laguiadepamplonacom-133175176762273\\\/?ref=hl\",\"https:\\\/\\\/x.com\\\/LaGuiadPamplona\",\"https:\\\/\\\/www.instagram.com\\\/la_guia_de_pamplona\\\/\",\"https:\\\/\\\/www.youtube.com\\\/user\\\/laguiadepamplona\"]},{\"@type\":\"Person\",\"@id\":\"https:\\\/\\\/www.laguiadepamplona.com\\\/actualidad\\\/#\\\/schema\\\/person\\\/efe887376f0213d4657c93adc50b1fdb\",\"name\":\"La Gu\u00eda de Pamplona\",\"image\":{\"@type\":\"ImageObject\",\"inLanguage\":\"es\",\"@id\":\"https:\\\/\\\/secure.gravatar.com\\\/avatar\\\/b6992f131dc8d30ab0dff15446e9d346d9dbd95992de0fef795073f5ea83a81c?s=96&d=mm&r=g\",\"url\":\"https:\\\/\\\/secure.gravatar.com\\\/avatar\\\/b6992f131dc8d30ab0dff15446e9d346d9dbd95992de0fef795073f5ea83a81c?s=96&d=mm&r=g\",\"contentUrl\":\"https:\\\/\\\/secure.gravatar.com\\\/avatar\\\/b6992f131dc8d30ab0dff15446e9d346d9dbd95992de0fef795073f5ea83a81c?s=96&d=mm&r=g\",\"caption\":\"La Gu\u00eda de Pamplona\"}}]}<\/script>\n<!-- \/ Yoast SEO plugin. -->","yoast_head_json":{"title":"La Comisi\u00f3n de Presidencia del Ayuntamiento de Pamplona aprueba el texto de adhesi\u00f3n presentado por el comit\u00e9 de empresa de TRW-Landaben","robots":{"index":"index","follow":"follow","max-snippet":"max-snippet:-1","max-image-preview":"max-image-preview:large","max-video-preview":"max-video-preview:-1"},"canonical":"https:\/\/www.laguiadepamplona.com\/actualidad\/la-comision-de-presidencia-del-ayuntamiento-de-pamplona-aprueba-el-texto-de-adhesion-presentado-por-el-comite-de-empresa-de-trw-landaben\/","og_locale":"es_ES","og_type":"article","og_title":"La Comisi\u00f3n de Presidencia del Ayuntamiento de Pamplona aprueba el texto de adhesi\u00f3n presentado por el comit\u00e9 de empresa de TRW-Landaben","og_description":"La Comisi\u00f3n de Presidencia del Ayuntamiento de Pamplona ha recibido esta ma\u00f1ana a los miembros del comit\u00e9 de empresa de TRW-Landaben y ha aprobado la adhesi\u00f3n al manifiesto que ha...","og_url":"https:\/\/www.laguiadepamplona.com\/actualidad\/la-comision-de-presidencia-del-ayuntamiento-de-pamplona-aprueba-el-texto-de-adhesion-presentado-por-el-comite-de-empresa-de-trw-landaben\/","og_site_name":"La Gu\u00eda de Pamplona","article_publisher":"https:\/\/www.facebook.com\/laguiadepamplonacom-133175176762273\/?ref=hl","article_published_time":"2016-01-25T10:36:59+00:00","author":"La Gu\u00eda de Pamplona","twitter_card":"summary_large_image","twitter_creator":"@LaGuiadPamplona","twitter_site":"@LaGuiadPamplona","twitter_misc":{"Escrito por":"La Gu\u00eda de Pamplona","Tiempo de lectura":"2 minutos"},"schema":{"@context":"https:\/\/schema.org","@graph":[{"@type":"Article","@id":"https:\/\/www.laguiadepamplona.com\/actualidad\/la-comision-de-presidencia-del-ayuntamiento-de-pamplona-aprueba-el-texto-de-adhesion-presentado-por-el-comite-de-empresa-de-trw-landaben\/#article","isPartOf":{"@id":"https:\/\/www.laguiadepamplona.com\/actualidad\/la-comision-de-presidencia-del-ayuntamiento-de-pamplona-aprueba-el-texto-de-adhesion-presentado-por-el-comite-de-empresa-de-trw-landaben\/"},"author":{"name":"La Gu\u00eda de Pamplona","@id":"https:\/\/www.laguiadepamplona.com\/actualidad\/#\/schema\/person\/efe887376f0213d4657c93adc50b1fdb"},"headline":"La Comisi\u00f3n de Presidencia del Ayuntamiento de Pamplona aprueba el texto de adhesi\u00f3n presentado por el comit\u00e9 de empresa de TRW-Landaben","datePublished":"2016-01-25T10:36:59+00:00","mainEntityOfPage":{"@id":"https:\/\/www.laguiadepamplona.com\/actualidad\/la-comision-de-presidencia-del-ayuntamiento-de-pamplona-aprueba-el-texto-de-adhesion-presentado-por-el-comite-de-empresa-de-trw-landaben\/"},"wordCount":394,"publisher":{"@id":"https:\/\/www.laguiadepamplona.com\/actualidad\/#organization"},"image":{"@id":"https:\/\/www.laguiadepamplona.com\/actualidad\/la-comision-de-presidencia-del-ayuntamiento-de-pamplona-aprueba-el-texto-de-adhesion-presentado-por-el-comite-de-empresa-de-trw-landaben\/#primaryimage"},"thumbnailUrl":"","keywords":["actualidad","adhesi\u00f3n","aprueba","ayto pamplona","Ayuntamiento de Pamplona","comisi\u00f3n","comit\u00e9","empresa","noticias","pamplona","presentado","presidencia","texto","TRW"],"articleSection":["Ayto Pamplona"],"inLanguage":"es"},{"@type":"WebPage","@id":"https:\/\/www.laguiadepamplona.com\/actualidad\/la-comision-de-presidencia-del-ayuntamiento-de-pamplona-aprueba-el-texto-de-adhesion-presentado-por-el-comite-de-empresa-de-trw-landaben\/","url":"https:\/\/www.laguiadepamplona.com\/actualidad\/la-comision-de-presidencia-del-ayuntamiento-de-pamplona-aprueba-el-texto-de-adhesion-presentado-por-el-comite-de-empresa-de-trw-landaben\/","name":"La Comisi\u00f3n de Presidencia del Ayuntamiento de Pamplona aprueba el texto de adhesi\u00f3n presentado por el comit\u00e9 de empresa de TRW-Landaben","isPartOf":{"@id":"https:\/\/www.laguiadepamplona.com\/actualidad\/#website"},"primaryImageOfPage":{"@id":"https:\/\/www.laguiadepamplona.com\/actualidad\/la-comision-de-presidencia-del-ayuntamiento-de-pamplona-aprueba-el-texto-de-adhesion-presentado-por-el-comite-de-empresa-de-trw-landaben\/#primaryimage"},"image":{"@id":"https:\/\/www.laguiadepamplona.com\/actualidad\/la-comision-de-presidencia-del-ayuntamiento-de-pamplona-aprueba-el-texto-de-adhesion-presentado-por-el-comite-de-empresa-de-trw-landaben\/#primaryimage"},"thumbnailUrl":"","datePublished":"2016-01-25T10:36:59+00:00","breadcrumb":{"@id":"https:\/\/www.laguiadepamplona.com\/actualidad\/la-comision-de-presidencia-del-ayuntamiento-de-pamplona-aprueba-el-texto-de-adhesion-presentado-por-el-comite-de-empresa-de-trw-landaben\/#breadcrumb"},"inLanguage":"es","potentialAction":[{"@type":"ReadAction","target":["https:\/\/www.laguiadepamplona.com\/actualidad\/la-comision-de-presidencia-del-ayuntamiento-de-pamplona-aprueba-el-texto-de-adhesion-presentado-por-el-comite-de-empresa-de-trw-landaben\/"]}]},{"@type":"ImageObject","inLanguage":"es","@id":"https:\/\/www.laguiadepamplona.com\/actualidad\/la-comision-de-presidencia-del-ayuntamiento-de-pamplona-aprueba-el-texto-de-adhesion-presentado-por-el-comite-de-empresa-de-trw-landaben\/#primaryimage","url":"","contentUrl":""},{"@type":"BreadcrumbList","@id":"https:\/\/www.laguiadepamplona.com\/actualidad\/la-comision-de-presidencia-del-ayuntamiento-de-pamplona-aprueba-el-texto-de-adhesion-presentado-por-el-comite-de-empresa-de-trw-landaben\/#breadcrumb","itemListElement":[{"@type":"ListItem","position":1,"name":"Portada","item":"https:\/\/www.laguiadepamplona.com\/actualidad\/"},{"@type":"ListItem","position":2,"name":"La Comisi\u00f3n de Presidencia del Ayuntamiento de Pamplona aprueba el texto de adhesi\u00f3n presentado por el comit\u00e9 de empresa de TRW-Landaben"}]},{"@type":"WebSite","@id":"https:\/\/www.laguiadepamplona.com\/actualidad\/#website","url":"https:\/\/www.laguiadepamplona.com\/actualidad\/","name":"La gu\u00eda de Pamplona","description":"Noticias de Pamplona","publisher":{"@id":"https:\/\/www.laguiadepamplona.com\/actualidad\/#organization"},"potentialAction":[{"@type":"SearchAction","target":{"@type":"EntryPoint","urlTemplate":"https:\/\/www.laguiadepamplona.com\/actualidad\/?s={search_term_string}"},"query-input":{"@type":"PropertyValueSpecification","valueRequired":true,"valueName":"search_term_string"}}],"inLanguage":"es"},{"@type":"Organization","@id":"https:\/\/www.laguiadepamplona.com\/actualidad\/#organization","name":"La Gu\u00eda de Pamplona \/ Noticias","url":"https:\/\/www.laguiadepamplona.com\/actualidad\/","logo":{"@type":"ImageObject","inLanguage":"es","@id":"https:\/\/www.laguiadepamplona.com\/actualidad\/#\/schema\/logo\/image\/","url":"https:\/\/www.laguiadepamplona.com\/actualidad\/wp-content\/uploads\/2018\/11\/logo-laguiadepamplona18-web1.png","contentUrl":"https:\/\/www.laguiadepamplona.com\/actualidad\/wp-content\/uploads\/2018\/11\/logo-laguiadepamplona18-web1.png","width":600,"height":196,"caption":"La Gu\u00eda de Pamplona \/ Noticias"},"image":{"@id":"https:\/\/www.laguiadepamplona.com\/actualidad\/#\/schema\/logo\/image\/"},"sameAs":["https:\/\/www.facebook.com\/laguiadepamplonacom-133175176762273\/?ref=hl","https:\/\/x.com\/LaGuiadPamplona","https:\/\/www.instagram.com\/la_guia_de_pamplona\/","https:\/\/www.youtube.com\/user\/laguiadepamplona"]},{"@type":"Person","@id":"https:\/\/www.laguiadepamplona.com\/actualidad\/#\/schema\/person\/efe887376f0213d4657c93adc50b1fdb","name":"La Gu\u00eda de Pamplona","image":{"@type":"ImageObject","inLanguage":"es","@id":"https:\/\/secure.gravatar.com\/avatar\/b6992f131dc8d30ab0dff15446e9d346d9dbd95992de0fef795073f5ea83a81c?s=96&d=mm&r=g","url":"https:\/\/secure.gravatar.com\/avatar\/b6992f131dc8d30ab0dff15446e9d346d9dbd95992de0fef795073f5ea83a81c?s=96&d=mm&r=g","contentUrl":"https:\/\/secure.gravatar.com\/avatar\/b6992f131dc8d30ab0dff15446e9d346d9dbd95992de0fef795073f5ea83a81c?s=96&d=mm&r=g","caption":"La Gu\u00eda de Pamplona"}}]}},"post_mailing_queue_ids":[],"_links":{"self":[{"href":"https:\/\/www.laguiadepamplona.com\/actualidad\/wp-json\/wp\/v2\/posts\/8599","targetHints":{"allow":["GET"]}}],"collection":[{"href":"https:\/\/www.laguiadepamplona.com\/actualidad\/wp-json\/wp\/v2\/posts"}],"about":[{"href":"https:\/\/www.laguiadepamplona.com\/actualidad\/wp-json\/wp\/v2\/types\/post"}],"author":[{"embeddable":true,"href":"https:\/\/www.laguiadepamplona.com\/actualidad\/wp-json\/wp\/v2\/users\/1"}],"replies":[{"embeddable":true,"href":"https:\/\/www.laguiadepamplona.com\/actualidad\/wp-json\/wp\/v2\/comments?post=8599"}],"version-history":[{"count":0,"href":"https:\/\/www.laguiadepamplona.com\/actualidad\/wp-json\/wp\/v2\/posts\/8599\/revisions"}],"wp:featuredmedia":[{"embeddable":true,"href":"https:\/\/www.laguiadepamplona.com\/actualidad\/wp-json\/"}],"wp:attachment":[{"href":"https:\/\/www.laguiadepamplona.com\/actualidad\/wp-json\/wp\/v2\/media?parent=8599"}],"wp:term":[{"taxonomy":"category","embeddable":true,"href":"https:\/\/www.laguiadepamplona.com\/actualidad\/wp-json\/wp\/v2\/categories?post=8599"},{"taxonomy":"post_tag","embeddable":true,"href":"https:\/\/www.laguiadepamplona.com\/actualidad\/wp-json\/wp\/v2\/tags?post=8599"}],"curies":[{"name":"wp","href":"https:\/\/api.w.org\/{rel}","templated":true}]}}