{"id":855,"date":"2014-03-21T12:40:28","date_gmt":"2014-03-21T11:40:28","guid":{"rendered":"http:\/\/laguiadepamplona.es\/noticias\/?p=855"},"modified":"2014-03-21T12:40:28","modified_gmt":"2014-03-21T11:40:28","slug":"un-viaje-por-la-musica-y-la-pintura-inaugura-el-lunes-el-ciclo-miradas-de-cultura-contemporanea-que-presenta-hasta-el-viernes-otros-cuatro-espectaculos-gratuitos","status":"publish","type":"post","link":"https:\/\/www.laguiadepamplona.com\/actualidad\/un-viaje-por-la-musica-y-la-pintura-inaugura-el-lunes-el-ciclo-miradas-de-cultura-contemporanea-que-presenta-hasta-el-viernes-otros-cuatro-espectaculos-gratuitos\/","title":{"rendered":"Un viaje por la m\u00fasica y la pintura inaugura el lunes el ciclo \u2018Miradas de cultura contempor\u00e1nea\u2019, que presenta hasta el viernes otros cuatro espect\u00e1culos gratuitos"},"content":{"rendered":"<h6>Civivox San Jorge acoger\u00e1 a partir de las 19.30 horas las actuaciones, que combinan distintas disciplinas art\u00edsticas que se desarrollan en la ciudad<\/h6>\n<p><a href=\"http:\/\/laguiadepamplona.es\/noticias\/wp-content\/uploads\/2014\/03\/miradas_cultura_arte_sonoro.jpg\"><img loading=\"lazy\" decoding=\"async\" class=\"alignleft size-medium wp-image-856\" alt=\"miradas_cultura_arte_sonoro\" src=\"http:\/\/laguiadepamplona.es\/noticias\/wp-content\/uploads\/2014\/03\/miradas_cultura_arte_sonoro-300x204.jpg\" width=\"300\" height=\"204\" \/><\/a>Civivox San Jorge presenta la pr\u00f3xima semana \u2018Miradas de cultura contempor\u00e1nea\u2019, un ciclo de espect\u00e1culos que pretende dar a conocer las diferentes expresiones y disciplinas art\u00edsticas que se desarrollan actualmente en la ciudad. Entre el 24 y el 28 de marzo, el p\u00fablico podr\u00e1 disfrutar de cinco espect\u00e1culos que combinar\u00e1n m\u00fasica, pintura, audiovisuales, fotograf\u00eda o danza sobre el escenario. La entrada a todas las actuaciones, que comenzar\u00e1n a las 19.30 horas, es gratuita.<\/p>\n<p>El espect\u00e1culo que inaugura la programaci\u00f3n el pr\u00f3ximo lunes es \u2018Arte sonoro\u2019, un viaje por la m\u00fasica y la pintura de la mano de Proyecto H\u00e9lade y la artista navarra Naroa Armend\u00e1riz. Bas\u00e1ndose en la conjunci\u00f3n de color y sonido, de ritmo y armon\u00eda en ambas disciplinas art\u00edsticas, presentar\u00e1n un espect\u00e1culo musical lleno de color en el que se ver\u00e1 el proceso de creaci\u00f3n pict\u00f3rica en el propio escenario, frente al p\u00fablico.<\/p>\n<p>A lo largo del concierto se interpretar\u00e1n piezas compuestas por diversos autores para saxof\u00f3n, en un repertorio que abarca desde m\u00fasica tradicional japonesa hasta material \u00e9tnico, pasando por melod\u00edas medievales, m\u00fasica vanguardista o pop rock, en una propuesta en la que mostrar\u00e1n la combinaci\u00f3n de sensaciones internas a trav\u00e9s de la percepci\u00f3n de la \u2018vibraci\u00f3n\u2019 mediante los sentidos f\u00edsicos.<\/p>\n<p><strong>Relajaci\u00f3n y mitos cl\u00e1sicos<\/strong><\/p>\n<p>El segundo espect\u00e1culo es una propuesta del compositor Antonio J. Asiain, y se pondr\u00e1 en escena el martes d\u00eda 25 tambi\u00e9n a las 19.30 horas en Civivox San Jorge. Bajo el t\u00edtulo \u2018M\u00fasica para sumergirse dentro\u2019, el concierto est\u00e1 dise\u00f1ado para crear un entorno sonoro que permita la introspecci\u00f3n, la relajaci\u00f3n y el acceso a estados de calma meditativa.<\/p>\n<p>El mi\u00e9rcoles ser\u00e1 el turno del Centro de M\u00fasica Contempor\u00e1nea Garaikideak, que interpretar\u00e1 \u2018Cosmos. De la armon\u00eda del mundo a la m\u00fasica de las esferas\u2019, una revisi\u00f3n de ciertos mitos cl\u00e1sicos a partir del lenguaje de la m\u00fasica contempor\u00e1nea, con obras de estreno en un viaje a la vieja tradici\u00f3n mediterr\u00e1nea de agua, tierra, aire y fuego.<\/p>\n<p>El Centro de M\u00fasica Contempor\u00e1nea Garaikideak es un proyecto cultural privado sin \u00e1nimo de lucro, fundado en 2010 con el objetivo de crear, interpretar y difundir gratuitamente trabajos de composici\u00f3n dentro del campo de la m\u00fasica contempor\u00e1nea. El centro re\u00fane a numerosos int\u00e9rpretes y compositores residentes en Navarra, y entre sus acciones se incluye la difusi\u00f3n e interpretaci\u00f3n de obras de nueva creaci\u00f3n. Adem\u00e1s han reunido en un cat\u00e1logo diversas obras de c\u00e1mara para instrumentos de viento madera, metal, cuerda y percusi\u00f3n que est\u00e1n a libre disposici\u00f3n del p\u00fablico interesado a trav\u00e9s de Internet.<\/p>\n<p><strong>Danza, m\u00fasica y fotograf\u00eda<\/strong><\/p>\n<p>La danza ser\u00e1 la protagonista del cuarto espect\u00e1culo, \u2018Coraz\u00f3n de anhelos y hielo\u2019. Se trata de un proyecto experimental de danza contempor\u00e1nea de la artista Ghislaine Verano, con el que busca una conexi\u00f3n emocional entre el espectador y la protagonista a trav\u00e9s de una experiencia cinematogr\u00e1fica y esc\u00e9nica muy original. La representaci\u00f3n ser\u00e1 el jueves d\u00eda 27 a las 19.30 horas.<\/p>\n<p>Para cerrar el ciclo, Civivox San Jorge acoger\u00e1 el viernes 28 \u2018Visiones fugitivas\u2019, un concierto visual que combinar\u00e1 m\u00fasica rusa del siglo XX y fotograf\u00eda. Los autores, Leyre Irisarri y Eider Irisarri, tratar\u00e1n de que el oyente-espectador se sumerja en un mundo de sugerentes instant\u00e1neas y sonidos que le har\u00e1n construir y evocar sus propias historias y sensaciones.<\/p>\n<p>&nbsp;<\/p>\n<div>\n<p><strong>Miradas de cultura contempor\u00e1nea<\/strong><\/p>\n<\/div>\n<p><strong>Civivox San Jorge. 19.30 horas. Entrada libre<\/strong><\/p>\n<p><b>Lunes 24 de marzo<\/b><b><\/b><\/p>\n<ul>\n<li><b>\u2018Arte sonoro\u2019. <\/b>Espect\u00e1culo de m\u00fasica y pintura<b><\/b><\/li>\n<li>Proyecto H\u00e9lade y Naroa Armend\u00e1riz<\/li>\n<\/ul>\n<p><b>\u00a0<\/b><\/p>\n<p><b>Martes 25 de marzo<\/b><b><\/b><\/p>\n<ul>\n<li><b>\u2018M\u00fasica para sumergirse dentro\u2019. <\/b>Concierto audiovisual<b><\/b><\/li>\n<li>Antonio J. Asiain (compositor)<\/li>\n<\/ul>\n<p>&nbsp;<\/p>\n<p><b>Mi\u00e9rcoles 26 de marzo<\/b><\/p>\n<ul>\n<li><b>\u2018Cosmos. De la armon\u00eda del mundo a la m\u00fasica de las esferas\u2019. <\/b>Espect\u00e1culo musical<b><\/b><\/li>\n<li>Centro de M\u00fasica Contempor\u00e1nea Garaikideak<\/li>\n<\/ul>\n<p>&nbsp;<\/p>\n<p><b>Jueves 27 de marzo<\/b><\/p>\n<ul>\n<li><b>\u2018Coraz\u00f3n de anhelos y hielo\u2019. <\/b>Espect\u00e1culo de danza<b><\/b><\/li>\n<li>Ghislaine Verano<\/li>\n<\/ul>\n<p>&nbsp;<\/p>\n<p><b>Viernes 28 de marzo<\/b><\/p>\n<ul>\n<li><b>\u2018Visiones fugitivas\u2019. <\/b>M\u00fasica rusa del siglo XX y fotograf\u00eda<b><\/b><\/li>\n<li>Leyre Lisarri Camano y Eider Lisarri Valent\u00edn<\/li>\n<\/ul>\n<p>&nbsp;<\/p>\n<p>&nbsp;<\/p>\n","protected":false},"excerpt":{"rendered":"<p>Civivox San Jorge acoger\u00e1 a partir de las 19.30 horas las actuaciones, que combinan distintas disciplinas art\u00edsticas que se desarrollan en la ciudad Civivox San Jorge presenta la pr\u00f3xima semana&#8230;<\/p>\n","protected":false},"author":1,"featured_media":856,"comment_status":"open","ping_status":"open","sticky":false,"template":"","format":"standard","meta":{"footnotes":""},"categories":[2],"tags":[5,6,18,525,526,8,9,527],"class_list":["post-855","post","type-post","status-publish","format-standard","has-post-thumbnail","hentry","category-ayuntamiento-pamplona","tag-actualidad","tag-ayto-pamplona","tag-civivox-san-jorge","tag-inaugura-el-lunes","tag-miradas-de-cultura-contemporanea","tag-noticias","tag-pamplona","tag-un-viaje-por-la-musica-y-la-pintura"],"yoast_head":"<!-- This site is optimized with the Yoast SEO plugin v27.5 - https:\/\/yoast.com\/product\/yoast-seo-wordpress\/ -->\n<title>Un viaje por la m\u00fasica y la pintura inaugura el lunes el ciclo \u2018Miradas de cultura contempor\u00e1nea\u2019, que presenta hasta el viernes otros cuatro espect\u00e1culos gratuitos<\/title>\n<meta name=\"robots\" content=\"index, follow, max-snippet:-1, max-image-preview:large, max-video-preview:-1\" \/>\n<link rel=\"canonical\" href=\"https:\/\/www.laguiadepamplona.com\/actualidad\/un-viaje-por-la-musica-y-la-pintura-inaugura-el-lunes-el-ciclo-miradas-de-cultura-contemporanea-que-presenta-hasta-el-viernes-otros-cuatro-espectaculos-gratuitos\/\" \/>\n<meta property=\"og:locale\" content=\"es_ES\" \/>\n<meta property=\"og:type\" content=\"article\" \/>\n<meta property=\"og:title\" content=\"Un viaje por la m\u00fasica y la pintura inaugura el lunes el ciclo \u2018Miradas de cultura contempor\u00e1nea\u2019, que presenta hasta el viernes otros cuatro espect\u00e1culos gratuitos\" \/>\n<meta property=\"og:description\" content=\"Civivox San Jorge acoger\u00e1 a partir de las 19.30 horas las actuaciones, que combinan distintas disciplinas art\u00edsticas que se desarrollan en la ciudad Civivox San Jorge presenta la pr\u00f3xima semana...\" \/>\n<meta property=\"og:url\" content=\"https:\/\/www.laguiadepamplona.com\/actualidad\/un-viaje-por-la-musica-y-la-pintura-inaugura-el-lunes-el-ciclo-miradas-de-cultura-contemporanea-que-presenta-hasta-el-viernes-otros-cuatro-espectaculos-gratuitos\/\" \/>\n<meta property=\"og:site_name\" content=\"La Gu\u00eda de Pamplona\" \/>\n<meta property=\"article:publisher\" content=\"https:\/\/www.facebook.com\/laguiadepamplonacom-133175176762273\/?ref=hl\" \/>\n<meta property=\"article:published_time\" content=\"2014-03-21T11:40:28+00:00\" \/>\n<meta name=\"author\" content=\"La Gu\u00eda de Pamplona\" \/>\n<meta name=\"twitter:card\" content=\"summary_large_image\" \/>\n<meta name=\"twitter:creator\" content=\"@LaGuiadPamplona\" \/>\n<meta name=\"twitter:site\" content=\"@LaGuiadPamplona\" \/>\n<meta name=\"twitter:label1\" content=\"Escrito por\" \/>\n\t<meta name=\"twitter:data1\" content=\"La Gu\u00eda de Pamplona\" \/>\n\t<meta name=\"twitter:label2\" content=\"Tiempo de lectura\" \/>\n\t<meta name=\"twitter:data2\" content=\"4 minutos\" \/>\n<script type=\"application\/ld+json\" class=\"yoast-schema-graph\">{\"@context\":\"https:\\\/\\\/schema.org\",\"@graph\":[{\"@type\":\"Article\",\"@id\":\"https:\\\/\\\/www.laguiadepamplona.com\\\/actualidad\\\/un-viaje-por-la-musica-y-la-pintura-inaugura-el-lunes-el-ciclo-miradas-de-cultura-contemporanea-que-presenta-hasta-el-viernes-otros-cuatro-espectaculos-gratuitos\\\/#article\",\"isPartOf\":{\"@id\":\"https:\\\/\\\/www.laguiadepamplona.com\\\/actualidad\\\/un-viaje-por-la-musica-y-la-pintura-inaugura-el-lunes-el-ciclo-miradas-de-cultura-contemporanea-que-presenta-hasta-el-viernes-otros-cuatro-espectaculos-gratuitos\\\/\"},\"author\":{\"name\":\"La Gu\u00eda de Pamplona\",\"@id\":\"https:\\\/\\\/www.laguiadepamplona.com\\\/actualidad\\\/#\\\/schema\\\/person\\\/efe887376f0213d4657c93adc50b1fdb\"},\"headline\":\"Un viaje por la m\u00fasica y la pintura inaugura el lunes el ciclo \u2018Miradas de cultura contempor\u00e1nea\u2019, que presenta hasta el viernes otros cuatro espect\u00e1culos gratuitos\",\"datePublished\":\"2014-03-21T11:40:28+00:00\",\"mainEntityOfPage\":{\"@id\":\"https:\\\/\\\/www.laguiadepamplona.com\\\/actualidad\\\/un-viaje-por-la-musica-y-la-pintura-inaugura-el-lunes-el-ciclo-miradas-de-cultura-contemporanea-que-presenta-hasta-el-viernes-otros-cuatro-espectaculos-gratuitos\\\/\"},\"wordCount\":790,\"commentCount\":0,\"publisher\":{\"@id\":\"https:\\\/\\\/www.laguiadepamplona.com\\\/actualidad\\\/#organization\"},\"image\":{\"@id\":\"https:\\\/\\\/www.laguiadepamplona.com\\\/actualidad\\\/un-viaje-por-la-musica-y-la-pintura-inaugura-el-lunes-el-ciclo-miradas-de-cultura-contemporanea-que-presenta-hasta-el-viernes-otros-cuatro-espectaculos-gratuitos\\\/#primaryimage\"},\"thumbnailUrl\":\"\",\"keywords\":[\"actualidad\",\"ayto pamplona\",\"civivox san jorge\",\"inaugura el lunes\",\"Miradas de cultura contempor\u00e1nea\",\"noticias\",\"pamplona\",\"Un viaje por la m\u00fasica y la pintura\"],\"articleSection\":[\"Ayto Pamplona\"],\"inLanguage\":\"es\",\"potentialAction\":[{\"@type\":\"CommentAction\",\"name\":\"Comment\",\"target\":[\"https:\\\/\\\/www.laguiadepamplona.com\\\/actualidad\\\/un-viaje-por-la-musica-y-la-pintura-inaugura-el-lunes-el-ciclo-miradas-de-cultura-contemporanea-que-presenta-hasta-el-viernes-otros-cuatro-espectaculos-gratuitos\\\/#respond\"]}]},{\"@type\":\"WebPage\",\"@id\":\"https:\\\/\\\/www.laguiadepamplona.com\\\/actualidad\\\/un-viaje-por-la-musica-y-la-pintura-inaugura-el-lunes-el-ciclo-miradas-de-cultura-contemporanea-que-presenta-hasta-el-viernes-otros-cuatro-espectaculos-gratuitos\\\/\",\"url\":\"https:\\\/\\\/www.laguiadepamplona.com\\\/actualidad\\\/un-viaje-por-la-musica-y-la-pintura-inaugura-el-lunes-el-ciclo-miradas-de-cultura-contemporanea-que-presenta-hasta-el-viernes-otros-cuatro-espectaculos-gratuitos\\\/\",\"name\":\"Un viaje por la m\u00fasica y la pintura inaugura el lunes el ciclo \u2018Miradas de cultura contempor\u00e1nea\u2019, que presenta hasta el viernes otros cuatro espect\u00e1culos gratuitos\",\"isPartOf\":{\"@id\":\"https:\\\/\\\/www.laguiadepamplona.com\\\/actualidad\\\/#website\"},\"primaryImageOfPage\":{\"@id\":\"https:\\\/\\\/www.laguiadepamplona.com\\\/actualidad\\\/un-viaje-por-la-musica-y-la-pintura-inaugura-el-lunes-el-ciclo-miradas-de-cultura-contemporanea-que-presenta-hasta-el-viernes-otros-cuatro-espectaculos-gratuitos\\\/#primaryimage\"},\"image\":{\"@id\":\"https:\\\/\\\/www.laguiadepamplona.com\\\/actualidad\\\/un-viaje-por-la-musica-y-la-pintura-inaugura-el-lunes-el-ciclo-miradas-de-cultura-contemporanea-que-presenta-hasta-el-viernes-otros-cuatro-espectaculos-gratuitos\\\/#primaryimage\"},\"thumbnailUrl\":\"\",\"datePublished\":\"2014-03-21T11:40:28+00:00\",\"breadcrumb\":{\"@id\":\"https:\\\/\\\/www.laguiadepamplona.com\\\/actualidad\\\/un-viaje-por-la-musica-y-la-pintura-inaugura-el-lunes-el-ciclo-miradas-de-cultura-contemporanea-que-presenta-hasta-el-viernes-otros-cuatro-espectaculos-gratuitos\\\/#breadcrumb\"},\"inLanguage\":\"es\",\"potentialAction\":[{\"@type\":\"ReadAction\",\"target\":[\"https:\\\/\\\/www.laguiadepamplona.com\\\/actualidad\\\/un-viaje-por-la-musica-y-la-pintura-inaugura-el-lunes-el-ciclo-miradas-de-cultura-contemporanea-que-presenta-hasta-el-viernes-otros-cuatro-espectaculos-gratuitos\\\/\"]}]},{\"@type\":\"ImageObject\",\"inLanguage\":\"es\",\"@id\":\"https:\\\/\\\/www.laguiadepamplona.com\\\/actualidad\\\/un-viaje-por-la-musica-y-la-pintura-inaugura-el-lunes-el-ciclo-miradas-de-cultura-contemporanea-que-presenta-hasta-el-viernes-otros-cuatro-espectaculos-gratuitos\\\/#primaryimage\",\"url\":\"\",\"contentUrl\":\"\"},{\"@type\":\"BreadcrumbList\",\"@id\":\"https:\\\/\\\/www.laguiadepamplona.com\\\/actualidad\\\/un-viaje-por-la-musica-y-la-pintura-inaugura-el-lunes-el-ciclo-miradas-de-cultura-contemporanea-que-presenta-hasta-el-viernes-otros-cuatro-espectaculos-gratuitos\\\/#breadcrumb\",\"itemListElement\":[{\"@type\":\"ListItem\",\"position\":1,\"name\":\"Portada\",\"item\":\"https:\\\/\\\/www.laguiadepamplona.com\\\/actualidad\\\/\"},{\"@type\":\"ListItem\",\"position\":2,\"name\":\"Un viaje por la m\u00fasica y la pintura inaugura el lunes el ciclo \u2018Miradas de cultura contempor\u00e1nea\u2019, que presenta hasta el viernes otros cuatro espect\u00e1culos gratuitos\"}]},{\"@type\":\"WebSite\",\"@id\":\"https:\\\/\\\/www.laguiadepamplona.com\\\/actualidad\\\/#website\",\"url\":\"https:\\\/\\\/www.laguiadepamplona.com\\\/actualidad\\\/\",\"name\":\"La gu\u00eda de Pamplona\",\"description\":\"Noticias de Pamplona\",\"publisher\":{\"@id\":\"https:\\\/\\\/www.laguiadepamplona.com\\\/actualidad\\\/#organization\"},\"potentialAction\":[{\"@type\":\"SearchAction\",\"target\":{\"@type\":\"EntryPoint\",\"urlTemplate\":\"https:\\\/\\\/www.laguiadepamplona.com\\\/actualidad\\\/?s={search_term_string}\"},\"query-input\":{\"@type\":\"PropertyValueSpecification\",\"valueRequired\":true,\"valueName\":\"search_term_string\"}}],\"inLanguage\":\"es\"},{\"@type\":\"Organization\",\"@id\":\"https:\\\/\\\/www.laguiadepamplona.com\\\/actualidad\\\/#organization\",\"name\":\"La Gu\u00eda de Pamplona \\\/ Noticias\",\"url\":\"https:\\\/\\\/www.laguiadepamplona.com\\\/actualidad\\\/\",\"logo\":{\"@type\":\"ImageObject\",\"inLanguage\":\"es\",\"@id\":\"https:\\\/\\\/www.laguiadepamplona.com\\\/actualidad\\\/#\\\/schema\\\/logo\\\/image\\\/\",\"url\":\"https:\\\/\\\/www.laguiadepamplona.com\\\/actualidad\\\/wp-content\\\/uploads\\\/2018\\\/11\\\/logo-laguiadepamplona18-web1.png\",\"contentUrl\":\"https:\\\/\\\/www.laguiadepamplona.com\\\/actualidad\\\/wp-content\\\/uploads\\\/2018\\\/11\\\/logo-laguiadepamplona18-web1.png\",\"width\":600,\"height\":196,\"caption\":\"La Gu\u00eda de Pamplona \\\/ Noticias\"},\"image\":{\"@id\":\"https:\\\/\\\/www.laguiadepamplona.com\\\/actualidad\\\/#\\\/schema\\\/logo\\\/image\\\/\"},\"sameAs\":[\"https:\\\/\\\/www.facebook.com\\\/laguiadepamplonacom-133175176762273\\\/?ref=hl\",\"https:\\\/\\\/x.com\\\/LaGuiadPamplona\",\"https:\\\/\\\/www.instagram.com\\\/la_guia_de_pamplona\\\/\",\"https:\\\/\\\/www.youtube.com\\\/user\\\/laguiadepamplona\"]},{\"@type\":\"Person\",\"@id\":\"https:\\\/\\\/www.laguiadepamplona.com\\\/actualidad\\\/#\\\/schema\\\/person\\\/efe887376f0213d4657c93adc50b1fdb\",\"name\":\"La Gu\u00eda de Pamplona\",\"image\":{\"@type\":\"ImageObject\",\"inLanguage\":\"es\",\"@id\":\"https:\\\/\\\/secure.gravatar.com\\\/avatar\\\/b6992f131dc8d30ab0dff15446e9d346d9dbd95992de0fef795073f5ea83a81c?s=96&d=mm&r=g\",\"url\":\"https:\\\/\\\/secure.gravatar.com\\\/avatar\\\/b6992f131dc8d30ab0dff15446e9d346d9dbd95992de0fef795073f5ea83a81c?s=96&d=mm&r=g\",\"contentUrl\":\"https:\\\/\\\/secure.gravatar.com\\\/avatar\\\/b6992f131dc8d30ab0dff15446e9d346d9dbd95992de0fef795073f5ea83a81c?s=96&d=mm&r=g\",\"caption\":\"La Gu\u00eda de Pamplona\"}}]}<\/script>\n<!-- \/ Yoast SEO plugin. -->","yoast_head_json":{"title":"Un viaje por la m\u00fasica y la pintura inaugura el lunes el ciclo \u2018Miradas de cultura contempor\u00e1nea\u2019, que presenta hasta el viernes otros cuatro espect\u00e1culos gratuitos","robots":{"index":"index","follow":"follow","max-snippet":"max-snippet:-1","max-image-preview":"max-image-preview:large","max-video-preview":"max-video-preview:-1"},"canonical":"https:\/\/www.laguiadepamplona.com\/actualidad\/un-viaje-por-la-musica-y-la-pintura-inaugura-el-lunes-el-ciclo-miradas-de-cultura-contemporanea-que-presenta-hasta-el-viernes-otros-cuatro-espectaculos-gratuitos\/","og_locale":"es_ES","og_type":"article","og_title":"Un viaje por la m\u00fasica y la pintura inaugura el lunes el ciclo \u2018Miradas de cultura contempor\u00e1nea\u2019, que presenta hasta el viernes otros cuatro espect\u00e1culos gratuitos","og_description":"Civivox San Jorge acoger\u00e1 a partir de las 19.30 horas las actuaciones, que combinan distintas disciplinas art\u00edsticas que se desarrollan en la ciudad Civivox San Jorge presenta la pr\u00f3xima semana...","og_url":"https:\/\/www.laguiadepamplona.com\/actualidad\/un-viaje-por-la-musica-y-la-pintura-inaugura-el-lunes-el-ciclo-miradas-de-cultura-contemporanea-que-presenta-hasta-el-viernes-otros-cuatro-espectaculos-gratuitos\/","og_site_name":"La Gu\u00eda de Pamplona","article_publisher":"https:\/\/www.facebook.com\/laguiadepamplonacom-133175176762273\/?ref=hl","article_published_time":"2014-03-21T11:40:28+00:00","author":"La Gu\u00eda de Pamplona","twitter_card":"summary_large_image","twitter_creator":"@LaGuiadPamplona","twitter_site":"@LaGuiadPamplona","twitter_misc":{"Escrito por":"La Gu\u00eda de Pamplona","Tiempo de lectura":"4 minutos"},"schema":{"@context":"https:\/\/schema.org","@graph":[{"@type":"Article","@id":"https:\/\/www.laguiadepamplona.com\/actualidad\/un-viaje-por-la-musica-y-la-pintura-inaugura-el-lunes-el-ciclo-miradas-de-cultura-contemporanea-que-presenta-hasta-el-viernes-otros-cuatro-espectaculos-gratuitos\/#article","isPartOf":{"@id":"https:\/\/www.laguiadepamplona.com\/actualidad\/un-viaje-por-la-musica-y-la-pintura-inaugura-el-lunes-el-ciclo-miradas-de-cultura-contemporanea-que-presenta-hasta-el-viernes-otros-cuatro-espectaculos-gratuitos\/"},"author":{"name":"La Gu\u00eda de Pamplona","@id":"https:\/\/www.laguiadepamplona.com\/actualidad\/#\/schema\/person\/efe887376f0213d4657c93adc50b1fdb"},"headline":"Un viaje por la m\u00fasica y la pintura inaugura el lunes el ciclo \u2018Miradas de cultura contempor\u00e1nea\u2019, que presenta hasta el viernes otros cuatro espect\u00e1culos gratuitos","datePublished":"2014-03-21T11:40:28+00:00","mainEntityOfPage":{"@id":"https:\/\/www.laguiadepamplona.com\/actualidad\/un-viaje-por-la-musica-y-la-pintura-inaugura-el-lunes-el-ciclo-miradas-de-cultura-contemporanea-que-presenta-hasta-el-viernes-otros-cuatro-espectaculos-gratuitos\/"},"wordCount":790,"commentCount":0,"publisher":{"@id":"https:\/\/www.laguiadepamplona.com\/actualidad\/#organization"},"image":{"@id":"https:\/\/www.laguiadepamplona.com\/actualidad\/un-viaje-por-la-musica-y-la-pintura-inaugura-el-lunes-el-ciclo-miradas-de-cultura-contemporanea-que-presenta-hasta-el-viernes-otros-cuatro-espectaculos-gratuitos\/#primaryimage"},"thumbnailUrl":"","keywords":["actualidad","ayto pamplona","civivox san jorge","inaugura el lunes","Miradas de cultura contempor\u00e1nea","noticias","pamplona","Un viaje por la m\u00fasica y la pintura"],"articleSection":["Ayto Pamplona"],"inLanguage":"es","potentialAction":[{"@type":"CommentAction","name":"Comment","target":["https:\/\/www.laguiadepamplona.com\/actualidad\/un-viaje-por-la-musica-y-la-pintura-inaugura-el-lunes-el-ciclo-miradas-de-cultura-contemporanea-que-presenta-hasta-el-viernes-otros-cuatro-espectaculos-gratuitos\/#respond"]}]},{"@type":"WebPage","@id":"https:\/\/www.laguiadepamplona.com\/actualidad\/un-viaje-por-la-musica-y-la-pintura-inaugura-el-lunes-el-ciclo-miradas-de-cultura-contemporanea-que-presenta-hasta-el-viernes-otros-cuatro-espectaculos-gratuitos\/","url":"https:\/\/www.laguiadepamplona.com\/actualidad\/un-viaje-por-la-musica-y-la-pintura-inaugura-el-lunes-el-ciclo-miradas-de-cultura-contemporanea-que-presenta-hasta-el-viernes-otros-cuatro-espectaculos-gratuitos\/","name":"Un viaje por la m\u00fasica y la pintura inaugura el lunes el ciclo \u2018Miradas de cultura contempor\u00e1nea\u2019, que presenta hasta el viernes otros cuatro espect\u00e1culos gratuitos","isPartOf":{"@id":"https:\/\/www.laguiadepamplona.com\/actualidad\/#website"},"primaryImageOfPage":{"@id":"https:\/\/www.laguiadepamplona.com\/actualidad\/un-viaje-por-la-musica-y-la-pintura-inaugura-el-lunes-el-ciclo-miradas-de-cultura-contemporanea-que-presenta-hasta-el-viernes-otros-cuatro-espectaculos-gratuitos\/#primaryimage"},"image":{"@id":"https:\/\/www.laguiadepamplona.com\/actualidad\/un-viaje-por-la-musica-y-la-pintura-inaugura-el-lunes-el-ciclo-miradas-de-cultura-contemporanea-que-presenta-hasta-el-viernes-otros-cuatro-espectaculos-gratuitos\/#primaryimage"},"thumbnailUrl":"","datePublished":"2014-03-21T11:40:28+00:00","breadcrumb":{"@id":"https:\/\/www.laguiadepamplona.com\/actualidad\/un-viaje-por-la-musica-y-la-pintura-inaugura-el-lunes-el-ciclo-miradas-de-cultura-contemporanea-que-presenta-hasta-el-viernes-otros-cuatro-espectaculos-gratuitos\/#breadcrumb"},"inLanguage":"es","potentialAction":[{"@type":"ReadAction","target":["https:\/\/www.laguiadepamplona.com\/actualidad\/un-viaje-por-la-musica-y-la-pintura-inaugura-el-lunes-el-ciclo-miradas-de-cultura-contemporanea-que-presenta-hasta-el-viernes-otros-cuatro-espectaculos-gratuitos\/"]}]},{"@type":"ImageObject","inLanguage":"es","@id":"https:\/\/www.laguiadepamplona.com\/actualidad\/un-viaje-por-la-musica-y-la-pintura-inaugura-el-lunes-el-ciclo-miradas-de-cultura-contemporanea-que-presenta-hasta-el-viernes-otros-cuatro-espectaculos-gratuitos\/#primaryimage","url":"","contentUrl":""},{"@type":"BreadcrumbList","@id":"https:\/\/www.laguiadepamplona.com\/actualidad\/un-viaje-por-la-musica-y-la-pintura-inaugura-el-lunes-el-ciclo-miradas-de-cultura-contemporanea-que-presenta-hasta-el-viernes-otros-cuatro-espectaculos-gratuitos\/#breadcrumb","itemListElement":[{"@type":"ListItem","position":1,"name":"Portada","item":"https:\/\/www.laguiadepamplona.com\/actualidad\/"},{"@type":"ListItem","position":2,"name":"Un viaje por la m\u00fasica y la pintura inaugura el lunes el ciclo \u2018Miradas de cultura contempor\u00e1nea\u2019, que presenta hasta el viernes otros cuatro espect\u00e1culos gratuitos"}]},{"@type":"WebSite","@id":"https:\/\/www.laguiadepamplona.com\/actualidad\/#website","url":"https:\/\/www.laguiadepamplona.com\/actualidad\/","name":"La gu\u00eda de Pamplona","description":"Noticias de Pamplona","publisher":{"@id":"https:\/\/www.laguiadepamplona.com\/actualidad\/#organization"},"potentialAction":[{"@type":"SearchAction","target":{"@type":"EntryPoint","urlTemplate":"https:\/\/www.laguiadepamplona.com\/actualidad\/?s={search_term_string}"},"query-input":{"@type":"PropertyValueSpecification","valueRequired":true,"valueName":"search_term_string"}}],"inLanguage":"es"},{"@type":"Organization","@id":"https:\/\/www.laguiadepamplona.com\/actualidad\/#organization","name":"La Gu\u00eda de Pamplona \/ Noticias","url":"https:\/\/www.laguiadepamplona.com\/actualidad\/","logo":{"@type":"ImageObject","inLanguage":"es","@id":"https:\/\/www.laguiadepamplona.com\/actualidad\/#\/schema\/logo\/image\/","url":"https:\/\/www.laguiadepamplona.com\/actualidad\/wp-content\/uploads\/2018\/11\/logo-laguiadepamplona18-web1.png","contentUrl":"https:\/\/www.laguiadepamplona.com\/actualidad\/wp-content\/uploads\/2018\/11\/logo-laguiadepamplona18-web1.png","width":600,"height":196,"caption":"La Gu\u00eda de Pamplona \/ Noticias"},"image":{"@id":"https:\/\/www.laguiadepamplona.com\/actualidad\/#\/schema\/logo\/image\/"},"sameAs":["https:\/\/www.facebook.com\/laguiadepamplonacom-133175176762273\/?ref=hl","https:\/\/x.com\/LaGuiadPamplona","https:\/\/www.instagram.com\/la_guia_de_pamplona\/","https:\/\/www.youtube.com\/user\/laguiadepamplona"]},{"@type":"Person","@id":"https:\/\/www.laguiadepamplona.com\/actualidad\/#\/schema\/person\/efe887376f0213d4657c93adc50b1fdb","name":"La Gu\u00eda de Pamplona","image":{"@type":"ImageObject","inLanguage":"es","@id":"https:\/\/secure.gravatar.com\/avatar\/b6992f131dc8d30ab0dff15446e9d346d9dbd95992de0fef795073f5ea83a81c?s=96&d=mm&r=g","url":"https:\/\/secure.gravatar.com\/avatar\/b6992f131dc8d30ab0dff15446e9d346d9dbd95992de0fef795073f5ea83a81c?s=96&d=mm&r=g","contentUrl":"https:\/\/secure.gravatar.com\/avatar\/b6992f131dc8d30ab0dff15446e9d346d9dbd95992de0fef795073f5ea83a81c?s=96&d=mm&r=g","caption":"La Gu\u00eda de Pamplona"}}]}},"post_mailing_queue_ids":[],"_links":{"self":[{"href":"https:\/\/www.laguiadepamplona.com\/actualidad\/wp-json\/wp\/v2\/posts\/855","targetHints":{"allow":["GET"]}}],"collection":[{"href":"https:\/\/www.laguiadepamplona.com\/actualidad\/wp-json\/wp\/v2\/posts"}],"about":[{"href":"https:\/\/www.laguiadepamplona.com\/actualidad\/wp-json\/wp\/v2\/types\/post"}],"author":[{"embeddable":true,"href":"https:\/\/www.laguiadepamplona.com\/actualidad\/wp-json\/wp\/v2\/users\/1"}],"replies":[{"embeddable":true,"href":"https:\/\/www.laguiadepamplona.com\/actualidad\/wp-json\/wp\/v2\/comments?post=855"}],"version-history":[{"count":0,"href":"https:\/\/www.laguiadepamplona.com\/actualidad\/wp-json\/wp\/v2\/posts\/855\/revisions"}],"wp:featuredmedia":[{"embeddable":true,"href":"https:\/\/www.laguiadepamplona.com\/actualidad\/wp-json\/"}],"wp:attachment":[{"href":"https:\/\/www.laguiadepamplona.com\/actualidad\/wp-json\/wp\/v2\/media?parent=855"}],"wp:term":[{"taxonomy":"category","embeddable":true,"href":"https:\/\/www.laguiadepamplona.com\/actualidad\/wp-json\/wp\/v2\/categories?post=855"},{"taxonomy":"post_tag","embeddable":true,"href":"https:\/\/www.laguiadepamplona.com\/actualidad\/wp-json\/wp\/v2\/tags?post=855"}],"curies":[{"name":"wp","href":"https:\/\/api.w.org\/{rel}","templated":true}]}}