{"id":8544,"date":"2016-01-18T16:50:59","date_gmt":"2016-01-18T14:50:59","guid":{"rendered":"http:\/\/laguiadepamplona.com\/actualidad\/?p=8544"},"modified":"2016-01-18T16:50:59","modified_gmt":"2016-01-18T14:50:59","slug":"el-ayuntamiento-de-pamplona-amplia-este-ano-hasta-los-400-000-euros-la-convocatoria-de-prestaciones-directas-para-personas-y-familias-en-situacion-de-emergencia-social","status":"publish","type":"post","link":"https:\/\/www.laguiadepamplona.com\/actualidad\/el-ayuntamiento-de-pamplona-amplia-este-ano-hasta-los-400-000-euros-la-convocatoria-de-prestaciones-directas-para-personas-y-familias-en-situacion-de-emergencia-social\/","title":{"rendered":"El Ayuntamiento de Pamplona amplia este a\u00f1o hasta los 400.000 euros la convocatoria de prestaciones directas para personas y familias en situaci\u00f3n de emergencia social"},"content":{"rendered":"<h4>En 2015 se concedieron 384.549 euros de ayudas tras ampliarse en la segunda mitad del a\u00f1o la partida, que inicialmente era de 210.000 euros<\/h4>\n<p><img loading=\"lazy\" decoding=\"async\" class=\"alignleft size-medium wp-image-2063\" src=\"http:\/\/laguiadepamplona.com\/actualidad\/wp-content\/uploads\/2014\/06\/Ayto_Pamplona-300x225.jpg\" alt=\"Ayto_Pamplona\" width=\"300\" height=\"225\" \/>El Ayuntamiento de Pamplona ha ampliado para este a\u00f1o hasta los 400.000 euros la convocatoria de prestaciones econ\u00f3micas directas a personas y\/o familias en situaci\u00f3n de emergencia social y carencia de ingresos. El a\u00f1o pasado se concedieron 384.549 euros de ayudas a 980 solicitudes, despu\u00e9s de ampliarse la cantidad inicial de 210.000 euros en 100.000 euros en agosto y 90.000 euros en el mes de octubre. Entre las novedades de la convocatoria de este a\u00f1o se pueden citar que ser\u00e1 publicada en el Bolet\u00edn Oficial de Navarra ya este mismo mes de enero, que no existe l\u00edmite de edad como anteriormente, que se aumenta el tope de cantidad de ayuda que se puede recibir, que se puede obtener la ayuda anticipadamente a la resoluci\u00f3n de las convocatorias del Gobierno de Navarra o que disminuye el tiempo de empadronamiento m\u00ednimo. Adem\u00e1s, se ampl\u00edan los conceptos por los que se puede recibir subvenci\u00f3n ya que se han incluido por primera vez elementos que ayuden a mantener la autonom\u00eda personal, actividades de tiempo libre para menores que sirvan de prevenci\u00f3n o gastos en formaci\u00f3n que mejoren la incorporaci\u00f3n laboral.<\/p>\n<p>Las solicitudes podr\u00e1n cursarse una vez sea publicada en el Bolet\u00edn Oficial de Navarra la convocatoria, que hoy ha sido presentada en la Comisi\u00f3n de Asuntos Ciudadanos por la Concejala Delegada de Acci\u00f3n Social y Desarrollo Comunitario, Edurne Eguino. Se atender\u00e1n por orden de entrada y hasta que se agote el presupuesto establecido. Las solicitudes se podr\u00e1n efectuar en las Unidades de Barrio, en el Servicio Municipal de Atenci\u00f3n a la Mujer o en los servicios sociales municipales que se determinen.<\/p>\n<p><strong>Cubrir necesidades b\u00e1sicas de alojamiento, suministros o nutrici\u00f3n, entre otras<\/strong><\/p>\n<p>La convocatoria est\u00e1 orientada a subvencionar a personas y familias vecinas de Pamplona que presentan carencias econ\u00f3micas y que tienen serias dificultades para cubrir sus necesidades b\u00e1sicas de alojamiento, suministros, nutrici\u00f3n y salud e incorporaci\u00f3n. Estas ayudas se definen como \u00abPrestaciones Econ\u00f3micas Directas\u00bb (P.E.D.) y son de car\u00e1cter puntual, no peri\u00f3dicas, subsidiarias, complementarias y orientadas a cubrir necesidades b\u00e1sicas. Se consideran instrumentos de apoyo a la intervenci\u00f3n social de los profesionales municipales del \u00c1rea de Acci\u00f3n Social y Desarrollo Comunitario.<\/p>\n<p>Sobre alojamiento las bases recogen que las ayudas se podr\u00e1n utilizar para pagos de alquiler o de pr\u00e9stamos hipotecarios as\u00ed como para pagos de gastos de comunidad. Dentro del concepto de \u2018suministros\u2019 se encuentran los de electricidad, gas\/calefacci\u00f3n, agua y servicios de basuras. Las ayudas del concepto \u2018Nutrici\u00f3n y salud\u2019 se dirigir\u00e1n a la cobertura de la necesidad b\u00e1sica de una alimentaci\u00f3n diaria y correcta as\u00ed como de los elementos imprescindibles para la higiene personal y del hogar. Excepcionalmente se podr\u00edan contemplar gastos de comedor escolar no subvencionados por otras ayudas. Dentro de este apartado se encuentra una de las novedades de la convocatoria de este a\u00f1o, la ayuda para la adquisici\u00f3n de elementos necesarios para el mantenimiento del funcionamiento personal integrado, es decir que faciliten el autovalimiento.<\/p>\n<p>Tambi\u00e9n entre las novedades de este convocatoria respecto a las anteriores es que se eliminan los topes por conceptos tanto en manutenci\u00f3n como mantenimiento de vivienda. Adem\u00e1s, en este ultimo caso se contemplan gastos y no solo deudas. Asimismo, es nuevo que se elimina el tope de dos mensualidades en vivienda y manutenci\u00f3n.<\/p>\n<p>Otros conceptos por los que tambi\u00e9n se podr\u00e1 pedir ayuda est\u00e1n relacionados con la incorporaci\u00f3n social y\/o laboral, ya que se podr\u00e1n pedir ayudas para actividades socio-educativas y formativas no regladas, y para actividades relacionadas con la prevenci\u00f3n de riesgo o desprotecci\u00f3n en la infancia y adolescencia. En este caso se quiere facilitar el acceso, por ejemplo, a servicios o escuelas infantiles, servicios de conciliaci\u00f3n o actividades de ocio y tiempo libre que no puedan ser sufragados por las familias cuando se valoren como medida preventiva y de protecci\u00f3n social dentro de la intervenci\u00f3n llevada a cabo por los servicios sociales municipales.<\/p>\n<p><strong>Requisitos de los solicitantes y compatibilidad con otras ayudas<\/strong><\/p>\n<p>Podr\u00e1n solicitar la subvenci\u00f3n las personas individuales o unidades familiares de convivencia que re\u00fanan los siguientes requisitos: ser mayor de 18 a\u00f1os o menor emancipado (se ha eliminado la exclusi\u00f3n de mayores de 65 y menores de 25); tener residencia efectiva en Pamplona y encontrarse empadronadas en la ciudad con un m\u00ednimo de seis meses de antig\u00fcedad y estar implicados en un proceso de intervenci\u00f3n social a trav\u00e9s de los programas y servicios municipales del \u00c1rea de Acci\u00f3n Social y Desarrollo Comunitario.<\/p>\n<p>Asimismo, deber\u00e1n haber solicitado ayuda por el mismo concepto en el resto de administraciones, dada la subsidiariedad de las prestaciones econ\u00f3micas reguladas en esta convocatoria. En este sentido, las bases se\u00f1alan que estas prestaciones pueden servir de anticipo de las ayudas extraordinarias del Gobierno de Navarra, cuando el concepto solicitado sea susceptible de ser concedido a trav\u00e9s de aquellas pero la necesidad de su abono sea inmediata. En este caso, la persona solicitante firmar\u00e1 un compromiso de devoluci\u00f3n una vez que el Gobierno de Navarra haya efectuado el pago. El importe de la subvenci\u00f3n en ning\u00fan caso podr\u00e1 ser de tal cuant\u00eda que, aisladamente o en concurrencia con otras ayudas, supere el coste de la actividad subvencionada. Si eso sucede hay que devolver la diferencia.<\/p>\n<p><strong>Ingresos m\u00e1ximos para recibir la ayuda y subvenci\u00f3n m\u00e1xima<\/strong><\/p>\n<p>Otro de los requisitos para poder acceder a estas subvenciones es que los recursos econ\u00f3micos mensuales de la unidad familiar no superen en 1,2 veces la Renta de Inclusi\u00f3n Social establecida por el Gobierno de Navarra para 2016. De acuerdo con esta tabla, las unidades familiares de un miembro no pueden tener ingresos superiores mensuales a 786 euros; las de 2 miembros a 943; las de tres a 1.022; las de 4 a 1.100 y las de 5 personas o m\u00e1s a 1.178 euros. Se define como unidad familiar de convivencia la formada por los c\u00f3nyuges, parejas estables o parejas con an\u00e1loga relaci\u00f3n de afectividad, sus hijos y dem\u00e1s personas unidas por parentesco hasta el segundo grado de consanguinidad y primero de afinidad que convivan en el mismo domicilio.<\/p>\n<p>Para calcular los recursos de la unidad familiar de convivencia, se tendr\u00e1n en cuenta los ingresos netos que procedan de empleo o prestaciones de todos su miembros. Cuando exista capital mobiliario del que pueda disponer el solicitante se valorar\u00e1 si con el mismo puede hacer frente a la necesidad planteada, entendiendo que en ese caso dispone de recursos suficientes. Adem\u00e1s, las bases recogen que aunque las familias pueden tener recursos inferiores a los que se marcan como m\u00e1ximo no podr\u00e1n recibir ayudas si se constata que alg\u00fan miembro de la unidad familiar accede a la compra de determinados bienes o servicios o cuenta con gastos de mantenimiento de determinados bienes que exigen la existencia de recursos diferentes de los declarados y de los obtenidos mediante la prestaci\u00f3n.<\/p>\n<p>La cuant\u00eda m\u00e1xima a conceder a trav\u00e9s de estas ayudas a la persona o unidad familiar solicitante no podr\u00e1 superar en un a\u00f1o en cada uno de los conceptos o en la suma de todos ellos 1,2 veces la cuant\u00eda mensual de Renta de Inclusi\u00f3n Social. De esta manera, podr\u00e1n recibir al a\u00f1o como m\u00e1ximo las solicitudes de unidades familiares unipersonales 786 euros; las unidades familiares de 2 miembros recibir\u00e1n como m\u00e1ximo 943 euros; las de tres 1.022 euros; las de 4 1.100 euros y las de 5 personas o m\u00e1s 1.178 euros. Adem\u00e1s, se establece una cuant\u00eda m\u00e1xima a pagar en cada solicitud del 50% de la cantidad anual m\u00e1xima. Esto permitir\u00e1 limitar el pago de situaciones que todav\u00eda est\u00e1n por llegar y realizar un trabajo m\u00e1s educativo y de acompa\u00f1amiento de los casos, as\u00ed como garantizar que se puedan cubrir las situaciones m\u00e1s urgentes de forma inmediata.<\/p>\n<p><strong>Se multiplican las ayudas por 4 en 10 a\u00f1os<\/strong><\/p>\n<p>Con este aumento de partida, el Ayuntamiento de Pamplona trata de responder a la creciente demanda de estas ayudas registrada en los \u00faltimos a\u00f1os. As\u00ed, en el a\u00f1o 2012 se concedieron subvenciones a 656 personas o familias en situaci\u00f3n de emergencia social por un importe total de 223.062 euros; en 2013 la cifra aument\u00f3 hasta 846 solicitudes atendidas con 304.285 euros; en el a\u00f1o 2014 se alcanz\u00f3 la cantidad de 382.319 euros con 1.034 solicitudes y el a\u00f1o pasado fueron 980 solicitudes atendidas y 384.549 euros destinados.<\/p>\n<p>Los datos tambi\u00e9n indican que en 1999 esta convocatoria ten\u00eda una dotaci\u00f3n de 35.076 euros, cantidad que hace diez a\u00f1os, en 2006, ya estaba establecida en 104.292. Ese a\u00f1o se atendieron 442 solicitudes. Eso significa que la inversi\u00f3n de la partida se ha multiplicado por 4 y el n\u00famero de solicitudes atendidas es m\u00e1s que el doble.<\/p>\n<p>&nbsp;<\/p>\n","protected":false},"excerpt":{"rendered":"<p>En 2015 se concedieron 384.549 euros de ayudas tras ampliarse en la segunda mitad del a\u00f1o la partida, que inicialmente era de 210.000 euros El Ayuntamiento de Pamplona ha ampliado&#8230;<\/p>\n","protected":false},"author":1,"featured_media":2063,"comment_status":"closed","ping_status":"closed","sticky":false,"template":"","format":"standard","meta":{"footnotes":""},"categories":[2],"tags":[5,6,477,509,1256,4470,2959,466,8,9,900,2552,1473,4471],"class_list":["post-8544","post","type-post","status-publish","format-standard","has-post-thumbnail","hentry","category-ayuntamiento-pamplona","tag-actualidad","tag-ayto-pamplona","tag-ayudas","tag-ayuntamiento-de-pamplona","tag-convocatoria","tag-directas","tag-emergencia","tag-familias","tag-noticias","tag-pamplona","tag-personas","tag-prestaciones","tag-situacion","tag-social"],"yoast_head":"<!-- This site is optimized with the Yoast SEO plugin v27.5 - https:\/\/yoast.com\/product\/yoast-seo-wordpress\/ -->\n<title>El Ayuntamiento de Pamplona amplia este a\u00f1o hasta los 400.000 euros la convocatoria de prestaciones directas para personas y familias en situaci\u00f3n de emergencia social<\/title>\n<meta name=\"robots\" content=\"index, follow, max-snippet:-1, max-image-preview:large, max-video-preview:-1\" \/>\n<link rel=\"canonical\" href=\"https:\/\/www.laguiadepamplona.com\/actualidad\/el-ayuntamiento-de-pamplona-amplia-este-ano-hasta-los-400-000-euros-la-convocatoria-de-prestaciones-directas-para-personas-y-familias-en-situacion-de-emergencia-social\/\" \/>\n<meta property=\"og:locale\" content=\"es_ES\" \/>\n<meta property=\"og:type\" content=\"article\" \/>\n<meta property=\"og:title\" content=\"El Ayuntamiento de Pamplona amplia este a\u00f1o hasta los 400.000 euros la convocatoria de prestaciones directas para personas y familias en situaci\u00f3n de emergencia social\" \/>\n<meta property=\"og:description\" content=\"En 2015 se concedieron 384.549 euros de ayudas tras ampliarse en la segunda mitad del a\u00f1o la partida, que inicialmente era de 210.000 euros El Ayuntamiento de Pamplona ha ampliado...\" \/>\n<meta property=\"og:url\" content=\"https:\/\/www.laguiadepamplona.com\/actualidad\/el-ayuntamiento-de-pamplona-amplia-este-ano-hasta-los-400-000-euros-la-convocatoria-de-prestaciones-directas-para-personas-y-familias-en-situacion-de-emergencia-social\/\" \/>\n<meta property=\"og:site_name\" content=\"La Gu\u00eda de Pamplona\" \/>\n<meta property=\"article:publisher\" content=\"https:\/\/www.facebook.com\/laguiadepamplonacom-133175176762273\/?ref=hl\" \/>\n<meta property=\"article:published_time\" content=\"2016-01-18T14:50:59+00:00\" \/>\n<meta name=\"author\" content=\"La Gu\u00eda de Pamplona\" \/>\n<meta name=\"twitter:card\" content=\"summary_large_image\" \/>\n<meta name=\"twitter:creator\" content=\"@LaGuiadPamplona\" \/>\n<meta name=\"twitter:site\" content=\"@LaGuiadPamplona\" \/>\n<meta name=\"twitter:label1\" content=\"Escrito por\" \/>\n\t<meta name=\"twitter:data1\" content=\"La Gu\u00eda de Pamplona\" \/>\n\t<meta name=\"twitter:label2\" content=\"Tiempo de lectura\" \/>\n\t<meta name=\"twitter:data2\" content=\"8 minutos\" \/>\n<script type=\"application\/ld+json\" class=\"yoast-schema-graph\">{\"@context\":\"https:\\\/\\\/schema.org\",\"@graph\":[{\"@type\":\"Article\",\"@id\":\"https:\\\/\\\/www.laguiadepamplona.com\\\/actualidad\\\/el-ayuntamiento-de-pamplona-amplia-este-ano-hasta-los-400-000-euros-la-convocatoria-de-prestaciones-directas-para-personas-y-familias-en-situacion-de-emergencia-social\\\/#article\",\"isPartOf\":{\"@id\":\"https:\\\/\\\/www.laguiadepamplona.com\\\/actualidad\\\/el-ayuntamiento-de-pamplona-amplia-este-ano-hasta-los-400-000-euros-la-convocatoria-de-prestaciones-directas-para-personas-y-familias-en-situacion-de-emergencia-social\\\/\"},\"author\":{\"name\":\"La Gu\u00eda de Pamplona\",\"@id\":\"https:\\\/\\\/www.laguiadepamplona.com\\\/actualidad\\\/#\\\/schema\\\/person\\\/efe887376f0213d4657c93adc50b1fdb\"},\"headline\":\"El Ayuntamiento de Pamplona amplia este a\u00f1o hasta los 400.000 euros la convocatoria de prestaciones directas para personas y familias en situaci\u00f3n de emergencia social\",\"datePublished\":\"2016-01-18T14:50:59+00:00\",\"mainEntityOfPage\":{\"@id\":\"https:\\\/\\\/www.laguiadepamplona.com\\\/actualidad\\\/el-ayuntamiento-de-pamplona-amplia-este-ano-hasta-los-400-000-euros-la-convocatoria-de-prestaciones-directas-para-personas-y-familias-en-situacion-de-emergencia-social\\\/\"},\"wordCount\":1557,\"publisher\":{\"@id\":\"https:\\\/\\\/www.laguiadepamplona.com\\\/actualidad\\\/#organization\"},\"image\":{\"@id\":\"https:\\\/\\\/www.laguiadepamplona.com\\\/actualidad\\\/el-ayuntamiento-de-pamplona-amplia-este-ano-hasta-los-400-000-euros-la-convocatoria-de-prestaciones-directas-para-personas-y-familias-en-situacion-de-emergencia-social\\\/#primaryimage\"},\"thumbnailUrl\":\"\",\"keywords\":[\"actualidad\",\"ayto pamplona\",\"ayudas\",\"Ayuntamiento de Pamplona\",\"convocatoria\",\"directas\",\"emergencia\",\"familias\",\"noticias\",\"pamplona\",\"personas\",\"prestaciones\",\"situaci\u00f3n\",\"social\"],\"articleSection\":[\"Ayto Pamplona\"],\"inLanguage\":\"es\"},{\"@type\":\"WebPage\",\"@id\":\"https:\\\/\\\/www.laguiadepamplona.com\\\/actualidad\\\/el-ayuntamiento-de-pamplona-amplia-este-ano-hasta-los-400-000-euros-la-convocatoria-de-prestaciones-directas-para-personas-y-familias-en-situacion-de-emergencia-social\\\/\",\"url\":\"https:\\\/\\\/www.laguiadepamplona.com\\\/actualidad\\\/el-ayuntamiento-de-pamplona-amplia-este-ano-hasta-los-400-000-euros-la-convocatoria-de-prestaciones-directas-para-personas-y-familias-en-situacion-de-emergencia-social\\\/\",\"name\":\"El Ayuntamiento de Pamplona amplia este a\u00f1o hasta los 400.000 euros la convocatoria de prestaciones directas para personas y familias en situaci\u00f3n de emergencia social\",\"isPartOf\":{\"@id\":\"https:\\\/\\\/www.laguiadepamplona.com\\\/actualidad\\\/#website\"},\"primaryImageOfPage\":{\"@id\":\"https:\\\/\\\/www.laguiadepamplona.com\\\/actualidad\\\/el-ayuntamiento-de-pamplona-amplia-este-ano-hasta-los-400-000-euros-la-convocatoria-de-prestaciones-directas-para-personas-y-familias-en-situacion-de-emergencia-social\\\/#primaryimage\"},\"image\":{\"@id\":\"https:\\\/\\\/www.laguiadepamplona.com\\\/actualidad\\\/el-ayuntamiento-de-pamplona-amplia-este-ano-hasta-los-400-000-euros-la-convocatoria-de-prestaciones-directas-para-personas-y-familias-en-situacion-de-emergencia-social\\\/#primaryimage\"},\"thumbnailUrl\":\"\",\"datePublished\":\"2016-01-18T14:50:59+00:00\",\"breadcrumb\":{\"@id\":\"https:\\\/\\\/www.laguiadepamplona.com\\\/actualidad\\\/el-ayuntamiento-de-pamplona-amplia-este-ano-hasta-los-400-000-euros-la-convocatoria-de-prestaciones-directas-para-personas-y-familias-en-situacion-de-emergencia-social\\\/#breadcrumb\"},\"inLanguage\":\"es\",\"potentialAction\":[{\"@type\":\"ReadAction\",\"target\":[\"https:\\\/\\\/www.laguiadepamplona.com\\\/actualidad\\\/el-ayuntamiento-de-pamplona-amplia-este-ano-hasta-los-400-000-euros-la-convocatoria-de-prestaciones-directas-para-personas-y-familias-en-situacion-de-emergencia-social\\\/\"]}]},{\"@type\":\"ImageObject\",\"inLanguage\":\"es\",\"@id\":\"https:\\\/\\\/www.laguiadepamplona.com\\\/actualidad\\\/el-ayuntamiento-de-pamplona-amplia-este-ano-hasta-los-400-000-euros-la-convocatoria-de-prestaciones-directas-para-personas-y-familias-en-situacion-de-emergencia-social\\\/#primaryimage\",\"url\":\"\",\"contentUrl\":\"\"},{\"@type\":\"BreadcrumbList\",\"@id\":\"https:\\\/\\\/www.laguiadepamplona.com\\\/actualidad\\\/el-ayuntamiento-de-pamplona-amplia-este-ano-hasta-los-400-000-euros-la-convocatoria-de-prestaciones-directas-para-personas-y-familias-en-situacion-de-emergencia-social\\\/#breadcrumb\",\"itemListElement\":[{\"@type\":\"ListItem\",\"position\":1,\"name\":\"Portada\",\"item\":\"https:\\\/\\\/www.laguiadepamplona.com\\\/actualidad\\\/\"},{\"@type\":\"ListItem\",\"position\":2,\"name\":\"El Ayuntamiento de Pamplona amplia este a\u00f1o hasta los 400.000 euros la convocatoria de prestaciones directas para personas y familias en situaci\u00f3n de emergencia social\"}]},{\"@type\":\"WebSite\",\"@id\":\"https:\\\/\\\/www.laguiadepamplona.com\\\/actualidad\\\/#website\",\"url\":\"https:\\\/\\\/www.laguiadepamplona.com\\\/actualidad\\\/\",\"name\":\"La gu\u00eda de Pamplona\",\"description\":\"Noticias de Pamplona\",\"publisher\":{\"@id\":\"https:\\\/\\\/www.laguiadepamplona.com\\\/actualidad\\\/#organization\"},\"potentialAction\":[{\"@type\":\"SearchAction\",\"target\":{\"@type\":\"EntryPoint\",\"urlTemplate\":\"https:\\\/\\\/www.laguiadepamplona.com\\\/actualidad\\\/?s={search_term_string}\"},\"query-input\":{\"@type\":\"PropertyValueSpecification\",\"valueRequired\":true,\"valueName\":\"search_term_string\"}}],\"inLanguage\":\"es\"},{\"@type\":\"Organization\",\"@id\":\"https:\\\/\\\/www.laguiadepamplona.com\\\/actualidad\\\/#organization\",\"name\":\"La Gu\u00eda de Pamplona \\\/ Noticias\",\"url\":\"https:\\\/\\\/www.laguiadepamplona.com\\\/actualidad\\\/\",\"logo\":{\"@type\":\"ImageObject\",\"inLanguage\":\"es\",\"@id\":\"https:\\\/\\\/www.laguiadepamplona.com\\\/actualidad\\\/#\\\/schema\\\/logo\\\/image\\\/\",\"url\":\"https:\\\/\\\/www.laguiadepamplona.com\\\/actualidad\\\/wp-content\\\/uploads\\\/2018\\\/11\\\/logo-laguiadepamplona18-web1.png\",\"contentUrl\":\"https:\\\/\\\/www.laguiadepamplona.com\\\/actualidad\\\/wp-content\\\/uploads\\\/2018\\\/11\\\/logo-laguiadepamplona18-web1.png\",\"width\":600,\"height\":196,\"caption\":\"La Gu\u00eda de Pamplona \\\/ Noticias\"},\"image\":{\"@id\":\"https:\\\/\\\/www.laguiadepamplona.com\\\/actualidad\\\/#\\\/schema\\\/logo\\\/image\\\/\"},\"sameAs\":[\"https:\\\/\\\/www.facebook.com\\\/laguiadepamplonacom-133175176762273\\\/?ref=hl\",\"https:\\\/\\\/x.com\\\/LaGuiadPamplona\",\"https:\\\/\\\/www.instagram.com\\\/la_guia_de_pamplona\\\/\",\"https:\\\/\\\/www.youtube.com\\\/user\\\/laguiadepamplona\"]},{\"@type\":\"Person\",\"@id\":\"https:\\\/\\\/www.laguiadepamplona.com\\\/actualidad\\\/#\\\/schema\\\/person\\\/efe887376f0213d4657c93adc50b1fdb\",\"name\":\"La Gu\u00eda de Pamplona\",\"image\":{\"@type\":\"ImageObject\",\"inLanguage\":\"es\",\"@id\":\"https:\\\/\\\/secure.gravatar.com\\\/avatar\\\/b6992f131dc8d30ab0dff15446e9d346d9dbd95992de0fef795073f5ea83a81c?s=96&d=mm&r=g\",\"url\":\"https:\\\/\\\/secure.gravatar.com\\\/avatar\\\/b6992f131dc8d30ab0dff15446e9d346d9dbd95992de0fef795073f5ea83a81c?s=96&d=mm&r=g\",\"contentUrl\":\"https:\\\/\\\/secure.gravatar.com\\\/avatar\\\/b6992f131dc8d30ab0dff15446e9d346d9dbd95992de0fef795073f5ea83a81c?s=96&d=mm&r=g\",\"caption\":\"La Gu\u00eda de Pamplona\"}}]}<\/script>\n<!-- \/ Yoast SEO plugin. -->","yoast_head_json":{"title":"El Ayuntamiento de Pamplona amplia este a\u00f1o hasta los 400.000 euros la convocatoria de prestaciones directas para personas y familias en situaci\u00f3n de emergencia social","robots":{"index":"index","follow":"follow","max-snippet":"max-snippet:-1","max-image-preview":"max-image-preview:large","max-video-preview":"max-video-preview:-1"},"canonical":"https:\/\/www.laguiadepamplona.com\/actualidad\/el-ayuntamiento-de-pamplona-amplia-este-ano-hasta-los-400-000-euros-la-convocatoria-de-prestaciones-directas-para-personas-y-familias-en-situacion-de-emergencia-social\/","og_locale":"es_ES","og_type":"article","og_title":"El Ayuntamiento de Pamplona amplia este a\u00f1o hasta los 400.000 euros la convocatoria de prestaciones directas para personas y familias en situaci\u00f3n de emergencia social","og_description":"En 2015 se concedieron 384.549 euros de ayudas tras ampliarse en la segunda mitad del a\u00f1o la partida, que inicialmente era de 210.000 euros El Ayuntamiento de Pamplona ha ampliado...","og_url":"https:\/\/www.laguiadepamplona.com\/actualidad\/el-ayuntamiento-de-pamplona-amplia-este-ano-hasta-los-400-000-euros-la-convocatoria-de-prestaciones-directas-para-personas-y-familias-en-situacion-de-emergencia-social\/","og_site_name":"La Gu\u00eda de Pamplona","article_publisher":"https:\/\/www.facebook.com\/laguiadepamplonacom-133175176762273\/?ref=hl","article_published_time":"2016-01-18T14:50:59+00:00","author":"La Gu\u00eda de Pamplona","twitter_card":"summary_large_image","twitter_creator":"@LaGuiadPamplona","twitter_site":"@LaGuiadPamplona","twitter_misc":{"Escrito por":"La Gu\u00eda de Pamplona","Tiempo de lectura":"8 minutos"},"schema":{"@context":"https:\/\/schema.org","@graph":[{"@type":"Article","@id":"https:\/\/www.laguiadepamplona.com\/actualidad\/el-ayuntamiento-de-pamplona-amplia-este-ano-hasta-los-400-000-euros-la-convocatoria-de-prestaciones-directas-para-personas-y-familias-en-situacion-de-emergencia-social\/#article","isPartOf":{"@id":"https:\/\/www.laguiadepamplona.com\/actualidad\/el-ayuntamiento-de-pamplona-amplia-este-ano-hasta-los-400-000-euros-la-convocatoria-de-prestaciones-directas-para-personas-y-familias-en-situacion-de-emergencia-social\/"},"author":{"name":"La Gu\u00eda de Pamplona","@id":"https:\/\/www.laguiadepamplona.com\/actualidad\/#\/schema\/person\/efe887376f0213d4657c93adc50b1fdb"},"headline":"El Ayuntamiento de Pamplona amplia este a\u00f1o hasta los 400.000 euros la convocatoria de prestaciones directas para personas y familias en situaci\u00f3n de emergencia social","datePublished":"2016-01-18T14:50:59+00:00","mainEntityOfPage":{"@id":"https:\/\/www.laguiadepamplona.com\/actualidad\/el-ayuntamiento-de-pamplona-amplia-este-ano-hasta-los-400-000-euros-la-convocatoria-de-prestaciones-directas-para-personas-y-familias-en-situacion-de-emergencia-social\/"},"wordCount":1557,"publisher":{"@id":"https:\/\/www.laguiadepamplona.com\/actualidad\/#organization"},"image":{"@id":"https:\/\/www.laguiadepamplona.com\/actualidad\/el-ayuntamiento-de-pamplona-amplia-este-ano-hasta-los-400-000-euros-la-convocatoria-de-prestaciones-directas-para-personas-y-familias-en-situacion-de-emergencia-social\/#primaryimage"},"thumbnailUrl":"","keywords":["actualidad","ayto pamplona","ayudas","Ayuntamiento de Pamplona","convocatoria","directas","emergencia","familias","noticias","pamplona","personas","prestaciones","situaci\u00f3n","social"],"articleSection":["Ayto Pamplona"],"inLanguage":"es"},{"@type":"WebPage","@id":"https:\/\/www.laguiadepamplona.com\/actualidad\/el-ayuntamiento-de-pamplona-amplia-este-ano-hasta-los-400-000-euros-la-convocatoria-de-prestaciones-directas-para-personas-y-familias-en-situacion-de-emergencia-social\/","url":"https:\/\/www.laguiadepamplona.com\/actualidad\/el-ayuntamiento-de-pamplona-amplia-este-ano-hasta-los-400-000-euros-la-convocatoria-de-prestaciones-directas-para-personas-y-familias-en-situacion-de-emergencia-social\/","name":"El Ayuntamiento de Pamplona amplia este a\u00f1o hasta los 400.000 euros la convocatoria de prestaciones directas para personas y familias en situaci\u00f3n de emergencia social","isPartOf":{"@id":"https:\/\/www.laguiadepamplona.com\/actualidad\/#website"},"primaryImageOfPage":{"@id":"https:\/\/www.laguiadepamplona.com\/actualidad\/el-ayuntamiento-de-pamplona-amplia-este-ano-hasta-los-400-000-euros-la-convocatoria-de-prestaciones-directas-para-personas-y-familias-en-situacion-de-emergencia-social\/#primaryimage"},"image":{"@id":"https:\/\/www.laguiadepamplona.com\/actualidad\/el-ayuntamiento-de-pamplona-amplia-este-ano-hasta-los-400-000-euros-la-convocatoria-de-prestaciones-directas-para-personas-y-familias-en-situacion-de-emergencia-social\/#primaryimage"},"thumbnailUrl":"","datePublished":"2016-01-18T14:50:59+00:00","breadcrumb":{"@id":"https:\/\/www.laguiadepamplona.com\/actualidad\/el-ayuntamiento-de-pamplona-amplia-este-ano-hasta-los-400-000-euros-la-convocatoria-de-prestaciones-directas-para-personas-y-familias-en-situacion-de-emergencia-social\/#breadcrumb"},"inLanguage":"es","potentialAction":[{"@type":"ReadAction","target":["https:\/\/www.laguiadepamplona.com\/actualidad\/el-ayuntamiento-de-pamplona-amplia-este-ano-hasta-los-400-000-euros-la-convocatoria-de-prestaciones-directas-para-personas-y-familias-en-situacion-de-emergencia-social\/"]}]},{"@type":"ImageObject","inLanguage":"es","@id":"https:\/\/www.laguiadepamplona.com\/actualidad\/el-ayuntamiento-de-pamplona-amplia-este-ano-hasta-los-400-000-euros-la-convocatoria-de-prestaciones-directas-para-personas-y-familias-en-situacion-de-emergencia-social\/#primaryimage","url":"","contentUrl":""},{"@type":"BreadcrumbList","@id":"https:\/\/www.laguiadepamplona.com\/actualidad\/el-ayuntamiento-de-pamplona-amplia-este-ano-hasta-los-400-000-euros-la-convocatoria-de-prestaciones-directas-para-personas-y-familias-en-situacion-de-emergencia-social\/#breadcrumb","itemListElement":[{"@type":"ListItem","position":1,"name":"Portada","item":"https:\/\/www.laguiadepamplona.com\/actualidad\/"},{"@type":"ListItem","position":2,"name":"El Ayuntamiento de Pamplona amplia este a\u00f1o hasta los 400.000 euros la convocatoria de prestaciones directas para personas y familias en situaci\u00f3n de emergencia social"}]},{"@type":"WebSite","@id":"https:\/\/www.laguiadepamplona.com\/actualidad\/#website","url":"https:\/\/www.laguiadepamplona.com\/actualidad\/","name":"La gu\u00eda de Pamplona","description":"Noticias de Pamplona","publisher":{"@id":"https:\/\/www.laguiadepamplona.com\/actualidad\/#organization"},"potentialAction":[{"@type":"SearchAction","target":{"@type":"EntryPoint","urlTemplate":"https:\/\/www.laguiadepamplona.com\/actualidad\/?s={search_term_string}"},"query-input":{"@type":"PropertyValueSpecification","valueRequired":true,"valueName":"search_term_string"}}],"inLanguage":"es"},{"@type":"Organization","@id":"https:\/\/www.laguiadepamplona.com\/actualidad\/#organization","name":"La Gu\u00eda de Pamplona \/ Noticias","url":"https:\/\/www.laguiadepamplona.com\/actualidad\/","logo":{"@type":"ImageObject","inLanguage":"es","@id":"https:\/\/www.laguiadepamplona.com\/actualidad\/#\/schema\/logo\/image\/","url":"https:\/\/www.laguiadepamplona.com\/actualidad\/wp-content\/uploads\/2018\/11\/logo-laguiadepamplona18-web1.png","contentUrl":"https:\/\/www.laguiadepamplona.com\/actualidad\/wp-content\/uploads\/2018\/11\/logo-laguiadepamplona18-web1.png","width":600,"height":196,"caption":"La Gu\u00eda de Pamplona \/ Noticias"},"image":{"@id":"https:\/\/www.laguiadepamplona.com\/actualidad\/#\/schema\/logo\/image\/"},"sameAs":["https:\/\/www.facebook.com\/laguiadepamplonacom-133175176762273\/?ref=hl","https:\/\/x.com\/LaGuiadPamplona","https:\/\/www.instagram.com\/la_guia_de_pamplona\/","https:\/\/www.youtube.com\/user\/laguiadepamplona"]},{"@type":"Person","@id":"https:\/\/www.laguiadepamplona.com\/actualidad\/#\/schema\/person\/efe887376f0213d4657c93adc50b1fdb","name":"La Gu\u00eda de Pamplona","image":{"@type":"ImageObject","inLanguage":"es","@id":"https:\/\/secure.gravatar.com\/avatar\/b6992f131dc8d30ab0dff15446e9d346d9dbd95992de0fef795073f5ea83a81c?s=96&d=mm&r=g","url":"https:\/\/secure.gravatar.com\/avatar\/b6992f131dc8d30ab0dff15446e9d346d9dbd95992de0fef795073f5ea83a81c?s=96&d=mm&r=g","contentUrl":"https:\/\/secure.gravatar.com\/avatar\/b6992f131dc8d30ab0dff15446e9d346d9dbd95992de0fef795073f5ea83a81c?s=96&d=mm&r=g","caption":"La Gu\u00eda de Pamplona"}}]}},"post_mailing_queue_ids":[],"_links":{"self":[{"href":"https:\/\/www.laguiadepamplona.com\/actualidad\/wp-json\/wp\/v2\/posts\/8544","targetHints":{"allow":["GET"]}}],"collection":[{"href":"https:\/\/www.laguiadepamplona.com\/actualidad\/wp-json\/wp\/v2\/posts"}],"about":[{"href":"https:\/\/www.laguiadepamplona.com\/actualidad\/wp-json\/wp\/v2\/types\/post"}],"author":[{"embeddable":true,"href":"https:\/\/www.laguiadepamplona.com\/actualidad\/wp-json\/wp\/v2\/users\/1"}],"replies":[{"embeddable":true,"href":"https:\/\/www.laguiadepamplona.com\/actualidad\/wp-json\/wp\/v2\/comments?post=8544"}],"version-history":[{"count":0,"href":"https:\/\/www.laguiadepamplona.com\/actualidad\/wp-json\/wp\/v2\/posts\/8544\/revisions"}],"wp:featuredmedia":[{"embeddable":true,"href":"https:\/\/www.laguiadepamplona.com\/actualidad\/wp-json\/"}],"wp:attachment":[{"href":"https:\/\/www.laguiadepamplona.com\/actualidad\/wp-json\/wp\/v2\/media?parent=8544"}],"wp:term":[{"taxonomy":"category","embeddable":true,"href":"https:\/\/www.laguiadepamplona.com\/actualidad\/wp-json\/wp\/v2\/categories?post=8544"},{"taxonomy":"post_tag","embeddable":true,"href":"https:\/\/www.laguiadepamplona.com\/actualidad\/wp-json\/wp\/v2\/tags?post=8544"}],"curies":[{"name":"wp","href":"https:\/\/api.w.org\/{rel}","templated":true}]}}