{"id":850,"date":"2014-03-20T18:41:26","date_gmt":"2014-03-20T17:41:26","guid":{"rendered":"http:\/\/laguiadepamplona.es\/noticias\/?p=850"},"modified":"2014-03-20T18:41:26","modified_gmt":"2014-03-20T17:41:26","slug":"la-escuela-infantil-de-milagrosa-se-alza-con-premio-arquitectura-espanola-2013","status":"publish","type":"post","link":"https:\/\/www.laguiadepamplona.com\/actualidad\/la-escuela-infantil-de-milagrosa-se-alza-con-premio-arquitectura-espanola-2013\/","title":{"rendered":"La Escuela Infantil de Milagrosa se alza con \u2018Premio Arquitectura Espa\u00f1ola 2013\u2019"},"content":{"rendered":"<h6>El galard\u00f3n, otorgado por el Consejo Superior de Colegios de Arquitectos de Espa\u00f1a, se obtiene exaequo con un hospital sevillano<\/h6>\n<p><a href=\"http:\/\/laguiadepamplona.es\/noticias\/wp-content\/uploads\/2014\/03\/EEII_milagrosa_premio3.jpg\"><img loading=\"lazy\" decoding=\"async\" class=\"alignleft size-medium wp-image-851\" alt=\"EEII_milagrosa_premio3\" src=\"http:\/\/laguiadepamplona.es\/noticias\/wp-content\/uploads\/2014\/03\/EEII_milagrosa_premio3-300x200.jpg\" width=\"300\" height=\"200\" \/><\/a>La Escuela Infantil de Milagrosa, que entr\u00f3 en funcionamiento en curso 2012\/2013 ha sido el premio \u2018Arquitectura Espa\u00f1ola 2013\u2019, elegida de entre 53 obras construidas en toda Espa\u00f1a. La Escuela Infantil fue un proyecto de los arquitectos \u00d3scar P\u00e9rez Silanes y Carlos Pereda Iglesias para el Ayuntamiento de Pamplona, parcialmente financiado con cargo a fondos FEDER de la Uni\u00f3n Europea. El premio para el proyecto pamplon\u00e9s se ha obtenido exaequo con la obra \u2018Hospital Cartuja. Instituto Cartuja de T\u00e9cnicas Avanzadas en Medicina\u2019 de Sevilla, obra de los arquitectos Jos\u00e9 Morales, Sara de Giles y Miguel Hern\u00e1ndez Valencia.<\/p>\n<p>Este premio bianual, organizado por el Consejo Superior de Colegios de Arquitectos de Espa\u00f1a desde 1993 es uno de los de m\u00e1ximo rango en el pa\u00eds y, por primera vez, recae en un edificio de Navarra. El premio, seg\u00fan sus creadores, pretende \u201cdar a conocer p\u00fablicamente la calidad de las obras de arquitectura que se realizan en Espa\u00f1a\u201d (obras de nueva planta o rehabilitaciones de edificios) y se concede a \u201caquella obra finalizada, que se considere es merecedora de reconocimiento por su singularidad arquitect\u00f3nica, su aportaci\u00f3n innovadora y su paradigm\u00e1tica calidad construida.<\/p>\n<p><a href=\"http:\/\/laguiadepamplona.es\/noticias\/wp-content\/uploads\/2014\/03\/EEII_milagrosa_premio1.jpg\"><img loading=\"lazy\" decoding=\"async\" class=\"alignleft size-medium wp-image-852\" alt=\"EEII_milagrosa_premio1\" src=\"http:\/\/laguiadepamplona.es\/noticias\/wp-content\/uploads\/2014\/03\/EEII_milagrosa_premio1-300x265.jpg\" width=\"300\" height=\"265\" \/><\/a>El jurado del premio fall\u00f3, el pasado martes 18, entre los 20 proyectos preseleccionados. Los miembros del jurado son seis. En representaci\u00f3n de los ministros de Fomento y Cultura est\u00e1n Rafael Catal\u00e1 Polo, secretario de estado de Infraestructuras Transporte y Vivienda y Alfonso Mu\u00f1oz Cosme, arquitecto y subdirctor del Instituto de Patrimonio Cultural de Espa\u00f1a. Adem\u00e1s el presidente del Consejo Superior de Colegios de Arquitectos de Espa\u00f1a, Jordi Ludevid i Anglada; dos arquitectos de reconocido prestigio, Fuensanta Nieto de la Cierva y Rafael Aranda i Quiles y, como Secretario del jurado, el secretario general del Consejo Superior, Eloy Algorri Garc\u00eda.<\/p>\n<p>Esta escuela ha recibido en los dos \u00faltimos a\u00f1os numerosos galardones, entre los que destacan la XII Bienal Espa\u00f1ola de Arquitectura y Urbanismo y el Premio Construmat de Edificaci\u00f3n, otorgados el pasado a\u00f1o.<\/p>\n<p><strong>La Escuela Infantil de Milagrosa<\/strong><\/p>\n<p>Esta infraestructura que se alza en la plaza Alfredo Florist\u00e1n de Milagrosa (antiguo Solar de Galle). Se caracteriza por tres l\u00edneas de dise\u00f1o. En la dial\u00e9ctica interior y exterior, esta escuela cuenta con todos los elementos propios de las escuelas infantiles municipales, con la peculiaridad que contar con un tapiz ajardinado en los techos, que genera una vista \u2018verde\u2019 para los vecinos de la plaza. Asimismo el cerramiento perimetral del conjunto es una celos\u00eda de piezas verticales de hormig\u00f3n blanco que crea un espacio de protecci\u00f3n sin aislar visualmente la escuela.<\/p>\n<p><a href=\"http:\/\/laguiadepamplona.es\/noticias\/wp-content\/uploads\/2014\/03\/EEII_milagrosa_premio2.jpg\"><img loading=\"lazy\" decoding=\"async\" class=\"alignleft size-medium wp-image-853\" alt=\"EEII_milagrosa_premio2\" src=\"http:\/\/laguiadepamplona.es\/noticias\/wp-content\/uploads\/2014\/03\/EEII_milagrosa_premio2-300x288.jpg\" width=\"300\" height=\"288\" \/><\/a>Adem\u00e1s est\u00e1 dise\u00f1ada en tres m\u00f3dulos de una sola planta, cada uno de ellos configurado como una unidad visual y con accesos, servicios y patios independientes. Son m\u00f3dulos paralelos entre s\u00ed y alineados con las traseras de los edificios y el salto de planos entre los edificios, por el desnivel del solar, permite disponer dos lucernarios para la iluminaci\u00f3n natural.<\/p>\n<p>Finalmente en el dise\u00f1o de las instalaciones del edificio priman las soluciones ambientalmente sostenibles, ya que aproximadamente el 75% de la energ\u00eda t\u00e9rmica que requiere el edificio se obtiene del subsuelo a trav\u00e9s de pozos geot\u00e9rmicos, un sistema de producci\u00f3n, que se aplicaba por primera vez en una escuela infantil en Pamplona.<\/p>\n<div>\n<p><strong>La Escuela Infantil de Milagrosa<\/strong><\/p>\n<\/div>\n<ul>\n<li><b>D\u00f3nde:<\/b> plaza de Alfredo Florist\u00e1n s\/n (Milagrosa)<\/li>\n<li><b>Superficie construida:<\/b> 1.629, 16 m<sup>2<\/sup><\/li>\n<li><b>Fecha de inicio: <\/b>mayo de 2010<\/li>\n<li><b>Fecha de finalizaci\u00f3n:<\/b> junio 2011<\/li>\n<li><b>Inversi\u00f3n:<\/b> 2,3 millones de euros (un 38% a cargo de fondos FEDER de la UE)<\/li>\n<\/ul>\n<div>\n<p><strong>Ficha t\u00e9cnica<\/strong><\/p>\n<\/div>\n<ul>\n<li><b>Promueve: <\/b>Ayuntamiento de Pamplona<b><\/b><\/li>\n<li><b>Arquitectos:<\/b> \u00d3scar P\u00e9rez Silanes y Carlos Pereda Iglesias<\/li>\n<li><b>Arquitectos t\u00e9cnicos:<\/b> Pedro Mari Legarreta Nuin y Marc Bux\u00f3<\/li>\n<li><b>Constructora: <\/b>Guill\u00e9n Obras y Proyectos S.L.<\/li>\n<\/ul>\n<p>&nbsp;<\/p>\n","protected":false},"excerpt":{"rendered":"<p>El galard\u00f3n, otorgado por el Consejo Superior de Colegios de Arquitectos de Espa\u00f1a, se obtiene exaequo con un hospital sevillano La Escuela Infantil de Milagrosa, que entr\u00f3 en funcionamiento en&#8230;<\/p>\n","protected":false},"author":1,"featured_media":851,"comment_status":"closed","ping_status":"open","sticky":false,"template":"","format":"standard","meta":{"footnotes":""},"categories":[2],"tags":[5,6,523,8,9,524],"class_list":["post-850","post","type-post","status-publish","format-standard","has-post-thumbnail","hentry","category-ayuntamiento-pamplona","tag-actualidad","tag-ayto-pamplona","tag-escuela-infantil-de-milagrosa","tag-noticias","tag-pamplona","tag-premio-arquitectura-espanola-2013"],"yoast_head":"<!-- This site is optimized with the Yoast SEO plugin v27.5 - https:\/\/yoast.com\/product\/yoast-seo-wordpress\/ -->\n<title>La Escuela Infantil de Milagrosa se alza con \u2018Premio Arquitectura Espa\u00f1ola 2013\u2019<\/title>\n<meta name=\"robots\" content=\"index, follow, max-snippet:-1, max-image-preview:large, max-video-preview:-1\" \/>\n<link rel=\"canonical\" href=\"https:\/\/www.laguiadepamplona.com\/actualidad\/la-escuela-infantil-de-milagrosa-se-alza-con-premio-arquitectura-espanola-2013\/\" \/>\n<meta property=\"og:locale\" content=\"es_ES\" \/>\n<meta property=\"og:type\" content=\"article\" \/>\n<meta property=\"og:title\" content=\"La Escuela Infantil de Milagrosa se alza con \u2018Premio Arquitectura Espa\u00f1ola 2013\u2019\" \/>\n<meta property=\"og:description\" content=\"El galard\u00f3n, otorgado por el Consejo Superior de Colegios de Arquitectos de Espa\u00f1a, se obtiene exaequo con un hospital sevillano La Escuela Infantil de Milagrosa, que entr\u00f3 en funcionamiento en...\" \/>\n<meta property=\"og:url\" content=\"https:\/\/www.laguiadepamplona.com\/actualidad\/la-escuela-infantil-de-milagrosa-se-alza-con-premio-arquitectura-espanola-2013\/\" \/>\n<meta property=\"og:site_name\" content=\"La Gu\u00eda de Pamplona\" \/>\n<meta property=\"article:publisher\" content=\"https:\/\/www.facebook.com\/laguiadepamplonacom-133175176762273\/?ref=hl\" \/>\n<meta property=\"article:published_time\" content=\"2014-03-20T17:41:26+00:00\" \/>\n<meta name=\"author\" content=\"La Gu\u00eda de Pamplona\" \/>\n<meta name=\"twitter:card\" content=\"summary_large_image\" \/>\n<meta name=\"twitter:creator\" content=\"@LaGuiadPamplona\" \/>\n<meta name=\"twitter:site\" content=\"@LaGuiadPamplona\" \/>\n<meta name=\"twitter:label1\" content=\"Escrito por\" \/>\n\t<meta name=\"twitter:data1\" content=\"La Gu\u00eda de Pamplona\" \/>\n\t<meta name=\"twitter:label2\" content=\"Tiempo de lectura\" \/>\n\t<meta name=\"twitter:data2\" content=\"3 minutos\" \/>\n<script type=\"application\/ld+json\" class=\"yoast-schema-graph\">{\"@context\":\"https:\\\/\\\/schema.org\",\"@graph\":[{\"@type\":\"Article\",\"@id\":\"https:\\\/\\\/www.laguiadepamplona.com\\\/actualidad\\\/la-escuela-infantil-de-milagrosa-se-alza-con-premio-arquitectura-espanola-2013\\\/#article\",\"isPartOf\":{\"@id\":\"https:\\\/\\\/www.laguiadepamplona.com\\\/actualidad\\\/la-escuela-infantil-de-milagrosa-se-alza-con-premio-arquitectura-espanola-2013\\\/\"},\"author\":{\"name\":\"La Gu\u00eda de Pamplona\",\"@id\":\"https:\\\/\\\/www.laguiadepamplona.com\\\/actualidad\\\/#\\\/schema\\\/person\\\/efe887376f0213d4657c93adc50b1fdb\"},\"headline\":\"La Escuela Infantil de Milagrosa se alza con \u2018Premio Arquitectura Espa\u00f1ola 2013\u2019\",\"datePublished\":\"2014-03-20T17:41:26+00:00\",\"mainEntityOfPage\":{\"@id\":\"https:\\\/\\\/www.laguiadepamplona.com\\\/actualidad\\\/la-escuela-infantil-de-milagrosa-se-alza-con-premio-arquitectura-espanola-2013\\\/\"},\"wordCount\":679,\"publisher\":{\"@id\":\"https:\\\/\\\/www.laguiadepamplona.com\\\/actualidad\\\/#organization\"},\"image\":{\"@id\":\"https:\\\/\\\/www.laguiadepamplona.com\\\/actualidad\\\/la-escuela-infantil-de-milagrosa-se-alza-con-premio-arquitectura-espanola-2013\\\/#primaryimage\"},\"thumbnailUrl\":\"\",\"keywords\":[\"actualidad\",\"ayto pamplona\",\"Escuela Infantil de Milagrosa\",\"noticias\",\"pamplona\",\"Premio Arquitectura Espa\u00f1ola 2013\"],\"articleSection\":[\"Ayto Pamplona\"],\"inLanguage\":\"es\"},{\"@type\":\"WebPage\",\"@id\":\"https:\\\/\\\/www.laguiadepamplona.com\\\/actualidad\\\/la-escuela-infantil-de-milagrosa-se-alza-con-premio-arquitectura-espanola-2013\\\/\",\"url\":\"https:\\\/\\\/www.laguiadepamplona.com\\\/actualidad\\\/la-escuela-infantil-de-milagrosa-se-alza-con-premio-arquitectura-espanola-2013\\\/\",\"name\":\"La Escuela Infantil de Milagrosa se alza con \u2018Premio Arquitectura Espa\u00f1ola 2013\u2019\",\"isPartOf\":{\"@id\":\"https:\\\/\\\/www.laguiadepamplona.com\\\/actualidad\\\/#website\"},\"primaryImageOfPage\":{\"@id\":\"https:\\\/\\\/www.laguiadepamplona.com\\\/actualidad\\\/la-escuela-infantil-de-milagrosa-se-alza-con-premio-arquitectura-espanola-2013\\\/#primaryimage\"},\"image\":{\"@id\":\"https:\\\/\\\/www.laguiadepamplona.com\\\/actualidad\\\/la-escuela-infantil-de-milagrosa-se-alza-con-premio-arquitectura-espanola-2013\\\/#primaryimage\"},\"thumbnailUrl\":\"\",\"datePublished\":\"2014-03-20T17:41:26+00:00\",\"breadcrumb\":{\"@id\":\"https:\\\/\\\/www.laguiadepamplona.com\\\/actualidad\\\/la-escuela-infantil-de-milagrosa-se-alza-con-premio-arquitectura-espanola-2013\\\/#breadcrumb\"},\"inLanguage\":\"es\",\"potentialAction\":[{\"@type\":\"ReadAction\",\"target\":[\"https:\\\/\\\/www.laguiadepamplona.com\\\/actualidad\\\/la-escuela-infantil-de-milagrosa-se-alza-con-premio-arquitectura-espanola-2013\\\/\"]}]},{\"@type\":\"ImageObject\",\"inLanguage\":\"es\",\"@id\":\"https:\\\/\\\/www.laguiadepamplona.com\\\/actualidad\\\/la-escuela-infantil-de-milagrosa-se-alza-con-premio-arquitectura-espanola-2013\\\/#primaryimage\",\"url\":\"\",\"contentUrl\":\"\"},{\"@type\":\"BreadcrumbList\",\"@id\":\"https:\\\/\\\/www.laguiadepamplona.com\\\/actualidad\\\/la-escuela-infantil-de-milagrosa-se-alza-con-premio-arquitectura-espanola-2013\\\/#breadcrumb\",\"itemListElement\":[{\"@type\":\"ListItem\",\"position\":1,\"name\":\"Portada\",\"item\":\"https:\\\/\\\/www.laguiadepamplona.com\\\/actualidad\\\/\"},{\"@type\":\"ListItem\",\"position\":2,\"name\":\"La Escuela Infantil de Milagrosa se alza con \u2018Premio Arquitectura Espa\u00f1ola 2013\u2019\"}]},{\"@type\":\"WebSite\",\"@id\":\"https:\\\/\\\/www.laguiadepamplona.com\\\/actualidad\\\/#website\",\"url\":\"https:\\\/\\\/www.laguiadepamplona.com\\\/actualidad\\\/\",\"name\":\"La gu\u00eda de Pamplona\",\"description\":\"Noticias de Pamplona\",\"publisher\":{\"@id\":\"https:\\\/\\\/www.laguiadepamplona.com\\\/actualidad\\\/#organization\"},\"potentialAction\":[{\"@type\":\"SearchAction\",\"target\":{\"@type\":\"EntryPoint\",\"urlTemplate\":\"https:\\\/\\\/www.laguiadepamplona.com\\\/actualidad\\\/?s={search_term_string}\"},\"query-input\":{\"@type\":\"PropertyValueSpecification\",\"valueRequired\":true,\"valueName\":\"search_term_string\"}}],\"inLanguage\":\"es\"},{\"@type\":\"Organization\",\"@id\":\"https:\\\/\\\/www.laguiadepamplona.com\\\/actualidad\\\/#organization\",\"name\":\"La Gu\u00eda de Pamplona \\\/ Noticias\",\"url\":\"https:\\\/\\\/www.laguiadepamplona.com\\\/actualidad\\\/\",\"logo\":{\"@type\":\"ImageObject\",\"inLanguage\":\"es\",\"@id\":\"https:\\\/\\\/www.laguiadepamplona.com\\\/actualidad\\\/#\\\/schema\\\/logo\\\/image\\\/\",\"url\":\"https:\\\/\\\/www.laguiadepamplona.com\\\/actualidad\\\/wp-content\\\/uploads\\\/2018\\\/11\\\/logo-laguiadepamplona18-web1.png\",\"contentUrl\":\"https:\\\/\\\/www.laguiadepamplona.com\\\/actualidad\\\/wp-content\\\/uploads\\\/2018\\\/11\\\/logo-laguiadepamplona18-web1.png\",\"width\":600,\"height\":196,\"caption\":\"La Gu\u00eda de Pamplona \\\/ Noticias\"},\"image\":{\"@id\":\"https:\\\/\\\/www.laguiadepamplona.com\\\/actualidad\\\/#\\\/schema\\\/logo\\\/image\\\/\"},\"sameAs\":[\"https:\\\/\\\/www.facebook.com\\\/laguiadepamplonacom-133175176762273\\\/?ref=hl\",\"https:\\\/\\\/x.com\\\/LaGuiadPamplona\",\"https:\\\/\\\/www.instagram.com\\\/la_guia_de_pamplona\\\/\",\"https:\\\/\\\/www.youtube.com\\\/user\\\/laguiadepamplona\"]},{\"@type\":\"Person\",\"@id\":\"https:\\\/\\\/www.laguiadepamplona.com\\\/actualidad\\\/#\\\/schema\\\/person\\\/efe887376f0213d4657c93adc50b1fdb\",\"name\":\"La Gu\u00eda de Pamplona\",\"image\":{\"@type\":\"ImageObject\",\"inLanguage\":\"es\",\"@id\":\"https:\\\/\\\/secure.gravatar.com\\\/avatar\\\/b6992f131dc8d30ab0dff15446e9d346d9dbd95992de0fef795073f5ea83a81c?s=96&d=mm&r=g\",\"url\":\"https:\\\/\\\/secure.gravatar.com\\\/avatar\\\/b6992f131dc8d30ab0dff15446e9d346d9dbd95992de0fef795073f5ea83a81c?s=96&d=mm&r=g\",\"contentUrl\":\"https:\\\/\\\/secure.gravatar.com\\\/avatar\\\/b6992f131dc8d30ab0dff15446e9d346d9dbd95992de0fef795073f5ea83a81c?s=96&d=mm&r=g\",\"caption\":\"La Gu\u00eda de Pamplona\"}}]}<\/script>\n<!-- \/ Yoast SEO plugin. -->","yoast_head_json":{"title":"La Escuela Infantil de Milagrosa se alza con \u2018Premio Arquitectura Espa\u00f1ola 2013\u2019","robots":{"index":"index","follow":"follow","max-snippet":"max-snippet:-1","max-image-preview":"max-image-preview:large","max-video-preview":"max-video-preview:-1"},"canonical":"https:\/\/www.laguiadepamplona.com\/actualidad\/la-escuela-infantil-de-milagrosa-se-alza-con-premio-arquitectura-espanola-2013\/","og_locale":"es_ES","og_type":"article","og_title":"La Escuela Infantil de Milagrosa se alza con \u2018Premio Arquitectura Espa\u00f1ola 2013\u2019","og_description":"El galard\u00f3n, otorgado por el Consejo Superior de Colegios de Arquitectos de Espa\u00f1a, se obtiene exaequo con un hospital sevillano La Escuela Infantil de Milagrosa, que entr\u00f3 en funcionamiento en...","og_url":"https:\/\/www.laguiadepamplona.com\/actualidad\/la-escuela-infantil-de-milagrosa-se-alza-con-premio-arquitectura-espanola-2013\/","og_site_name":"La Gu\u00eda de Pamplona","article_publisher":"https:\/\/www.facebook.com\/laguiadepamplonacom-133175176762273\/?ref=hl","article_published_time":"2014-03-20T17:41:26+00:00","author":"La Gu\u00eda de Pamplona","twitter_card":"summary_large_image","twitter_creator":"@LaGuiadPamplona","twitter_site":"@LaGuiadPamplona","twitter_misc":{"Escrito por":"La Gu\u00eda de Pamplona","Tiempo de lectura":"3 minutos"},"schema":{"@context":"https:\/\/schema.org","@graph":[{"@type":"Article","@id":"https:\/\/www.laguiadepamplona.com\/actualidad\/la-escuela-infantil-de-milagrosa-se-alza-con-premio-arquitectura-espanola-2013\/#article","isPartOf":{"@id":"https:\/\/www.laguiadepamplona.com\/actualidad\/la-escuela-infantil-de-milagrosa-se-alza-con-premio-arquitectura-espanola-2013\/"},"author":{"name":"La Gu\u00eda de Pamplona","@id":"https:\/\/www.laguiadepamplona.com\/actualidad\/#\/schema\/person\/efe887376f0213d4657c93adc50b1fdb"},"headline":"La Escuela Infantil de Milagrosa se alza con \u2018Premio Arquitectura Espa\u00f1ola 2013\u2019","datePublished":"2014-03-20T17:41:26+00:00","mainEntityOfPage":{"@id":"https:\/\/www.laguiadepamplona.com\/actualidad\/la-escuela-infantil-de-milagrosa-se-alza-con-premio-arquitectura-espanola-2013\/"},"wordCount":679,"publisher":{"@id":"https:\/\/www.laguiadepamplona.com\/actualidad\/#organization"},"image":{"@id":"https:\/\/www.laguiadepamplona.com\/actualidad\/la-escuela-infantil-de-milagrosa-se-alza-con-premio-arquitectura-espanola-2013\/#primaryimage"},"thumbnailUrl":"","keywords":["actualidad","ayto pamplona","Escuela Infantil de Milagrosa","noticias","pamplona","Premio Arquitectura Espa\u00f1ola 2013"],"articleSection":["Ayto Pamplona"],"inLanguage":"es"},{"@type":"WebPage","@id":"https:\/\/www.laguiadepamplona.com\/actualidad\/la-escuela-infantil-de-milagrosa-se-alza-con-premio-arquitectura-espanola-2013\/","url":"https:\/\/www.laguiadepamplona.com\/actualidad\/la-escuela-infantil-de-milagrosa-se-alza-con-premio-arquitectura-espanola-2013\/","name":"La Escuela Infantil de Milagrosa se alza con \u2018Premio Arquitectura Espa\u00f1ola 2013\u2019","isPartOf":{"@id":"https:\/\/www.laguiadepamplona.com\/actualidad\/#website"},"primaryImageOfPage":{"@id":"https:\/\/www.laguiadepamplona.com\/actualidad\/la-escuela-infantil-de-milagrosa-se-alza-con-premio-arquitectura-espanola-2013\/#primaryimage"},"image":{"@id":"https:\/\/www.laguiadepamplona.com\/actualidad\/la-escuela-infantil-de-milagrosa-se-alza-con-premio-arquitectura-espanola-2013\/#primaryimage"},"thumbnailUrl":"","datePublished":"2014-03-20T17:41:26+00:00","breadcrumb":{"@id":"https:\/\/www.laguiadepamplona.com\/actualidad\/la-escuela-infantil-de-milagrosa-se-alza-con-premio-arquitectura-espanola-2013\/#breadcrumb"},"inLanguage":"es","potentialAction":[{"@type":"ReadAction","target":["https:\/\/www.laguiadepamplona.com\/actualidad\/la-escuela-infantil-de-milagrosa-se-alza-con-premio-arquitectura-espanola-2013\/"]}]},{"@type":"ImageObject","inLanguage":"es","@id":"https:\/\/www.laguiadepamplona.com\/actualidad\/la-escuela-infantil-de-milagrosa-se-alza-con-premio-arquitectura-espanola-2013\/#primaryimage","url":"","contentUrl":""},{"@type":"BreadcrumbList","@id":"https:\/\/www.laguiadepamplona.com\/actualidad\/la-escuela-infantil-de-milagrosa-se-alza-con-premio-arquitectura-espanola-2013\/#breadcrumb","itemListElement":[{"@type":"ListItem","position":1,"name":"Portada","item":"https:\/\/www.laguiadepamplona.com\/actualidad\/"},{"@type":"ListItem","position":2,"name":"La Escuela Infantil de Milagrosa se alza con \u2018Premio Arquitectura Espa\u00f1ola 2013\u2019"}]},{"@type":"WebSite","@id":"https:\/\/www.laguiadepamplona.com\/actualidad\/#website","url":"https:\/\/www.laguiadepamplona.com\/actualidad\/","name":"La gu\u00eda de Pamplona","description":"Noticias de Pamplona","publisher":{"@id":"https:\/\/www.laguiadepamplona.com\/actualidad\/#organization"},"potentialAction":[{"@type":"SearchAction","target":{"@type":"EntryPoint","urlTemplate":"https:\/\/www.laguiadepamplona.com\/actualidad\/?s={search_term_string}"},"query-input":{"@type":"PropertyValueSpecification","valueRequired":true,"valueName":"search_term_string"}}],"inLanguage":"es"},{"@type":"Organization","@id":"https:\/\/www.laguiadepamplona.com\/actualidad\/#organization","name":"La Gu\u00eda de Pamplona \/ Noticias","url":"https:\/\/www.laguiadepamplona.com\/actualidad\/","logo":{"@type":"ImageObject","inLanguage":"es","@id":"https:\/\/www.laguiadepamplona.com\/actualidad\/#\/schema\/logo\/image\/","url":"https:\/\/www.laguiadepamplona.com\/actualidad\/wp-content\/uploads\/2018\/11\/logo-laguiadepamplona18-web1.png","contentUrl":"https:\/\/www.laguiadepamplona.com\/actualidad\/wp-content\/uploads\/2018\/11\/logo-laguiadepamplona18-web1.png","width":600,"height":196,"caption":"La Gu\u00eda de Pamplona \/ Noticias"},"image":{"@id":"https:\/\/www.laguiadepamplona.com\/actualidad\/#\/schema\/logo\/image\/"},"sameAs":["https:\/\/www.facebook.com\/laguiadepamplonacom-133175176762273\/?ref=hl","https:\/\/x.com\/LaGuiadPamplona","https:\/\/www.instagram.com\/la_guia_de_pamplona\/","https:\/\/www.youtube.com\/user\/laguiadepamplona"]},{"@type":"Person","@id":"https:\/\/www.laguiadepamplona.com\/actualidad\/#\/schema\/person\/efe887376f0213d4657c93adc50b1fdb","name":"La Gu\u00eda de Pamplona","image":{"@type":"ImageObject","inLanguage":"es","@id":"https:\/\/secure.gravatar.com\/avatar\/b6992f131dc8d30ab0dff15446e9d346d9dbd95992de0fef795073f5ea83a81c?s=96&d=mm&r=g","url":"https:\/\/secure.gravatar.com\/avatar\/b6992f131dc8d30ab0dff15446e9d346d9dbd95992de0fef795073f5ea83a81c?s=96&d=mm&r=g","contentUrl":"https:\/\/secure.gravatar.com\/avatar\/b6992f131dc8d30ab0dff15446e9d346d9dbd95992de0fef795073f5ea83a81c?s=96&d=mm&r=g","caption":"La Gu\u00eda de Pamplona"}}]}},"post_mailing_queue_ids":[],"_links":{"self":[{"href":"https:\/\/www.laguiadepamplona.com\/actualidad\/wp-json\/wp\/v2\/posts\/850","targetHints":{"allow":["GET"]}}],"collection":[{"href":"https:\/\/www.laguiadepamplona.com\/actualidad\/wp-json\/wp\/v2\/posts"}],"about":[{"href":"https:\/\/www.laguiadepamplona.com\/actualidad\/wp-json\/wp\/v2\/types\/post"}],"author":[{"embeddable":true,"href":"https:\/\/www.laguiadepamplona.com\/actualidad\/wp-json\/wp\/v2\/users\/1"}],"replies":[{"embeddable":true,"href":"https:\/\/www.laguiadepamplona.com\/actualidad\/wp-json\/wp\/v2\/comments?post=850"}],"version-history":[{"count":0,"href":"https:\/\/www.laguiadepamplona.com\/actualidad\/wp-json\/wp\/v2\/posts\/850\/revisions"}],"wp:featuredmedia":[{"embeddable":true,"href":"https:\/\/www.laguiadepamplona.com\/actualidad\/wp-json\/"}],"wp:attachment":[{"href":"https:\/\/www.laguiadepamplona.com\/actualidad\/wp-json\/wp\/v2\/media?parent=850"}],"wp:term":[{"taxonomy":"category","embeddable":true,"href":"https:\/\/www.laguiadepamplona.com\/actualidad\/wp-json\/wp\/v2\/categories?post=850"},{"taxonomy":"post_tag","embeddable":true,"href":"https:\/\/www.laguiadepamplona.com\/actualidad\/wp-json\/wp\/v2\/tags?post=850"}],"curies":[{"name":"wp","href":"https:\/\/api.w.org\/{rel}","templated":true}]}}