{"id":8471,"date":"2016-01-08T13:35:58","date_gmt":"2016-01-08T11:35:58","guid":{"rendered":"http:\/\/laguiadepamplona.com\/actualidad\/?p=8471"},"modified":"2016-01-08T13:35:58","modified_gmt":"2016-01-08T11:35:58","slug":"ruper-ordorika-el-drogas-el-payaso-luis-bermejo-el-festival-de-teatro-escenica-o-los-ciclos-musicales-musync-y-pam16-propuestas-de-la-red-civivox-para-este-trimestre","status":"publish","type":"post","link":"https:\/\/www.laguiadepamplona.com\/actualidad\/ruper-ordorika-el-drogas-el-payaso-luis-bermejo-el-festival-de-teatro-escenica-o-los-ciclos-musicales-musync-y-pam16-propuestas-de-la-red-civivox-para-este-trimestre\/","title":{"rendered":"Ruper Ordorika, El Drogas, el payaso Luis Bermejo, el festival de teatro Esc\u00e9nica o los ciclos musicales \u00a1Musync! y PAM\u00b416, propuestas de la red Civivox para este trimestre"},"content":{"rendered":"<h4>Entre enero y marzo habr\u00e1 tambi\u00e9n actividades infantiles, fotograf\u00eda, teatro, cine, poes\u00eda, cultura contempor\u00e1nea y conferencias y teatro en euskera<\/h4>\n<p><img loading=\"lazy\" decoding=\"async\" class=\"alignleft size-medium wp-image-8472\" src=\"http:\/\/laguiadepamplona.com\/actualidad\/wp-content\/uploads\/2016\/01\/folleto_civivox_primer_trimestre_CAST-1-300x300.jpg\" alt=\"untitled\" width=\"300\" height=\"300\" \/>La red Civivox ha preparado para el primer trimestre del a\u00f1o m\u00e1s de un centenar de actividades dirigidas a todo tipo de p\u00fablicos. La m\u00fasica, el teatro, el cine, la fotograf\u00eda, exposiciones, proyectos de cultura contempor\u00e1nea, poes\u00eda o citas para los menores de la casa conforman un variado programa. Ruper Ordorika, El Drogas, el payaso Luis Bermejo, la compa\u00f1\u00eda Arena en los Bolsillos, los ciclos musicales PAM\u00b416 o \u00a1Musync! o los programas teatrales Teatreves, Esc\u00e9nica Navarra o la Quincena de Teatro Universitario pasar\u00e1n por los civivox entre enero y marzo.<\/p>\n<p>Las actuaciones m\u00e1s destacadas se enmarcan dentro del programa Escenarios. Cuatro citas durante el trimestre que comenzar\u00e1n el 22 de enero con El Drogas y la (Des) Memoria Band. Enrique Villarreal retoma el proyecto del disco \u2018La tierra est\u00e1 sorda\u2019 de Barricada, con canciones sobre sucesos de la Guerra Civil, y le da una vuelta de tuerca con un concierto de nuevo formato con m\u00fasica e im\u00e1genes. La actuaci\u00f3n ser\u00e1 a las 20 horas en Civivox San Jorge, con entrada al precio de 6 euros. El 13 de febrero ser\u00e1 el turno del teatro clown con el actor Luis Bermejo que pondr\u00e1 en escena \u2018El minuto del payaso\u2019 en Civivox Iturrama, tambi\u00e9n con entrada a 6 euros.<\/p>\n<p>La tercera cita ser\u00e1 una semana despu\u00e9s, el 20 de febrero, en doble sesi\u00f3n, a las 11 y a las 12.30 horas. Estar\u00e1 dedicada a beb\u00e9s de 1 a 3 a\u00f1os. La compa\u00f1\u00eda Arena en los Bolsillos representar\u00e1 \u2018Peque\u00f1a Max\u2019, una obra de teatro de objetos, t\u00edteres y po\u00e9tica clown. Ser\u00e1 en Civivox Mendillorri con un precio de 3 euros. Cerrar\u00e1 el programa Escenarios el cantautor vasco Ruper Ordorika, que repasar\u00e1 el 19 de marzo en Civivox Iturrama en un concierto ac\u00fastico sus mejores canciones. La entrada tiene un precio de 6 euros. Las entradas para estos cuatro espect\u00e1culos de Escenarios se pueden adquirir en la red Civivox y de forma on line en <a href=\"http:\/\/www.pamplona.es\/\" target=\"_blank\">www.pamplona.es<\/a>. Como todas las dem\u00e1s entradas a espect\u00e1culos del trimestre se podr\u00e1n comprar a partir del lunes 11 de enero.<\/p>\n<p><strong>PAM\u201916, Musync! y el legado de Sarasate<\/strong><\/p>\n<p>El primer ciclo musical llegar\u00e1 en este mes de enero, entre el 18 de enero y el 29 de febrero, en Civivox Condestable con Pamplona Acci\u00f3n Musical, PAM\u201916, una plataforma en la que los j\u00f3venes talentos de la m\u00fasica, principalmente navarros y nacionales, pueden mostrar su formaci\u00f3n. Habr\u00e1 nueve conciertos, encuentros musicales a modo de talleres para menores y un escaparate de lecturas en Civican.<\/p>\n<p>En colaboraci\u00f3n con el Conservatorio Superior de M\u00fasica de Navarra, del 1 al 8 de marzo, se celebrar\u00e1 una nueva edici\u00f3n de \u00a1Musync!, que incluye encuentros y proyecciones en cuatro sesiones en las que se hablar\u00e1 de flamenco, de iconograf\u00eda musical del g\u00f3tico en Navarra o sobre la mujer y la m\u00fasica.<\/p>\n<p>Sigue tambi\u00e9n un trimestre m\u00e1s el programa para difundir la figura del compositor y violinista, Pablo Sarasate, con audiciones de alumnado de m\u00fasica de c\u00e1mara de la Escuela de M\u00fasica Joaqu\u00edn Maya, talleres en familia en s\u00e1bados de febrero y marzo o visitas guiadas a la Sala Museo ubicada en el Palacio del Condestable.<\/p>\n<p><strong>Teatro a la carta<\/strong><\/p>\n<p>El teatro tambi\u00e9n ser\u00e1 protagonista en el primer trimestre del a\u00f1o con una variedad de ofertas y hasta cuatro ciclos. Del 4 al 25 de febrero en Civivox Iturrama, \u2018Teatreves. Tardes de teatro\u2019, con cuatro espect\u00e1culos, uno de ellos en euskera, de exhibici\u00f3n de teatro profesional a cargo de las compa\u00f1\u00edas navarras La Caja Flotante, Zirika Zirkus, \u00c1tikus Teatro y Acr\u00f3nica Producciones.<\/p>\n<p>Casi coincidiendo en fechas, del 5 al 27 de febrero, sexta edici\u00f3n del festival de teatro amateur Esc\u00e9nica Navarra, con espect\u00e1culos en Civivox Mendillorri y en la Casa de Cultura de Huarte. En total se pondr\u00e1n en escena ocho montajes, en un programa ya consolidado en el que colaboran los ayuntamientos de Pamplona y Huarte y la Federaci\u00f3n de Teatro Amateur de Navarra.<\/p>\n<p>Y en marzo, del 7 al 18, XVIII Quincena de teatro universitario, en colaboraci\u00f3n con el Servicio de Actividades Culturales de la Universidad de Navarra, con la representaci\u00f3n de doce montajes en Civivox Iturrama realizados por seis compa\u00f1\u00edas. Por \u00faltimo, el 10 de febrero teatro en euskera, tambi\u00e9n en Civivox Iturrama con la obra \u2018Putinen guardasola\u2019, dirigida por Asier Sota y con Ram\u00f3n Agirre e Inazio Tolosa como protagonistas.<\/p>\n<p><strong>Cultura contempor\u00e1nea, cine, jornadas po\u00e9ticas, conferencias&#8230;<\/strong><\/p>\n<p>La semana del 14 al 18 de marzo estar\u00e1 dedicada a la cultura contempor\u00e1nea con el ciclo Miradas. Cinco espect\u00e1culos, uno cada d\u00eda, en el que se expondr\u00e1n diferentes proyectos musicales, de danza e improvisaci\u00f3n, de arquitectura sonora o de teatro a cargo de Joseba Irazoki, Eva Guerrero y Julia F\u00e4rber, CMC Garaikideak, Khea Zlater o Logical Disorder.<\/p>\n<p>El trimestre del ciclo \u2018Historias de cine\u2019 estar\u00e1 dedicado al centenario del actor Kirk Douglas, uno de los grandes del s\u00e9ptimo arte. Civivox Iturrama acoger\u00e1 los martes la proyecci\u00f3n de cinco cl\u00e1sicos protagonizados por Douglas como \u2018El \u00faltimo de la lista\u2019, \u2018El extra\u00f1o amor de Marta Ivers\u2019, \u2018El gran carnaval\u2019, \u2018El loco del pelo rojo\u2019 y \u2018Duelo de titanes\u2019. Las pel\u00edculas se emiten en DVD, dobladas al castellano. Cine tambi\u00e9n en el programa de accesibilidad universal \u2018Ver, o\u00edr&#8230; y aplaudir\u2019 que se lleva a cabo en colaboraci\u00f3n con Retina Navarra. Se proyectar\u00e1n \u2018La red social\u2019, \u2018El golpe\u2019 y \u2018Malditos bastardos\u2019, en DVD con sistemas de audiodescripci\u00f3n.<\/p>\n<p>La poes\u00eda tendr\u00e1 tambi\u00e9n su espacio, con las quintas jornadas po\u00e9ticas \u2018Con otras palabras\u2019, del 10 al 15 de febrero. Un foro de encuentro y an\u00e1lisis del g\u00e9nero de la poes\u00eda con sus diferentes lenguajes l\u00edrico, musical e interpretativo. Participar\u00e1n entre otros Luis Garde, Jos\u00e9 Luis Allo y Montse Zabalza y habr\u00e1 recitales, debates y encuentros con estudiantes. Asimismo, se ha organizado un ciclo de conferencias en euskera con charlas el jueves 18 de febrero y el jueves 3 de marzo sobre huertas y jardiner\u00eda y sobre los retos feministas y la transformaci\u00f3n pol\u00edtica.<\/p>\n<p><strong>Espacio infantil, fotograf\u00edas, exposiciones<\/strong><\/p>\n<p>La red Civivox tiene tambi\u00e9n m\u00faltiples actividades dirigidas a los menores de la casa con talleres art\u00edsticos los viernes en el Aula Infantil de Civivox Condestable, taller creativo sobre el carnaval en febrero, cuentacuentos en castellano, euskera e ingl\u00e9s, danza o teatro infantil en euskera.<\/p>\n<p>Durante este trimestre la red Civivox organiza tambi\u00e9n el tradicional concurso de fotograf\u00eda Pamplona en Femenino, con un primer premio dotado con 700 euros. Se trata de mostrar fotograf\u00edas que recojan la presencia femenina en la historia, el arte, la arquitectura, la cultura, la vanguardia, las tradiciones y costumbres, en la educaci\u00f3n, en el trabajo, en la vida social&#8230; La t\u00e9cnica es libre y se pueden presentar trabajos hasta el 24 de febrero.<\/p>\n<p>Los siete civivox acoger\u00e1n tambi\u00e9n diferentes exposiciones en estos tres meses, muestras variadas de pintura, escultura o fotograf\u00eda, adem\u00e1s de las de los concursos Enfoca 2015 y Pamplona en Femenino 2016, la del alumnado de taller de grabado a la exposici\u00f3n permanente sobre Pablo Sarasate en su Sala-Museo de Condestable.<\/p>\n<h3><strong><a href=\"http:\/\/laguiadepamplona.com\/actualidad\/wp-content\/uploads\/2016\/01\/folleto_civivox_primer_trimestre_CAST.pdf\" target=\"_blank\" rel=\"\">folleto_civivox_primer_trimestre_CAST.pdf<\/a> <\/strong><\/h3>\n<h3><strong><a href=\"http:\/\/laguiadepamplona.com\/actualidad\/wp-content\/uploads\/2016\/01\/folleto_civivox_primer_trimestre_EUS.pdf\" target=\"_blank\" rel=\"\">folleto_civivox_primer_trimestre_EUS.pdf<\/a><\/strong><\/h3>\n","protected":false},"excerpt":{"rendered":"<p>Entre enero y marzo habr\u00e1 tambi\u00e9n actividades infantiles, fotograf\u00eda, teatro, cine, poes\u00eda, cultura contempor\u00e1nea y conferencias y teatro en euskera La red Civivox ha preparado para el primer trimestre del&#8230;<\/p>\n","protected":false},"author":1,"featured_media":8472,"comment_status":"closed","ping_status":"closed","sticky":false,"template":"","format":"standard","meta":{"footnotes":""},"categories":[2],"tags":[5,6,509,91,7499,7500,7501,678,8,9,7502,2005,7503],"class_list":["post-8471","post","type-post","status-publish","format-standard","has-post-thumbnail","hentry","category-ayuntamiento-pamplona","tag-actualidad","tag-ayto-pamplona","tag-ayuntamiento-de-pamplona","tag-civivox","tag-el-drogas","tag-el-festival-de-teatro-escenica","tag-el-payaso-luis-bermejo","tag-musync","tag-noticias","tag-pamplona","tag-pam16","tag-red","tag-ruper-ordorika"],"yoast_head":"<!-- This site is optimized with the Yoast SEO plugin v27.5 - https:\/\/yoast.com\/product\/yoast-seo-wordpress\/ -->\n<title>Ruper Ordorika, El Drogas, el payaso Luis Bermejo, el festival de teatro Esc\u00e9nica o los ciclos musicales \u00a1Musync! y PAM\u00b416, propuestas de la red Civivox para este trimestre<\/title>\n<meta name=\"robots\" content=\"index, follow, max-snippet:-1, max-image-preview:large, max-video-preview:-1\" \/>\n<link rel=\"canonical\" href=\"https:\/\/www.laguiadepamplona.com\/actualidad\/ruper-ordorika-el-drogas-el-payaso-luis-bermejo-el-festival-de-teatro-escenica-o-los-ciclos-musicales-musync-y-pam16-propuestas-de-la-red-civivox-para-este-trimestre\/\" \/>\n<meta property=\"og:locale\" content=\"es_ES\" \/>\n<meta property=\"og:type\" content=\"article\" \/>\n<meta property=\"og:title\" content=\"Ruper Ordorika, El Drogas, el payaso Luis Bermejo, el festival de teatro Esc\u00e9nica o los ciclos musicales \u00a1Musync! y PAM\u00b416, propuestas de la red Civivox para este trimestre\" \/>\n<meta property=\"og:description\" content=\"Entre enero y marzo habr\u00e1 tambi\u00e9n actividades infantiles, fotograf\u00eda, teatro, cine, poes\u00eda, cultura contempor\u00e1nea y conferencias y teatro en euskera La red Civivox ha preparado para el primer trimestre del...\" \/>\n<meta property=\"og:url\" content=\"https:\/\/www.laguiadepamplona.com\/actualidad\/ruper-ordorika-el-drogas-el-payaso-luis-bermejo-el-festival-de-teatro-escenica-o-los-ciclos-musicales-musync-y-pam16-propuestas-de-la-red-civivox-para-este-trimestre\/\" \/>\n<meta property=\"og:site_name\" content=\"La Gu\u00eda de Pamplona\" \/>\n<meta property=\"article:publisher\" content=\"https:\/\/www.facebook.com\/laguiadepamplonacom-133175176762273\/?ref=hl\" \/>\n<meta property=\"article:published_time\" content=\"2016-01-08T11:35:58+00:00\" \/>\n<meta name=\"author\" content=\"La Gu\u00eda de Pamplona\" \/>\n<meta name=\"twitter:card\" content=\"summary_large_image\" \/>\n<meta name=\"twitter:creator\" content=\"@LaGuiadPamplona\" \/>\n<meta name=\"twitter:site\" content=\"@LaGuiadPamplona\" \/>\n<meta name=\"twitter:label1\" content=\"Escrito por\" \/>\n\t<meta name=\"twitter:data1\" content=\"La Gu\u00eda de Pamplona\" \/>\n\t<meta name=\"twitter:label2\" content=\"Tiempo de lectura\" \/>\n\t<meta name=\"twitter:data2\" content=\"6 minutos\" \/>\n<script type=\"application\/ld+json\" class=\"yoast-schema-graph\">{\"@context\":\"https:\\\/\\\/schema.org\",\"@graph\":[{\"@type\":\"Article\",\"@id\":\"https:\\\/\\\/www.laguiadepamplona.com\\\/actualidad\\\/ruper-ordorika-el-drogas-el-payaso-luis-bermejo-el-festival-de-teatro-escenica-o-los-ciclos-musicales-musync-y-pam16-propuestas-de-la-red-civivox-para-este-trimestre\\\/#article\",\"isPartOf\":{\"@id\":\"https:\\\/\\\/www.laguiadepamplona.com\\\/actualidad\\\/ruper-ordorika-el-drogas-el-payaso-luis-bermejo-el-festival-de-teatro-escenica-o-los-ciclos-musicales-musync-y-pam16-propuestas-de-la-red-civivox-para-este-trimestre\\\/\"},\"author\":{\"name\":\"La Gu\u00eda de Pamplona\",\"@id\":\"https:\\\/\\\/www.laguiadepamplona.com\\\/actualidad\\\/#\\\/schema\\\/person\\\/efe887376f0213d4657c93adc50b1fdb\"},\"headline\":\"Ruper Ordorika, El Drogas, el payaso Luis Bermejo, el festival de teatro Esc\u00e9nica o los ciclos musicales \u00a1Musync! y PAM\u00b416, propuestas de la red Civivox para este trimestre\",\"datePublished\":\"2016-01-08T11:35:58+00:00\",\"mainEntityOfPage\":{\"@id\":\"https:\\\/\\\/www.laguiadepamplona.com\\\/actualidad\\\/ruper-ordorika-el-drogas-el-payaso-luis-bermejo-el-festival-de-teatro-escenica-o-los-ciclos-musicales-musync-y-pam16-propuestas-de-la-red-civivox-para-este-trimestre\\\/\"},\"wordCount\":1291,\"publisher\":{\"@id\":\"https:\\\/\\\/www.laguiadepamplona.com\\\/actualidad\\\/#organization\"},\"image\":{\"@id\":\"https:\\\/\\\/www.laguiadepamplona.com\\\/actualidad\\\/ruper-ordorika-el-drogas-el-payaso-luis-bermejo-el-festival-de-teatro-escenica-o-los-ciclos-musicales-musync-y-pam16-propuestas-de-la-red-civivox-para-este-trimestre\\\/#primaryimage\"},\"thumbnailUrl\":\"\",\"keywords\":[\"actualidad\",\"ayto pamplona\",\"Ayuntamiento de Pamplona\",\"civivox\",\"El Drogas\",\"el festival de teatro Esc\u00e9nica\",\"el payaso Luis Bermejo\",\"MuSync\",\"noticias\",\"pamplona\",\"PAM\u00b416\",\"red\",\"Ruper Ordorika\"],\"articleSection\":[\"Ayto Pamplona\"],\"inLanguage\":\"es\"},{\"@type\":\"WebPage\",\"@id\":\"https:\\\/\\\/www.laguiadepamplona.com\\\/actualidad\\\/ruper-ordorika-el-drogas-el-payaso-luis-bermejo-el-festival-de-teatro-escenica-o-los-ciclos-musicales-musync-y-pam16-propuestas-de-la-red-civivox-para-este-trimestre\\\/\",\"url\":\"https:\\\/\\\/www.laguiadepamplona.com\\\/actualidad\\\/ruper-ordorika-el-drogas-el-payaso-luis-bermejo-el-festival-de-teatro-escenica-o-los-ciclos-musicales-musync-y-pam16-propuestas-de-la-red-civivox-para-este-trimestre\\\/\",\"name\":\"Ruper Ordorika, El Drogas, el payaso Luis Bermejo, el festival de teatro Esc\u00e9nica o los ciclos musicales \u00a1Musync! y PAM\u00b416, propuestas de la red Civivox para este trimestre\",\"isPartOf\":{\"@id\":\"https:\\\/\\\/www.laguiadepamplona.com\\\/actualidad\\\/#website\"},\"primaryImageOfPage\":{\"@id\":\"https:\\\/\\\/www.laguiadepamplona.com\\\/actualidad\\\/ruper-ordorika-el-drogas-el-payaso-luis-bermejo-el-festival-de-teatro-escenica-o-los-ciclos-musicales-musync-y-pam16-propuestas-de-la-red-civivox-para-este-trimestre\\\/#primaryimage\"},\"image\":{\"@id\":\"https:\\\/\\\/www.laguiadepamplona.com\\\/actualidad\\\/ruper-ordorika-el-drogas-el-payaso-luis-bermejo-el-festival-de-teatro-escenica-o-los-ciclos-musicales-musync-y-pam16-propuestas-de-la-red-civivox-para-este-trimestre\\\/#primaryimage\"},\"thumbnailUrl\":\"\",\"datePublished\":\"2016-01-08T11:35:58+00:00\",\"breadcrumb\":{\"@id\":\"https:\\\/\\\/www.laguiadepamplona.com\\\/actualidad\\\/ruper-ordorika-el-drogas-el-payaso-luis-bermejo-el-festival-de-teatro-escenica-o-los-ciclos-musicales-musync-y-pam16-propuestas-de-la-red-civivox-para-este-trimestre\\\/#breadcrumb\"},\"inLanguage\":\"es\",\"potentialAction\":[{\"@type\":\"ReadAction\",\"target\":[\"https:\\\/\\\/www.laguiadepamplona.com\\\/actualidad\\\/ruper-ordorika-el-drogas-el-payaso-luis-bermejo-el-festival-de-teatro-escenica-o-los-ciclos-musicales-musync-y-pam16-propuestas-de-la-red-civivox-para-este-trimestre\\\/\"]}]},{\"@type\":\"ImageObject\",\"inLanguage\":\"es\",\"@id\":\"https:\\\/\\\/www.laguiadepamplona.com\\\/actualidad\\\/ruper-ordorika-el-drogas-el-payaso-luis-bermejo-el-festival-de-teatro-escenica-o-los-ciclos-musicales-musync-y-pam16-propuestas-de-la-red-civivox-para-este-trimestre\\\/#primaryimage\",\"url\":\"\",\"contentUrl\":\"\"},{\"@type\":\"BreadcrumbList\",\"@id\":\"https:\\\/\\\/www.laguiadepamplona.com\\\/actualidad\\\/ruper-ordorika-el-drogas-el-payaso-luis-bermejo-el-festival-de-teatro-escenica-o-los-ciclos-musicales-musync-y-pam16-propuestas-de-la-red-civivox-para-este-trimestre\\\/#breadcrumb\",\"itemListElement\":[{\"@type\":\"ListItem\",\"position\":1,\"name\":\"Portada\",\"item\":\"https:\\\/\\\/www.laguiadepamplona.com\\\/actualidad\\\/\"},{\"@type\":\"ListItem\",\"position\":2,\"name\":\"Ruper Ordorika, El Drogas, el payaso Luis Bermejo, el festival de teatro Esc\u00e9nica o los ciclos musicales \u00a1Musync! y PAM\u00b416, propuestas de la red Civivox para este trimestre\"}]},{\"@type\":\"WebSite\",\"@id\":\"https:\\\/\\\/www.laguiadepamplona.com\\\/actualidad\\\/#website\",\"url\":\"https:\\\/\\\/www.laguiadepamplona.com\\\/actualidad\\\/\",\"name\":\"La gu\u00eda de Pamplona\",\"description\":\"Noticias de Pamplona\",\"publisher\":{\"@id\":\"https:\\\/\\\/www.laguiadepamplona.com\\\/actualidad\\\/#organization\"},\"potentialAction\":[{\"@type\":\"SearchAction\",\"target\":{\"@type\":\"EntryPoint\",\"urlTemplate\":\"https:\\\/\\\/www.laguiadepamplona.com\\\/actualidad\\\/?s={search_term_string}\"},\"query-input\":{\"@type\":\"PropertyValueSpecification\",\"valueRequired\":true,\"valueName\":\"search_term_string\"}}],\"inLanguage\":\"es\"},{\"@type\":\"Organization\",\"@id\":\"https:\\\/\\\/www.laguiadepamplona.com\\\/actualidad\\\/#organization\",\"name\":\"La Gu\u00eda de Pamplona \\\/ Noticias\",\"url\":\"https:\\\/\\\/www.laguiadepamplona.com\\\/actualidad\\\/\",\"logo\":{\"@type\":\"ImageObject\",\"inLanguage\":\"es\",\"@id\":\"https:\\\/\\\/www.laguiadepamplona.com\\\/actualidad\\\/#\\\/schema\\\/logo\\\/image\\\/\",\"url\":\"https:\\\/\\\/www.laguiadepamplona.com\\\/actualidad\\\/wp-content\\\/uploads\\\/2018\\\/11\\\/logo-laguiadepamplona18-web1.png\",\"contentUrl\":\"https:\\\/\\\/www.laguiadepamplona.com\\\/actualidad\\\/wp-content\\\/uploads\\\/2018\\\/11\\\/logo-laguiadepamplona18-web1.png\",\"width\":600,\"height\":196,\"caption\":\"La Gu\u00eda de Pamplona \\\/ Noticias\"},\"image\":{\"@id\":\"https:\\\/\\\/www.laguiadepamplona.com\\\/actualidad\\\/#\\\/schema\\\/logo\\\/image\\\/\"},\"sameAs\":[\"https:\\\/\\\/www.facebook.com\\\/laguiadepamplonacom-133175176762273\\\/?ref=hl\",\"https:\\\/\\\/x.com\\\/LaGuiadPamplona\",\"https:\\\/\\\/www.instagram.com\\\/la_guia_de_pamplona\\\/\",\"https:\\\/\\\/www.youtube.com\\\/user\\\/laguiadepamplona\"]},{\"@type\":\"Person\",\"@id\":\"https:\\\/\\\/www.laguiadepamplona.com\\\/actualidad\\\/#\\\/schema\\\/person\\\/efe887376f0213d4657c93adc50b1fdb\",\"name\":\"La Gu\u00eda de Pamplona\",\"image\":{\"@type\":\"ImageObject\",\"inLanguage\":\"es\",\"@id\":\"https:\\\/\\\/secure.gravatar.com\\\/avatar\\\/b6992f131dc8d30ab0dff15446e9d346d9dbd95992de0fef795073f5ea83a81c?s=96&d=mm&r=g\",\"url\":\"https:\\\/\\\/secure.gravatar.com\\\/avatar\\\/b6992f131dc8d30ab0dff15446e9d346d9dbd95992de0fef795073f5ea83a81c?s=96&d=mm&r=g\",\"contentUrl\":\"https:\\\/\\\/secure.gravatar.com\\\/avatar\\\/b6992f131dc8d30ab0dff15446e9d346d9dbd95992de0fef795073f5ea83a81c?s=96&d=mm&r=g\",\"caption\":\"La Gu\u00eda de Pamplona\"}}]}<\/script>\n<!-- \/ Yoast SEO plugin. -->","yoast_head_json":{"title":"Ruper Ordorika, El Drogas, el payaso Luis Bermejo, el festival de teatro Esc\u00e9nica o los ciclos musicales \u00a1Musync! y PAM\u00b416, propuestas de la red Civivox para este trimestre","robots":{"index":"index","follow":"follow","max-snippet":"max-snippet:-1","max-image-preview":"max-image-preview:large","max-video-preview":"max-video-preview:-1"},"canonical":"https:\/\/www.laguiadepamplona.com\/actualidad\/ruper-ordorika-el-drogas-el-payaso-luis-bermejo-el-festival-de-teatro-escenica-o-los-ciclos-musicales-musync-y-pam16-propuestas-de-la-red-civivox-para-este-trimestre\/","og_locale":"es_ES","og_type":"article","og_title":"Ruper Ordorika, El Drogas, el payaso Luis Bermejo, el festival de teatro Esc\u00e9nica o los ciclos musicales \u00a1Musync! y PAM\u00b416, propuestas de la red Civivox para este trimestre","og_description":"Entre enero y marzo habr\u00e1 tambi\u00e9n actividades infantiles, fotograf\u00eda, teatro, cine, poes\u00eda, cultura contempor\u00e1nea y conferencias y teatro en euskera La red Civivox ha preparado para el primer trimestre del...","og_url":"https:\/\/www.laguiadepamplona.com\/actualidad\/ruper-ordorika-el-drogas-el-payaso-luis-bermejo-el-festival-de-teatro-escenica-o-los-ciclos-musicales-musync-y-pam16-propuestas-de-la-red-civivox-para-este-trimestre\/","og_site_name":"La Gu\u00eda de Pamplona","article_publisher":"https:\/\/www.facebook.com\/laguiadepamplonacom-133175176762273\/?ref=hl","article_published_time":"2016-01-08T11:35:58+00:00","author":"La Gu\u00eda de Pamplona","twitter_card":"summary_large_image","twitter_creator":"@LaGuiadPamplona","twitter_site":"@LaGuiadPamplona","twitter_misc":{"Escrito por":"La Gu\u00eda de Pamplona","Tiempo de lectura":"6 minutos"},"schema":{"@context":"https:\/\/schema.org","@graph":[{"@type":"Article","@id":"https:\/\/www.laguiadepamplona.com\/actualidad\/ruper-ordorika-el-drogas-el-payaso-luis-bermejo-el-festival-de-teatro-escenica-o-los-ciclos-musicales-musync-y-pam16-propuestas-de-la-red-civivox-para-este-trimestre\/#article","isPartOf":{"@id":"https:\/\/www.laguiadepamplona.com\/actualidad\/ruper-ordorika-el-drogas-el-payaso-luis-bermejo-el-festival-de-teatro-escenica-o-los-ciclos-musicales-musync-y-pam16-propuestas-de-la-red-civivox-para-este-trimestre\/"},"author":{"name":"La Gu\u00eda de Pamplona","@id":"https:\/\/www.laguiadepamplona.com\/actualidad\/#\/schema\/person\/efe887376f0213d4657c93adc50b1fdb"},"headline":"Ruper Ordorika, El Drogas, el payaso Luis Bermejo, el festival de teatro Esc\u00e9nica o los ciclos musicales \u00a1Musync! y PAM\u00b416, propuestas de la red Civivox para este trimestre","datePublished":"2016-01-08T11:35:58+00:00","mainEntityOfPage":{"@id":"https:\/\/www.laguiadepamplona.com\/actualidad\/ruper-ordorika-el-drogas-el-payaso-luis-bermejo-el-festival-de-teatro-escenica-o-los-ciclos-musicales-musync-y-pam16-propuestas-de-la-red-civivox-para-este-trimestre\/"},"wordCount":1291,"publisher":{"@id":"https:\/\/www.laguiadepamplona.com\/actualidad\/#organization"},"image":{"@id":"https:\/\/www.laguiadepamplona.com\/actualidad\/ruper-ordorika-el-drogas-el-payaso-luis-bermejo-el-festival-de-teatro-escenica-o-los-ciclos-musicales-musync-y-pam16-propuestas-de-la-red-civivox-para-este-trimestre\/#primaryimage"},"thumbnailUrl":"","keywords":["actualidad","ayto pamplona","Ayuntamiento de Pamplona","civivox","El Drogas","el festival de teatro Esc\u00e9nica","el payaso Luis Bermejo","MuSync","noticias","pamplona","PAM\u00b416","red","Ruper Ordorika"],"articleSection":["Ayto Pamplona"],"inLanguage":"es"},{"@type":"WebPage","@id":"https:\/\/www.laguiadepamplona.com\/actualidad\/ruper-ordorika-el-drogas-el-payaso-luis-bermejo-el-festival-de-teatro-escenica-o-los-ciclos-musicales-musync-y-pam16-propuestas-de-la-red-civivox-para-este-trimestre\/","url":"https:\/\/www.laguiadepamplona.com\/actualidad\/ruper-ordorika-el-drogas-el-payaso-luis-bermejo-el-festival-de-teatro-escenica-o-los-ciclos-musicales-musync-y-pam16-propuestas-de-la-red-civivox-para-este-trimestre\/","name":"Ruper Ordorika, El Drogas, el payaso Luis Bermejo, el festival de teatro Esc\u00e9nica o los ciclos musicales \u00a1Musync! y PAM\u00b416, propuestas de la red Civivox para este trimestre","isPartOf":{"@id":"https:\/\/www.laguiadepamplona.com\/actualidad\/#website"},"primaryImageOfPage":{"@id":"https:\/\/www.laguiadepamplona.com\/actualidad\/ruper-ordorika-el-drogas-el-payaso-luis-bermejo-el-festival-de-teatro-escenica-o-los-ciclos-musicales-musync-y-pam16-propuestas-de-la-red-civivox-para-este-trimestre\/#primaryimage"},"image":{"@id":"https:\/\/www.laguiadepamplona.com\/actualidad\/ruper-ordorika-el-drogas-el-payaso-luis-bermejo-el-festival-de-teatro-escenica-o-los-ciclos-musicales-musync-y-pam16-propuestas-de-la-red-civivox-para-este-trimestre\/#primaryimage"},"thumbnailUrl":"","datePublished":"2016-01-08T11:35:58+00:00","breadcrumb":{"@id":"https:\/\/www.laguiadepamplona.com\/actualidad\/ruper-ordorika-el-drogas-el-payaso-luis-bermejo-el-festival-de-teatro-escenica-o-los-ciclos-musicales-musync-y-pam16-propuestas-de-la-red-civivox-para-este-trimestre\/#breadcrumb"},"inLanguage":"es","potentialAction":[{"@type":"ReadAction","target":["https:\/\/www.laguiadepamplona.com\/actualidad\/ruper-ordorika-el-drogas-el-payaso-luis-bermejo-el-festival-de-teatro-escenica-o-los-ciclos-musicales-musync-y-pam16-propuestas-de-la-red-civivox-para-este-trimestre\/"]}]},{"@type":"ImageObject","inLanguage":"es","@id":"https:\/\/www.laguiadepamplona.com\/actualidad\/ruper-ordorika-el-drogas-el-payaso-luis-bermejo-el-festival-de-teatro-escenica-o-los-ciclos-musicales-musync-y-pam16-propuestas-de-la-red-civivox-para-este-trimestre\/#primaryimage","url":"","contentUrl":""},{"@type":"BreadcrumbList","@id":"https:\/\/www.laguiadepamplona.com\/actualidad\/ruper-ordorika-el-drogas-el-payaso-luis-bermejo-el-festival-de-teatro-escenica-o-los-ciclos-musicales-musync-y-pam16-propuestas-de-la-red-civivox-para-este-trimestre\/#breadcrumb","itemListElement":[{"@type":"ListItem","position":1,"name":"Portada","item":"https:\/\/www.laguiadepamplona.com\/actualidad\/"},{"@type":"ListItem","position":2,"name":"Ruper Ordorika, El Drogas, el payaso Luis Bermejo, el festival de teatro Esc\u00e9nica o los ciclos musicales \u00a1Musync! y PAM\u00b416, propuestas de la red Civivox para este trimestre"}]},{"@type":"WebSite","@id":"https:\/\/www.laguiadepamplona.com\/actualidad\/#website","url":"https:\/\/www.laguiadepamplona.com\/actualidad\/","name":"La gu\u00eda de Pamplona","description":"Noticias de Pamplona","publisher":{"@id":"https:\/\/www.laguiadepamplona.com\/actualidad\/#organization"},"potentialAction":[{"@type":"SearchAction","target":{"@type":"EntryPoint","urlTemplate":"https:\/\/www.laguiadepamplona.com\/actualidad\/?s={search_term_string}"},"query-input":{"@type":"PropertyValueSpecification","valueRequired":true,"valueName":"search_term_string"}}],"inLanguage":"es"},{"@type":"Organization","@id":"https:\/\/www.laguiadepamplona.com\/actualidad\/#organization","name":"La Gu\u00eda de Pamplona \/ Noticias","url":"https:\/\/www.laguiadepamplona.com\/actualidad\/","logo":{"@type":"ImageObject","inLanguage":"es","@id":"https:\/\/www.laguiadepamplona.com\/actualidad\/#\/schema\/logo\/image\/","url":"https:\/\/www.laguiadepamplona.com\/actualidad\/wp-content\/uploads\/2018\/11\/logo-laguiadepamplona18-web1.png","contentUrl":"https:\/\/www.laguiadepamplona.com\/actualidad\/wp-content\/uploads\/2018\/11\/logo-laguiadepamplona18-web1.png","width":600,"height":196,"caption":"La Gu\u00eda de Pamplona \/ Noticias"},"image":{"@id":"https:\/\/www.laguiadepamplona.com\/actualidad\/#\/schema\/logo\/image\/"},"sameAs":["https:\/\/www.facebook.com\/laguiadepamplonacom-133175176762273\/?ref=hl","https:\/\/x.com\/LaGuiadPamplona","https:\/\/www.instagram.com\/la_guia_de_pamplona\/","https:\/\/www.youtube.com\/user\/laguiadepamplona"]},{"@type":"Person","@id":"https:\/\/www.laguiadepamplona.com\/actualidad\/#\/schema\/person\/efe887376f0213d4657c93adc50b1fdb","name":"La Gu\u00eda de Pamplona","image":{"@type":"ImageObject","inLanguage":"es","@id":"https:\/\/secure.gravatar.com\/avatar\/b6992f131dc8d30ab0dff15446e9d346d9dbd95992de0fef795073f5ea83a81c?s=96&d=mm&r=g","url":"https:\/\/secure.gravatar.com\/avatar\/b6992f131dc8d30ab0dff15446e9d346d9dbd95992de0fef795073f5ea83a81c?s=96&d=mm&r=g","contentUrl":"https:\/\/secure.gravatar.com\/avatar\/b6992f131dc8d30ab0dff15446e9d346d9dbd95992de0fef795073f5ea83a81c?s=96&d=mm&r=g","caption":"La Gu\u00eda de Pamplona"}}]}},"post_mailing_queue_ids":[],"_links":{"self":[{"href":"https:\/\/www.laguiadepamplona.com\/actualidad\/wp-json\/wp\/v2\/posts\/8471","targetHints":{"allow":["GET"]}}],"collection":[{"href":"https:\/\/www.laguiadepamplona.com\/actualidad\/wp-json\/wp\/v2\/posts"}],"about":[{"href":"https:\/\/www.laguiadepamplona.com\/actualidad\/wp-json\/wp\/v2\/types\/post"}],"author":[{"embeddable":true,"href":"https:\/\/www.laguiadepamplona.com\/actualidad\/wp-json\/wp\/v2\/users\/1"}],"replies":[{"embeddable":true,"href":"https:\/\/www.laguiadepamplona.com\/actualidad\/wp-json\/wp\/v2\/comments?post=8471"}],"version-history":[{"count":0,"href":"https:\/\/www.laguiadepamplona.com\/actualidad\/wp-json\/wp\/v2\/posts\/8471\/revisions"}],"wp:featuredmedia":[{"embeddable":true,"href":"https:\/\/www.laguiadepamplona.com\/actualidad\/wp-json\/"}],"wp:attachment":[{"href":"https:\/\/www.laguiadepamplona.com\/actualidad\/wp-json\/wp\/v2\/media?parent=8471"}],"wp:term":[{"taxonomy":"category","embeddable":true,"href":"https:\/\/www.laguiadepamplona.com\/actualidad\/wp-json\/wp\/v2\/categories?post=8471"},{"taxonomy":"post_tag","embeddable":true,"href":"https:\/\/www.laguiadepamplona.com\/actualidad\/wp-json\/wp\/v2\/tags?post=8471"}],"curies":[{"name":"wp","href":"https:\/\/api.w.org\/{rel}","templated":true}]}}