{"id":834,"date":"2014-03-20T12:09:46","date_gmt":"2014-03-20T11:09:46","guid":{"rendered":"http:\/\/laguiadepamplona.es\/noticias\/?p=834"},"modified":"2014-03-20T12:09:46","modified_gmt":"2014-03-20T11:09:46","slug":"el-artista-jesus-rivero-cuelga-por-primera-vez-en-ciudadela-sus-oleos-en-una-muestra-titulada-presencias-en-el-tiempo","status":"publish","type":"post","link":"https:\/\/www.laguiadepamplona.com\/actualidad\/el-artista-jesus-rivero-cuelga-por-primera-vez-en-ciudadela-sus-oleos-en-una-muestra-titulada-presencias-en-el-tiempo\/","title":{"rendered":"El artista Jes\u00fas Rivero cuelga por primera vez en Ciudadela sus \u00f3leos en una muestra titulada \u2018Presencias en el tiempo\u2019"},"content":{"rendered":"<h6>La planta baja del Pabell\u00f3n de Mixtos acoger\u00e1 la exposici\u00f3n desde ma\u00f1ana hasta el pr\u00f3ximo 20 de abril<\/h6>\n<p><a href=\"http:\/\/laguiadepamplona.es\/noticias\/wp-content\/uploads\/2014\/03\/pabellon-mixtos-ciudadela-pamplona.jpg\"><img loading=\"lazy\" decoding=\"async\" class=\"alignleft size-medium wp-image-835\" alt=\"pabellon-mixtos-ciudadela-pamplona\" src=\"http:\/\/laguiadepamplona.es\/noticias\/wp-content\/uploads\/2014\/03\/pabellon-mixtos-ciudadela-pamplona-300x224.jpg\" width=\"300\" height=\"224\" \/><\/a>El Pabell\u00f3n de Mixtos de Ciudadela acoge desde ma\u00f1ana y hasta el pr\u00f3ximo 20 de abril \u2018Presencias en el tiempo\u2019, la primera exposici\u00f3n individual en el recinto municipal del artista Jes\u00fas Rivero. Se trata de un proyecto que incluye una treintena de \u00f3leos sobre tabla y lienzo realizados fundamentalmente en los \u00faltimos cinco a\u00f1os, cuyos detalles han sido presentados esta ma\u00f1ana en rueda de prensa por el concejal delegado de Educaci\u00f3n y Cultura, Ferm\u00edn Alonso, y por el propio autor.<\/p>\n<p>La muestra comprende, en su mayor parte, obras de peque\u00f1o formato que plasman paisajes, campos y lugares solitarios que, seg\u00fan el autor, le inspiran \u201cuna gran quietud\u201d. Casi todos son emplazamientos an\u00f3nimos, aunque hay algunos concretos como la cuesta Vistabella, la calle Ferrocarril o Cizur Menor. Adem\u00e1s completan la exposici\u00f3n varias pinturas religiosas con figuras de la Virgen o de San Jorge y un par de bodegones que sugieren a Rivero \u201cuna identidad particular, un dualismo impregnado por lo natural y artificial que susurra presencias en el tiempo, experiencias pasadas, historia\u201d.<\/p>\n<p>En general se trata de un proyecto de gran elaboraci\u00f3n, con obras que comienza con bocetos a l\u00e1piz o carboncillo de los lugares que transita \u201cpara irlos saboreando y trabajando, focalizando mi inspiraci\u00f3n\u201d, seg\u00fan detalla el autor. Su proceso creativo contin\u00faa despu\u00e9s con un trabajo \u201carduo e incesante, pero muy placentero y enriquecedor, hasta lograr una obra limpia, sincera, despejada, con una atm\u00f3sfera oxigenada y fresca como es la de la presente exposici\u00f3n\u201d, concluye Rivero.<\/p>\n<p>La muestra podr\u00e1 visitarse en horario de martes a viernes de 18 a 20.30 horas, s\u00e1bados de 12 a 14 horas y de 18 a 20.30 horas, y domingos y festivos de 12 a 14 horas.<\/p>\n<p><strong>Trayectoria art\u00edstica<\/strong><\/p>\n<p>Jes\u00fas Rivero estudi\u00f3 en la Escuela de Artes y Oficios de Pamplona, completando su formaci\u00f3n con diversos talleres intensivos de pintura en la Universidad de Navarra. Comenz\u00f3 a exponer su obra en el a\u00f1o 2004 y, desde entonces, ha participado en numerosas muestras, tanto individuales como colectivas. Junto a otros artistas ha colgado sus cuadros en lugares como No\u00e1in, Bara\u00f1\u00e1in, Tudela, Estella, La Rioja o Zizur Mayor este mismo a\u00f1o, y adem\u00e1s ha protagonizado exposiciones en Huesca, Cizur, Viana y la Sala de Artes y Oficios de Pamplona.<\/p>\n<p>El artista ha obtenido diversos premios a lo largo de estos diez a\u00f1os de trayectoria art\u00edstica, fundamentalmente en cert\u00e1menes de pintura al aire libre de localidades como Zizur Mayor, Monteagudo o Tudela, as\u00ed como en el certamen de la Mancomunidad de Aguas de Pamplona o la Bienal del Museo Gustavo de Maeztu de Estella.<\/p>\n<p>&nbsp;<\/p>\n<div>\n<p><strong>Exposici\u00f3n<\/strong><\/p>\n<\/div>\n<ul>\n<li><b>T\u00edtulo<\/b>: \u2018Presencias en el tiempo\u2019<\/li>\n<li><b>Autor:<\/b> Jes\u00fas Rivero<\/li>\n<li><b>Lugar:<\/b> Pabell\u00f3n de Mixtos de la Ciudadela (planta)<\/li>\n<li><b>Fechas<\/b>: del 21 de marzo al 20 de abril, de martes a viernes de 18 a 20.30 horas, s\u00e1bados de 12 a 14 y de 18 a 20.30 horas, y domingos y festivos de 12 a 14 horas<\/li>\n<\/ul>\n","protected":false},"excerpt":{"rendered":"<p>La planta baja del Pabell\u00f3n de Mixtos acoger\u00e1 la exposici\u00f3n desde ma\u00f1ana hasta el pr\u00f3ximo 20 de abril El Pabell\u00f3n de Mixtos de Ciudadela acoge desde ma\u00f1ana y hasta el&#8230;<\/p>\n","protected":false},"author":1,"featured_media":835,"comment_status":"open","ping_status":"open","sticky":false,"template":"","format":"standard","meta":{"footnotes":""},"categories":[2],"tags":[5,6,42,56,514,8,9],"class_list":["post-834","post","type-post","status-publish","format-standard","has-post-thumbnail","hentry","category-ayuntamiento-pamplona","tag-actualidad","tag-ayto-pamplona","tag-ciudadela","tag-exposicion","tag-jesus-rivero","tag-noticias","tag-pamplona"],"yoast_head":"<!-- This site is optimized with the Yoast SEO plugin v27.5 - https:\/\/yoast.com\/product\/yoast-seo-wordpress\/ -->\n<title>El artista Jes\u00fas Rivero cuelga por primera vez en Ciudadela sus \u00f3leos en una muestra titulada \u2018Presencias en el tiempo\u2019<\/title>\n<meta name=\"robots\" content=\"index, follow, max-snippet:-1, max-image-preview:large, max-video-preview:-1\" \/>\n<link rel=\"canonical\" href=\"https:\/\/www.laguiadepamplona.com\/actualidad\/el-artista-jesus-rivero-cuelga-por-primera-vez-en-ciudadela-sus-oleos-en-una-muestra-titulada-presencias-en-el-tiempo\/\" \/>\n<meta property=\"og:locale\" content=\"es_ES\" \/>\n<meta property=\"og:type\" content=\"article\" \/>\n<meta property=\"og:title\" content=\"El artista Jes\u00fas Rivero cuelga por primera vez en Ciudadela sus \u00f3leos en una muestra titulada \u2018Presencias en el tiempo\u2019\" \/>\n<meta property=\"og:description\" content=\"La planta baja del Pabell\u00f3n de Mixtos acoger\u00e1 la exposici\u00f3n desde ma\u00f1ana hasta el pr\u00f3ximo 20 de abril El Pabell\u00f3n de Mixtos de Ciudadela acoge desde ma\u00f1ana y hasta el...\" \/>\n<meta property=\"og:url\" content=\"https:\/\/www.laguiadepamplona.com\/actualidad\/el-artista-jesus-rivero-cuelga-por-primera-vez-en-ciudadela-sus-oleos-en-una-muestra-titulada-presencias-en-el-tiempo\/\" \/>\n<meta property=\"og:site_name\" content=\"La Gu\u00eda de Pamplona\" \/>\n<meta property=\"article:publisher\" content=\"https:\/\/www.facebook.com\/laguiadepamplonacom-133175176762273\/?ref=hl\" \/>\n<meta property=\"article:published_time\" content=\"2014-03-20T11:09:46+00:00\" \/>\n<meta name=\"author\" content=\"La Gu\u00eda de Pamplona\" \/>\n<meta name=\"twitter:card\" content=\"summary_large_image\" \/>\n<meta name=\"twitter:creator\" content=\"@LaGuiadPamplona\" \/>\n<meta name=\"twitter:site\" content=\"@LaGuiadPamplona\" \/>\n<meta name=\"twitter:label1\" content=\"Escrito por\" \/>\n\t<meta name=\"twitter:data1\" content=\"La Gu\u00eda de Pamplona\" \/>\n\t<meta name=\"twitter:label2\" content=\"Tiempo de lectura\" \/>\n\t<meta name=\"twitter:data2\" content=\"3 minutos\" \/>\n<script type=\"application\/ld+json\" class=\"yoast-schema-graph\">{\"@context\":\"https:\\\/\\\/schema.org\",\"@graph\":[{\"@type\":\"Article\",\"@id\":\"https:\\\/\\\/www.laguiadepamplona.com\\\/actualidad\\\/el-artista-jesus-rivero-cuelga-por-primera-vez-en-ciudadela-sus-oleos-en-una-muestra-titulada-presencias-en-el-tiempo\\\/#article\",\"isPartOf\":{\"@id\":\"https:\\\/\\\/www.laguiadepamplona.com\\\/actualidad\\\/el-artista-jesus-rivero-cuelga-por-primera-vez-en-ciudadela-sus-oleos-en-una-muestra-titulada-presencias-en-el-tiempo\\\/\"},\"author\":{\"name\":\"La Gu\u00eda de Pamplona\",\"@id\":\"https:\\\/\\\/www.laguiadepamplona.com\\\/actualidad\\\/#\\\/schema\\\/person\\\/efe887376f0213d4657c93adc50b1fdb\"},\"headline\":\"El artista Jes\u00fas Rivero cuelga por primera vez en Ciudadela sus \u00f3leos en una muestra titulada \u2018Presencias en el tiempo\u2019\",\"datePublished\":\"2014-03-20T11:09:46+00:00\",\"mainEntityOfPage\":{\"@id\":\"https:\\\/\\\/www.laguiadepamplona.com\\\/actualidad\\\/el-artista-jesus-rivero-cuelga-por-primera-vez-en-ciudadela-sus-oleos-en-una-muestra-titulada-presencias-en-el-tiempo\\\/\"},\"wordCount\":543,\"commentCount\":0,\"publisher\":{\"@id\":\"https:\\\/\\\/www.laguiadepamplona.com\\\/actualidad\\\/#organization\"},\"image\":{\"@id\":\"https:\\\/\\\/www.laguiadepamplona.com\\\/actualidad\\\/el-artista-jesus-rivero-cuelga-por-primera-vez-en-ciudadela-sus-oleos-en-una-muestra-titulada-presencias-en-el-tiempo\\\/#primaryimage\"},\"thumbnailUrl\":\"\",\"keywords\":[\"actualidad\",\"ayto pamplona\",\"ciudadela\",\"exposici\u00f3n\",\"Jes\u00fas Rivero\",\"noticias\",\"pamplona\"],\"articleSection\":[\"Ayto Pamplona\"],\"inLanguage\":\"es\",\"potentialAction\":[{\"@type\":\"CommentAction\",\"name\":\"Comment\",\"target\":[\"https:\\\/\\\/www.laguiadepamplona.com\\\/actualidad\\\/el-artista-jesus-rivero-cuelga-por-primera-vez-en-ciudadela-sus-oleos-en-una-muestra-titulada-presencias-en-el-tiempo\\\/#respond\"]}]},{\"@type\":\"WebPage\",\"@id\":\"https:\\\/\\\/www.laguiadepamplona.com\\\/actualidad\\\/el-artista-jesus-rivero-cuelga-por-primera-vez-en-ciudadela-sus-oleos-en-una-muestra-titulada-presencias-en-el-tiempo\\\/\",\"url\":\"https:\\\/\\\/www.laguiadepamplona.com\\\/actualidad\\\/el-artista-jesus-rivero-cuelga-por-primera-vez-en-ciudadela-sus-oleos-en-una-muestra-titulada-presencias-en-el-tiempo\\\/\",\"name\":\"El artista Jes\u00fas Rivero cuelga por primera vez en Ciudadela sus \u00f3leos en una muestra titulada \u2018Presencias en el tiempo\u2019\",\"isPartOf\":{\"@id\":\"https:\\\/\\\/www.laguiadepamplona.com\\\/actualidad\\\/#website\"},\"primaryImageOfPage\":{\"@id\":\"https:\\\/\\\/www.laguiadepamplona.com\\\/actualidad\\\/el-artista-jesus-rivero-cuelga-por-primera-vez-en-ciudadela-sus-oleos-en-una-muestra-titulada-presencias-en-el-tiempo\\\/#primaryimage\"},\"image\":{\"@id\":\"https:\\\/\\\/www.laguiadepamplona.com\\\/actualidad\\\/el-artista-jesus-rivero-cuelga-por-primera-vez-en-ciudadela-sus-oleos-en-una-muestra-titulada-presencias-en-el-tiempo\\\/#primaryimage\"},\"thumbnailUrl\":\"\",\"datePublished\":\"2014-03-20T11:09:46+00:00\",\"breadcrumb\":{\"@id\":\"https:\\\/\\\/www.laguiadepamplona.com\\\/actualidad\\\/el-artista-jesus-rivero-cuelga-por-primera-vez-en-ciudadela-sus-oleos-en-una-muestra-titulada-presencias-en-el-tiempo\\\/#breadcrumb\"},\"inLanguage\":\"es\",\"potentialAction\":[{\"@type\":\"ReadAction\",\"target\":[\"https:\\\/\\\/www.laguiadepamplona.com\\\/actualidad\\\/el-artista-jesus-rivero-cuelga-por-primera-vez-en-ciudadela-sus-oleos-en-una-muestra-titulada-presencias-en-el-tiempo\\\/\"]}]},{\"@type\":\"ImageObject\",\"inLanguage\":\"es\",\"@id\":\"https:\\\/\\\/www.laguiadepamplona.com\\\/actualidad\\\/el-artista-jesus-rivero-cuelga-por-primera-vez-en-ciudadela-sus-oleos-en-una-muestra-titulada-presencias-en-el-tiempo\\\/#primaryimage\",\"url\":\"\",\"contentUrl\":\"\"},{\"@type\":\"BreadcrumbList\",\"@id\":\"https:\\\/\\\/www.laguiadepamplona.com\\\/actualidad\\\/el-artista-jesus-rivero-cuelga-por-primera-vez-en-ciudadela-sus-oleos-en-una-muestra-titulada-presencias-en-el-tiempo\\\/#breadcrumb\",\"itemListElement\":[{\"@type\":\"ListItem\",\"position\":1,\"name\":\"Portada\",\"item\":\"https:\\\/\\\/www.laguiadepamplona.com\\\/actualidad\\\/\"},{\"@type\":\"ListItem\",\"position\":2,\"name\":\"El artista Jes\u00fas Rivero cuelga por primera vez en Ciudadela sus \u00f3leos en una muestra titulada \u2018Presencias en el tiempo\u2019\"}]},{\"@type\":\"WebSite\",\"@id\":\"https:\\\/\\\/www.laguiadepamplona.com\\\/actualidad\\\/#website\",\"url\":\"https:\\\/\\\/www.laguiadepamplona.com\\\/actualidad\\\/\",\"name\":\"La gu\u00eda de Pamplona\",\"description\":\"Noticias de Pamplona\",\"publisher\":{\"@id\":\"https:\\\/\\\/www.laguiadepamplona.com\\\/actualidad\\\/#organization\"},\"potentialAction\":[{\"@type\":\"SearchAction\",\"target\":{\"@type\":\"EntryPoint\",\"urlTemplate\":\"https:\\\/\\\/www.laguiadepamplona.com\\\/actualidad\\\/?s={search_term_string}\"},\"query-input\":{\"@type\":\"PropertyValueSpecification\",\"valueRequired\":true,\"valueName\":\"search_term_string\"}}],\"inLanguage\":\"es\"},{\"@type\":\"Organization\",\"@id\":\"https:\\\/\\\/www.laguiadepamplona.com\\\/actualidad\\\/#organization\",\"name\":\"La Gu\u00eda de Pamplona \\\/ Noticias\",\"url\":\"https:\\\/\\\/www.laguiadepamplona.com\\\/actualidad\\\/\",\"logo\":{\"@type\":\"ImageObject\",\"inLanguage\":\"es\",\"@id\":\"https:\\\/\\\/www.laguiadepamplona.com\\\/actualidad\\\/#\\\/schema\\\/logo\\\/image\\\/\",\"url\":\"https:\\\/\\\/www.laguiadepamplona.com\\\/actualidad\\\/wp-content\\\/uploads\\\/2018\\\/11\\\/logo-laguiadepamplona18-web1.png\",\"contentUrl\":\"https:\\\/\\\/www.laguiadepamplona.com\\\/actualidad\\\/wp-content\\\/uploads\\\/2018\\\/11\\\/logo-laguiadepamplona18-web1.png\",\"width\":600,\"height\":196,\"caption\":\"La Gu\u00eda de Pamplona \\\/ Noticias\"},\"image\":{\"@id\":\"https:\\\/\\\/www.laguiadepamplona.com\\\/actualidad\\\/#\\\/schema\\\/logo\\\/image\\\/\"},\"sameAs\":[\"https:\\\/\\\/www.facebook.com\\\/laguiadepamplonacom-133175176762273\\\/?ref=hl\",\"https:\\\/\\\/x.com\\\/LaGuiadPamplona\",\"https:\\\/\\\/www.instagram.com\\\/la_guia_de_pamplona\\\/\",\"https:\\\/\\\/www.youtube.com\\\/user\\\/laguiadepamplona\"]},{\"@type\":\"Person\",\"@id\":\"https:\\\/\\\/www.laguiadepamplona.com\\\/actualidad\\\/#\\\/schema\\\/person\\\/efe887376f0213d4657c93adc50b1fdb\",\"name\":\"La Gu\u00eda de Pamplona\",\"image\":{\"@type\":\"ImageObject\",\"inLanguage\":\"es\",\"@id\":\"https:\\\/\\\/secure.gravatar.com\\\/avatar\\\/b6992f131dc8d30ab0dff15446e9d346d9dbd95992de0fef795073f5ea83a81c?s=96&d=mm&r=g\",\"url\":\"https:\\\/\\\/secure.gravatar.com\\\/avatar\\\/b6992f131dc8d30ab0dff15446e9d346d9dbd95992de0fef795073f5ea83a81c?s=96&d=mm&r=g\",\"contentUrl\":\"https:\\\/\\\/secure.gravatar.com\\\/avatar\\\/b6992f131dc8d30ab0dff15446e9d346d9dbd95992de0fef795073f5ea83a81c?s=96&d=mm&r=g\",\"caption\":\"La Gu\u00eda de Pamplona\"}}]}<\/script>\n<!-- \/ Yoast SEO plugin. -->","yoast_head_json":{"title":"El artista Jes\u00fas Rivero cuelga por primera vez en Ciudadela sus \u00f3leos en una muestra titulada \u2018Presencias en el tiempo\u2019","robots":{"index":"index","follow":"follow","max-snippet":"max-snippet:-1","max-image-preview":"max-image-preview:large","max-video-preview":"max-video-preview:-1"},"canonical":"https:\/\/www.laguiadepamplona.com\/actualidad\/el-artista-jesus-rivero-cuelga-por-primera-vez-en-ciudadela-sus-oleos-en-una-muestra-titulada-presencias-en-el-tiempo\/","og_locale":"es_ES","og_type":"article","og_title":"El artista Jes\u00fas Rivero cuelga por primera vez en Ciudadela sus \u00f3leos en una muestra titulada \u2018Presencias en el tiempo\u2019","og_description":"La planta baja del Pabell\u00f3n de Mixtos acoger\u00e1 la exposici\u00f3n desde ma\u00f1ana hasta el pr\u00f3ximo 20 de abril El Pabell\u00f3n de Mixtos de Ciudadela acoge desde ma\u00f1ana y hasta el...","og_url":"https:\/\/www.laguiadepamplona.com\/actualidad\/el-artista-jesus-rivero-cuelga-por-primera-vez-en-ciudadela-sus-oleos-en-una-muestra-titulada-presencias-en-el-tiempo\/","og_site_name":"La Gu\u00eda de Pamplona","article_publisher":"https:\/\/www.facebook.com\/laguiadepamplonacom-133175176762273\/?ref=hl","article_published_time":"2014-03-20T11:09:46+00:00","author":"La Gu\u00eda de Pamplona","twitter_card":"summary_large_image","twitter_creator":"@LaGuiadPamplona","twitter_site":"@LaGuiadPamplona","twitter_misc":{"Escrito por":"La Gu\u00eda de Pamplona","Tiempo de lectura":"3 minutos"},"schema":{"@context":"https:\/\/schema.org","@graph":[{"@type":"Article","@id":"https:\/\/www.laguiadepamplona.com\/actualidad\/el-artista-jesus-rivero-cuelga-por-primera-vez-en-ciudadela-sus-oleos-en-una-muestra-titulada-presencias-en-el-tiempo\/#article","isPartOf":{"@id":"https:\/\/www.laguiadepamplona.com\/actualidad\/el-artista-jesus-rivero-cuelga-por-primera-vez-en-ciudadela-sus-oleos-en-una-muestra-titulada-presencias-en-el-tiempo\/"},"author":{"name":"La Gu\u00eda de Pamplona","@id":"https:\/\/www.laguiadepamplona.com\/actualidad\/#\/schema\/person\/efe887376f0213d4657c93adc50b1fdb"},"headline":"El artista Jes\u00fas Rivero cuelga por primera vez en Ciudadela sus \u00f3leos en una muestra titulada \u2018Presencias en el tiempo\u2019","datePublished":"2014-03-20T11:09:46+00:00","mainEntityOfPage":{"@id":"https:\/\/www.laguiadepamplona.com\/actualidad\/el-artista-jesus-rivero-cuelga-por-primera-vez-en-ciudadela-sus-oleos-en-una-muestra-titulada-presencias-en-el-tiempo\/"},"wordCount":543,"commentCount":0,"publisher":{"@id":"https:\/\/www.laguiadepamplona.com\/actualidad\/#organization"},"image":{"@id":"https:\/\/www.laguiadepamplona.com\/actualidad\/el-artista-jesus-rivero-cuelga-por-primera-vez-en-ciudadela-sus-oleos-en-una-muestra-titulada-presencias-en-el-tiempo\/#primaryimage"},"thumbnailUrl":"","keywords":["actualidad","ayto pamplona","ciudadela","exposici\u00f3n","Jes\u00fas Rivero","noticias","pamplona"],"articleSection":["Ayto Pamplona"],"inLanguage":"es","potentialAction":[{"@type":"CommentAction","name":"Comment","target":["https:\/\/www.laguiadepamplona.com\/actualidad\/el-artista-jesus-rivero-cuelga-por-primera-vez-en-ciudadela-sus-oleos-en-una-muestra-titulada-presencias-en-el-tiempo\/#respond"]}]},{"@type":"WebPage","@id":"https:\/\/www.laguiadepamplona.com\/actualidad\/el-artista-jesus-rivero-cuelga-por-primera-vez-en-ciudadela-sus-oleos-en-una-muestra-titulada-presencias-en-el-tiempo\/","url":"https:\/\/www.laguiadepamplona.com\/actualidad\/el-artista-jesus-rivero-cuelga-por-primera-vez-en-ciudadela-sus-oleos-en-una-muestra-titulada-presencias-en-el-tiempo\/","name":"El artista Jes\u00fas Rivero cuelga por primera vez en Ciudadela sus \u00f3leos en una muestra titulada \u2018Presencias en el tiempo\u2019","isPartOf":{"@id":"https:\/\/www.laguiadepamplona.com\/actualidad\/#website"},"primaryImageOfPage":{"@id":"https:\/\/www.laguiadepamplona.com\/actualidad\/el-artista-jesus-rivero-cuelga-por-primera-vez-en-ciudadela-sus-oleos-en-una-muestra-titulada-presencias-en-el-tiempo\/#primaryimage"},"image":{"@id":"https:\/\/www.laguiadepamplona.com\/actualidad\/el-artista-jesus-rivero-cuelga-por-primera-vez-en-ciudadela-sus-oleos-en-una-muestra-titulada-presencias-en-el-tiempo\/#primaryimage"},"thumbnailUrl":"","datePublished":"2014-03-20T11:09:46+00:00","breadcrumb":{"@id":"https:\/\/www.laguiadepamplona.com\/actualidad\/el-artista-jesus-rivero-cuelga-por-primera-vez-en-ciudadela-sus-oleos-en-una-muestra-titulada-presencias-en-el-tiempo\/#breadcrumb"},"inLanguage":"es","potentialAction":[{"@type":"ReadAction","target":["https:\/\/www.laguiadepamplona.com\/actualidad\/el-artista-jesus-rivero-cuelga-por-primera-vez-en-ciudadela-sus-oleos-en-una-muestra-titulada-presencias-en-el-tiempo\/"]}]},{"@type":"ImageObject","inLanguage":"es","@id":"https:\/\/www.laguiadepamplona.com\/actualidad\/el-artista-jesus-rivero-cuelga-por-primera-vez-en-ciudadela-sus-oleos-en-una-muestra-titulada-presencias-en-el-tiempo\/#primaryimage","url":"","contentUrl":""},{"@type":"BreadcrumbList","@id":"https:\/\/www.laguiadepamplona.com\/actualidad\/el-artista-jesus-rivero-cuelga-por-primera-vez-en-ciudadela-sus-oleos-en-una-muestra-titulada-presencias-en-el-tiempo\/#breadcrumb","itemListElement":[{"@type":"ListItem","position":1,"name":"Portada","item":"https:\/\/www.laguiadepamplona.com\/actualidad\/"},{"@type":"ListItem","position":2,"name":"El artista Jes\u00fas Rivero cuelga por primera vez en Ciudadela sus \u00f3leos en una muestra titulada \u2018Presencias en el tiempo\u2019"}]},{"@type":"WebSite","@id":"https:\/\/www.laguiadepamplona.com\/actualidad\/#website","url":"https:\/\/www.laguiadepamplona.com\/actualidad\/","name":"La gu\u00eda de Pamplona","description":"Noticias de Pamplona","publisher":{"@id":"https:\/\/www.laguiadepamplona.com\/actualidad\/#organization"},"potentialAction":[{"@type":"SearchAction","target":{"@type":"EntryPoint","urlTemplate":"https:\/\/www.laguiadepamplona.com\/actualidad\/?s={search_term_string}"},"query-input":{"@type":"PropertyValueSpecification","valueRequired":true,"valueName":"search_term_string"}}],"inLanguage":"es"},{"@type":"Organization","@id":"https:\/\/www.laguiadepamplona.com\/actualidad\/#organization","name":"La Gu\u00eda de Pamplona \/ Noticias","url":"https:\/\/www.laguiadepamplona.com\/actualidad\/","logo":{"@type":"ImageObject","inLanguage":"es","@id":"https:\/\/www.laguiadepamplona.com\/actualidad\/#\/schema\/logo\/image\/","url":"https:\/\/www.laguiadepamplona.com\/actualidad\/wp-content\/uploads\/2018\/11\/logo-laguiadepamplona18-web1.png","contentUrl":"https:\/\/www.laguiadepamplona.com\/actualidad\/wp-content\/uploads\/2018\/11\/logo-laguiadepamplona18-web1.png","width":600,"height":196,"caption":"La Gu\u00eda de Pamplona \/ Noticias"},"image":{"@id":"https:\/\/www.laguiadepamplona.com\/actualidad\/#\/schema\/logo\/image\/"},"sameAs":["https:\/\/www.facebook.com\/laguiadepamplonacom-133175176762273\/?ref=hl","https:\/\/x.com\/LaGuiadPamplona","https:\/\/www.instagram.com\/la_guia_de_pamplona\/","https:\/\/www.youtube.com\/user\/laguiadepamplona"]},{"@type":"Person","@id":"https:\/\/www.laguiadepamplona.com\/actualidad\/#\/schema\/person\/efe887376f0213d4657c93adc50b1fdb","name":"La Gu\u00eda de Pamplona","image":{"@type":"ImageObject","inLanguage":"es","@id":"https:\/\/secure.gravatar.com\/avatar\/b6992f131dc8d30ab0dff15446e9d346d9dbd95992de0fef795073f5ea83a81c?s=96&d=mm&r=g","url":"https:\/\/secure.gravatar.com\/avatar\/b6992f131dc8d30ab0dff15446e9d346d9dbd95992de0fef795073f5ea83a81c?s=96&d=mm&r=g","contentUrl":"https:\/\/secure.gravatar.com\/avatar\/b6992f131dc8d30ab0dff15446e9d346d9dbd95992de0fef795073f5ea83a81c?s=96&d=mm&r=g","caption":"La Gu\u00eda de Pamplona"}}]}},"post_mailing_queue_ids":[],"_links":{"self":[{"href":"https:\/\/www.laguiadepamplona.com\/actualidad\/wp-json\/wp\/v2\/posts\/834","targetHints":{"allow":["GET"]}}],"collection":[{"href":"https:\/\/www.laguiadepamplona.com\/actualidad\/wp-json\/wp\/v2\/posts"}],"about":[{"href":"https:\/\/www.laguiadepamplona.com\/actualidad\/wp-json\/wp\/v2\/types\/post"}],"author":[{"embeddable":true,"href":"https:\/\/www.laguiadepamplona.com\/actualidad\/wp-json\/wp\/v2\/users\/1"}],"replies":[{"embeddable":true,"href":"https:\/\/www.laguiadepamplona.com\/actualidad\/wp-json\/wp\/v2\/comments?post=834"}],"version-history":[{"count":0,"href":"https:\/\/www.laguiadepamplona.com\/actualidad\/wp-json\/wp\/v2\/posts\/834\/revisions"}],"wp:featuredmedia":[{"embeddable":true,"href":"https:\/\/www.laguiadepamplona.com\/actualidad\/wp-json\/"}],"wp:attachment":[{"href":"https:\/\/www.laguiadepamplona.com\/actualidad\/wp-json\/wp\/v2\/media?parent=834"}],"wp:term":[{"taxonomy":"category","embeddable":true,"href":"https:\/\/www.laguiadepamplona.com\/actualidad\/wp-json\/wp\/v2\/categories?post=834"},{"taxonomy":"post_tag","embeddable":true,"href":"https:\/\/www.laguiadepamplona.com\/actualidad\/wp-json\/wp\/v2\/tags?post=834"}],"curies":[{"name":"wp","href":"https:\/\/api.w.org\/{rel}","templated":true}]}}