{"id":830,"date":"2014-03-18T14:35:56","date_gmt":"2014-03-18T13:35:56","guid":{"rendered":"http:\/\/laguiadepamplona.es\/noticias\/?p=830"},"modified":"2014-03-18T14:35:56","modified_gmt":"2014-03-18T13:35:56","slug":"los-42-alumnos-de-la-escuela-taller-de-empleo-municipal-parque-de-aranzadi-comienzan-esta-quincena-la-obra-social-tras-los-primeros-meses-de-formacion","status":"publish","type":"post","link":"https:\/\/www.laguiadepamplona.com\/actualidad\/los-42-alumnos-de-la-escuela-taller-de-empleo-municipal-parque-de-aranzadi-comienzan-esta-quincena-la-obra-social-tras-los-primeros-meses-de-formacion\/","title":{"rendered":"Los 42 alumnos de la Escuela Taller de Empleo municipal Parque de Aranzadi comienzan esta quincena la obra social, tras los primeros meses de formaci\u00f3n"},"content":{"rendered":"<h6>Abordar\u00e1n silvicultura en Ezcaba, jardineras para zonas peatonales, mantenimiento en la Ciudadela o acondicionamiento de locales, entre otras<\/h6>\n<p><a href=\"http:\/\/laguiadepamplona.es\/noticias\/wp-content\/uploads\/2014\/03\/taller_soldadura.jpg\"><img loading=\"lazy\" decoding=\"async\" class=\"alignleft size-medium wp-image-831\" alt=\"taller_soldadura\" src=\"http:\/\/laguiadepamplona.es\/noticias\/wp-content\/uploads\/2014\/03\/taller_soldadura-300x200.jpg\" width=\"300\" height=\"200\" \/><\/a>Esta ma\u00f1ana la concejala delegada de Bienestar Social e Igualdad, Ana Lezcano, se ha acercado hasta la Escuela Taller de Empleo municipal Parque de Aranzadi (Vuelta de Aranzadi, 4), para encontrarse con los 42 alumnos de las distintas especialidades que se imparten. En esta semana van a emprender la fase obra social mediante a realizaci\u00f3n trabajos reales, a demanda del Ayuntamiento de Pamplona, en beneficio de toda la ciudadan\u00eda.<\/p>\n<p>Mertxe P\u00e9rez de Prado, directora de esta Escuela Taller de Empleo que imparte soldadura, fontaner\u00eda-calefacci\u00f3n y extracci\u00f3n de biomasa y conservaci\u00f3n del entorno natural (antes Trabajos Forestales) explicaba que entre el 1 de noviembre y el 15 de marzo las sesiones han sido te\u00f3ricas y es ahora cuando, sin abandonar la teor\u00eda, comenzar\u00e1n los trabajos reales. Desde el inicio todos los j\u00f3venes, 14 por especialidad, cuentan con un contrato laboral y cuando culminen el curso habr\u00e1n obtenido, adem\u00e1s, certificados de profesionalidad en sus especialidades<\/p>\n<p>Promovida por el Ayuntamiento de Pamplona, la escuela est\u00e1 financiada por Consistorio, Gobierno de Navarra a trav\u00e9s del Servicio Navarro de Empleo y Fondo Social Europeo. El presupuesto del curso de 18 meses es de 1.336.000 euros.<\/p>\n<p>Durante los pr\u00f3ximos 13 meses la regeneraci\u00f3n de un monte aut\u00f3ctono en Ezcaba, realizar jardineras para las zonas peatonalizadas, el mantenimiento de la Ciudadela o el Camino de Santiago y el acondicionamiento de locales municipales, centrar\u00e1n unas tareas que siempre se realizan desde un punto de vista transversal y a demanda de las distintas \u00e1reas municipales.<\/p>\n<p><strong>La obra social de Parque de Aranzadi para 2014<\/strong><\/p>\n<p>Entre los asuntos previstos para 2014 por la Escuela Taller de Empleo municipal Parque de Aranzadi est\u00e1n, para los alumnos de extracci\u00f3n de biomasa y conservaci\u00f3n del entorno natural, el retomar el tajo en el Monte Ezcaba, el mantenimiento de tramo del r\u00edo Arga en la zona de Magdalena (con el Servicio de Jardines municipal) y el mantenimiento de diversos tramos del Camino de Santiago, una colaboraci\u00f3n que se realiza por convenio con el Gobierno de Navarra. Adem\u00e1s los alumnos intervendr\u00e1n en la recuperaci\u00f3n puntual de campas y solares degradados.<\/p>\n<p>Los j\u00f3venes de soldadura van a seguir trabajando en el mantenimiento de puertas, poternas y ventanas del conjunto fortificado de la Ciudadela, adem\u00e1s de seguir fabricando mobiliario urbano como aparcabicis, protectores de arbolado o marquesinas de los aparcamientos. Este a\u00f1o est\u00e1 previsto que los alumnos de soldadura realicen una veintena de jardineras para instalar en zonas peatonales de la ciudad.<\/p>\n<p>Finalmente los alumnos de Fontaner\u00eda-calefacci\u00f3n har\u00e1n trabajos de instalaci\u00f3n Acs y sanitarios en la obra de acondicionamiento de locales de Monasterio de Fitero para la formaci\u00f3n de desempleados y se encargar\u00e1n del mantenimiento preventivo y correctivo de los edificios del \u00c1rea de Bienestar Social, entre otras cuestiones.<\/p>\n<p><strong>Var\u00f3n, nacido en Espa\u00f1a, de 19 a\u00f1os y sin experiencia laboral previa<\/strong><\/p>\n<p>La media de edad del alumnado es 19 a\u00f1os y, aunque su composici\u00f3n por g\u00e9nero es asim\u00e9trica (el 74% son hombres y el 26% mujeres) hay que destacar que en Fontaner\u00eda, en esta edici\u00f3n, hay tres mujeres, eso en una especialidad muy poco demandada por la f\u00e9minas. Respecto del pa\u00eds de origen el 76% son nacido en Espa\u00f1a, frente al 24% de personas nacidas fuera del pa\u00eds, aunque algunos est\u00e1n nacionalizados espa\u00f1oles y viven en Espa\u00f1a desde muy peque\u00f1os.<\/p>\n<p>Por el nivel de formaci\u00f3n con el que acceden los alumnos, hay dos perfiles distintos. En las especialidades de Fontaner\u00eda-calefacci\u00f3n y Extracci\u00f3n de Biomasa y Conservaci\u00f3n del Entono Natural la gran mayor\u00eda (el 71%) no tiene la ESO terminada. Hay un 21% de alumnos que si superaron la ESO, un 4% la prueba de acceso a Grado Medio y el restante 4% termin\u00f3 un Grado medio de Formaci\u00f3n Profesional.<\/p>\n<p>Sin embargo la formaci\u00f3n entre los alumnos de Soldadura es mayor, ya que hay mayores exigencias acad\u00e9micas en esta especialidad. El 43% tiene t\u00edtulo de la ESO, el 29% el certificado de competencias clave y el 14% tiene Bachiller y el 14% ha obtenido un Grado Medio. En todo caso m\u00e1s del 80% de los alumnos no tiene experiencia laboral previa por lo que en este curso se encuentran integrando los conocimientos y destrezas con h\u00e1bitos de trabajo tales como puntualidad, asistencia, aceptaci\u00f3n de indicaciones, etc.<\/p>\n","protected":false},"excerpt":{"rendered":"<p>Abordar\u00e1n silvicultura en Ezcaba, jardineras para zonas peatonales, mantenimiento en la Ciudadela o acondicionamiento de locales, entre otras Esta ma\u00f1ana la concejala delegada de Bienestar Social e Igualdad, Ana Lezcano,&#8230;<\/p>\n","protected":false},"author":1,"featured_media":831,"comment_status":"open","ping_status":"open","sticky":false,"template":"","format":"standard","meta":{"footnotes":""},"categories":[2],"tags":[512,5,6,513,8,9,352],"class_list":["post-830","post","type-post","status-publish","format-standard","has-post-thumbnail","hentry","category-ayuntamiento-pamplona","tag-42-alumnos","tag-actualidad","tag-ayto-pamplona","tag-escuela-taller-de-empleo","tag-noticias","tag-pamplona","tag-parque-de-aranzadi"],"yoast_head":"<!-- This site is optimized with the Yoast SEO plugin v27.5 - https:\/\/yoast.com\/product\/yoast-seo-wordpress\/ -->\n<title>Los 42 alumnos de la Escuela Taller de Empleo municipal Parque de Aranzadi comienzan esta quincena la obra social, tras los primeros meses de formaci\u00f3n<\/title>\n<meta name=\"robots\" content=\"index, follow, max-snippet:-1, max-image-preview:large, max-video-preview:-1\" \/>\n<link rel=\"canonical\" href=\"https:\/\/www.laguiadepamplona.com\/actualidad\/los-42-alumnos-de-la-escuela-taller-de-empleo-municipal-parque-de-aranzadi-comienzan-esta-quincena-la-obra-social-tras-los-primeros-meses-de-formacion\/\" \/>\n<meta property=\"og:locale\" content=\"es_ES\" \/>\n<meta property=\"og:type\" content=\"article\" \/>\n<meta property=\"og:title\" content=\"Los 42 alumnos de la Escuela Taller de Empleo municipal Parque de Aranzadi comienzan esta quincena la obra social, tras los primeros meses de formaci\u00f3n\" \/>\n<meta property=\"og:description\" content=\"Abordar\u00e1n silvicultura en Ezcaba, jardineras para zonas peatonales, mantenimiento en la Ciudadela o acondicionamiento de locales, entre otras Esta ma\u00f1ana la concejala delegada de Bienestar Social e Igualdad, Ana Lezcano,...\" \/>\n<meta property=\"og:url\" content=\"https:\/\/www.laguiadepamplona.com\/actualidad\/los-42-alumnos-de-la-escuela-taller-de-empleo-municipal-parque-de-aranzadi-comienzan-esta-quincena-la-obra-social-tras-los-primeros-meses-de-formacion\/\" \/>\n<meta property=\"og:site_name\" content=\"La Gu\u00eda de Pamplona\" \/>\n<meta property=\"article:publisher\" content=\"https:\/\/www.facebook.com\/laguiadepamplonacom-133175176762273\/?ref=hl\" \/>\n<meta property=\"article:published_time\" content=\"2014-03-18T13:35:56+00:00\" \/>\n<meta name=\"author\" content=\"La Gu\u00eda de Pamplona\" \/>\n<meta name=\"twitter:card\" content=\"summary_large_image\" \/>\n<meta name=\"twitter:creator\" content=\"@LaGuiadPamplona\" \/>\n<meta name=\"twitter:site\" content=\"@LaGuiadPamplona\" \/>\n<meta name=\"twitter:label1\" content=\"Escrito por\" \/>\n\t<meta name=\"twitter:data1\" content=\"La Gu\u00eda de Pamplona\" \/>\n\t<meta name=\"twitter:label2\" content=\"Tiempo de lectura\" \/>\n\t<meta name=\"twitter:data2\" content=\"4 minutos\" \/>\n<script type=\"application\/ld+json\" class=\"yoast-schema-graph\">{\"@context\":\"https:\\\/\\\/schema.org\",\"@graph\":[{\"@type\":\"Article\",\"@id\":\"https:\\\/\\\/www.laguiadepamplona.com\\\/actualidad\\\/los-42-alumnos-de-la-escuela-taller-de-empleo-municipal-parque-de-aranzadi-comienzan-esta-quincena-la-obra-social-tras-los-primeros-meses-de-formacion\\\/#article\",\"isPartOf\":{\"@id\":\"https:\\\/\\\/www.laguiadepamplona.com\\\/actualidad\\\/los-42-alumnos-de-la-escuela-taller-de-empleo-municipal-parque-de-aranzadi-comienzan-esta-quincena-la-obra-social-tras-los-primeros-meses-de-formacion\\\/\"},\"author\":{\"name\":\"La Gu\u00eda de Pamplona\",\"@id\":\"https:\\\/\\\/www.laguiadepamplona.com\\\/actualidad\\\/#\\\/schema\\\/person\\\/efe887376f0213d4657c93adc50b1fdb\"},\"headline\":\"Los 42 alumnos de la Escuela Taller de Empleo municipal Parque de Aranzadi comienzan esta quincena la obra social, tras los primeros meses de formaci\u00f3n\",\"datePublished\":\"2014-03-18T13:35:56+00:00\",\"mainEntityOfPage\":{\"@id\":\"https:\\\/\\\/www.laguiadepamplona.com\\\/actualidad\\\/los-42-alumnos-de-la-escuela-taller-de-empleo-municipal-parque-de-aranzadi-comienzan-esta-quincena-la-obra-social-tras-los-primeros-meses-de-formacion\\\/\"},\"wordCount\":783,\"commentCount\":0,\"publisher\":{\"@id\":\"https:\\\/\\\/www.laguiadepamplona.com\\\/actualidad\\\/#organization\"},\"image\":{\"@id\":\"https:\\\/\\\/www.laguiadepamplona.com\\\/actualidad\\\/los-42-alumnos-de-la-escuela-taller-de-empleo-municipal-parque-de-aranzadi-comienzan-esta-quincena-la-obra-social-tras-los-primeros-meses-de-formacion\\\/#primaryimage\"},\"thumbnailUrl\":\"\",\"keywords\":[\"42 alumnos\",\"actualidad\",\"ayto pamplona\",\"Escuela Taller de Empleo\",\"noticias\",\"pamplona\",\"Parque de Aranzadi\"],\"articleSection\":[\"Ayto Pamplona\"],\"inLanguage\":\"es\",\"potentialAction\":[{\"@type\":\"CommentAction\",\"name\":\"Comment\",\"target\":[\"https:\\\/\\\/www.laguiadepamplona.com\\\/actualidad\\\/los-42-alumnos-de-la-escuela-taller-de-empleo-municipal-parque-de-aranzadi-comienzan-esta-quincena-la-obra-social-tras-los-primeros-meses-de-formacion\\\/#respond\"]}]},{\"@type\":\"WebPage\",\"@id\":\"https:\\\/\\\/www.laguiadepamplona.com\\\/actualidad\\\/los-42-alumnos-de-la-escuela-taller-de-empleo-municipal-parque-de-aranzadi-comienzan-esta-quincena-la-obra-social-tras-los-primeros-meses-de-formacion\\\/\",\"url\":\"https:\\\/\\\/www.laguiadepamplona.com\\\/actualidad\\\/los-42-alumnos-de-la-escuela-taller-de-empleo-municipal-parque-de-aranzadi-comienzan-esta-quincena-la-obra-social-tras-los-primeros-meses-de-formacion\\\/\",\"name\":\"Los 42 alumnos de la Escuela Taller de Empleo municipal Parque de Aranzadi comienzan esta quincena la obra social, tras los primeros meses de formaci\u00f3n\",\"isPartOf\":{\"@id\":\"https:\\\/\\\/www.laguiadepamplona.com\\\/actualidad\\\/#website\"},\"primaryImageOfPage\":{\"@id\":\"https:\\\/\\\/www.laguiadepamplona.com\\\/actualidad\\\/los-42-alumnos-de-la-escuela-taller-de-empleo-municipal-parque-de-aranzadi-comienzan-esta-quincena-la-obra-social-tras-los-primeros-meses-de-formacion\\\/#primaryimage\"},\"image\":{\"@id\":\"https:\\\/\\\/www.laguiadepamplona.com\\\/actualidad\\\/los-42-alumnos-de-la-escuela-taller-de-empleo-municipal-parque-de-aranzadi-comienzan-esta-quincena-la-obra-social-tras-los-primeros-meses-de-formacion\\\/#primaryimage\"},\"thumbnailUrl\":\"\",\"datePublished\":\"2014-03-18T13:35:56+00:00\",\"breadcrumb\":{\"@id\":\"https:\\\/\\\/www.laguiadepamplona.com\\\/actualidad\\\/los-42-alumnos-de-la-escuela-taller-de-empleo-municipal-parque-de-aranzadi-comienzan-esta-quincena-la-obra-social-tras-los-primeros-meses-de-formacion\\\/#breadcrumb\"},\"inLanguage\":\"es\",\"potentialAction\":[{\"@type\":\"ReadAction\",\"target\":[\"https:\\\/\\\/www.laguiadepamplona.com\\\/actualidad\\\/los-42-alumnos-de-la-escuela-taller-de-empleo-municipal-parque-de-aranzadi-comienzan-esta-quincena-la-obra-social-tras-los-primeros-meses-de-formacion\\\/\"]}]},{\"@type\":\"ImageObject\",\"inLanguage\":\"es\",\"@id\":\"https:\\\/\\\/www.laguiadepamplona.com\\\/actualidad\\\/los-42-alumnos-de-la-escuela-taller-de-empleo-municipal-parque-de-aranzadi-comienzan-esta-quincena-la-obra-social-tras-los-primeros-meses-de-formacion\\\/#primaryimage\",\"url\":\"\",\"contentUrl\":\"\"},{\"@type\":\"BreadcrumbList\",\"@id\":\"https:\\\/\\\/www.laguiadepamplona.com\\\/actualidad\\\/los-42-alumnos-de-la-escuela-taller-de-empleo-municipal-parque-de-aranzadi-comienzan-esta-quincena-la-obra-social-tras-los-primeros-meses-de-formacion\\\/#breadcrumb\",\"itemListElement\":[{\"@type\":\"ListItem\",\"position\":1,\"name\":\"Portada\",\"item\":\"https:\\\/\\\/www.laguiadepamplona.com\\\/actualidad\\\/\"},{\"@type\":\"ListItem\",\"position\":2,\"name\":\"Los 42 alumnos de la Escuela Taller de Empleo municipal Parque de Aranzadi comienzan esta quincena la obra social, tras los primeros meses de formaci\u00f3n\"}]},{\"@type\":\"WebSite\",\"@id\":\"https:\\\/\\\/www.laguiadepamplona.com\\\/actualidad\\\/#website\",\"url\":\"https:\\\/\\\/www.laguiadepamplona.com\\\/actualidad\\\/\",\"name\":\"La gu\u00eda de Pamplona\",\"description\":\"Noticias de Pamplona\",\"publisher\":{\"@id\":\"https:\\\/\\\/www.laguiadepamplona.com\\\/actualidad\\\/#organization\"},\"potentialAction\":[{\"@type\":\"SearchAction\",\"target\":{\"@type\":\"EntryPoint\",\"urlTemplate\":\"https:\\\/\\\/www.laguiadepamplona.com\\\/actualidad\\\/?s={search_term_string}\"},\"query-input\":{\"@type\":\"PropertyValueSpecification\",\"valueRequired\":true,\"valueName\":\"search_term_string\"}}],\"inLanguage\":\"es\"},{\"@type\":\"Organization\",\"@id\":\"https:\\\/\\\/www.laguiadepamplona.com\\\/actualidad\\\/#organization\",\"name\":\"La Gu\u00eda de Pamplona \\\/ Noticias\",\"url\":\"https:\\\/\\\/www.laguiadepamplona.com\\\/actualidad\\\/\",\"logo\":{\"@type\":\"ImageObject\",\"inLanguage\":\"es\",\"@id\":\"https:\\\/\\\/www.laguiadepamplona.com\\\/actualidad\\\/#\\\/schema\\\/logo\\\/image\\\/\",\"url\":\"https:\\\/\\\/www.laguiadepamplona.com\\\/actualidad\\\/wp-content\\\/uploads\\\/2018\\\/11\\\/logo-laguiadepamplona18-web1.png\",\"contentUrl\":\"https:\\\/\\\/www.laguiadepamplona.com\\\/actualidad\\\/wp-content\\\/uploads\\\/2018\\\/11\\\/logo-laguiadepamplona18-web1.png\",\"width\":600,\"height\":196,\"caption\":\"La Gu\u00eda de Pamplona \\\/ Noticias\"},\"image\":{\"@id\":\"https:\\\/\\\/www.laguiadepamplona.com\\\/actualidad\\\/#\\\/schema\\\/logo\\\/image\\\/\"},\"sameAs\":[\"https:\\\/\\\/www.facebook.com\\\/laguiadepamplonacom-133175176762273\\\/?ref=hl\",\"https:\\\/\\\/x.com\\\/LaGuiadPamplona\",\"https:\\\/\\\/www.instagram.com\\\/la_guia_de_pamplona\\\/\",\"https:\\\/\\\/www.youtube.com\\\/user\\\/laguiadepamplona\"]},{\"@type\":\"Person\",\"@id\":\"https:\\\/\\\/www.laguiadepamplona.com\\\/actualidad\\\/#\\\/schema\\\/person\\\/efe887376f0213d4657c93adc50b1fdb\",\"name\":\"La Gu\u00eda de Pamplona\",\"image\":{\"@type\":\"ImageObject\",\"inLanguage\":\"es\",\"@id\":\"https:\\\/\\\/secure.gravatar.com\\\/avatar\\\/b6992f131dc8d30ab0dff15446e9d346d9dbd95992de0fef795073f5ea83a81c?s=96&d=mm&r=g\",\"url\":\"https:\\\/\\\/secure.gravatar.com\\\/avatar\\\/b6992f131dc8d30ab0dff15446e9d346d9dbd95992de0fef795073f5ea83a81c?s=96&d=mm&r=g\",\"contentUrl\":\"https:\\\/\\\/secure.gravatar.com\\\/avatar\\\/b6992f131dc8d30ab0dff15446e9d346d9dbd95992de0fef795073f5ea83a81c?s=96&d=mm&r=g\",\"caption\":\"La Gu\u00eda de Pamplona\"}}]}<\/script>\n<!-- \/ Yoast SEO plugin. -->","yoast_head_json":{"title":"Los 42 alumnos de la Escuela Taller de Empleo municipal Parque de Aranzadi comienzan esta quincena la obra social, tras los primeros meses de formaci\u00f3n","robots":{"index":"index","follow":"follow","max-snippet":"max-snippet:-1","max-image-preview":"max-image-preview:large","max-video-preview":"max-video-preview:-1"},"canonical":"https:\/\/www.laguiadepamplona.com\/actualidad\/los-42-alumnos-de-la-escuela-taller-de-empleo-municipal-parque-de-aranzadi-comienzan-esta-quincena-la-obra-social-tras-los-primeros-meses-de-formacion\/","og_locale":"es_ES","og_type":"article","og_title":"Los 42 alumnos de la Escuela Taller de Empleo municipal Parque de Aranzadi comienzan esta quincena la obra social, tras los primeros meses de formaci\u00f3n","og_description":"Abordar\u00e1n silvicultura en Ezcaba, jardineras para zonas peatonales, mantenimiento en la Ciudadela o acondicionamiento de locales, entre otras Esta ma\u00f1ana la concejala delegada de Bienestar Social e Igualdad, Ana Lezcano,...","og_url":"https:\/\/www.laguiadepamplona.com\/actualidad\/los-42-alumnos-de-la-escuela-taller-de-empleo-municipal-parque-de-aranzadi-comienzan-esta-quincena-la-obra-social-tras-los-primeros-meses-de-formacion\/","og_site_name":"La Gu\u00eda de Pamplona","article_publisher":"https:\/\/www.facebook.com\/laguiadepamplonacom-133175176762273\/?ref=hl","article_published_time":"2014-03-18T13:35:56+00:00","author":"La Gu\u00eda de Pamplona","twitter_card":"summary_large_image","twitter_creator":"@LaGuiadPamplona","twitter_site":"@LaGuiadPamplona","twitter_misc":{"Escrito por":"La Gu\u00eda de Pamplona","Tiempo de lectura":"4 minutos"},"schema":{"@context":"https:\/\/schema.org","@graph":[{"@type":"Article","@id":"https:\/\/www.laguiadepamplona.com\/actualidad\/los-42-alumnos-de-la-escuela-taller-de-empleo-municipal-parque-de-aranzadi-comienzan-esta-quincena-la-obra-social-tras-los-primeros-meses-de-formacion\/#article","isPartOf":{"@id":"https:\/\/www.laguiadepamplona.com\/actualidad\/los-42-alumnos-de-la-escuela-taller-de-empleo-municipal-parque-de-aranzadi-comienzan-esta-quincena-la-obra-social-tras-los-primeros-meses-de-formacion\/"},"author":{"name":"La Gu\u00eda de Pamplona","@id":"https:\/\/www.laguiadepamplona.com\/actualidad\/#\/schema\/person\/efe887376f0213d4657c93adc50b1fdb"},"headline":"Los 42 alumnos de la Escuela Taller de Empleo municipal Parque de Aranzadi comienzan esta quincena la obra social, tras los primeros meses de formaci\u00f3n","datePublished":"2014-03-18T13:35:56+00:00","mainEntityOfPage":{"@id":"https:\/\/www.laguiadepamplona.com\/actualidad\/los-42-alumnos-de-la-escuela-taller-de-empleo-municipal-parque-de-aranzadi-comienzan-esta-quincena-la-obra-social-tras-los-primeros-meses-de-formacion\/"},"wordCount":783,"commentCount":0,"publisher":{"@id":"https:\/\/www.laguiadepamplona.com\/actualidad\/#organization"},"image":{"@id":"https:\/\/www.laguiadepamplona.com\/actualidad\/los-42-alumnos-de-la-escuela-taller-de-empleo-municipal-parque-de-aranzadi-comienzan-esta-quincena-la-obra-social-tras-los-primeros-meses-de-formacion\/#primaryimage"},"thumbnailUrl":"","keywords":["42 alumnos","actualidad","ayto pamplona","Escuela Taller de Empleo","noticias","pamplona","Parque de Aranzadi"],"articleSection":["Ayto Pamplona"],"inLanguage":"es","potentialAction":[{"@type":"CommentAction","name":"Comment","target":["https:\/\/www.laguiadepamplona.com\/actualidad\/los-42-alumnos-de-la-escuela-taller-de-empleo-municipal-parque-de-aranzadi-comienzan-esta-quincena-la-obra-social-tras-los-primeros-meses-de-formacion\/#respond"]}]},{"@type":"WebPage","@id":"https:\/\/www.laguiadepamplona.com\/actualidad\/los-42-alumnos-de-la-escuela-taller-de-empleo-municipal-parque-de-aranzadi-comienzan-esta-quincena-la-obra-social-tras-los-primeros-meses-de-formacion\/","url":"https:\/\/www.laguiadepamplona.com\/actualidad\/los-42-alumnos-de-la-escuela-taller-de-empleo-municipal-parque-de-aranzadi-comienzan-esta-quincena-la-obra-social-tras-los-primeros-meses-de-formacion\/","name":"Los 42 alumnos de la Escuela Taller de Empleo municipal Parque de Aranzadi comienzan esta quincena la obra social, tras los primeros meses de formaci\u00f3n","isPartOf":{"@id":"https:\/\/www.laguiadepamplona.com\/actualidad\/#website"},"primaryImageOfPage":{"@id":"https:\/\/www.laguiadepamplona.com\/actualidad\/los-42-alumnos-de-la-escuela-taller-de-empleo-municipal-parque-de-aranzadi-comienzan-esta-quincena-la-obra-social-tras-los-primeros-meses-de-formacion\/#primaryimage"},"image":{"@id":"https:\/\/www.laguiadepamplona.com\/actualidad\/los-42-alumnos-de-la-escuela-taller-de-empleo-municipal-parque-de-aranzadi-comienzan-esta-quincena-la-obra-social-tras-los-primeros-meses-de-formacion\/#primaryimage"},"thumbnailUrl":"","datePublished":"2014-03-18T13:35:56+00:00","breadcrumb":{"@id":"https:\/\/www.laguiadepamplona.com\/actualidad\/los-42-alumnos-de-la-escuela-taller-de-empleo-municipal-parque-de-aranzadi-comienzan-esta-quincena-la-obra-social-tras-los-primeros-meses-de-formacion\/#breadcrumb"},"inLanguage":"es","potentialAction":[{"@type":"ReadAction","target":["https:\/\/www.laguiadepamplona.com\/actualidad\/los-42-alumnos-de-la-escuela-taller-de-empleo-municipal-parque-de-aranzadi-comienzan-esta-quincena-la-obra-social-tras-los-primeros-meses-de-formacion\/"]}]},{"@type":"ImageObject","inLanguage":"es","@id":"https:\/\/www.laguiadepamplona.com\/actualidad\/los-42-alumnos-de-la-escuela-taller-de-empleo-municipal-parque-de-aranzadi-comienzan-esta-quincena-la-obra-social-tras-los-primeros-meses-de-formacion\/#primaryimage","url":"","contentUrl":""},{"@type":"BreadcrumbList","@id":"https:\/\/www.laguiadepamplona.com\/actualidad\/los-42-alumnos-de-la-escuela-taller-de-empleo-municipal-parque-de-aranzadi-comienzan-esta-quincena-la-obra-social-tras-los-primeros-meses-de-formacion\/#breadcrumb","itemListElement":[{"@type":"ListItem","position":1,"name":"Portada","item":"https:\/\/www.laguiadepamplona.com\/actualidad\/"},{"@type":"ListItem","position":2,"name":"Los 42 alumnos de la Escuela Taller de Empleo municipal Parque de Aranzadi comienzan esta quincena la obra social, tras los primeros meses de formaci\u00f3n"}]},{"@type":"WebSite","@id":"https:\/\/www.laguiadepamplona.com\/actualidad\/#website","url":"https:\/\/www.laguiadepamplona.com\/actualidad\/","name":"La gu\u00eda de Pamplona","description":"Noticias de Pamplona","publisher":{"@id":"https:\/\/www.laguiadepamplona.com\/actualidad\/#organization"},"potentialAction":[{"@type":"SearchAction","target":{"@type":"EntryPoint","urlTemplate":"https:\/\/www.laguiadepamplona.com\/actualidad\/?s={search_term_string}"},"query-input":{"@type":"PropertyValueSpecification","valueRequired":true,"valueName":"search_term_string"}}],"inLanguage":"es"},{"@type":"Organization","@id":"https:\/\/www.laguiadepamplona.com\/actualidad\/#organization","name":"La Gu\u00eda de Pamplona \/ Noticias","url":"https:\/\/www.laguiadepamplona.com\/actualidad\/","logo":{"@type":"ImageObject","inLanguage":"es","@id":"https:\/\/www.laguiadepamplona.com\/actualidad\/#\/schema\/logo\/image\/","url":"https:\/\/www.laguiadepamplona.com\/actualidad\/wp-content\/uploads\/2018\/11\/logo-laguiadepamplona18-web1.png","contentUrl":"https:\/\/www.laguiadepamplona.com\/actualidad\/wp-content\/uploads\/2018\/11\/logo-laguiadepamplona18-web1.png","width":600,"height":196,"caption":"La Gu\u00eda de Pamplona \/ Noticias"},"image":{"@id":"https:\/\/www.laguiadepamplona.com\/actualidad\/#\/schema\/logo\/image\/"},"sameAs":["https:\/\/www.facebook.com\/laguiadepamplonacom-133175176762273\/?ref=hl","https:\/\/x.com\/LaGuiadPamplona","https:\/\/www.instagram.com\/la_guia_de_pamplona\/","https:\/\/www.youtube.com\/user\/laguiadepamplona"]},{"@type":"Person","@id":"https:\/\/www.laguiadepamplona.com\/actualidad\/#\/schema\/person\/efe887376f0213d4657c93adc50b1fdb","name":"La Gu\u00eda de Pamplona","image":{"@type":"ImageObject","inLanguage":"es","@id":"https:\/\/secure.gravatar.com\/avatar\/b6992f131dc8d30ab0dff15446e9d346d9dbd95992de0fef795073f5ea83a81c?s=96&d=mm&r=g","url":"https:\/\/secure.gravatar.com\/avatar\/b6992f131dc8d30ab0dff15446e9d346d9dbd95992de0fef795073f5ea83a81c?s=96&d=mm&r=g","contentUrl":"https:\/\/secure.gravatar.com\/avatar\/b6992f131dc8d30ab0dff15446e9d346d9dbd95992de0fef795073f5ea83a81c?s=96&d=mm&r=g","caption":"La Gu\u00eda de Pamplona"}}]}},"post_mailing_queue_ids":[],"_links":{"self":[{"href":"https:\/\/www.laguiadepamplona.com\/actualidad\/wp-json\/wp\/v2\/posts\/830","targetHints":{"allow":["GET"]}}],"collection":[{"href":"https:\/\/www.laguiadepamplona.com\/actualidad\/wp-json\/wp\/v2\/posts"}],"about":[{"href":"https:\/\/www.laguiadepamplona.com\/actualidad\/wp-json\/wp\/v2\/types\/post"}],"author":[{"embeddable":true,"href":"https:\/\/www.laguiadepamplona.com\/actualidad\/wp-json\/wp\/v2\/users\/1"}],"replies":[{"embeddable":true,"href":"https:\/\/www.laguiadepamplona.com\/actualidad\/wp-json\/wp\/v2\/comments?post=830"}],"version-history":[{"count":0,"href":"https:\/\/www.laguiadepamplona.com\/actualidad\/wp-json\/wp\/v2\/posts\/830\/revisions"}],"wp:featuredmedia":[{"embeddable":true,"href":"https:\/\/www.laguiadepamplona.com\/actualidad\/wp-json\/"}],"wp:attachment":[{"href":"https:\/\/www.laguiadepamplona.com\/actualidad\/wp-json\/wp\/v2\/media?parent=830"}],"wp:term":[{"taxonomy":"category","embeddable":true,"href":"https:\/\/www.laguiadepamplona.com\/actualidad\/wp-json\/wp\/v2\/categories?post=830"},{"taxonomy":"post_tag","embeddable":true,"href":"https:\/\/www.laguiadepamplona.com\/actualidad\/wp-json\/wp\/v2\/tags?post=830"}],"curies":[{"name":"wp","href":"https:\/\/api.w.org\/{rel}","templated":true}]}}