{"id":7852,"date":"2015-11-13T19:07:25","date_gmt":"2015-11-13T17:07:25","guid":{"rendered":"http:\/\/laguiadepamplona.com\/actualidad\/?p=7852"},"modified":"2015-11-13T19:07:25","modified_gmt":"2015-11-13T17:07:25","slug":"el-ayuntamiento-de-pamplona-ilumina-su-fachada-de-azul-manana-sabado-con-motivo-del-dia-mundial-de-la-diabetes","status":"publish","type":"post","link":"https:\/\/www.laguiadepamplona.com\/actualidad\/el-ayuntamiento-de-pamplona-ilumina-su-fachada-de-azul-manana-sabado-con-motivo-del-dia-mundial-de-la-diabetes\/","title":{"rendered":"El Ayuntamiento de Pamplona ilumina su fachada de azul ma\u00f1ana s\u00e1bado con motivo del D\u00eda Mundial de la Diabetes"},"content":{"rendered":"<h4>Ser\u00e1 a las 18 horas y contar\u00e1 con la presencia del alcalde y la actuaci\u00f3n del grupo de danzas Txori Zuri Dantza Taldea en la plaza Consistorial<\/h4>\n<p><a href=\"http:\/\/laguiadepamplona.com\/actualidad\/wp-content\/uploads\/2014\/06\/Ayto_Pamplona.jpg\"><img loading=\"lazy\" decoding=\"async\" class=\"alignleft size-medium wp-image-2063\" src=\"http:\/\/laguiadepamplona.com\/actualidad\/wp-content\/uploads\/2014\/06\/Ayto_Pamplona-300x225.jpg\" alt=\"Ayto_Pamplona\" width=\"300\" height=\"225\" \/><\/a>El Ayuntamiento de Pamplona iluminar\u00e1 ma\u00f1ana s\u00e1bado su fachada de azul para unirse a la conmemoraci\u00f3n del D\u00eda Mundial de la Diabetes. Las luces se encender\u00e1n a las 18 horas y contar\u00e1n con la presencia del alcalde, Joseba Asiron y la actuaci\u00f3n del grupo de danzas Txori Zuri Dantza Taldea en la plaza Consistorial.<\/p>\n<p>La iluminaci\u00f3n de la fachada municipal forma parte del programa de actividades que la Asociaci\u00f3n Navarra de Diabetes (ANADI) ha organizado durante toda esta semana para concienciar a la poblaci\u00f3n sobre esta enfermedad. Ma\u00f1ana, adem\u00e1s de la iluminaci\u00f3n de la fachada, ANADI va a instalar una carpa informativa en la Plaza del Castillo desde las 11 de la ma\u00f1ana hasta las 2 de la tarde. Adem\u00e1s durante ese tiempo, habr\u00e1 animaci\u00f3n a cargo del grupo de baile de la Escuela Ravel y un concierto ac\u00fastico de Javi Izurieta.<\/p>\n<p>Las jornadas de concienciaci\u00f3n organizadas por ANADI concluir\u00e1n el domingo con un paseo \u2018transdiabetes\u2019 por el recorrido del encierro. La marcha saldr\u00e1 a las 12 y media del mediod\u00eda del corralillo de la cuesta de Santo Domingo para finalizar con un lunch junto a la plaza de toros.<\/p>\n<p>&nbsp;<\/p>\n","protected":false},"excerpt":{"rendered":"<p>Ser\u00e1 a las 18 horas y contar\u00e1 con la presencia del alcalde y la actuaci\u00f3n del grupo de danzas Txori Zuri Dantza Taldea en la plaza Consistorial El Ayuntamiento de&#8230;<\/p>\n","protected":false},"author":1,"featured_media":2063,"comment_status":"closed","ping_status":"closed","sticky":false,"template":"","format":"standard","meta":{"footnotes":""},"categories":[2],"tags":[5,6,509,1690,5933,7078,1627,7079,6112,4039,8,9],"class_list":["post-7852","post","type-post","status-publish","format-standard","has-post-thumbnail","hentry","category-ayuntamiento-pamplona","tag-actualidad","tag-ayto-pamplona","tag-ayuntamiento-de-pamplona","tag-azul","tag-dia","tag-diabetes","tag-fachada","tag-ilumina","tag-motivo","tag-mundial","tag-noticias","tag-pamplona"],"yoast_head":"<!-- This site is optimized with the Yoast SEO plugin v27.5 - https:\/\/yoast.com\/product\/yoast-seo-wordpress\/ -->\n<title>El Ayuntamiento de Pamplona ilumina su fachada de azul ma\u00f1ana s\u00e1bado con motivo del D\u00eda Mundial de la Diabetes<\/title>\n<meta name=\"robots\" content=\"index, follow, max-snippet:-1, max-image-preview:large, max-video-preview:-1\" \/>\n<link rel=\"canonical\" href=\"https:\/\/www.laguiadepamplona.com\/actualidad\/el-ayuntamiento-de-pamplona-ilumina-su-fachada-de-azul-manana-sabado-con-motivo-del-dia-mundial-de-la-diabetes\/\" \/>\n<meta property=\"og:locale\" content=\"es_ES\" \/>\n<meta property=\"og:type\" content=\"article\" \/>\n<meta property=\"og:title\" content=\"El Ayuntamiento de Pamplona ilumina su fachada de azul ma\u00f1ana s\u00e1bado con motivo del D\u00eda Mundial de la Diabetes\" \/>\n<meta property=\"og:description\" content=\"Ser\u00e1 a las 18 horas y contar\u00e1 con la presencia del alcalde y la actuaci\u00f3n del grupo de danzas Txori Zuri Dantza Taldea en la plaza Consistorial El Ayuntamiento de...\" \/>\n<meta property=\"og:url\" content=\"https:\/\/www.laguiadepamplona.com\/actualidad\/el-ayuntamiento-de-pamplona-ilumina-su-fachada-de-azul-manana-sabado-con-motivo-del-dia-mundial-de-la-diabetes\/\" \/>\n<meta property=\"og:site_name\" content=\"La Gu\u00eda de Pamplona\" \/>\n<meta property=\"article:publisher\" content=\"https:\/\/www.facebook.com\/laguiadepamplonacom-133175176762273\/?ref=hl\" \/>\n<meta property=\"article:published_time\" content=\"2015-11-13T17:07:25+00:00\" \/>\n<meta name=\"author\" content=\"La Gu\u00eda de Pamplona\" \/>\n<meta name=\"twitter:card\" content=\"summary_large_image\" \/>\n<meta name=\"twitter:creator\" content=\"@LaGuiadPamplona\" \/>\n<meta name=\"twitter:site\" content=\"@LaGuiadPamplona\" \/>\n<meta name=\"twitter:label1\" content=\"Escrito por\" \/>\n\t<meta name=\"twitter:data1\" content=\"La Gu\u00eda de Pamplona\" \/>\n\t<meta name=\"twitter:label2\" content=\"Tiempo de lectura\" \/>\n\t<meta name=\"twitter:data2\" content=\"1 minuto\" \/>\n<script type=\"application\/ld+json\" class=\"yoast-schema-graph\">{\"@context\":\"https:\\\/\\\/schema.org\",\"@graph\":[{\"@type\":\"Article\",\"@id\":\"https:\\\/\\\/www.laguiadepamplona.com\\\/actualidad\\\/el-ayuntamiento-de-pamplona-ilumina-su-fachada-de-azul-manana-sabado-con-motivo-del-dia-mundial-de-la-diabetes\\\/#article\",\"isPartOf\":{\"@id\":\"https:\\\/\\\/www.laguiadepamplona.com\\\/actualidad\\\/el-ayuntamiento-de-pamplona-ilumina-su-fachada-de-azul-manana-sabado-con-motivo-del-dia-mundial-de-la-diabetes\\\/\"},\"author\":{\"name\":\"La Gu\u00eda de Pamplona\",\"@id\":\"https:\\\/\\\/www.laguiadepamplona.com\\\/actualidad\\\/#\\\/schema\\\/person\\\/efe887376f0213d4657c93adc50b1fdb\"},\"headline\":\"El Ayuntamiento de Pamplona ilumina su fachada de azul ma\u00f1ana s\u00e1bado con motivo del D\u00eda Mundial de la Diabetes\",\"datePublished\":\"2015-11-13T17:07:25+00:00\",\"mainEntityOfPage\":{\"@id\":\"https:\\\/\\\/www.laguiadepamplona.com\\\/actualidad\\\/el-ayuntamiento-de-pamplona-ilumina-su-fachada-de-azul-manana-sabado-con-motivo-del-dia-mundial-de-la-diabetes\\\/\"},\"wordCount\":256,\"publisher\":{\"@id\":\"https:\\\/\\\/www.laguiadepamplona.com\\\/actualidad\\\/#organization\"},\"image\":{\"@id\":\"https:\\\/\\\/www.laguiadepamplona.com\\\/actualidad\\\/el-ayuntamiento-de-pamplona-ilumina-su-fachada-de-azul-manana-sabado-con-motivo-del-dia-mundial-de-la-diabetes\\\/#primaryimage\"},\"thumbnailUrl\":\"\",\"keywords\":[\"actualidad\",\"ayto pamplona\",\"Ayuntamiento de Pamplona\",\"azul\",\"d\u00eda\",\"Diabetes\",\"fachada\",\"ilumina\",\"motivo\",\"mundial\",\"noticias\",\"pamplona\"],\"articleSection\":[\"Ayto Pamplona\"],\"inLanguage\":\"es\"},{\"@type\":\"WebPage\",\"@id\":\"https:\\\/\\\/www.laguiadepamplona.com\\\/actualidad\\\/el-ayuntamiento-de-pamplona-ilumina-su-fachada-de-azul-manana-sabado-con-motivo-del-dia-mundial-de-la-diabetes\\\/\",\"url\":\"https:\\\/\\\/www.laguiadepamplona.com\\\/actualidad\\\/el-ayuntamiento-de-pamplona-ilumina-su-fachada-de-azul-manana-sabado-con-motivo-del-dia-mundial-de-la-diabetes\\\/\",\"name\":\"El Ayuntamiento de Pamplona ilumina su fachada de azul ma\u00f1ana s\u00e1bado con motivo del D\u00eda Mundial de la Diabetes\",\"isPartOf\":{\"@id\":\"https:\\\/\\\/www.laguiadepamplona.com\\\/actualidad\\\/#website\"},\"primaryImageOfPage\":{\"@id\":\"https:\\\/\\\/www.laguiadepamplona.com\\\/actualidad\\\/el-ayuntamiento-de-pamplona-ilumina-su-fachada-de-azul-manana-sabado-con-motivo-del-dia-mundial-de-la-diabetes\\\/#primaryimage\"},\"image\":{\"@id\":\"https:\\\/\\\/www.laguiadepamplona.com\\\/actualidad\\\/el-ayuntamiento-de-pamplona-ilumina-su-fachada-de-azul-manana-sabado-con-motivo-del-dia-mundial-de-la-diabetes\\\/#primaryimage\"},\"thumbnailUrl\":\"\",\"datePublished\":\"2015-11-13T17:07:25+00:00\",\"breadcrumb\":{\"@id\":\"https:\\\/\\\/www.laguiadepamplona.com\\\/actualidad\\\/el-ayuntamiento-de-pamplona-ilumina-su-fachada-de-azul-manana-sabado-con-motivo-del-dia-mundial-de-la-diabetes\\\/#breadcrumb\"},\"inLanguage\":\"es\",\"potentialAction\":[{\"@type\":\"ReadAction\",\"target\":[\"https:\\\/\\\/www.laguiadepamplona.com\\\/actualidad\\\/el-ayuntamiento-de-pamplona-ilumina-su-fachada-de-azul-manana-sabado-con-motivo-del-dia-mundial-de-la-diabetes\\\/\"]}]},{\"@type\":\"ImageObject\",\"inLanguage\":\"es\",\"@id\":\"https:\\\/\\\/www.laguiadepamplona.com\\\/actualidad\\\/el-ayuntamiento-de-pamplona-ilumina-su-fachada-de-azul-manana-sabado-con-motivo-del-dia-mundial-de-la-diabetes\\\/#primaryimage\",\"url\":\"\",\"contentUrl\":\"\"},{\"@type\":\"BreadcrumbList\",\"@id\":\"https:\\\/\\\/www.laguiadepamplona.com\\\/actualidad\\\/el-ayuntamiento-de-pamplona-ilumina-su-fachada-de-azul-manana-sabado-con-motivo-del-dia-mundial-de-la-diabetes\\\/#breadcrumb\",\"itemListElement\":[{\"@type\":\"ListItem\",\"position\":1,\"name\":\"Portada\",\"item\":\"https:\\\/\\\/www.laguiadepamplona.com\\\/actualidad\\\/\"},{\"@type\":\"ListItem\",\"position\":2,\"name\":\"El Ayuntamiento de Pamplona ilumina su fachada de azul ma\u00f1ana s\u00e1bado con motivo del D\u00eda Mundial de la Diabetes\"}]},{\"@type\":\"WebSite\",\"@id\":\"https:\\\/\\\/www.laguiadepamplona.com\\\/actualidad\\\/#website\",\"url\":\"https:\\\/\\\/www.laguiadepamplona.com\\\/actualidad\\\/\",\"name\":\"La gu\u00eda de Pamplona\",\"description\":\"Noticias de Pamplona\",\"publisher\":{\"@id\":\"https:\\\/\\\/www.laguiadepamplona.com\\\/actualidad\\\/#organization\"},\"potentialAction\":[{\"@type\":\"SearchAction\",\"target\":{\"@type\":\"EntryPoint\",\"urlTemplate\":\"https:\\\/\\\/www.laguiadepamplona.com\\\/actualidad\\\/?s={search_term_string}\"},\"query-input\":{\"@type\":\"PropertyValueSpecification\",\"valueRequired\":true,\"valueName\":\"search_term_string\"}}],\"inLanguage\":\"es\"},{\"@type\":\"Organization\",\"@id\":\"https:\\\/\\\/www.laguiadepamplona.com\\\/actualidad\\\/#organization\",\"name\":\"La Gu\u00eda de Pamplona \\\/ Noticias\",\"url\":\"https:\\\/\\\/www.laguiadepamplona.com\\\/actualidad\\\/\",\"logo\":{\"@type\":\"ImageObject\",\"inLanguage\":\"es\",\"@id\":\"https:\\\/\\\/www.laguiadepamplona.com\\\/actualidad\\\/#\\\/schema\\\/logo\\\/image\\\/\",\"url\":\"https:\\\/\\\/www.laguiadepamplona.com\\\/actualidad\\\/wp-content\\\/uploads\\\/2018\\\/11\\\/logo-laguiadepamplona18-web1.png\",\"contentUrl\":\"https:\\\/\\\/www.laguiadepamplona.com\\\/actualidad\\\/wp-content\\\/uploads\\\/2018\\\/11\\\/logo-laguiadepamplona18-web1.png\",\"width\":600,\"height\":196,\"caption\":\"La Gu\u00eda de Pamplona \\\/ Noticias\"},\"image\":{\"@id\":\"https:\\\/\\\/www.laguiadepamplona.com\\\/actualidad\\\/#\\\/schema\\\/logo\\\/image\\\/\"},\"sameAs\":[\"https:\\\/\\\/www.facebook.com\\\/laguiadepamplonacom-133175176762273\\\/?ref=hl\",\"https:\\\/\\\/x.com\\\/LaGuiadPamplona\",\"https:\\\/\\\/www.instagram.com\\\/la_guia_de_pamplona\\\/\",\"https:\\\/\\\/www.youtube.com\\\/user\\\/laguiadepamplona\"]},{\"@type\":\"Person\",\"@id\":\"https:\\\/\\\/www.laguiadepamplona.com\\\/actualidad\\\/#\\\/schema\\\/person\\\/efe887376f0213d4657c93adc50b1fdb\",\"name\":\"La Gu\u00eda de Pamplona\",\"image\":{\"@type\":\"ImageObject\",\"inLanguage\":\"es\",\"@id\":\"https:\\\/\\\/secure.gravatar.com\\\/avatar\\\/b6992f131dc8d30ab0dff15446e9d346d9dbd95992de0fef795073f5ea83a81c?s=96&d=mm&r=g\",\"url\":\"https:\\\/\\\/secure.gravatar.com\\\/avatar\\\/b6992f131dc8d30ab0dff15446e9d346d9dbd95992de0fef795073f5ea83a81c?s=96&d=mm&r=g\",\"contentUrl\":\"https:\\\/\\\/secure.gravatar.com\\\/avatar\\\/b6992f131dc8d30ab0dff15446e9d346d9dbd95992de0fef795073f5ea83a81c?s=96&d=mm&r=g\",\"caption\":\"La Gu\u00eda de Pamplona\"}}]}<\/script>\n<!-- \/ Yoast SEO plugin. -->","yoast_head_json":{"title":"El Ayuntamiento de Pamplona ilumina su fachada de azul ma\u00f1ana s\u00e1bado con motivo del D\u00eda Mundial de la Diabetes","robots":{"index":"index","follow":"follow","max-snippet":"max-snippet:-1","max-image-preview":"max-image-preview:large","max-video-preview":"max-video-preview:-1"},"canonical":"https:\/\/www.laguiadepamplona.com\/actualidad\/el-ayuntamiento-de-pamplona-ilumina-su-fachada-de-azul-manana-sabado-con-motivo-del-dia-mundial-de-la-diabetes\/","og_locale":"es_ES","og_type":"article","og_title":"El Ayuntamiento de Pamplona ilumina su fachada de azul ma\u00f1ana s\u00e1bado con motivo del D\u00eda Mundial de la Diabetes","og_description":"Ser\u00e1 a las 18 horas y contar\u00e1 con la presencia del alcalde y la actuaci\u00f3n del grupo de danzas Txori Zuri Dantza Taldea en la plaza Consistorial El Ayuntamiento de...","og_url":"https:\/\/www.laguiadepamplona.com\/actualidad\/el-ayuntamiento-de-pamplona-ilumina-su-fachada-de-azul-manana-sabado-con-motivo-del-dia-mundial-de-la-diabetes\/","og_site_name":"La Gu\u00eda de Pamplona","article_publisher":"https:\/\/www.facebook.com\/laguiadepamplonacom-133175176762273\/?ref=hl","article_published_time":"2015-11-13T17:07:25+00:00","author":"La Gu\u00eda de Pamplona","twitter_card":"summary_large_image","twitter_creator":"@LaGuiadPamplona","twitter_site":"@LaGuiadPamplona","twitter_misc":{"Escrito por":"La Gu\u00eda de Pamplona","Tiempo de lectura":"1 minuto"},"schema":{"@context":"https:\/\/schema.org","@graph":[{"@type":"Article","@id":"https:\/\/www.laguiadepamplona.com\/actualidad\/el-ayuntamiento-de-pamplona-ilumina-su-fachada-de-azul-manana-sabado-con-motivo-del-dia-mundial-de-la-diabetes\/#article","isPartOf":{"@id":"https:\/\/www.laguiadepamplona.com\/actualidad\/el-ayuntamiento-de-pamplona-ilumina-su-fachada-de-azul-manana-sabado-con-motivo-del-dia-mundial-de-la-diabetes\/"},"author":{"name":"La Gu\u00eda de Pamplona","@id":"https:\/\/www.laguiadepamplona.com\/actualidad\/#\/schema\/person\/efe887376f0213d4657c93adc50b1fdb"},"headline":"El Ayuntamiento de Pamplona ilumina su fachada de azul ma\u00f1ana s\u00e1bado con motivo del D\u00eda Mundial de la Diabetes","datePublished":"2015-11-13T17:07:25+00:00","mainEntityOfPage":{"@id":"https:\/\/www.laguiadepamplona.com\/actualidad\/el-ayuntamiento-de-pamplona-ilumina-su-fachada-de-azul-manana-sabado-con-motivo-del-dia-mundial-de-la-diabetes\/"},"wordCount":256,"publisher":{"@id":"https:\/\/www.laguiadepamplona.com\/actualidad\/#organization"},"image":{"@id":"https:\/\/www.laguiadepamplona.com\/actualidad\/el-ayuntamiento-de-pamplona-ilumina-su-fachada-de-azul-manana-sabado-con-motivo-del-dia-mundial-de-la-diabetes\/#primaryimage"},"thumbnailUrl":"","keywords":["actualidad","ayto pamplona","Ayuntamiento de Pamplona","azul","d\u00eda","Diabetes","fachada","ilumina","motivo","mundial","noticias","pamplona"],"articleSection":["Ayto Pamplona"],"inLanguage":"es"},{"@type":"WebPage","@id":"https:\/\/www.laguiadepamplona.com\/actualidad\/el-ayuntamiento-de-pamplona-ilumina-su-fachada-de-azul-manana-sabado-con-motivo-del-dia-mundial-de-la-diabetes\/","url":"https:\/\/www.laguiadepamplona.com\/actualidad\/el-ayuntamiento-de-pamplona-ilumina-su-fachada-de-azul-manana-sabado-con-motivo-del-dia-mundial-de-la-diabetes\/","name":"El Ayuntamiento de Pamplona ilumina su fachada de azul ma\u00f1ana s\u00e1bado con motivo del D\u00eda Mundial de la Diabetes","isPartOf":{"@id":"https:\/\/www.laguiadepamplona.com\/actualidad\/#website"},"primaryImageOfPage":{"@id":"https:\/\/www.laguiadepamplona.com\/actualidad\/el-ayuntamiento-de-pamplona-ilumina-su-fachada-de-azul-manana-sabado-con-motivo-del-dia-mundial-de-la-diabetes\/#primaryimage"},"image":{"@id":"https:\/\/www.laguiadepamplona.com\/actualidad\/el-ayuntamiento-de-pamplona-ilumina-su-fachada-de-azul-manana-sabado-con-motivo-del-dia-mundial-de-la-diabetes\/#primaryimage"},"thumbnailUrl":"","datePublished":"2015-11-13T17:07:25+00:00","breadcrumb":{"@id":"https:\/\/www.laguiadepamplona.com\/actualidad\/el-ayuntamiento-de-pamplona-ilumina-su-fachada-de-azul-manana-sabado-con-motivo-del-dia-mundial-de-la-diabetes\/#breadcrumb"},"inLanguage":"es","potentialAction":[{"@type":"ReadAction","target":["https:\/\/www.laguiadepamplona.com\/actualidad\/el-ayuntamiento-de-pamplona-ilumina-su-fachada-de-azul-manana-sabado-con-motivo-del-dia-mundial-de-la-diabetes\/"]}]},{"@type":"ImageObject","inLanguage":"es","@id":"https:\/\/www.laguiadepamplona.com\/actualidad\/el-ayuntamiento-de-pamplona-ilumina-su-fachada-de-azul-manana-sabado-con-motivo-del-dia-mundial-de-la-diabetes\/#primaryimage","url":"","contentUrl":""},{"@type":"BreadcrumbList","@id":"https:\/\/www.laguiadepamplona.com\/actualidad\/el-ayuntamiento-de-pamplona-ilumina-su-fachada-de-azul-manana-sabado-con-motivo-del-dia-mundial-de-la-diabetes\/#breadcrumb","itemListElement":[{"@type":"ListItem","position":1,"name":"Portada","item":"https:\/\/www.laguiadepamplona.com\/actualidad\/"},{"@type":"ListItem","position":2,"name":"El Ayuntamiento de Pamplona ilumina su fachada de azul ma\u00f1ana s\u00e1bado con motivo del D\u00eda Mundial de la Diabetes"}]},{"@type":"WebSite","@id":"https:\/\/www.laguiadepamplona.com\/actualidad\/#website","url":"https:\/\/www.laguiadepamplona.com\/actualidad\/","name":"La gu\u00eda de Pamplona","description":"Noticias de Pamplona","publisher":{"@id":"https:\/\/www.laguiadepamplona.com\/actualidad\/#organization"},"potentialAction":[{"@type":"SearchAction","target":{"@type":"EntryPoint","urlTemplate":"https:\/\/www.laguiadepamplona.com\/actualidad\/?s={search_term_string}"},"query-input":{"@type":"PropertyValueSpecification","valueRequired":true,"valueName":"search_term_string"}}],"inLanguage":"es"},{"@type":"Organization","@id":"https:\/\/www.laguiadepamplona.com\/actualidad\/#organization","name":"La Gu\u00eda de Pamplona \/ Noticias","url":"https:\/\/www.laguiadepamplona.com\/actualidad\/","logo":{"@type":"ImageObject","inLanguage":"es","@id":"https:\/\/www.laguiadepamplona.com\/actualidad\/#\/schema\/logo\/image\/","url":"https:\/\/www.laguiadepamplona.com\/actualidad\/wp-content\/uploads\/2018\/11\/logo-laguiadepamplona18-web1.png","contentUrl":"https:\/\/www.laguiadepamplona.com\/actualidad\/wp-content\/uploads\/2018\/11\/logo-laguiadepamplona18-web1.png","width":600,"height":196,"caption":"La Gu\u00eda de Pamplona \/ Noticias"},"image":{"@id":"https:\/\/www.laguiadepamplona.com\/actualidad\/#\/schema\/logo\/image\/"},"sameAs":["https:\/\/www.facebook.com\/laguiadepamplonacom-133175176762273\/?ref=hl","https:\/\/x.com\/LaGuiadPamplona","https:\/\/www.instagram.com\/la_guia_de_pamplona\/","https:\/\/www.youtube.com\/user\/laguiadepamplona"]},{"@type":"Person","@id":"https:\/\/www.laguiadepamplona.com\/actualidad\/#\/schema\/person\/efe887376f0213d4657c93adc50b1fdb","name":"La Gu\u00eda de Pamplona","image":{"@type":"ImageObject","inLanguage":"es","@id":"https:\/\/secure.gravatar.com\/avatar\/b6992f131dc8d30ab0dff15446e9d346d9dbd95992de0fef795073f5ea83a81c?s=96&d=mm&r=g","url":"https:\/\/secure.gravatar.com\/avatar\/b6992f131dc8d30ab0dff15446e9d346d9dbd95992de0fef795073f5ea83a81c?s=96&d=mm&r=g","contentUrl":"https:\/\/secure.gravatar.com\/avatar\/b6992f131dc8d30ab0dff15446e9d346d9dbd95992de0fef795073f5ea83a81c?s=96&d=mm&r=g","caption":"La Gu\u00eda de Pamplona"}}]}},"post_mailing_queue_ids":[],"_links":{"self":[{"href":"https:\/\/www.laguiadepamplona.com\/actualidad\/wp-json\/wp\/v2\/posts\/7852","targetHints":{"allow":["GET"]}}],"collection":[{"href":"https:\/\/www.laguiadepamplona.com\/actualidad\/wp-json\/wp\/v2\/posts"}],"about":[{"href":"https:\/\/www.laguiadepamplona.com\/actualidad\/wp-json\/wp\/v2\/types\/post"}],"author":[{"embeddable":true,"href":"https:\/\/www.laguiadepamplona.com\/actualidad\/wp-json\/wp\/v2\/users\/1"}],"replies":[{"embeddable":true,"href":"https:\/\/www.laguiadepamplona.com\/actualidad\/wp-json\/wp\/v2\/comments?post=7852"}],"version-history":[{"count":0,"href":"https:\/\/www.laguiadepamplona.com\/actualidad\/wp-json\/wp\/v2\/posts\/7852\/revisions"}],"wp:featuredmedia":[{"embeddable":true,"href":"https:\/\/www.laguiadepamplona.com\/actualidad\/wp-json\/"}],"wp:attachment":[{"href":"https:\/\/www.laguiadepamplona.com\/actualidad\/wp-json\/wp\/v2\/media?parent=7852"}],"wp:term":[{"taxonomy":"category","embeddable":true,"href":"https:\/\/www.laguiadepamplona.com\/actualidad\/wp-json\/wp\/v2\/categories?post=7852"},{"taxonomy":"post_tag","embeddable":true,"href":"https:\/\/www.laguiadepamplona.com\/actualidad\/wp-json\/wp\/v2\/tags?post=7852"}],"curies":[{"name":"wp","href":"https:\/\/api.w.org\/{rel}","templated":true}]}}