{"id":780,"date":"2014-03-13T11:35:45","date_gmt":"2014-03-13T10:35:45","guid":{"rendered":"http:\/\/laguiadepamplona.es\/noticias\/?p=780"},"modified":"2014-03-13T11:35:45","modified_gmt":"2014-03-13T10:35:45","slug":"el-lunes-17-se-abre-el-plazo-para-inscribirse-en-el-xiv-servicio-de-atencion-infantil-del-ayuntamiento-de-pamplona-para-las-vacaciones-de-semana-santa","status":"publish","type":"post","link":"https:\/\/www.laguiadepamplona.com\/actualidad\/el-lunes-17-se-abre-el-plazo-para-inscribirse-en-el-xiv-servicio-de-atencion-infantil-del-ayuntamiento-de-pamplona-para-las-vacaciones-de-semana-santa\/","title":{"rendered":"El lunes 17 se abre el plazo para inscribirse en el XIV Servicio de Atenci\u00f3n Infantil del Ayuntamiento de Pamplona para las vacaciones de Semana Santa"},"content":{"rendered":"<h6>El servicio municipal est\u00e1 dirigido a menores de 3 a 12 a\u00f1os y tiene como fin apoyar la conciliaci\u00f3n de la vida laboral y familiar<\/h6>\n<p><a href=\"http:\/\/laguiadepamplona.es\/noticias\/wp-content\/uploads\/2014\/01\/01_Pamplona.jpg\"><img loading=\"lazy\" decoding=\"async\" class=\"alignleft size-medium wp-image-113\" alt=\"01_Pamplona\" src=\"http:\/\/laguiadepamplona.es\/noticias\/wp-content\/uploads\/2014\/01\/01_Pamplona-300x225.jpg\" width=\"300\" height=\"225\" \/><\/a>El Ayuntamiento de Pamplona ha organizado el XIV Servicio de Atenci\u00f3n Infantil para las vacaciones de Semana Santa, con el objetivo de facilitar a las familias que lo requieran conciliar la vida familiar y laboral. Se trata de que las familias con dificultades para conciliar sus horarios laborales con el cuidado de los hijos, tengan un posible lugar donde dejar a los menores. Este servicio se llevar\u00e1 a cabo del 22 al 25 de abril, en horario de 7.45 a 16 horas y est\u00e1 dirigidas a ni\u00f1os entre 3 y 12 a\u00f1os. En caso de que la demanda supere las plazas ofertadas, se dar\u00e1 prioridad a las personas empadronas en Pamplona. Los responsables de los menores deber\u00e1n estar trabajando en esas fechas.<\/p>\n<p>El servicio se desarrollar\u00e1, en esta ocasi\u00f3n, en las instalaciones del Colegio P\u00fablico Ermitaga\u00f1a (calle Bartolom\u00e9 de Carranza, 14). Las familias acordar\u00e1n en qu\u00e9 horario acudir\u00e1n los menores los cuatro d\u00edas, dentro de la horquilla establecida para la entrada y la salida. La entrada se podr\u00e1 realizar entre las 7.45 y las 9.30 horas y la salida entre las 13.15 y las 16 horas. As\u00ed, habr\u00e1 plazas de media jornada sin comedor a un precio de 36 euros los cuatro d\u00edas y plazas de jornada completa con derecho a comida, a 64 euros durante todo el periodo. Hay previstos descuentos de un 10% si se inscriben dos o m\u00e1s menores de la misma familia y tambi\u00e9n subvenci\u00f3n para unidades familiares con bajos niveles de renta, conforme a un baremo prefijado.<\/p>\n<p>El plazo para solicitar plaza estar\u00e1 abierto desde el lunes 17 hasta el viernes 28 de marzo y \u00e9stas se atribuir\u00e1n en orden de inscripci\u00f3n. Las personas interesadas deber\u00e1n pedirla rellenando una instancia en cualquiera de los registros municipales y entreg\u00e1ndola junto con un justificante de pago bancario y el modelo de autorizaci\u00f3n de im\u00e1genes. Las familias que tengan derecho a subvenci\u00f3n por criterios de renta deber\u00e1n hacer la solicitud a trav\u00e9s de cualquiera de las 12 unidades de barrio que atienden de lunes a viernes de 8.30 a 14.30 horas (<a href=\"http:\/\/www.pamplona.net\/verPagina.asp?idPag=234&amp;idioma=1\">http:\/\/www.pamplona.net\/verPagina.asp?idPag=234&amp;idioma=1<\/a>).<\/p>\n<p>Este servicio se viene ofreciendo desde verano de 2000 dentro de la idea de ayudar a la conciliaci\u00f3n de la vida familiar y laboral, y se reproduce en periodos vacacionales: verano, Navidad y Semana Santa.<\/p>\n<div>\n<p><strong>XIV Servicio Atenci\u00f3n Infantil de Semana Santa<\/strong><\/p>\n<\/div>\n<ul>\n<li><b>Destinado a: <\/b>familias que tengan dificultades para conciliar los horarios de trabajo con el cuidado de su descendencia<\/li>\n<li><b>Fechas:<\/b> del 22 al 25 de abril<\/li>\n<li><b>Horario:<\/b> se acordar\u00e1 con cada familia. M\u00e1ximo de 7.45 de la ma\u00f1ana a 4 de la tarde incluyendo comedor (m\u00e1ximo de 8 horas y cuarto)<\/li>\n<li><b>Lugar:<\/b> Colegio P\u00fablico Ermitaga\u00f1a (calle Bartolom\u00e9 de Carranza, 14)<\/li>\n<li><b>Requisitos:<\/b> edad entre 3 y 12 a\u00f1os, con preferencia para familias empadronadas. Los responsables de los menores deben estar trabajando en esas fechas<\/li>\n<li><b>Precio plazas libres:<\/b> 64 euros por semana si se utiliza el comedor y 36 sin usar el comedor. 10% de reducci\u00f3n si se inscriben dos o m\u00e1s menores de la misma familia<\/li>\n<li><b>Precio plazas subvencionadas:<\/b> La cuant\u00eda de las subvenciones se fijar\u00e1 caso por caso por la trabajadora social de la unidad de barrio<\/li>\n<li><b>Plazo de inscripci\u00f3n:<\/b> hasta el 28 de marzo<\/li>\n<li>El servicio se prestar\u00e1 en euskera y castellano<\/li>\n<li><b>Solicitudes e informaci\u00f3n:<\/b> En Tel\u00e9fono de Atenci\u00f3n Ciudadana 010 y en <a href=\"http:\/\/www.pamplona.es\/\">www.pamplona.es<\/a><\/li>\n<\/ul>\n<p>&nbsp;<\/p>\n","protected":false},"excerpt":{"rendered":"<p>El servicio municipal est\u00e1 dirigido a menores de 3 a 12 a\u00f1os y tiene como fin apoyar la conciliaci\u00f3n de la vida laboral y familiar El Ayuntamiento de Pamplona ha&#8230;<\/p>\n","protected":false},"author":1,"featured_media":113,"comment_status":"open","ping_status":"open","sticky":false,"template":"","format":"standard","meta":{"footnotes":""},"categories":[2],"tags":[5,6,8,9,480],"class_list":["post-780","post","type-post","status-publish","format-standard","has-post-thumbnail","hentry","category-ayuntamiento-pamplona","tag-actualidad","tag-ayto-pamplona","tag-noticias","tag-pamplona","tag-servicio-de-atencion-infantil-del-ayuntamiento-de-pamplona"],"yoast_head":"<!-- This site is optimized with the Yoast SEO plugin v27.5 - https:\/\/yoast.com\/product\/yoast-seo-wordpress\/ -->\n<title>El lunes 17 se abre el plazo para inscribirse en el XIV Servicio de Atenci\u00f3n Infantil del Ayuntamiento de Pamplona para las vacaciones de Semana Santa<\/title>\n<meta name=\"robots\" content=\"index, follow, max-snippet:-1, max-image-preview:large, max-video-preview:-1\" \/>\n<link rel=\"canonical\" href=\"https:\/\/www.laguiadepamplona.com\/actualidad\/el-lunes-17-se-abre-el-plazo-para-inscribirse-en-el-xiv-servicio-de-atencion-infantil-del-ayuntamiento-de-pamplona-para-las-vacaciones-de-semana-santa\/\" \/>\n<meta property=\"og:locale\" content=\"es_ES\" \/>\n<meta property=\"og:type\" content=\"article\" \/>\n<meta property=\"og:title\" content=\"El lunes 17 se abre el plazo para inscribirse en el XIV Servicio de Atenci\u00f3n Infantil del Ayuntamiento de Pamplona para las vacaciones de Semana Santa\" \/>\n<meta property=\"og:description\" content=\"El servicio municipal est\u00e1 dirigido a menores de 3 a 12 a\u00f1os y tiene como fin apoyar la conciliaci\u00f3n de la vida laboral y familiar El Ayuntamiento de Pamplona ha...\" \/>\n<meta property=\"og:url\" content=\"https:\/\/www.laguiadepamplona.com\/actualidad\/el-lunes-17-se-abre-el-plazo-para-inscribirse-en-el-xiv-servicio-de-atencion-infantil-del-ayuntamiento-de-pamplona-para-las-vacaciones-de-semana-santa\/\" \/>\n<meta property=\"og:site_name\" content=\"La Gu\u00eda de Pamplona\" \/>\n<meta property=\"article:publisher\" content=\"https:\/\/www.facebook.com\/laguiadepamplonacom-133175176762273\/?ref=hl\" \/>\n<meta property=\"article:published_time\" content=\"2014-03-13T10:35:45+00:00\" \/>\n<meta name=\"author\" content=\"La Gu\u00eda de Pamplona\" \/>\n<meta name=\"twitter:card\" content=\"summary_large_image\" \/>\n<meta name=\"twitter:creator\" content=\"@LaGuiadPamplona\" \/>\n<meta name=\"twitter:site\" content=\"@LaGuiadPamplona\" \/>\n<meta name=\"twitter:label1\" content=\"Escrito por\" \/>\n\t<meta name=\"twitter:data1\" content=\"La Gu\u00eda de Pamplona\" \/>\n\t<meta name=\"twitter:label2\" content=\"Tiempo de lectura\" \/>\n\t<meta name=\"twitter:data2\" content=\"3 minutos\" \/>\n<script type=\"application\/ld+json\" class=\"yoast-schema-graph\">{\"@context\":\"https:\\\/\\\/schema.org\",\"@graph\":[{\"@type\":\"Article\",\"@id\":\"https:\\\/\\\/www.laguiadepamplona.com\\\/actualidad\\\/el-lunes-17-se-abre-el-plazo-para-inscribirse-en-el-xiv-servicio-de-atencion-infantil-del-ayuntamiento-de-pamplona-para-las-vacaciones-de-semana-santa\\\/#article\",\"isPartOf\":{\"@id\":\"https:\\\/\\\/www.laguiadepamplona.com\\\/actualidad\\\/el-lunes-17-se-abre-el-plazo-para-inscribirse-en-el-xiv-servicio-de-atencion-infantil-del-ayuntamiento-de-pamplona-para-las-vacaciones-de-semana-santa\\\/\"},\"author\":{\"name\":\"La Gu\u00eda de Pamplona\",\"@id\":\"https:\\\/\\\/www.laguiadepamplona.com\\\/actualidad\\\/#\\\/schema\\\/person\\\/efe887376f0213d4657c93adc50b1fdb\"},\"headline\":\"El lunes 17 se abre el plazo para inscribirse en el XIV Servicio de Atenci\u00f3n Infantil del Ayuntamiento de Pamplona para las vacaciones de Semana Santa\",\"datePublished\":\"2014-03-13T10:35:45+00:00\",\"mainEntityOfPage\":{\"@id\":\"https:\\\/\\\/www.laguiadepamplona.com\\\/actualidad\\\/el-lunes-17-se-abre-el-plazo-para-inscribirse-en-el-xiv-servicio-de-atencion-infantil-del-ayuntamiento-de-pamplona-para-las-vacaciones-de-semana-santa\\\/\"},\"wordCount\":617,\"commentCount\":0,\"publisher\":{\"@id\":\"https:\\\/\\\/www.laguiadepamplona.com\\\/actualidad\\\/#organization\"},\"image\":{\"@id\":\"https:\\\/\\\/www.laguiadepamplona.com\\\/actualidad\\\/el-lunes-17-se-abre-el-plazo-para-inscribirse-en-el-xiv-servicio-de-atencion-infantil-del-ayuntamiento-de-pamplona-para-las-vacaciones-de-semana-santa\\\/#primaryimage\"},\"thumbnailUrl\":\"\",\"keywords\":[\"actualidad\",\"ayto pamplona\",\"noticias\",\"pamplona\",\"Servicio de Atenci\u00f3n Infantil del Ayuntamiento de Pamplona\"],\"articleSection\":[\"Ayto Pamplona\"],\"inLanguage\":\"es\",\"potentialAction\":[{\"@type\":\"CommentAction\",\"name\":\"Comment\",\"target\":[\"https:\\\/\\\/www.laguiadepamplona.com\\\/actualidad\\\/el-lunes-17-se-abre-el-plazo-para-inscribirse-en-el-xiv-servicio-de-atencion-infantil-del-ayuntamiento-de-pamplona-para-las-vacaciones-de-semana-santa\\\/#respond\"]}]},{\"@type\":\"WebPage\",\"@id\":\"https:\\\/\\\/www.laguiadepamplona.com\\\/actualidad\\\/el-lunes-17-se-abre-el-plazo-para-inscribirse-en-el-xiv-servicio-de-atencion-infantil-del-ayuntamiento-de-pamplona-para-las-vacaciones-de-semana-santa\\\/\",\"url\":\"https:\\\/\\\/www.laguiadepamplona.com\\\/actualidad\\\/el-lunes-17-se-abre-el-plazo-para-inscribirse-en-el-xiv-servicio-de-atencion-infantil-del-ayuntamiento-de-pamplona-para-las-vacaciones-de-semana-santa\\\/\",\"name\":\"El lunes 17 se abre el plazo para inscribirse en el XIV Servicio de Atenci\u00f3n Infantil del Ayuntamiento de Pamplona para las vacaciones de Semana Santa\",\"isPartOf\":{\"@id\":\"https:\\\/\\\/www.laguiadepamplona.com\\\/actualidad\\\/#website\"},\"primaryImageOfPage\":{\"@id\":\"https:\\\/\\\/www.laguiadepamplona.com\\\/actualidad\\\/el-lunes-17-se-abre-el-plazo-para-inscribirse-en-el-xiv-servicio-de-atencion-infantil-del-ayuntamiento-de-pamplona-para-las-vacaciones-de-semana-santa\\\/#primaryimage\"},\"image\":{\"@id\":\"https:\\\/\\\/www.laguiadepamplona.com\\\/actualidad\\\/el-lunes-17-se-abre-el-plazo-para-inscribirse-en-el-xiv-servicio-de-atencion-infantil-del-ayuntamiento-de-pamplona-para-las-vacaciones-de-semana-santa\\\/#primaryimage\"},\"thumbnailUrl\":\"\",\"datePublished\":\"2014-03-13T10:35:45+00:00\",\"breadcrumb\":{\"@id\":\"https:\\\/\\\/www.laguiadepamplona.com\\\/actualidad\\\/el-lunes-17-se-abre-el-plazo-para-inscribirse-en-el-xiv-servicio-de-atencion-infantil-del-ayuntamiento-de-pamplona-para-las-vacaciones-de-semana-santa\\\/#breadcrumb\"},\"inLanguage\":\"es\",\"potentialAction\":[{\"@type\":\"ReadAction\",\"target\":[\"https:\\\/\\\/www.laguiadepamplona.com\\\/actualidad\\\/el-lunes-17-se-abre-el-plazo-para-inscribirse-en-el-xiv-servicio-de-atencion-infantil-del-ayuntamiento-de-pamplona-para-las-vacaciones-de-semana-santa\\\/\"]}]},{\"@type\":\"ImageObject\",\"inLanguage\":\"es\",\"@id\":\"https:\\\/\\\/www.laguiadepamplona.com\\\/actualidad\\\/el-lunes-17-se-abre-el-plazo-para-inscribirse-en-el-xiv-servicio-de-atencion-infantil-del-ayuntamiento-de-pamplona-para-las-vacaciones-de-semana-santa\\\/#primaryimage\",\"url\":\"\",\"contentUrl\":\"\"},{\"@type\":\"BreadcrumbList\",\"@id\":\"https:\\\/\\\/www.laguiadepamplona.com\\\/actualidad\\\/el-lunes-17-se-abre-el-plazo-para-inscribirse-en-el-xiv-servicio-de-atencion-infantil-del-ayuntamiento-de-pamplona-para-las-vacaciones-de-semana-santa\\\/#breadcrumb\",\"itemListElement\":[{\"@type\":\"ListItem\",\"position\":1,\"name\":\"Portada\",\"item\":\"https:\\\/\\\/www.laguiadepamplona.com\\\/actualidad\\\/\"},{\"@type\":\"ListItem\",\"position\":2,\"name\":\"El lunes 17 se abre el plazo para inscribirse en el XIV Servicio de Atenci\u00f3n Infantil del Ayuntamiento de Pamplona para las vacaciones de Semana Santa\"}]},{\"@type\":\"WebSite\",\"@id\":\"https:\\\/\\\/www.laguiadepamplona.com\\\/actualidad\\\/#website\",\"url\":\"https:\\\/\\\/www.laguiadepamplona.com\\\/actualidad\\\/\",\"name\":\"La gu\u00eda de Pamplona\",\"description\":\"Noticias de Pamplona\",\"publisher\":{\"@id\":\"https:\\\/\\\/www.laguiadepamplona.com\\\/actualidad\\\/#organization\"},\"potentialAction\":[{\"@type\":\"SearchAction\",\"target\":{\"@type\":\"EntryPoint\",\"urlTemplate\":\"https:\\\/\\\/www.laguiadepamplona.com\\\/actualidad\\\/?s={search_term_string}\"},\"query-input\":{\"@type\":\"PropertyValueSpecification\",\"valueRequired\":true,\"valueName\":\"search_term_string\"}}],\"inLanguage\":\"es\"},{\"@type\":\"Organization\",\"@id\":\"https:\\\/\\\/www.laguiadepamplona.com\\\/actualidad\\\/#organization\",\"name\":\"La Gu\u00eda de Pamplona \\\/ Noticias\",\"url\":\"https:\\\/\\\/www.laguiadepamplona.com\\\/actualidad\\\/\",\"logo\":{\"@type\":\"ImageObject\",\"inLanguage\":\"es\",\"@id\":\"https:\\\/\\\/www.laguiadepamplona.com\\\/actualidad\\\/#\\\/schema\\\/logo\\\/image\\\/\",\"url\":\"https:\\\/\\\/www.laguiadepamplona.com\\\/actualidad\\\/wp-content\\\/uploads\\\/2018\\\/11\\\/logo-laguiadepamplona18-web1.png\",\"contentUrl\":\"https:\\\/\\\/www.laguiadepamplona.com\\\/actualidad\\\/wp-content\\\/uploads\\\/2018\\\/11\\\/logo-laguiadepamplona18-web1.png\",\"width\":600,\"height\":196,\"caption\":\"La Gu\u00eda de Pamplona \\\/ Noticias\"},\"image\":{\"@id\":\"https:\\\/\\\/www.laguiadepamplona.com\\\/actualidad\\\/#\\\/schema\\\/logo\\\/image\\\/\"},\"sameAs\":[\"https:\\\/\\\/www.facebook.com\\\/laguiadepamplonacom-133175176762273\\\/?ref=hl\",\"https:\\\/\\\/x.com\\\/LaGuiadPamplona\",\"https:\\\/\\\/www.instagram.com\\\/la_guia_de_pamplona\\\/\",\"https:\\\/\\\/www.youtube.com\\\/user\\\/laguiadepamplona\"]},{\"@type\":\"Person\",\"@id\":\"https:\\\/\\\/www.laguiadepamplona.com\\\/actualidad\\\/#\\\/schema\\\/person\\\/efe887376f0213d4657c93adc50b1fdb\",\"name\":\"La Gu\u00eda de Pamplona\",\"image\":{\"@type\":\"ImageObject\",\"inLanguage\":\"es\",\"@id\":\"https:\\\/\\\/secure.gravatar.com\\\/avatar\\\/b6992f131dc8d30ab0dff15446e9d346d9dbd95992de0fef795073f5ea83a81c?s=96&d=mm&r=g\",\"url\":\"https:\\\/\\\/secure.gravatar.com\\\/avatar\\\/b6992f131dc8d30ab0dff15446e9d346d9dbd95992de0fef795073f5ea83a81c?s=96&d=mm&r=g\",\"contentUrl\":\"https:\\\/\\\/secure.gravatar.com\\\/avatar\\\/b6992f131dc8d30ab0dff15446e9d346d9dbd95992de0fef795073f5ea83a81c?s=96&d=mm&r=g\",\"caption\":\"La Gu\u00eda de Pamplona\"}}]}<\/script>\n<!-- \/ Yoast SEO plugin. -->","yoast_head_json":{"title":"El lunes 17 se abre el plazo para inscribirse en el XIV Servicio de Atenci\u00f3n Infantil del Ayuntamiento de Pamplona para las vacaciones de Semana Santa","robots":{"index":"index","follow":"follow","max-snippet":"max-snippet:-1","max-image-preview":"max-image-preview:large","max-video-preview":"max-video-preview:-1"},"canonical":"https:\/\/www.laguiadepamplona.com\/actualidad\/el-lunes-17-se-abre-el-plazo-para-inscribirse-en-el-xiv-servicio-de-atencion-infantil-del-ayuntamiento-de-pamplona-para-las-vacaciones-de-semana-santa\/","og_locale":"es_ES","og_type":"article","og_title":"El lunes 17 se abre el plazo para inscribirse en el XIV Servicio de Atenci\u00f3n Infantil del Ayuntamiento de Pamplona para las vacaciones de Semana Santa","og_description":"El servicio municipal est\u00e1 dirigido a menores de 3 a 12 a\u00f1os y tiene como fin apoyar la conciliaci\u00f3n de la vida laboral y familiar El Ayuntamiento de Pamplona ha...","og_url":"https:\/\/www.laguiadepamplona.com\/actualidad\/el-lunes-17-se-abre-el-plazo-para-inscribirse-en-el-xiv-servicio-de-atencion-infantil-del-ayuntamiento-de-pamplona-para-las-vacaciones-de-semana-santa\/","og_site_name":"La Gu\u00eda de Pamplona","article_publisher":"https:\/\/www.facebook.com\/laguiadepamplonacom-133175176762273\/?ref=hl","article_published_time":"2014-03-13T10:35:45+00:00","author":"La Gu\u00eda de Pamplona","twitter_card":"summary_large_image","twitter_creator":"@LaGuiadPamplona","twitter_site":"@LaGuiadPamplona","twitter_misc":{"Escrito por":"La Gu\u00eda de Pamplona","Tiempo de lectura":"3 minutos"},"schema":{"@context":"https:\/\/schema.org","@graph":[{"@type":"Article","@id":"https:\/\/www.laguiadepamplona.com\/actualidad\/el-lunes-17-se-abre-el-plazo-para-inscribirse-en-el-xiv-servicio-de-atencion-infantil-del-ayuntamiento-de-pamplona-para-las-vacaciones-de-semana-santa\/#article","isPartOf":{"@id":"https:\/\/www.laguiadepamplona.com\/actualidad\/el-lunes-17-se-abre-el-plazo-para-inscribirse-en-el-xiv-servicio-de-atencion-infantil-del-ayuntamiento-de-pamplona-para-las-vacaciones-de-semana-santa\/"},"author":{"name":"La Gu\u00eda de Pamplona","@id":"https:\/\/www.laguiadepamplona.com\/actualidad\/#\/schema\/person\/efe887376f0213d4657c93adc50b1fdb"},"headline":"El lunes 17 se abre el plazo para inscribirse en el XIV Servicio de Atenci\u00f3n Infantil del Ayuntamiento de Pamplona para las vacaciones de Semana Santa","datePublished":"2014-03-13T10:35:45+00:00","mainEntityOfPage":{"@id":"https:\/\/www.laguiadepamplona.com\/actualidad\/el-lunes-17-se-abre-el-plazo-para-inscribirse-en-el-xiv-servicio-de-atencion-infantil-del-ayuntamiento-de-pamplona-para-las-vacaciones-de-semana-santa\/"},"wordCount":617,"commentCount":0,"publisher":{"@id":"https:\/\/www.laguiadepamplona.com\/actualidad\/#organization"},"image":{"@id":"https:\/\/www.laguiadepamplona.com\/actualidad\/el-lunes-17-se-abre-el-plazo-para-inscribirse-en-el-xiv-servicio-de-atencion-infantil-del-ayuntamiento-de-pamplona-para-las-vacaciones-de-semana-santa\/#primaryimage"},"thumbnailUrl":"","keywords":["actualidad","ayto pamplona","noticias","pamplona","Servicio de Atenci\u00f3n Infantil del Ayuntamiento de Pamplona"],"articleSection":["Ayto Pamplona"],"inLanguage":"es","potentialAction":[{"@type":"CommentAction","name":"Comment","target":["https:\/\/www.laguiadepamplona.com\/actualidad\/el-lunes-17-se-abre-el-plazo-para-inscribirse-en-el-xiv-servicio-de-atencion-infantil-del-ayuntamiento-de-pamplona-para-las-vacaciones-de-semana-santa\/#respond"]}]},{"@type":"WebPage","@id":"https:\/\/www.laguiadepamplona.com\/actualidad\/el-lunes-17-se-abre-el-plazo-para-inscribirse-en-el-xiv-servicio-de-atencion-infantil-del-ayuntamiento-de-pamplona-para-las-vacaciones-de-semana-santa\/","url":"https:\/\/www.laguiadepamplona.com\/actualidad\/el-lunes-17-se-abre-el-plazo-para-inscribirse-en-el-xiv-servicio-de-atencion-infantil-del-ayuntamiento-de-pamplona-para-las-vacaciones-de-semana-santa\/","name":"El lunes 17 se abre el plazo para inscribirse en el XIV Servicio de Atenci\u00f3n Infantil del Ayuntamiento de Pamplona para las vacaciones de Semana Santa","isPartOf":{"@id":"https:\/\/www.laguiadepamplona.com\/actualidad\/#website"},"primaryImageOfPage":{"@id":"https:\/\/www.laguiadepamplona.com\/actualidad\/el-lunes-17-se-abre-el-plazo-para-inscribirse-en-el-xiv-servicio-de-atencion-infantil-del-ayuntamiento-de-pamplona-para-las-vacaciones-de-semana-santa\/#primaryimage"},"image":{"@id":"https:\/\/www.laguiadepamplona.com\/actualidad\/el-lunes-17-se-abre-el-plazo-para-inscribirse-en-el-xiv-servicio-de-atencion-infantil-del-ayuntamiento-de-pamplona-para-las-vacaciones-de-semana-santa\/#primaryimage"},"thumbnailUrl":"","datePublished":"2014-03-13T10:35:45+00:00","breadcrumb":{"@id":"https:\/\/www.laguiadepamplona.com\/actualidad\/el-lunes-17-se-abre-el-plazo-para-inscribirse-en-el-xiv-servicio-de-atencion-infantil-del-ayuntamiento-de-pamplona-para-las-vacaciones-de-semana-santa\/#breadcrumb"},"inLanguage":"es","potentialAction":[{"@type":"ReadAction","target":["https:\/\/www.laguiadepamplona.com\/actualidad\/el-lunes-17-se-abre-el-plazo-para-inscribirse-en-el-xiv-servicio-de-atencion-infantil-del-ayuntamiento-de-pamplona-para-las-vacaciones-de-semana-santa\/"]}]},{"@type":"ImageObject","inLanguage":"es","@id":"https:\/\/www.laguiadepamplona.com\/actualidad\/el-lunes-17-se-abre-el-plazo-para-inscribirse-en-el-xiv-servicio-de-atencion-infantil-del-ayuntamiento-de-pamplona-para-las-vacaciones-de-semana-santa\/#primaryimage","url":"","contentUrl":""},{"@type":"BreadcrumbList","@id":"https:\/\/www.laguiadepamplona.com\/actualidad\/el-lunes-17-se-abre-el-plazo-para-inscribirse-en-el-xiv-servicio-de-atencion-infantil-del-ayuntamiento-de-pamplona-para-las-vacaciones-de-semana-santa\/#breadcrumb","itemListElement":[{"@type":"ListItem","position":1,"name":"Portada","item":"https:\/\/www.laguiadepamplona.com\/actualidad\/"},{"@type":"ListItem","position":2,"name":"El lunes 17 se abre el plazo para inscribirse en el XIV Servicio de Atenci\u00f3n Infantil del Ayuntamiento de Pamplona para las vacaciones de Semana Santa"}]},{"@type":"WebSite","@id":"https:\/\/www.laguiadepamplona.com\/actualidad\/#website","url":"https:\/\/www.laguiadepamplona.com\/actualidad\/","name":"La gu\u00eda de Pamplona","description":"Noticias de Pamplona","publisher":{"@id":"https:\/\/www.laguiadepamplona.com\/actualidad\/#organization"},"potentialAction":[{"@type":"SearchAction","target":{"@type":"EntryPoint","urlTemplate":"https:\/\/www.laguiadepamplona.com\/actualidad\/?s={search_term_string}"},"query-input":{"@type":"PropertyValueSpecification","valueRequired":true,"valueName":"search_term_string"}}],"inLanguage":"es"},{"@type":"Organization","@id":"https:\/\/www.laguiadepamplona.com\/actualidad\/#organization","name":"La Gu\u00eda de Pamplona \/ Noticias","url":"https:\/\/www.laguiadepamplona.com\/actualidad\/","logo":{"@type":"ImageObject","inLanguage":"es","@id":"https:\/\/www.laguiadepamplona.com\/actualidad\/#\/schema\/logo\/image\/","url":"https:\/\/www.laguiadepamplona.com\/actualidad\/wp-content\/uploads\/2018\/11\/logo-laguiadepamplona18-web1.png","contentUrl":"https:\/\/www.laguiadepamplona.com\/actualidad\/wp-content\/uploads\/2018\/11\/logo-laguiadepamplona18-web1.png","width":600,"height":196,"caption":"La Gu\u00eda de Pamplona \/ Noticias"},"image":{"@id":"https:\/\/www.laguiadepamplona.com\/actualidad\/#\/schema\/logo\/image\/"},"sameAs":["https:\/\/www.facebook.com\/laguiadepamplonacom-133175176762273\/?ref=hl","https:\/\/x.com\/LaGuiadPamplona","https:\/\/www.instagram.com\/la_guia_de_pamplona\/","https:\/\/www.youtube.com\/user\/laguiadepamplona"]},{"@type":"Person","@id":"https:\/\/www.laguiadepamplona.com\/actualidad\/#\/schema\/person\/efe887376f0213d4657c93adc50b1fdb","name":"La Gu\u00eda de Pamplona","image":{"@type":"ImageObject","inLanguage":"es","@id":"https:\/\/secure.gravatar.com\/avatar\/b6992f131dc8d30ab0dff15446e9d346d9dbd95992de0fef795073f5ea83a81c?s=96&d=mm&r=g","url":"https:\/\/secure.gravatar.com\/avatar\/b6992f131dc8d30ab0dff15446e9d346d9dbd95992de0fef795073f5ea83a81c?s=96&d=mm&r=g","contentUrl":"https:\/\/secure.gravatar.com\/avatar\/b6992f131dc8d30ab0dff15446e9d346d9dbd95992de0fef795073f5ea83a81c?s=96&d=mm&r=g","caption":"La Gu\u00eda de Pamplona"}}]}},"post_mailing_queue_ids":[],"_links":{"self":[{"href":"https:\/\/www.laguiadepamplona.com\/actualidad\/wp-json\/wp\/v2\/posts\/780","targetHints":{"allow":["GET"]}}],"collection":[{"href":"https:\/\/www.laguiadepamplona.com\/actualidad\/wp-json\/wp\/v2\/posts"}],"about":[{"href":"https:\/\/www.laguiadepamplona.com\/actualidad\/wp-json\/wp\/v2\/types\/post"}],"author":[{"embeddable":true,"href":"https:\/\/www.laguiadepamplona.com\/actualidad\/wp-json\/wp\/v2\/users\/1"}],"replies":[{"embeddable":true,"href":"https:\/\/www.laguiadepamplona.com\/actualidad\/wp-json\/wp\/v2\/comments?post=780"}],"version-history":[{"count":0,"href":"https:\/\/www.laguiadepamplona.com\/actualidad\/wp-json\/wp\/v2\/posts\/780\/revisions"}],"wp:featuredmedia":[{"embeddable":true,"href":"https:\/\/www.laguiadepamplona.com\/actualidad\/wp-json\/"}],"wp:attachment":[{"href":"https:\/\/www.laguiadepamplona.com\/actualidad\/wp-json\/wp\/v2\/media?parent=780"}],"wp:term":[{"taxonomy":"category","embeddable":true,"href":"https:\/\/www.laguiadepamplona.com\/actualidad\/wp-json\/wp\/v2\/categories?post=780"},{"taxonomy":"post_tag","embeddable":true,"href":"https:\/\/www.laguiadepamplona.com\/actualidad\/wp-json\/wp\/v2\/tags?post=780"}],"curies":[{"name":"wp","href":"https:\/\/api.w.org\/{rel}","templated":true}]}}