{"id":7781,"date":"2015-11-09T19:27:16","date_gmt":"2015-11-09T17:27:16","guid":{"rendered":"http:\/\/laguiadepamplona.com\/actualidad\/?p=7781"},"modified":"2015-11-09T19:27:16","modified_gmt":"2015-11-09T17:27:16","slug":"los-agricultores-como-guardianes-de-la-agrodiversidad-y-de-la-biodiversidad-silvestre-el-documental-de-manana-en-el-museo-de-educacion-ambiental","status":"publish","type":"post","link":"https:\/\/www.laguiadepamplona.com\/actualidad\/los-agricultores-como-guardianes-de-la-agrodiversidad-y-de-la-biodiversidad-silvestre-el-documental-de-manana-en-el-museo-de-educacion-ambiental\/","title":{"rendered":"Los agricultores como guardianes de la agrodiversidad y de la biodiversidad silvestre, el documental de ma\u00f1ana en el Museo de Educaci\u00f3n Ambiental"},"content":{"rendered":"<h3>El filme est\u00e1 producido por la Fundaci\u00f3n F\u00e9lix Rodr\u00edguez de la Fuente, dentro del Proyecto LIFE ConSuma Naturalidad para TVE<\/h3>\n<p><a href=\"http:\/\/laguiadepamplona.com\/actualidad\/wp-content\/uploads\/2015\/11\/guardianes_agricultura1-1.jpg\"><img loading=\"lazy\" decoding=\"async\" class=\"alignleft size-medium wp-image-7782\" src=\"http:\/\/laguiadepamplona.com\/actualidad\/wp-content\/uploads\/2015\/11\/guardianes_agricultura1-1-300x168.jpg\" alt=\"guardianes_agricultura1 (1)\" width=\"300\" height=\"168\" \/><\/a>El Museo de Educaci\u00f3n Ambiental contin\u00faa ma\u00f1ana con su ciclo de cine documental lo previsto es el mediometraje \u2018Guardianes de la biodiversidad. Agricultores\u2019 del director Alberto Contreras. La proyecci\u00f3n de este filme se hace en colaboraci\u00f3n con Radio Televisi\u00f3n Espa\u00f1ola (RTVE), ya que forma parte de la serie \u2018Grandes Documentales\u2019 de TVE y est\u00e1n producidos por la Fundaci\u00f3n F\u00e9lix Rodr\u00edguez de la Fuente, dentro del Proyecto LIFE ConSuma Naturalidad. La pel\u00edcula se proyectar\u00e1 en dos horarios de exhibici\u00f3n: a las 11.30 y a las 18.30 horas, con entrada libre.<br \/>\nComo en la anterior sesi\u00f3n espec\u00edfica sobre ganader\u00eda, el gui\u00f3n de este documental de 58 minutos de duraci\u00f3n trata sobre el papel que los agricultores desempe\u00f1an a la hora de mantener la biodiversidad de los ecosistemas en los que intervienes. El argumento esencial del filme es que muchos de los paisajes agr\u00edcolas tradicionales se forman por la conjunci\u00f3n de los cultivos sostenibles de variedades locales y aut\u00f3ctonas de plantas adaptadas a los ecosistemas m\u00e1s diversos a las que se suma la presencia de un gran n\u00famero de especies de fauna de alto valor ecol\u00f3gico. Los agricultores, en su manejo, se convierten en custodios no solo de la agrodiversidad sino toda la biodiversidad silvestre de alto valor asociada a ella.<br \/>\nLa pr\u00f3xima sesi\u00f3n de este ciclo tendr\u00e1 lugar el 17 de noviembre con un documental sobre la costa de Brasil del productor Paul Reddish. \u2018Brasil, una historia natural, la costa paradis\u00edaca\u2019, de 50 minutos de duraci\u00f3n, aborda una revisi\u00f3n sobre el litoral del pa\u00eds sudamericano, uno de los m\u00e1s espectaculares del mundo, con dunas esculpidas, islas rocosas y arrecifes tropicales. Los mares poco profundos sustentan una abundante fauna: ballenas jorobadas pulpos y morenas, serpientes letales y delfines acr\u00f3batas.<\/p>\n<p><strong>CINE DOCUMENTAL Y DE NATURALEZA EN EL MUSEO (NOVIEMBRE)<\/strong><br \/>\nTodos los martes<br \/>\nDoble sesi\u00f3n: a las 11.30 y a las 18.30 horas. Entrada libre<br \/>\nMuseo de Educaci\u00f3n Ambiental en colaboraci\u00f3n con Radio Televisi\u00f3n Espa\u00f1ola (RTVE)<br \/>\nMartes 10 de noviembre<br \/>\nGuardianes de la biodiversidad, Agricultores<br \/>\n57,41 minutos. Castellano. Director: Alberto Contreras<br \/>\nFundaci\u00f3n F\u00e9lix Rodr\u00edguez de la Fuente dentro del Proyecto LIFE ConSuma Naturalidad<br \/>\nMartes 17 de noviembre<br \/>\nBrasil, una historia natural, la costa paradis\u00edaca<br \/>\n49,43 minutos. Castellano. Productor: Paul Reddish<\/p>\n","protected":false},"excerpt":{"rendered":"<p>El filme est\u00e1 producido por la Fundaci\u00f3n F\u00e9lix Rodr\u00edguez de la Fuente, dentro del Proyecto LIFE ConSuma Naturalidad para TVE El Museo de Educaci\u00f3n Ambiental contin\u00faa ma\u00f1ana con su ciclo&#8230;<\/p>\n","protected":false},"author":1,"featured_media":7782,"comment_status":"closed","ping_status":"closed","sticky":false,"template":"","format":"standard","meta":{"footnotes":""},"categories":[2],"tags":[],"class_list":["post-7781","post","type-post","status-publish","format-standard","has-post-thumbnail","hentry","category-ayuntamiento-pamplona"],"yoast_head":"<!-- This site is optimized with the Yoast SEO plugin v27.5 - https:\/\/yoast.com\/product\/yoast-seo-wordpress\/ -->\n<title>Los agricultores como guardianes de la agrodiversidad y de la biodiversidad silvestre, el documental de ma\u00f1ana en el Museo de Educaci\u00f3n Ambiental<\/title>\n<meta name=\"robots\" content=\"index, follow, max-snippet:-1, max-image-preview:large, max-video-preview:-1\" \/>\n<link rel=\"canonical\" href=\"https:\/\/www.laguiadepamplona.com\/actualidad\/los-agricultores-como-guardianes-de-la-agrodiversidad-y-de-la-biodiversidad-silvestre-el-documental-de-manana-en-el-museo-de-educacion-ambiental\/\" \/>\n<meta property=\"og:locale\" content=\"es_ES\" \/>\n<meta property=\"og:type\" content=\"article\" \/>\n<meta property=\"og:title\" content=\"Los agricultores como guardianes de la agrodiversidad y de la biodiversidad silvestre, el documental de ma\u00f1ana en el Museo de Educaci\u00f3n Ambiental\" \/>\n<meta property=\"og:description\" content=\"El filme est\u00e1 producido por la Fundaci\u00f3n F\u00e9lix Rodr\u00edguez de la Fuente, dentro del Proyecto LIFE ConSuma Naturalidad para TVE El Museo de Educaci\u00f3n Ambiental contin\u00faa ma\u00f1ana con su ciclo...\" \/>\n<meta property=\"og:url\" content=\"https:\/\/www.laguiadepamplona.com\/actualidad\/los-agricultores-como-guardianes-de-la-agrodiversidad-y-de-la-biodiversidad-silvestre-el-documental-de-manana-en-el-museo-de-educacion-ambiental\/\" \/>\n<meta property=\"og:site_name\" content=\"La Gu\u00eda de Pamplona\" \/>\n<meta property=\"article:publisher\" content=\"https:\/\/www.facebook.com\/laguiadepamplonacom-133175176762273\/?ref=hl\" \/>\n<meta property=\"article:published_time\" content=\"2015-11-09T17:27:16+00:00\" \/>\n<meta name=\"author\" content=\"La Gu\u00eda de Pamplona\" \/>\n<meta name=\"twitter:card\" content=\"summary_large_image\" \/>\n<meta name=\"twitter:creator\" content=\"@LaGuiadPamplona\" \/>\n<meta name=\"twitter:site\" content=\"@LaGuiadPamplona\" \/>\n<meta name=\"twitter:label1\" content=\"Escrito por\" \/>\n\t<meta name=\"twitter:data1\" content=\"La Gu\u00eda de Pamplona\" \/>\n\t<meta name=\"twitter:label2\" content=\"Tiempo de lectura\" \/>\n\t<meta name=\"twitter:data2\" content=\"2 minutos\" \/>\n<script type=\"application\/ld+json\" class=\"yoast-schema-graph\">{\"@context\":\"https:\\\/\\\/schema.org\",\"@graph\":[{\"@type\":\"Article\",\"@id\":\"https:\\\/\\\/www.laguiadepamplona.com\\\/actualidad\\\/los-agricultores-como-guardianes-de-la-agrodiversidad-y-de-la-biodiversidad-silvestre-el-documental-de-manana-en-el-museo-de-educacion-ambiental\\\/#article\",\"isPartOf\":{\"@id\":\"https:\\\/\\\/www.laguiadepamplona.com\\\/actualidad\\\/los-agricultores-como-guardianes-de-la-agrodiversidad-y-de-la-biodiversidad-silvestre-el-documental-de-manana-en-el-museo-de-educacion-ambiental\\\/\"},\"author\":{\"name\":\"La Gu\u00eda de Pamplona\",\"@id\":\"https:\\\/\\\/www.laguiadepamplona.com\\\/actualidad\\\/#\\\/schema\\\/person\\\/efe887376f0213d4657c93adc50b1fdb\"},\"headline\":\"Los agricultores como guardianes de la agrodiversidad y de la biodiversidad silvestre, el documental de ma\u00f1ana en el Museo de Educaci\u00f3n Ambiental\",\"datePublished\":\"2015-11-09T17:27:16+00:00\",\"mainEntityOfPage\":{\"@id\":\"https:\\\/\\\/www.laguiadepamplona.com\\\/actualidad\\\/los-agricultores-como-guardianes-de-la-agrodiversidad-y-de-la-biodiversidad-silvestre-el-documental-de-manana-en-el-museo-de-educacion-ambiental\\\/\"},\"wordCount\":443,\"publisher\":{\"@id\":\"https:\\\/\\\/www.laguiadepamplona.com\\\/actualidad\\\/#organization\"},\"image\":{\"@id\":\"https:\\\/\\\/www.laguiadepamplona.com\\\/actualidad\\\/los-agricultores-como-guardianes-de-la-agrodiversidad-y-de-la-biodiversidad-silvestre-el-documental-de-manana-en-el-museo-de-educacion-ambiental\\\/#primaryimage\"},\"thumbnailUrl\":\"\",\"articleSection\":[\"Ayto Pamplona\"],\"inLanguage\":\"es\"},{\"@type\":\"WebPage\",\"@id\":\"https:\\\/\\\/www.laguiadepamplona.com\\\/actualidad\\\/los-agricultores-como-guardianes-de-la-agrodiversidad-y-de-la-biodiversidad-silvestre-el-documental-de-manana-en-el-museo-de-educacion-ambiental\\\/\",\"url\":\"https:\\\/\\\/www.laguiadepamplona.com\\\/actualidad\\\/los-agricultores-como-guardianes-de-la-agrodiversidad-y-de-la-biodiversidad-silvestre-el-documental-de-manana-en-el-museo-de-educacion-ambiental\\\/\",\"name\":\"Los agricultores como guardianes de la agrodiversidad y de la biodiversidad silvestre, el documental de ma\u00f1ana en el Museo de Educaci\u00f3n Ambiental\",\"isPartOf\":{\"@id\":\"https:\\\/\\\/www.laguiadepamplona.com\\\/actualidad\\\/#website\"},\"primaryImageOfPage\":{\"@id\":\"https:\\\/\\\/www.laguiadepamplona.com\\\/actualidad\\\/los-agricultores-como-guardianes-de-la-agrodiversidad-y-de-la-biodiversidad-silvestre-el-documental-de-manana-en-el-museo-de-educacion-ambiental\\\/#primaryimage\"},\"image\":{\"@id\":\"https:\\\/\\\/www.laguiadepamplona.com\\\/actualidad\\\/los-agricultores-como-guardianes-de-la-agrodiversidad-y-de-la-biodiversidad-silvestre-el-documental-de-manana-en-el-museo-de-educacion-ambiental\\\/#primaryimage\"},\"thumbnailUrl\":\"\",\"datePublished\":\"2015-11-09T17:27:16+00:00\",\"breadcrumb\":{\"@id\":\"https:\\\/\\\/www.laguiadepamplona.com\\\/actualidad\\\/los-agricultores-como-guardianes-de-la-agrodiversidad-y-de-la-biodiversidad-silvestre-el-documental-de-manana-en-el-museo-de-educacion-ambiental\\\/#breadcrumb\"},\"inLanguage\":\"es\",\"potentialAction\":[{\"@type\":\"ReadAction\",\"target\":[\"https:\\\/\\\/www.laguiadepamplona.com\\\/actualidad\\\/los-agricultores-como-guardianes-de-la-agrodiversidad-y-de-la-biodiversidad-silvestre-el-documental-de-manana-en-el-museo-de-educacion-ambiental\\\/\"]}]},{\"@type\":\"ImageObject\",\"inLanguage\":\"es\",\"@id\":\"https:\\\/\\\/www.laguiadepamplona.com\\\/actualidad\\\/los-agricultores-como-guardianes-de-la-agrodiversidad-y-de-la-biodiversidad-silvestre-el-documental-de-manana-en-el-museo-de-educacion-ambiental\\\/#primaryimage\",\"url\":\"\",\"contentUrl\":\"\"},{\"@type\":\"BreadcrumbList\",\"@id\":\"https:\\\/\\\/www.laguiadepamplona.com\\\/actualidad\\\/los-agricultores-como-guardianes-de-la-agrodiversidad-y-de-la-biodiversidad-silvestre-el-documental-de-manana-en-el-museo-de-educacion-ambiental\\\/#breadcrumb\",\"itemListElement\":[{\"@type\":\"ListItem\",\"position\":1,\"name\":\"Portada\",\"item\":\"https:\\\/\\\/www.laguiadepamplona.com\\\/actualidad\\\/\"},{\"@type\":\"ListItem\",\"position\":2,\"name\":\"Los agricultores como guardianes de la agrodiversidad y de la biodiversidad silvestre, el documental de ma\u00f1ana en el Museo de Educaci\u00f3n Ambiental\"}]},{\"@type\":\"WebSite\",\"@id\":\"https:\\\/\\\/www.laguiadepamplona.com\\\/actualidad\\\/#website\",\"url\":\"https:\\\/\\\/www.laguiadepamplona.com\\\/actualidad\\\/\",\"name\":\"La gu\u00eda de Pamplona\",\"description\":\"Noticias de Pamplona\",\"publisher\":{\"@id\":\"https:\\\/\\\/www.laguiadepamplona.com\\\/actualidad\\\/#organization\"},\"potentialAction\":[{\"@type\":\"SearchAction\",\"target\":{\"@type\":\"EntryPoint\",\"urlTemplate\":\"https:\\\/\\\/www.laguiadepamplona.com\\\/actualidad\\\/?s={search_term_string}\"},\"query-input\":{\"@type\":\"PropertyValueSpecification\",\"valueRequired\":true,\"valueName\":\"search_term_string\"}}],\"inLanguage\":\"es\"},{\"@type\":\"Organization\",\"@id\":\"https:\\\/\\\/www.laguiadepamplona.com\\\/actualidad\\\/#organization\",\"name\":\"La Gu\u00eda de Pamplona \\\/ Noticias\",\"url\":\"https:\\\/\\\/www.laguiadepamplona.com\\\/actualidad\\\/\",\"logo\":{\"@type\":\"ImageObject\",\"inLanguage\":\"es\",\"@id\":\"https:\\\/\\\/www.laguiadepamplona.com\\\/actualidad\\\/#\\\/schema\\\/logo\\\/image\\\/\",\"url\":\"https:\\\/\\\/www.laguiadepamplona.com\\\/actualidad\\\/wp-content\\\/uploads\\\/2018\\\/11\\\/logo-laguiadepamplona18-web1.png\",\"contentUrl\":\"https:\\\/\\\/www.laguiadepamplona.com\\\/actualidad\\\/wp-content\\\/uploads\\\/2018\\\/11\\\/logo-laguiadepamplona18-web1.png\",\"width\":600,\"height\":196,\"caption\":\"La Gu\u00eda de Pamplona \\\/ Noticias\"},\"image\":{\"@id\":\"https:\\\/\\\/www.laguiadepamplona.com\\\/actualidad\\\/#\\\/schema\\\/logo\\\/image\\\/\"},\"sameAs\":[\"https:\\\/\\\/www.facebook.com\\\/laguiadepamplonacom-133175176762273\\\/?ref=hl\",\"https:\\\/\\\/x.com\\\/LaGuiadPamplona\",\"https:\\\/\\\/www.instagram.com\\\/la_guia_de_pamplona\\\/\",\"https:\\\/\\\/www.youtube.com\\\/user\\\/laguiadepamplona\"]},{\"@type\":\"Person\",\"@id\":\"https:\\\/\\\/www.laguiadepamplona.com\\\/actualidad\\\/#\\\/schema\\\/person\\\/efe887376f0213d4657c93adc50b1fdb\",\"name\":\"La Gu\u00eda de Pamplona\",\"image\":{\"@type\":\"ImageObject\",\"inLanguage\":\"es\",\"@id\":\"https:\\\/\\\/secure.gravatar.com\\\/avatar\\\/b6992f131dc8d30ab0dff15446e9d346d9dbd95992de0fef795073f5ea83a81c?s=96&d=mm&r=g\",\"url\":\"https:\\\/\\\/secure.gravatar.com\\\/avatar\\\/b6992f131dc8d30ab0dff15446e9d346d9dbd95992de0fef795073f5ea83a81c?s=96&d=mm&r=g\",\"contentUrl\":\"https:\\\/\\\/secure.gravatar.com\\\/avatar\\\/b6992f131dc8d30ab0dff15446e9d346d9dbd95992de0fef795073f5ea83a81c?s=96&d=mm&r=g\",\"caption\":\"La Gu\u00eda de Pamplona\"}}]}<\/script>\n<!-- \/ Yoast SEO plugin. -->","yoast_head_json":{"title":"Los agricultores como guardianes de la agrodiversidad y de la biodiversidad silvestre, el documental de ma\u00f1ana en el Museo de Educaci\u00f3n Ambiental","robots":{"index":"index","follow":"follow","max-snippet":"max-snippet:-1","max-image-preview":"max-image-preview:large","max-video-preview":"max-video-preview:-1"},"canonical":"https:\/\/www.laguiadepamplona.com\/actualidad\/los-agricultores-como-guardianes-de-la-agrodiversidad-y-de-la-biodiversidad-silvestre-el-documental-de-manana-en-el-museo-de-educacion-ambiental\/","og_locale":"es_ES","og_type":"article","og_title":"Los agricultores como guardianes de la agrodiversidad y de la biodiversidad silvestre, el documental de ma\u00f1ana en el Museo de Educaci\u00f3n Ambiental","og_description":"El filme est\u00e1 producido por la Fundaci\u00f3n F\u00e9lix Rodr\u00edguez de la Fuente, dentro del Proyecto LIFE ConSuma Naturalidad para TVE El Museo de Educaci\u00f3n Ambiental contin\u00faa ma\u00f1ana con su ciclo...","og_url":"https:\/\/www.laguiadepamplona.com\/actualidad\/los-agricultores-como-guardianes-de-la-agrodiversidad-y-de-la-biodiversidad-silvestre-el-documental-de-manana-en-el-museo-de-educacion-ambiental\/","og_site_name":"La Gu\u00eda de Pamplona","article_publisher":"https:\/\/www.facebook.com\/laguiadepamplonacom-133175176762273\/?ref=hl","article_published_time":"2015-11-09T17:27:16+00:00","author":"La Gu\u00eda de Pamplona","twitter_card":"summary_large_image","twitter_creator":"@LaGuiadPamplona","twitter_site":"@LaGuiadPamplona","twitter_misc":{"Escrito por":"La Gu\u00eda de Pamplona","Tiempo de lectura":"2 minutos"},"schema":{"@context":"https:\/\/schema.org","@graph":[{"@type":"Article","@id":"https:\/\/www.laguiadepamplona.com\/actualidad\/los-agricultores-como-guardianes-de-la-agrodiversidad-y-de-la-biodiversidad-silvestre-el-documental-de-manana-en-el-museo-de-educacion-ambiental\/#article","isPartOf":{"@id":"https:\/\/www.laguiadepamplona.com\/actualidad\/los-agricultores-como-guardianes-de-la-agrodiversidad-y-de-la-biodiversidad-silvestre-el-documental-de-manana-en-el-museo-de-educacion-ambiental\/"},"author":{"name":"La Gu\u00eda de Pamplona","@id":"https:\/\/www.laguiadepamplona.com\/actualidad\/#\/schema\/person\/efe887376f0213d4657c93adc50b1fdb"},"headline":"Los agricultores como guardianes de la agrodiversidad y de la biodiversidad silvestre, el documental de ma\u00f1ana en el Museo de Educaci\u00f3n Ambiental","datePublished":"2015-11-09T17:27:16+00:00","mainEntityOfPage":{"@id":"https:\/\/www.laguiadepamplona.com\/actualidad\/los-agricultores-como-guardianes-de-la-agrodiversidad-y-de-la-biodiversidad-silvestre-el-documental-de-manana-en-el-museo-de-educacion-ambiental\/"},"wordCount":443,"publisher":{"@id":"https:\/\/www.laguiadepamplona.com\/actualidad\/#organization"},"image":{"@id":"https:\/\/www.laguiadepamplona.com\/actualidad\/los-agricultores-como-guardianes-de-la-agrodiversidad-y-de-la-biodiversidad-silvestre-el-documental-de-manana-en-el-museo-de-educacion-ambiental\/#primaryimage"},"thumbnailUrl":"","articleSection":["Ayto Pamplona"],"inLanguage":"es"},{"@type":"WebPage","@id":"https:\/\/www.laguiadepamplona.com\/actualidad\/los-agricultores-como-guardianes-de-la-agrodiversidad-y-de-la-biodiversidad-silvestre-el-documental-de-manana-en-el-museo-de-educacion-ambiental\/","url":"https:\/\/www.laguiadepamplona.com\/actualidad\/los-agricultores-como-guardianes-de-la-agrodiversidad-y-de-la-biodiversidad-silvestre-el-documental-de-manana-en-el-museo-de-educacion-ambiental\/","name":"Los agricultores como guardianes de la agrodiversidad y de la biodiversidad silvestre, el documental de ma\u00f1ana en el Museo de Educaci\u00f3n Ambiental","isPartOf":{"@id":"https:\/\/www.laguiadepamplona.com\/actualidad\/#website"},"primaryImageOfPage":{"@id":"https:\/\/www.laguiadepamplona.com\/actualidad\/los-agricultores-como-guardianes-de-la-agrodiversidad-y-de-la-biodiversidad-silvestre-el-documental-de-manana-en-el-museo-de-educacion-ambiental\/#primaryimage"},"image":{"@id":"https:\/\/www.laguiadepamplona.com\/actualidad\/los-agricultores-como-guardianes-de-la-agrodiversidad-y-de-la-biodiversidad-silvestre-el-documental-de-manana-en-el-museo-de-educacion-ambiental\/#primaryimage"},"thumbnailUrl":"","datePublished":"2015-11-09T17:27:16+00:00","breadcrumb":{"@id":"https:\/\/www.laguiadepamplona.com\/actualidad\/los-agricultores-como-guardianes-de-la-agrodiversidad-y-de-la-biodiversidad-silvestre-el-documental-de-manana-en-el-museo-de-educacion-ambiental\/#breadcrumb"},"inLanguage":"es","potentialAction":[{"@type":"ReadAction","target":["https:\/\/www.laguiadepamplona.com\/actualidad\/los-agricultores-como-guardianes-de-la-agrodiversidad-y-de-la-biodiversidad-silvestre-el-documental-de-manana-en-el-museo-de-educacion-ambiental\/"]}]},{"@type":"ImageObject","inLanguage":"es","@id":"https:\/\/www.laguiadepamplona.com\/actualidad\/los-agricultores-como-guardianes-de-la-agrodiversidad-y-de-la-biodiversidad-silvestre-el-documental-de-manana-en-el-museo-de-educacion-ambiental\/#primaryimage","url":"","contentUrl":""},{"@type":"BreadcrumbList","@id":"https:\/\/www.laguiadepamplona.com\/actualidad\/los-agricultores-como-guardianes-de-la-agrodiversidad-y-de-la-biodiversidad-silvestre-el-documental-de-manana-en-el-museo-de-educacion-ambiental\/#breadcrumb","itemListElement":[{"@type":"ListItem","position":1,"name":"Portada","item":"https:\/\/www.laguiadepamplona.com\/actualidad\/"},{"@type":"ListItem","position":2,"name":"Los agricultores como guardianes de la agrodiversidad y de la biodiversidad silvestre, el documental de ma\u00f1ana en el Museo de Educaci\u00f3n Ambiental"}]},{"@type":"WebSite","@id":"https:\/\/www.laguiadepamplona.com\/actualidad\/#website","url":"https:\/\/www.laguiadepamplona.com\/actualidad\/","name":"La gu\u00eda de Pamplona","description":"Noticias de Pamplona","publisher":{"@id":"https:\/\/www.laguiadepamplona.com\/actualidad\/#organization"},"potentialAction":[{"@type":"SearchAction","target":{"@type":"EntryPoint","urlTemplate":"https:\/\/www.laguiadepamplona.com\/actualidad\/?s={search_term_string}"},"query-input":{"@type":"PropertyValueSpecification","valueRequired":true,"valueName":"search_term_string"}}],"inLanguage":"es"},{"@type":"Organization","@id":"https:\/\/www.laguiadepamplona.com\/actualidad\/#organization","name":"La Gu\u00eda de Pamplona \/ Noticias","url":"https:\/\/www.laguiadepamplona.com\/actualidad\/","logo":{"@type":"ImageObject","inLanguage":"es","@id":"https:\/\/www.laguiadepamplona.com\/actualidad\/#\/schema\/logo\/image\/","url":"https:\/\/www.laguiadepamplona.com\/actualidad\/wp-content\/uploads\/2018\/11\/logo-laguiadepamplona18-web1.png","contentUrl":"https:\/\/www.laguiadepamplona.com\/actualidad\/wp-content\/uploads\/2018\/11\/logo-laguiadepamplona18-web1.png","width":600,"height":196,"caption":"La Gu\u00eda de Pamplona \/ Noticias"},"image":{"@id":"https:\/\/www.laguiadepamplona.com\/actualidad\/#\/schema\/logo\/image\/"},"sameAs":["https:\/\/www.facebook.com\/laguiadepamplonacom-133175176762273\/?ref=hl","https:\/\/x.com\/LaGuiadPamplona","https:\/\/www.instagram.com\/la_guia_de_pamplona\/","https:\/\/www.youtube.com\/user\/laguiadepamplona"]},{"@type":"Person","@id":"https:\/\/www.laguiadepamplona.com\/actualidad\/#\/schema\/person\/efe887376f0213d4657c93adc50b1fdb","name":"La Gu\u00eda de Pamplona","image":{"@type":"ImageObject","inLanguage":"es","@id":"https:\/\/secure.gravatar.com\/avatar\/b6992f131dc8d30ab0dff15446e9d346d9dbd95992de0fef795073f5ea83a81c?s=96&d=mm&r=g","url":"https:\/\/secure.gravatar.com\/avatar\/b6992f131dc8d30ab0dff15446e9d346d9dbd95992de0fef795073f5ea83a81c?s=96&d=mm&r=g","contentUrl":"https:\/\/secure.gravatar.com\/avatar\/b6992f131dc8d30ab0dff15446e9d346d9dbd95992de0fef795073f5ea83a81c?s=96&d=mm&r=g","caption":"La Gu\u00eda de Pamplona"}}]}},"post_mailing_queue_ids":[],"_links":{"self":[{"href":"https:\/\/www.laguiadepamplona.com\/actualidad\/wp-json\/wp\/v2\/posts\/7781","targetHints":{"allow":["GET"]}}],"collection":[{"href":"https:\/\/www.laguiadepamplona.com\/actualidad\/wp-json\/wp\/v2\/posts"}],"about":[{"href":"https:\/\/www.laguiadepamplona.com\/actualidad\/wp-json\/wp\/v2\/types\/post"}],"author":[{"embeddable":true,"href":"https:\/\/www.laguiadepamplona.com\/actualidad\/wp-json\/wp\/v2\/users\/1"}],"replies":[{"embeddable":true,"href":"https:\/\/www.laguiadepamplona.com\/actualidad\/wp-json\/wp\/v2\/comments?post=7781"}],"version-history":[{"count":0,"href":"https:\/\/www.laguiadepamplona.com\/actualidad\/wp-json\/wp\/v2\/posts\/7781\/revisions"}],"wp:featuredmedia":[{"embeddable":true,"href":"https:\/\/www.laguiadepamplona.com\/actualidad\/wp-json\/"}],"wp:attachment":[{"href":"https:\/\/www.laguiadepamplona.com\/actualidad\/wp-json\/wp\/v2\/media?parent=7781"}],"wp:term":[{"taxonomy":"category","embeddable":true,"href":"https:\/\/www.laguiadepamplona.com\/actualidad\/wp-json\/wp\/v2\/categories?post=7781"},{"taxonomy":"post_tag","embeddable":true,"href":"https:\/\/www.laguiadepamplona.com\/actualidad\/wp-json\/wp\/v2\/tags?post=7781"}],"curies":[{"name":"wp","href":"https:\/\/api.w.org\/{rel}","templated":true}]}}