{"id":7779,"date":"2015-11-09T19:22:49","date_gmt":"2015-11-09T17:22:49","guid":{"rendered":"http:\/\/laguiadepamplona.com\/actualidad\/?p=7779"},"modified":"2015-11-09T19:22:49","modified_gmt":"2015-11-09T17:22:49","slug":"el-ayuntamiento-de-pamplona-preve-contar-con-un-presupuesto-de-1977-millones-de-euros-un-10-mas-que-los-presupuestos-prorrogados-de-los-ultimos-cuatro-anos","status":"publish","type":"post","link":"https:\/\/www.laguiadepamplona.com\/actualidad\/el-ayuntamiento-de-pamplona-preve-contar-con-un-presupuesto-de-1977-millones-de-euros-un-10-mas-que-los-presupuestos-prorrogados-de-los-ultimos-cuatro-anos\/","title":{"rendered":"El Ayuntamiento de Pamplona prev\u00e9 contar con un presupuesto de 197,7 millones de euros, un 10% m\u00e1s que los presupuestos prorrogados de los \u00faltimos cuatro a\u00f1os"},"content":{"rendered":"<h3>Est\u00e1n previstos m\u00e1s de 14 millones para inversiones, as\u00ed como m\u00e1s partidas de car\u00e1cter social<\/h3>\n<p><a href=\"http:\/\/laguiadepamplona.com\/actualidad\/wp-content\/uploads\/2014\/06\/Ayto_Pamplona.jpg\"><img loading=\"lazy\" decoding=\"async\" class=\"alignleft size-medium wp-image-2063\" src=\"http:\/\/laguiadepamplona.com\/actualidad\/wp-content\/uploads\/2014\/06\/Ayto_Pamplona-300x225.jpg\" alt=\"Ayto_Pamplona\" width=\"300\" height=\"225\" \/><\/a>El Ayuntamiento prev\u00e9 contar para 2016 con un techo de gasto de 197,7 millones de euros, lo que supondr\u00eda un 10,67% m\u00e1s que los 178,7 millones de euros que se han ido aprobando en los presupuestos prorrogados de los \u00faltimos cuatro a\u00f1os. Ser\u00e1 el primer ejercicio econ\u00f3mico en el que el Consistorio contar\u00e1 con presupuestos municipales no prorrogado desde 2011. Esa cifra supondr\u00eda un incremento de gasto de 6,5 millones de euros respecto al presupuesto de ejecuci\u00f3n previsto para 2015, situado en 191,2 millones de euros tras la aprobaci\u00f3n de dos modificaciones presupuestarias.<br \/>\nLos nuevos presupuestos contemplan la ampliaci\u00f3n de las partidas de car\u00e1cter social con inversiones en centros de ense\u00f1anza, viviendas sociales y zonas vulnerables, as\u00ed como la ampliaci\u00f3n de la plantilla, entre otros, de trabajadores sociales. Asimismo, se impulsar\u00e1n nuevos proyectos en la antigua estaci\u00f3n de autobuses; en locales vecinales y centros de participaci\u00f3n; en el Centro de Interpretaci\u00f3n Accesible del Camino de Santiago; y en huertas urbanas. Otros proyectos nuevos en el \u00e1rea cultural convertir\u00e1n a la Ciudadela en punto referencial de creaci\u00f3n art\u00edsticas y ampliar\u00e1n la presencia del euskera tanto en la ciudad como en la comunicaci\u00f3n municipal. Tambi\u00e9n se especifican partidas para la Escuela de M\u00fasica Joaqu\u00edn Maya, bibliotecas, instalaciones deportivas, escuelas infantiles, el carril bici y la mejora de zonas verdes.<br \/>\nLos objetivos de estos presupuestos son recuperar el impulso del gasto social como prioridad absoluta, ir hacia un nuevo modelo de ciudad que priorice las necesidades de las personas frente a operaciones especulativas y fomentar los procesos de participaci\u00f3n ciudadana, tanto por lo que se refiere a fijar prioridades de gasto como en lo que tiene que ver con el apoyo a los modelos de cogesti\u00f3n de las instalaciones y locales p\u00fablicos. Han comparecido ante los medios de comunicaci\u00f3n en rueda de prensa el alcalde de Pamplona, Joseba Asiron, y representantes municipales de las cuatro formaciones pol\u00edticas que sustentan el gobierno municipal, la concejala delegada de Econom\u00eda Local Sostenible, Patricia Perales, la concejala delegada de Participaci\u00f3n Ciudadana, Igualdad y Empoderamiento Social, Ana Lizo\u00e1in, la concejala delegada de Acci\u00f3n Social y Desarrollo Comunitario, Edurne Eguino, y la concejala de Geroa Bai, Itziar G\u00f3mez.<br \/>\n<strong>Ingresos de 199,3 millones de euros y super\u00e1vit de 1,6 millones de euros<\/strong><br \/>\nPara hacer frente a estos gastos, el Consistorio prev\u00e9 ingresar 199,3 millones de euros lo que supondr\u00eda unos 1,6 millones de euros de super\u00e1vit. En estos momentos las propuestas remitidas por todas las \u00e1reas municipales se encuentran en el \u00e1rea de Econom\u00eda Local Sostenible que est\u00e1 ultimando los detalles del proyecto de presupuestos. El pr\u00f3ximo martes 17 de noviembre est\u00e1 previsto que este documento sea debatido en el seno de la Junta de Gobierno Local.<br \/>\nDe esta forma, los d\u00edas 23, 24 y 25 de noviembre cada concejal\u00eda delegada expondr\u00e1 en la comisi\u00f3n correspondiente el proyecto. El mismo 25 de noviembre tendr\u00e1 lugar la presentaci\u00f3n p\u00fablica del documento de presupuestos en un encuentro con la ciudadan\u00eda. A partir de ese momento se abrir\u00e1 el plazo de presentaci\u00f3n de enmiendas que dar\u00e1n lugar al dictamen final que ser\u00eda llevado al Pleno para su aprobaci\u00f3n el 22 de diciembre.<br \/>\n<strong>M\u00e1s partidas de car\u00e1cter social<\/strong><br \/>\nDe acuerdo con la ampliaci\u00f3n de l\u00edneas presupuestarias con car\u00e1cter social est\u00e1 previsto destinar 700.000 euros para inversiones en escuelas y centros de ense\u00f1anza de titularidad municipal, lo que supondr\u00eda un aumento respecto a las asignaciones propuestas por el anterior gobierno de 150.000 euros.<br \/>\nAdem\u00e1s, se consignan en el anteproyecto de presupuestos 500.000 euros en las partidas de las \u00e1reas de Ciudad Habitable y Vivienda y de Acci\u00f3n Social y Desarrollo Comunitario para la rehabilitaci\u00f3n de vivienda de titularidad municipal. De esta forma se recuperar\u00e1n viviendas en estado de deterioro para restaurarlas y dedicarlas a fines sociales. La intenci\u00f3n municipal es que los beneficiarios de los contratos sean peque\u00f1as y medianas empresas, como se recoge en los objetivos del programa Trebatu y siguiendo el acuerdo recientemente aprobado para la selecci\u00f3n de los proveedores que realizar\u00e1n trabajos de pintura, fontaner\u00eda, electricidad o limpieza en la rehabilitaci\u00f3n de viviendas municipales.<br \/>\nSe trabaja tambi\u00e9n para reforzar la plantilla de Acci\u00f3n Social y Desarrollo Comunitario para poder atender las necesidades sociales m\u00e1s urgentes. Se prev\u00e9 contratar, entre otros, 16 puestos t\u00e9cnicos de trabajadores sociales. Asimismo, se reforzar\u00e1n los programas dirigidos a menores en los barrios de la ciudad, con extensi\u00f3n del Servicio de Acci\u00f3n Preventiva Comunitaria a dos nuevos barrios o la convocatoria de subvenciones para ocio y tiempo libre, entre otras medidas. Se incluye tambi\u00e9n un incremento de las partidas dirigidas a prevenir y combatir las situaciones de pobreza y exclusi\u00f3n social.<\/p>\n<p><strong>14,12 millones de euros para inversiones en espacios ciudadanos<\/strong><br \/>\nLa reserva de fondos para el cap\u00edtulo de inversiones propuesta es de 14,12 millones de euros, lo que implica una subida de medio mill\u00f3n de euros respecto al ejercicio anterior, es decir, un incremento del 3,73%. Con este dinero se impulsar\u00e1n proyectos que han sido considerados clave destinados a dotar a la ciudadan\u00eda y a los colectivos de la ciudad de nuevos espacios que se pondr\u00e1n en marcha desde par\u00e1metros de equidad y cogesti\u00f3n.<br \/>\nPor ejemplo, el proyecto Geltoki se ubicar\u00e1 en la antigua estaci\u00f3n de autobuses, un edificio concebido dentro de los acuerdos program\u00e1ticos como un \u201cespacio multifuncional donde tengan cabida mercados, muestras, conciertos, iniciativas sociales y culturales dedicados a toda la ciudad\u201d y que sea \u201ccomplementario con la instalaci\u00f3n de un mercado social y solidario permanente\u201d. Este proyecto, cuyas bases est\u00e1n ya muy avanzadas por al trabajo desarrollado en el Foro contra la Pobreza, contar\u00eda con una aportaci\u00f3n de 300.000 euros.<br \/>\nTambi\u00e9n para potenciar la participaci\u00f3n ciudadana, y con un presupuesto de 750.000 euros, se quiere adecuar el Palacio de Cruzat y Red\u00edn para ponerlo al servicio de la ciudadan\u00eda, se rehabilitar\u00e1n locales vecinales y se crear\u00e1 el Centro de Participaci\u00f3n. Asimismo, se impulsar\u00e1n, teniendo en cuenta las demandas vecinales, iniciativas de creaci\u00f3n de huertas urbanas en el Casco Viejo, Mendillorri, Buztintxuri y Santa Mar\u00eda la Real. La asignaci\u00f3n para estos proyectos alcanza los 42.000 euros.<br \/>\nPor ultimo, est\u00e1 previsto habilitar los locales de calle Mayor, 20 para acoger el Centro de Interpretaci\u00f3n Accesible del Camino de Santiago, un proyecto que busca financiaci\u00f3n europea en la convocatoria de ayudas del programa INTERREG V A Espa\u00f1a \u2013 Francia \u2013 Andorra 2014 \u2013 2020 (POCTEFA), como socio de\u00a0 JACOB@ACCESS junto al Ayuntamiento de Jaca, la Comunidad de municipios de Iholdi \u2013 Oztibarre (Aquitania, Francia) y las fundaciones y asociaciones dedicadas al sector de la discapacidad, Koin\u00e9 \u2013 Aequalitas de Pamplona, Atades de Huesca y la francesa EHVA. La reserva de gasto se sit\u00faa en 200.000 euros.<br \/>\nInversiones tambi\u00e9n en cultura, deporte, educaci\u00f3n, euskera y sostenibilidad<br \/>\nDentro del cap\u00edtulo de inversiones tambi\u00e9n se han tenido en cuenta acciones en el \u00e1mbito cultura, deportivo, educativo y del euskera. Por ejemplo, se contemplan 200.000 euros para \u2018Hiriartea\u2019, un proyecto que pretende ser bandera del nuevo modelo de gesti\u00f3n cultural de la ciudad y que seg\u00fan se recoge en el acuerdo program\u00e1tico quiere \u201cconvertir la Ciudadela, adem\u00e1s de un parque p\u00fablico, en un laboratorio\/incubadora de creaci\u00f3n art\u00edstica donde converjan diferentes disciplinas del \u00e1mbito de la creaci\u00f3n, comunicaci\u00f3n, nuevas tecnolog\u00edas. Impulsar la formaci\u00f3n, producci\u00f3n, distribuci\u00f3n y exhibici\u00f3n, con exquisito cuidado a su valor y situaci\u00f3n patrimonial\u201d.<br \/>\nAdem\u00e1s, hay una partida de 424.000 euros para inversiones en la Escuela de M\u00fasica Joaqu\u00edn Maya, en bibliotecas, en instalaciones deportivas y en escuelas infantiles. Asimismo, se triplican las asignaciones destinadas a apoyar el euskera, pasando de 191.990 euros a 612.750 euros. Dentro de estas partidas se reservan 30.000 euros para tareas de adecuaci\u00f3n del paisaje urbano a la realidad de las dos lenguas cooficiales y se prev\u00e9 realizar cinco contrataciones de perfil t\u00e9cnico para reforzar el servicio que presta el Ayuntamiento en euskera y trabajar por la normalizaci\u00f3n de esta lengua.<br \/>\nPara impulsar una ciudad m\u00e1s sostenible se propone reservar 350.000 euros para actuaciones de impulso de movilidad sostenible, incluidas inversiones de reforma e impulso del carril bici y de respaldo al servicio municipal Nbici. Es el mismo sentido se crear\u00e1 una partida espec\u00edfica dotada con 225.000 euros para renovaci\u00f3n de redes, limpieza de lagos y mejora de zonas verdes.<\/p>\n","protected":false},"excerpt":{"rendered":"<p>Est\u00e1n previstos m\u00e1s de 14 millones para inversiones, as\u00ed como m\u00e1s partidas de car\u00e1cter social El Ayuntamiento prev\u00e9 contar para 2016 con un techo de gasto de 197,7 millones de&#8230;<\/p>\n","protected":false},"author":1,"featured_media":2063,"comment_status":"closed","ping_status":"closed","sticky":false,"template":"","format":"standard","meta":{"footnotes":""},"categories":[2],"tags":[5,6,509,6245,7005,7006,8,9,7007,2892,7008,4471],"class_list":["post-7779","post","type-post","status-publish","format-standard","has-post-thumbnail","hentry","category-ayuntamiento-pamplona","tag-actualidad","tag-ayto-pamplona","tag-ayuntamiento-de-pamplona","tag-caracter","tag-contar","tag-inversiones","tag-noticias","tag-pamplona","tag-partidas","tag-presupuesto","tag-preve","tag-social"],"yoast_head":"<!-- This site is optimized with the Yoast SEO plugin v27.5 - https:\/\/yoast.com\/product\/yoast-seo-wordpress\/ -->\n<title>El Ayuntamiento de Pamplona prev\u00e9 contar con un presupuesto de 197,7 millones de euros, un 10% m\u00e1s que los presupuestos prorrogados de los \u00faltimos cuatro a\u00f1os<\/title>\n<meta name=\"robots\" content=\"index, follow, max-snippet:-1, max-image-preview:large, max-video-preview:-1\" \/>\n<link rel=\"canonical\" href=\"https:\/\/www.laguiadepamplona.com\/actualidad\/el-ayuntamiento-de-pamplona-preve-contar-con-un-presupuesto-de-1977-millones-de-euros-un-10-mas-que-los-presupuestos-prorrogados-de-los-ultimos-cuatro-anos\/\" \/>\n<meta property=\"og:locale\" content=\"es_ES\" \/>\n<meta property=\"og:type\" content=\"article\" \/>\n<meta property=\"og:title\" content=\"El Ayuntamiento de Pamplona prev\u00e9 contar con un presupuesto de 197,7 millones de euros, un 10% m\u00e1s que los presupuestos prorrogados de los \u00faltimos cuatro a\u00f1os\" \/>\n<meta property=\"og:description\" content=\"Est\u00e1n previstos m\u00e1s de 14 millones para inversiones, as\u00ed como m\u00e1s partidas de car\u00e1cter social El Ayuntamiento prev\u00e9 contar para 2016 con un techo de gasto de 197,7 millones de...\" \/>\n<meta property=\"og:url\" content=\"https:\/\/www.laguiadepamplona.com\/actualidad\/el-ayuntamiento-de-pamplona-preve-contar-con-un-presupuesto-de-1977-millones-de-euros-un-10-mas-que-los-presupuestos-prorrogados-de-los-ultimos-cuatro-anos\/\" \/>\n<meta property=\"og:site_name\" content=\"La Gu\u00eda de Pamplona\" \/>\n<meta property=\"article:publisher\" content=\"https:\/\/www.facebook.com\/laguiadepamplonacom-133175176762273\/?ref=hl\" \/>\n<meta property=\"article:published_time\" content=\"2015-11-09T17:22:49+00:00\" \/>\n<meta name=\"author\" content=\"La Gu\u00eda de Pamplona\" \/>\n<meta name=\"twitter:card\" content=\"summary_large_image\" \/>\n<meta name=\"twitter:creator\" content=\"@LaGuiadPamplona\" \/>\n<meta name=\"twitter:site\" content=\"@LaGuiadPamplona\" \/>\n<meta name=\"twitter:label1\" content=\"Escrito por\" \/>\n\t<meta name=\"twitter:data1\" content=\"La Gu\u00eda de Pamplona\" \/>\n\t<meta name=\"twitter:label2\" content=\"Tiempo de lectura\" \/>\n\t<meta name=\"twitter:data2\" content=\"7 minutos\" \/>\n<script type=\"application\/ld+json\" class=\"yoast-schema-graph\">{\"@context\":\"https:\\\/\\\/schema.org\",\"@graph\":[{\"@type\":\"Article\",\"@id\":\"https:\\\/\\\/www.laguiadepamplona.com\\\/actualidad\\\/el-ayuntamiento-de-pamplona-preve-contar-con-un-presupuesto-de-1977-millones-de-euros-un-10-mas-que-los-presupuestos-prorrogados-de-los-ultimos-cuatro-anos\\\/#article\",\"isPartOf\":{\"@id\":\"https:\\\/\\\/www.laguiadepamplona.com\\\/actualidad\\\/el-ayuntamiento-de-pamplona-preve-contar-con-un-presupuesto-de-1977-millones-de-euros-un-10-mas-que-los-presupuestos-prorrogados-de-los-ultimos-cuatro-anos\\\/\"},\"author\":{\"name\":\"La Gu\u00eda de Pamplona\",\"@id\":\"https:\\\/\\\/www.laguiadepamplona.com\\\/actualidad\\\/#\\\/schema\\\/person\\\/efe887376f0213d4657c93adc50b1fdb\"},\"headline\":\"El Ayuntamiento de Pamplona prev\u00e9 contar con un presupuesto de 197,7 millones de euros, un 10% m\u00e1s que los presupuestos prorrogados de los \u00faltimos cuatro a\u00f1os\",\"datePublished\":\"2015-11-09T17:22:49+00:00\",\"mainEntityOfPage\":{\"@id\":\"https:\\\/\\\/www.laguiadepamplona.com\\\/actualidad\\\/el-ayuntamiento-de-pamplona-preve-contar-con-un-presupuesto-de-1977-millones-de-euros-un-10-mas-que-los-presupuestos-prorrogados-de-los-ultimos-cuatro-anos\\\/\"},\"wordCount\":1485,\"publisher\":{\"@id\":\"https:\\\/\\\/www.laguiadepamplona.com\\\/actualidad\\\/#organization\"},\"image\":{\"@id\":\"https:\\\/\\\/www.laguiadepamplona.com\\\/actualidad\\\/el-ayuntamiento-de-pamplona-preve-contar-con-un-presupuesto-de-1977-millones-de-euros-un-10-mas-que-los-presupuestos-prorrogados-de-los-ultimos-cuatro-anos\\\/#primaryimage\"},\"thumbnailUrl\":\"\",\"keywords\":[\"actualidad\",\"ayto pamplona\",\"Ayuntamiento de Pamplona\",\"car\u00e1cter\",\"contar\",\"inversiones\",\"noticias\",\"pamplona\",\"partidas\",\"presupuesto\",\"prev\u00e9\",\"social\"],\"articleSection\":[\"Ayto Pamplona\"],\"inLanguage\":\"es\"},{\"@type\":\"WebPage\",\"@id\":\"https:\\\/\\\/www.laguiadepamplona.com\\\/actualidad\\\/el-ayuntamiento-de-pamplona-preve-contar-con-un-presupuesto-de-1977-millones-de-euros-un-10-mas-que-los-presupuestos-prorrogados-de-los-ultimos-cuatro-anos\\\/\",\"url\":\"https:\\\/\\\/www.laguiadepamplona.com\\\/actualidad\\\/el-ayuntamiento-de-pamplona-preve-contar-con-un-presupuesto-de-1977-millones-de-euros-un-10-mas-que-los-presupuestos-prorrogados-de-los-ultimos-cuatro-anos\\\/\",\"name\":\"El Ayuntamiento de Pamplona prev\u00e9 contar con un presupuesto de 197,7 millones de euros, un 10% m\u00e1s que los presupuestos prorrogados de los \u00faltimos cuatro a\u00f1os\",\"isPartOf\":{\"@id\":\"https:\\\/\\\/www.laguiadepamplona.com\\\/actualidad\\\/#website\"},\"primaryImageOfPage\":{\"@id\":\"https:\\\/\\\/www.laguiadepamplona.com\\\/actualidad\\\/el-ayuntamiento-de-pamplona-preve-contar-con-un-presupuesto-de-1977-millones-de-euros-un-10-mas-que-los-presupuestos-prorrogados-de-los-ultimos-cuatro-anos\\\/#primaryimage\"},\"image\":{\"@id\":\"https:\\\/\\\/www.laguiadepamplona.com\\\/actualidad\\\/el-ayuntamiento-de-pamplona-preve-contar-con-un-presupuesto-de-1977-millones-de-euros-un-10-mas-que-los-presupuestos-prorrogados-de-los-ultimos-cuatro-anos\\\/#primaryimage\"},\"thumbnailUrl\":\"\",\"datePublished\":\"2015-11-09T17:22:49+00:00\",\"breadcrumb\":{\"@id\":\"https:\\\/\\\/www.laguiadepamplona.com\\\/actualidad\\\/el-ayuntamiento-de-pamplona-preve-contar-con-un-presupuesto-de-1977-millones-de-euros-un-10-mas-que-los-presupuestos-prorrogados-de-los-ultimos-cuatro-anos\\\/#breadcrumb\"},\"inLanguage\":\"es\",\"potentialAction\":[{\"@type\":\"ReadAction\",\"target\":[\"https:\\\/\\\/www.laguiadepamplona.com\\\/actualidad\\\/el-ayuntamiento-de-pamplona-preve-contar-con-un-presupuesto-de-1977-millones-de-euros-un-10-mas-que-los-presupuestos-prorrogados-de-los-ultimos-cuatro-anos\\\/\"]}]},{\"@type\":\"ImageObject\",\"inLanguage\":\"es\",\"@id\":\"https:\\\/\\\/www.laguiadepamplona.com\\\/actualidad\\\/el-ayuntamiento-de-pamplona-preve-contar-con-un-presupuesto-de-1977-millones-de-euros-un-10-mas-que-los-presupuestos-prorrogados-de-los-ultimos-cuatro-anos\\\/#primaryimage\",\"url\":\"\",\"contentUrl\":\"\"},{\"@type\":\"BreadcrumbList\",\"@id\":\"https:\\\/\\\/www.laguiadepamplona.com\\\/actualidad\\\/el-ayuntamiento-de-pamplona-preve-contar-con-un-presupuesto-de-1977-millones-de-euros-un-10-mas-que-los-presupuestos-prorrogados-de-los-ultimos-cuatro-anos\\\/#breadcrumb\",\"itemListElement\":[{\"@type\":\"ListItem\",\"position\":1,\"name\":\"Portada\",\"item\":\"https:\\\/\\\/www.laguiadepamplona.com\\\/actualidad\\\/\"},{\"@type\":\"ListItem\",\"position\":2,\"name\":\"El Ayuntamiento de Pamplona prev\u00e9 contar con un presupuesto de 197,7 millones de euros, un 10% m\u00e1s que los presupuestos prorrogados de los \u00faltimos cuatro a\u00f1os\"}]},{\"@type\":\"WebSite\",\"@id\":\"https:\\\/\\\/www.laguiadepamplona.com\\\/actualidad\\\/#website\",\"url\":\"https:\\\/\\\/www.laguiadepamplona.com\\\/actualidad\\\/\",\"name\":\"La gu\u00eda de Pamplona\",\"description\":\"Noticias de Pamplona\",\"publisher\":{\"@id\":\"https:\\\/\\\/www.laguiadepamplona.com\\\/actualidad\\\/#organization\"},\"potentialAction\":[{\"@type\":\"SearchAction\",\"target\":{\"@type\":\"EntryPoint\",\"urlTemplate\":\"https:\\\/\\\/www.laguiadepamplona.com\\\/actualidad\\\/?s={search_term_string}\"},\"query-input\":{\"@type\":\"PropertyValueSpecification\",\"valueRequired\":true,\"valueName\":\"search_term_string\"}}],\"inLanguage\":\"es\"},{\"@type\":\"Organization\",\"@id\":\"https:\\\/\\\/www.laguiadepamplona.com\\\/actualidad\\\/#organization\",\"name\":\"La Gu\u00eda de Pamplona \\\/ Noticias\",\"url\":\"https:\\\/\\\/www.laguiadepamplona.com\\\/actualidad\\\/\",\"logo\":{\"@type\":\"ImageObject\",\"inLanguage\":\"es\",\"@id\":\"https:\\\/\\\/www.laguiadepamplona.com\\\/actualidad\\\/#\\\/schema\\\/logo\\\/image\\\/\",\"url\":\"https:\\\/\\\/www.laguiadepamplona.com\\\/actualidad\\\/wp-content\\\/uploads\\\/2018\\\/11\\\/logo-laguiadepamplona18-web1.png\",\"contentUrl\":\"https:\\\/\\\/www.laguiadepamplona.com\\\/actualidad\\\/wp-content\\\/uploads\\\/2018\\\/11\\\/logo-laguiadepamplona18-web1.png\",\"width\":600,\"height\":196,\"caption\":\"La Gu\u00eda de Pamplona \\\/ Noticias\"},\"image\":{\"@id\":\"https:\\\/\\\/www.laguiadepamplona.com\\\/actualidad\\\/#\\\/schema\\\/logo\\\/image\\\/\"},\"sameAs\":[\"https:\\\/\\\/www.facebook.com\\\/laguiadepamplonacom-133175176762273\\\/?ref=hl\",\"https:\\\/\\\/x.com\\\/LaGuiadPamplona\",\"https:\\\/\\\/www.instagram.com\\\/la_guia_de_pamplona\\\/\",\"https:\\\/\\\/www.youtube.com\\\/user\\\/laguiadepamplona\"]},{\"@type\":\"Person\",\"@id\":\"https:\\\/\\\/www.laguiadepamplona.com\\\/actualidad\\\/#\\\/schema\\\/person\\\/efe887376f0213d4657c93adc50b1fdb\",\"name\":\"La Gu\u00eda de Pamplona\",\"image\":{\"@type\":\"ImageObject\",\"inLanguage\":\"es\",\"@id\":\"https:\\\/\\\/secure.gravatar.com\\\/avatar\\\/b6992f131dc8d30ab0dff15446e9d346d9dbd95992de0fef795073f5ea83a81c?s=96&d=mm&r=g\",\"url\":\"https:\\\/\\\/secure.gravatar.com\\\/avatar\\\/b6992f131dc8d30ab0dff15446e9d346d9dbd95992de0fef795073f5ea83a81c?s=96&d=mm&r=g\",\"contentUrl\":\"https:\\\/\\\/secure.gravatar.com\\\/avatar\\\/b6992f131dc8d30ab0dff15446e9d346d9dbd95992de0fef795073f5ea83a81c?s=96&d=mm&r=g\",\"caption\":\"La Gu\u00eda de Pamplona\"}}]}<\/script>\n<!-- \/ Yoast SEO plugin. -->","yoast_head_json":{"title":"El Ayuntamiento de Pamplona prev\u00e9 contar con un presupuesto de 197,7 millones de euros, un 10% m\u00e1s que los presupuestos prorrogados de los \u00faltimos cuatro a\u00f1os","robots":{"index":"index","follow":"follow","max-snippet":"max-snippet:-1","max-image-preview":"max-image-preview:large","max-video-preview":"max-video-preview:-1"},"canonical":"https:\/\/www.laguiadepamplona.com\/actualidad\/el-ayuntamiento-de-pamplona-preve-contar-con-un-presupuesto-de-1977-millones-de-euros-un-10-mas-que-los-presupuestos-prorrogados-de-los-ultimos-cuatro-anos\/","og_locale":"es_ES","og_type":"article","og_title":"El Ayuntamiento de Pamplona prev\u00e9 contar con un presupuesto de 197,7 millones de euros, un 10% m\u00e1s que los presupuestos prorrogados de los \u00faltimos cuatro a\u00f1os","og_description":"Est\u00e1n previstos m\u00e1s de 14 millones para inversiones, as\u00ed como m\u00e1s partidas de car\u00e1cter social El Ayuntamiento prev\u00e9 contar para 2016 con un techo de gasto de 197,7 millones de...","og_url":"https:\/\/www.laguiadepamplona.com\/actualidad\/el-ayuntamiento-de-pamplona-preve-contar-con-un-presupuesto-de-1977-millones-de-euros-un-10-mas-que-los-presupuestos-prorrogados-de-los-ultimos-cuatro-anos\/","og_site_name":"La Gu\u00eda de Pamplona","article_publisher":"https:\/\/www.facebook.com\/laguiadepamplonacom-133175176762273\/?ref=hl","article_published_time":"2015-11-09T17:22:49+00:00","author":"La Gu\u00eda de Pamplona","twitter_card":"summary_large_image","twitter_creator":"@LaGuiadPamplona","twitter_site":"@LaGuiadPamplona","twitter_misc":{"Escrito por":"La Gu\u00eda de Pamplona","Tiempo de lectura":"7 minutos"},"schema":{"@context":"https:\/\/schema.org","@graph":[{"@type":"Article","@id":"https:\/\/www.laguiadepamplona.com\/actualidad\/el-ayuntamiento-de-pamplona-preve-contar-con-un-presupuesto-de-1977-millones-de-euros-un-10-mas-que-los-presupuestos-prorrogados-de-los-ultimos-cuatro-anos\/#article","isPartOf":{"@id":"https:\/\/www.laguiadepamplona.com\/actualidad\/el-ayuntamiento-de-pamplona-preve-contar-con-un-presupuesto-de-1977-millones-de-euros-un-10-mas-que-los-presupuestos-prorrogados-de-los-ultimos-cuatro-anos\/"},"author":{"name":"La Gu\u00eda de Pamplona","@id":"https:\/\/www.laguiadepamplona.com\/actualidad\/#\/schema\/person\/efe887376f0213d4657c93adc50b1fdb"},"headline":"El Ayuntamiento de Pamplona prev\u00e9 contar con un presupuesto de 197,7 millones de euros, un 10% m\u00e1s que los presupuestos prorrogados de los \u00faltimos cuatro a\u00f1os","datePublished":"2015-11-09T17:22:49+00:00","mainEntityOfPage":{"@id":"https:\/\/www.laguiadepamplona.com\/actualidad\/el-ayuntamiento-de-pamplona-preve-contar-con-un-presupuesto-de-1977-millones-de-euros-un-10-mas-que-los-presupuestos-prorrogados-de-los-ultimos-cuatro-anos\/"},"wordCount":1485,"publisher":{"@id":"https:\/\/www.laguiadepamplona.com\/actualidad\/#organization"},"image":{"@id":"https:\/\/www.laguiadepamplona.com\/actualidad\/el-ayuntamiento-de-pamplona-preve-contar-con-un-presupuesto-de-1977-millones-de-euros-un-10-mas-que-los-presupuestos-prorrogados-de-los-ultimos-cuatro-anos\/#primaryimage"},"thumbnailUrl":"","keywords":["actualidad","ayto pamplona","Ayuntamiento de Pamplona","car\u00e1cter","contar","inversiones","noticias","pamplona","partidas","presupuesto","prev\u00e9","social"],"articleSection":["Ayto Pamplona"],"inLanguage":"es"},{"@type":"WebPage","@id":"https:\/\/www.laguiadepamplona.com\/actualidad\/el-ayuntamiento-de-pamplona-preve-contar-con-un-presupuesto-de-1977-millones-de-euros-un-10-mas-que-los-presupuestos-prorrogados-de-los-ultimos-cuatro-anos\/","url":"https:\/\/www.laguiadepamplona.com\/actualidad\/el-ayuntamiento-de-pamplona-preve-contar-con-un-presupuesto-de-1977-millones-de-euros-un-10-mas-que-los-presupuestos-prorrogados-de-los-ultimos-cuatro-anos\/","name":"El Ayuntamiento de Pamplona prev\u00e9 contar con un presupuesto de 197,7 millones de euros, un 10% m\u00e1s que los presupuestos prorrogados de los \u00faltimos cuatro a\u00f1os","isPartOf":{"@id":"https:\/\/www.laguiadepamplona.com\/actualidad\/#website"},"primaryImageOfPage":{"@id":"https:\/\/www.laguiadepamplona.com\/actualidad\/el-ayuntamiento-de-pamplona-preve-contar-con-un-presupuesto-de-1977-millones-de-euros-un-10-mas-que-los-presupuestos-prorrogados-de-los-ultimos-cuatro-anos\/#primaryimage"},"image":{"@id":"https:\/\/www.laguiadepamplona.com\/actualidad\/el-ayuntamiento-de-pamplona-preve-contar-con-un-presupuesto-de-1977-millones-de-euros-un-10-mas-que-los-presupuestos-prorrogados-de-los-ultimos-cuatro-anos\/#primaryimage"},"thumbnailUrl":"","datePublished":"2015-11-09T17:22:49+00:00","breadcrumb":{"@id":"https:\/\/www.laguiadepamplona.com\/actualidad\/el-ayuntamiento-de-pamplona-preve-contar-con-un-presupuesto-de-1977-millones-de-euros-un-10-mas-que-los-presupuestos-prorrogados-de-los-ultimos-cuatro-anos\/#breadcrumb"},"inLanguage":"es","potentialAction":[{"@type":"ReadAction","target":["https:\/\/www.laguiadepamplona.com\/actualidad\/el-ayuntamiento-de-pamplona-preve-contar-con-un-presupuesto-de-1977-millones-de-euros-un-10-mas-que-los-presupuestos-prorrogados-de-los-ultimos-cuatro-anos\/"]}]},{"@type":"ImageObject","inLanguage":"es","@id":"https:\/\/www.laguiadepamplona.com\/actualidad\/el-ayuntamiento-de-pamplona-preve-contar-con-un-presupuesto-de-1977-millones-de-euros-un-10-mas-que-los-presupuestos-prorrogados-de-los-ultimos-cuatro-anos\/#primaryimage","url":"","contentUrl":""},{"@type":"BreadcrumbList","@id":"https:\/\/www.laguiadepamplona.com\/actualidad\/el-ayuntamiento-de-pamplona-preve-contar-con-un-presupuesto-de-1977-millones-de-euros-un-10-mas-que-los-presupuestos-prorrogados-de-los-ultimos-cuatro-anos\/#breadcrumb","itemListElement":[{"@type":"ListItem","position":1,"name":"Portada","item":"https:\/\/www.laguiadepamplona.com\/actualidad\/"},{"@type":"ListItem","position":2,"name":"El Ayuntamiento de Pamplona prev\u00e9 contar con un presupuesto de 197,7 millones de euros, un 10% m\u00e1s que los presupuestos prorrogados de los \u00faltimos cuatro a\u00f1os"}]},{"@type":"WebSite","@id":"https:\/\/www.laguiadepamplona.com\/actualidad\/#website","url":"https:\/\/www.laguiadepamplona.com\/actualidad\/","name":"La gu\u00eda de Pamplona","description":"Noticias de Pamplona","publisher":{"@id":"https:\/\/www.laguiadepamplona.com\/actualidad\/#organization"},"potentialAction":[{"@type":"SearchAction","target":{"@type":"EntryPoint","urlTemplate":"https:\/\/www.laguiadepamplona.com\/actualidad\/?s={search_term_string}"},"query-input":{"@type":"PropertyValueSpecification","valueRequired":true,"valueName":"search_term_string"}}],"inLanguage":"es"},{"@type":"Organization","@id":"https:\/\/www.laguiadepamplona.com\/actualidad\/#organization","name":"La Gu\u00eda de Pamplona \/ Noticias","url":"https:\/\/www.laguiadepamplona.com\/actualidad\/","logo":{"@type":"ImageObject","inLanguage":"es","@id":"https:\/\/www.laguiadepamplona.com\/actualidad\/#\/schema\/logo\/image\/","url":"https:\/\/www.laguiadepamplona.com\/actualidad\/wp-content\/uploads\/2018\/11\/logo-laguiadepamplona18-web1.png","contentUrl":"https:\/\/www.laguiadepamplona.com\/actualidad\/wp-content\/uploads\/2018\/11\/logo-laguiadepamplona18-web1.png","width":600,"height":196,"caption":"La Gu\u00eda de Pamplona \/ Noticias"},"image":{"@id":"https:\/\/www.laguiadepamplona.com\/actualidad\/#\/schema\/logo\/image\/"},"sameAs":["https:\/\/www.facebook.com\/laguiadepamplonacom-133175176762273\/?ref=hl","https:\/\/x.com\/LaGuiadPamplona","https:\/\/www.instagram.com\/la_guia_de_pamplona\/","https:\/\/www.youtube.com\/user\/laguiadepamplona"]},{"@type":"Person","@id":"https:\/\/www.laguiadepamplona.com\/actualidad\/#\/schema\/person\/efe887376f0213d4657c93adc50b1fdb","name":"La Gu\u00eda de Pamplona","image":{"@type":"ImageObject","inLanguage":"es","@id":"https:\/\/secure.gravatar.com\/avatar\/b6992f131dc8d30ab0dff15446e9d346d9dbd95992de0fef795073f5ea83a81c?s=96&d=mm&r=g","url":"https:\/\/secure.gravatar.com\/avatar\/b6992f131dc8d30ab0dff15446e9d346d9dbd95992de0fef795073f5ea83a81c?s=96&d=mm&r=g","contentUrl":"https:\/\/secure.gravatar.com\/avatar\/b6992f131dc8d30ab0dff15446e9d346d9dbd95992de0fef795073f5ea83a81c?s=96&d=mm&r=g","caption":"La Gu\u00eda de Pamplona"}}]}},"post_mailing_queue_ids":[],"_links":{"self":[{"href":"https:\/\/www.laguiadepamplona.com\/actualidad\/wp-json\/wp\/v2\/posts\/7779","targetHints":{"allow":["GET"]}}],"collection":[{"href":"https:\/\/www.laguiadepamplona.com\/actualidad\/wp-json\/wp\/v2\/posts"}],"about":[{"href":"https:\/\/www.laguiadepamplona.com\/actualidad\/wp-json\/wp\/v2\/types\/post"}],"author":[{"embeddable":true,"href":"https:\/\/www.laguiadepamplona.com\/actualidad\/wp-json\/wp\/v2\/users\/1"}],"replies":[{"embeddable":true,"href":"https:\/\/www.laguiadepamplona.com\/actualidad\/wp-json\/wp\/v2\/comments?post=7779"}],"version-history":[{"count":0,"href":"https:\/\/www.laguiadepamplona.com\/actualidad\/wp-json\/wp\/v2\/posts\/7779\/revisions"}],"wp:featuredmedia":[{"embeddable":true,"href":"https:\/\/www.laguiadepamplona.com\/actualidad\/wp-json\/"}],"wp:attachment":[{"href":"https:\/\/www.laguiadepamplona.com\/actualidad\/wp-json\/wp\/v2\/media?parent=7779"}],"wp:term":[{"taxonomy":"category","embeddable":true,"href":"https:\/\/www.laguiadepamplona.com\/actualidad\/wp-json\/wp\/v2\/categories?post=7779"},{"taxonomy":"post_tag","embeddable":true,"href":"https:\/\/www.laguiadepamplona.com\/actualidad\/wp-json\/wp\/v2\/tags?post=7779"}],"curies":[{"name":"wp","href":"https:\/\/api.w.org\/{rel}","templated":true}]}}