{"id":7545,"date":"2015-10-19T13:02:21","date_gmt":"2015-10-19T11:02:21","guid":{"rendered":"http:\/\/laguiadepamplona.com\/actualidad\/?p=7545"},"modified":"2015-10-19T13:02:21","modified_gmt":"2015-10-19T11:02:21","slug":"cuatro-personas-detenidas-la-semana-pasada-por-conducir-bajo-los-efectos-del-alcohol-o-las-drogas","status":"publish","type":"post","link":"https:\/\/www.laguiadepamplona.com\/actualidad\/cuatro-personas-detenidas-la-semana-pasada-por-conducir-bajo-los-efectos-del-alcohol-o-las-drogas\/","title":{"rendered":"Cuatro personas detenidas la semana pasada por conducir bajo los efectos del alcohol o las drogas"},"content":{"rendered":"<h4 class=\"western\" lang=\"es-ES\">La Polic\u00eda Municipal denunci\u00f3 por v\u00eda administrativa durante la semana a otras 21 personas<\/h4>\n<p lang=\"es-ES\"><span style=\"font-family: Arial,sans-serif;\"><a href=\"http:\/\/laguiadepamplona.com\/actualidad\/wp-content\/uploads\/2014\/06\/polic\u00eda-municipal-pamplona.jpg\"><img loading=\"lazy\" decoding=\"async\" class=\"alignleft size-thumbnail wp-image-1986\" src=\"http:\/\/laguiadepamplona.com\/actualidad\/wp-content\/uploads\/2014\/06\/polic\u00eda-municipal-pamplona-150x150.jpg\" alt=\"polic\u00eda-municipal-pamplona\" width=\"150\" height=\"150\" \/><\/a>La Polic\u00eda Municipal de Pamplona detuvo la semana pasada a cuatro personas como presuntas autoras de diferentes delitos contra el tr\u00e1fico y la seguridad vial en la ciudad. Tres personas dieron positivo en controles de alcoholemia y una conduc\u00eda bajo los efectos de sustancias estupefacientes, adem\u00e1s de tener el carn\u00e9 caducado. <\/span><\/p>\n<p lang=\"es-ES\"><span style=\"font-family: Arial,sans-serif;\">El lunes se detuvo a dos personas por etilometr\u00eda positiva y el viernes a una persona m\u00e1s. El domingo tuvo lugar el arresto de una personas que dio positivo en un control de sustancias estupefacientes y que hab\u00eda perdido la vigencia de su carn\u00e9 de conducir al no tener ya puntos. <\/span><\/p>\n<p lang=\"es-ES\"><span style=\"font-family: Arial,sans-serif;\">Adem\u00e1s, la Polic\u00eda Municipal de Pamplona denunci\u00f3 por v\u00eda administrativa entre el lunes y el domingo a otras 21 personas. De ellas, 20 dieron positivo en controles de alcoholemia y una conduc\u00eda bajo los efectos de sustancias estupefacientes, sin llegar en ning\u00fan caso a tasas constitutivas de delito. El viernes la polic\u00eda sancion\u00f3 a nueve personas por etilometr\u00eda positiva y a una por drogas; el domingo a otras cinco personas por mezclar alcohol y conducci\u00f3n; el lunes y el martes a dos personas m\u00e1s cada d\u00eda tambi\u00e9n por alcohol; y a una m\u00e1s el mi\u00e9rcoles y a otra el s\u00e1bado por positivo en alcohol.<\/span><\/p>\n","protected":false},"excerpt":{"rendered":"<p>La Polic\u00eda Municipal denunci\u00f3 por v\u00eda administrativa durante la semana a otras 21 personas La Polic\u00eda Municipal de Pamplona detuvo la semana pasada a cuatro personas como presuntas autoras de&#8230;<\/p>\n","protected":false},"author":1,"featured_media":1986,"comment_status":"closed","ping_status":"closed","sticky":false,"template":"","format":"standard","meta":{"footnotes":""},"categories":[2],"tags":[5,388,6,509,2442,1151,443,389,1390,8,9,5874,900,6753],"class_list":["post-7545","post","type-post","status-publish","format-standard","has-post-thumbnail","hentry","category-ayuntamiento-pamplona","tag-actualidad","tag-alcohol","tag-ayto-pamplona","tag-ayuntamiento-de-pamplona","tag-bajo","tag-conducir","tag-detenidas","tag-drogas","tag-efectos","tag-noticias","tag-pamplona","tag-pasada","tag-personas","tag-semanas"],"yoast_head":"<!-- This site is optimized with the Yoast SEO plugin v27.5 - https:\/\/yoast.com\/product\/yoast-seo-wordpress\/ -->\n<title>Cuatro personas detenidas la semana pasada por conducir bajo los efectos del alcohol o las drogas<\/title>\n<meta name=\"robots\" content=\"index, follow, max-snippet:-1, max-image-preview:large, max-video-preview:-1\" \/>\n<link rel=\"canonical\" href=\"https:\/\/www.laguiadepamplona.com\/actualidad\/cuatro-personas-detenidas-la-semana-pasada-por-conducir-bajo-los-efectos-del-alcohol-o-las-drogas\/\" \/>\n<meta property=\"og:locale\" content=\"es_ES\" \/>\n<meta property=\"og:type\" content=\"article\" \/>\n<meta property=\"og:title\" content=\"Cuatro personas detenidas la semana pasada por conducir bajo los efectos del alcohol o las drogas\" \/>\n<meta property=\"og:description\" content=\"La Polic\u00eda Municipal denunci\u00f3 por v\u00eda administrativa durante la semana a otras 21 personas La Polic\u00eda Municipal de Pamplona detuvo la semana pasada a cuatro personas como presuntas autoras de...\" \/>\n<meta property=\"og:url\" content=\"https:\/\/www.laguiadepamplona.com\/actualidad\/cuatro-personas-detenidas-la-semana-pasada-por-conducir-bajo-los-efectos-del-alcohol-o-las-drogas\/\" \/>\n<meta property=\"og:site_name\" content=\"La Gu\u00eda de Pamplona\" \/>\n<meta property=\"article:publisher\" content=\"https:\/\/www.facebook.com\/laguiadepamplonacom-133175176762273\/?ref=hl\" \/>\n<meta property=\"article:published_time\" content=\"2015-10-19T11:02:21+00:00\" \/>\n<meta name=\"author\" content=\"La Gu\u00eda de Pamplona\" \/>\n<meta name=\"twitter:card\" content=\"summary_large_image\" \/>\n<meta name=\"twitter:creator\" content=\"@LaGuiadPamplona\" \/>\n<meta name=\"twitter:site\" content=\"@LaGuiadPamplona\" \/>\n<meta name=\"twitter:label1\" content=\"Escrito por\" \/>\n\t<meta name=\"twitter:data1\" content=\"La Gu\u00eda de Pamplona\" \/>\n\t<meta name=\"twitter:label2\" content=\"Tiempo de lectura\" \/>\n\t<meta name=\"twitter:data2\" content=\"1 minuto\" \/>\n<script type=\"application\/ld+json\" class=\"yoast-schema-graph\">{\"@context\":\"https:\\\/\\\/schema.org\",\"@graph\":[{\"@type\":\"Article\",\"@id\":\"https:\\\/\\\/www.laguiadepamplona.com\\\/actualidad\\\/cuatro-personas-detenidas-la-semana-pasada-por-conducir-bajo-los-efectos-del-alcohol-o-las-drogas\\\/#article\",\"isPartOf\":{\"@id\":\"https:\\\/\\\/www.laguiadepamplona.com\\\/actualidad\\\/cuatro-personas-detenidas-la-semana-pasada-por-conducir-bajo-los-efectos-del-alcohol-o-las-drogas\\\/\"},\"author\":{\"name\":\"La Gu\u00eda de Pamplona\",\"@id\":\"https:\\\/\\\/www.laguiadepamplona.com\\\/actualidad\\\/#\\\/schema\\\/person\\\/efe887376f0213d4657c93adc50b1fdb\"},\"headline\":\"Cuatro personas detenidas la semana pasada por conducir bajo los efectos del alcohol o las drogas\",\"datePublished\":\"2015-10-19T11:02:21+00:00\",\"mainEntityOfPage\":{\"@id\":\"https:\\\/\\\/www.laguiadepamplona.com\\\/actualidad\\\/cuatro-personas-detenidas-la-semana-pasada-por-conducir-bajo-los-efectos-del-alcohol-o-las-drogas\\\/\"},\"wordCount\":256,\"publisher\":{\"@id\":\"https:\\\/\\\/www.laguiadepamplona.com\\\/actualidad\\\/#organization\"},\"image\":{\"@id\":\"https:\\\/\\\/www.laguiadepamplona.com\\\/actualidad\\\/cuatro-personas-detenidas-la-semana-pasada-por-conducir-bajo-los-efectos-del-alcohol-o-las-drogas\\\/#primaryimage\"},\"thumbnailUrl\":\"\",\"keywords\":[\"actualidad\",\"alcohol\",\"ayto pamplona\",\"Ayuntamiento de Pamplona\",\"bajo\",\"conducir\",\"detenidas\",\"drogas\",\"efectos\",\"noticias\",\"pamplona\",\"pasada\",\"personas\",\"semanas\"],\"articleSection\":[\"Ayto Pamplona\"],\"inLanguage\":\"es\"},{\"@type\":\"WebPage\",\"@id\":\"https:\\\/\\\/www.laguiadepamplona.com\\\/actualidad\\\/cuatro-personas-detenidas-la-semana-pasada-por-conducir-bajo-los-efectos-del-alcohol-o-las-drogas\\\/\",\"url\":\"https:\\\/\\\/www.laguiadepamplona.com\\\/actualidad\\\/cuatro-personas-detenidas-la-semana-pasada-por-conducir-bajo-los-efectos-del-alcohol-o-las-drogas\\\/\",\"name\":\"Cuatro personas detenidas la semana pasada por conducir bajo los efectos del alcohol o las drogas\",\"isPartOf\":{\"@id\":\"https:\\\/\\\/www.laguiadepamplona.com\\\/actualidad\\\/#website\"},\"primaryImageOfPage\":{\"@id\":\"https:\\\/\\\/www.laguiadepamplona.com\\\/actualidad\\\/cuatro-personas-detenidas-la-semana-pasada-por-conducir-bajo-los-efectos-del-alcohol-o-las-drogas\\\/#primaryimage\"},\"image\":{\"@id\":\"https:\\\/\\\/www.laguiadepamplona.com\\\/actualidad\\\/cuatro-personas-detenidas-la-semana-pasada-por-conducir-bajo-los-efectos-del-alcohol-o-las-drogas\\\/#primaryimage\"},\"thumbnailUrl\":\"\",\"datePublished\":\"2015-10-19T11:02:21+00:00\",\"breadcrumb\":{\"@id\":\"https:\\\/\\\/www.laguiadepamplona.com\\\/actualidad\\\/cuatro-personas-detenidas-la-semana-pasada-por-conducir-bajo-los-efectos-del-alcohol-o-las-drogas\\\/#breadcrumb\"},\"inLanguage\":\"es\",\"potentialAction\":[{\"@type\":\"ReadAction\",\"target\":[\"https:\\\/\\\/www.laguiadepamplona.com\\\/actualidad\\\/cuatro-personas-detenidas-la-semana-pasada-por-conducir-bajo-los-efectos-del-alcohol-o-las-drogas\\\/\"]}]},{\"@type\":\"ImageObject\",\"inLanguage\":\"es\",\"@id\":\"https:\\\/\\\/www.laguiadepamplona.com\\\/actualidad\\\/cuatro-personas-detenidas-la-semana-pasada-por-conducir-bajo-los-efectos-del-alcohol-o-las-drogas\\\/#primaryimage\",\"url\":\"\",\"contentUrl\":\"\"},{\"@type\":\"BreadcrumbList\",\"@id\":\"https:\\\/\\\/www.laguiadepamplona.com\\\/actualidad\\\/cuatro-personas-detenidas-la-semana-pasada-por-conducir-bajo-los-efectos-del-alcohol-o-las-drogas\\\/#breadcrumb\",\"itemListElement\":[{\"@type\":\"ListItem\",\"position\":1,\"name\":\"Portada\",\"item\":\"https:\\\/\\\/www.laguiadepamplona.com\\\/actualidad\\\/\"},{\"@type\":\"ListItem\",\"position\":2,\"name\":\"Cuatro personas detenidas la semana pasada por conducir bajo los efectos del alcohol o las drogas\"}]},{\"@type\":\"WebSite\",\"@id\":\"https:\\\/\\\/www.laguiadepamplona.com\\\/actualidad\\\/#website\",\"url\":\"https:\\\/\\\/www.laguiadepamplona.com\\\/actualidad\\\/\",\"name\":\"La gu\u00eda de Pamplona\",\"description\":\"Noticias de Pamplona\",\"publisher\":{\"@id\":\"https:\\\/\\\/www.laguiadepamplona.com\\\/actualidad\\\/#organization\"},\"potentialAction\":[{\"@type\":\"SearchAction\",\"target\":{\"@type\":\"EntryPoint\",\"urlTemplate\":\"https:\\\/\\\/www.laguiadepamplona.com\\\/actualidad\\\/?s={search_term_string}\"},\"query-input\":{\"@type\":\"PropertyValueSpecification\",\"valueRequired\":true,\"valueName\":\"search_term_string\"}}],\"inLanguage\":\"es\"},{\"@type\":\"Organization\",\"@id\":\"https:\\\/\\\/www.laguiadepamplona.com\\\/actualidad\\\/#organization\",\"name\":\"La Gu\u00eda de Pamplona \\\/ Noticias\",\"url\":\"https:\\\/\\\/www.laguiadepamplona.com\\\/actualidad\\\/\",\"logo\":{\"@type\":\"ImageObject\",\"inLanguage\":\"es\",\"@id\":\"https:\\\/\\\/www.laguiadepamplona.com\\\/actualidad\\\/#\\\/schema\\\/logo\\\/image\\\/\",\"url\":\"https:\\\/\\\/www.laguiadepamplona.com\\\/actualidad\\\/wp-content\\\/uploads\\\/2018\\\/11\\\/logo-laguiadepamplona18-web1.png\",\"contentUrl\":\"https:\\\/\\\/www.laguiadepamplona.com\\\/actualidad\\\/wp-content\\\/uploads\\\/2018\\\/11\\\/logo-laguiadepamplona18-web1.png\",\"width\":600,\"height\":196,\"caption\":\"La Gu\u00eda de Pamplona \\\/ Noticias\"},\"image\":{\"@id\":\"https:\\\/\\\/www.laguiadepamplona.com\\\/actualidad\\\/#\\\/schema\\\/logo\\\/image\\\/\"},\"sameAs\":[\"https:\\\/\\\/www.facebook.com\\\/laguiadepamplonacom-133175176762273\\\/?ref=hl\",\"https:\\\/\\\/x.com\\\/LaGuiadPamplona\",\"https:\\\/\\\/www.instagram.com\\\/la_guia_de_pamplona\\\/\",\"https:\\\/\\\/www.youtube.com\\\/user\\\/laguiadepamplona\"]},{\"@type\":\"Person\",\"@id\":\"https:\\\/\\\/www.laguiadepamplona.com\\\/actualidad\\\/#\\\/schema\\\/person\\\/efe887376f0213d4657c93adc50b1fdb\",\"name\":\"La Gu\u00eda de Pamplona\",\"image\":{\"@type\":\"ImageObject\",\"inLanguage\":\"es\",\"@id\":\"https:\\\/\\\/secure.gravatar.com\\\/avatar\\\/b6992f131dc8d30ab0dff15446e9d346d9dbd95992de0fef795073f5ea83a81c?s=96&d=mm&r=g\",\"url\":\"https:\\\/\\\/secure.gravatar.com\\\/avatar\\\/b6992f131dc8d30ab0dff15446e9d346d9dbd95992de0fef795073f5ea83a81c?s=96&d=mm&r=g\",\"contentUrl\":\"https:\\\/\\\/secure.gravatar.com\\\/avatar\\\/b6992f131dc8d30ab0dff15446e9d346d9dbd95992de0fef795073f5ea83a81c?s=96&d=mm&r=g\",\"caption\":\"La Gu\u00eda de Pamplona\"}}]}<\/script>\n<!-- \/ Yoast SEO plugin. -->","yoast_head_json":{"title":"Cuatro personas detenidas la semana pasada por conducir bajo los efectos del alcohol o las drogas","robots":{"index":"index","follow":"follow","max-snippet":"max-snippet:-1","max-image-preview":"max-image-preview:large","max-video-preview":"max-video-preview:-1"},"canonical":"https:\/\/www.laguiadepamplona.com\/actualidad\/cuatro-personas-detenidas-la-semana-pasada-por-conducir-bajo-los-efectos-del-alcohol-o-las-drogas\/","og_locale":"es_ES","og_type":"article","og_title":"Cuatro personas detenidas la semana pasada por conducir bajo los efectos del alcohol o las drogas","og_description":"La Polic\u00eda Municipal denunci\u00f3 por v\u00eda administrativa durante la semana a otras 21 personas La Polic\u00eda Municipal de Pamplona detuvo la semana pasada a cuatro personas como presuntas autoras de...","og_url":"https:\/\/www.laguiadepamplona.com\/actualidad\/cuatro-personas-detenidas-la-semana-pasada-por-conducir-bajo-los-efectos-del-alcohol-o-las-drogas\/","og_site_name":"La Gu\u00eda de Pamplona","article_publisher":"https:\/\/www.facebook.com\/laguiadepamplonacom-133175176762273\/?ref=hl","article_published_time":"2015-10-19T11:02:21+00:00","author":"La Gu\u00eda de Pamplona","twitter_card":"summary_large_image","twitter_creator":"@LaGuiadPamplona","twitter_site":"@LaGuiadPamplona","twitter_misc":{"Escrito por":"La Gu\u00eda de Pamplona","Tiempo de lectura":"1 minuto"},"schema":{"@context":"https:\/\/schema.org","@graph":[{"@type":"Article","@id":"https:\/\/www.laguiadepamplona.com\/actualidad\/cuatro-personas-detenidas-la-semana-pasada-por-conducir-bajo-los-efectos-del-alcohol-o-las-drogas\/#article","isPartOf":{"@id":"https:\/\/www.laguiadepamplona.com\/actualidad\/cuatro-personas-detenidas-la-semana-pasada-por-conducir-bajo-los-efectos-del-alcohol-o-las-drogas\/"},"author":{"name":"La Gu\u00eda de Pamplona","@id":"https:\/\/www.laguiadepamplona.com\/actualidad\/#\/schema\/person\/efe887376f0213d4657c93adc50b1fdb"},"headline":"Cuatro personas detenidas la semana pasada por conducir bajo los efectos del alcohol o las drogas","datePublished":"2015-10-19T11:02:21+00:00","mainEntityOfPage":{"@id":"https:\/\/www.laguiadepamplona.com\/actualidad\/cuatro-personas-detenidas-la-semana-pasada-por-conducir-bajo-los-efectos-del-alcohol-o-las-drogas\/"},"wordCount":256,"publisher":{"@id":"https:\/\/www.laguiadepamplona.com\/actualidad\/#organization"},"image":{"@id":"https:\/\/www.laguiadepamplona.com\/actualidad\/cuatro-personas-detenidas-la-semana-pasada-por-conducir-bajo-los-efectos-del-alcohol-o-las-drogas\/#primaryimage"},"thumbnailUrl":"","keywords":["actualidad","alcohol","ayto pamplona","Ayuntamiento de Pamplona","bajo","conducir","detenidas","drogas","efectos","noticias","pamplona","pasada","personas","semanas"],"articleSection":["Ayto Pamplona"],"inLanguage":"es"},{"@type":"WebPage","@id":"https:\/\/www.laguiadepamplona.com\/actualidad\/cuatro-personas-detenidas-la-semana-pasada-por-conducir-bajo-los-efectos-del-alcohol-o-las-drogas\/","url":"https:\/\/www.laguiadepamplona.com\/actualidad\/cuatro-personas-detenidas-la-semana-pasada-por-conducir-bajo-los-efectos-del-alcohol-o-las-drogas\/","name":"Cuatro personas detenidas la semana pasada por conducir bajo los efectos del alcohol o las drogas","isPartOf":{"@id":"https:\/\/www.laguiadepamplona.com\/actualidad\/#website"},"primaryImageOfPage":{"@id":"https:\/\/www.laguiadepamplona.com\/actualidad\/cuatro-personas-detenidas-la-semana-pasada-por-conducir-bajo-los-efectos-del-alcohol-o-las-drogas\/#primaryimage"},"image":{"@id":"https:\/\/www.laguiadepamplona.com\/actualidad\/cuatro-personas-detenidas-la-semana-pasada-por-conducir-bajo-los-efectos-del-alcohol-o-las-drogas\/#primaryimage"},"thumbnailUrl":"","datePublished":"2015-10-19T11:02:21+00:00","breadcrumb":{"@id":"https:\/\/www.laguiadepamplona.com\/actualidad\/cuatro-personas-detenidas-la-semana-pasada-por-conducir-bajo-los-efectos-del-alcohol-o-las-drogas\/#breadcrumb"},"inLanguage":"es","potentialAction":[{"@type":"ReadAction","target":["https:\/\/www.laguiadepamplona.com\/actualidad\/cuatro-personas-detenidas-la-semana-pasada-por-conducir-bajo-los-efectos-del-alcohol-o-las-drogas\/"]}]},{"@type":"ImageObject","inLanguage":"es","@id":"https:\/\/www.laguiadepamplona.com\/actualidad\/cuatro-personas-detenidas-la-semana-pasada-por-conducir-bajo-los-efectos-del-alcohol-o-las-drogas\/#primaryimage","url":"","contentUrl":""},{"@type":"BreadcrumbList","@id":"https:\/\/www.laguiadepamplona.com\/actualidad\/cuatro-personas-detenidas-la-semana-pasada-por-conducir-bajo-los-efectos-del-alcohol-o-las-drogas\/#breadcrumb","itemListElement":[{"@type":"ListItem","position":1,"name":"Portada","item":"https:\/\/www.laguiadepamplona.com\/actualidad\/"},{"@type":"ListItem","position":2,"name":"Cuatro personas detenidas la semana pasada por conducir bajo los efectos del alcohol o las drogas"}]},{"@type":"WebSite","@id":"https:\/\/www.laguiadepamplona.com\/actualidad\/#website","url":"https:\/\/www.laguiadepamplona.com\/actualidad\/","name":"La gu\u00eda de Pamplona","description":"Noticias de Pamplona","publisher":{"@id":"https:\/\/www.laguiadepamplona.com\/actualidad\/#organization"},"potentialAction":[{"@type":"SearchAction","target":{"@type":"EntryPoint","urlTemplate":"https:\/\/www.laguiadepamplona.com\/actualidad\/?s={search_term_string}"},"query-input":{"@type":"PropertyValueSpecification","valueRequired":true,"valueName":"search_term_string"}}],"inLanguage":"es"},{"@type":"Organization","@id":"https:\/\/www.laguiadepamplona.com\/actualidad\/#organization","name":"La Gu\u00eda de Pamplona \/ Noticias","url":"https:\/\/www.laguiadepamplona.com\/actualidad\/","logo":{"@type":"ImageObject","inLanguage":"es","@id":"https:\/\/www.laguiadepamplona.com\/actualidad\/#\/schema\/logo\/image\/","url":"https:\/\/www.laguiadepamplona.com\/actualidad\/wp-content\/uploads\/2018\/11\/logo-laguiadepamplona18-web1.png","contentUrl":"https:\/\/www.laguiadepamplona.com\/actualidad\/wp-content\/uploads\/2018\/11\/logo-laguiadepamplona18-web1.png","width":600,"height":196,"caption":"La Gu\u00eda de Pamplona \/ Noticias"},"image":{"@id":"https:\/\/www.laguiadepamplona.com\/actualidad\/#\/schema\/logo\/image\/"},"sameAs":["https:\/\/www.facebook.com\/laguiadepamplonacom-133175176762273\/?ref=hl","https:\/\/x.com\/LaGuiadPamplona","https:\/\/www.instagram.com\/la_guia_de_pamplona\/","https:\/\/www.youtube.com\/user\/laguiadepamplona"]},{"@type":"Person","@id":"https:\/\/www.laguiadepamplona.com\/actualidad\/#\/schema\/person\/efe887376f0213d4657c93adc50b1fdb","name":"La Gu\u00eda de Pamplona","image":{"@type":"ImageObject","inLanguage":"es","@id":"https:\/\/secure.gravatar.com\/avatar\/b6992f131dc8d30ab0dff15446e9d346d9dbd95992de0fef795073f5ea83a81c?s=96&d=mm&r=g","url":"https:\/\/secure.gravatar.com\/avatar\/b6992f131dc8d30ab0dff15446e9d346d9dbd95992de0fef795073f5ea83a81c?s=96&d=mm&r=g","contentUrl":"https:\/\/secure.gravatar.com\/avatar\/b6992f131dc8d30ab0dff15446e9d346d9dbd95992de0fef795073f5ea83a81c?s=96&d=mm&r=g","caption":"La Gu\u00eda de Pamplona"}}]}},"post_mailing_queue_ids":[],"_links":{"self":[{"href":"https:\/\/www.laguiadepamplona.com\/actualidad\/wp-json\/wp\/v2\/posts\/7545","targetHints":{"allow":["GET"]}}],"collection":[{"href":"https:\/\/www.laguiadepamplona.com\/actualidad\/wp-json\/wp\/v2\/posts"}],"about":[{"href":"https:\/\/www.laguiadepamplona.com\/actualidad\/wp-json\/wp\/v2\/types\/post"}],"author":[{"embeddable":true,"href":"https:\/\/www.laguiadepamplona.com\/actualidad\/wp-json\/wp\/v2\/users\/1"}],"replies":[{"embeddable":true,"href":"https:\/\/www.laguiadepamplona.com\/actualidad\/wp-json\/wp\/v2\/comments?post=7545"}],"version-history":[{"count":0,"href":"https:\/\/www.laguiadepamplona.com\/actualidad\/wp-json\/wp\/v2\/posts\/7545\/revisions"}],"wp:featuredmedia":[{"embeddable":true,"href":"https:\/\/www.laguiadepamplona.com\/actualidad\/wp-json\/"}],"wp:attachment":[{"href":"https:\/\/www.laguiadepamplona.com\/actualidad\/wp-json\/wp\/v2\/media?parent=7545"}],"wp:term":[{"taxonomy":"category","embeddable":true,"href":"https:\/\/www.laguiadepamplona.com\/actualidad\/wp-json\/wp\/v2\/categories?post=7545"},{"taxonomy":"post_tag","embeddable":true,"href":"https:\/\/www.laguiadepamplona.com\/actualidad\/wp-json\/wp\/v2\/tags?post=7545"}],"curies":[{"name":"wp","href":"https:\/\/api.w.org\/{rel}","templated":true}]}}