{"id":7459,"date":"2015-10-08T12:53:28","date_gmt":"2015-10-08T10:53:28","guid":{"rendered":"http:\/\/laguiadepamplona.com\/actualidad\/?p=7459"},"modified":"2015-10-08T12:53:28","modified_gmt":"2015-10-08T10:53:28","slug":"iniciada-una-pequena-campana-de-reparacion-de-pavimentos-en-las-calzadas-de-nueve-calles-de-la-ciudad","status":"publish","type":"post","link":"https:\/\/www.laguiadepamplona.com\/actualidad\/iniciada-una-pequena-campana-de-reparacion-de-pavimentos-en-las-calzadas-de-nueve-calles-de-la-ciudad\/","title":{"rendered":"Iniciada una peque\u00f1a campa\u00f1a de reparaci\u00f3n de pavimentos en las calzadas de nueve calles de la ciudad"},"content":{"rendered":"<h4 class=\"western\" lang=\"es-ES\">Los trabajos han comenzado esta misma ma\u00f1ana en la avenida de San Ignacio y se prolongar\u00e1n en distintas v\u00edas en las pr\u00f3ximas semanas<\/h4>\n<p lang=\"es-ES\"><span style=\"font-family: Arial,sans-serif;\"><a href=\"http:\/\/laguiadepamplona.com\/actualidad\/wp-content\/uploads\/2014\/06\/Ayto_Pamplona.jpg\"><img loading=\"lazy\" decoding=\"async\" class=\"alignleft size-medium wp-image-2063\" src=\"http:\/\/laguiadepamplona.com\/actualidad\/wp-content\/uploads\/2014\/06\/Ayto_Pamplona-300x225.jpg\" alt=\"Ayto_Pamplona\" width=\"300\" height=\"225\" \/><\/a>El Ayuntamiento de Pamplona ha iniciado una peque\u00f1a campa\u00f1a de reparaciones en las calzadas de nueve calles de la ciudad que se llevar\u00e1 a cabo desde esta misma semana. El presupuesto de estos trabajos asciende a 108.000 euros, que se sufragar\u00e1n con cargo a la contrata de conservaci\u00f3n de pavimentos.<\/span><\/p>\n<p lang=\"es-ES\"><span style=\"font-family: Arial,sans-serif;\">Los trabajos han comenzado hoy mismo en la avenida de San Ignacio, con la ejecuci\u00f3n de saneos en la calzada, que pueden afectar al tr\u00e1fico en la zona. En pr\u00f3ximas fechas, estas labores de reparaci\u00f3n del pavimento se llevar\u00e1n a cabo en la carretera de Badost\u00e1in; en la avenida de Gipuzkoa, tanto en la zona del puente de las Oblatas como en la zona de Cuatrovientos; en la calle Mar\u00eda Auxiliadora frente al centro de salud; en la calle Juan de Tarazona; en la calle Ermitaga\u00f1a; en la avenida de Pamplona; en la confluencia de la avenida de Bara\u00f1\u00e1in con Sancho Ram\u00edrez; y en la rotonda de acceso al pol\u00edgono de Agustinos, junto al centro comercial Makro.<\/span><\/p>\n<p lang=\"es-ES\"><span style=\"font-family: Arial,sans-serif;\">Se realizar\u00e1n labores de reparaci\u00f3n y de eliminaci\u00f3n de saneos puntuales. Son trabajos que pueden repercutir en el tr\u00e1fico y la circulaci\u00f3n, en cuyo caso se se\u00f1alizar\u00e1 y se adecuar\u00e1n recorridos alternativos, pero que no se incorporan a las habituales campa\u00f1as de asfaltado, ya que cada reparaci\u00f3n afecta a poca superficie en metros cuadrados.<\/span><\/p>\n<p lang=\"es-ES\">\n","protected":false},"excerpt":{"rendered":"<p>Los trabajos han comenzado esta misma ma\u00f1ana en la avenida de San Ignacio y se prolongar\u00e1n en distintas v\u00edas en las pr\u00f3ximas semanas El Ayuntamiento de Pamplona ha iniciado una&#8230;<\/p>\n","protected":false},"author":1,"featured_media":2063,"comment_status":"closed","ping_status":"closed","sticky":false,"template":"","format":"standard","meta":{"footnotes":""},"categories":[2],"tags":[5,6,509,2200,6678,1152,1270,8,9,3792,5944],"class_list":["post-7459","post","type-post","status-publish","format-standard","has-post-thumbnail","hentry","category-ayuntamiento-pamplona","tag-actualidad","tag-ayto-pamplona","tag-ayuntamiento-de-pamplona","tag-calles","tag-calzadas","tag-campana","tag-ciudad","tag-noticias","tag-pamplona","tag-pavimentos","tag-reparacion"],"yoast_head":"<!-- This site is optimized with the Yoast SEO plugin v27.5 - https:\/\/yoast.com\/product\/yoast-seo-wordpress\/ -->\n<title>Iniciada una peque\u00f1a campa\u00f1a de reparaci\u00f3n de pavimentos en las calzadas de nueve calles de la ciudad<\/title>\n<meta name=\"robots\" content=\"index, follow, max-snippet:-1, max-image-preview:large, max-video-preview:-1\" \/>\n<link rel=\"canonical\" href=\"https:\/\/www.laguiadepamplona.com\/actualidad\/iniciada-una-pequena-campana-de-reparacion-de-pavimentos-en-las-calzadas-de-nueve-calles-de-la-ciudad\/\" \/>\n<meta property=\"og:locale\" content=\"es_ES\" \/>\n<meta property=\"og:type\" content=\"article\" \/>\n<meta property=\"og:title\" content=\"Iniciada una peque\u00f1a campa\u00f1a de reparaci\u00f3n de pavimentos en las calzadas de nueve calles de la ciudad\" \/>\n<meta property=\"og:description\" content=\"Los trabajos han comenzado esta misma ma\u00f1ana en la avenida de San Ignacio y se prolongar\u00e1n en distintas v\u00edas en las pr\u00f3ximas semanas El Ayuntamiento de Pamplona ha iniciado una...\" \/>\n<meta property=\"og:url\" content=\"https:\/\/www.laguiadepamplona.com\/actualidad\/iniciada-una-pequena-campana-de-reparacion-de-pavimentos-en-las-calzadas-de-nueve-calles-de-la-ciudad\/\" \/>\n<meta property=\"og:site_name\" content=\"La Gu\u00eda de Pamplona\" \/>\n<meta property=\"article:publisher\" content=\"https:\/\/www.facebook.com\/laguiadepamplonacom-133175176762273\/?ref=hl\" \/>\n<meta property=\"article:published_time\" content=\"2015-10-08T10:53:28+00:00\" \/>\n<meta name=\"author\" content=\"La Gu\u00eda de Pamplona\" \/>\n<meta name=\"twitter:card\" content=\"summary_large_image\" \/>\n<meta name=\"twitter:creator\" content=\"@LaGuiadPamplona\" \/>\n<meta name=\"twitter:site\" content=\"@LaGuiadPamplona\" \/>\n<meta name=\"twitter:label1\" content=\"Escrito por\" \/>\n\t<meta name=\"twitter:data1\" content=\"La Gu\u00eda de Pamplona\" \/>\n\t<meta name=\"twitter:label2\" content=\"Tiempo de lectura\" \/>\n\t<meta name=\"twitter:data2\" content=\"1 minuto\" \/>\n<script type=\"application\/ld+json\" class=\"yoast-schema-graph\">{\"@context\":\"https:\\\/\\\/schema.org\",\"@graph\":[{\"@type\":\"Article\",\"@id\":\"https:\\\/\\\/www.laguiadepamplona.com\\\/actualidad\\\/iniciada-una-pequena-campana-de-reparacion-de-pavimentos-en-las-calzadas-de-nueve-calles-de-la-ciudad\\\/#article\",\"isPartOf\":{\"@id\":\"https:\\\/\\\/www.laguiadepamplona.com\\\/actualidad\\\/iniciada-una-pequena-campana-de-reparacion-de-pavimentos-en-las-calzadas-de-nueve-calles-de-la-ciudad\\\/\"},\"author\":{\"name\":\"La Gu\u00eda de Pamplona\",\"@id\":\"https:\\\/\\\/www.laguiadepamplona.com\\\/actualidad\\\/#\\\/schema\\\/person\\\/efe887376f0213d4657c93adc50b1fdb\"},\"headline\":\"Iniciada una peque\u00f1a campa\u00f1a de reparaci\u00f3n de pavimentos en las calzadas de nueve calles de la ciudad\",\"datePublished\":\"2015-10-08T10:53:28+00:00\",\"mainEntityOfPage\":{\"@id\":\"https:\\\/\\\/www.laguiadepamplona.com\\\/actualidad\\\/iniciada-una-pequena-campana-de-reparacion-de-pavimentos-en-las-calzadas-de-nueve-calles-de-la-ciudad\\\/\"},\"wordCount\":291,\"publisher\":{\"@id\":\"https:\\\/\\\/www.laguiadepamplona.com\\\/actualidad\\\/#organization\"},\"image\":{\"@id\":\"https:\\\/\\\/www.laguiadepamplona.com\\\/actualidad\\\/iniciada-una-pequena-campana-de-reparacion-de-pavimentos-en-las-calzadas-de-nueve-calles-de-la-ciudad\\\/#primaryimage\"},\"thumbnailUrl\":\"\",\"keywords\":[\"actualidad\",\"ayto pamplona\",\"Ayuntamiento de Pamplona\",\"calles\",\"calzadas\",\"campa\u00f1a\",\"ciudad\",\"noticias\",\"pamplona\",\"pavimentos\",\"reparaci\u00f3n\"],\"articleSection\":[\"Ayto Pamplona\"],\"inLanguage\":\"es\"},{\"@type\":\"WebPage\",\"@id\":\"https:\\\/\\\/www.laguiadepamplona.com\\\/actualidad\\\/iniciada-una-pequena-campana-de-reparacion-de-pavimentos-en-las-calzadas-de-nueve-calles-de-la-ciudad\\\/\",\"url\":\"https:\\\/\\\/www.laguiadepamplona.com\\\/actualidad\\\/iniciada-una-pequena-campana-de-reparacion-de-pavimentos-en-las-calzadas-de-nueve-calles-de-la-ciudad\\\/\",\"name\":\"Iniciada una peque\u00f1a campa\u00f1a de reparaci\u00f3n de pavimentos en las calzadas de nueve calles de la ciudad\",\"isPartOf\":{\"@id\":\"https:\\\/\\\/www.laguiadepamplona.com\\\/actualidad\\\/#website\"},\"primaryImageOfPage\":{\"@id\":\"https:\\\/\\\/www.laguiadepamplona.com\\\/actualidad\\\/iniciada-una-pequena-campana-de-reparacion-de-pavimentos-en-las-calzadas-de-nueve-calles-de-la-ciudad\\\/#primaryimage\"},\"image\":{\"@id\":\"https:\\\/\\\/www.laguiadepamplona.com\\\/actualidad\\\/iniciada-una-pequena-campana-de-reparacion-de-pavimentos-en-las-calzadas-de-nueve-calles-de-la-ciudad\\\/#primaryimage\"},\"thumbnailUrl\":\"\",\"datePublished\":\"2015-10-08T10:53:28+00:00\",\"breadcrumb\":{\"@id\":\"https:\\\/\\\/www.laguiadepamplona.com\\\/actualidad\\\/iniciada-una-pequena-campana-de-reparacion-de-pavimentos-en-las-calzadas-de-nueve-calles-de-la-ciudad\\\/#breadcrumb\"},\"inLanguage\":\"es\",\"potentialAction\":[{\"@type\":\"ReadAction\",\"target\":[\"https:\\\/\\\/www.laguiadepamplona.com\\\/actualidad\\\/iniciada-una-pequena-campana-de-reparacion-de-pavimentos-en-las-calzadas-de-nueve-calles-de-la-ciudad\\\/\"]}]},{\"@type\":\"ImageObject\",\"inLanguage\":\"es\",\"@id\":\"https:\\\/\\\/www.laguiadepamplona.com\\\/actualidad\\\/iniciada-una-pequena-campana-de-reparacion-de-pavimentos-en-las-calzadas-de-nueve-calles-de-la-ciudad\\\/#primaryimage\",\"url\":\"\",\"contentUrl\":\"\"},{\"@type\":\"BreadcrumbList\",\"@id\":\"https:\\\/\\\/www.laguiadepamplona.com\\\/actualidad\\\/iniciada-una-pequena-campana-de-reparacion-de-pavimentos-en-las-calzadas-de-nueve-calles-de-la-ciudad\\\/#breadcrumb\",\"itemListElement\":[{\"@type\":\"ListItem\",\"position\":1,\"name\":\"Portada\",\"item\":\"https:\\\/\\\/www.laguiadepamplona.com\\\/actualidad\\\/\"},{\"@type\":\"ListItem\",\"position\":2,\"name\":\"Iniciada una peque\u00f1a campa\u00f1a de reparaci\u00f3n de pavimentos en las calzadas de nueve calles de la ciudad\"}]},{\"@type\":\"WebSite\",\"@id\":\"https:\\\/\\\/www.laguiadepamplona.com\\\/actualidad\\\/#website\",\"url\":\"https:\\\/\\\/www.laguiadepamplona.com\\\/actualidad\\\/\",\"name\":\"La gu\u00eda de Pamplona\",\"description\":\"Noticias de Pamplona\",\"publisher\":{\"@id\":\"https:\\\/\\\/www.laguiadepamplona.com\\\/actualidad\\\/#organization\"},\"potentialAction\":[{\"@type\":\"SearchAction\",\"target\":{\"@type\":\"EntryPoint\",\"urlTemplate\":\"https:\\\/\\\/www.laguiadepamplona.com\\\/actualidad\\\/?s={search_term_string}\"},\"query-input\":{\"@type\":\"PropertyValueSpecification\",\"valueRequired\":true,\"valueName\":\"search_term_string\"}}],\"inLanguage\":\"es\"},{\"@type\":\"Organization\",\"@id\":\"https:\\\/\\\/www.laguiadepamplona.com\\\/actualidad\\\/#organization\",\"name\":\"La Gu\u00eda de Pamplona \\\/ Noticias\",\"url\":\"https:\\\/\\\/www.laguiadepamplona.com\\\/actualidad\\\/\",\"logo\":{\"@type\":\"ImageObject\",\"inLanguage\":\"es\",\"@id\":\"https:\\\/\\\/www.laguiadepamplona.com\\\/actualidad\\\/#\\\/schema\\\/logo\\\/image\\\/\",\"url\":\"https:\\\/\\\/www.laguiadepamplona.com\\\/actualidad\\\/wp-content\\\/uploads\\\/2018\\\/11\\\/logo-laguiadepamplona18-web1.png\",\"contentUrl\":\"https:\\\/\\\/www.laguiadepamplona.com\\\/actualidad\\\/wp-content\\\/uploads\\\/2018\\\/11\\\/logo-laguiadepamplona18-web1.png\",\"width\":600,\"height\":196,\"caption\":\"La Gu\u00eda de Pamplona \\\/ Noticias\"},\"image\":{\"@id\":\"https:\\\/\\\/www.laguiadepamplona.com\\\/actualidad\\\/#\\\/schema\\\/logo\\\/image\\\/\"},\"sameAs\":[\"https:\\\/\\\/www.facebook.com\\\/laguiadepamplonacom-133175176762273\\\/?ref=hl\",\"https:\\\/\\\/x.com\\\/LaGuiadPamplona\",\"https:\\\/\\\/www.instagram.com\\\/la_guia_de_pamplona\\\/\",\"https:\\\/\\\/www.youtube.com\\\/user\\\/laguiadepamplona\"]},{\"@type\":\"Person\",\"@id\":\"https:\\\/\\\/www.laguiadepamplona.com\\\/actualidad\\\/#\\\/schema\\\/person\\\/efe887376f0213d4657c93adc50b1fdb\",\"name\":\"La Gu\u00eda de Pamplona\",\"image\":{\"@type\":\"ImageObject\",\"inLanguage\":\"es\",\"@id\":\"https:\\\/\\\/secure.gravatar.com\\\/avatar\\\/b6992f131dc8d30ab0dff15446e9d346d9dbd95992de0fef795073f5ea83a81c?s=96&d=mm&r=g\",\"url\":\"https:\\\/\\\/secure.gravatar.com\\\/avatar\\\/b6992f131dc8d30ab0dff15446e9d346d9dbd95992de0fef795073f5ea83a81c?s=96&d=mm&r=g\",\"contentUrl\":\"https:\\\/\\\/secure.gravatar.com\\\/avatar\\\/b6992f131dc8d30ab0dff15446e9d346d9dbd95992de0fef795073f5ea83a81c?s=96&d=mm&r=g\",\"caption\":\"La Gu\u00eda de Pamplona\"}}]}<\/script>\n<!-- \/ Yoast SEO plugin. -->","yoast_head_json":{"title":"Iniciada una peque\u00f1a campa\u00f1a de reparaci\u00f3n de pavimentos en las calzadas de nueve calles de la ciudad","robots":{"index":"index","follow":"follow","max-snippet":"max-snippet:-1","max-image-preview":"max-image-preview:large","max-video-preview":"max-video-preview:-1"},"canonical":"https:\/\/www.laguiadepamplona.com\/actualidad\/iniciada-una-pequena-campana-de-reparacion-de-pavimentos-en-las-calzadas-de-nueve-calles-de-la-ciudad\/","og_locale":"es_ES","og_type":"article","og_title":"Iniciada una peque\u00f1a campa\u00f1a de reparaci\u00f3n de pavimentos en las calzadas de nueve calles de la ciudad","og_description":"Los trabajos han comenzado esta misma ma\u00f1ana en la avenida de San Ignacio y se prolongar\u00e1n en distintas v\u00edas en las pr\u00f3ximas semanas El Ayuntamiento de Pamplona ha iniciado una...","og_url":"https:\/\/www.laguiadepamplona.com\/actualidad\/iniciada-una-pequena-campana-de-reparacion-de-pavimentos-en-las-calzadas-de-nueve-calles-de-la-ciudad\/","og_site_name":"La Gu\u00eda de Pamplona","article_publisher":"https:\/\/www.facebook.com\/laguiadepamplonacom-133175176762273\/?ref=hl","article_published_time":"2015-10-08T10:53:28+00:00","author":"La Gu\u00eda de Pamplona","twitter_card":"summary_large_image","twitter_creator":"@LaGuiadPamplona","twitter_site":"@LaGuiadPamplona","twitter_misc":{"Escrito por":"La Gu\u00eda de Pamplona","Tiempo de lectura":"1 minuto"},"schema":{"@context":"https:\/\/schema.org","@graph":[{"@type":"Article","@id":"https:\/\/www.laguiadepamplona.com\/actualidad\/iniciada-una-pequena-campana-de-reparacion-de-pavimentos-en-las-calzadas-de-nueve-calles-de-la-ciudad\/#article","isPartOf":{"@id":"https:\/\/www.laguiadepamplona.com\/actualidad\/iniciada-una-pequena-campana-de-reparacion-de-pavimentos-en-las-calzadas-de-nueve-calles-de-la-ciudad\/"},"author":{"name":"La Gu\u00eda de Pamplona","@id":"https:\/\/www.laguiadepamplona.com\/actualidad\/#\/schema\/person\/efe887376f0213d4657c93adc50b1fdb"},"headline":"Iniciada una peque\u00f1a campa\u00f1a de reparaci\u00f3n de pavimentos en las calzadas de nueve calles de la ciudad","datePublished":"2015-10-08T10:53:28+00:00","mainEntityOfPage":{"@id":"https:\/\/www.laguiadepamplona.com\/actualidad\/iniciada-una-pequena-campana-de-reparacion-de-pavimentos-en-las-calzadas-de-nueve-calles-de-la-ciudad\/"},"wordCount":291,"publisher":{"@id":"https:\/\/www.laguiadepamplona.com\/actualidad\/#organization"},"image":{"@id":"https:\/\/www.laguiadepamplona.com\/actualidad\/iniciada-una-pequena-campana-de-reparacion-de-pavimentos-en-las-calzadas-de-nueve-calles-de-la-ciudad\/#primaryimage"},"thumbnailUrl":"","keywords":["actualidad","ayto pamplona","Ayuntamiento de Pamplona","calles","calzadas","campa\u00f1a","ciudad","noticias","pamplona","pavimentos","reparaci\u00f3n"],"articleSection":["Ayto Pamplona"],"inLanguage":"es"},{"@type":"WebPage","@id":"https:\/\/www.laguiadepamplona.com\/actualidad\/iniciada-una-pequena-campana-de-reparacion-de-pavimentos-en-las-calzadas-de-nueve-calles-de-la-ciudad\/","url":"https:\/\/www.laguiadepamplona.com\/actualidad\/iniciada-una-pequena-campana-de-reparacion-de-pavimentos-en-las-calzadas-de-nueve-calles-de-la-ciudad\/","name":"Iniciada una peque\u00f1a campa\u00f1a de reparaci\u00f3n de pavimentos en las calzadas de nueve calles de la ciudad","isPartOf":{"@id":"https:\/\/www.laguiadepamplona.com\/actualidad\/#website"},"primaryImageOfPage":{"@id":"https:\/\/www.laguiadepamplona.com\/actualidad\/iniciada-una-pequena-campana-de-reparacion-de-pavimentos-en-las-calzadas-de-nueve-calles-de-la-ciudad\/#primaryimage"},"image":{"@id":"https:\/\/www.laguiadepamplona.com\/actualidad\/iniciada-una-pequena-campana-de-reparacion-de-pavimentos-en-las-calzadas-de-nueve-calles-de-la-ciudad\/#primaryimage"},"thumbnailUrl":"","datePublished":"2015-10-08T10:53:28+00:00","breadcrumb":{"@id":"https:\/\/www.laguiadepamplona.com\/actualidad\/iniciada-una-pequena-campana-de-reparacion-de-pavimentos-en-las-calzadas-de-nueve-calles-de-la-ciudad\/#breadcrumb"},"inLanguage":"es","potentialAction":[{"@type":"ReadAction","target":["https:\/\/www.laguiadepamplona.com\/actualidad\/iniciada-una-pequena-campana-de-reparacion-de-pavimentos-en-las-calzadas-de-nueve-calles-de-la-ciudad\/"]}]},{"@type":"ImageObject","inLanguage":"es","@id":"https:\/\/www.laguiadepamplona.com\/actualidad\/iniciada-una-pequena-campana-de-reparacion-de-pavimentos-en-las-calzadas-de-nueve-calles-de-la-ciudad\/#primaryimage","url":"","contentUrl":""},{"@type":"BreadcrumbList","@id":"https:\/\/www.laguiadepamplona.com\/actualidad\/iniciada-una-pequena-campana-de-reparacion-de-pavimentos-en-las-calzadas-de-nueve-calles-de-la-ciudad\/#breadcrumb","itemListElement":[{"@type":"ListItem","position":1,"name":"Portada","item":"https:\/\/www.laguiadepamplona.com\/actualidad\/"},{"@type":"ListItem","position":2,"name":"Iniciada una peque\u00f1a campa\u00f1a de reparaci\u00f3n de pavimentos en las calzadas de nueve calles de la ciudad"}]},{"@type":"WebSite","@id":"https:\/\/www.laguiadepamplona.com\/actualidad\/#website","url":"https:\/\/www.laguiadepamplona.com\/actualidad\/","name":"La gu\u00eda de Pamplona","description":"Noticias de Pamplona","publisher":{"@id":"https:\/\/www.laguiadepamplona.com\/actualidad\/#organization"},"potentialAction":[{"@type":"SearchAction","target":{"@type":"EntryPoint","urlTemplate":"https:\/\/www.laguiadepamplona.com\/actualidad\/?s={search_term_string}"},"query-input":{"@type":"PropertyValueSpecification","valueRequired":true,"valueName":"search_term_string"}}],"inLanguage":"es"},{"@type":"Organization","@id":"https:\/\/www.laguiadepamplona.com\/actualidad\/#organization","name":"La Gu\u00eda de Pamplona \/ Noticias","url":"https:\/\/www.laguiadepamplona.com\/actualidad\/","logo":{"@type":"ImageObject","inLanguage":"es","@id":"https:\/\/www.laguiadepamplona.com\/actualidad\/#\/schema\/logo\/image\/","url":"https:\/\/www.laguiadepamplona.com\/actualidad\/wp-content\/uploads\/2018\/11\/logo-laguiadepamplona18-web1.png","contentUrl":"https:\/\/www.laguiadepamplona.com\/actualidad\/wp-content\/uploads\/2018\/11\/logo-laguiadepamplona18-web1.png","width":600,"height":196,"caption":"La Gu\u00eda de Pamplona \/ Noticias"},"image":{"@id":"https:\/\/www.laguiadepamplona.com\/actualidad\/#\/schema\/logo\/image\/"},"sameAs":["https:\/\/www.facebook.com\/laguiadepamplonacom-133175176762273\/?ref=hl","https:\/\/x.com\/LaGuiadPamplona","https:\/\/www.instagram.com\/la_guia_de_pamplona\/","https:\/\/www.youtube.com\/user\/laguiadepamplona"]},{"@type":"Person","@id":"https:\/\/www.laguiadepamplona.com\/actualidad\/#\/schema\/person\/efe887376f0213d4657c93adc50b1fdb","name":"La Gu\u00eda de Pamplona","image":{"@type":"ImageObject","inLanguage":"es","@id":"https:\/\/secure.gravatar.com\/avatar\/b6992f131dc8d30ab0dff15446e9d346d9dbd95992de0fef795073f5ea83a81c?s=96&d=mm&r=g","url":"https:\/\/secure.gravatar.com\/avatar\/b6992f131dc8d30ab0dff15446e9d346d9dbd95992de0fef795073f5ea83a81c?s=96&d=mm&r=g","contentUrl":"https:\/\/secure.gravatar.com\/avatar\/b6992f131dc8d30ab0dff15446e9d346d9dbd95992de0fef795073f5ea83a81c?s=96&d=mm&r=g","caption":"La Gu\u00eda de Pamplona"}}]}},"post_mailing_queue_ids":[],"_links":{"self":[{"href":"https:\/\/www.laguiadepamplona.com\/actualidad\/wp-json\/wp\/v2\/posts\/7459","targetHints":{"allow":["GET"]}}],"collection":[{"href":"https:\/\/www.laguiadepamplona.com\/actualidad\/wp-json\/wp\/v2\/posts"}],"about":[{"href":"https:\/\/www.laguiadepamplona.com\/actualidad\/wp-json\/wp\/v2\/types\/post"}],"author":[{"embeddable":true,"href":"https:\/\/www.laguiadepamplona.com\/actualidad\/wp-json\/wp\/v2\/users\/1"}],"replies":[{"embeddable":true,"href":"https:\/\/www.laguiadepamplona.com\/actualidad\/wp-json\/wp\/v2\/comments?post=7459"}],"version-history":[{"count":0,"href":"https:\/\/www.laguiadepamplona.com\/actualidad\/wp-json\/wp\/v2\/posts\/7459\/revisions"}],"wp:featuredmedia":[{"embeddable":true,"href":"https:\/\/www.laguiadepamplona.com\/actualidad\/wp-json\/"}],"wp:attachment":[{"href":"https:\/\/www.laguiadepamplona.com\/actualidad\/wp-json\/wp\/v2\/media?parent=7459"}],"wp:term":[{"taxonomy":"category","embeddable":true,"href":"https:\/\/www.laguiadepamplona.com\/actualidad\/wp-json\/wp\/v2\/categories?post=7459"},{"taxonomy":"post_tag","embeddable":true,"href":"https:\/\/www.laguiadepamplona.com\/actualidad\/wp-json\/wp\/v2\/tags?post=7459"}],"curies":[{"name":"wp","href":"https:\/\/api.w.org\/{rel}","templated":true}]}}