{"id":7331,"date":"2015-09-29T13:31:35","date_gmt":"2015-09-29T11:31:35","guid":{"rendered":"http:\/\/laguiadepamplona.com\/actualidad\/?p=7331"},"modified":"2015-09-29T13:31:35","modified_gmt":"2015-09-29T11:31:35","slug":"ensanche-la-nuit-tendra-lugar-el-viernes-2-de-octubre-con-57-comercios-participantes-apertura-hasta-las-23-horas-y-un-programa-ambientado-en-la-cultura-japonesa","status":"publish","type":"post","link":"https:\/\/www.laguiadepamplona.com\/actualidad\/ensanche-la-nuit-tendra-lugar-el-viernes-2-de-octubre-con-57-comercios-participantes-apertura-hasta-las-23-horas-y-un-programa-ambientado-en-la-cultura-japonesa\/","title":{"rendered":"\u2018Ensanche la Nuit\u2019 tendr\u00e1 lugar el viernes 2 de octubre, con 67 comercios participantes, apertura hasta las 23 horas y un programa ambientado en la cultura japonesa"},"content":{"rendered":"<h4 class=\"western\">Ayuntamiento y Ensanche \u00c1rea Comercial organizan la 6\u00aa edici\u00f3n de esta iniciativa , que contar\u00e1 con conciertos, artes marciales y photocall con yukata<\/h4>\n<p><span style=\"font-family: Arial,sans-serif;\"><a href=\"http:\/\/laguiadepamplona.com\/actualidad\/wp-content\/uploads\/2015\/09\/banner-ensanche-web.jpg\"><img loading=\"lazy\" decoding=\"async\" class=\"alignleft size-medium wp-image-7333\" src=\"http:\/\/laguiadepamplona.com\/actualidad\/wp-content\/uploads\/2015\/09\/banner-ensanche-web-300x110.jpg\" alt=\"banner-ensanche-web\" width=\"300\" height=\"110\" \/><\/a>El \u00e1rea comercial del Ensanche se trasladar\u00e1 el pr\u00f3ximo viernes 2 de octubre a Jap\u00f3n. 1.200 paipais, farolillos japoneses, yutakas, exhibiciones de artes marciales y m\u00fasica llenar\u00e1n calles y comercios de la cultura oriental. Desde las 8 de la tarde hasta las 11 de la noche, 67 comercios celebrar\u00e1n un a\u00f1o m\u00e1s su noche, \u2018Ensanche la nuit\u2019, una iniciativa del Ayuntamiento de Pamplona, los comercios y hosteleros para promocionar la actividad comercial del centro de la ciudad. <\/span><\/p>\n<p><span style=\"font-family: Arial,sans-serif;\">La concejala delegada de Econom\u00eda Local Sostenible, Patricia Perales, y la gerente de Ensanche \u00c1rea Comercial, Amaya Villanueva Burdaspar, han presentado esta ma\u00f1ana en rueda de prensa el programa de actividades con las que se celebrar\u00e1 esta sexta edici\u00f3n de la noche del Ensanche, una noche que estar\u00e1 dedicada a Jap\u00f3n, con motivo de la conmemoraci\u00f3n del 35 aniversario del hermanamiento de Pamplona con la ciudad nipona de Yamaguchi.<\/span><\/p>\n<p><span style=\"font-family: Arial,sans-serif;\">Algunas calles lucir\u00e1n farolillos japoneses haciendo un gui\u00f1o a la decoraci\u00f3n oriental y tambi\u00e9n en algunos establecimientos se podr\u00e1 disfrutar con indumentarias orientales en la vestimenta. Los 67 comercios participantes en esta iniciativa dispondr\u00e1n en sus fachadas de un identificativo de corte oriental. Abrir\u00e1n hasta las 11 de la noche y adem\u00e1s ofrecer\u00e1n a sus clientes descuentos o detalles por las compras realizadas en el establecimiento, degustaciones, muchas otras sorpresas o aprovechar\u00e1n para presentar diferentes l\u00edneas de sus productos. <\/span><\/p>\n<p><span style=\"font-family: Arial,sans-serif;\">Reyno Gourmet entregar\u00e1 a los comercios participantes boletos con los que se podr\u00e1n ganar 25 lotes de productos Reyno Gourmet. Toda la informaci\u00f3n sobre esta nueva edici\u00f3n de \u2018Ensanche la Nuit\u2019 y sobre los comercios participantes se puede consultar en la web del evento, <span style=\"color: #0000ff;\"><u><a class=\"western\" href=\"http:\/\/www.ensanchelanuit.com\/\" target=\"_blank\">www.ensanchelanuit.com<\/a><\/u><\/span>.<\/span><\/p>\n<p>&nbsp;<\/p>\n<p><span style=\"font-family: Arial,sans-serif;\"><b>Conciertos, artes marciales, fotograf\u00edas y videojuegos<\/b><\/span><\/p>\n<p><span style=\"font-family: Arial,sans-serif;\">El programa de actividades comenzar\u00e1 a las 8 de la tarde con tres propuestas diferentes. En la esquina de la calle Leyre con Carlos III, comenzar\u00e1 la exhibici\u00f3n-demostraci\u00f3n de Zentrum de artes marciales; en el cruce de Carlos III con Roncesvalles sonar\u00e1 la m\u00fasica del grupo l\u00edrico Di Sei, y en la avenida Carlos III se instalar\u00e1 un photocall donde los ciudadanos podr\u00e1n colocarse encima de su ropa la vestimenta t\u00edpica japonesa. Esta actividad ha sido organizadaen colaboraci\u00f3n con la Asociaci\u00f3n de Cultura Japonesa de Navarra, Nihonnipon. Quien se pruebe un yukata e inmortalice el momento, podr\u00e1 participar en un concurso: las fotos se subir\u00e1n a la red social instagram y las instant\u00e1neas m\u00e1s votadas recibir\u00e1n premios.<\/span><\/p>\n<p><span style=\"font-family: Arial,sans-serif;\">Tambi\u00e9n el mundo de los vieojuegos japoneses estar\u00e1 presente. En el Ensanche habr\u00e1 una zona dinamizada por la Asociaci\u00f3n Navar-Manga, donde se podr\u00e1 participar en juegos musicales, practicar con videojuegos y trabajar en un taller de pixel art. A partir de las 10 de la noche, adem\u00e1s, habr\u00e1 un torneo de videojuegos con el Super Smash Bros Wiiu.<\/span><\/p>\n<p><span style=\"font-family: Arial,sans-serif;\">A partir de las 8 y media de la tarde, se suceder\u00e1n los conciertos: Labanda Flowers en la Plaza de la Cruz (20.30 horas), Paul Alone en el cruce de Carlos III con Castillo de Maya (21.30 horas) y Hard Acoustic Band (cruce de la calle San Ignacio con Garc\u00eda Xim\u00e9nez). Adem\u00e1s, Broken Brothers Bass Band ofrecer\u00e1n actuaciones itinerantes desde las 9 hasta las 11 de la noche.<\/span><\/p>\n<h4 class=\"apoyo-de-datos-western\" lang=\"fr-FR\">Ensanche La Nuit. 2 de octubre<\/h4>\n<ul>\n<li><span style=\"font-family: Arial,sans-serif;\"><span lang=\"es-ES\"><b>20 h. a 23 h.<\/b><\/span><span lang=\"es-ES\">: Exhibici\u00f3n-demostraci\u00f3n Zentrum (artes marciales, chaleco, etc.). <\/span><i>Calle Leyre, cruce con Carlos III<\/i><\/span><\/li>\n<li><span style=\"font-family: Arial,sans-serif;\"><span lang=\"es-ES\"><b>20 h. a 23 h.<\/b><\/span><span lang=\"es-ES\">: Pru\u00e9bate un yutaka con Nihonnipon. Actividad a cargo de la Asociaci\u00f3n de cultura japonesa de Navarra. Photocall japon\u00e9s y concurso de fotograf\u00edas a trav\u00e9s de Instagram<\/span><\/span><\/li>\n<li><span style=\"font-family: Arial,sans-serif;\"><b>20 h<\/b>: M\u00fasica con Di Sei. <i>Cruce de las avenidas Carlos III y Roncesvalles.<\/i><\/span><\/li>\n<li><span style=\"font-family: Arial,sans-serif;\"><b>20.30 h<\/b>: Concierto de Labanda Flowers. <i>Plaza de la Cruz (esquina con calle San Ferm\u00edn)<\/i><\/span><\/li>\n<li><span style=\"font-family: Arial,sans-serif;\"><b>20.30 h<\/b>: Concierto de El Desag\u00fce<i>. Avenida Carlos III (entre calles San Ferm\u00edn y Tafalla)<\/i><\/span><\/li>\n<li><span style=\"font-family: Arial,sans-serif;\"><span lang=\"en-GB\"><b>21 h. a 23 h. <\/b><\/span><span lang=\"en-GB\">: Broken Brothers Brass Band. <\/span>Grupo itinerante que actuar\u00e1 por diferentes calles del Ensanche<\/span><\/li>\n<li><span style=\"font-family: Arial,sans-serif;\"><b>21.30 h.<\/b>: Concierto de Paul Alone. <i>Avenida Carlos III (cruce con Castillo de Maya)<\/i><\/span><\/li>\n<li><span style=\"font-family: Arial,sans-serif;\"><span lang=\"en-GB\"><b>21.30 h.<\/b><\/span><span lang=\"en-GB\">: Concierto Hard Acoustic Band. <\/span><i>Calle San Ignacio, en el cruce con Garc\u00eda Xim\u00e9nez<\/i><\/span><\/li>\n<\/ul>\n","protected":false},"excerpt":{"rendered":"<p>Ayuntamiento y Ensanche \u00c1rea Comercial organizan la 6\u00aa edici\u00f3n de esta iniciativa , que contar\u00e1 con conciertos, artes marciales y photocall con yukata El \u00e1rea comercial del Ensanche se trasladar\u00e1&#8230;<\/p>\n","protected":false},"author":1,"featured_media":7333,"comment_status":"closed","ping_status":"closed","sticky":false,"template":"","format":"standard","meta":{"footnotes":""},"categories":[2],"tags":[5,6,509,1348,6581,609,2741,8,9,1654],"class_list":["post-7331","post","type-post","status-publish","format-standard","has-post-thumbnail","hentry","category-ayuntamiento-pamplona","tag-actualidad","tag-ayto-pamplona","tag-ayuntamiento-de-pamplona","tag-comercios","tag-cultura-japonesa","tag-ensanche","tag-ensanche-la-nuit","tag-noticias","tag-pamplona","tag-programa"],"yoast_head":"<!-- This site is optimized with the Yoast SEO plugin v27.5 - https:\/\/yoast.com\/product\/yoast-seo-wordpress\/ -->\n<title>\u2018Ensanche la Nuit\u2019 tendr\u00e1 lugar el viernes 2 de octubre, con 67 comercios participantes, apertura hasta las 23 horas y un programa ambientado en la cultura japonesa<\/title>\n<meta name=\"robots\" content=\"index, follow, max-snippet:-1, max-image-preview:large, max-video-preview:-1\" \/>\n<link rel=\"canonical\" href=\"https:\/\/www.laguiadepamplona.com\/actualidad\/ensanche-la-nuit-tendra-lugar-el-viernes-2-de-octubre-con-57-comercios-participantes-apertura-hasta-las-23-horas-y-un-programa-ambientado-en-la-cultura-japonesa\/\" \/>\n<meta property=\"og:locale\" content=\"es_ES\" \/>\n<meta property=\"og:type\" content=\"article\" \/>\n<meta property=\"og:title\" content=\"\u2018Ensanche la Nuit\u2019 tendr\u00e1 lugar el viernes 2 de octubre, con 67 comercios participantes, apertura hasta las 23 horas y un programa ambientado en la cultura japonesa\" \/>\n<meta property=\"og:description\" content=\"Ayuntamiento y Ensanche \u00c1rea Comercial organizan la 6\u00aa edici\u00f3n de esta iniciativa , que contar\u00e1 con conciertos, artes marciales y photocall con yukata El \u00e1rea comercial del Ensanche se trasladar\u00e1...\" \/>\n<meta property=\"og:url\" content=\"https:\/\/www.laguiadepamplona.com\/actualidad\/ensanche-la-nuit-tendra-lugar-el-viernes-2-de-octubre-con-57-comercios-participantes-apertura-hasta-las-23-horas-y-un-programa-ambientado-en-la-cultura-japonesa\/\" \/>\n<meta property=\"og:site_name\" content=\"La Gu\u00eda de Pamplona\" \/>\n<meta property=\"article:publisher\" content=\"https:\/\/www.facebook.com\/laguiadepamplonacom-133175176762273\/?ref=hl\" \/>\n<meta property=\"article:published_time\" content=\"2015-09-29T11:31:35+00:00\" \/>\n<meta name=\"author\" content=\"La Gu\u00eda de Pamplona\" \/>\n<meta name=\"twitter:card\" content=\"summary_large_image\" \/>\n<meta name=\"twitter:creator\" content=\"@LaGuiadPamplona\" \/>\n<meta name=\"twitter:site\" content=\"@LaGuiadPamplona\" \/>\n<meta name=\"twitter:label1\" content=\"Escrito por\" \/>\n\t<meta name=\"twitter:data1\" content=\"La Gu\u00eda de Pamplona\" \/>\n\t<meta name=\"twitter:label2\" content=\"Tiempo de lectura\" \/>\n\t<meta name=\"twitter:data2\" content=\"4 minutos\" \/>\n<script type=\"application\/ld+json\" class=\"yoast-schema-graph\">{\"@context\":\"https:\\\/\\\/schema.org\",\"@graph\":[{\"@type\":\"Article\",\"@id\":\"https:\\\/\\\/www.laguiadepamplona.com\\\/actualidad\\\/ensanche-la-nuit-tendra-lugar-el-viernes-2-de-octubre-con-57-comercios-participantes-apertura-hasta-las-23-horas-y-un-programa-ambientado-en-la-cultura-japonesa\\\/#article\",\"isPartOf\":{\"@id\":\"https:\\\/\\\/www.laguiadepamplona.com\\\/actualidad\\\/ensanche-la-nuit-tendra-lugar-el-viernes-2-de-octubre-con-57-comercios-participantes-apertura-hasta-las-23-horas-y-un-programa-ambientado-en-la-cultura-japonesa\\\/\"},\"author\":{\"name\":\"La Gu\u00eda de Pamplona\",\"@id\":\"https:\\\/\\\/www.laguiadepamplona.com\\\/actualidad\\\/#\\\/schema\\\/person\\\/efe887376f0213d4657c93adc50b1fdb\"},\"headline\":\"\u2018Ensanche la Nuit\u2019 tendr\u00e1 lugar el viernes 2 de octubre, con 67 comercios participantes, apertura hasta las 23 horas y un programa ambientado en la cultura japonesa\",\"datePublished\":\"2015-09-29T11:31:35+00:00\",\"mainEntityOfPage\":{\"@id\":\"https:\\\/\\\/www.laguiadepamplona.com\\\/actualidad\\\/ensanche-la-nuit-tendra-lugar-el-viernes-2-de-octubre-con-57-comercios-participantes-apertura-hasta-las-23-horas-y-un-programa-ambientado-en-la-cultura-japonesa\\\/\"},\"wordCount\":744,\"publisher\":{\"@id\":\"https:\\\/\\\/www.laguiadepamplona.com\\\/actualidad\\\/#organization\"},\"image\":{\"@id\":\"https:\\\/\\\/www.laguiadepamplona.com\\\/actualidad\\\/ensanche-la-nuit-tendra-lugar-el-viernes-2-de-octubre-con-57-comercios-participantes-apertura-hasta-las-23-horas-y-un-programa-ambientado-en-la-cultura-japonesa\\\/#primaryimage\"},\"thumbnailUrl\":\"\",\"keywords\":[\"actualidad\",\"ayto pamplona\",\"Ayuntamiento de Pamplona\",\"comercios\",\"cultura japonesa\",\"ensanche\",\"ensanche la nuit\",\"noticias\",\"pamplona\",\"programa\"],\"articleSection\":[\"Ayto Pamplona\"],\"inLanguage\":\"es\"},{\"@type\":\"WebPage\",\"@id\":\"https:\\\/\\\/www.laguiadepamplona.com\\\/actualidad\\\/ensanche-la-nuit-tendra-lugar-el-viernes-2-de-octubre-con-57-comercios-participantes-apertura-hasta-las-23-horas-y-un-programa-ambientado-en-la-cultura-japonesa\\\/\",\"url\":\"https:\\\/\\\/www.laguiadepamplona.com\\\/actualidad\\\/ensanche-la-nuit-tendra-lugar-el-viernes-2-de-octubre-con-57-comercios-participantes-apertura-hasta-las-23-horas-y-un-programa-ambientado-en-la-cultura-japonesa\\\/\",\"name\":\"\u2018Ensanche la Nuit\u2019 tendr\u00e1 lugar el viernes 2 de octubre, con 67 comercios participantes, apertura hasta las 23 horas y un programa ambientado en la cultura japonesa\",\"isPartOf\":{\"@id\":\"https:\\\/\\\/www.laguiadepamplona.com\\\/actualidad\\\/#website\"},\"primaryImageOfPage\":{\"@id\":\"https:\\\/\\\/www.laguiadepamplona.com\\\/actualidad\\\/ensanche-la-nuit-tendra-lugar-el-viernes-2-de-octubre-con-57-comercios-participantes-apertura-hasta-las-23-horas-y-un-programa-ambientado-en-la-cultura-japonesa\\\/#primaryimage\"},\"image\":{\"@id\":\"https:\\\/\\\/www.laguiadepamplona.com\\\/actualidad\\\/ensanche-la-nuit-tendra-lugar-el-viernes-2-de-octubre-con-57-comercios-participantes-apertura-hasta-las-23-horas-y-un-programa-ambientado-en-la-cultura-japonesa\\\/#primaryimage\"},\"thumbnailUrl\":\"\",\"datePublished\":\"2015-09-29T11:31:35+00:00\",\"breadcrumb\":{\"@id\":\"https:\\\/\\\/www.laguiadepamplona.com\\\/actualidad\\\/ensanche-la-nuit-tendra-lugar-el-viernes-2-de-octubre-con-57-comercios-participantes-apertura-hasta-las-23-horas-y-un-programa-ambientado-en-la-cultura-japonesa\\\/#breadcrumb\"},\"inLanguage\":\"es\",\"potentialAction\":[{\"@type\":\"ReadAction\",\"target\":[\"https:\\\/\\\/www.laguiadepamplona.com\\\/actualidad\\\/ensanche-la-nuit-tendra-lugar-el-viernes-2-de-octubre-con-57-comercios-participantes-apertura-hasta-las-23-horas-y-un-programa-ambientado-en-la-cultura-japonesa\\\/\"]}]},{\"@type\":\"ImageObject\",\"inLanguage\":\"es\",\"@id\":\"https:\\\/\\\/www.laguiadepamplona.com\\\/actualidad\\\/ensanche-la-nuit-tendra-lugar-el-viernes-2-de-octubre-con-57-comercios-participantes-apertura-hasta-las-23-horas-y-un-programa-ambientado-en-la-cultura-japonesa\\\/#primaryimage\",\"url\":\"\",\"contentUrl\":\"\"},{\"@type\":\"BreadcrumbList\",\"@id\":\"https:\\\/\\\/www.laguiadepamplona.com\\\/actualidad\\\/ensanche-la-nuit-tendra-lugar-el-viernes-2-de-octubre-con-57-comercios-participantes-apertura-hasta-las-23-horas-y-un-programa-ambientado-en-la-cultura-japonesa\\\/#breadcrumb\",\"itemListElement\":[{\"@type\":\"ListItem\",\"position\":1,\"name\":\"Portada\",\"item\":\"https:\\\/\\\/www.laguiadepamplona.com\\\/actualidad\\\/\"},{\"@type\":\"ListItem\",\"position\":2,\"name\":\"\u2018Ensanche la Nuit\u2019 tendr\u00e1 lugar el viernes 2 de octubre, con 67 comercios participantes, apertura hasta las 23 horas y un programa ambientado en la cultura japonesa\"}]},{\"@type\":\"WebSite\",\"@id\":\"https:\\\/\\\/www.laguiadepamplona.com\\\/actualidad\\\/#website\",\"url\":\"https:\\\/\\\/www.laguiadepamplona.com\\\/actualidad\\\/\",\"name\":\"La gu\u00eda de Pamplona\",\"description\":\"Noticias de Pamplona\",\"publisher\":{\"@id\":\"https:\\\/\\\/www.laguiadepamplona.com\\\/actualidad\\\/#organization\"},\"potentialAction\":[{\"@type\":\"SearchAction\",\"target\":{\"@type\":\"EntryPoint\",\"urlTemplate\":\"https:\\\/\\\/www.laguiadepamplona.com\\\/actualidad\\\/?s={search_term_string}\"},\"query-input\":{\"@type\":\"PropertyValueSpecification\",\"valueRequired\":true,\"valueName\":\"search_term_string\"}}],\"inLanguage\":\"es\"},{\"@type\":\"Organization\",\"@id\":\"https:\\\/\\\/www.laguiadepamplona.com\\\/actualidad\\\/#organization\",\"name\":\"La Gu\u00eda de Pamplona \\\/ Noticias\",\"url\":\"https:\\\/\\\/www.laguiadepamplona.com\\\/actualidad\\\/\",\"logo\":{\"@type\":\"ImageObject\",\"inLanguage\":\"es\",\"@id\":\"https:\\\/\\\/www.laguiadepamplona.com\\\/actualidad\\\/#\\\/schema\\\/logo\\\/image\\\/\",\"url\":\"https:\\\/\\\/www.laguiadepamplona.com\\\/actualidad\\\/wp-content\\\/uploads\\\/2018\\\/11\\\/logo-laguiadepamplona18-web1.png\",\"contentUrl\":\"https:\\\/\\\/www.laguiadepamplona.com\\\/actualidad\\\/wp-content\\\/uploads\\\/2018\\\/11\\\/logo-laguiadepamplona18-web1.png\",\"width\":600,\"height\":196,\"caption\":\"La Gu\u00eda de Pamplona \\\/ Noticias\"},\"image\":{\"@id\":\"https:\\\/\\\/www.laguiadepamplona.com\\\/actualidad\\\/#\\\/schema\\\/logo\\\/image\\\/\"},\"sameAs\":[\"https:\\\/\\\/www.facebook.com\\\/laguiadepamplonacom-133175176762273\\\/?ref=hl\",\"https:\\\/\\\/x.com\\\/LaGuiadPamplona\",\"https:\\\/\\\/www.instagram.com\\\/la_guia_de_pamplona\\\/\",\"https:\\\/\\\/www.youtube.com\\\/user\\\/laguiadepamplona\"]},{\"@type\":\"Person\",\"@id\":\"https:\\\/\\\/www.laguiadepamplona.com\\\/actualidad\\\/#\\\/schema\\\/person\\\/efe887376f0213d4657c93adc50b1fdb\",\"name\":\"La Gu\u00eda de Pamplona\",\"image\":{\"@type\":\"ImageObject\",\"inLanguage\":\"es\",\"@id\":\"https:\\\/\\\/secure.gravatar.com\\\/avatar\\\/b6992f131dc8d30ab0dff15446e9d346d9dbd95992de0fef795073f5ea83a81c?s=96&d=mm&r=g\",\"url\":\"https:\\\/\\\/secure.gravatar.com\\\/avatar\\\/b6992f131dc8d30ab0dff15446e9d346d9dbd95992de0fef795073f5ea83a81c?s=96&d=mm&r=g\",\"contentUrl\":\"https:\\\/\\\/secure.gravatar.com\\\/avatar\\\/b6992f131dc8d30ab0dff15446e9d346d9dbd95992de0fef795073f5ea83a81c?s=96&d=mm&r=g\",\"caption\":\"La Gu\u00eda de Pamplona\"}}]}<\/script>\n<!-- \/ Yoast SEO plugin. -->","yoast_head_json":{"title":"\u2018Ensanche la Nuit\u2019 tendr\u00e1 lugar el viernes 2 de octubre, con 67 comercios participantes, apertura hasta las 23 horas y un programa ambientado en la cultura japonesa","robots":{"index":"index","follow":"follow","max-snippet":"max-snippet:-1","max-image-preview":"max-image-preview:large","max-video-preview":"max-video-preview:-1"},"canonical":"https:\/\/www.laguiadepamplona.com\/actualidad\/ensanche-la-nuit-tendra-lugar-el-viernes-2-de-octubre-con-57-comercios-participantes-apertura-hasta-las-23-horas-y-un-programa-ambientado-en-la-cultura-japonesa\/","og_locale":"es_ES","og_type":"article","og_title":"\u2018Ensanche la Nuit\u2019 tendr\u00e1 lugar el viernes 2 de octubre, con 67 comercios participantes, apertura hasta las 23 horas y un programa ambientado en la cultura japonesa","og_description":"Ayuntamiento y Ensanche \u00c1rea Comercial organizan la 6\u00aa edici\u00f3n de esta iniciativa , que contar\u00e1 con conciertos, artes marciales y photocall con yukata El \u00e1rea comercial del Ensanche se trasladar\u00e1...","og_url":"https:\/\/www.laguiadepamplona.com\/actualidad\/ensanche-la-nuit-tendra-lugar-el-viernes-2-de-octubre-con-57-comercios-participantes-apertura-hasta-las-23-horas-y-un-programa-ambientado-en-la-cultura-japonesa\/","og_site_name":"La Gu\u00eda de Pamplona","article_publisher":"https:\/\/www.facebook.com\/laguiadepamplonacom-133175176762273\/?ref=hl","article_published_time":"2015-09-29T11:31:35+00:00","author":"La Gu\u00eda de Pamplona","twitter_card":"summary_large_image","twitter_creator":"@LaGuiadPamplona","twitter_site":"@LaGuiadPamplona","twitter_misc":{"Escrito por":"La Gu\u00eda de Pamplona","Tiempo de lectura":"4 minutos"},"schema":{"@context":"https:\/\/schema.org","@graph":[{"@type":"Article","@id":"https:\/\/www.laguiadepamplona.com\/actualidad\/ensanche-la-nuit-tendra-lugar-el-viernes-2-de-octubre-con-57-comercios-participantes-apertura-hasta-las-23-horas-y-un-programa-ambientado-en-la-cultura-japonesa\/#article","isPartOf":{"@id":"https:\/\/www.laguiadepamplona.com\/actualidad\/ensanche-la-nuit-tendra-lugar-el-viernes-2-de-octubre-con-57-comercios-participantes-apertura-hasta-las-23-horas-y-un-programa-ambientado-en-la-cultura-japonesa\/"},"author":{"name":"La Gu\u00eda de Pamplona","@id":"https:\/\/www.laguiadepamplona.com\/actualidad\/#\/schema\/person\/efe887376f0213d4657c93adc50b1fdb"},"headline":"\u2018Ensanche la Nuit\u2019 tendr\u00e1 lugar el viernes 2 de octubre, con 67 comercios participantes, apertura hasta las 23 horas y un programa ambientado en la cultura japonesa","datePublished":"2015-09-29T11:31:35+00:00","mainEntityOfPage":{"@id":"https:\/\/www.laguiadepamplona.com\/actualidad\/ensanche-la-nuit-tendra-lugar-el-viernes-2-de-octubre-con-57-comercios-participantes-apertura-hasta-las-23-horas-y-un-programa-ambientado-en-la-cultura-japonesa\/"},"wordCount":744,"publisher":{"@id":"https:\/\/www.laguiadepamplona.com\/actualidad\/#organization"},"image":{"@id":"https:\/\/www.laguiadepamplona.com\/actualidad\/ensanche-la-nuit-tendra-lugar-el-viernes-2-de-octubre-con-57-comercios-participantes-apertura-hasta-las-23-horas-y-un-programa-ambientado-en-la-cultura-japonesa\/#primaryimage"},"thumbnailUrl":"","keywords":["actualidad","ayto pamplona","Ayuntamiento de Pamplona","comercios","cultura japonesa","ensanche","ensanche la nuit","noticias","pamplona","programa"],"articleSection":["Ayto Pamplona"],"inLanguage":"es"},{"@type":"WebPage","@id":"https:\/\/www.laguiadepamplona.com\/actualidad\/ensanche-la-nuit-tendra-lugar-el-viernes-2-de-octubre-con-57-comercios-participantes-apertura-hasta-las-23-horas-y-un-programa-ambientado-en-la-cultura-japonesa\/","url":"https:\/\/www.laguiadepamplona.com\/actualidad\/ensanche-la-nuit-tendra-lugar-el-viernes-2-de-octubre-con-57-comercios-participantes-apertura-hasta-las-23-horas-y-un-programa-ambientado-en-la-cultura-japonesa\/","name":"\u2018Ensanche la Nuit\u2019 tendr\u00e1 lugar el viernes 2 de octubre, con 67 comercios participantes, apertura hasta las 23 horas y un programa ambientado en la cultura japonesa","isPartOf":{"@id":"https:\/\/www.laguiadepamplona.com\/actualidad\/#website"},"primaryImageOfPage":{"@id":"https:\/\/www.laguiadepamplona.com\/actualidad\/ensanche-la-nuit-tendra-lugar-el-viernes-2-de-octubre-con-57-comercios-participantes-apertura-hasta-las-23-horas-y-un-programa-ambientado-en-la-cultura-japonesa\/#primaryimage"},"image":{"@id":"https:\/\/www.laguiadepamplona.com\/actualidad\/ensanche-la-nuit-tendra-lugar-el-viernes-2-de-octubre-con-57-comercios-participantes-apertura-hasta-las-23-horas-y-un-programa-ambientado-en-la-cultura-japonesa\/#primaryimage"},"thumbnailUrl":"","datePublished":"2015-09-29T11:31:35+00:00","breadcrumb":{"@id":"https:\/\/www.laguiadepamplona.com\/actualidad\/ensanche-la-nuit-tendra-lugar-el-viernes-2-de-octubre-con-57-comercios-participantes-apertura-hasta-las-23-horas-y-un-programa-ambientado-en-la-cultura-japonesa\/#breadcrumb"},"inLanguage":"es","potentialAction":[{"@type":"ReadAction","target":["https:\/\/www.laguiadepamplona.com\/actualidad\/ensanche-la-nuit-tendra-lugar-el-viernes-2-de-octubre-con-57-comercios-participantes-apertura-hasta-las-23-horas-y-un-programa-ambientado-en-la-cultura-japonesa\/"]}]},{"@type":"ImageObject","inLanguage":"es","@id":"https:\/\/www.laguiadepamplona.com\/actualidad\/ensanche-la-nuit-tendra-lugar-el-viernes-2-de-octubre-con-57-comercios-participantes-apertura-hasta-las-23-horas-y-un-programa-ambientado-en-la-cultura-japonesa\/#primaryimage","url":"","contentUrl":""},{"@type":"BreadcrumbList","@id":"https:\/\/www.laguiadepamplona.com\/actualidad\/ensanche-la-nuit-tendra-lugar-el-viernes-2-de-octubre-con-57-comercios-participantes-apertura-hasta-las-23-horas-y-un-programa-ambientado-en-la-cultura-japonesa\/#breadcrumb","itemListElement":[{"@type":"ListItem","position":1,"name":"Portada","item":"https:\/\/www.laguiadepamplona.com\/actualidad\/"},{"@type":"ListItem","position":2,"name":"\u2018Ensanche la Nuit\u2019 tendr\u00e1 lugar el viernes 2 de octubre, con 67 comercios participantes, apertura hasta las 23 horas y un programa ambientado en la cultura japonesa"}]},{"@type":"WebSite","@id":"https:\/\/www.laguiadepamplona.com\/actualidad\/#website","url":"https:\/\/www.laguiadepamplona.com\/actualidad\/","name":"La gu\u00eda de Pamplona","description":"Noticias de Pamplona","publisher":{"@id":"https:\/\/www.laguiadepamplona.com\/actualidad\/#organization"},"potentialAction":[{"@type":"SearchAction","target":{"@type":"EntryPoint","urlTemplate":"https:\/\/www.laguiadepamplona.com\/actualidad\/?s={search_term_string}"},"query-input":{"@type":"PropertyValueSpecification","valueRequired":true,"valueName":"search_term_string"}}],"inLanguage":"es"},{"@type":"Organization","@id":"https:\/\/www.laguiadepamplona.com\/actualidad\/#organization","name":"La Gu\u00eda de Pamplona \/ Noticias","url":"https:\/\/www.laguiadepamplona.com\/actualidad\/","logo":{"@type":"ImageObject","inLanguage":"es","@id":"https:\/\/www.laguiadepamplona.com\/actualidad\/#\/schema\/logo\/image\/","url":"https:\/\/www.laguiadepamplona.com\/actualidad\/wp-content\/uploads\/2018\/11\/logo-laguiadepamplona18-web1.png","contentUrl":"https:\/\/www.laguiadepamplona.com\/actualidad\/wp-content\/uploads\/2018\/11\/logo-laguiadepamplona18-web1.png","width":600,"height":196,"caption":"La Gu\u00eda de Pamplona \/ Noticias"},"image":{"@id":"https:\/\/www.laguiadepamplona.com\/actualidad\/#\/schema\/logo\/image\/"},"sameAs":["https:\/\/www.facebook.com\/laguiadepamplonacom-133175176762273\/?ref=hl","https:\/\/x.com\/LaGuiadPamplona","https:\/\/www.instagram.com\/la_guia_de_pamplona\/","https:\/\/www.youtube.com\/user\/laguiadepamplona"]},{"@type":"Person","@id":"https:\/\/www.laguiadepamplona.com\/actualidad\/#\/schema\/person\/efe887376f0213d4657c93adc50b1fdb","name":"La Gu\u00eda de Pamplona","image":{"@type":"ImageObject","inLanguage":"es","@id":"https:\/\/secure.gravatar.com\/avatar\/b6992f131dc8d30ab0dff15446e9d346d9dbd95992de0fef795073f5ea83a81c?s=96&d=mm&r=g","url":"https:\/\/secure.gravatar.com\/avatar\/b6992f131dc8d30ab0dff15446e9d346d9dbd95992de0fef795073f5ea83a81c?s=96&d=mm&r=g","contentUrl":"https:\/\/secure.gravatar.com\/avatar\/b6992f131dc8d30ab0dff15446e9d346d9dbd95992de0fef795073f5ea83a81c?s=96&d=mm&r=g","caption":"La Gu\u00eda de Pamplona"}}]}},"post_mailing_queue_ids":[],"_links":{"self":[{"href":"https:\/\/www.laguiadepamplona.com\/actualidad\/wp-json\/wp\/v2\/posts\/7331","targetHints":{"allow":["GET"]}}],"collection":[{"href":"https:\/\/www.laguiadepamplona.com\/actualidad\/wp-json\/wp\/v2\/posts"}],"about":[{"href":"https:\/\/www.laguiadepamplona.com\/actualidad\/wp-json\/wp\/v2\/types\/post"}],"author":[{"embeddable":true,"href":"https:\/\/www.laguiadepamplona.com\/actualidad\/wp-json\/wp\/v2\/users\/1"}],"replies":[{"embeddable":true,"href":"https:\/\/www.laguiadepamplona.com\/actualidad\/wp-json\/wp\/v2\/comments?post=7331"}],"version-history":[{"count":0,"href":"https:\/\/www.laguiadepamplona.com\/actualidad\/wp-json\/wp\/v2\/posts\/7331\/revisions"}],"wp:featuredmedia":[{"embeddable":true,"href":"https:\/\/www.laguiadepamplona.com\/actualidad\/wp-json\/"}],"wp:attachment":[{"href":"https:\/\/www.laguiadepamplona.com\/actualidad\/wp-json\/wp\/v2\/media?parent=7331"}],"wp:term":[{"taxonomy":"category","embeddable":true,"href":"https:\/\/www.laguiadepamplona.com\/actualidad\/wp-json\/wp\/v2\/categories?post=7331"},{"taxonomy":"post_tag","embeddable":true,"href":"https:\/\/www.laguiadepamplona.com\/actualidad\/wp-json\/wp\/v2\/tags?post=7331"}],"curies":[{"name":"wp","href":"https:\/\/api.w.org\/{rel}","templated":true}]}}