{"id":7324,"date":"2015-09-28T12:51:08","date_gmt":"2015-09-28T10:51:08","guid":{"rendered":"http:\/\/laguiadepamplona.com\/actualidad\/?p=7324"},"modified":"2015-09-28T12:51:08","modified_gmt":"2015-09-28T10:51:08","slug":"el-ayuntamiento-pone-en-marcha-el-proyecto-trebatu-para-fomentar-el-acceso-a-la-contratacion-publica-a-pequenas-empresas-y-entidades-de-economia-social","status":"publish","type":"post","link":"https:\/\/www.laguiadepamplona.com\/actualidad\/el-ayuntamiento-pone-en-marcha-el-proyecto-trebatu-para-fomentar-el-acceso-a-la-contratacion-publica-a-pequenas-empresas-y-entidades-de-economia-social\/","title":{"rendered":"El Ayuntamiento pone en marcha el proyecto \u2018Trebatu\u2019 para fomentar el acceso a la contrataci\u00f3n p\u00fablica a peque\u00f1as empresas y entidades de econom\u00eda social"},"content":{"rendered":"<h4 class=\"western\" lang=\"es-ES\">El consistorio plantea licitar las obras por lotes para facilitar el acceso a los contratos por parte de pymes y aut\u00f3nomos<\/h4>\n<p lang=\"es-ES\"><span style=\"font-family: Arial,sans-serif;\"><a href=\"http:\/\/laguiadepamplona.com\/actualidad\/wp-content\/uploads\/2014\/06\/Ayto_Pamplona.jpg\"><img loading=\"lazy\" decoding=\"async\" class=\"alignleft size-medium wp-image-2063\" src=\"http:\/\/laguiadepamplona.com\/actualidad\/wp-content\/uploads\/2014\/06\/Ayto_Pamplona-300x225.jpg\" alt=\"Ayto_Pamplona\" width=\"300\" height=\"225\" \/><\/a>El Ayuntamiento de Pamplona ha puesto en marcha el proyecto \u2018Trebatu\u2019, una iniciativa con la que pretende fomentar el acceso a la contrataci\u00f3n p\u00fablica en la administraci\u00f3n local a peque\u00f1as empresas y entidades de econom\u00eda social. En la actualidad, s\u00f3lo un 31% de la contrataci\u00f3n p\u00fablica recae sobre las peque\u00f1as y medianas empresas, cuando la gran mayor\u00eda del tejido empresarial, el 98,7%, est\u00e1 integrado por pymes.<\/span><\/p>\n<p lang=\"es-ES\"><span style=\"font-family: Arial,sans-serif;\">Durante las \u00faltimas semanas un equipo formado por letrados y t\u00e9cnicos del \u00c1rea de Gobierno Transparente del Ayuntamiento ha venido trabajando en el dise\u00f1o de un Plan de Trabajo en materia de contrataci\u00f3n p\u00fablica con el objetivo de hacer m\u00e1s sostenible y equitativa la misma. Este plan recoge una diversidad de medidas dirigidas tanto a desarrollar el amplio marco normativo foral (Ley Foral 6\/2006) como las nuevas directrices de la Uni\u00f3n Europea (Directiva 2014\/24\/UE del Parlamento Europeo y del Consejo) que pretenden facilitar, espec\u00edficamente, la participaci\u00f3n de las peque\u00f1as y medianas empresas en la contrataci\u00f3n p\u00fablica.<\/span><\/p>\n<p lang=\"es-ES\"><span style=\"font-family: Arial,sans-serif;\">As\u00ed, en materia de contrataciones se est\u00e1n unificando los pliegos para simplificarlos y hacerlos m\u00e1s accesibles, introduciendo tambi\u00e9n cl\u00e1usulas sociales y medio ambientales y analizando las oportunidades que el nuevo marco normativo europeo otorga para potenciar la participaci\u00f3n de las empresas m\u00e1s peque\u00f1as en diferentes \u00e1reas y servicios de la contrataci\u00f3n p\u00fablica local. Uno de los ejes operativos de este plan de trabajo es formar y capacitar a las empresas de menor dimensi\u00f3n mediante talleres de trabajo muy pr\u00e1cticos que la Asesor\u00eda Jur\u00eddica del Ayuntamiento impartir\u00e1 durante los tres pr\u00f3ximos meses. <\/span><\/p>\n<p lang=\"es-ES\"><span style=\"font-family: Arial,sans-serif;\">En este momento, el equipo de trabajo est\u00e1 terminando de dise\u00f1ar los sectores a los cuales se orientar\u00e1 esta primera oferta de formaci\u00f3n as\u00ed como ciertas cuestiones log\u00edsticas como el n\u00famero de sesiones que se impartir\u00e1n, los horarios y lugares y los materiales de trabajo. Los talleres se realizar\u00e1n en una jornada de trabajo a trav\u00e9s de una metodolog\u00eda participativa donde se impartir\u00e1n conocimientos te\u00f3ricos b\u00e1sicos y ejercicios pr\u00e1cticos con casos reales de trabajo. La vertiente m\u00e1s pr\u00e1ctica llegar\u00e1 de la mano de simulaciones de licitaciones donde los participantes podr\u00e1n presentar sus ofertas y conocer de mano de los servicios jur\u00eddicos municipales cada paso del procedimiento. <\/span><\/p>\n<p lang=\"es-ES\"><span style=\"font-family: Arial,sans-serif;\">A partir de estos talleres formativos las peque\u00f1as empresas y las entidades de econom\u00eda social tendr\u00e1n oportunidad de conocer las diferentes v\u00edas para contratar con la administraci\u00f3n, la manera en las cuales se presentan las ofertas, los errores m\u00e1s frecuentes, la normativa existente, la solvencia o los criterios de adjudicaci\u00f3n adem\u00e1s de una diversidad de pliegos en materia de contrataci\u00f3n p\u00fablica local. El objetivo de este proyecto se alinea con la nueva estrategia de contrataci\u00f3n p\u00fablica de la Uni\u00f3n Europea (Estrategia 20\/20), dada la necesidad de mantener y potenciar el tejido socio-empresarial de menor dimensi\u00f3n.<\/span><\/p>\n<p lang=\"es-ES\"><span style=\"font-family: Arial,sans-serif;\"><b>Contrataci\u00f3n en lotes<\/b><\/span><\/p>\n<p lang=\"es-ES\"><span style=\"font-family: Arial,sans-serif;\">Seg\u00fan los estudios europeos, las principales dificultades con las que se encuentran las peque\u00f1as empresas en la contrataci\u00f3n p\u00fablica son el acceso a la informaci\u00f3n de los contratos, el desconocimiento de la normativa y procedimientos de contrataci\u00f3n y el alto coste de preparaci\u00f3n de ofertas, as\u00ed como la carga administrativa excesiva y la gran envergadura de los contratos, un conjunto de factores que hace que hayan sido pocas las pymes que han contratado con los ayuntamientos hasta la fecha.<\/span><\/p>\n<p lang=\"es-ES\"><span style=\"font-family: Arial,sans-serif;\">En este sentido, el Ayuntamiento de Pamplona ha iniciado un estudio de todos los contratos que se prev\u00e9n licitar pr\u00f3ximamente para que siempre que sea posible se realicen lotes en cada contrato. De esta manera, se pretende que puedan ser las peque\u00f1as empresas y las entidades de econom\u00eda social quienes directamente puedan contratar con el Ayuntamiento de Pamplona, evitando as\u00ed adem\u00e1s los problemas que a menudo conlleva la subcontrataci\u00f3n por parte de grandes empresas con las entidades de econom\u00eda social y las peque\u00f1as empresas.<\/span><\/p>\n<p lang=\"es-ES\"><span style=\"font-family: Arial,sans-serif;\">La primera experiencia que se va a llevar a cabo en las pr\u00f3ximas fechas es la apertura de un procedimiento de licitaci\u00f3n para la rehabilitaci\u00f3n de 25 viviendas municipales. El Ayuntamiento prev\u00e9 licitar las obras en lotes para distintos grupos de proveedores que se seleccionar\u00e1n en funci\u00f3n de sus ofertas: grupo 1 desmontaje y demoliciones, grupo 2 pavimentos de madera, grupo 3 terrazo, grupo 4 pinturas, grupo 5 carpinter\u00eda, grupo 6 electricidad, grupo 7 fontaner\u00eda y calefacci\u00f3n, grupo 8 limpieza y tratamientos de higiene (reservado a centros de inserci\u00f3n social y centros especiales de empleo), y grupo 9 cocina. Con este planteamiento se dividen los trabajos en grupos de proveedores y se podr\u00e1 contratar a varias empresas o personas aut\u00f3nomas para cada trabajo. El grupo de limpieza y tratamientos de higiene ser\u00e1 reservado a centros especiales de empleo y centros de inserci\u00f3n social.<\/span><\/p>\n<p lang=\"es-ES\"><span style=\"font-family: Arial,sans-serif;\">Adem\u00e1s de esta nueva pol\u00edtica de contrataci\u00f3n, el objetivo \u00faltimo que se persigue con este plan es el de crear un modelo de proximidad del Ayuntamiento de Pamplona hacia las pymes y aut\u00f3nomos, y aumentar sus capacidades para que con las habilidades adquiridas puedan incrementar su know how y est\u00e9n listas para trabajar tambi\u00e9n con otras administraciones y empresarios.<\/span><\/p>\n<p lang=\"es-ES\"><span style=\"font-family: Arial,sans-serif;\">El plan incluye asimismo mecanismos de control de calidad de la implantaci\u00f3n, como las encuestas de calidad, par\u00e1metros de control de la contrataci\u00f3n de pymes en Pamplona y en la Comunidad foral dentro de los asistentes, entre otros.<\/span><\/p>\n<p lang=\"es-ES\">\n<p lang=\"es-ES\">\n","protected":false},"excerpt":{"rendered":"<p>El consistorio plantea licitar las obras por lotes para facilitar el acceso a los contratos por parte de pymes y aut\u00f3nomos El Ayuntamiento de Pamplona ha puesto en marcha el&#8230;<\/p>\n","protected":false},"author":1,"featured_media":2063,"comment_status":"closed","ping_status":"closed","sticky":false,"template":"","format":"standard","meta":{"footnotes":""},"categories":[2],"tags":[5,6,509,6574,6575,6576,8,9,6577,6578],"class_list":["post-7324","post","type-post","status-publish","format-standard","has-post-thumbnail","hentry","category-ayuntamiento-pamplona","tag-actualidad","tag-ayto-pamplona","tag-ayuntamiento-de-pamplona","tag-contratacion-publica","tag-entidades-de-economia-social","tag-fomentar-el-acceso","tag-noticias","tag-pamplona","tag-pequenas-empresas","tag-trebatu"],"yoast_head":"<!-- This site is optimized with the Yoast SEO plugin v27.5 - https:\/\/yoast.com\/product\/yoast-seo-wordpress\/ -->\n<title>El Ayuntamiento pone en marcha el proyecto \u2018Trebatu\u2019 para fomentar el acceso a la contrataci\u00f3n p\u00fablica a peque\u00f1as empresas y entidades de econom\u00eda social<\/title>\n<meta name=\"robots\" content=\"index, follow, max-snippet:-1, max-image-preview:large, max-video-preview:-1\" \/>\n<link rel=\"canonical\" href=\"https:\/\/www.laguiadepamplona.com\/actualidad\/el-ayuntamiento-pone-en-marcha-el-proyecto-trebatu-para-fomentar-el-acceso-a-la-contratacion-publica-a-pequenas-empresas-y-entidades-de-economia-social\/\" \/>\n<meta property=\"og:locale\" content=\"es_ES\" \/>\n<meta property=\"og:type\" content=\"article\" \/>\n<meta property=\"og:title\" content=\"El Ayuntamiento pone en marcha el proyecto \u2018Trebatu\u2019 para fomentar el acceso a la contrataci\u00f3n p\u00fablica a peque\u00f1as empresas y entidades de econom\u00eda social\" \/>\n<meta property=\"og:description\" content=\"El consistorio plantea licitar las obras por lotes para facilitar el acceso a los contratos por parte de pymes y aut\u00f3nomos El Ayuntamiento de Pamplona ha puesto en marcha el...\" \/>\n<meta property=\"og:url\" content=\"https:\/\/www.laguiadepamplona.com\/actualidad\/el-ayuntamiento-pone-en-marcha-el-proyecto-trebatu-para-fomentar-el-acceso-a-la-contratacion-publica-a-pequenas-empresas-y-entidades-de-economia-social\/\" \/>\n<meta property=\"og:site_name\" content=\"La Gu\u00eda de Pamplona\" \/>\n<meta property=\"article:publisher\" content=\"https:\/\/www.facebook.com\/laguiadepamplonacom-133175176762273\/?ref=hl\" \/>\n<meta property=\"article:published_time\" content=\"2015-09-28T10:51:08+00:00\" \/>\n<meta name=\"author\" content=\"La Gu\u00eda de Pamplona\" \/>\n<meta name=\"twitter:card\" content=\"summary_large_image\" \/>\n<meta name=\"twitter:creator\" content=\"@LaGuiadPamplona\" \/>\n<meta name=\"twitter:site\" content=\"@LaGuiadPamplona\" \/>\n<meta name=\"twitter:label1\" content=\"Escrito por\" \/>\n\t<meta name=\"twitter:data1\" content=\"La Gu\u00eda de Pamplona\" \/>\n\t<meta name=\"twitter:label2\" content=\"Tiempo de lectura\" \/>\n\t<meta name=\"twitter:data2\" content=\"5 minutos\" \/>\n<script type=\"application\/ld+json\" class=\"yoast-schema-graph\">{\"@context\":\"https:\\\/\\\/schema.org\",\"@graph\":[{\"@type\":\"Article\",\"@id\":\"https:\\\/\\\/www.laguiadepamplona.com\\\/actualidad\\\/el-ayuntamiento-pone-en-marcha-el-proyecto-trebatu-para-fomentar-el-acceso-a-la-contratacion-publica-a-pequenas-empresas-y-entidades-de-economia-social\\\/#article\",\"isPartOf\":{\"@id\":\"https:\\\/\\\/www.laguiadepamplona.com\\\/actualidad\\\/el-ayuntamiento-pone-en-marcha-el-proyecto-trebatu-para-fomentar-el-acceso-a-la-contratacion-publica-a-pequenas-empresas-y-entidades-de-economia-social\\\/\"},\"author\":{\"name\":\"La Gu\u00eda de Pamplona\",\"@id\":\"https:\\\/\\\/www.laguiadepamplona.com\\\/actualidad\\\/#\\\/schema\\\/person\\\/efe887376f0213d4657c93adc50b1fdb\"},\"headline\":\"El Ayuntamiento pone en marcha el proyecto \u2018Trebatu\u2019 para fomentar el acceso a la contrataci\u00f3n p\u00fablica a peque\u00f1as empresas y entidades de econom\u00eda social\",\"datePublished\":\"2015-09-28T10:51:08+00:00\",\"mainEntityOfPage\":{\"@id\":\"https:\\\/\\\/www.laguiadepamplona.com\\\/actualidad\\\/el-ayuntamiento-pone-en-marcha-el-proyecto-trebatu-para-fomentar-el-acceso-a-la-contratacion-publica-a-pequenas-empresas-y-entidades-de-economia-social\\\/\"},\"wordCount\":997,\"publisher\":{\"@id\":\"https:\\\/\\\/www.laguiadepamplona.com\\\/actualidad\\\/#organization\"},\"image\":{\"@id\":\"https:\\\/\\\/www.laguiadepamplona.com\\\/actualidad\\\/el-ayuntamiento-pone-en-marcha-el-proyecto-trebatu-para-fomentar-el-acceso-a-la-contratacion-publica-a-pequenas-empresas-y-entidades-de-economia-social\\\/#primaryimage\"},\"thumbnailUrl\":\"\",\"keywords\":[\"actualidad\",\"ayto pamplona\",\"Ayuntamiento de Pamplona\",\"contrataci\u00f3n p\u00fablica\",\"entidades de econom\u00eda social\",\"fomentar el acceso\",\"noticias\",\"pamplona\",\"peque\u00f1as empresas\",\"Trebatu\"],\"articleSection\":[\"Ayto Pamplona\"],\"inLanguage\":\"es\"},{\"@type\":\"WebPage\",\"@id\":\"https:\\\/\\\/www.laguiadepamplona.com\\\/actualidad\\\/el-ayuntamiento-pone-en-marcha-el-proyecto-trebatu-para-fomentar-el-acceso-a-la-contratacion-publica-a-pequenas-empresas-y-entidades-de-economia-social\\\/\",\"url\":\"https:\\\/\\\/www.laguiadepamplona.com\\\/actualidad\\\/el-ayuntamiento-pone-en-marcha-el-proyecto-trebatu-para-fomentar-el-acceso-a-la-contratacion-publica-a-pequenas-empresas-y-entidades-de-economia-social\\\/\",\"name\":\"El Ayuntamiento pone en marcha el proyecto \u2018Trebatu\u2019 para fomentar el acceso a la contrataci\u00f3n p\u00fablica a peque\u00f1as empresas y entidades de econom\u00eda social\",\"isPartOf\":{\"@id\":\"https:\\\/\\\/www.laguiadepamplona.com\\\/actualidad\\\/#website\"},\"primaryImageOfPage\":{\"@id\":\"https:\\\/\\\/www.laguiadepamplona.com\\\/actualidad\\\/el-ayuntamiento-pone-en-marcha-el-proyecto-trebatu-para-fomentar-el-acceso-a-la-contratacion-publica-a-pequenas-empresas-y-entidades-de-economia-social\\\/#primaryimage\"},\"image\":{\"@id\":\"https:\\\/\\\/www.laguiadepamplona.com\\\/actualidad\\\/el-ayuntamiento-pone-en-marcha-el-proyecto-trebatu-para-fomentar-el-acceso-a-la-contratacion-publica-a-pequenas-empresas-y-entidades-de-economia-social\\\/#primaryimage\"},\"thumbnailUrl\":\"\",\"datePublished\":\"2015-09-28T10:51:08+00:00\",\"breadcrumb\":{\"@id\":\"https:\\\/\\\/www.laguiadepamplona.com\\\/actualidad\\\/el-ayuntamiento-pone-en-marcha-el-proyecto-trebatu-para-fomentar-el-acceso-a-la-contratacion-publica-a-pequenas-empresas-y-entidades-de-economia-social\\\/#breadcrumb\"},\"inLanguage\":\"es\",\"potentialAction\":[{\"@type\":\"ReadAction\",\"target\":[\"https:\\\/\\\/www.laguiadepamplona.com\\\/actualidad\\\/el-ayuntamiento-pone-en-marcha-el-proyecto-trebatu-para-fomentar-el-acceso-a-la-contratacion-publica-a-pequenas-empresas-y-entidades-de-economia-social\\\/\"]}]},{\"@type\":\"ImageObject\",\"inLanguage\":\"es\",\"@id\":\"https:\\\/\\\/www.laguiadepamplona.com\\\/actualidad\\\/el-ayuntamiento-pone-en-marcha-el-proyecto-trebatu-para-fomentar-el-acceso-a-la-contratacion-publica-a-pequenas-empresas-y-entidades-de-economia-social\\\/#primaryimage\",\"url\":\"\",\"contentUrl\":\"\"},{\"@type\":\"BreadcrumbList\",\"@id\":\"https:\\\/\\\/www.laguiadepamplona.com\\\/actualidad\\\/el-ayuntamiento-pone-en-marcha-el-proyecto-trebatu-para-fomentar-el-acceso-a-la-contratacion-publica-a-pequenas-empresas-y-entidades-de-economia-social\\\/#breadcrumb\",\"itemListElement\":[{\"@type\":\"ListItem\",\"position\":1,\"name\":\"Portada\",\"item\":\"https:\\\/\\\/www.laguiadepamplona.com\\\/actualidad\\\/\"},{\"@type\":\"ListItem\",\"position\":2,\"name\":\"El Ayuntamiento pone en marcha el proyecto \u2018Trebatu\u2019 para fomentar el acceso a la contrataci\u00f3n p\u00fablica a peque\u00f1as empresas y entidades de econom\u00eda social\"}]},{\"@type\":\"WebSite\",\"@id\":\"https:\\\/\\\/www.laguiadepamplona.com\\\/actualidad\\\/#website\",\"url\":\"https:\\\/\\\/www.laguiadepamplona.com\\\/actualidad\\\/\",\"name\":\"La gu\u00eda de Pamplona\",\"description\":\"Noticias de Pamplona\",\"publisher\":{\"@id\":\"https:\\\/\\\/www.laguiadepamplona.com\\\/actualidad\\\/#organization\"},\"potentialAction\":[{\"@type\":\"SearchAction\",\"target\":{\"@type\":\"EntryPoint\",\"urlTemplate\":\"https:\\\/\\\/www.laguiadepamplona.com\\\/actualidad\\\/?s={search_term_string}\"},\"query-input\":{\"@type\":\"PropertyValueSpecification\",\"valueRequired\":true,\"valueName\":\"search_term_string\"}}],\"inLanguage\":\"es\"},{\"@type\":\"Organization\",\"@id\":\"https:\\\/\\\/www.laguiadepamplona.com\\\/actualidad\\\/#organization\",\"name\":\"La Gu\u00eda de Pamplona \\\/ Noticias\",\"url\":\"https:\\\/\\\/www.laguiadepamplona.com\\\/actualidad\\\/\",\"logo\":{\"@type\":\"ImageObject\",\"inLanguage\":\"es\",\"@id\":\"https:\\\/\\\/www.laguiadepamplona.com\\\/actualidad\\\/#\\\/schema\\\/logo\\\/image\\\/\",\"url\":\"https:\\\/\\\/www.laguiadepamplona.com\\\/actualidad\\\/wp-content\\\/uploads\\\/2018\\\/11\\\/logo-laguiadepamplona18-web1.png\",\"contentUrl\":\"https:\\\/\\\/www.laguiadepamplona.com\\\/actualidad\\\/wp-content\\\/uploads\\\/2018\\\/11\\\/logo-laguiadepamplona18-web1.png\",\"width\":600,\"height\":196,\"caption\":\"La Gu\u00eda de Pamplona \\\/ Noticias\"},\"image\":{\"@id\":\"https:\\\/\\\/www.laguiadepamplona.com\\\/actualidad\\\/#\\\/schema\\\/logo\\\/image\\\/\"},\"sameAs\":[\"https:\\\/\\\/www.facebook.com\\\/laguiadepamplonacom-133175176762273\\\/?ref=hl\",\"https:\\\/\\\/x.com\\\/LaGuiadPamplona\",\"https:\\\/\\\/www.instagram.com\\\/la_guia_de_pamplona\\\/\",\"https:\\\/\\\/www.youtube.com\\\/user\\\/laguiadepamplona\"]},{\"@type\":\"Person\",\"@id\":\"https:\\\/\\\/www.laguiadepamplona.com\\\/actualidad\\\/#\\\/schema\\\/person\\\/efe887376f0213d4657c93adc50b1fdb\",\"name\":\"La Gu\u00eda de Pamplona\",\"image\":{\"@type\":\"ImageObject\",\"inLanguage\":\"es\",\"@id\":\"https:\\\/\\\/secure.gravatar.com\\\/avatar\\\/b6992f131dc8d30ab0dff15446e9d346d9dbd95992de0fef795073f5ea83a81c?s=96&d=mm&r=g\",\"url\":\"https:\\\/\\\/secure.gravatar.com\\\/avatar\\\/b6992f131dc8d30ab0dff15446e9d346d9dbd95992de0fef795073f5ea83a81c?s=96&d=mm&r=g\",\"contentUrl\":\"https:\\\/\\\/secure.gravatar.com\\\/avatar\\\/b6992f131dc8d30ab0dff15446e9d346d9dbd95992de0fef795073f5ea83a81c?s=96&d=mm&r=g\",\"caption\":\"La Gu\u00eda de Pamplona\"}}]}<\/script>\n<!-- \/ Yoast SEO plugin. -->","yoast_head_json":{"title":"El Ayuntamiento pone en marcha el proyecto \u2018Trebatu\u2019 para fomentar el acceso a la contrataci\u00f3n p\u00fablica a peque\u00f1as empresas y entidades de econom\u00eda social","robots":{"index":"index","follow":"follow","max-snippet":"max-snippet:-1","max-image-preview":"max-image-preview:large","max-video-preview":"max-video-preview:-1"},"canonical":"https:\/\/www.laguiadepamplona.com\/actualidad\/el-ayuntamiento-pone-en-marcha-el-proyecto-trebatu-para-fomentar-el-acceso-a-la-contratacion-publica-a-pequenas-empresas-y-entidades-de-economia-social\/","og_locale":"es_ES","og_type":"article","og_title":"El Ayuntamiento pone en marcha el proyecto \u2018Trebatu\u2019 para fomentar el acceso a la contrataci\u00f3n p\u00fablica a peque\u00f1as empresas y entidades de econom\u00eda social","og_description":"El consistorio plantea licitar las obras por lotes para facilitar el acceso a los contratos por parte de pymes y aut\u00f3nomos El Ayuntamiento de Pamplona ha puesto en marcha el...","og_url":"https:\/\/www.laguiadepamplona.com\/actualidad\/el-ayuntamiento-pone-en-marcha-el-proyecto-trebatu-para-fomentar-el-acceso-a-la-contratacion-publica-a-pequenas-empresas-y-entidades-de-economia-social\/","og_site_name":"La Gu\u00eda de Pamplona","article_publisher":"https:\/\/www.facebook.com\/laguiadepamplonacom-133175176762273\/?ref=hl","article_published_time":"2015-09-28T10:51:08+00:00","author":"La Gu\u00eda de Pamplona","twitter_card":"summary_large_image","twitter_creator":"@LaGuiadPamplona","twitter_site":"@LaGuiadPamplona","twitter_misc":{"Escrito por":"La Gu\u00eda de Pamplona","Tiempo de lectura":"5 minutos"},"schema":{"@context":"https:\/\/schema.org","@graph":[{"@type":"Article","@id":"https:\/\/www.laguiadepamplona.com\/actualidad\/el-ayuntamiento-pone-en-marcha-el-proyecto-trebatu-para-fomentar-el-acceso-a-la-contratacion-publica-a-pequenas-empresas-y-entidades-de-economia-social\/#article","isPartOf":{"@id":"https:\/\/www.laguiadepamplona.com\/actualidad\/el-ayuntamiento-pone-en-marcha-el-proyecto-trebatu-para-fomentar-el-acceso-a-la-contratacion-publica-a-pequenas-empresas-y-entidades-de-economia-social\/"},"author":{"name":"La Gu\u00eda de Pamplona","@id":"https:\/\/www.laguiadepamplona.com\/actualidad\/#\/schema\/person\/efe887376f0213d4657c93adc50b1fdb"},"headline":"El Ayuntamiento pone en marcha el proyecto \u2018Trebatu\u2019 para fomentar el acceso a la contrataci\u00f3n p\u00fablica a peque\u00f1as empresas y entidades de econom\u00eda social","datePublished":"2015-09-28T10:51:08+00:00","mainEntityOfPage":{"@id":"https:\/\/www.laguiadepamplona.com\/actualidad\/el-ayuntamiento-pone-en-marcha-el-proyecto-trebatu-para-fomentar-el-acceso-a-la-contratacion-publica-a-pequenas-empresas-y-entidades-de-economia-social\/"},"wordCount":997,"publisher":{"@id":"https:\/\/www.laguiadepamplona.com\/actualidad\/#organization"},"image":{"@id":"https:\/\/www.laguiadepamplona.com\/actualidad\/el-ayuntamiento-pone-en-marcha-el-proyecto-trebatu-para-fomentar-el-acceso-a-la-contratacion-publica-a-pequenas-empresas-y-entidades-de-economia-social\/#primaryimage"},"thumbnailUrl":"","keywords":["actualidad","ayto pamplona","Ayuntamiento de Pamplona","contrataci\u00f3n p\u00fablica","entidades de econom\u00eda social","fomentar el acceso","noticias","pamplona","peque\u00f1as empresas","Trebatu"],"articleSection":["Ayto Pamplona"],"inLanguage":"es"},{"@type":"WebPage","@id":"https:\/\/www.laguiadepamplona.com\/actualidad\/el-ayuntamiento-pone-en-marcha-el-proyecto-trebatu-para-fomentar-el-acceso-a-la-contratacion-publica-a-pequenas-empresas-y-entidades-de-economia-social\/","url":"https:\/\/www.laguiadepamplona.com\/actualidad\/el-ayuntamiento-pone-en-marcha-el-proyecto-trebatu-para-fomentar-el-acceso-a-la-contratacion-publica-a-pequenas-empresas-y-entidades-de-economia-social\/","name":"El Ayuntamiento pone en marcha el proyecto \u2018Trebatu\u2019 para fomentar el acceso a la contrataci\u00f3n p\u00fablica a peque\u00f1as empresas y entidades de econom\u00eda social","isPartOf":{"@id":"https:\/\/www.laguiadepamplona.com\/actualidad\/#website"},"primaryImageOfPage":{"@id":"https:\/\/www.laguiadepamplona.com\/actualidad\/el-ayuntamiento-pone-en-marcha-el-proyecto-trebatu-para-fomentar-el-acceso-a-la-contratacion-publica-a-pequenas-empresas-y-entidades-de-economia-social\/#primaryimage"},"image":{"@id":"https:\/\/www.laguiadepamplona.com\/actualidad\/el-ayuntamiento-pone-en-marcha-el-proyecto-trebatu-para-fomentar-el-acceso-a-la-contratacion-publica-a-pequenas-empresas-y-entidades-de-economia-social\/#primaryimage"},"thumbnailUrl":"","datePublished":"2015-09-28T10:51:08+00:00","breadcrumb":{"@id":"https:\/\/www.laguiadepamplona.com\/actualidad\/el-ayuntamiento-pone-en-marcha-el-proyecto-trebatu-para-fomentar-el-acceso-a-la-contratacion-publica-a-pequenas-empresas-y-entidades-de-economia-social\/#breadcrumb"},"inLanguage":"es","potentialAction":[{"@type":"ReadAction","target":["https:\/\/www.laguiadepamplona.com\/actualidad\/el-ayuntamiento-pone-en-marcha-el-proyecto-trebatu-para-fomentar-el-acceso-a-la-contratacion-publica-a-pequenas-empresas-y-entidades-de-economia-social\/"]}]},{"@type":"ImageObject","inLanguage":"es","@id":"https:\/\/www.laguiadepamplona.com\/actualidad\/el-ayuntamiento-pone-en-marcha-el-proyecto-trebatu-para-fomentar-el-acceso-a-la-contratacion-publica-a-pequenas-empresas-y-entidades-de-economia-social\/#primaryimage","url":"","contentUrl":""},{"@type":"BreadcrumbList","@id":"https:\/\/www.laguiadepamplona.com\/actualidad\/el-ayuntamiento-pone-en-marcha-el-proyecto-trebatu-para-fomentar-el-acceso-a-la-contratacion-publica-a-pequenas-empresas-y-entidades-de-economia-social\/#breadcrumb","itemListElement":[{"@type":"ListItem","position":1,"name":"Portada","item":"https:\/\/www.laguiadepamplona.com\/actualidad\/"},{"@type":"ListItem","position":2,"name":"El Ayuntamiento pone en marcha el proyecto \u2018Trebatu\u2019 para fomentar el acceso a la contrataci\u00f3n p\u00fablica a peque\u00f1as empresas y entidades de econom\u00eda social"}]},{"@type":"WebSite","@id":"https:\/\/www.laguiadepamplona.com\/actualidad\/#website","url":"https:\/\/www.laguiadepamplona.com\/actualidad\/","name":"La gu\u00eda de Pamplona","description":"Noticias de Pamplona","publisher":{"@id":"https:\/\/www.laguiadepamplona.com\/actualidad\/#organization"},"potentialAction":[{"@type":"SearchAction","target":{"@type":"EntryPoint","urlTemplate":"https:\/\/www.laguiadepamplona.com\/actualidad\/?s={search_term_string}"},"query-input":{"@type":"PropertyValueSpecification","valueRequired":true,"valueName":"search_term_string"}}],"inLanguage":"es"},{"@type":"Organization","@id":"https:\/\/www.laguiadepamplona.com\/actualidad\/#organization","name":"La Gu\u00eda de Pamplona \/ Noticias","url":"https:\/\/www.laguiadepamplona.com\/actualidad\/","logo":{"@type":"ImageObject","inLanguage":"es","@id":"https:\/\/www.laguiadepamplona.com\/actualidad\/#\/schema\/logo\/image\/","url":"https:\/\/www.laguiadepamplona.com\/actualidad\/wp-content\/uploads\/2018\/11\/logo-laguiadepamplona18-web1.png","contentUrl":"https:\/\/www.laguiadepamplona.com\/actualidad\/wp-content\/uploads\/2018\/11\/logo-laguiadepamplona18-web1.png","width":600,"height":196,"caption":"La Gu\u00eda de Pamplona \/ Noticias"},"image":{"@id":"https:\/\/www.laguiadepamplona.com\/actualidad\/#\/schema\/logo\/image\/"},"sameAs":["https:\/\/www.facebook.com\/laguiadepamplonacom-133175176762273\/?ref=hl","https:\/\/x.com\/LaGuiadPamplona","https:\/\/www.instagram.com\/la_guia_de_pamplona\/","https:\/\/www.youtube.com\/user\/laguiadepamplona"]},{"@type":"Person","@id":"https:\/\/www.laguiadepamplona.com\/actualidad\/#\/schema\/person\/efe887376f0213d4657c93adc50b1fdb","name":"La Gu\u00eda de Pamplona","image":{"@type":"ImageObject","inLanguage":"es","@id":"https:\/\/secure.gravatar.com\/avatar\/b6992f131dc8d30ab0dff15446e9d346d9dbd95992de0fef795073f5ea83a81c?s=96&d=mm&r=g","url":"https:\/\/secure.gravatar.com\/avatar\/b6992f131dc8d30ab0dff15446e9d346d9dbd95992de0fef795073f5ea83a81c?s=96&d=mm&r=g","contentUrl":"https:\/\/secure.gravatar.com\/avatar\/b6992f131dc8d30ab0dff15446e9d346d9dbd95992de0fef795073f5ea83a81c?s=96&d=mm&r=g","caption":"La Gu\u00eda de Pamplona"}}]}},"post_mailing_queue_ids":[],"_links":{"self":[{"href":"https:\/\/www.laguiadepamplona.com\/actualidad\/wp-json\/wp\/v2\/posts\/7324","targetHints":{"allow":["GET"]}}],"collection":[{"href":"https:\/\/www.laguiadepamplona.com\/actualidad\/wp-json\/wp\/v2\/posts"}],"about":[{"href":"https:\/\/www.laguiadepamplona.com\/actualidad\/wp-json\/wp\/v2\/types\/post"}],"author":[{"embeddable":true,"href":"https:\/\/www.laguiadepamplona.com\/actualidad\/wp-json\/wp\/v2\/users\/1"}],"replies":[{"embeddable":true,"href":"https:\/\/www.laguiadepamplona.com\/actualidad\/wp-json\/wp\/v2\/comments?post=7324"}],"version-history":[{"count":0,"href":"https:\/\/www.laguiadepamplona.com\/actualidad\/wp-json\/wp\/v2\/posts\/7324\/revisions"}],"wp:featuredmedia":[{"embeddable":true,"href":"https:\/\/www.laguiadepamplona.com\/actualidad\/wp-json\/"}],"wp:attachment":[{"href":"https:\/\/www.laguiadepamplona.com\/actualidad\/wp-json\/wp\/v2\/media?parent=7324"}],"wp:term":[{"taxonomy":"category","embeddable":true,"href":"https:\/\/www.laguiadepamplona.com\/actualidad\/wp-json\/wp\/v2\/categories?post=7324"},{"taxonomy":"post_tag","embeddable":true,"href":"https:\/\/www.laguiadepamplona.com\/actualidad\/wp-json\/wp\/v2\/tags?post=7324"}],"curies":[{"name":"wp","href":"https:\/\/api.w.org\/{rel}","templated":true}]}}