{"id":7320,"date":"2015-09-28T12:48:22","date_gmt":"2015-09-28T10:48:22","guid":{"rendered":"http:\/\/laguiadepamplona.com\/actualidad\/?p=7320"},"modified":"2015-09-28T12:48:22","modified_gmt":"2015-09-28T10:48:22","slug":"ocho-detenidos-por-conducir-bajo-los-efectos-del-alcohol-este-fin-de-semana-y-un-detenido-por-lesiones-por-imprudencia","status":"publish","type":"post","link":"https:\/\/www.laguiadepamplona.com\/actualidad\/ocho-detenidos-por-conducir-bajo-los-efectos-del-alcohol-este-fin-de-semana-y-un-detenido-por-lesiones-por-imprudencia\/","title":{"rendered":"Ocho detenidos por conducir bajo los efectos del alcohol este fin de semana y un detenido por lesiones por imprudencia"},"content":{"rendered":"<p><span style=\"font-family: Arial,sans-serif;\"><a href=\"http:\/\/laguiadepamplona.com\/actualidad\/wp-content\/uploads\/2014\/06\/polic\u00eda-municipal-pamplona.jpg\"><img loading=\"lazy\" decoding=\"async\" class=\"alignleft size-medium wp-image-1986\" src=\"http:\/\/laguiadepamplona.com\/actualidad\/wp-content\/uploads\/2014\/06\/polic\u00eda-municipal-pamplona-300x223.jpg\" alt=\"polic\u00eda-municipal-pamplona\" width=\"300\" height=\"223\" \/><\/a>La Polic\u00eda Municipal de Pamplona detuvo la semana pasada a nueve personas como presuntas autoras de diferentes delitos contra el tr\u00e1fico y la seguridad vial en la ciudad. Ocho de ellas dieron positivo en controles de alcoholemia y una fue detenida por lesiones por imprudencia. Todos los arrestos se concentraron entre el viernes y el domingo.<\/span><\/p>\n<p lang=\"es-ES\"><span style=\"font-family: Arial,sans-serif;\">El mayor n\u00famero de detenidos se produjo el s\u00e1bado, cuando se arrest\u00f3 a seis personas por etilometr\u00eda positiva y a una persona por lesiones por imprudencia. El domingo y el viernes se registraron sendas detenciones; en el caso del viernes, adem\u00e1s, el conductor se neg\u00f3 a realizar la prueba de alcoholemia. <\/span><\/p>\n<p lang=\"es-ES\"><span style=\"font-family: Arial,sans-serif;\">Adem\u00e1s, la Polic\u00eda Municipal de Pamplona denunci\u00f3 por v\u00eda administrativa a otras 19 personas entre el lunes y el domingo. De ellas, 17 dieron positivo en controles de alcoholemia y 1 conduc\u00eda bajo los efectos de sustancias estupefacientes. En ning\u00fan caso sus resultados alcanzaron tasas constitutivas de delito. Una persona m\u00e1s fue sancionada por conducir con el carn\u00e9 caducado. Tambi\u00e9n en este caso la mayor\u00eda de las denuncias se registraron el fin de semana. El viernes se interpusieron nueve por etilometr\u00edas positivas y una por drogas, el s\u00e1bado siete por alcohol y el lunes una. <\/span><\/p>\n<p lang=\"es-ES\">\n","protected":false},"excerpt":{"rendered":"<p>La Polic\u00eda Municipal de Pamplona detuvo la semana pasada a nueve personas como presuntas autoras de diferentes delitos contra el tr\u00e1fico y la seguridad vial en la ciudad. Ocho de&#8230;<\/p>\n","protected":false},"author":1,"featured_media":1986,"comment_status":"closed","ping_status":"closed","sticky":false,"template":"","format":"standard","meta":{"footnotes":""},"categories":[2],"tags":[5,388,6,509,2442,1151,336,1390,6567,6568,8,9],"class_list":["post-7320","post","type-post","status-publish","format-standard","has-post-thumbnail","hentry","category-ayuntamiento-pamplona","tag-actualidad","tag-alcohol","tag-ayto-pamplona","tag-ayuntamiento-de-pamplona","tag-bajo","tag-conducir","tag-detenidos","tag-efectos","tag-impridencia","tag-lesiones","tag-noticias","tag-pamplona"],"yoast_head":"<!-- This site is optimized with the Yoast SEO plugin v27.5 - https:\/\/yoast.com\/product\/yoast-seo-wordpress\/ -->\n<title>Ocho detenidos por conducir bajo los efectos del alcohol este fin de semana y un detenido por lesiones por imprudencia<\/title>\n<meta name=\"robots\" content=\"index, follow, max-snippet:-1, max-image-preview:large, max-video-preview:-1\" \/>\n<link rel=\"canonical\" href=\"https:\/\/www.laguiadepamplona.com\/actualidad\/ocho-detenidos-por-conducir-bajo-los-efectos-del-alcohol-este-fin-de-semana-y-un-detenido-por-lesiones-por-imprudencia\/\" \/>\n<meta property=\"og:locale\" content=\"es_ES\" \/>\n<meta property=\"og:type\" content=\"article\" \/>\n<meta property=\"og:title\" content=\"Ocho detenidos por conducir bajo los efectos del alcohol este fin de semana y un detenido por lesiones por imprudencia\" \/>\n<meta property=\"og:description\" content=\"La Polic\u00eda Municipal de Pamplona detuvo la semana pasada a nueve personas como presuntas autoras de diferentes delitos contra el tr\u00e1fico y la seguridad vial en la ciudad. Ocho de...\" \/>\n<meta property=\"og:url\" content=\"https:\/\/www.laguiadepamplona.com\/actualidad\/ocho-detenidos-por-conducir-bajo-los-efectos-del-alcohol-este-fin-de-semana-y-un-detenido-por-lesiones-por-imprudencia\/\" \/>\n<meta property=\"og:site_name\" content=\"La Gu\u00eda de Pamplona\" \/>\n<meta property=\"article:publisher\" content=\"https:\/\/www.facebook.com\/laguiadepamplonacom-133175176762273\/?ref=hl\" \/>\n<meta property=\"article:published_time\" content=\"2015-09-28T10:48:22+00:00\" \/>\n<meta name=\"author\" content=\"La Gu\u00eda de Pamplona\" \/>\n<meta name=\"twitter:card\" content=\"summary_large_image\" \/>\n<meta name=\"twitter:creator\" content=\"@LaGuiadPamplona\" \/>\n<meta name=\"twitter:site\" content=\"@LaGuiadPamplona\" \/>\n<meta name=\"twitter:label1\" content=\"Escrito por\" \/>\n\t<meta name=\"twitter:data1\" content=\"La Gu\u00eda de Pamplona\" \/>\n\t<meta name=\"twitter:label2\" content=\"Tiempo de lectura\" \/>\n\t<meta name=\"twitter:data2\" content=\"1 minuto\" \/>\n<script type=\"application\/ld+json\" class=\"yoast-schema-graph\">{\"@context\":\"https:\\\/\\\/schema.org\",\"@graph\":[{\"@type\":\"Article\",\"@id\":\"https:\\\/\\\/www.laguiadepamplona.com\\\/actualidad\\\/ocho-detenidos-por-conducir-bajo-los-efectos-del-alcohol-este-fin-de-semana-y-un-detenido-por-lesiones-por-imprudencia\\\/#article\",\"isPartOf\":{\"@id\":\"https:\\\/\\\/www.laguiadepamplona.com\\\/actualidad\\\/ocho-detenidos-por-conducir-bajo-los-efectos-del-alcohol-este-fin-de-semana-y-un-detenido-por-lesiones-por-imprudencia\\\/\"},\"author\":{\"name\":\"La Gu\u00eda de Pamplona\",\"@id\":\"https:\\\/\\\/www.laguiadepamplona.com\\\/actualidad\\\/#\\\/schema\\\/person\\\/efe887376f0213d4657c93adc50b1fdb\"},\"headline\":\"Ocho detenidos por conducir bajo los efectos del alcohol este fin de semana y un detenido por lesiones por imprudencia\",\"datePublished\":\"2015-09-28T10:48:22+00:00\",\"mainEntityOfPage\":{\"@id\":\"https:\\\/\\\/www.laguiadepamplona.com\\\/actualidad\\\/ocho-detenidos-por-conducir-bajo-los-efectos-del-alcohol-este-fin-de-semana-y-un-detenido-por-lesiones-por-imprudencia\\\/\"},\"wordCount\":235,\"publisher\":{\"@id\":\"https:\\\/\\\/www.laguiadepamplona.com\\\/actualidad\\\/#organization\"},\"image\":{\"@id\":\"https:\\\/\\\/www.laguiadepamplona.com\\\/actualidad\\\/ocho-detenidos-por-conducir-bajo-los-efectos-del-alcohol-este-fin-de-semana-y-un-detenido-por-lesiones-por-imprudencia\\\/#primaryimage\"},\"thumbnailUrl\":\"\",\"keywords\":[\"actualidad\",\"alcohol\",\"ayto pamplona\",\"Ayuntamiento de Pamplona\",\"bajo\",\"conducir\",\"Detenidos\",\"efectos\",\"impridencia\",\"lesiones\",\"noticias\",\"pamplona\"],\"articleSection\":[\"Ayto Pamplona\"],\"inLanguage\":\"es\"},{\"@type\":\"WebPage\",\"@id\":\"https:\\\/\\\/www.laguiadepamplona.com\\\/actualidad\\\/ocho-detenidos-por-conducir-bajo-los-efectos-del-alcohol-este-fin-de-semana-y-un-detenido-por-lesiones-por-imprudencia\\\/\",\"url\":\"https:\\\/\\\/www.laguiadepamplona.com\\\/actualidad\\\/ocho-detenidos-por-conducir-bajo-los-efectos-del-alcohol-este-fin-de-semana-y-un-detenido-por-lesiones-por-imprudencia\\\/\",\"name\":\"Ocho detenidos por conducir bajo los efectos del alcohol este fin de semana y un detenido por lesiones por imprudencia\",\"isPartOf\":{\"@id\":\"https:\\\/\\\/www.laguiadepamplona.com\\\/actualidad\\\/#website\"},\"primaryImageOfPage\":{\"@id\":\"https:\\\/\\\/www.laguiadepamplona.com\\\/actualidad\\\/ocho-detenidos-por-conducir-bajo-los-efectos-del-alcohol-este-fin-de-semana-y-un-detenido-por-lesiones-por-imprudencia\\\/#primaryimage\"},\"image\":{\"@id\":\"https:\\\/\\\/www.laguiadepamplona.com\\\/actualidad\\\/ocho-detenidos-por-conducir-bajo-los-efectos-del-alcohol-este-fin-de-semana-y-un-detenido-por-lesiones-por-imprudencia\\\/#primaryimage\"},\"thumbnailUrl\":\"\",\"datePublished\":\"2015-09-28T10:48:22+00:00\",\"breadcrumb\":{\"@id\":\"https:\\\/\\\/www.laguiadepamplona.com\\\/actualidad\\\/ocho-detenidos-por-conducir-bajo-los-efectos-del-alcohol-este-fin-de-semana-y-un-detenido-por-lesiones-por-imprudencia\\\/#breadcrumb\"},\"inLanguage\":\"es\",\"potentialAction\":[{\"@type\":\"ReadAction\",\"target\":[\"https:\\\/\\\/www.laguiadepamplona.com\\\/actualidad\\\/ocho-detenidos-por-conducir-bajo-los-efectos-del-alcohol-este-fin-de-semana-y-un-detenido-por-lesiones-por-imprudencia\\\/\"]}]},{\"@type\":\"ImageObject\",\"inLanguage\":\"es\",\"@id\":\"https:\\\/\\\/www.laguiadepamplona.com\\\/actualidad\\\/ocho-detenidos-por-conducir-bajo-los-efectos-del-alcohol-este-fin-de-semana-y-un-detenido-por-lesiones-por-imprudencia\\\/#primaryimage\",\"url\":\"\",\"contentUrl\":\"\"},{\"@type\":\"BreadcrumbList\",\"@id\":\"https:\\\/\\\/www.laguiadepamplona.com\\\/actualidad\\\/ocho-detenidos-por-conducir-bajo-los-efectos-del-alcohol-este-fin-de-semana-y-un-detenido-por-lesiones-por-imprudencia\\\/#breadcrumb\",\"itemListElement\":[{\"@type\":\"ListItem\",\"position\":1,\"name\":\"Portada\",\"item\":\"https:\\\/\\\/www.laguiadepamplona.com\\\/actualidad\\\/\"},{\"@type\":\"ListItem\",\"position\":2,\"name\":\"Ocho detenidos por conducir bajo los efectos del alcohol este fin de semana y un detenido por lesiones por imprudencia\"}]},{\"@type\":\"WebSite\",\"@id\":\"https:\\\/\\\/www.laguiadepamplona.com\\\/actualidad\\\/#website\",\"url\":\"https:\\\/\\\/www.laguiadepamplona.com\\\/actualidad\\\/\",\"name\":\"La gu\u00eda de Pamplona\",\"description\":\"Noticias de Pamplona\",\"publisher\":{\"@id\":\"https:\\\/\\\/www.laguiadepamplona.com\\\/actualidad\\\/#organization\"},\"potentialAction\":[{\"@type\":\"SearchAction\",\"target\":{\"@type\":\"EntryPoint\",\"urlTemplate\":\"https:\\\/\\\/www.laguiadepamplona.com\\\/actualidad\\\/?s={search_term_string}\"},\"query-input\":{\"@type\":\"PropertyValueSpecification\",\"valueRequired\":true,\"valueName\":\"search_term_string\"}}],\"inLanguage\":\"es\"},{\"@type\":\"Organization\",\"@id\":\"https:\\\/\\\/www.laguiadepamplona.com\\\/actualidad\\\/#organization\",\"name\":\"La Gu\u00eda de Pamplona \\\/ Noticias\",\"url\":\"https:\\\/\\\/www.laguiadepamplona.com\\\/actualidad\\\/\",\"logo\":{\"@type\":\"ImageObject\",\"inLanguage\":\"es\",\"@id\":\"https:\\\/\\\/www.laguiadepamplona.com\\\/actualidad\\\/#\\\/schema\\\/logo\\\/image\\\/\",\"url\":\"https:\\\/\\\/www.laguiadepamplona.com\\\/actualidad\\\/wp-content\\\/uploads\\\/2018\\\/11\\\/logo-laguiadepamplona18-web1.png\",\"contentUrl\":\"https:\\\/\\\/www.laguiadepamplona.com\\\/actualidad\\\/wp-content\\\/uploads\\\/2018\\\/11\\\/logo-laguiadepamplona18-web1.png\",\"width\":600,\"height\":196,\"caption\":\"La Gu\u00eda de Pamplona \\\/ Noticias\"},\"image\":{\"@id\":\"https:\\\/\\\/www.laguiadepamplona.com\\\/actualidad\\\/#\\\/schema\\\/logo\\\/image\\\/\"},\"sameAs\":[\"https:\\\/\\\/www.facebook.com\\\/laguiadepamplonacom-133175176762273\\\/?ref=hl\",\"https:\\\/\\\/x.com\\\/LaGuiadPamplona\",\"https:\\\/\\\/www.instagram.com\\\/la_guia_de_pamplona\\\/\",\"https:\\\/\\\/www.youtube.com\\\/user\\\/laguiadepamplona\"]},{\"@type\":\"Person\",\"@id\":\"https:\\\/\\\/www.laguiadepamplona.com\\\/actualidad\\\/#\\\/schema\\\/person\\\/efe887376f0213d4657c93adc50b1fdb\",\"name\":\"La Gu\u00eda de Pamplona\",\"image\":{\"@type\":\"ImageObject\",\"inLanguage\":\"es\",\"@id\":\"https:\\\/\\\/secure.gravatar.com\\\/avatar\\\/b6992f131dc8d30ab0dff15446e9d346d9dbd95992de0fef795073f5ea83a81c?s=96&d=mm&r=g\",\"url\":\"https:\\\/\\\/secure.gravatar.com\\\/avatar\\\/b6992f131dc8d30ab0dff15446e9d346d9dbd95992de0fef795073f5ea83a81c?s=96&d=mm&r=g\",\"contentUrl\":\"https:\\\/\\\/secure.gravatar.com\\\/avatar\\\/b6992f131dc8d30ab0dff15446e9d346d9dbd95992de0fef795073f5ea83a81c?s=96&d=mm&r=g\",\"caption\":\"La Gu\u00eda de Pamplona\"}}]}<\/script>\n<!-- \/ Yoast SEO plugin. -->","yoast_head_json":{"title":"Ocho detenidos por conducir bajo los efectos del alcohol este fin de semana y un detenido por lesiones por imprudencia","robots":{"index":"index","follow":"follow","max-snippet":"max-snippet:-1","max-image-preview":"max-image-preview:large","max-video-preview":"max-video-preview:-1"},"canonical":"https:\/\/www.laguiadepamplona.com\/actualidad\/ocho-detenidos-por-conducir-bajo-los-efectos-del-alcohol-este-fin-de-semana-y-un-detenido-por-lesiones-por-imprudencia\/","og_locale":"es_ES","og_type":"article","og_title":"Ocho detenidos por conducir bajo los efectos del alcohol este fin de semana y un detenido por lesiones por imprudencia","og_description":"La Polic\u00eda Municipal de Pamplona detuvo la semana pasada a nueve personas como presuntas autoras de diferentes delitos contra el tr\u00e1fico y la seguridad vial en la ciudad. Ocho de...","og_url":"https:\/\/www.laguiadepamplona.com\/actualidad\/ocho-detenidos-por-conducir-bajo-los-efectos-del-alcohol-este-fin-de-semana-y-un-detenido-por-lesiones-por-imprudencia\/","og_site_name":"La Gu\u00eda de Pamplona","article_publisher":"https:\/\/www.facebook.com\/laguiadepamplonacom-133175176762273\/?ref=hl","article_published_time":"2015-09-28T10:48:22+00:00","author":"La Gu\u00eda de Pamplona","twitter_card":"summary_large_image","twitter_creator":"@LaGuiadPamplona","twitter_site":"@LaGuiadPamplona","twitter_misc":{"Escrito por":"La Gu\u00eda de Pamplona","Tiempo de lectura":"1 minuto"},"schema":{"@context":"https:\/\/schema.org","@graph":[{"@type":"Article","@id":"https:\/\/www.laguiadepamplona.com\/actualidad\/ocho-detenidos-por-conducir-bajo-los-efectos-del-alcohol-este-fin-de-semana-y-un-detenido-por-lesiones-por-imprudencia\/#article","isPartOf":{"@id":"https:\/\/www.laguiadepamplona.com\/actualidad\/ocho-detenidos-por-conducir-bajo-los-efectos-del-alcohol-este-fin-de-semana-y-un-detenido-por-lesiones-por-imprudencia\/"},"author":{"name":"La Gu\u00eda de Pamplona","@id":"https:\/\/www.laguiadepamplona.com\/actualidad\/#\/schema\/person\/efe887376f0213d4657c93adc50b1fdb"},"headline":"Ocho detenidos por conducir bajo los efectos del alcohol este fin de semana y un detenido por lesiones por imprudencia","datePublished":"2015-09-28T10:48:22+00:00","mainEntityOfPage":{"@id":"https:\/\/www.laguiadepamplona.com\/actualidad\/ocho-detenidos-por-conducir-bajo-los-efectos-del-alcohol-este-fin-de-semana-y-un-detenido-por-lesiones-por-imprudencia\/"},"wordCount":235,"publisher":{"@id":"https:\/\/www.laguiadepamplona.com\/actualidad\/#organization"},"image":{"@id":"https:\/\/www.laguiadepamplona.com\/actualidad\/ocho-detenidos-por-conducir-bajo-los-efectos-del-alcohol-este-fin-de-semana-y-un-detenido-por-lesiones-por-imprudencia\/#primaryimage"},"thumbnailUrl":"","keywords":["actualidad","alcohol","ayto pamplona","Ayuntamiento de Pamplona","bajo","conducir","Detenidos","efectos","impridencia","lesiones","noticias","pamplona"],"articleSection":["Ayto Pamplona"],"inLanguage":"es"},{"@type":"WebPage","@id":"https:\/\/www.laguiadepamplona.com\/actualidad\/ocho-detenidos-por-conducir-bajo-los-efectos-del-alcohol-este-fin-de-semana-y-un-detenido-por-lesiones-por-imprudencia\/","url":"https:\/\/www.laguiadepamplona.com\/actualidad\/ocho-detenidos-por-conducir-bajo-los-efectos-del-alcohol-este-fin-de-semana-y-un-detenido-por-lesiones-por-imprudencia\/","name":"Ocho detenidos por conducir bajo los efectos del alcohol este fin de semana y un detenido por lesiones por imprudencia","isPartOf":{"@id":"https:\/\/www.laguiadepamplona.com\/actualidad\/#website"},"primaryImageOfPage":{"@id":"https:\/\/www.laguiadepamplona.com\/actualidad\/ocho-detenidos-por-conducir-bajo-los-efectos-del-alcohol-este-fin-de-semana-y-un-detenido-por-lesiones-por-imprudencia\/#primaryimage"},"image":{"@id":"https:\/\/www.laguiadepamplona.com\/actualidad\/ocho-detenidos-por-conducir-bajo-los-efectos-del-alcohol-este-fin-de-semana-y-un-detenido-por-lesiones-por-imprudencia\/#primaryimage"},"thumbnailUrl":"","datePublished":"2015-09-28T10:48:22+00:00","breadcrumb":{"@id":"https:\/\/www.laguiadepamplona.com\/actualidad\/ocho-detenidos-por-conducir-bajo-los-efectos-del-alcohol-este-fin-de-semana-y-un-detenido-por-lesiones-por-imprudencia\/#breadcrumb"},"inLanguage":"es","potentialAction":[{"@type":"ReadAction","target":["https:\/\/www.laguiadepamplona.com\/actualidad\/ocho-detenidos-por-conducir-bajo-los-efectos-del-alcohol-este-fin-de-semana-y-un-detenido-por-lesiones-por-imprudencia\/"]}]},{"@type":"ImageObject","inLanguage":"es","@id":"https:\/\/www.laguiadepamplona.com\/actualidad\/ocho-detenidos-por-conducir-bajo-los-efectos-del-alcohol-este-fin-de-semana-y-un-detenido-por-lesiones-por-imprudencia\/#primaryimage","url":"","contentUrl":""},{"@type":"BreadcrumbList","@id":"https:\/\/www.laguiadepamplona.com\/actualidad\/ocho-detenidos-por-conducir-bajo-los-efectos-del-alcohol-este-fin-de-semana-y-un-detenido-por-lesiones-por-imprudencia\/#breadcrumb","itemListElement":[{"@type":"ListItem","position":1,"name":"Portada","item":"https:\/\/www.laguiadepamplona.com\/actualidad\/"},{"@type":"ListItem","position":2,"name":"Ocho detenidos por conducir bajo los efectos del alcohol este fin de semana y un detenido por lesiones por imprudencia"}]},{"@type":"WebSite","@id":"https:\/\/www.laguiadepamplona.com\/actualidad\/#website","url":"https:\/\/www.laguiadepamplona.com\/actualidad\/","name":"La gu\u00eda de Pamplona","description":"Noticias de Pamplona","publisher":{"@id":"https:\/\/www.laguiadepamplona.com\/actualidad\/#organization"},"potentialAction":[{"@type":"SearchAction","target":{"@type":"EntryPoint","urlTemplate":"https:\/\/www.laguiadepamplona.com\/actualidad\/?s={search_term_string}"},"query-input":{"@type":"PropertyValueSpecification","valueRequired":true,"valueName":"search_term_string"}}],"inLanguage":"es"},{"@type":"Organization","@id":"https:\/\/www.laguiadepamplona.com\/actualidad\/#organization","name":"La Gu\u00eda de Pamplona \/ Noticias","url":"https:\/\/www.laguiadepamplona.com\/actualidad\/","logo":{"@type":"ImageObject","inLanguage":"es","@id":"https:\/\/www.laguiadepamplona.com\/actualidad\/#\/schema\/logo\/image\/","url":"https:\/\/www.laguiadepamplona.com\/actualidad\/wp-content\/uploads\/2018\/11\/logo-laguiadepamplona18-web1.png","contentUrl":"https:\/\/www.laguiadepamplona.com\/actualidad\/wp-content\/uploads\/2018\/11\/logo-laguiadepamplona18-web1.png","width":600,"height":196,"caption":"La Gu\u00eda de Pamplona \/ Noticias"},"image":{"@id":"https:\/\/www.laguiadepamplona.com\/actualidad\/#\/schema\/logo\/image\/"},"sameAs":["https:\/\/www.facebook.com\/laguiadepamplonacom-133175176762273\/?ref=hl","https:\/\/x.com\/LaGuiadPamplona","https:\/\/www.instagram.com\/la_guia_de_pamplona\/","https:\/\/www.youtube.com\/user\/laguiadepamplona"]},{"@type":"Person","@id":"https:\/\/www.laguiadepamplona.com\/actualidad\/#\/schema\/person\/efe887376f0213d4657c93adc50b1fdb","name":"La Gu\u00eda de Pamplona","image":{"@type":"ImageObject","inLanguage":"es","@id":"https:\/\/secure.gravatar.com\/avatar\/b6992f131dc8d30ab0dff15446e9d346d9dbd95992de0fef795073f5ea83a81c?s=96&d=mm&r=g","url":"https:\/\/secure.gravatar.com\/avatar\/b6992f131dc8d30ab0dff15446e9d346d9dbd95992de0fef795073f5ea83a81c?s=96&d=mm&r=g","contentUrl":"https:\/\/secure.gravatar.com\/avatar\/b6992f131dc8d30ab0dff15446e9d346d9dbd95992de0fef795073f5ea83a81c?s=96&d=mm&r=g","caption":"La Gu\u00eda de Pamplona"}}]}},"post_mailing_queue_ids":[],"_links":{"self":[{"href":"https:\/\/www.laguiadepamplona.com\/actualidad\/wp-json\/wp\/v2\/posts\/7320","targetHints":{"allow":["GET"]}}],"collection":[{"href":"https:\/\/www.laguiadepamplona.com\/actualidad\/wp-json\/wp\/v2\/posts"}],"about":[{"href":"https:\/\/www.laguiadepamplona.com\/actualidad\/wp-json\/wp\/v2\/types\/post"}],"author":[{"embeddable":true,"href":"https:\/\/www.laguiadepamplona.com\/actualidad\/wp-json\/wp\/v2\/users\/1"}],"replies":[{"embeddable":true,"href":"https:\/\/www.laguiadepamplona.com\/actualidad\/wp-json\/wp\/v2\/comments?post=7320"}],"version-history":[{"count":0,"href":"https:\/\/www.laguiadepamplona.com\/actualidad\/wp-json\/wp\/v2\/posts\/7320\/revisions"}],"wp:featuredmedia":[{"embeddable":true,"href":"https:\/\/www.laguiadepamplona.com\/actualidad\/wp-json\/"}],"wp:attachment":[{"href":"https:\/\/www.laguiadepamplona.com\/actualidad\/wp-json\/wp\/v2\/media?parent=7320"}],"wp:term":[{"taxonomy":"category","embeddable":true,"href":"https:\/\/www.laguiadepamplona.com\/actualidad\/wp-json\/wp\/v2\/categories?post=7320"},{"taxonomy":"post_tag","embeddable":true,"href":"https:\/\/www.laguiadepamplona.com\/actualidad\/wp-json\/wp\/v2\/tags?post=7320"}],"curies":[{"name":"wp","href":"https:\/\/api.w.org\/{rel}","templated":true}]}}