{"id":7292,"date":"2015-09-24T12:36:52","date_gmt":"2015-09-24T10:36:52","guid":{"rendered":"http:\/\/laguiadepamplona.com\/actualidad\/?p=7292"},"modified":"2015-09-24T12:36:52","modified_gmt":"2015-09-24T10:36:52","slug":"ocho-trabajadores-del-tajo-de-tapiceria-del-programa-de-empleo-social-de-pamplona-estan-renovando-las-300-butacas-del-salon-de-actos-del-i-e-s-navarro-villoslada","status":"publish","type":"post","link":"https:\/\/www.laguiadepamplona.com\/actualidad\/ocho-trabajadores-del-tajo-de-tapiceria-del-programa-de-empleo-social-de-pamplona-estan-renovando-las-300-butacas-del-salon-de-actos-del-i-e-s-navarro-villoslada\/","title":{"rendered":"Ocho trabajadores del tajo de Tapicer\u00eda del Programa de Empleo Social de Pamplona est\u00e1n renovando las 300 butacas del Sal\u00f3n de Actos del I.E.S. Navarro Villoslada"},"content":{"rendered":"<h4 class=\"western\"><span style=\"color: #000000;\"><span lang=\"es-ES\">E<\/span><\/span><span style=\"color: #000000;\">n 15 d\u00edas se concluir\u00e1 una reforma que tambi\u00e9n ha redise\u00f1ado otros componentes esc\u00e9nicos: tel\u00f3n, bambalinas&#8230;<\/span><\/h4>\n<p><span style=\"font-family: Arial,sans-serif;\"><a href=\"http:\/\/laguiadepamplona.com\/actualidad\/wp-content\/uploads\/2015\/09\/tajo_tapiceria_butacas_navarro_villoslada_antes.jpg\"><img loading=\"lazy\" decoding=\"async\" class=\"alignleft size-medium wp-image-7293\" src=\"http:\/\/laguiadepamplona.com\/actualidad\/wp-content\/uploads\/2015\/09\/tajo_tapiceria_butacas_navarro_villoslada_antes-300x169.jpg\" alt=\"tajo_tapiceria_butacas_navarro_villoslada_antes\" width=\"300\" height=\"169\" \/><\/a>\u00a0 El I.E.S. Navarro Villoslada reestrenara en octubre su Sal\u00f3n de Actos gracias a ocho personas que trabajan en el Tajo de Tapicer\u00eda del Ayuntamiento de Pamplona est\u00e1n sustituyendo las tapicer\u00edas y el relleno de sus 300 butacas, y pr\u00f3ximamente se encargar\u00e1n de instalar las cortinas opacas en la puerta de acceso al sal\u00f3n. Ya el pasado a\u00f1o este tajo renov\u00f3 telones y bambalinas de un aula que la direcci\u00f3n del centro aprecia de forma especial y que es el marco de la actividad, entre otras, del taller de teatro del centro, que lleva 37 a\u00f1os de funcionamiento y se nutre de los cursos de Bachillerato de este instituto pamplon\u00e9s.<\/span><\/p>\n<p><span style=\"font-family: Arial,sans-serif;\"><a href=\"http:\/\/laguiadepamplona.com\/actualidad\/wp-content\/uploads\/2015\/09\/tajo_tapiceria_butacas_navarro_villoslada_montaje.jpg\"><img loading=\"lazy\" decoding=\"async\" class=\"alignleft size-medium wp-image-7295\" src=\"http:\/\/laguiadepamplona.com\/actualidad\/wp-content\/uploads\/2015\/09\/tajo_tapiceria_butacas_navarro_villoslada_montaje-300x200.jpg\" alt=\"tajo_tapiceria_butacas_navarro_villoslada_montaje\" width=\"300\" height=\"200\" \/><\/a><\/span><span style=\"font-family: Arial,sans-serif;\">Los siete trabajadores (tres mujeres y cuatro hombres) que integran el tajo de empleo social bajo el mando de una encargada tienen una edad media de 41 a\u00f1os. Durante un a\u00f1o est\u00e1n contratados por el Consistorio y reciben formaci\u00f3n especializada, a la vez que desempe\u00f1an diversas tareas. Desde el pasado junio han ido retirando hasta los locales municipales de Monasterio de Fitero las butacas del sal\u00f3n, por filas de 16 elementos cada una. All\u00ed se realiza el proceso de desmontaje y restauraci\u00f3n para devolverlas renovadas al centro en una operaci\u00f3n repetida casi de forma <span style=\"color: #000000;\">semanal y de la que s\u00f3lo restan las tres \u00faltimas filas (48 butacas) por intervenir que ya se encuentran en el taller.<\/span><\/span><\/p>\n<p><span style=\"font-family: Arial,sans-serif;\"><a href=\"http:\/\/laguiadepamplona.com\/actualidad\/wp-content\/uploads\/2015\/09\/tajo_tapiceria_butacas_navarro_villoslada_despues_butacas.jpg\"><img loading=\"lazy\" decoding=\"async\" class=\"alignleft size-medium wp-image-7294\" src=\"http:\/\/laguiadepamplona.com\/actualidad\/wp-content\/uploads\/2015\/09\/tajo_tapiceria_butacas_navarro_villoslada_despues_butacas-300x200.jpg\" alt=\"tajo_tapiceria_butacas_navarro_villoslada_despues_butacas\" width=\"300\" height=\"200\" \/><\/a><\/span><span style=\"font-family: Arial,sans-serif;\">Rehacer cada butaca viene a ocuparles seis horas de trabajo entre el desmontaje y los rellenos y la tapicer\u00eda da\u00f1ada (verde botella), y el nuevo \u201cvestido\u201d de la estructura de madera con espumas, cinchas y tapicer\u00eda granate \u2013la tela elegida por el instituto- fijada con grapas \u201ca la inglesa\u201d; el acabado de las butacas obliga, adem\u00e1s, al repintado de las molduras de madera de cada sill\u00f3n.<\/span><\/p>\n<p><span style=\"font-family: Arial,sans-serif;\">En Proyecto Educativo de Centro del I.E.S. Navarro Villoslada el Sal\u00f3n de Actos sirve tambi\u00e9n para momentos especiales de la comunidad educativa como son la realizaci\u00f3n de claustros, el Festival de Navidad; charlas y conferencias; el acto a la acogida de las familias de principio de curso; los actos acad\u00e9micos de fin de curso y jubilaciones y, por supuesto, para impartir la extraescolar de teatro de las tardes.<\/span><\/p>\n<p><span style=\"font-family: Arial,sans-serif;\"><b>Empleo Social: 90 peones contratados en 2015<\/b><\/span><\/p>\n<p><span style=\"font-family: Arial,sans-serif;\">El programa cuenta, de promedio, con un equipo de unas 180 personas, entre peones contratados, formadores y equipo t\u00e9cnico, y desarrolla su actividad en nueve tajos o grupos de trabajo: obras, soldadura, pintura, limpieza y consejer\u00eda, mantenimiento de r\u00edos y vivero, costura y confecci\u00f3n, tapicer\u00eda, comedor municipal y encuadernaci\u00f3n y serigraf\u00eda.<\/span><\/p>\n<p><span style=\"font-family: Arial,sans-serif;\">En cada uno de los tajos puede haber uno o varios grupos de trabajo al frente de los cuales se sit\u00faa un\/a oficial\/a, que es la persona que realiza la formaci\u00f3n directa en la tarea. Cada tajo dispone tambi\u00e9n de una persona encargada, adem\u00e1s de otro personal de apoyo, como trabajadores sociales, arquitecta t\u00e9cnica, personal administrativo, etc. En lo que llevamos de a\u00f1o el Ayuntamiento de Pamplona ha contratado 90 peones.<\/span><\/p>\n<h4 class=\"apoyo-de-datos-western\">Los tajos de Empleo Social Protegido<\/h4>\n<ul>\n<li><span style=\"font-family: Arial,sans-serif;\">Encuadernaci\u00f3n serigraf\u00eda<\/span><\/li>\n<li><span style=\"font-family: Arial,sans-serif;\">Limpieza\/conserjer\u00eda<\/span><\/li>\n<li><span style=\"font-family: Arial,sans-serif;\">Tajo de obras\/Pasos rebajados<\/span><\/li>\n<li><span style=\"font-family: Arial,sans-serif;\">Tajo de pintura y Pintura mobiliario urbano<\/span><\/li>\n<li><span style=\"font-family: Arial,sans-serif;\">Tajo de Soldadura<\/span><\/li>\n<li><span style=\"font-family: Arial,sans-serif;\">Tajo de Tapicer\u00eda<\/span><\/li>\n<li><span style=\"font-family: Arial,sans-serif;\">Tajo de Confecci\u00f3n<\/span><\/li>\n<li><span style=\"font-family: Arial,sans-serif;\">Tajo de R\u00edo Arga y Tajo de viveros (dentro del tajo de R\u00edo Arga)<\/span><\/li>\n<li><span style=\"font-family: Arial,sans-serif;\">Tajo de Comedor Municipal (Oscus 0,50)<\/span><\/li>\n<\/ul>\n<p>&nbsp;<\/p>\n","protected":false},"excerpt":{"rendered":"<p>En 15 d\u00edas se concluir\u00e1 una reforma que tambi\u00e9n ha redise\u00f1ado otros componentes esc\u00e9nicos: tel\u00f3n, bambalinas&#8230; \u00a0 El I.E.S. Navarro Villoslada reestrenara en octubre su Sal\u00f3n de Actos gracias a&#8230;<\/p>\n","protected":false},"author":1,"featured_media":7293,"comment_status":"closed","ping_status":"closed","sticky":false,"template":"","format":"standard","meta":{"footnotes":""},"categories":[2],"tags":[5,6,509,6545,256,6546,8,9,1654,6547,6548,6549,80],"class_list":["post-7292","post","type-post","status-publish","format-standard","has-post-thumbnail","hentry","category-ayuntamiento-pamplona","tag-actualidad","tag-ayto-pamplona","tag-ayuntamiento-de-pamplona","tag-butacas","tag-empleo-social","tag-i-e-s-navarro-villoslada","tag-noticias","tag-pamplona","tag-programa","tag-salon-de-actos","tag-tajo","tag-tapiceria","tag-trabajadores"],"yoast_head":"<!-- This site is optimized with the Yoast SEO plugin v27.5 - https:\/\/yoast.com\/product\/yoast-seo-wordpress\/ -->\n<title>Ocho trabajadores del tajo de Tapicer\u00eda del Programa de Empleo Social de Pamplona est\u00e1n renovando las 300 butacas del Sal\u00f3n de Actos del I.E.S. Navarro Villoslada<\/title>\n<meta name=\"robots\" content=\"index, follow, max-snippet:-1, max-image-preview:large, max-video-preview:-1\" \/>\n<link rel=\"canonical\" href=\"https:\/\/www.laguiadepamplona.com\/actualidad\/ocho-trabajadores-del-tajo-de-tapiceria-del-programa-de-empleo-social-de-pamplona-estan-renovando-las-300-butacas-del-salon-de-actos-del-i-e-s-navarro-villoslada\/\" \/>\n<meta property=\"og:locale\" content=\"es_ES\" \/>\n<meta property=\"og:type\" content=\"article\" \/>\n<meta property=\"og:title\" content=\"Ocho trabajadores del tajo de Tapicer\u00eda del Programa de Empleo Social de Pamplona est\u00e1n renovando las 300 butacas del Sal\u00f3n de Actos del I.E.S. Navarro Villoslada\" \/>\n<meta property=\"og:description\" content=\"En 15 d\u00edas se concluir\u00e1 una reforma que tambi\u00e9n ha redise\u00f1ado otros componentes esc\u00e9nicos: tel\u00f3n, bambalinas&#8230; \u00a0 El I.E.S. Navarro Villoslada reestrenara en octubre su Sal\u00f3n de Actos gracias a...\" \/>\n<meta property=\"og:url\" content=\"https:\/\/www.laguiadepamplona.com\/actualidad\/ocho-trabajadores-del-tajo-de-tapiceria-del-programa-de-empleo-social-de-pamplona-estan-renovando-las-300-butacas-del-salon-de-actos-del-i-e-s-navarro-villoslada\/\" \/>\n<meta property=\"og:site_name\" content=\"La Gu\u00eda de Pamplona\" \/>\n<meta property=\"article:publisher\" content=\"https:\/\/www.facebook.com\/laguiadepamplonacom-133175176762273\/?ref=hl\" \/>\n<meta property=\"article:published_time\" content=\"2015-09-24T10:36:52+00:00\" \/>\n<meta name=\"author\" content=\"La Gu\u00eda de Pamplona\" \/>\n<meta name=\"twitter:card\" content=\"summary_large_image\" \/>\n<meta name=\"twitter:creator\" content=\"@LaGuiadPamplona\" \/>\n<meta name=\"twitter:site\" content=\"@LaGuiadPamplona\" \/>\n<meta name=\"twitter:label1\" content=\"Escrito por\" \/>\n\t<meta name=\"twitter:data1\" content=\"La Gu\u00eda de Pamplona\" \/>\n\t<meta name=\"twitter:label2\" content=\"Tiempo de lectura\" \/>\n\t<meta name=\"twitter:data2\" content=\"3 minutos\" \/>\n<script type=\"application\/ld+json\" class=\"yoast-schema-graph\">{\"@context\":\"https:\\\/\\\/schema.org\",\"@graph\":[{\"@type\":\"Article\",\"@id\":\"https:\\\/\\\/www.laguiadepamplona.com\\\/actualidad\\\/ocho-trabajadores-del-tajo-de-tapiceria-del-programa-de-empleo-social-de-pamplona-estan-renovando-las-300-butacas-del-salon-de-actos-del-i-e-s-navarro-villoslada\\\/#article\",\"isPartOf\":{\"@id\":\"https:\\\/\\\/www.laguiadepamplona.com\\\/actualidad\\\/ocho-trabajadores-del-tajo-de-tapiceria-del-programa-de-empleo-social-de-pamplona-estan-renovando-las-300-butacas-del-salon-de-actos-del-i-e-s-navarro-villoslada\\\/\"},\"author\":{\"name\":\"La Gu\u00eda de Pamplona\",\"@id\":\"https:\\\/\\\/www.laguiadepamplona.com\\\/actualidad\\\/#\\\/schema\\\/person\\\/efe887376f0213d4657c93adc50b1fdb\"},\"headline\":\"Ocho trabajadores del tajo de Tapicer\u00eda del Programa de Empleo Social de Pamplona est\u00e1n renovando las 300 butacas del Sal\u00f3n de Actos del I.E.S. Navarro Villoslada\",\"datePublished\":\"2015-09-24T10:36:52+00:00\",\"mainEntityOfPage\":{\"@id\":\"https:\\\/\\\/www.laguiadepamplona.com\\\/actualidad\\\/ocho-trabajadores-del-tajo-de-tapiceria-del-programa-de-empleo-social-de-pamplona-estan-renovando-las-300-butacas-del-salon-de-actos-del-i-e-s-navarro-villoslada\\\/\"},\"wordCount\":636,\"publisher\":{\"@id\":\"https:\\\/\\\/www.laguiadepamplona.com\\\/actualidad\\\/#organization\"},\"image\":{\"@id\":\"https:\\\/\\\/www.laguiadepamplona.com\\\/actualidad\\\/ocho-trabajadores-del-tajo-de-tapiceria-del-programa-de-empleo-social-de-pamplona-estan-renovando-las-300-butacas-del-salon-de-actos-del-i-e-s-navarro-villoslada\\\/#primaryimage\"},\"thumbnailUrl\":\"\",\"keywords\":[\"actualidad\",\"ayto pamplona\",\"Ayuntamiento de Pamplona\",\"butacas\",\"Empleo Social\",\"I.E.S. Navarro Villoslada\",\"noticias\",\"pamplona\",\"programa\",\"Sal\u00f3n de Actos\",\"tajo\",\"Tapicer\u00eda\",\"trabajadores\"],\"articleSection\":[\"Ayto Pamplona\"],\"inLanguage\":\"es\"},{\"@type\":\"WebPage\",\"@id\":\"https:\\\/\\\/www.laguiadepamplona.com\\\/actualidad\\\/ocho-trabajadores-del-tajo-de-tapiceria-del-programa-de-empleo-social-de-pamplona-estan-renovando-las-300-butacas-del-salon-de-actos-del-i-e-s-navarro-villoslada\\\/\",\"url\":\"https:\\\/\\\/www.laguiadepamplona.com\\\/actualidad\\\/ocho-trabajadores-del-tajo-de-tapiceria-del-programa-de-empleo-social-de-pamplona-estan-renovando-las-300-butacas-del-salon-de-actos-del-i-e-s-navarro-villoslada\\\/\",\"name\":\"Ocho trabajadores del tajo de Tapicer\u00eda del Programa de Empleo Social de Pamplona est\u00e1n renovando las 300 butacas del Sal\u00f3n de Actos del I.E.S. Navarro Villoslada\",\"isPartOf\":{\"@id\":\"https:\\\/\\\/www.laguiadepamplona.com\\\/actualidad\\\/#website\"},\"primaryImageOfPage\":{\"@id\":\"https:\\\/\\\/www.laguiadepamplona.com\\\/actualidad\\\/ocho-trabajadores-del-tajo-de-tapiceria-del-programa-de-empleo-social-de-pamplona-estan-renovando-las-300-butacas-del-salon-de-actos-del-i-e-s-navarro-villoslada\\\/#primaryimage\"},\"image\":{\"@id\":\"https:\\\/\\\/www.laguiadepamplona.com\\\/actualidad\\\/ocho-trabajadores-del-tajo-de-tapiceria-del-programa-de-empleo-social-de-pamplona-estan-renovando-las-300-butacas-del-salon-de-actos-del-i-e-s-navarro-villoslada\\\/#primaryimage\"},\"thumbnailUrl\":\"\",\"datePublished\":\"2015-09-24T10:36:52+00:00\",\"breadcrumb\":{\"@id\":\"https:\\\/\\\/www.laguiadepamplona.com\\\/actualidad\\\/ocho-trabajadores-del-tajo-de-tapiceria-del-programa-de-empleo-social-de-pamplona-estan-renovando-las-300-butacas-del-salon-de-actos-del-i-e-s-navarro-villoslada\\\/#breadcrumb\"},\"inLanguage\":\"es\",\"potentialAction\":[{\"@type\":\"ReadAction\",\"target\":[\"https:\\\/\\\/www.laguiadepamplona.com\\\/actualidad\\\/ocho-trabajadores-del-tajo-de-tapiceria-del-programa-de-empleo-social-de-pamplona-estan-renovando-las-300-butacas-del-salon-de-actos-del-i-e-s-navarro-villoslada\\\/\"]}]},{\"@type\":\"ImageObject\",\"inLanguage\":\"es\",\"@id\":\"https:\\\/\\\/www.laguiadepamplona.com\\\/actualidad\\\/ocho-trabajadores-del-tajo-de-tapiceria-del-programa-de-empleo-social-de-pamplona-estan-renovando-las-300-butacas-del-salon-de-actos-del-i-e-s-navarro-villoslada\\\/#primaryimage\",\"url\":\"\",\"contentUrl\":\"\"},{\"@type\":\"BreadcrumbList\",\"@id\":\"https:\\\/\\\/www.laguiadepamplona.com\\\/actualidad\\\/ocho-trabajadores-del-tajo-de-tapiceria-del-programa-de-empleo-social-de-pamplona-estan-renovando-las-300-butacas-del-salon-de-actos-del-i-e-s-navarro-villoslada\\\/#breadcrumb\",\"itemListElement\":[{\"@type\":\"ListItem\",\"position\":1,\"name\":\"Portada\",\"item\":\"https:\\\/\\\/www.laguiadepamplona.com\\\/actualidad\\\/\"},{\"@type\":\"ListItem\",\"position\":2,\"name\":\"Ocho trabajadores del tajo de Tapicer\u00eda del Programa de Empleo Social de Pamplona est\u00e1n renovando las 300 butacas del Sal\u00f3n de Actos del I.E.S. Navarro Villoslada\"}]},{\"@type\":\"WebSite\",\"@id\":\"https:\\\/\\\/www.laguiadepamplona.com\\\/actualidad\\\/#website\",\"url\":\"https:\\\/\\\/www.laguiadepamplona.com\\\/actualidad\\\/\",\"name\":\"La gu\u00eda de Pamplona\",\"description\":\"Noticias de Pamplona\",\"publisher\":{\"@id\":\"https:\\\/\\\/www.laguiadepamplona.com\\\/actualidad\\\/#organization\"},\"potentialAction\":[{\"@type\":\"SearchAction\",\"target\":{\"@type\":\"EntryPoint\",\"urlTemplate\":\"https:\\\/\\\/www.laguiadepamplona.com\\\/actualidad\\\/?s={search_term_string}\"},\"query-input\":{\"@type\":\"PropertyValueSpecification\",\"valueRequired\":true,\"valueName\":\"search_term_string\"}}],\"inLanguage\":\"es\"},{\"@type\":\"Organization\",\"@id\":\"https:\\\/\\\/www.laguiadepamplona.com\\\/actualidad\\\/#organization\",\"name\":\"La Gu\u00eda de Pamplona \\\/ Noticias\",\"url\":\"https:\\\/\\\/www.laguiadepamplona.com\\\/actualidad\\\/\",\"logo\":{\"@type\":\"ImageObject\",\"inLanguage\":\"es\",\"@id\":\"https:\\\/\\\/www.laguiadepamplona.com\\\/actualidad\\\/#\\\/schema\\\/logo\\\/image\\\/\",\"url\":\"https:\\\/\\\/www.laguiadepamplona.com\\\/actualidad\\\/wp-content\\\/uploads\\\/2018\\\/11\\\/logo-laguiadepamplona18-web1.png\",\"contentUrl\":\"https:\\\/\\\/www.laguiadepamplona.com\\\/actualidad\\\/wp-content\\\/uploads\\\/2018\\\/11\\\/logo-laguiadepamplona18-web1.png\",\"width\":600,\"height\":196,\"caption\":\"La Gu\u00eda de Pamplona \\\/ Noticias\"},\"image\":{\"@id\":\"https:\\\/\\\/www.laguiadepamplona.com\\\/actualidad\\\/#\\\/schema\\\/logo\\\/image\\\/\"},\"sameAs\":[\"https:\\\/\\\/www.facebook.com\\\/laguiadepamplonacom-133175176762273\\\/?ref=hl\",\"https:\\\/\\\/x.com\\\/LaGuiadPamplona\",\"https:\\\/\\\/www.instagram.com\\\/la_guia_de_pamplona\\\/\",\"https:\\\/\\\/www.youtube.com\\\/user\\\/laguiadepamplona\"]},{\"@type\":\"Person\",\"@id\":\"https:\\\/\\\/www.laguiadepamplona.com\\\/actualidad\\\/#\\\/schema\\\/person\\\/efe887376f0213d4657c93adc50b1fdb\",\"name\":\"La Gu\u00eda de Pamplona\",\"image\":{\"@type\":\"ImageObject\",\"inLanguage\":\"es\",\"@id\":\"https:\\\/\\\/secure.gravatar.com\\\/avatar\\\/b6992f131dc8d30ab0dff15446e9d346d9dbd95992de0fef795073f5ea83a81c?s=96&d=mm&r=g\",\"url\":\"https:\\\/\\\/secure.gravatar.com\\\/avatar\\\/b6992f131dc8d30ab0dff15446e9d346d9dbd95992de0fef795073f5ea83a81c?s=96&d=mm&r=g\",\"contentUrl\":\"https:\\\/\\\/secure.gravatar.com\\\/avatar\\\/b6992f131dc8d30ab0dff15446e9d346d9dbd95992de0fef795073f5ea83a81c?s=96&d=mm&r=g\",\"caption\":\"La Gu\u00eda de Pamplona\"}}]}<\/script>\n<!-- \/ Yoast SEO plugin. -->","yoast_head_json":{"title":"Ocho trabajadores del tajo de Tapicer\u00eda del Programa de Empleo Social de Pamplona est\u00e1n renovando las 300 butacas del Sal\u00f3n de Actos del I.E.S. Navarro Villoslada","robots":{"index":"index","follow":"follow","max-snippet":"max-snippet:-1","max-image-preview":"max-image-preview:large","max-video-preview":"max-video-preview:-1"},"canonical":"https:\/\/www.laguiadepamplona.com\/actualidad\/ocho-trabajadores-del-tajo-de-tapiceria-del-programa-de-empleo-social-de-pamplona-estan-renovando-las-300-butacas-del-salon-de-actos-del-i-e-s-navarro-villoslada\/","og_locale":"es_ES","og_type":"article","og_title":"Ocho trabajadores del tajo de Tapicer\u00eda del Programa de Empleo Social de Pamplona est\u00e1n renovando las 300 butacas del Sal\u00f3n de Actos del I.E.S. Navarro Villoslada","og_description":"En 15 d\u00edas se concluir\u00e1 una reforma que tambi\u00e9n ha redise\u00f1ado otros componentes esc\u00e9nicos: tel\u00f3n, bambalinas&#8230; \u00a0 El I.E.S. Navarro Villoslada reestrenara en octubre su Sal\u00f3n de Actos gracias a...","og_url":"https:\/\/www.laguiadepamplona.com\/actualidad\/ocho-trabajadores-del-tajo-de-tapiceria-del-programa-de-empleo-social-de-pamplona-estan-renovando-las-300-butacas-del-salon-de-actos-del-i-e-s-navarro-villoslada\/","og_site_name":"La Gu\u00eda de Pamplona","article_publisher":"https:\/\/www.facebook.com\/laguiadepamplonacom-133175176762273\/?ref=hl","article_published_time":"2015-09-24T10:36:52+00:00","author":"La Gu\u00eda de Pamplona","twitter_card":"summary_large_image","twitter_creator":"@LaGuiadPamplona","twitter_site":"@LaGuiadPamplona","twitter_misc":{"Escrito por":"La Gu\u00eda de Pamplona","Tiempo de lectura":"3 minutos"},"schema":{"@context":"https:\/\/schema.org","@graph":[{"@type":"Article","@id":"https:\/\/www.laguiadepamplona.com\/actualidad\/ocho-trabajadores-del-tajo-de-tapiceria-del-programa-de-empleo-social-de-pamplona-estan-renovando-las-300-butacas-del-salon-de-actos-del-i-e-s-navarro-villoslada\/#article","isPartOf":{"@id":"https:\/\/www.laguiadepamplona.com\/actualidad\/ocho-trabajadores-del-tajo-de-tapiceria-del-programa-de-empleo-social-de-pamplona-estan-renovando-las-300-butacas-del-salon-de-actos-del-i-e-s-navarro-villoslada\/"},"author":{"name":"La Gu\u00eda de Pamplona","@id":"https:\/\/www.laguiadepamplona.com\/actualidad\/#\/schema\/person\/efe887376f0213d4657c93adc50b1fdb"},"headline":"Ocho trabajadores del tajo de Tapicer\u00eda del Programa de Empleo Social de Pamplona est\u00e1n renovando las 300 butacas del Sal\u00f3n de Actos del I.E.S. Navarro Villoslada","datePublished":"2015-09-24T10:36:52+00:00","mainEntityOfPage":{"@id":"https:\/\/www.laguiadepamplona.com\/actualidad\/ocho-trabajadores-del-tajo-de-tapiceria-del-programa-de-empleo-social-de-pamplona-estan-renovando-las-300-butacas-del-salon-de-actos-del-i-e-s-navarro-villoslada\/"},"wordCount":636,"publisher":{"@id":"https:\/\/www.laguiadepamplona.com\/actualidad\/#organization"},"image":{"@id":"https:\/\/www.laguiadepamplona.com\/actualidad\/ocho-trabajadores-del-tajo-de-tapiceria-del-programa-de-empleo-social-de-pamplona-estan-renovando-las-300-butacas-del-salon-de-actos-del-i-e-s-navarro-villoslada\/#primaryimage"},"thumbnailUrl":"","keywords":["actualidad","ayto pamplona","Ayuntamiento de Pamplona","butacas","Empleo Social","I.E.S. Navarro Villoslada","noticias","pamplona","programa","Sal\u00f3n de Actos","tajo","Tapicer\u00eda","trabajadores"],"articleSection":["Ayto Pamplona"],"inLanguage":"es"},{"@type":"WebPage","@id":"https:\/\/www.laguiadepamplona.com\/actualidad\/ocho-trabajadores-del-tajo-de-tapiceria-del-programa-de-empleo-social-de-pamplona-estan-renovando-las-300-butacas-del-salon-de-actos-del-i-e-s-navarro-villoslada\/","url":"https:\/\/www.laguiadepamplona.com\/actualidad\/ocho-trabajadores-del-tajo-de-tapiceria-del-programa-de-empleo-social-de-pamplona-estan-renovando-las-300-butacas-del-salon-de-actos-del-i-e-s-navarro-villoslada\/","name":"Ocho trabajadores del tajo de Tapicer\u00eda del Programa de Empleo Social de Pamplona est\u00e1n renovando las 300 butacas del Sal\u00f3n de Actos del I.E.S. Navarro Villoslada","isPartOf":{"@id":"https:\/\/www.laguiadepamplona.com\/actualidad\/#website"},"primaryImageOfPage":{"@id":"https:\/\/www.laguiadepamplona.com\/actualidad\/ocho-trabajadores-del-tajo-de-tapiceria-del-programa-de-empleo-social-de-pamplona-estan-renovando-las-300-butacas-del-salon-de-actos-del-i-e-s-navarro-villoslada\/#primaryimage"},"image":{"@id":"https:\/\/www.laguiadepamplona.com\/actualidad\/ocho-trabajadores-del-tajo-de-tapiceria-del-programa-de-empleo-social-de-pamplona-estan-renovando-las-300-butacas-del-salon-de-actos-del-i-e-s-navarro-villoslada\/#primaryimage"},"thumbnailUrl":"","datePublished":"2015-09-24T10:36:52+00:00","breadcrumb":{"@id":"https:\/\/www.laguiadepamplona.com\/actualidad\/ocho-trabajadores-del-tajo-de-tapiceria-del-programa-de-empleo-social-de-pamplona-estan-renovando-las-300-butacas-del-salon-de-actos-del-i-e-s-navarro-villoslada\/#breadcrumb"},"inLanguage":"es","potentialAction":[{"@type":"ReadAction","target":["https:\/\/www.laguiadepamplona.com\/actualidad\/ocho-trabajadores-del-tajo-de-tapiceria-del-programa-de-empleo-social-de-pamplona-estan-renovando-las-300-butacas-del-salon-de-actos-del-i-e-s-navarro-villoslada\/"]}]},{"@type":"ImageObject","inLanguage":"es","@id":"https:\/\/www.laguiadepamplona.com\/actualidad\/ocho-trabajadores-del-tajo-de-tapiceria-del-programa-de-empleo-social-de-pamplona-estan-renovando-las-300-butacas-del-salon-de-actos-del-i-e-s-navarro-villoslada\/#primaryimage","url":"","contentUrl":""},{"@type":"BreadcrumbList","@id":"https:\/\/www.laguiadepamplona.com\/actualidad\/ocho-trabajadores-del-tajo-de-tapiceria-del-programa-de-empleo-social-de-pamplona-estan-renovando-las-300-butacas-del-salon-de-actos-del-i-e-s-navarro-villoslada\/#breadcrumb","itemListElement":[{"@type":"ListItem","position":1,"name":"Portada","item":"https:\/\/www.laguiadepamplona.com\/actualidad\/"},{"@type":"ListItem","position":2,"name":"Ocho trabajadores del tajo de Tapicer\u00eda del Programa de Empleo Social de Pamplona est\u00e1n renovando las 300 butacas del Sal\u00f3n de Actos del I.E.S. Navarro Villoslada"}]},{"@type":"WebSite","@id":"https:\/\/www.laguiadepamplona.com\/actualidad\/#website","url":"https:\/\/www.laguiadepamplona.com\/actualidad\/","name":"La gu\u00eda de Pamplona","description":"Noticias de Pamplona","publisher":{"@id":"https:\/\/www.laguiadepamplona.com\/actualidad\/#organization"},"potentialAction":[{"@type":"SearchAction","target":{"@type":"EntryPoint","urlTemplate":"https:\/\/www.laguiadepamplona.com\/actualidad\/?s={search_term_string}"},"query-input":{"@type":"PropertyValueSpecification","valueRequired":true,"valueName":"search_term_string"}}],"inLanguage":"es"},{"@type":"Organization","@id":"https:\/\/www.laguiadepamplona.com\/actualidad\/#organization","name":"La Gu\u00eda de Pamplona \/ Noticias","url":"https:\/\/www.laguiadepamplona.com\/actualidad\/","logo":{"@type":"ImageObject","inLanguage":"es","@id":"https:\/\/www.laguiadepamplona.com\/actualidad\/#\/schema\/logo\/image\/","url":"https:\/\/www.laguiadepamplona.com\/actualidad\/wp-content\/uploads\/2018\/11\/logo-laguiadepamplona18-web1.png","contentUrl":"https:\/\/www.laguiadepamplona.com\/actualidad\/wp-content\/uploads\/2018\/11\/logo-laguiadepamplona18-web1.png","width":600,"height":196,"caption":"La Gu\u00eda de Pamplona \/ Noticias"},"image":{"@id":"https:\/\/www.laguiadepamplona.com\/actualidad\/#\/schema\/logo\/image\/"},"sameAs":["https:\/\/www.facebook.com\/laguiadepamplonacom-133175176762273\/?ref=hl","https:\/\/x.com\/LaGuiadPamplona","https:\/\/www.instagram.com\/la_guia_de_pamplona\/","https:\/\/www.youtube.com\/user\/laguiadepamplona"]},{"@type":"Person","@id":"https:\/\/www.laguiadepamplona.com\/actualidad\/#\/schema\/person\/efe887376f0213d4657c93adc50b1fdb","name":"La Gu\u00eda de Pamplona","image":{"@type":"ImageObject","inLanguage":"es","@id":"https:\/\/secure.gravatar.com\/avatar\/b6992f131dc8d30ab0dff15446e9d346d9dbd95992de0fef795073f5ea83a81c?s=96&d=mm&r=g","url":"https:\/\/secure.gravatar.com\/avatar\/b6992f131dc8d30ab0dff15446e9d346d9dbd95992de0fef795073f5ea83a81c?s=96&d=mm&r=g","contentUrl":"https:\/\/secure.gravatar.com\/avatar\/b6992f131dc8d30ab0dff15446e9d346d9dbd95992de0fef795073f5ea83a81c?s=96&d=mm&r=g","caption":"La Gu\u00eda de Pamplona"}}]}},"post_mailing_queue_ids":[],"_links":{"self":[{"href":"https:\/\/www.laguiadepamplona.com\/actualidad\/wp-json\/wp\/v2\/posts\/7292","targetHints":{"allow":["GET"]}}],"collection":[{"href":"https:\/\/www.laguiadepamplona.com\/actualidad\/wp-json\/wp\/v2\/posts"}],"about":[{"href":"https:\/\/www.laguiadepamplona.com\/actualidad\/wp-json\/wp\/v2\/types\/post"}],"author":[{"embeddable":true,"href":"https:\/\/www.laguiadepamplona.com\/actualidad\/wp-json\/wp\/v2\/users\/1"}],"replies":[{"embeddable":true,"href":"https:\/\/www.laguiadepamplona.com\/actualidad\/wp-json\/wp\/v2\/comments?post=7292"}],"version-history":[{"count":0,"href":"https:\/\/www.laguiadepamplona.com\/actualidad\/wp-json\/wp\/v2\/posts\/7292\/revisions"}],"wp:featuredmedia":[{"embeddable":true,"href":"https:\/\/www.laguiadepamplona.com\/actualidad\/wp-json\/"}],"wp:attachment":[{"href":"https:\/\/www.laguiadepamplona.com\/actualidad\/wp-json\/wp\/v2\/media?parent=7292"}],"wp:term":[{"taxonomy":"category","embeddable":true,"href":"https:\/\/www.laguiadepamplona.com\/actualidad\/wp-json\/wp\/v2\/categories?post=7292"},{"taxonomy":"post_tag","embeddable":true,"href":"https:\/\/www.laguiadepamplona.com\/actualidad\/wp-json\/wp\/v2\/tags?post=7292"}],"curies":[{"name":"wp","href":"https:\/\/api.w.org\/{rel}","templated":true}]}}