{"id":7257,"date":"2015-09-22T12:41:54","date_gmt":"2015-09-22T10:41:54","guid":{"rendered":"http:\/\/laguiadepamplona.com\/actualidad\/?p=7257"},"modified":"2015-09-22T12:41:54","modified_gmt":"2015-09-22T10:41:54","slug":"medio-centenar-de-escolares-estrenan-el-pedibus-un-autobus-a-pie-con-recorridos-paradas-y-horarios-y-padres-de-conductores-para-ir-al-colegio","status":"publish","type":"post","link":"https:\/\/www.laguiadepamplona.com\/actualidad\/medio-centenar-de-escolares-estrenan-el-pedibus-un-autobus-a-pie-con-recorridos-paradas-y-horarios-y-padres-de-conductores-para-ir-al-colegio\/","title":{"rendered":"Medio centenar de escolares estrenan el \u2018pedib\u00fas\u2019, un autob\u00fas a pie con recorridos, paradas y horarios y padres de conductores para ir al colegio"},"content":{"rendered":"<h4 class=\"western\" lang=\"es-ES\">Alumnos de V\u00e1zquez de Mella han realizado esta ma\u00f1ana una experiencia piloto, que el Ayuntamiento quiere extender a otros centros de Pamplona<\/h4>\n<p lang=\"es-ES\"><span style=\"font-family: Arial,sans-serif;\"><a href=\"http:\/\/laguiadepamplona.com\/actualidad\/wp-content\/uploads\/2015\/09\/pedibus.jpg\"><img loading=\"lazy\" decoding=\"async\" class=\"alignleft size-medium wp-image-7258\" src=\"http:\/\/laguiadepamplona.com\/actualidad\/wp-content\/uploads\/2015\/09\/pedibus-300x200.jpg\" alt=\"pedibus\" width=\"300\" height=\"200\" \/><\/a> Medio centenar de ni\u00f1os y ni\u00f1as del Colegio V\u00e1zquez de Mella \u2013 Bayonne han protagonizado hoy una experiencia piloto para ir a clase de forma segura. Le han llamado \u2018pedib\u00fas\u2019, una especie de autob\u00fas a pie con sus recorridos, paradas y horarios establecidos, donde los conductores son padres y madres voluntarios, y tambi\u00e9n algunos abuelos, y donde el trayecto se realiza a pie. Los escolares, de entre 6 y 12 a\u00f1os (1\u00ba a 6\u00ba de Primaria), han salido en tres rutas a pie desde el Ensanche, Casco Antiguo y Milagrosa para llegar al centro minutos antes de las 9 de la ma\u00f1ana, donde han sido recibidos por la directora del centro, Maribel Jim\u00e9nez Fern\u00e1ndez y una peque\u00f1a orquesta de alumnos y profesores que les han ofrecido un concierto de bienvenida en la calle.<\/span><\/p>\n<p lang=\"es-ES\"><span style=\"font-family: Arial,sans-serif;\">La experiencia de hoy es un primer paso de lo que pretende ser la base para la implantaci\u00f3n del \u2018pedib\u00fas\u2019 para el resto del a\u00f1o en el colegio y de presentaci\u00f3n del programa a otros centros que puedan estar interesados. Con ella, se cierra hoy la Semana Europea de la Movilidad que el Ayuntamiento de Pamplona ha celebrado para promover y concienciar a la ciudadan\u00eda del uso de medios de transporte sostenibles en la ciudad. <\/span><\/p>\n<p lang=\"es-ES\"><span style=\"font-family: Arial,sans-serif;\"><b>Una iniciativa pionera<\/b><\/span><\/p>\n<p lang=\"es-ES\"><span style=\"font-family: Arial,sans-serif;\"><a href=\"http:\/\/laguiadepamplona.com\/actualidad\/wp-content\/uploads\/2015\/09\/pedibus3.jpg\"><img loading=\"lazy\" decoding=\"async\" class=\"alignleft size-medium wp-image-7259\" src=\"http:\/\/laguiadepamplona.com\/actualidad\/wp-content\/uploads\/2015\/09\/pedibus3-300x200.jpg\" alt=\"pedibus3\" width=\"300\" height=\"200\" \/><\/a><\/span><span style=\"font-family: Arial,sans-serif;\">El \u2018pedib\u00fas\u2019 es una iniciativa del Ayuntamiento de Pamplona para implicar a los centros educativos y padres y madres de alumnos, as\u00ed como al conjunto de la ciudad en el trazado y el respeto hacia los caminos escolares seguros. El Colegio V\u00e1zquez de Mella \u2013 Bayonne ha sido el primero en experimentar hoy esta experiencia, que adem\u00e1s de la seguridad vial, fomenta otros valores en los ni\u00f1os y sus familias, como son la mayor autonom\u00eda y la responsabilidad infantil, la mejora de habilidades de socializaci\u00f3n, ejercicio f\u00edsico, desarrollo del conocimiento del medio y percepci\u00f3n, adem\u00e1s de la conciliaci\u00f3n familiar.<\/span><\/p>\n<p lang=\"es-ES\"><span style=\"font-family: Arial,sans-serif;\">En esta experiencia hoy se han organizado tres rutas. La primera ha partido de la calle Ciudadela para seguir por Plaza del Castillo y Carlos III hasta Merindades. La segunda ha salido de la calle Labrit para cruzar el puente y ascender por la Calle Aralar hasta llegar tambi\u00e9n a Merindades. Y la tercera ha partido de la calle Larrabide por una parte y de Conde de Rodezno, por otra, para unirse en la avenida de Carlos III y llegar a Merindades. Desde la plaza de Merindades, punto de encuentro de las tres rutas, todos los escolares han llegado a la puerta principal del centro, en la calle Teobaldos.<\/span><\/p>\n<p lang=\"es-ES\"><span style=\"font-family: Arial,sans-serif;\">Las rutas escolares han sido trazadas por la empresa SUMA-USC, consultor\u00eda navarra que ha desarrollado \u2018Walkability city tool\u2019, una metodolog\u00eda de an\u00e1lisis del recorrido a pie basada en tecnolog\u00eda GIS, que permite parametrizar y medir la red caminable de la ciudad incluyendo factores t\u00e9cnicos, ambientales, sociales y econ\u00f3micos para analizar, interpretar y proyectar mejoras en la misma. Con esta herramienta se han trazado los recorridos de las rutas de hoy, de modo que discurriesen por las calles m\u00e1s seguras y agradables para los ni\u00f1os.<\/span><\/p>\n<p lang=\"es-ES\"><span style=\"font-family: Arial,sans-serif;\">Como se ha indicado, en la puerta del colegio, los viajeros del \u2018pedib\u00fas\u2019 han sido recibidos con un peque\u00f1o concierto de bienvenida, que sus compa\u00f1eros del colegio y profesorado han interpretado en la calle, cortada al tr\u00e1fico en un s\u00edmbolo de reivindicaci\u00f3n y mejora del uso peatonal. Cabe recordar que V\u00e1zquez de Mella \u2013 Bayonne es el \u00fanico centro integrado de m\u00fasica de Navarra, donde los alumnos conviven con la m\u00fasica desde el primer momento y aprenden a tocar un instrumento y las asignaturas de lenguaje musical, canto coral y conjunto instrumental dentro del horario lectivo. <\/span><\/p>\n<p lang=\"es-ES\">\n","protected":false},"excerpt":{"rendered":"<p>Alumnos de V\u00e1zquez de Mella han realizado esta ma\u00f1ana una experiencia piloto, que el Ayuntamiento quiere extender a otros centros de Pamplona Medio centenar de ni\u00f1os y ni\u00f1as del Colegio&#8230;<\/p>\n","protected":false},"author":1,"featured_media":7259,"comment_status":"closed","ping_status":"closed","sticky":false,"template":"","format":"standard","meta":{"footnotes":""},"categories":[2],"tags":[6510,5,6511,6,509,1731,2080,6512,1643,8,6513,9,6514,6515,6516],"class_list":["post-7257","post","type-post","status-publish","format-standard","has-post-thumbnail","hentry","category-ayuntamiento-pamplona","tag-a-pie","tag-actualidad","tag-autobus","tag-ayto-pamplona","tag-ayuntamiento-de-pamplona","tag-colegio","tag-escolares","tag-estrenan","tag-horarios","tag-noticias","tag-padres-de-conductores","tag-pamplona","tag-paradas","tag-pedibus","tag-recorridos"],"yoast_head":"<!-- This site is optimized with the Yoast SEO plugin v27.5 - https:\/\/yoast.com\/product\/yoast-seo-wordpress\/ -->\n<title>Medio centenar de escolares estrenan el \u2018pedib\u00fas\u2019, un autob\u00fas a pie con recorridos, paradas y horarios y padres de conductores para ir al colegio<\/title>\n<meta name=\"robots\" content=\"index, follow, max-snippet:-1, max-image-preview:large, max-video-preview:-1\" \/>\n<link rel=\"canonical\" href=\"https:\/\/www.laguiadepamplona.com\/actualidad\/medio-centenar-de-escolares-estrenan-el-pedibus-un-autobus-a-pie-con-recorridos-paradas-y-horarios-y-padres-de-conductores-para-ir-al-colegio\/\" \/>\n<meta property=\"og:locale\" content=\"es_ES\" \/>\n<meta property=\"og:type\" content=\"article\" \/>\n<meta property=\"og:title\" content=\"Medio centenar de escolares estrenan el \u2018pedib\u00fas\u2019, un autob\u00fas a pie con recorridos, paradas y horarios y padres de conductores para ir al colegio\" \/>\n<meta property=\"og:description\" content=\"Alumnos de V\u00e1zquez de Mella han realizado esta ma\u00f1ana una experiencia piloto, que el Ayuntamiento quiere extender a otros centros de Pamplona Medio centenar de ni\u00f1os y ni\u00f1as del Colegio...\" \/>\n<meta property=\"og:url\" content=\"https:\/\/www.laguiadepamplona.com\/actualidad\/medio-centenar-de-escolares-estrenan-el-pedibus-un-autobus-a-pie-con-recorridos-paradas-y-horarios-y-padres-de-conductores-para-ir-al-colegio\/\" \/>\n<meta property=\"og:site_name\" content=\"La Gu\u00eda de Pamplona\" \/>\n<meta property=\"article:publisher\" content=\"https:\/\/www.facebook.com\/laguiadepamplonacom-133175176762273\/?ref=hl\" \/>\n<meta property=\"article:published_time\" content=\"2015-09-22T10:41:54+00:00\" \/>\n<meta name=\"author\" content=\"La Gu\u00eda de Pamplona\" \/>\n<meta name=\"twitter:card\" content=\"summary_large_image\" \/>\n<meta name=\"twitter:creator\" content=\"@LaGuiadPamplona\" \/>\n<meta name=\"twitter:site\" content=\"@LaGuiadPamplona\" \/>\n<meta name=\"twitter:label1\" content=\"Escrito por\" \/>\n\t<meta name=\"twitter:data1\" content=\"La Gu\u00eda de Pamplona\" \/>\n\t<meta name=\"twitter:label2\" content=\"Tiempo de lectura\" \/>\n\t<meta name=\"twitter:data2\" content=\"3 minutos\" \/>\n<script type=\"application\/ld+json\" class=\"yoast-schema-graph\">{\"@context\":\"https:\\\/\\\/schema.org\",\"@graph\":[{\"@type\":\"Article\",\"@id\":\"https:\\\/\\\/www.laguiadepamplona.com\\\/actualidad\\\/medio-centenar-de-escolares-estrenan-el-pedibus-un-autobus-a-pie-con-recorridos-paradas-y-horarios-y-padres-de-conductores-para-ir-al-colegio\\\/#article\",\"isPartOf\":{\"@id\":\"https:\\\/\\\/www.laguiadepamplona.com\\\/actualidad\\\/medio-centenar-de-escolares-estrenan-el-pedibus-un-autobus-a-pie-con-recorridos-paradas-y-horarios-y-padres-de-conductores-para-ir-al-colegio\\\/\"},\"author\":{\"name\":\"La Gu\u00eda de Pamplona\",\"@id\":\"https:\\\/\\\/www.laguiadepamplona.com\\\/actualidad\\\/#\\\/schema\\\/person\\\/efe887376f0213d4657c93adc50b1fdb\"},\"headline\":\"Medio centenar de escolares estrenan el \u2018pedib\u00fas\u2019, un autob\u00fas a pie con recorridos, paradas y horarios y padres de conductores para ir al colegio\",\"datePublished\":\"2015-09-22T10:41:54+00:00\",\"mainEntityOfPage\":{\"@id\":\"https:\\\/\\\/www.laguiadepamplona.com\\\/actualidad\\\/medio-centenar-de-escolares-estrenan-el-pedibus-un-autobus-a-pie-con-recorridos-paradas-y-horarios-y-padres-de-conductores-para-ir-al-colegio\\\/\"},\"wordCount\":685,\"publisher\":{\"@id\":\"https:\\\/\\\/www.laguiadepamplona.com\\\/actualidad\\\/#organization\"},\"image\":{\"@id\":\"https:\\\/\\\/www.laguiadepamplona.com\\\/actualidad\\\/medio-centenar-de-escolares-estrenan-el-pedibus-un-autobus-a-pie-con-recorridos-paradas-y-horarios-y-padres-de-conductores-para-ir-al-colegio\\\/#primaryimage\"},\"thumbnailUrl\":\"\",\"keywords\":[\"a pie\",\"actualidad\",\"autob\u00fas\",\"ayto pamplona\",\"Ayuntamiento de Pamplona\",\"colegio\",\"escolares\",\"estrenan\",\"horarios\",\"noticias\",\"padres de conductores\",\"pamplona\",\"paradas\",\"pedib\u00fas\",\"recorridos\"],\"articleSection\":[\"Ayto Pamplona\"],\"inLanguage\":\"es\"},{\"@type\":\"WebPage\",\"@id\":\"https:\\\/\\\/www.laguiadepamplona.com\\\/actualidad\\\/medio-centenar-de-escolares-estrenan-el-pedibus-un-autobus-a-pie-con-recorridos-paradas-y-horarios-y-padres-de-conductores-para-ir-al-colegio\\\/\",\"url\":\"https:\\\/\\\/www.laguiadepamplona.com\\\/actualidad\\\/medio-centenar-de-escolares-estrenan-el-pedibus-un-autobus-a-pie-con-recorridos-paradas-y-horarios-y-padres-de-conductores-para-ir-al-colegio\\\/\",\"name\":\"Medio centenar de escolares estrenan el \u2018pedib\u00fas\u2019, un autob\u00fas a pie con recorridos, paradas y horarios y padres de conductores para ir al colegio\",\"isPartOf\":{\"@id\":\"https:\\\/\\\/www.laguiadepamplona.com\\\/actualidad\\\/#website\"},\"primaryImageOfPage\":{\"@id\":\"https:\\\/\\\/www.laguiadepamplona.com\\\/actualidad\\\/medio-centenar-de-escolares-estrenan-el-pedibus-un-autobus-a-pie-con-recorridos-paradas-y-horarios-y-padres-de-conductores-para-ir-al-colegio\\\/#primaryimage\"},\"image\":{\"@id\":\"https:\\\/\\\/www.laguiadepamplona.com\\\/actualidad\\\/medio-centenar-de-escolares-estrenan-el-pedibus-un-autobus-a-pie-con-recorridos-paradas-y-horarios-y-padres-de-conductores-para-ir-al-colegio\\\/#primaryimage\"},\"thumbnailUrl\":\"\",\"datePublished\":\"2015-09-22T10:41:54+00:00\",\"breadcrumb\":{\"@id\":\"https:\\\/\\\/www.laguiadepamplona.com\\\/actualidad\\\/medio-centenar-de-escolares-estrenan-el-pedibus-un-autobus-a-pie-con-recorridos-paradas-y-horarios-y-padres-de-conductores-para-ir-al-colegio\\\/#breadcrumb\"},\"inLanguage\":\"es\",\"potentialAction\":[{\"@type\":\"ReadAction\",\"target\":[\"https:\\\/\\\/www.laguiadepamplona.com\\\/actualidad\\\/medio-centenar-de-escolares-estrenan-el-pedibus-un-autobus-a-pie-con-recorridos-paradas-y-horarios-y-padres-de-conductores-para-ir-al-colegio\\\/\"]}]},{\"@type\":\"ImageObject\",\"inLanguage\":\"es\",\"@id\":\"https:\\\/\\\/www.laguiadepamplona.com\\\/actualidad\\\/medio-centenar-de-escolares-estrenan-el-pedibus-un-autobus-a-pie-con-recorridos-paradas-y-horarios-y-padres-de-conductores-para-ir-al-colegio\\\/#primaryimage\",\"url\":\"\",\"contentUrl\":\"\"},{\"@type\":\"BreadcrumbList\",\"@id\":\"https:\\\/\\\/www.laguiadepamplona.com\\\/actualidad\\\/medio-centenar-de-escolares-estrenan-el-pedibus-un-autobus-a-pie-con-recorridos-paradas-y-horarios-y-padres-de-conductores-para-ir-al-colegio\\\/#breadcrumb\",\"itemListElement\":[{\"@type\":\"ListItem\",\"position\":1,\"name\":\"Portada\",\"item\":\"https:\\\/\\\/www.laguiadepamplona.com\\\/actualidad\\\/\"},{\"@type\":\"ListItem\",\"position\":2,\"name\":\"Medio centenar de escolares estrenan el \u2018pedib\u00fas\u2019, un autob\u00fas a pie con recorridos, paradas y horarios y padres de conductores para ir al colegio\"}]},{\"@type\":\"WebSite\",\"@id\":\"https:\\\/\\\/www.laguiadepamplona.com\\\/actualidad\\\/#website\",\"url\":\"https:\\\/\\\/www.laguiadepamplona.com\\\/actualidad\\\/\",\"name\":\"La gu\u00eda de Pamplona\",\"description\":\"Noticias de Pamplona\",\"publisher\":{\"@id\":\"https:\\\/\\\/www.laguiadepamplona.com\\\/actualidad\\\/#organization\"},\"potentialAction\":[{\"@type\":\"SearchAction\",\"target\":{\"@type\":\"EntryPoint\",\"urlTemplate\":\"https:\\\/\\\/www.laguiadepamplona.com\\\/actualidad\\\/?s={search_term_string}\"},\"query-input\":{\"@type\":\"PropertyValueSpecification\",\"valueRequired\":true,\"valueName\":\"search_term_string\"}}],\"inLanguage\":\"es\"},{\"@type\":\"Organization\",\"@id\":\"https:\\\/\\\/www.laguiadepamplona.com\\\/actualidad\\\/#organization\",\"name\":\"La Gu\u00eda de Pamplona \\\/ Noticias\",\"url\":\"https:\\\/\\\/www.laguiadepamplona.com\\\/actualidad\\\/\",\"logo\":{\"@type\":\"ImageObject\",\"inLanguage\":\"es\",\"@id\":\"https:\\\/\\\/www.laguiadepamplona.com\\\/actualidad\\\/#\\\/schema\\\/logo\\\/image\\\/\",\"url\":\"https:\\\/\\\/www.laguiadepamplona.com\\\/actualidad\\\/wp-content\\\/uploads\\\/2018\\\/11\\\/logo-laguiadepamplona18-web1.png\",\"contentUrl\":\"https:\\\/\\\/www.laguiadepamplona.com\\\/actualidad\\\/wp-content\\\/uploads\\\/2018\\\/11\\\/logo-laguiadepamplona18-web1.png\",\"width\":600,\"height\":196,\"caption\":\"La Gu\u00eda de Pamplona \\\/ Noticias\"},\"image\":{\"@id\":\"https:\\\/\\\/www.laguiadepamplona.com\\\/actualidad\\\/#\\\/schema\\\/logo\\\/image\\\/\"},\"sameAs\":[\"https:\\\/\\\/www.facebook.com\\\/laguiadepamplonacom-133175176762273\\\/?ref=hl\",\"https:\\\/\\\/x.com\\\/LaGuiadPamplona\",\"https:\\\/\\\/www.instagram.com\\\/la_guia_de_pamplona\\\/\",\"https:\\\/\\\/www.youtube.com\\\/user\\\/laguiadepamplona\"]},{\"@type\":\"Person\",\"@id\":\"https:\\\/\\\/www.laguiadepamplona.com\\\/actualidad\\\/#\\\/schema\\\/person\\\/efe887376f0213d4657c93adc50b1fdb\",\"name\":\"La Gu\u00eda de Pamplona\",\"image\":{\"@type\":\"ImageObject\",\"inLanguage\":\"es\",\"@id\":\"https:\\\/\\\/secure.gravatar.com\\\/avatar\\\/b6992f131dc8d30ab0dff15446e9d346d9dbd95992de0fef795073f5ea83a81c?s=96&d=mm&r=g\",\"url\":\"https:\\\/\\\/secure.gravatar.com\\\/avatar\\\/b6992f131dc8d30ab0dff15446e9d346d9dbd95992de0fef795073f5ea83a81c?s=96&d=mm&r=g\",\"contentUrl\":\"https:\\\/\\\/secure.gravatar.com\\\/avatar\\\/b6992f131dc8d30ab0dff15446e9d346d9dbd95992de0fef795073f5ea83a81c?s=96&d=mm&r=g\",\"caption\":\"La Gu\u00eda de Pamplona\"}}]}<\/script>\n<!-- \/ Yoast SEO plugin. -->","yoast_head_json":{"title":"Medio centenar de escolares estrenan el \u2018pedib\u00fas\u2019, un autob\u00fas a pie con recorridos, paradas y horarios y padres de conductores para ir al colegio","robots":{"index":"index","follow":"follow","max-snippet":"max-snippet:-1","max-image-preview":"max-image-preview:large","max-video-preview":"max-video-preview:-1"},"canonical":"https:\/\/www.laguiadepamplona.com\/actualidad\/medio-centenar-de-escolares-estrenan-el-pedibus-un-autobus-a-pie-con-recorridos-paradas-y-horarios-y-padres-de-conductores-para-ir-al-colegio\/","og_locale":"es_ES","og_type":"article","og_title":"Medio centenar de escolares estrenan el \u2018pedib\u00fas\u2019, un autob\u00fas a pie con recorridos, paradas y horarios y padres de conductores para ir al colegio","og_description":"Alumnos de V\u00e1zquez de Mella han realizado esta ma\u00f1ana una experiencia piloto, que el Ayuntamiento quiere extender a otros centros de Pamplona Medio centenar de ni\u00f1os y ni\u00f1as del Colegio...","og_url":"https:\/\/www.laguiadepamplona.com\/actualidad\/medio-centenar-de-escolares-estrenan-el-pedibus-un-autobus-a-pie-con-recorridos-paradas-y-horarios-y-padres-de-conductores-para-ir-al-colegio\/","og_site_name":"La Gu\u00eda de Pamplona","article_publisher":"https:\/\/www.facebook.com\/laguiadepamplonacom-133175176762273\/?ref=hl","article_published_time":"2015-09-22T10:41:54+00:00","author":"La Gu\u00eda de Pamplona","twitter_card":"summary_large_image","twitter_creator":"@LaGuiadPamplona","twitter_site":"@LaGuiadPamplona","twitter_misc":{"Escrito por":"La Gu\u00eda de Pamplona","Tiempo de lectura":"3 minutos"},"schema":{"@context":"https:\/\/schema.org","@graph":[{"@type":"Article","@id":"https:\/\/www.laguiadepamplona.com\/actualidad\/medio-centenar-de-escolares-estrenan-el-pedibus-un-autobus-a-pie-con-recorridos-paradas-y-horarios-y-padres-de-conductores-para-ir-al-colegio\/#article","isPartOf":{"@id":"https:\/\/www.laguiadepamplona.com\/actualidad\/medio-centenar-de-escolares-estrenan-el-pedibus-un-autobus-a-pie-con-recorridos-paradas-y-horarios-y-padres-de-conductores-para-ir-al-colegio\/"},"author":{"name":"La Gu\u00eda de Pamplona","@id":"https:\/\/www.laguiadepamplona.com\/actualidad\/#\/schema\/person\/efe887376f0213d4657c93adc50b1fdb"},"headline":"Medio centenar de escolares estrenan el \u2018pedib\u00fas\u2019, un autob\u00fas a pie con recorridos, paradas y horarios y padres de conductores para ir al colegio","datePublished":"2015-09-22T10:41:54+00:00","mainEntityOfPage":{"@id":"https:\/\/www.laguiadepamplona.com\/actualidad\/medio-centenar-de-escolares-estrenan-el-pedibus-un-autobus-a-pie-con-recorridos-paradas-y-horarios-y-padres-de-conductores-para-ir-al-colegio\/"},"wordCount":685,"publisher":{"@id":"https:\/\/www.laguiadepamplona.com\/actualidad\/#organization"},"image":{"@id":"https:\/\/www.laguiadepamplona.com\/actualidad\/medio-centenar-de-escolares-estrenan-el-pedibus-un-autobus-a-pie-con-recorridos-paradas-y-horarios-y-padres-de-conductores-para-ir-al-colegio\/#primaryimage"},"thumbnailUrl":"","keywords":["a pie","actualidad","autob\u00fas","ayto pamplona","Ayuntamiento de Pamplona","colegio","escolares","estrenan","horarios","noticias","padres de conductores","pamplona","paradas","pedib\u00fas","recorridos"],"articleSection":["Ayto Pamplona"],"inLanguage":"es"},{"@type":"WebPage","@id":"https:\/\/www.laguiadepamplona.com\/actualidad\/medio-centenar-de-escolares-estrenan-el-pedibus-un-autobus-a-pie-con-recorridos-paradas-y-horarios-y-padres-de-conductores-para-ir-al-colegio\/","url":"https:\/\/www.laguiadepamplona.com\/actualidad\/medio-centenar-de-escolares-estrenan-el-pedibus-un-autobus-a-pie-con-recorridos-paradas-y-horarios-y-padres-de-conductores-para-ir-al-colegio\/","name":"Medio centenar de escolares estrenan el \u2018pedib\u00fas\u2019, un autob\u00fas a pie con recorridos, paradas y horarios y padres de conductores para ir al colegio","isPartOf":{"@id":"https:\/\/www.laguiadepamplona.com\/actualidad\/#website"},"primaryImageOfPage":{"@id":"https:\/\/www.laguiadepamplona.com\/actualidad\/medio-centenar-de-escolares-estrenan-el-pedibus-un-autobus-a-pie-con-recorridos-paradas-y-horarios-y-padres-de-conductores-para-ir-al-colegio\/#primaryimage"},"image":{"@id":"https:\/\/www.laguiadepamplona.com\/actualidad\/medio-centenar-de-escolares-estrenan-el-pedibus-un-autobus-a-pie-con-recorridos-paradas-y-horarios-y-padres-de-conductores-para-ir-al-colegio\/#primaryimage"},"thumbnailUrl":"","datePublished":"2015-09-22T10:41:54+00:00","breadcrumb":{"@id":"https:\/\/www.laguiadepamplona.com\/actualidad\/medio-centenar-de-escolares-estrenan-el-pedibus-un-autobus-a-pie-con-recorridos-paradas-y-horarios-y-padres-de-conductores-para-ir-al-colegio\/#breadcrumb"},"inLanguage":"es","potentialAction":[{"@type":"ReadAction","target":["https:\/\/www.laguiadepamplona.com\/actualidad\/medio-centenar-de-escolares-estrenan-el-pedibus-un-autobus-a-pie-con-recorridos-paradas-y-horarios-y-padres-de-conductores-para-ir-al-colegio\/"]}]},{"@type":"ImageObject","inLanguage":"es","@id":"https:\/\/www.laguiadepamplona.com\/actualidad\/medio-centenar-de-escolares-estrenan-el-pedibus-un-autobus-a-pie-con-recorridos-paradas-y-horarios-y-padres-de-conductores-para-ir-al-colegio\/#primaryimage","url":"","contentUrl":""},{"@type":"BreadcrumbList","@id":"https:\/\/www.laguiadepamplona.com\/actualidad\/medio-centenar-de-escolares-estrenan-el-pedibus-un-autobus-a-pie-con-recorridos-paradas-y-horarios-y-padres-de-conductores-para-ir-al-colegio\/#breadcrumb","itemListElement":[{"@type":"ListItem","position":1,"name":"Portada","item":"https:\/\/www.laguiadepamplona.com\/actualidad\/"},{"@type":"ListItem","position":2,"name":"Medio centenar de escolares estrenan el \u2018pedib\u00fas\u2019, un autob\u00fas a pie con recorridos, paradas y horarios y padres de conductores para ir al colegio"}]},{"@type":"WebSite","@id":"https:\/\/www.laguiadepamplona.com\/actualidad\/#website","url":"https:\/\/www.laguiadepamplona.com\/actualidad\/","name":"La gu\u00eda de Pamplona","description":"Noticias de Pamplona","publisher":{"@id":"https:\/\/www.laguiadepamplona.com\/actualidad\/#organization"},"potentialAction":[{"@type":"SearchAction","target":{"@type":"EntryPoint","urlTemplate":"https:\/\/www.laguiadepamplona.com\/actualidad\/?s={search_term_string}"},"query-input":{"@type":"PropertyValueSpecification","valueRequired":true,"valueName":"search_term_string"}}],"inLanguage":"es"},{"@type":"Organization","@id":"https:\/\/www.laguiadepamplona.com\/actualidad\/#organization","name":"La Gu\u00eda de Pamplona \/ Noticias","url":"https:\/\/www.laguiadepamplona.com\/actualidad\/","logo":{"@type":"ImageObject","inLanguage":"es","@id":"https:\/\/www.laguiadepamplona.com\/actualidad\/#\/schema\/logo\/image\/","url":"https:\/\/www.laguiadepamplona.com\/actualidad\/wp-content\/uploads\/2018\/11\/logo-laguiadepamplona18-web1.png","contentUrl":"https:\/\/www.laguiadepamplona.com\/actualidad\/wp-content\/uploads\/2018\/11\/logo-laguiadepamplona18-web1.png","width":600,"height":196,"caption":"La Gu\u00eda de Pamplona \/ Noticias"},"image":{"@id":"https:\/\/www.laguiadepamplona.com\/actualidad\/#\/schema\/logo\/image\/"},"sameAs":["https:\/\/www.facebook.com\/laguiadepamplonacom-133175176762273\/?ref=hl","https:\/\/x.com\/LaGuiadPamplona","https:\/\/www.instagram.com\/la_guia_de_pamplona\/","https:\/\/www.youtube.com\/user\/laguiadepamplona"]},{"@type":"Person","@id":"https:\/\/www.laguiadepamplona.com\/actualidad\/#\/schema\/person\/efe887376f0213d4657c93adc50b1fdb","name":"La Gu\u00eda de Pamplona","image":{"@type":"ImageObject","inLanguage":"es","@id":"https:\/\/secure.gravatar.com\/avatar\/b6992f131dc8d30ab0dff15446e9d346d9dbd95992de0fef795073f5ea83a81c?s=96&d=mm&r=g","url":"https:\/\/secure.gravatar.com\/avatar\/b6992f131dc8d30ab0dff15446e9d346d9dbd95992de0fef795073f5ea83a81c?s=96&d=mm&r=g","contentUrl":"https:\/\/secure.gravatar.com\/avatar\/b6992f131dc8d30ab0dff15446e9d346d9dbd95992de0fef795073f5ea83a81c?s=96&d=mm&r=g","caption":"La Gu\u00eda de Pamplona"}}]}},"post_mailing_queue_ids":[],"_links":{"self":[{"href":"https:\/\/www.laguiadepamplona.com\/actualidad\/wp-json\/wp\/v2\/posts\/7257","targetHints":{"allow":["GET"]}}],"collection":[{"href":"https:\/\/www.laguiadepamplona.com\/actualidad\/wp-json\/wp\/v2\/posts"}],"about":[{"href":"https:\/\/www.laguiadepamplona.com\/actualidad\/wp-json\/wp\/v2\/types\/post"}],"author":[{"embeddable":true,"href":"https:\/\/www.laguiadepamplona.com\/actualidad\/wp-json\/wp\/v2\/users\/1"}],"replies":[{"embeddable":true,"href":"https:\/\/www.laguiadepamplona.com\/actualidad\/wp-json\/wp\/v2\/comments?post=7257"}],"version-history":[{"count":0,"href":"https:\/\/www.laguiadepamplona.com\/actualidad\/wp-json\/wp\/v2\/posts\/7257\/revisions"}],"wp:featuredmedia":[{"embeddable":true,"href":"https:\/\/www.laguiadepamplona.com\/actualidad\/wp-json\/"}],"wp:attachment":[{"href":"https:\/\/www.laguiadepamplona.com\/actualidad\/wp-json\/wp\/v2\/media?parent=7257"}],"wp:term":[{"taxonomy":"category","embeddable":true,"href":"https:\/\/www.laguiadepamplona.com\/actualidad\/wp-json\/wp\/v2\/categories?post=7257"},{"taxonomy":"post_tag","embeddable":true,"href":"https:\/\/www.laguiadepamplona.com\/actualidad\/wp-json\/wp\/v2\/tags?post=7257"}],"curies":[{"name":"wp","href":"https:\/\/api.w.org\/{rel}","templated":true}]}}