{"id":725,"date":"2014-03-10T12:25:54","date_gmt":"2014-03-10T11:25:54","guid":{"rendered":"http:\/\/laguiadepamplona.es\/noticias\/?p=725"},"modified":"2014-03-10T12:25:54","modified_gmt":"2014-03-10T11:25:54","slug":"una-conferencia-sobre-la-influencia-de-la-atencion-en-el-rendimiento-escolar-cierra-manana-la-escuela-de-padres-y-madres-organizada-este-trimestre-por-la-red-civivox","status":"publish","type":"post","link":"https:\/\/www.laguiadepamplona.com\/actualidad\/una-conferencia-sobre-la-influencia-de-la-atencion-en-el-rendimiento-escolar-cierra-manana-la-escuela-de-padres-y-madres-organizada-este-trimestre-por-la-red-civivox\/","title":{"rendered":"Una conferencia sobre la influencia de la atenci\u00f3n en el rendimiento escolar cierra ma\u00f1ana la escuela de padres y madres organizada este trimestre por la red Civivox"},"content":{"rendered":"<h6>La charla tendr\u00e1 lugar en Civivox Iturrama, a las 18 horas, con entrada libre<\/h6>\n<p><a href=\"http:\/\/laguiadepamplona.es\/noticias\/wp-content\/uploads\/2014\/02\/civivox_iturrama.jpg\"><img loading=\"lazy\" decoding=\"async\" class=\"alignleft size-medium wp-image-641\" alt=\"civivox_iturrama\" src=\"http:\/\/laguiadepamplona.es\/noticias\/wp-content\/uploads\/2014\/02\/civivox_iturrama-300x226.jpg\" width=\"300\" height=\"226\" \/><\/a>La escuela de madres y padres que organiza peri\u00f3dicamente la red Civivox concluye este trimestre con una conferencia titulada \u2018La atenci\u00f3n, influencia en el rendimiento escolar\u2019. Impartida por la psic\u00f3loga y orientadora escolar Carmen Azparren, tendr\u00e1 lugar ma\u00f1ana martes a las 18 horas en Civivox Iturrama. La entrada es libre.<\/p>\n<p>En el transcurso de la charla se har\u00e1 hincapi\u00e9 en el concepto de atenci\u00f3n, un mecanismo que pone en marcha procesos que nos hacen m\u00e1s receptivos a los sucesos del ambiente y que nos permiten llevar a cabo las tareas de forma m\u00e1s eficaz. Existen importantes diferencias en la capacidad de atender, y adem\u00e1s las situaciones en las que no dominamos el proceso nos requieren una demanda de atenci\u00f3n mucho mayor.<\/p>\n<p>La ponente explicar\u00e1 asimismo que los procesos atencionales intervienen no s\u00f3lo al seleccionar la informaci\u00f3n que entra en el cerebro sino tambi\u00e9n en su posterior procesamiento y respuesta, por lo que es necesario utilizar estos recursos atencionales para llevar a cabo las tareas principales, sin desperdiciarlos en procesar informaci\u00f3n irrelevante.<\/p>\n<p>A lo largo de este trimestre, la escuela de madres y padres ha ofrecido otras tres conferencias sobre el desarrollo creativo de los hijos, la adolescencia y el estr\u00e9s en la familia y en la infancia, adem\u00e1s de tres cursos titulados \u2018Actividades creativas en el hogar\u2019,\u00a0 \u2018Relaciones familiares en la adolescencia\u2019 y \u2018Gesti\u00f3n del estr\u00e9s en la familia\u2019.<\/p>\n<p>&nbsp;<\/p>\n<div>\n<p><strong>Escuela de madres y padres. Conferencia<\/strong><\/p>\n<\/div>\n<ul>\n<li><b>T\u00edtulo<\/b>: \u2018La atenci\u00f3n, influencia en el rendimiento escolar\u2019<\/li>\n<li><b>D\u00eda y hora:<\/b> martes 11 de marzo a las 18 horas<\/li>\n<li><b>Lugar: <\/b>Civivox Iturrama<\/li>\n<li><b>Ponente<\/b>: Carmen Azparren, psic\u00f3loga y orientadora escolar<\/li>\n<li>Entrada libre<\/li>\n<\/ul>\n<p>&nbsp;<\/p>\n","protected":false},"excerpt":{"rendered":"<p>La charla tendr\u00e1 lugar en Civivox Iturrama, a las 18 horas, con entrada libre La escuela de madres y padres que organiza peri\u00f3dicamente la red Civivox concluye este trimestre con&#8230;<\/p>\n","protected":false},"author":1,"featured_media":641,"comment_status":"open","ping_status":"open","sticky":false,"template":"","format":"standard","meta":{"footnotes":""},"categories":[2],"tags":[5,6,91,444,8,9],"class_list":["post-725","post","type-post","status-publish","format-standard","has-post-thumbnail","hentry","category-ayuntamiento-pamplona","tag-actualidad","tag-ayto-pamplona","tag-civivox","tag-iturrama","tag-noticias","tag-pamplona"],"yoast_head":"<!-- This site is optimized with the Yoast SEO plugin v27.5 - https:\/\/yoast.com\/product\/yoast-seo-wordpress\/ -->\n<title>Una conferencia sobre la influencia de la atenci\u00f3n en el rendimiento escolar cierra ma\u00f1ana la escuela de padres y madres organizada este trimestre por la red Civivox<\/title>\n<meta name=\"robots\" content=\"index, follow, max-snippet:-1, max-image-preview:large, max-video-preview:-1\" \/>\n<link rel=\"canonical\" href=\"https:\/\/www.laguiadepamplona.com\/actualidad\/una-conferencia-sobre-la-influencia-de-la-atencion-en-el-rendimiento-escolar-cierra-manana-la-escuela-de-padres-y-madres-organizada-este-trimestre-por-la-red-civivox\/\" \/>\n<meta property=\"og:locale\" content=\"es_ES\" \/>\n<meta property=\"og:type\" content=\"article\" \/>\n<meta property=\"og:title\" content=\"Una conferencia sobre la influencia de la atenci\u00f3n en el rendimiento escolar cierra ma\u00f1ana la escuela de padres y madres organizada este trimestre por la red Civivox\" \/>\n<meta property=\"og:description\" content=\"La charla tendr\u00e1 lugar en Civivox Iturrama, a las 18 horas, con entrada libre La escuela de madres y padres que organiza peri\u00f3dicamente la red Civivox concluye este trimestre con...\" \/>\n<meta property=\"og:url\" content=\"https:\/\/www.laguiadepamplona.com\/actualidad\/una-conferencia-sobre-la-influencia-de-la-atencion-en-el-rendimiento-escolar-cierra-manana-la-escuela-de-padres-y-madres-organizada-este-trimestre-por-la-red-civivox\/\" \/>\n<meta property=\"og:site_name\" content=\"La Gu\u00eda de Pamplona\" \/>\n<meta property=\"article:publisher\" content=\"https:\/\/www.facebook.com\/laguiadepamplonacom-133175176762273\/?ref=hl\" \/>\n<meta property=\"article:published_time\" content=\"2014-03-10T11:25:54+00:00\" \/>\n<meta name=\"author\" content=\"La Gu\u00eda de Pamplona\" \/>\n<meta name=\"twitter:card\" content=\"summary_large_image\" \/>\n<meta name=\"twitter:creator\" content=\"@LaGuiadPamplona\" \/>\n<meta name=\"twitter:site\" content=\"@LaGuiadPamplona\" \/>\n<meta name=\"twitter:label1\" content=\"Escrito por\" \/>\n\t<meta name=\"twitter:data1\" content=\"La Gu\u00eda de Pamplona\" \/>\n\t<meta name=\"twitter:label2\" content=\"Tiempo de lectura\" \/>\n\t<meta name=\"twitter:data2\" content=\"1 minuto\" \/>\n<script type=\"application\/ld+json\" class=\"yoast-schema-graph\">{\"@context\":\"https:\\\/\\\/schema.org\",\"@graph\":[{\"@type\":\"Article\",\"@id\":\"https:\\\/\\\/www.laguiadepamplona.com\\\/actualidad\\\/una-conferencia-sobre-la-influencia-de-la-atencion-en-el-rendimiento-escolar-cierra-manana-la-escuela-de-padres-y-madres-organizada-este-trimestre-por-la-red-civivox\\\/#article\",\"isPartOf\":{\"@id\":\"https:\\\/\\\/www.laguiadepamplona.com\\\/actualidad\\\/una-conferencia-sobre-la-influencia-de-la-atencion-en-el-rendimiento-escolar-cierra-manana-la-escuela-de-padres-y-madres-organizada-este-trimestre-por-la-red-civivox\\\/\"},\"author\":{\"name\":\"La Gu\u00eda de Pamplona\",\"@id\":\"https:\\\/\\\/www.laguiadepamplona.com\\\/actualidad\\\/#\\\/schema\\\/person\\\/efe887376f0213d4657c93adc50b1fdb\"},\"headline\":\"Una conferencia sobre la influencia de la atenci\u00f3n en el rendimiento escolar cierra ma\u00f1ana la escuela de padres y madres organizada este trimestre por la red Civivox\",\"datePublished\":\"2014-03-10T11:25:54+00:00\",\"mainEntityOfPage\":{\"@id\":\"https:\\\/\\\/www.laguiadepamplona.com\\\/actualidad\\\/una-conferencia-sobre-la-influencia-de-la-atencion-en-el-rendimiento-escolar-cierra-manana-la-escuela-de-padres-y-madres-organizada-este-trimestre-por-la-red-civivox\\\/\"},\"wordCount\":328,\"commentCount\":0,\"publisher\":{\"@id\":\"https:\\\/\\\/www.laguiadepamplona.com\\\/actualidad\\\/#organization\"},\"image\":{\"@id\":\"https:\\\/\\\/www.laguiadepamplona.com\\\/actualidad\\\/una-conferencia-sobre-la-influencia-de-la-atencion-en-el-rendimiento-escolar-cierra-manana-la-escuela-de-padres-y-madres-organizada-este-trimestre-por-la-red-civivox\\\/#primaryimage\"},\"thumbnailUrl\":\"\",\"keywords\":[\"actualidad\",\"ayto pamplona\",\"civivox\",\"iturrama\",\"noticias\",\"pamplona\"],\"articleSection\":[\"Ayto Pamplona\"],\"inLanguage\":\"es\",\"potentialAction\":[{\"@type\":\"CommentAction\",\"name\":\"Comment\",\"target\":[\"https:\\\/\\\/www.laguiadepamplona.com\\\/actualidad\\\/una-conferencia-sobre-la-influencia-de-la-atencion-en-el-rendimiento-escolar-cierra-manana-la-escuela-de-padres-y-madres-organizada-este-trimestre-por-la-red-civivox\\\/#respond\"]}]},{\"@type\":\"WebPage\",\"@id\":\"https:\\\/\\\/www.laguiadepamplona.com\\\/actualidad\\\/una-conferencia-sobre-la-influencia-de-la-atencion-en-el-rendimiento-escolar-cierra-manana-la-escuela-de-padres-y-madres-organizada-este-trimestre-por-la-red-civivox\\\/\",\"url\":\"https:\\\/\\\/www.laguiadepamplona.com\\\/actualidad\\\/una-conferencia-sobre-la-influencia-de-la-atencion-en-el-rendimiento-escolar-cierra-manana-la-escuela-de-padres-y-madres-organizada-este-trimestre-por-la-red-civivox\\\/\",\"name\":\"Una conferencia sobre la influencia de la atenci\u00f3n en el rendimiento escolar cierra ma\u00f1ana la escuela de padres y madres organizada este trimestre por la red Civivox\",\"isPartOf\":{\"@id\":\"https:\\\/\\\/www.laguiadepamplona.com\\\/actualidad\\\/#website\"},\"primaryImageOfPage\":{\"@id\":\"https:\\\/\\\/www.laguiadepamplona.com\\\/actualidad\\\/una-conferencia-sobre-la-influencia-de-la-atencion-en-el-rendimiento-escolar-cierra-manana-la-escuela-de-padres-y-madres-organizada-este-trimestre-por-la-red-civivox\\\/#primaryimage\"},\"image\":{\"@id\":\"https:\\\/\\\/www.laguiadepamplona.com\\\/actualidad\\\/una-conferencia-sobre-la-influencia-de-la-atencion-en-el-rendimiento-escolar-cierra-manana-la-escuela-de-padres-y-madres-organizada-este-trimestre-por-la-red-civivox\\\/#primaryimage\"},\"thumbnailUrl\":\"\",\"datePublished\":\"2014-03-10T11:25:54+00:00\",\"breadcrumb\":{\"@id\":\"https:\\\/\\\/www.laguiadepamplona.com\\\/actualidad\\\/una-conferencia-sobre-la-influencia-de-la-atencion-en-el-rendimiento-escolar-cierra-manana-la-escuela-de-padres-y-madres-organizada-este-trimestre-por-la-red-civivox\\\/#breadcrumb\"},\"inLanguage\":\"es\",\"potentialAction\":[{\"@type\":\"ReadAction\",\"target\":[\"https:\\\/\\\/www.laguiadepamplona.com\\\/actualidad\\\/una-conferencia-sobre-la-influencia-de-la-atencion-en-el-rendimiento-escolar-cierra-manana-la-escuela-de-padres-y-madres-organizada-este-trimestre-por-la-red-civivox\\\/\"]}]},{\"@type\":\"ImageObject\",\"inLanguage\":\"es\",\"@id\":\"https:\\\/\\\/www.laguiadepamplona.com\\\/actualidad\\\/una-conferencia-sobre-la-influencia-de-la-atencion-en-el-rendimiento-escolar-cierra-manana-la-escuela-de-padres-y-madres-organizada-este-trimestre-por-la-red-civivox\\\/#primaryimage\",\"url\":\"\",\"contentUrl\":\"\"},{\"@type\":\"BreadcrumbList\",\"@id\":\"https:\\\/\\\/www.laguiadepamplona.com\\\/actualidad\\\/una-conferencia-sobre-la-influencia-de-la-atencion-en-el-rendimiento-escolar-cierra-manana-la-escuela-de-padres-y-madres-organizada-este-trimestre-por-la-red-civivox\\\/#breadcrumb\",\"itemListElement\":[{\"@type\":\"ListItem\",\"position\":1,\"name\":\"Portada\",\"item\":\"https:\\\/\\\/www.laguiadepamplona.com\\\/actualidad\\\/\"},{\"@type\":\"ListItem\",\"position\":2,\"name\":\"Una conferencia sobre la influencia de la atenci\u00f3n en el rendimiento escolar cierra ma\u00f1ana la escuela de padres y madres organizada este trimestre por la red Civivox\"}]},{\"@type\":\"WebSite\",\"@id\":\"https:\\\/\\\/www.laguiadepamplona.com\\\/actualidad\\\/#website\",\"url\":\"https:\\\/\\\/www.laguiadepamplona.com\\\/actualidad\\\/\",\"name\":\"La gu\u00eda de Pamplona\",\"description\":\"Noticias de Pamplona\",\"publisher\":{\"@id\":\"https:\\\/\\\/www.laguiadepamplona.com\\\/actualidad\\\/#organization\"},\"potentialAction\":[{\"@type\":\"SearchAction\",\"target\":{\"@type\":\"EntryPoint\",\"urlTemplate\":\"https:\\\/\\\/www.laguiadepamplona.com\\\/actualidad\\\/?s={search_term_string}\"},\"query-input\":{\"@type\":\"PropertyValueSpecification\",\"valueRequired\":true,\"valueName\":\"search_term_string\"}}],\"inLanguage\":\"es\"},{\"@type\":\"Organization\",\"@id\":\"https:\\\/\\\/www.laguiadepamplona.com\\\/actualidad\\\/#organization\",\"name\":\"La Gu\u00eda de Pamplona \\\/ Noticias\",\"url\":\"https:\\\/\\\/www.laguiadepamplona.com\\\/actualidad\\\/\",\"logo\":{\"@type\":\"ImageObject\",\"inLanguage\":\"es\",\"@id\":\"https:\\\/\\\/www.laguiadepamplona.com\\\/actualidad\\\/#\\\/schema\\\/logo\\\/image\\\/\",\"url\":\"https:\\\/\\\/www.laguiadepamplona.com\\\/actualidad\\\/wp-content\\\/uploads\\\/2018\\\/11\\\/logo-laguiadepamplona18-web1.png\",\"contentUrl\":\"https:\\\/\\\/www.laguiadepamplona.com\\\/actualidad\\\/wp-content\\\/uploads\\\/2018\\\/11\\\/logo-laguiadepamplona18-web1.png\",\"width\":600,\"height\":196,\"caption\":\"La Gu\u00eda de Pamplona \\\/ Noticias\"},\"image\":{\"@id\":\"https:\\\/\\\/www.laguiadepamplona.com\\\/actualidad\\\/#\\\/schema\\\/logo\\\/image\\\/\"},\"sameAs\":[\"https:\\\/\\\/www.facebook.com\\\/laguiadepamplonacom-133175176762273\\\/?ref=hl\",\"https:\\\/\\\/x.com\\\/LaGuiadPamplona\",\"https:\\\/\\\/www.instagram.com\\\/la_guia_de_pamplona\\\/\",\"https:\\\/\\\/www.youtube.com\\\/user\\\/laguiadepamplona\"]},{\"@type\":\"Person\",\"@id\":\"https:\\\/\\\/www.laguiadepamplona.com\\\/actualidad\\\/#\\\/schema\\\/person\\\/efe887376f0213d4657c93adc50b1fdb\",\"name\":\"La Gu\u00eda de Pamplona\",\"image\":{\"@type\":\"ImageObject\",\"inLanguage\":\"es\",\"@id\":\"https:\\\/\\\/secure.gravatar.com\\\/avatar\\\/b6992f131dc8d30ab0dff15446e9d346d9dbd95992de0fef795073f5ea83a81c?s=96&d=mm&r=g\",\"url\":\"https:\\\/\\\/secure.gravatar.com\\\/avatar\\\/b6992f131dc8d30ab0dff15446e9d346d9dbd95992de0fef795073f5ea83a81c?s=96&d=mm&r=g\",\"contentUrl\":\"https:\\\/\\\/secure.gravatar.com\\\/avatar\\\/b6992f131dc8d30ab0dff15446e9d346d9dbd95992de0fef795073f5ea83a81c?s=96&d=mm&r=g\",\"caption\":\"La Gu\u00eda de Pamplona\"}}]}<\/script>\n<!-- \/ Yoast SEO plugin. -->","yoast_head_json":{"title":"Una conferencia sobre la influencia de la atenci\u00f3n en el rendimiento escolar cierra ma\u00f1ana la escuela de padres y madres organizada este trimestre por la red Civivox","robots":{"index":"index","follow":"follow","max-snippet":"max-snippet:-1","max-image-preview":"max-image-preview:large","max-video-preview":"max-video-preview:-1"},"canonical":"https:\/\/www.laguiadepamplona.com\/actualidad\/una-conferencia-sobre-la-influencia-de-la-atencion-en-el-rendimiento-escolar-cierra-manana-la-escuela-de-padres-y-madres-organizada-este-trimestre-por-la-red-civivox\/","og_locale":"es_ES","og_type":"article","og_title":"Una conferencia sobre la influencia de la atenci\u00f3n en el rendimiento escolar cierra ma\u00f1ana la escuela de padres y madres organizada este trimestre por la red Civivox","og_description":"La charla tendr\u00e1 lugar en Civivox Iturrama, a las 18 horas, con entrada libre La escuela de madres y padres que organiza peri\u00f3dicamente la red Civivox concluye este trimestre con...","og_url":"https:\/\/www.laguiadepamplona.com\/actualidad\/una-conferencia-sobre-la-influencia-de-la-atencion-en-el-rendimiento-escolar-cierra-manana-la-escuela-de-padres-y-madres-organizada-este-trimestre-por-la-red-civivox\/","og_site_name":"La Gu\u00eda de Pamplona","article_publisher":"https:\/\/www.facebook.com\/laguiadepamplonacom-133175176762273\/?ref=hl","article_published_time":"2014-03-10T11:25:54+00:00","author":"La Gu\u00eda de Pamplona","twitter_card":"summary_large_image","twitter_creator":"@LaGuiadPamplona","twitter_site":"@LaGuiadPamplona","twitter_misc":{"Escrito por":"La Gu\u00eda de Pamplona","Tiempo de lectura":"1 minuto"},"schema":{"@context":"https:\/\/schema.org","@graph":[{"@type":"Article","@id":"https:\/\/www.laguiadepamplona.com\/actualidad\/una-conferencia-sobre-la-influencia-de-la-atencion-en-el-rendimiento-escolar-cierra-manana-la-escuela-de-padres-y-madres-organizada-este-trimestre-por-la-red-civivox\/#article","isPartOf":{"@id":"https:\/\/www.laguiadepamplona.com\/actualidad\/una-conferencia-sobre-la-influencia-de-la-atencion-en-el-rendimiento-escolar-cierra-manana-la-escuela-de-padres-y-madres-organizada-este-trimestre-por-la-red-civivox\/"},"author":{"name":"La Gu\u00eda de Pamplona","@id":"https:\/\/www.laguiadepamplona.com\/actualidad\/#\/schema\/person\/efe887376f0213d4657c93adc50b1fdb"},"headline":"Una conferencia sobre la influencia de la atenci\u00f3n en el rendimiento escolar cierra ma\u00f1ana la escuela de padres y madres organizada este trimestre por la red Civivox","datePublished":"2014-03-10T11:25:54+00:00","mainEntityOfPage":{"@id":"https:\/\/www.laguiadepamplona.com\/actualidad\/una-conferencia-sobre-la-influencia-de-la-atencion-en-el-rendimiento-escolar-cierra-manana-la-escuela-de-padres-y-madres-organizada-este-trimestre-por-la-red-civivox\/"},"wordCount":328,"commentCount":0,"publisher":{"@id":"https:\/\/www.laguiadepamplona.com\/actualidad\/#organization"},"image":{"@id":"https:\/\/www.laguiadepamplona.com\/actualidad\/una-conferencia-sobre-la-influencia-de-la-atencion-en-el-rendimiento-escolar-cierra-manana-la-escuela-de-padres-y-madres-organizada-este-trimestre-por-la-red-civivox\/#primaryimage"},"thumbnailUrl":"","keywords":["actualidad","ayto pamplona","civivox","iturrama","noticias","pamplona"],"articleSection":["Ayto Pamplona"],"inLanguage":"es","potentialAction":[{"@type":"CommentAction","name":"Comment","target":["https:\/\/www.laguiadepamplona.com\/actualidad\/una-conferencia-sobre-la-influencia-de-la-atencion-en-el-rendimiento-escolar-cierra-manana-la-escuela-de-padres-y-madres-organizada-este-trimestre-por-la-red-civivox\/#respond"]}]},{"@type":"WebPage","@id":"https:\/\/www.laguiadepamplona.com\/actualidad\/una-conferencia-sobre-la-influencia-de-la-atencion-en-el-rendimiento-escolar-cierra-manana-la-escuela-de-padres-y-madres-organizada-este-trimestre-por-la-red-civivox\/","url":"https:\/\/www.laguiadepamplona.com\/actualidad\/una-conferencia-sobre-la-influencia-de-la-atencion-en-el-rendimiento-escolar-cierra-manana-la-escuela-de-padres-y-madres-organizada-este-trimestre-por-la-red-civivox\/","name":"Una conferencia sobre la influencia de la atenci\u00f3n en el rendimiento escolar cierra ma\u00f1ana la escuela de padres y madres organizada este trimestre por la red Civivox","isPartOf":{"@id":"https:\/\/www.laguiadepamplona.com\/actualidad\/#website"},"primaryImageOfPage":{"@id":"https:\/\/www.laguiadepamplona.com\/actualidad\/una-conferencia-sobre-la-influencia-de-la-atencion-en-el-rendimiento-escolar-cierra-manana-la-escuela-de-padres-y-madres-organizada-este-trimestre-por-la-red-civivox\/#primaryimage"},"image":{"@id":"https:\/\/www.laguiadepamplona.com\/actualidad\/una-conferencia-sobre-la-influencia-de-la-atencion-en-el-rendimiento-escolar-cierra-manana-la-escuela-de-padres-y-madres-organizada-este-trimestre-por-la-red-civivox\/#primaryimage"},"thumbnailUrl":"","datePublished":"2014-03-10T11:25:54+00:00","breadcrumb":{"@id":"https:\/\/www.laguiadepamplona.com\/actualidad\/una-conferencia-sobre-la-influencia-de-la-atencion-en-el-rendimiento-escolar-cierra-manana-la-escuela-de-padres-y-madres-organizada-este-trimestre-por-la-red-civivox\/#breadcrumb"},"inLanguage":"es","potentialAction":[{"@type":"ReadAction","target":["https:\/\/www.laguiadepamplona.com\/actualidad\/una-conferencia-sobre-la-influencia-de-la-atencion-en-el-rendimiento-escolar-cierra-manana-la-escuela-de-padres-y-madres-organizada-este-trimestre-por-la-red-civivox\/"]}]},{"@type":"ImageObject","inLanguage":"es","@id":"https:\/\/www.laguiadepamplona.com\/actualidad\/una-conferencia-sobre-la-influencia-de-la-atencion-en-el-rendimiento-escolar-cierra-manana-la-escuela-de-padres-y-madres-organizada-este-trimestre-por-la-red-civivox\/#primaryimage","url":"","contentUrl":""},{"@type":"BreadcrumbList","@id":"https:\/\/www.laguiadepamplona.com\/actualidad\/una-conferencia-sobre-la-influencia-de-la-atencion-en-el-rendimiento-escolar-cierra-manana-la-escuela-de-padres-y-madres-organizada-este-trimestre-por-la-red-civivox\/#breadcrumb","itemListElement":[{"@type":"ListItem","position":1,"name":"Portada","item":"https:\/\/www.laguiadepamplona.com\/actualidad\/"},{"@type":"ListItem","position":2,"name":"Una conferencia sobre la influencia de la atenci\u00f3n en el rendimiento escolar cierra ma\u00f1ana la escuela de padres y madres organizada este trimestre por la red Civivox"}]},{"@type":"WebSite","@id":"https:\/\/www.laguiadepamplona.com\/actualidad\/#website","url":"https:\/\/www.laguiadepamplona.com\/actualidad\/","name":"La gu\u00eda de Pamplona","description":"Noticias de Pamplona","publisher":{"@id":"https:\/\/www.laguiadepamplona.com\/actualidad\/#organization"},"potentialAction":[{"@type":"SearchAction","target":{"@type":"EntryPoint","urlTemplate":"https:\/\/www.laguiadepamplona.com\/actualidad\/?s={search_term_string}"},"query-input":{"@type":"PropertyValueSpecification","valueRequired":true,"valueName":"search_term_string"}}],"inLanguage":"es"},{"@type":"Organization","@id":"https:\/\/www.laguiadepamplona.com\/actualidad\/#organization","name":"La Gu\u00eda de Pamplona \/ Noticias","url":"https:\/\/www.laguiadepamplona.com\/actualidad\/","logo":{"@type":"ImageObject","inLanguage":"es","@id":"https:\/\/www.laguiadepamplona.com\/actualidad\/#\/schema\/logo\/image\/","url":"https:\/\/www.laguiadepamplona.com\/actualidad\/wp-content\/uploads\/2018\/11\/logo-laguiadepamplona18-web1.png","contentUrl":"https:\/\/www.laguiadepamplona.com\/actualidad\/wp-content\/uploads\/2018\/11\/logo-laguiadepamplona18-web1.png","width":600,"height":196,"caption":"La Gu\u00eda de Pamplona \/ Noticias"},"image":{"@id":"https:\/\/www.laguiadepamplona.com\/actualidad\/#\/schema\/logo\/image\/"},"sameAs":["https:\/\/www.facebook.com\/laguiadepamplonacom-133175176762273\/?ref=hl","https:\/\/x.com\/LaGuiadPamplona","https:\/\/www.instagram.com\/la_guia_de_pamplona\/","https:\/\/www.youtube.com\/user\/laguiadepamplona"]},{"@type":"Person","@id":"https:\/\/www.laguiadepamplona.com\/actualidad\/#\/schema\/person\/efe887376f0213d4657c93adc50b1fdb","name":"La Gu\u00eda de Pamplona","image":{"@type":"ImageObject","inLanguage":"es","@id":"https:\/\/secure.gravatar.com\/avatar\/b6992f131dc8d30ab0dff15446e9d346d9dbd95992de0fef795073f5ea83a81c?s=96&d=mm&r=g","url":"https:\/\/secure.gravatar.com\/avatar\/b6992f131dc8d30ab0dff15446e9d346d9dbd95992de0fef795073f5ea83a81c?s=96&d=mm&r=g","contentUrl":"https:\/\/secure.gravatar.com\/avatar\/b6992f131dc8d30ab0dff15446e9d346d9dbd95992de0fef795073f5ea83a81c?s=96&d=mm&r=g","caption":"La Gu\u00eda de Pamplona"}}]}},"post_mailing_queue_ids":[],"_links":{"self":[{"href":"https:\/\/www.laguiadepamplona.com\/actualidad\/wp-json\/wp\/v2\/posts\/725","targetHints":{"allow":["GET"]}}],"collection":[{"href":"https:\/\/www.laguiadepamplona.com\/actualidad\/wp-json\/wp\/v2\/posts"}],"about":[{"href":"https:\/\/www.laguiadepamplona.com\/actualidad\/wp-json\/wp\/v2\/types\/post"}],"author":[{"embeddable":true,"href":"https:\/\/www.laguiadepamplona.com\/actualidad\/wp-json\/wp\/v2\/users\/1"}],"replies":[{"embeddable":true,"href":"https:\/\/www.laguiadepamplona.com\/actualidad\/wp-json\/wp\/v2\/comments?post=725"}],"version-history":[{"count":0,"href":"https:\/\/www.laguiadepamplona.com\/actualidad\/wp-json\/wp\/v2\/posts\/725\/revisions"}],"wp:featuredmedia":[{"embeddable":true,"href":"https:\/\/www.laguiadepamplona.com\/actualidad\/wp-json\/"}],"wp:attachment":[{"href":"https:\/\/www.laguiadepamplona.com\/actualidad\/wp-json\/wp\/v2\/media?parent=725"}],"wp:term":[{"taxonomy":"category","embeddable":true,"href":"https:\/\/www.laguiadepamplona.com\/actualidad\/wp-json\/wp\/v2\/categories?post=725"},{"taxonomy":"post_tag","embeddable":true,"href":"https:\/\/www.laguiadepamplona.com\/actualidad\/wp-json\/wp\/v2\/tags?post=725"}],"curies":[{"name":"wp","href":"https:\/\/api.w.org\/{rel}","templated":true}]}}