{"id":710,"date":"2014-03-07T12:54:38","date_gmt":"2014-03-07T11:54:38","guid":{"rendered":"http:\/\/laguiadepamplona.es\/noticias\/?p=710"},"modified":"2014-03-07T12:54:38","modified_gmt":"2014-03-07T11:54:38","slug":"este-lunes-se-repasara-la-historia-y-el-papel-de-la-escuela-municipal-de-artes-y-oficios-en-las-ensenanzas-artisticas-en-una-conferencia-en-civivox-condestable","status":"publish","type":"post","link":"https:\/\/www.laguiadepamplona.com\/actualidad\/este-lunes-se-repasara-la-historia-y-el-papel-de-la-escuela-municipal-de-artes-y-oficios-en-las-ensenanzas-artisticas-en-una-conferencia-en-civivox-condestable\/","title":{"rendered":"Este lunes se repasar\u00e1 la historia y el papel de la Escuela Municipal de Artes y Oficios en las ense\u00f1anzas art\u00edsticas, en una conferencia en Civivox Condestable"},"content":{"rendered":"<h6><span style=\"font-size: 1.5em; line-height: 1.5em;\">El jueves habr\u00e1 una visita guiada a la exposici\u00f3n de la Ciudadela que recoge obras realizadas por los alumnos entre 2009 y 2013<\/span><\/h6>\n<p><a href=\"http:\/\/laguiadepamplona.es\/noticias\/wp-content\/uploads\/2014\/02\/escuela-catalina-oscariz.jpg\"><img loading=\"lazy\" decoding=\"async\" class=\"alignleft size-medium wp-image-545\" alt=\"escuela-catalina-oscariz\" src=\"http:\/\/laguiadepamplona.es\/noticias\/wp-content\/uploads\/2014\/02\/escuela-catalina-oscariz-300x182.jpg\" width=\"300\" height=\"182\" \/><\/a>Este lunes, dentro de los actos en torno a la exposici\u00f3n \u2018Catalina de Osc\u00e1riz. Alumnos 2009 \u2013 2013\u2019, que se encuentra hasta el 16 de marzo en la Sala de Armas de la Ciudadela, Civivox Condestable acoger\u00e1 una conferencia sobre la historia y relevancia para la ciudad de la Escuela Municipal de Artes y Oficios desde su creaci\u00f3n en 1872, y su influencia en el origen y desarrollo de las ense\u00f1anzas art\u00edsticas en Navarra. La charla, que tendr\u00e1 entrada libre, estar\u00e1 ofrecida por I\u00f1aki Urricelqui, director del Museo del Carlismo de Estella y por el pintor Isidro L\u00f3pez Munias, que fue profesor de la escuela municipal.<\/p>\n<p>Adem\u00e1s de la conferencia, para quien se quiera acercar habr\u00e1 una visita guiada, el jueves 13, a las 19 horas, a la muestra de la Ciudadela. Ser\u00e1n los docentes de la escuela municipal quienes se encarguen de comentar los trabajos con los asistentes, de forma que las personas interesadas adquieran una visi\u00f3n panor\u00e1mica sobre los campos de formaci\u00f3n en los que trabaja el centro de ense\u00f1anzas art\u00edsticas no regladas, dependiente del Consistorio. Y es los profesores piensan que la sucesi\u00f3n de lo expuesto en la Sala de Armas puede ser una buena muestra de ello, a modo de jornada de puertas abiertas.<\/p>\n<p>Por otra parte se puede visitar libremente hasta el 16 de marzo en la planta baja de la Sala de Armas la exposici\u00f3n colectiva \u2018Catalina de Osc\u00e1riz. Alumnos 2009 \u2013 2013\u2019, que recoge los trabajos de dibujo y pintura de los alumnos de la Escuela Municipal de Artes y Oficios durante el periodo acad\u00e9mico 2009-2013. Diversas t\u00e9cnicas, materiales y motivos repetidos con las variaciones que aporta a cada obra la subjetividad de cada autor. La sala est\u00e1 abierta de martes a viernes de 18 a 20.30 horas, los s\u00e1bados de 12 a 14 horas y de 18 a 20.30 horas y los domingos y festivos de 12 a 14 horas.<\/p>\n","protected":false},"excerpt":{"rendered":"<p>El jueves habr\u00e1 una visita guiada a la exposici\u00f3n de la Ciudadela que recoge obras realizadas por los alumnos entre 2009 y 2013 Este lunes, dentro de los actos en&#8230;<\/p>\n","protected":false},"author":1,"featured_media":545,"comment_status":"open","ping_status":"open","sticky":false,"template":"","format":"standard","meta":{"footnotes":""},"categories":[2],"tags":[5,436,6,437,438,8,9],"class_list":["post-710","post","type-post","status-publish","format-standard","has-post-thumbnail","hentry","category-ayuntamiento-pamplona","tag-actualidad","tag-artes-y-oficios","tag-ayto-pamplona","tag-catalina-de-oscariz","tag-escuela-municipal","tag-noticias","tag-pamplona"],"yoast_head":"<!-- This site is optimized with the Yoast SEO plugin v27.5 - https:\/\/yoast.com\/product\/yoast-seo-wordpress\/ -->\n<title>Este lunes se repasar\u00e1 la historia y el papel de la Escuela Municipal de Artes y Oficios en las ense\u00f1anzas art\u00edsticas, en una conferencia en Civivox Condestable<\/title>\n<meta name=\"robots\" content=\"index, follow, max-snippet:-1, max-image-preview:large, max-video-preview:-1\" \/>\n<link rel=\"canonical\" href=\"https:\/\/www.laguiadepamplona.com\/actualidad\/este-lunes-se-repasara-la-historia-y-el-papel-de-la-escuela-municipal-de-artes-y-oficios-en-las-ensenanzas-artisticas-en-una-conferencia-en-civivox-condestable\/\" \/>\n<meta property=\"og:locale\" content=\"es_ES\" \/>\n<meta property=\"og:type\" content=\"article\" \/>\n<meta property=\"og:title\" content=\"Este lunes se repasar\u00e1 la historia y el papel de la Escuela Municipal de Artes y Oficios en las ense\u00f1anzas art\u00edsticas, en una conferencia en Civivox Condestable\" \/>\n<meta property=\"og:description\" content=\"El jueves habr\u00e1 una visita guiada a la exposici\u00f3n de la Ciudadela que recoge obras realizadas por los alumnos entre 2009 y 2013 Este lunes, dentro de los actos en...\" \/>\n<meta property=\"og:url\" content=\"https:\/\/www.laguiadepamplona.com\/actualidad\/este-lunes-se-repasara-la-historia-y-el-papel-de-la-escuela-municipal-de-artes-y-oficios-en-las-ensenanzas-artisticas-en-una-conferencia-en-civivox-condestable\/\" \/>\n<meta property=\"og:site_name\" content=\"La Gu\u00eda de Pamplona\" \/>\n<meta property=\"article:publisher\" content=\"https:\/\/www.facebook.com\/laguiadepamplonacom-133175176762273\/?ref=hl\" \/>\n<meta property=\"article:published_time\" content=\"2014-03-07T11:54:38+00:00\" \/>\n<meta name=\"author\" content=\"La Gu\u00eda de Pamplona\" \/>\n<meta name=\"twitter:card\" content=\"summary_large_image\" \/>\n<meta name=\"twitter:creator\" content=\"@LaGuiadPamplona\" \/>\n<meta name=\"twitter:site\" content=\"@LaGuiadPamplona\" \/>\n<meta name=\"twitter:label1\" content=\"Escrito por\" \/>\n\t<meta name=\"twitter:data1\" content=\"La Gu\u00eda de Pamplona\" \/>\n\t<meta name=\"twitter:label2\" content=\"Tiempo de lectura\" \/>\n\t<meta name=\"twitter:data2\" content=\"2 minutos\" \/>\n<script type=\"application\/ld+json\" class=\"yoast-schema-graph\">{\"@context\":\"https:\\\/\\\/schema.org\",\"@graph\":[{\"@type\":\"Article\",\"@id\":\"https:\\\/\\\/www.laguiadepamplona.com\\\/actualidad\\\/este-lunes-se-repasara-la-historia-y-el-papel-de-la-escuela-municipal-de-artes-y-oficios-en-las-ensenanzas-artisticas-en-una-conferencia-en-civivox-condestable\\\/#article\",\"isPartOf\":{\"@id\":\"https:\\\/\\\/www.laguiadepamplona.com\\\/actualidad\\\/este-lunes-se-repasara-la-historia-y-el-papel-de-la-escuela-municipal-de-artes-y-oficios-en-las-ensenanzas-artisticas-en-una-conferencia-en-civivox-condestable\\\/\"},\"author\":{\"name\":\"La Gu\u00eda de Pamplona\",\"@id\":\"https:\\\/\\\/www.laguiadepamplona.com\\\/actualidad\\\/#\\\/schema\\\/person\\\/efe887376f0213d4657c93adc50b1fdb\"},\"headline\":\"Este lunes se repasar\u00e1 la historia y el papel de la Escuela Municipal de Artes y Oficios en las ense\u00f1anzas art\u00edsticas, en una conferencia en Civivox Condestable\",\"datePublished\":\"2014-03-07T11:54:38+00:00\",\"mainEntityOfPage\":{\"@id\":\"https:\\\/\\\/www.laguiadepamplona.com\\\/actualidad\\\/este-lunes-se-repasara-la-historia-y-el-papel-de-la-escuela-municipal-de-artes-y-oficios-en-las-ensenanzas-artisticas-en-una-conferencia-en-civivox-condestable\\\/\"},\"wordCount\":370,\"commentCount\":0,\"publisher\":{\"@id\":\"https:\\\/\\\/www.laguiadepamplona.com\\\/actualidad\\\/#organization\"},\"image\":{\"@id\":\"https:\\\/\\\/www.laguiadepamplona.com\\\/actualidad\\\/este-lunes-se-repasara-la-historia-y-el-papel-de-la-escuela-municipal-de-artes-y-oficios-en-las-ensenanzas-artisticas-en-una-conferencia-en-civivox-condestable\\\/#primaryimage\"},\"thumbnailUrl\":\"\",\"keywords\":[\"actualidad\",\"Artes y Oficios\",\"ayto pamplona\",\"Catalina de Osc\u00e1riz\",\"Escuela Municipal\",\"noticias\",\"pamplona\"],\"articleSection\":[\"Ayto Pamplona\"],\"inLanguage\":\"es\",\"potentialAction\":[{\"@type\":\"CommentAction\",\"name\":\"Comment\",\"target\":[\"https:\\\/\\\/www.laguiadepamplona.com\\\/actualidad\\\/este-lunes-se-repasara-la-historia-y-el-papel-de-la-escuela-municipal-de-artes-y-oficios-en-las-ensenanzas-artisticas-en-una-conferencia-en-civivox-condestable\\\/#respond\"]}]},{\"@type\":\"WebPage\",\"@id\":\"https:\\\/\\\/www.laguiadepamplona.com\\\/actualidad\\\/este-lunes-se-repasara-la-historia-y-el-papel-de-la-escuela-municipal-de-artes-y-oficios-en-las-ensenanzas-artisticas-en-una-conferencia-en-civivox-condestable\\\/\",\"url\":\"https:\\\/\\\/www.laguiadepamplona.com\\\/actualidad\\\/este-lunes-se-repasara-la-historia-y-el-papel-de-la-escuela-municipal-de-artes-y-oficios-en-las-ensenanzas-artisticas-en-una-conferencia-en-civivox-condestable\\\/\",\"name\":\"Este lunes se repasar\u00e1 la historia y el papel de la Escuela Municipal de Artes y Oficios en las ense\u00f1anzas art\u00edsticas, en una conferencia en Civivox Condestable\",\"isPartOf\":{\"@id\":\"https:\\\/\\\/www.laguiadepamplona.com\\\/actualidad\\\/#website\"},\"primaryImageOfPage\":{\"@id\":\"https:\\\/\\\/www.laguiadepamplona.com\\\/actualidad\\\/este-lunes-se-repasara-la-historia-y-el-papel-de-la-escuela-municipal-de-artes-y-oficios-en-las-ensenanzas-artisticas-en-una-conferencia-en-civivox-condestable\\\/#primaryimage\"},\"image\":{\"@id\":\"https:\\\/\\\/www.laguiadepamplona.com\\\/actualidad\\\/este-lunes-se-repasara-la-historia-y-el-papel-de-la-escuela-municipal-de-artes-y-oficios-en-las-ensenanzas-artisticas-en-una-conferencia-en-civivox-condestable\\\/#primaryimage\"},\"thumbnailUrl\":\"\",\"datePublished\":\"2014-03-07T11:54:38+00:00\",\"breadcrumb\":{\"@id\":\"https:\\\/\\\/www.laguiadepamplona.com\\\/actualidad\\\/este-lunes-se-repasara-la-historia-y-el-papel-de-la-escuela-municipal-de-artes-y-oficios-en-las-ensenanzas-artisticas-en-una-conferencia-en-civivox-condestable\\\/#breadcrumb\"},\"inLanguage\":\"es\",\"potentialAction\":[{\"@type\":\"ReadAction\",\"target\":[\"https:\\\/\\\/www.laguiadepamplona.com\\\/actualidad\\\/este-lunes-se-repasara-la-historia-y-el-papel-de-la-escuela-municipal-de-artes-y-oficios-en-las-ensenanzas-artisticas-en-una-conferencia-en-civivox-condestable\\\/\"]}]},{\"@type\":\"ImageObject\",\"inLanguage\":\"es\",\"@id\":\"https:\\\/\\\/www.laguiadepamplona.com\\\/actualidad\\\/este-lunes-se-repasara-la-historia-y-el-papel-de-la-escuela-municipal-de-artes-y-oficios-en-las-ensenanzas-artisticas-en-una-conferencia-en-civivox-condestable\\\/#primaryimage\",\"url\":\"\",\"contentUrl\":\"\"},{\"@type\":\"BreadcrumbList\",\"@id\":\"https:\\\/\\\/www.laguiadepamplona.com\\\/actualidad\\\/este-lunes-se-repasara-la-historia-y-el-papel-de-la-escuela-municipal-de-artes-y-oficios-en-las-ensenanzas-artisticas-en-una-conferencia-en-civivox-condestable\\\/#breadcrumb\",\"itemListElement\":[{\"@type\":\"ListItem\",\"position\":1,\"name\":\"Portada\",\"item\":\"https:\\\/\\\/www.laguiadepamplona.com\\\/actualidad\\\/\"},{\"@type\":\"ListItem\",\"position\":2,\"name\":\"Este lunes se repasar\u00e1 la historia y el papel de la Escuela Municipal de Artes y Oficios en las ense\u00f1anzas art\u00edsticas, en una conferencia en Civivox Condestable\"}]},{\"@type\":\"WebSite\",\"@id\":\"https:\\\/\\\/www.laguiadepamplona.com\\\/actualidad\\\/#website\",\"url\":\"https:\\\/\\\/www.laguiadepamplona.com\\\/actualidad\\\/\",\"name\":\"La gu\u00eda de Pamplona\",\"description\":\"Noticias de Pamplona\",\"publisher\":{\"@id\":\"https:\\\/\\\/www.laguiadepamplona.com\\\/actualidad\\\/#organization\"},\"potentialAction\":[{\"@type\":\"SearchAction\",\"target\":{\"@type\":\"EntryPoint\",\"urlTemplate\":\"https:\\\/\\\/www.laguiadepamplona.com\\\/actualidad\\\/?s={search_term_string}\"},\"query-input\":{\"@type\":\"PropertyValueSpecification\",\"valueRequired\":true,\"valueName\":\"search_term_string\"}}],\"inLanguage\":\"es\"},{\"@type\":\"Organization\",\"@id\":\"https:\\\/\\\/www.laguiadepamplona.com\\\/actualidad\\\/#organization\",\"name\":\"La Gu\u00eda de Pamplona \\\/ Noticias\",\"url\":\"https:\\\/\\\/www.laguiadepamplona.com\\\/actualidad\\\/\",\"logo\":{\"@type\":\"ImageObject\",\"inLanguage\":\"es\",\"@id\":\"https:\\\/\\\/www.laguiadepamplona.com\\\/actualidad\\\/#\\\/schema\\\/logo\\\/image\\\/\",\"url\":\"https:\\\/\\\/www.laguiadepamplona.com\\\/actualidad\\\/wp-content\\\/uploads\\\/2018\\\/11\\\/logo-laguiadepamplona18-web1.png\",\"contentUrl\":\"https:\\\/\\\/www.laguiadepamplona.com\\\/actualidad\\\/wp-content\\\/uploads\\\/2018\\\/11\\\/logo-laguiadepamplona18-web1.png\",\"width\":600,\"height\":196,\"caption\":\"La Gu\u00eda de Pamplona \\\/ Noticias\"},\"image\":{\"@id\":\"https:\\\/\\\/www.laguiadepamplona.com\\\/actualidad\\\/#\\\/schema\\\/logo\\\/image\\\/\"},\"sameAs\":[\"https:\\\/\\\/www.facebook.com\\\/laguiadepamplonacom-133175176762273\\\/?ref=hl\",\"https:\\\/\\\/x.com\\\/LaGuiadPamplona\",\"https:\\\/\\\/www.instagram.com\\\/la_guia_de_pamplona\\\/\",\"https:\\\/\\\/www.youtube.com\\\/user\\\/laguiadepamplona\"]},{\"@type\":\"Person\",\"@id\":\"https:\\\/\\\/www.laguiadepamplona.com\\\/actualidad\\\/#\\\/schema\\\/person\\\/efe887376f0213d4657c93adc50b1fdb\",\"name\":\"La Gu\u00eda de Pamplona\",\"image\":{\"@type\":\"ImageObject\",\"inLanguage\":\"es\",\"@id\":\"https:\\\/\\\/secure.gravatar.com\\\/avatar\\\/b6992f131dc8d30ab0dff15446e9d346d9dbd95992de0fef795073f5ea83a81c?s=96&d=mm&r=g\",\"url\":\"https:\\\/\\\/secure.gravatar.com\\\/avatar\\\/b6992f131dc8d30ab0dff15446e9d346d9dbd95992de0fef795073f5ea83a81c?s=96&d=mm&r=g\",\"contentUrl\":\"https:\\\/\\\/secure.gravatar.com\\\/avatar\\\/b6992f131dc8d30ab0dff15446e9d346d9dbd95992de0fef795073f5ea83a81c?s=96&d=mm&r=g\",\"caption\":\"La Gu\u00eda de Pamplona\"}}]}<\/script>\n<!-- \/ Yoast SEO plugin. -->","yoast_head_json":{"title":"Este lunes se repasar\u00e1 la historia y el papel de la Escuela Municipal de Artes y Oficios en las ense\u00f1anzas art\u00edsticas, en una conferencia en Civivox Condestable","robots":{"index":"index","follow":"follow","max-snippet":"max-snippet:-1","max-image-preview":"max-image-preview:large","max-video-preview":"max-video-preview:-1"},"canonical":"https:\/\/www.laguiadepamplona.com\/actualidad\/este-lunes-se-repasara-la-historia-y-el-papel-de-la-escuela-municipal-de-artes-y-oficios-en-las-ensenanzas-artisticas-en-una-conferencia-en-civivox-condestable\/","og_locale":"es_ES","og_type":"article","og_title":"Este lunes se repasar\u00e1 la historia y el papel de la Escuela Municipal de Artes y Oficios en las ense\u00f1anzas art\u00edsticas, en una conferencia en Civivox Condestable","og_description":"El jueves habr\u00e1 una visita guiada a la exposici\u00f3n de la Ciudadela que recoge obras realizadas por los alumnos entre 2009 y 2013 Este lunes, dentro de los actos en...","og_url":"https:\/\/www.laguiadepamplona.com\/actualidad\/este-lunes-se-repasara-la-historia-y-el-papel-de-la-escuela-municipal-de-artes-y-oficios-en-las-ensenanzas-artisticas-en-una-conferencia-en-civivox-condestable\/","og_site_name":"La Gu\u00eda de Pamplona","article_publisher":"https:\/\/www.facebook.com\/laguiadepamplonacom-133175176762273\/?ref=hl","article_published_time":"2014-03-07T11:54:38+00:00","author":"La Gu\u00eda de Pamplona","twitter_card":"summary_large_image","twitter_creator":"@LaGuiadPamplona","twitter_site":"@LaGuiadPamplona","twitter_misc":{"Escrito por":"La Gu\u00eda de Pamplona","Tiempo de lectura":"2 minutos"},"schema":{"@context":"https:\/\/schema.org","@graph":[{"@type":"Article","@id":"https:\/\/www.laguiadepamplona.com\/actualidad\/este-lunes-se-repasara-la-historia-y-el-papel-de-la-escuela-municipal-de-artes-y-oficios-en-las-ensenanzas-artisticas-en-una-conferencia-en-civivox-condestable\/#article","isPartOf":{"@id":"https:\/\/www.laguiadepamplona.com\/actualidad\/este-lunes-se-repasara-la-historia-y-el-papel-de-la-escuela-municipal-de-artes-y-oficios-en-las-ensenanzas-artisticas-en-una-conferencia-en-civivox-condestable\/"},"author":{"name":"La Gu\u00eda de Pamplona","@id":"https:\/\/www.laguiadepamplona.com\/actualidad\/#\/schema\/person\/efe887376f0213d4657c93adc50b1fdb"},"headline":"Este lunes se repasar\u00e1 la historia y el papel de la Escuela Municipal de Artes y Oficios en las ense\u00f1anzas art\u00edsticas, en una conferencia en Civivox Condestable","datePublished":"2014-03-07T11:54:38+00:00","mainEntityOfPage":{"@id":"https:\/\/www.laguiadepamplona.com\/actualidad\/este-lunes-se-repasara-la-historia-y-el-papel-de-la-escuela-municipal-de-artes-y-oficios-en-las-ensenanzas-artisticas-en-una-conferencia-en-civivox-condestable\/"},"wordCount":370,"commentCount":0,"publisher":{"@id":"https:\/\/www.laguiadepamplona.com\/actualidad\/#organization"},"image":{"@id":"https:\/\/www.laguiadepamplona.com\/actualidad\/este-lunes-se-repasara-la-historia-y-el-papel-de-la-escuela-municipal-de-artes-y-oficios-en-las-ensenanzas-artisticas-en-una-conferencia-en-civivox-condestable\/#primaryimage"},"thumbnailUrl":"","keywords":["actualidad","Artes y Oficios","ayto pamplona","Catalina de Osc\u00e1riz","Escuela Municipal","noticias","pamplona"],"articleSection":["Ayto Pamplona"],"inLanguage":"es","potentialAction":[{"@type":"CommentAction","name":"Comment","target":["https:\/\/www.laguiadepamplona.com\/actualidad\/este-lunes-se-repasara-la-historia-y-el-papel-de-la-escuela-municipal-de-artes-y-oficios-en-las-ensenanzas-artisticas-en-una-conferencia-en-civivox-condestable\/#respond"]}]},{"@type":"WebPage","@id":"https:\/\/www.laguiadepamplona.com\/actualidad\/este-lunes-se-repasara-la-historia-y-el-papel-de-la-escuela-municipal-de-artes-y-oficios-en-las-ensenanzas-artisticas-en-una-conferencia-en-civivox-condestable\/","url":"https:\/\/www.laguiadepamplona.com\/actualidad\/este-lunes-se-repasara-la-historia-y-el-papel-de-la-escuela-municipal-de-artes-y-oficios-en-las-ensenanzas-artisticas-en-una-conferencia-en-civivox-condestable\/","name":"Este lunes se repasar\u00e1 la historia y el papel de la Escuela Municipal de Artes y Oficios en las ense\u00f1anzas art\u00edsticas, en una conferencia en Civivox Condestable","isPartOf":{"@id":"https:\/\/www.laguiadepamplona.com\/actualidad\/#website"},"primaryImageOfPage":{"@id":"https:\/\/www.laguiadepamplona.com\/actualidad\/este-lunes-se-repasara-la-historia-y-el-papel-de-la-escuela-municipal-de-artes-y-oficios-en-las-ensenanzas-artisticas-en-una-conferencia-en-civivox-condestable\/#primaryimage"},"image":{"@id":"https:\/\/www.laguiadepamplona.com\/actualidad\/este-lunes-se-repasara-la-historia-y-el-papel-de-la-escuela-municipal-de-artes-y-oficios-en-las-ensenanzas-artisticas-en-una-conferencia-en-civivox-condestable\/#primaryimage"},"thumbnailUrl":"","datePublished":"2014-03-07T11:54:38+00:00","breadcrumb":{"@id":"https:\/\/www.laguiadepamplona.com\/actualidad\/este-lunes-se-repasara-la-historia-y-el-papel-de-la-escuela-municipal-de-artes-y-oficios-en-las-ensenanzas-artisticas-en-una-conferencia-en-civivox-condestable\/#breadcrumb"},"inLanguage":"es","potentialAction":[{"@type":"ReadAction","target":["https:\/\/www.laguiadepamplona.com\/actualidad\/este-lunes-se-repasara-la-historia-y-el-papel-de-la-escuela-municipal-de-artes-y-oficios-en-las-ensenanzas-artisticas-en-una-conferencia-en-civivox-condestable\/"]}]},{"@type":"ImageObject","inLanguage":"es","@id":"https:\/\/www.laguiadepamplona.com\/actualidad\/este-lunes-se-repasara-la-historia-y-el-papel-de-la-escuela-municipal-de-artes-y-oficios-en-las-ensenanzas-artisticas-en-una-conferencia-en-civivox-condestable\/#primaryimage","url":"","contentUrl":""},{"@type":"BreadcrumbList","@id":"https:\/\/www.laguiadepamplona.com\/actualidad\/este-lunes-se-repasara-la-historia-y-el-papel-de-la-escuela-municipal-de-artes-y-oficios-en-las-ensenanzas-artisticas-en-una-conferencia-en-civivox-condestable\/#breadcrumb","itemListElement":[{"@type":"ListItem","position":1,"name":"Portada","item":"https:\/\/www.laguiadepamplona.com\/actualidad\/"},{"@type":"ListItem","position":2,"name":"Este lunes se repasar\u00e1 la historia y el papel de la Escuela Municipal de Artes y Oficios en las ense\u00f1anzas art\u00edsticas, en una conferencia en Civivox Condestable"}]},{"@type":"WebSite","@id":"https:\/\/www.laguiadepamplona.com\/actualidad\/#website","url":"https:\/\/www.laguiadepamplona.com\/actualidad\/","name":"La gu\u00eda de Pamplona","description":"Noticias de Pamplona","publisher":{"@id":"https:\/\/www.laguiadepamplona.com\/actualidad\/#organization"},"potentialAction":[{"@type":"SearchAction","target":{"@type":"EntryPoint","urlTemplate":"https:\/\/www.laguiadepamplona.com\/actualidad\/?s={search_term_string}"},"query-input":{"@type":"PropertyValueSpecification","valueRequired":true,"valueName":"search_term_string"}}],"inLanguage":"es"},{"@type":"Organization","@id":"https:\/\/www.laguiadepamplona.com\/actualidad\/#organization","name":"La Gu\u00eda de Pamplona \/ Noticias","url":"https:\/\/www.laguiadepamplona.com\/actualidad\/","logo":{"@type":"ImageObject","inLanguage":"es","@id":"https:\/\/www.laguiadepamplona.com\/actualidad\/#\/schema\/logo\/image\/","url":"https:\/\/www.laguiadepamplona.com\/actualidad\/wp-content\/uploads\/2018\/11\/logo-laguiadepamplona18-web1.png","contentUrl":"https:\/\/www.laguiadepamplona.com\/actualidad\/wp-content\/uploads\/2018\/11\/logo-laguiadepamplona18-web1.png","width":600,"height":196,"caption":"La Gu\u00eda de Pamplona \/ Noticias"},"image":{"@id":"https:\/\/www.laguiadepamplona.com\/actualidad\/#\/schema\/logo\/image\/"},"sameAs":["https:\/\/www.facebook.com\/laguiadepamplonacom-133175176762273\/?ref=hl","https:\/\/x.com\/LaGuiadPamplona","https:\/\/www.instagram.com\/la_guia_de_pamplona\/","https:\/\/www.youtube.com\/user\/laguiadepamplona"]},{"@type":"Person","@id":"https:\/\/www.laguiadepamplona.com\/actualidad\/#\/schema\/person\/efe887376f0213d4657c93adc50b1fdb","name":"La Gu\u00eda de Pamplona","image":{"@type":"ImageObject","inLanguage":"es","@id":"https:\/\/secure.gravatar.com\/avatar\/b6992f131dc8d30ab0dff15446e9d346d9dbd95992de0fef795073f5ea83a81c?s=96&d=mm&r=g","url":"https:\/\/secure.gravatar.com\/avatar\/b6992f131dc8d30ab0dff15446e9d346d9dbd95992de0fef795073f5ea83a81c?s=96&d=mm&r=g","contentUrl":"https:\/\/secure.gravatar.com\/avatar\/b6992f131dc8d30ab0dff15446e9d346d9dbd95992de0fef795073f5ea83a81c?s=96&d=mm&r=g","caption":"La Gu\u00eda de Pamplona"}}]}},"post_mailing_queue_ids":[],"_links":{"self":[{"href":"https:\/\/www.laguiadepamplona.com\/actualidad\/wp-json\/wp\/v2\/posts\/710","targetHints":{"allow":["GET"]}}],"collection":[{"href":"https:\/\/www.laguiadepamplona.com\/actualidad\/wp-json\/wp\/v2\/posts"}],"about":[{"href":"https:\/\/www.laguiadepamplona.com\/actualidad\/wp-json\/wp\/v2\/types\/post"}],"author":[{"embeddable":true,"href":"https:\/\/www.laguiadepamplona.com\/actualidad\/wp-json\/wp\/v2\/users\/1"}],"replies":[{"embeddable":true,"href":"https:\/\/www.laguiadepamplona.com\/actualidad\/wp-json\/wp\/v2\/comments?post=710"}],"version-history":[{"count":0,"href":"https:\/\/www.laguiadepamplona.com\/actualidad\/wp-json\/wp\/v2\/posts\/710\/revisions"}],"wp:featuredmedia":[{"embeddable":true,"href":"https:\/\/www.laguiadepamplona.com\/actualidad\/wp-json\/"}],"wp:attachment":[{"href":"https:\/\/www.laguiadepamplona.com\/actualidad\/wp-json\/wp\/v2\/media?parent=710"}],"wp:term":[{"taxonomy":"category","embeddable":true,"href":"https:\/\/www.laguiadepamplona.com\/actualidad\/wp-json\/wp\/v2\/categories?post=710"},{"taxonomy":"post_tag","embeddable":true,"href":"https:\/\/www.laguiadepamplona.com\/actualidad\/wp-json\/wp\/v2\/tags?post=710"}],"curies":[{"name":"wp","href":"https:\/\/api.w.org\/{rel}","templated":true}]}}