{"id":6976,"date":"2015-08-31T12:31:49","date_gmt":"2015-08-31T10:31:49","guid":{"rendered":"http:\/\/laguiadepamplona.com\/actualidad\/?p=6976"},"modified":"2015-08-31T12:31:49","modified_gmt":"2015-08-31T10:31:49","slug":"detenidas-tres-personas-la-semana-pasada-por-conducir-bajo-los-efectos-del-alcohol-5","status":"publish","type":"post","link":"https:\/\/www.laguiadepamplona.com\/actualidad\/detenidas-tres-personas-la-semana-pasada-por-conducir-bajo-los-efectos-del-alcohol-5\/","title":{"rendered":"Detenidas tres personas la semana pasada por conducir bajo los efectos del alcohol"},"content":{"rendered":"<h4 class=\"western\" lang=\"es-ES\">La Polic\u00eda Municipal de Pamplona ha denunciado por v\u00eda administrativa a otras tres personas<\/h4>\n<p lang=\"es-ES\"><span style=\"font-family: Arial, sans-serif;\"><a href=\"http:\/\/laguiadepamplona.com\/actualidad\/wp-content\/uploads\/2014\/06\/polic\u00eda-municipal-pamplona.jpg\"><img loading=\"lazy\" decoding=\"async\" class=\"alignleft size-medium wp-image-1986\" src=\"http:\/\/laguiadepamplona.com\/actualidad\/wp-content\/uploads\/2014\/06\/polic\u00eda-municipal-pamplona-300x223.jpg\" alt=\"polic\u00eda-municipal-pamplona\" width=\"300\" height=\"223\" \/><\/a>La Polic\u00eda Municipal de Pamplona detuvo la semana pasada a tres personas como presuntas autoras de varios delitos contra el tr\u00e1fico y la seguridad vial en la ciudad. Esas tres personas fueron arrestadas por conducir bajo los efectos del alcohol. Las detenciones tuvieron lugar el mi\u00e9rcoles, el s\u00e1bado y ayer domingo.<\/span><\/p>\n<p lang=\"es-ES\"><span style=\"font-family: Arial, sans-serif;\">Adem\u00e1s, la Polic\u00eda Municipal ha denunciado por v\u00eda administrativa, entre el lunes y el domingo, a otras tres personas. De ellas, una dio positivo en un control de alcoholemia el domingo, sin llegar a tasas constitutivas de delito (es decir, dio menos de 0,60 mg\/l, aplicando los m\u00e1rgenes de errores legales, un 0,64 mg\/l). Asimismo, el martes se sancion\u00f3 a una persona por conducir bajo los efectos de sustancias estupefacientes. Por \u00faltimo, el jueves se denunci\u00f3 por v\u00eda administrativa a otra persona por conducir sin puntos en el carn\u00e9. <\/span><\/p>\n<p lang=\"es-ES\"><span style=\"font-family: Arial, sans-serif;\">Por \u00faltimo, la Polic\u00eda Municipal de Pamplona ha imputado un presunto delito de lesiones por imprudencia a una persona, que no fue detenida.<\/span><\/p>\n<p lang=\"es-ES\">\n","protected":false},"excerpt":{"rendered":"<p>La Polic\u00eda Municipal de Pamplona ha denunciado por v\u00eda administrativa a otras tres personas La Polic\u00eda Municipal de Pamplona detuvo la semana pasada a tres personas como presuntas autoras de&#8230;<\/p>\n","protected":false},"author":1,"featured_media":1986,"comment_status":"closed","ping_status":"closed","sticky":false,"template":"","format":"standard","meta":{"footnotes":""},"categories":[2],"tags":[5,388,6,509,1151,336,1390,1582,8,9,674,6269],"class_list":["post-6976","post","type-post","status-publish","format-standard","has-post-thumbnail","hentry","category-ayuntamiento-pamplona","tag-actualidad","tag-alcohol","tag-ayto-pamplona","tag-ayuntamiento-de-pamplona","tag-conducir","tag-detenidos","tag-efectos","tag-municipal","tag-noticias","tag-pamplona","tag-policia","tag-tres-personas"],"yoast_head":"<!-- This site is optimized with the Yoast SEO plugin v27.5 - https:\/\/yoast.com\/product\/yoast-seo-wordpress\/ -->\n<title>Detenidas tres personas la semana pasada por conducir bajo los efectos del alcohol<\/title>\n<meta name=\"robots\" content=\"index, follow, max-snippet:-1, max-image-preview:large, max-video-preview:-1\" \/>\n<link rel=\"canonical\" href=\"https:\/\/www.laguiadepamplona.com\/actualidad\/detenidas-tres-personas-la-semana-pasada-por-conducir-bajo-los-efectos-del-alcohol-5\/\" \/>\n<meta property=\"og:locale\" content=\"es_ES\" \/>\n<meta property=\"og:type\" content=\"article\" \/>\n<meta property=\"og:title\" content=\"Detenidas tres personas la semana pasada por conducir bajo los efectos del alcohol\" \/>\n<meta property=\"og:description\" content=\"La Polic\u00eda Municipal de Pamplona ha denunciado por v\u00eda administrativa a otras tres personas La Polic\u00eda Municipal de Pamplona detuvo la semana pasada a tres personas como presuntas autoras de...\" \/>\n<meta property=\"og:url\" content=\"https:\/\/www.laguiadepamplona.com\/actualidad\/detenidas-tres-personas-la-semana-pasada-por-conducir-bajo-los-efectos-del-alcohol-5\/\" \/>\n<meta property=\"og:site_name\" content=\"La Gu\u00eda de Pamplona\" \/>\n<meta property=\"article:publisher\" content=\"https:\/\/www.facebook.com\/laguiadepamplonacom-133175176762273\/?ref=hl\" \/>\n<meta property=\"article:published_time\" content=\"2015-08-31T10:31:49+00:00\" \/>\n<meta name=\"author\" content=\"La Gu\u00eda de Pamplona\" \/>\n<meta name=\"twitter:card\" content=\"summary_large_image\" \/>\n<meta name=\"twitter:creator\" content=\"@LaGuiadPamplona\" \/>\n<meta name=\"twitter:site\" content=\"@LaGuiadPamplona\" \/>\n<meta name=\"twitter:label1\" content=\"Escrito por\" \/>\n\t<meta name=\"twitter:data1\" content=\"La Gu\u00eda de Pamplona\" \/>\n\t<meta name=\"twitter:label2\" content=\"Tiempo de lectura\" \/>\n\t<meta name=\"twitter:data2\" content=\"1 minuto\" \/>\n<script type=\"application\/ld+json\" class=\"yoast-schema-graph\">{\"@context\":\"https:\\\/\\\/schema.org\",\"@graph\":[{\"@type\":\"Article\",\"@id\":\"https:\\\/\\\/www.laguiadepamplona.com\\\/actualidad\\\/detenidas-tres-personas-la-semana-pasada-por-conducir-bajo-los-efectos-del-alcohol-5\\\/#article\",\"isPartOf\":{\"@id\":\"https:\\\/\\\/www.laguiadepamplona.com\\\/actualidad\\\/detenidas-tres-personas-la-semana-pasada-por-conducir-bajo-los-efectos-del-alcohol-5\\\/\"},\"author\":{\"name\":\"La Gu\u00eda de Pamplona\",\"@id\":\"https:\\\/\\\/www.laguiadepamplona.com\\\/actualidad\\\/#\\\/schema\\\/person\\\/efe887376f0213d4657c93adc50b1fdb\"},\"headline\":\"Detenidas tres personas la semana pasada por conducir bajo los efectos del alcohol\",\"datePublished\":\"2015-08-31T10:31:49+00:00\",\"mainEntityOfPage\":{\"@id\":\"https:\\\/\\\/www.laguiadepamplona.com\\\/actualidad\\\/detenidas-tres-personas-la-semana-pasada-por-conducir-bajo-los-efectos-del-alcohol-5\\\/\"},\"wordCount\":202,\"publisher\":{\"@id\":\"https:\\\/\\\/www.laguiadepamplona.com\\\/actualidad\\\/#organization\"},\"image\":{\"@id\":\"https:\\\/\\\/www.laguiadepamplona.com\\\/actualidad\\\/detenidas-tres-personas-la-semana-pasada-por-conducir-bajo-los-efectos-del-alcohol-5\\\/#primaryimage\"},\"thumbnailUrl\":\"\",\"keywords\":[\"actualidad\",\"alcohol\",\"ayto pamplona\",\"Ayuntamiento de Pamplona\",\"conducir\",\"Detenidos\",\"efectos\",\"municipal\",\"noticias\",\"pamplona\",\"polic\u00eda\",\"tres personas\"],\"articleSection\":[\"Ayto Pamplona\"],\"inLanguage\":\"es\"},{\"@type\":\"WebPage\",\"@id\":\"https:\\\/\\\/www.laguiadepamplona.com\\\/actualidad\\\/detenidas-tres-personas-la-semana-pasada-por-conducir-bajo-los-efectos-del-alcohol-5\\\/\",\"url\":\"https:\\\/\\\/www.laguiadepamplona.com\\\/actualidad\\\/detenidas-tres-personas-la-semana-pasada-por-conducir-bajo-los-efectos-del-alcohol-5\\\/\",\"name\":\"Detenidas tres personas la semana pasada por conducir bajo los efectos del alcohol\",\"isPartOf\":{\"@id\":\"https:\\\/\\\/www.laguiadepamplona.com\\\/actualidad\\\/#website\"},\"primaryImageOfPage\":{\"@id\":\"https:\\\/\\\/www.laguiadepamplona.com\\\/actualidad\\\/detenidas-tres-personas-la-semana-pasada-por-conducir-bajo-los-efectos-del-alcohol-5\\\/#primaryimage\"},\"image\":{\"@id\":\"https:\\\/\\\/www.laguiadepamplona.com\\\/actualidad\\\/detenidas-tres-personas-la-semana-pasada-por-conducir-bajo-los-efectos-del-alcohol-5\\\/#primaryimage\"},\"thumbnailUrl\":\"\",\"datePublished\":\"2015-08-31T10:31:49+00:00\",\"breadcrumb\":{\"@id\":\"https:\\\/\\\/www.laguiadepamplona.com\\\/actualidad\\\/detenidas-tres-personas-la-semana-pasada-por-conducir-bajo-los-efectos-del-alcohol-5\\\/#breadcrumb\"},\"inLanguage\":\"es\",\"potentialAction\":[{\"@type\":\"ReadAction\",\"target\":[\"https:\\\/\\\/www.laguiadepamplona.com\\\/actualidad\\\/detenidas-tres-personas-la-semana-pasada-por-conducir-bajo-los-efectos-del-alcohol-5\\\/\"]}]},{\"@type\":\"ImageObject\",\"inLanguage\":\"es\",\"@id\":\"https:\\\/\\\/www.laguiadepamplona.com\\\/actualidad\\\/detenidas-tres-personas-la-semana-pasada-por-conducir-bajo-los-efectos-del-alcohol-5\\\/#primaryimage\",\"url\":\"\",\"contentUrl\":\"\"},{\"@type\":\"BreadcrumbList\",\"@id\":\"https:\\\/\\\/www.laguiadepamplona.com\\\/actualidad\\\/detenidas-tres-personas-la-semana-pasada-por-conducir-bajo-los-efectos-del-alcohol-5\\\/#breadcrumb\",\"itemListElement\":[{\"@type\":\"ListItem\",\"position\":1,\"name\":\"Portada\",\"item\":\"https:\\\/\\\/www.laguiadepamplona.com\\\/actualidad\\\/\"},{\"@type\":\"ListItem\",\"position\":2,\"name\":\"Detenidas tres personas la semana pasada por conducir bajo los efectos del alcohol\"}]},{\"@type\":\"WebSite\",\"@id\":\"https:\\\/\\\/www.laguiadepamplona.com\\\/actualidad\\\/#website\",\"url\":\"https:\\\/\\\/www.laguiadepamplona.com\\\/actualidad\\\/\",\"name\":\"La gu\u00eda de Pamplona\",\"description\":\"Noticias de Pamplona\",\"publisher\":{\"@id\":\"https:\\\/\\\/www.laguiadepamplona.com\\\/actualidad\\\/#organization\"},\"potentialAction\":[{\"@type\":\"SearchAction\",\"target\":{\"@type\":\"EntryPoint\",\"urlTemplate\":\"https:\\\/\\\/www.laguiadepamplona.com\\\/actualidad\\\/?s={search_term_string}\"},\"query-input\":{\"@type\":\"PropertyValueSpecification\",\"valueRequired\":true,\"valueName\":\"search_term_string\"}}],\"inLanguage\":\"es\"},{\"@type\":\"Organization\",\"@id\":\"https:\\\/\\\/www.laguiadepamplona.com\\\/actualidad\\\/#organization\",\"name\":\"La Gu\u00eda de Pamplona \\\/ Noticias\",\"url\":\"https:\\\/\\\/www.laguiadepamplona.com\\\/actualidad\\\/\",\"logo\":{\"@type\":\"ImageObject\",\"inLanguage\":\"es\",\"@id\":\"https:\\\/\\\/www.laguiadepamplona.com\\\/actualidad\\\/#\\\/schema\\\/logo\\\/image\\\/\",\"url\":\"https:\\\/\\\/www.laguiadepamplona.com\\\/actualidad\\\/wp-content\\\/uploads\\\/2018\\\/11\\\/logo-laguiadepamplona18-web1.png\",\"contentUrl\":\"https:\\\/\\\/www.laguiadepamplona.com\\\/actualidad\\\/wp-content\\\/uploads\\\/2018\\\/11\\\/logo-laguiadepamplona18-web1.png\",\"width\":600,\"height\":196,\"caption\":\"La Gu\u00eda de Pamplona \\\/ Noticias\"},\"image\":{\"@id\":\"https:\\\/\\\/www.laguiadepamplona.com\\\/actualidad\\\/#\\\/schema\\\/logo\\\/image\\\/\"},\"sameAs\":[\"https:\\\/\\\/www.facebook.com\\\/laguiadepamplonacom-133175176762273\\\/?ref=hl\",\"https:\\\/\\\/x.com\\\/LaGuiadPamplona\",\"https:\\\/\\\/www.instagram.com\\\/la_guia_de_pamplona\\\/\",\"https:\\\/\\\/www.youtube.com\\\/user\\\/laguiadepamplona\"]},{\"@type\":\"Person\",\"@id\":\"https:\\\/\\\/www.laguiadepamplona.com\\\/actualidad\\\/#\\\/schema\\\/person\\\/efe887376f0213d4657c93adc50b1fdb\",\"name\":\"La Gu\u00eda de Pamplona\",\"image\":{\"@type\":\"ImageObject\",\"inLanguage\":\"es\",\"@id\":\"https:\\\/\\\/secure.gravatar.com\\\/avatar\\\/b6992f131dc8d30ab0dff15446e9d346d9dbd95992de0fef795073f5ea83a81c?s=96&d=mm&r=g\",\"url\":\"https:\\\/\\\/secure.gravatar.com\\\/avatar\\\/b6992f131dc8d30ab0dff15446e9d346d9dbd95992de0fef795073f5ea83a81c?s=96&d=mm&r=g\",\"contentUrl\":\"https:\\\/\\\/secure.gravatar.com\\\/avatar\\\/b6992f131dc8d30ab0dff15446e9d346d9dbd95992de0fef795073f5ea83a81c?s=96&d=mm&r=g\",\"caption\":\"La Gu\u00eda de Pamplona\"}}]}<\/script>\n<!-- \/ Yoast SEO plugin. -->","yoast_head_json":{"title":"Detenidas tres personas la semana pasada por conducir bajo los efectos del alcohol","robots":{"index":"index","follow":"follow","max-snippet":"max-snippet:-1","max-image-preview":"max-image-preview:large","max-video-preview":"max-video-preview:-1"},"canonical":"https:\/\/www.laguiadepamplona.com\/actualidad\/detenidas-tres-personas-la-semana-pasada-por-conducir-bajo-los-efectos-del-alcohol-5\/","og_locale":"es_ES","og_type":"article","og_title":"Detenidas tres personas la semana pasada por conducir bajo los efectos del alcohol","og_description":"La Polic\u00eda Municipal de Pamplona ha denunciado por v\u00eda administrativa a otras tres personas La Polic\u00eda Municipal de Pamplona detuvo la semana pasada a tres personas como presuntas autoras de...","og_url":"https:\/\/www.laguiadepamplona.com\/actualidad\/detenidas-tres-personas-la-semana-pasada-por-conducir-bajo-los-efectos-del-alcohol-5\/","og_site_name":"La Gu\u00eda de Pamplona","article_publisher":"https:\/\/www.facebook.com\/laguiadepamplonacom-133175176762273\/?ref=hl","article_published_time":"2015-08-31T10:31:49+00:00","author":"La Gu\u00eda de Pamplona","twitter_card":"summary_large_image","twitter_creator":"@LaGuiadPamplona","twitter_site":"@LaGuiadPamplona","twitter_misc":{"Escrito por":"La Gu\u00eda de Pamplona","Tiempo de lectura":"1 minuto"},"schema":{"@context":"https:\/\/schema.org","@graph":[{"@type":"Article","@id":"https:\/\/www.laguiadepamplona.com\/actualidad\/detenidas-tres-personas-la-semana-pasada-por-conducir-bajo-los-efectos-del-alcohol-5\/#article","isPartOf":{"@id":"https:\/\/www.laguiadepamplona.com\/actualidad\/detenidas-tres-personas-la-semana-pasada-por-conducir-bajo-los-efectos-del-alcohol-5\/"},"author":{"name":"La Gu\u00eda de Pamplona","@id":"https:\/\/www.laguiadepamplona.com\/actualidad\/#\/schema\/person\/efe887376f0213d4657c93adc50b1fdb"},"headline":"Detenidas tres personas la semana pasada por conducir bajo los efectos del alcohol","datePublished":"2015-08-31T10:31:49+00:00","mainEntityOfPage":{"@id":"https:\/\/www.laguiadepamplona.com\/actualidad\/detenidas-tres-personas-la-semana-pasada-por-conducir-bajo-los-efectos-del-alcohol-5\/"},"wordCount":202,"publisher":{"@id":"https:\/\/www.laguiadepamplona.com\/actualidad\/#organization"},"image":{"@id":"https:\/\/www.laguiadepamplona.com\/actualidad\/detenidas-tres-personas-la-semana-pasada-por-conducir-bajo-los-efectos-del-alcohol-5\/#primaryimage"},"thumbnailUrl":"","keywords":["actualidad","alcohol","ayto pamplona","Ayuntamiento de Pamplona","conducir","Detenidos","efectos","municipal","noticias","pamplona","polic\u00eda","tres personas"],"articleSection":["Ayto Pamplona"],"inLanguage":"es"},{"@type":"WebPage","@id":"https:\/\/www.laguiadepamplona.com\/actualidad\/detenidas-tres-personas-la-semana-pasada-por-conducir-bajo-los-efectos-del-alcohol-5\/","url":"https:\/\/www.laguiadepamplona.com\/actualidad\/detenidas-tres-personas-la-semana-pasada-por-conducir-bajo-los-efectos-del-alcohol-5\/","name":"Detenidas tres personas la semana pasada por conducir bajo los efectos del alcohol","isPartOf":{"@id":"https:\/\/www.laguiadepamplona.com\/actualidad\/#website"},"primaryImageOfPage":{"@id":"https:\/\/www.laguiadepamplona.com\/actualidad\/detenidas-tres-personas-la-semana-pasada-por-conducir-bajo-los-efectos-del-alcohol-5\/#primaryimage"},"image":{"@id":"https:\/\/www.laguiadepamplona.com\/actualidad\/detenidas-tres-personas-la-semana-pasada-por-conducir-bajo-los-efectos-del-alcohol-5\/#primaryimage"},"thumbnailUrl":"","datePublished":"2015-08-31T10:31:49+00:00","breadcrumb":{"@id":"https:\/\/www.laguiadepamplona.com\/actualidad\/detenidas-tres-personas-la-semana-pasada-por-conducir-bajo-los-efectos-del-alcohol-5\/#breadcrumb"},"inLanguage":"es","potentialAction":[{"@type":"ReadAction","target":["https:\/\/www.laguiadepamplona.com\/actualidad\/detenidas-tres-personas-la-semana-pasada-por-conducir-bajo-los-efectos-del-alcohol-5\/"]}]},{"@type":"ImageObject","inLanguage":"es","@id":"https:\/\/www.laguiadepamplona.com\/actualidad\/detenidas-tres-personas-la-semana-pasada-por-conducir-bajo-los-efectos-del-alcohol-5\/#primaryimage","url":"","contentUrl":""},{"@type":"BreadcrumbList","@id":"https:\/\/www.laguiadepamplona.com\/actualidad\/detenidas-tres-personas-la-semana-pasada-por-conducir-bajo-los-efectos-del-alcohol-5\/#breadcrumb","itemListElement":[{"@type":"ListItem","position":1,"name":"Portada","item":"https:\/\/www.laguiadepamplona.com\/actualidad\/"},{"@type":"ListItem","position":2,"name":"Detenidas tres personas la semana pasada por conducir bajo los efectos del alcohol"}]},{"@type":"WebSite","@id":"https:\/\/www.laguiadepamplona.com\/actualidad\/#website","url":"https:\/\/www.laguiadepamplona.com\/actualidad\/","name":"La gu\u00eda de Pamplona","description":"Noticias de Pamplona","publisher":{"@id":"https:\/\/www.laguiadepamplona.com\/actualidad\/#organization"},"potentialAction":[{"@type":"SearchAction","target":{"@type":"EntryPoint","urlTemplate":"https:\/\/www.laguiadepamplona.com\/actualidad\/?s={search_term_string}"},"query-input":{"@type":"PropertyValueSpecification","valueRequired":true,"valueName":"search_term_string"}}],"inLanguage":"es"},{"@type":"Organization","@id":"https:\/\/www.laguiadepamplona.com\/actualidad\/#organization","name":"La Gu\u00eda de Pamplona \/ Noticias","url":"https:\/\/www.laguiadepamplona.com\/actualidad\/","logo":{"@type":"ImageObject","inLanguage":"es","@id":"https:\/\/www.laguiadepamplona.com\/actualidad\/#\/schema\/logo\/image\/","url":"https:\/\/www.laguiadepamplona.com\/actualidad\/wp-content\/uploads\/2018\/11\/logo-laguiadepamplona18-web1.png","contentUrl":"https:\/\/www.laguiadepamplona.com\/actualidad\/wp-content\/uploads\/2018\/11\/logo-laguiadepamplona18-web1.png","width":600,"height":196,"caption":"La Gu\u00eda de Pamplona \/ Noticias"},"image":{"@id":"https:\/\/www.laguiadepamplona.com\/actualidad\/#\/schema\/logo\/image\/"},"sameAs":["https:\/\/www.facebook.com\/laguiadepamplonacom-133175176762273\/?ref=hl","https:\/\/x.com\/LaGuiadPamplona","https:\/\/www.instagram.com\/la_guia_de_pamplona\/","https:\/\/www.youtube.com\/user\/laguiadepamplona"]},{"@type":"Person","@id":"https:\/\/www.laguiadepamplona.com\/actualidad\/#\/schema\/person\/efe887376f0213d4657c93adc50b1fdb","name":"La Gu\u00eda de Pamplona","image":{"@type":"ImageObject","inLanguage":"es","@id":"https:\/\/secure.gravatar.com\/avatar\/b6992f131dc8d30ab0dff15446e9d346d9dbd95992de0fef795073f5ea83a81c?s=96&d=mm&r=g","url":"https:\/\/secure.gravatar.com\/avatar\/b6992f131dc8d30ab0dff15446e9d346d9dbd95992de0fef795073f5ea83a81c?s=96&d=mm&r=g","contentUrl":"https:\/\/secure.gravatar.com\/avatar\/b6992f131dc8d30ab0dff15446e9d346d9dbd95992de0fef795073f5ea83a81c?s=96&d=mm&r=g","caption":"La Gu\u00eda de Pamplona"}}]}},"post_mailing_queue_ids":[],"_links":{"self":[{"href":"https:\/\/www.laguiadepamplona.com\/actualidad\/wp-json\/wp\/v2\/posts\/6976","targetHints":{"allow":["GET"]}}],"collection":[{"href":"https:\/\/www.laguiadepamplona.com\/actualidad\/wp-json\/wp\/v2\/posts"}],"about":[{"href":"https:\/\/www.laguiadepamplona.com\/actualidad\/wp-json\/wp\/v2\/types\/post"}],"author":[{"embeddable":true,"href":"https:\/\/www.laguiadepamplona.com\/actualidad\/wp-json\/wp\/v2\/users\/1"}],"replies":[{"embeddable":true,"href":"https:\/\/www.laguiadepamplona.com\/actualidad\/wp-json\/wp\/v2\/comments?post=6976"}],"version-history":[{"count":0,"href":"https:\/\/www.laguiadepamplona.com\/actualidad\/wp-json\/wp\/v2\/posts\/6976\/revisions"}],"wp:featuredmedia":[{"embeddable":true,"href":"https:\/\/www.laguiadepamplona.com\/actualidad\/wp-json\/"}],"wp:attachment":[{"href":"https:\/\/www.laguiadepamplona.com\/actualidad\/wp-json\/wp\/v2\/media?parent=6976"}],"wp:term":[{"taxonomy":"category","embeddable":true,"href":"https:\/\/www.laguiadepamplona.com\/actualidad\/wp-json\/wp\/v2\/categories?post=6976"},{"taxonomy":"post_tag","embeddable":true,"href":"https:\/\/www.laguiadepamplona.com\/actualidad\/wp-json\/wp\/v2\/tags?post=6976"}],"curies":[{"name":"wp","href":"https:\/\/api.w.org\/{rel}","templated":true}]}}