{"id":6966,"date":"2015-08-31T12:12:03","date_gmt":"2015-08-31T10:12:03","guid":{"rendered":"http:\/\/laguiadepamplona.com\/actualidad\/?p=6966"},"modified":"2015-08-31T12:12:03","modified_gmt":"2015-08-31T10:12:03","slug":"las-obras-de-la-nueva-plaza-de-iturrama-nuevo-comenzaran-en-octubre-y-duraran-9-meses","status":"publish","type":"post","link":"https:\/\/www.laguiadepamplona.com\/actualidad\/las-obras-de-la-nueva-plaza-de-iturrama-nuevo-comenzaran-en-octubre-y-duraran-9-meses\/","title":{"rendered":"Las obras de la nueva plaza de Iturrama nuevo comenzar\u00e1n en octubre y durar\u00e1n 9 meses"},"content":{"rendered":"<h4 class=\"western\" lang=\"es-ES\"><span lang=\"es-ES\">La<\/span> Gerencia de Urbanismo estudiar\u00e1 en su sesi\u00f3n de este mi\u00e9rcoles la adjudicaci\u00f3n de las obras por concurso a Arian por 1.108.827,12 euros<\/h4>\n<p lang=\"es-ES\"><span style=\"font-family: Arial, sans-serif;\"><a href=\"http:\/\/laguiadepamplona.com\/actualidad\/wp-content\/uploads\/2015\/08\/iturrama_nuevo_segunda_fase_planta_general.jpg\"><img loading=\"lazy\" decoding=\"async\" class=\"alignleft size-medium wp-image-6967\" src=\"http:\/\/laguiadepamplona.com\/actualidad\/wp-content\/uploads\/2015\/08\/iturrama_nuevo_segunda_fase_planta_general-300x212.jpg\" alt=\"U011 PLANTA\" width=\"300\" height=\"212\" \/><\/a>Las obras de la nueva plaza de Iturrama nuevo podr\u00e1n comenzar el pr\u00f3ximo mes de octubre. El consejo de Gerencia de Urbanismo tiene previsto aprobar en su sesi\u00f3n del pr\u00f3ximo mi\u00e9rcoles la adjudicaci\u00f3n de las obras, propuesta por la mesa t\u00e9cnica a Arian Construcci\u00f3n y Gesti\u00f3n de Infraestructuras S.A por un importe de 1.108.827,12 euros (IVA no incluido), lo que supone una rebaja del 34,5% con respecto al precio de licitaci\u00f3n. El plazo de ejecuci\u00f3n de las obras es de nueve meses.<\/span><\/p>\n<p lang=\"es-ES\"><span style=\"font-family: Arial, sans-serif;\">Se trata de una nueva plaza de m\u00e1s de 6.000 m<sup>2<\/sup> que se abrir\u00e1 en el solar situado entre P\u00edo XII y Monaserio de Urdax, hasta ahora utilziado de aparcamiento provisional. De acuerdo con el proyecto de urbanizaci\u00f3n, el total del solar de Iturrama Nuevo ocupa una superficie de 18.343 m<sup>2<\/sup>. En \u00e9l se levantar\u00e1n bloques de viviendas, unos ubicados paralelos a la calle Monasterio de Urdax y otros perpendiculares a la avenida de P\u00edo XII. Los bloques configurar\u00e1n en su interior la plaza de m\u00e1s de 6.000 m<sup>2 <\/sup>abierta a Sancho el Fuerte, a P\u00edo XII y a la Vuelta del Castillo en su esquina noreste. El total de superficie de actuaci\u00f3n en la urbanizaci\u00f3n de esta segunda fase es de 10.337 m<sup>2<\/sup>.<\/span><\/p>\n<p lang=\"es-ES\"><a name=\"OLE_LINK1\"><\/a> <span style=\"font-family: Arial, sans-serif;\">La primera fase de la urbanizaci\u00f3n de Iturrama Nuevo comenz\u00f3 a finales de 2013 por las zonas colindantes con la calle Monasterio de Urdax y con la avenida de Sancho el Fuerte, aunque la dotaci\u00f3n de acometidas de servicios est\u00e1 abarcando a todo el espacio de Iturrama Nuevo. En el entorno de la plaza confluyen las nuevas edificaciones con otras ya existentes, como el edificio Roncesvalles, construido en 1977, y en cuya superficie del garaje quedar\u00e1 la nueva plaza lo que conllevar\u00e1 actuaciones en los sistemas de ventilaci\u00f3n.<\/span><\/p>\n<p lang=\"es-ES\"><span style=\"font-family: Arial, sans-serif;\"><b>Plaza de estancia y de conexi\u00f3n entre las calles colindantes<\/b><\/span><\/p>\n<p lang=\"es-ES\"><span style=\"font-family: Arial, sans-serif;\">La nueva urbanizaci\u00f3n, de acuerdo al proyecto, cuenta con tres \u00e1reas. Una primera longitudinal es paralela a la calle de Monasterio de Urdax y se extiende entre el acceso de la avenida de P\u00edo XII y el de la Vuelta del Castillo, junto a los edificios de la calle Monasterio de Urdax. Una segunda con forma m\u00e1s rectangular y que queda separada de la anterior por una zona de vegetaci\u00f3n salteada con pasos para peatones. En esta zona se colocar\u00e1n los juegos infantiles, una fuente y una p\u00e9rgola que servir\u00e1 para dar sombra, ya que es el espacio que tendr\u00e1 m\u00e1s sol. Aqu\u00ed tambi\u00e9n quedar\u00e1n situadas las salidas de aire del garaje cuyas torres se integrar\u00e1n en el dise\u00f1o de la plaza y contar\u00e1n con bancos a su alrededor. Por \u00faltimo, la tercera zona es una plazoleta cercana a la calle Sancho el Fuerte, que cuenta con una amplia salida a esta v\u00eda y que tambi\u00e9n contar\u00e1 con zonas verdes.<\/span><\/p>\n<p lang=\"es-ES\"><span style=\"font-family: Arial, sans-serif;\">El dise\u00f1o del suelo se ha realizado con materiales p\u00e9treos gran\u00edticos en tonos grises claros, que aportaran nueva luminosidad al entorno. Adem\u00e1s, se dispondr\u00e1n elementos de mobiliario urbano en madera, como bancos, que junto a las zonas verdes de distintos tonos y el pavimento de colores de los juegos infantiles crear\u00e1n un espacio m\u00e1s vivo. Las zonas verdes ser\u00e1n de escasa altura aunque se conformar\u00e1n con arbustos y no solo con c\u00e9sped.<\/span><\/p>\n<p lang=\"es-ES\"><a href=\"http:\/\/laguiadepamplona.com\/actualidad\/wp-content\/uploads\/2015\/08\/iturrama_nuevo_segunda_fase_planta_general.pdf\" target=\"_blank\">iturrama_nuevo_segunda_fase_planta_general.pdf<\/a><\/p>\n<p lang=\"es-ES\">\n","protected":false},"excerpt":{"rendered":"<p>La Gerencia de Urbanismo estudiar\u00e1 en su sesi\u00f3n de este mi\u00e9rcoles la adjudicaci\u00f3n de las obras por concurso a Arian por 1.108.827,12 euros Las obras de la nueva plaza de&#8230;<\/p>\n","protected":false},"author":1,"featured_media":6967,"comment_status":"closed","ping_status":"closed","sticky":false,"template":"","format":"standard","meta":{"footnotes":""},"categories":[2],"tags":[],"class_list":["post-6966","post","type-post","status-publish","format-standard","has-post-thumbnail","hentry","category-ayuntamiento-pamplona"],"yoast_head":"<!-- This site is optimized with the Yoast SEO plugin v27.5 - https:\/\/yoast.com\/product\/yoast-seo-wordpress\/ -->\n<title>Las obras de la nueva plaza de Iturrama nuevo comenzar\u00e1n en octubre y durar\u00e1n 9 meses<\/title>\n<meta name=\"robots\" content=\"index, follow, max-snippet:-1, max-image-preview:large, max-video-preview:-1\" \/>\n<link rel=\"canonical\" href=\"https:\/\/www.laguiadepamplona.com\/actualidad\/las-obras-de-la-nueva-plaza-de-iturrama-nuevo-comenzaran-en-octubre-y-duraran-9-meses\/\" \/>\n<meta property=\"og:locale\" content=\"es_ES\" \/>\n<meta property=\"og:type\" content=\"article\" \/>\n<meta property=\"og:title\" content=\"Las obras de la nueva plaza de Iturrama nuevo comenzar\u00e1n en octubre y durar\u00e1n 9 meses\" \/>\n<meta property=\"og:description\" content=\"La Gerencia de Urbanismo estudiar\u00e1 en su sesi\u00f3n de este mi\u00e9rcoles la adjudicaci\u00f3n de las obras por concurso a Arian por 1.108.827,12 euros Las obras de la nueva plaza de...\" \/>\n<meta property=\"og:url\" content=\"https:\/\/www.laguiadepamplona.com\/actualidad\/las-obras-de-la-nueva-plaza-de-iturrama-nuevo-comenzaran-en-octubre-y-duraran-9-meses\/\" \/>\n<meta property=\"og:site_name\" content=\"La Gu\u00eda de Pamplona\" \/>\n<meta property=\"article:publisher\" content=\"https:\/\/www.facebook.com\/laguiadepamplonacom-133175176762273\/?ref=hl\" \/>\n<meta property=\"article:published_time\" content=\"2015-08-31T10:12:03+00:00\" \/>\n<meta name=\"author\" content=\"La Gu\u00eda de Pamplona\" \/>\n<meta name=\"twitter:card\" content=\"summary_large_image\" \/>\n<meta name=\"twitter:creator\" content=\"@LaGuiadPamplona\" \/>\n<meta name=\"twitter:site\" content=\"@LaGuiadPamplona\" \/>\n<meta name=\"twitter:label1\" content=\"Escrito por\" \/>\n\t<meta name=\"twitter:data1\" content=\"La Gu\u00eda de Pamplona\" \/>\n\t<meta name=\"twitter:label2\" content=\"Tiempo de lectura\" \/>\n\t<meta name=\"twitter:data2\" content=\"3 minutos\" \/>\n<script type=\"application\/ld+json\" class=\"yoast-schema-graph\">{\"@context\":\"https:\\\/\\\/schema.org\",\"@graph\":[{\"@type\":\"Article\",\"@id\":\"https:\\\/\\\/www.laguiadepamplona.com\\\/actualidad\\\/las-obras-de-la-nueva-plaza-de-iturrama-nuevo-comenzaran-en-octubre-y-duraran-9-meses\\\/#article\",\"isPartOf\":{\"@id\":\"https:\\\/\\\/www.laguiadepamplona.com\\\/actualidad\\\/las-obras-de-la-nueva-plaza-de-iturrama-nuevo-comenzaran-en-octubre-y-duraran-9-meses\\\/\"},\"author\":{\"name\":\"La Gu\u00eda de Pamplona\",\"@id\":\"https:\\\/\\\/www.laguiadepamplona.com\\\/actualidad\\\/#\\\/schema\\\/person\\\/efe887376f0213d4657c93adc50b1fdb\"},\"headline\":\"Las obras de la nueva plaza de Iturrama nuevo comenzar\u00e1n en octubre y durar\u00e1n 9 meses\",\"datePublished\":\"2015-08-31T10:12:03+00:00\",\"mainEntityOfPage\":{\"@id\":\"https:\\\/\\\/www.laguiadepamplona.com\\\/actualidad\\\/las-obras-de-la-nueva-plaza-de-iturrama-nuevo-comenzaran-en-octubre-y-duraran-9-meses\\\/\"},\"wordCount\":627,\"publisher\":{\"@id\":\"https:\\\/\\\/www.laguiadepamplona.com\\\/actualidad\\\/#organization\"},\"image\":{\"@id\":\"https:\\\/\\\/www.laguiadepamplona.com\\\/actualidad\\\/las-obras-de-la-nueva-plaza-de-iturrama-nuevo-comenzaran-en-octubre-y-duraran-9-meses\\\/#primaryimage\"},\"thumbnailUrl\":\"\",\"articleSection\":[\"Ayto Pamplona\"],\"inLanguage\":\"es\"},{\"@type\":\"WebPage\",\"@id\":\"https:\\\/\\\/www.laguiadepamplona.com\\\/actualidad\\\/las-obras-de-la-nueva-plaza-de-iturrama-nuevo-comenzaran-en-octubre-y-duraran-9-meses\\\/\",\"url\":\"https:\\\/\\\/www.laguiadepamplona.com\\\/actualidad\\\/las-obras-de-la-nueva-plaza-de-iturrama-nuevo-comenzaran-en-octubre-y-duraran-9-meses\\\/\",\"name\":\"Las obras de la nueva plaza de Iturrama nuevo comenzar\u00e1n en octubre y durar\u00e1n 9 meses\",\"isPartOf\":{\"@id\":\"https:\\\/\\\/www.laguiadepamplona.com\\\/actualidad\\\/#website\"},\"primaryImageOfPage\":{\"@id\":\"https:\\\/\\\/www.laguiadepamplona.com\\\/actualidad\\\/las-obras-de-la-nueva-plaza-de-iturrama-nuevo-comenzaran-en-octubre-y-duraran-9-meses\\\/#primaryimage\"},\"image\":{\"@id\":\"https:\\\/\\\/www.laguiadepamplona.com\\\/actualidad\\\/las-obras-de-la-nueva-plaza-de-iturrama-nuevo-comenzaran-en-octubre-y-duraran-9-meses\\\/#primaryimage\"},\"thumbnailUrl\":\"\",\"datePublished\":\"2015-08-31T10:12:03+00:00\",\"breadcrumb\":{\"@id\":\"https:\\\/\\\/www.laguiadepamplona.com\\\/actualidad\\\/las-obras-de-la-nueva-plaza-de-iturrama-nuevo-comenzaran-en-octubre-y-duraran-9-meses\\\/#breadcrumb\"},\"inLanguage\":\"es\",\"potentialAction\":[{\"@type\":\"ReadAction\",\"target\":[\"https:\\\/\\\/www.laguiadepamplona.com\\\/actualidad\\\/las-obras-de-la-nueva-plaza-de-iturrama-nuevo-comenzaran-en-octubre-y-duraran-9-meses\\\/\"]}]},{\"@type\":\"ImageObject\",\"inLanguage\":\"es\",\"@id\":\"https:\\\/\\\/www.laguiadepamplona.com\\\/actualidad\\\/las-obras-de-la-nueva-plaza-de-iturrama-nuevo-comenzaran-en-octubre-y-duraran-9-meses\\\/#primaryimage\",\"url\":\"\",\"contentUrl\":\"\"},{\"@type\":\"BreadcrumbList\",\"@id\":\"https:\\\/\\\/www.laguiadepamplona.com\\\/actualidad\\\/las-obras-de-la-nueva-plaza-de-iturrama-nuevo-comenzaran-en-octubre-y-duraran-9-meses\\\/#breadcrumb\",\"itemListElement\":[{\"@type\":\"ListItem\",\"position\":1,\"name\":\"Portada\",\"item\":\"https:\\\/\\\/www.laguiadepamplona.com\\\/actualidad\\\/\"},{\"@type\":\"ListItem\",\"position\":2,\"name\":\"Las obras de la nueva plaza de Iturrama nuevo comenzar\u00e1n en octubre y durar\u00e1n 9 meses\"}]},{\"@type\":\"WebSite\",\"@id\":\"https:\\\/\\\/www.laguiadepamplona.com\\\/actualidad\\\/#website\",\"url\":\"https:\\\/\\\/www.laguiadepamplona.com\\\/actualidad\\\/\",\"name\":\"La gu\u00eda de Pamplona\",\"description\":\"Noticias de Pamplona\",\"publisher\":{\"@id\":\"https:\\\/\\\/www.laguiadepamplona.com\\\/actualidad\\\/#organization\"},\"potentialAction\":[{\"@type\":\"SearchAction\",\"target\":{\"@type\":\"EntryPoint\",\"urlTemplate\":\"https:\\\/\\\/www.laguiadepamplona.com\\\/actualidad\\\/?s={search_term_string}\"},\"query-input\":{\"@type\":\"PropertyValueSpecification\",\"valueRequired\":true,\"valueName\":\"search_term_string\"}}],\"inLanguage\":\"es\"},{\"@type\":\"Organization\",\"@id\":\"https:\\\/\\\/www.laguiadepamplona.com\\\/actualidad\\\/#organization\",\"name\":\"La Gu\u00eda de Pamplona \\\/ Noticias\",\"url\":\"https:\\\/\\\/www.laguiadepamplona.com\\\/actualidad\\\/\",\"logo\":{\"@type\":\"ImageObject\",\"inLanguage\":\"es\",\"@id\":\"https:\\\/\\\/www.laguiadepamplona.com\\\/actualidad\\\/#\\\/schema\\\/logo\\\/image\\\/\",\"url\":\"https:\\\/\\\/www.laguiadepamplona.com\\\/actualidad\\\/wp-content\\\/uploads\\\/2018\\\/11\\\/logo-laguiadepamplona18-web1.png\",\"contentUrl\":\"https:\\\/\\\/www.laguiadepamplona.com\\\/actualidad\\\/wp-content\\\/uploads\\\/2018\\\/11\\\/logo-laguiadepamplona18-web1.png\",\"width\":600,\"height\":196,\"caption\":\"La Gu\u00eda de Pamplona \\\/ Noticias\"},\"image\":{\"@id\":\"https:\\\/\\\/www.laguiadepamplona.com\\\/actualidad\\\/#\\\/schema\\\/logo\\\/image\\\/\"},\"sameAs\":[\"https:\\\/\\\/www.facebook.com\\\/laguiadepamplonacom-133175176762273\\\/?ref=hl\",\"https:\\\/\\\/x.com\\\/LaGuiadPamplona\",\"https:\\\/\\\/www.instagram.com\\\/la_guia_de_pamplona\\\/\",\"https:\\\/\\\/www.youtube.com\\\/user\\\/laguiadepamplona\"]},{\"@type\":\"Person\",\"@id\":\"https:\\\/\\\/www.laguiadepamplona.com\\\/actualidad\\\/#\\\/schema\\\/person\\\/efe887376f0213d4657c93adc50b1fdb\",\"name\":\"La Gu\u00eda de Pamplona\",\"image\":{\"@type\":\"ImageObject\",\"inLanguage\":\"es\",\"@id\":\"https:\\\/\\\/secure.gravatar.com\\\/avatar\\\/b6992f131dc8d30ab0dff15446e9d346d9dbd95992de0fef795073f5ea83a81c?s=96&d=mm&r=g\",\"url\":\"https:\\\/\\\/secure.gravatar.com\\\/avatar\\\/b6992f131dc8d30ab0dff15446e9d346d9dbd95992de0fef795073f5ea83a81c?s=96&d=mm&r=g\",\"contentUrl\":\"https:\\\/\\\/secure.gravatar.com\\\/avatar\\\/b6992f131dc8d30ab0dff15446e9d346d9dbd95992de0fef795073f5ea83a81c?s=96&d=mm&r=g\",\"caption\":\"La Gu\u00eda de Pamplona\"}}]}<\/script>\n<!-- \/ Yoast SEO plugin. -->","yoast_head_json":{"title":"Las obras de la nueva plaza de Iturrama nuevo comenzar\u00e1n en octubre y durar\u00e1n 9 meses","robots":{"index":"index","follow":"follow","max-snippet":"max-snippet:-1","max-image-preview":"max-image-preview:large","max-video-preview":"max-video-preview:-1"},"canonical":"https:\/\/www.laguiadepamplona.com\/actualidad\/las-obras-de-la-nueva-plaza-de-iturrama-nuevo-comenzaran-en-octubre-y-duraran-9-meses\/","og_locale":"es_ES","og_type":"article","og_title":"Las obras de la nueva plaza de Iturrama nuevo comenzar\u00e1n en octubre y durar\u00e1n 9 meses","og_description":"La Gerencia de Urbanismo estudiar\u00e1 en su sesi\u00f3n de este mi\u00e9rcoles la adjudicaci\u00f3n de las obras por concurso a Arian por 1.108.827,12 euros Las obras de la nueva plaza de...","og_url":"https:\/\/www.laguiadepamplona.com\/actualidad\/las-obras-de-la-nueva-plaza-de-iturrama-nuevo-comenzaran-en-octubre-y-duraran-9-meses\/","og_site_name":"La Gu\u00eda de Pamplona","article_publisher":"https:\/\/www.facebook.com\/laguiadepamplonacom-133175176762273\/?ref=hl","article_published_time":"2015-08-31T10:12:03+00:00","author":"La Gu\u00eda de Pamplona","twitter_card":"summary_large_image","twitter_creator":"@LaGuiadPamplona","twitter_site":"@LaGuiadPamplona","twitter_misc":{"Escrito por":"La Gu\u00eda de Pamplona","Tiempo de lectura":"3 minutos"},"schema":{"@context":"https:\/\/schema.org","@graph":[{"@type":"Article","@id":"https:\/\/www.laguiadepamplona.com\/actualidad\/las-obras-de-la-nueva-plaza-de-iturrama-nuevo-comenzaran-en-octubre-y-duraran-9-meses\/#article","isPartOf":{"@id":"https:\/\/www.laguiadepamplona.com\/actualidad\/las-obras-de-la-nueva-plaza-de-iturrama-nuevo-comenzaran-en-octubre-y-duraran-9-meses\/"},"author":{"name":"La Gu\u00eda de Pamplona","@id":"https:\/\/www.laguiadepamplona.com\/actualidad\/#\/schema\/person\/efe887376f0213d4657c93adc50b1fdb"},"headline":"Las obras de la nueva plaza de Iturrama nuevo comenzar\u00e1n en octubre y durar\u00e1n 9 meses","datePublished":"2015-08-31T10:12:03+00:00","mainEntityOfPage":{"@id":"https:\/\/www.laguiadepamplona.com\/actualidad\/las-obras-de-la-nueva-plaza-de-iturrama-nuevo-comenzaran-en-octubre-y-duraran-9-meses\/"},"wordCount":627,"publisher":{"@id":"https:\/\/www.laguiadepamplona.com\/actualidad\/#organization"},"image":{"@id":"https:\/\/www.laguiadepamplona.com\/actualidad\/las-obras-de-la-nueva-plaza-de-iturrama-nuevo-comenzaran-en-octubre-y-duraran-9-meses\/#primaryimage"},"thumbnailUrl":"","articleSection":["Ayto Pamplona"],"inLanguage":"es"},{"@type":"WebPage","@id":"https:\/\/www.laguiadepamplona.com\/actualidad\/las-obras-de-la-nueva-plaza-de-iturrama-nuevo-comenzaran-en-octubre-y-duraran-9-meses\/","url":"https:\/\/www.laguiadepamplona.com\/actualidad\/las-obras-de-la-nueva-plaza-de-iturrama-nuevo-comenzaran-en-octubre-y-duraran-9-meses\/","name":"Las obras de la nueva plaza de Iturrama nuevo comenzar\u00e1n en octubre y durar\u00e1n 9 meses","isPartOf":{"@id":"https:\/\/www.laguiadepamplona.com\/actualidad\/#website"},"primaryImageOfPage":{"@id":"https:\/\/www.laguiadepamplona.com\/actualidad\/las-obras-de-la-nueva-plaza-de-iturrama-nuevo-comenzaran-en-octubre-y-duraran-9-meses\/#primaryimage"},"image":{"@id":"https:\/\/www.laguiadepamplona.com\/actualidad\/las-obras-de-la-nueva-plaza-de-iturrama-nuevo-comenzaran-en-octubre-y-duraran-9-meses\/#primaryimage"},"thumbnailUrl":"","datePublished":"2015-08-31T10:12:03+00:00","breadcrumb":{"@id":"https:\/\/www.laguiadepamplona.com\/actualidad\/las-obras-de-la-nueva-plaza-de-iturrama-nuevo-comenzaran-en-octubre-y-duraran-9-meses\/#breadcrumb"},"inLanguage":"es","potentialAction":[{"@type":"ReadAction","target":["https:\/\/www.laguiadepamplona.com\/actualidad\/las-obras-de-la-nueva-plaza-de-iturrama-nuevo-comenzaran-en-octubre-y-duraran-9-meses\/"]}]},{"@type":"ImageObject","inLanguage":"es","@id":"https:\/\/www.laguiadepamplona.com\/actualidad\/las-obras-de-la-nueva-plaza-de-iturrama-nuevo-comenzaran-en-octubre-y-duraran-9-meses\/#primaryimage","url":"","contentUrl":""},{"@type":"BreadcrumbList","@id":"https:\/\/www.laguiadepamplona.com\/actualidad\/las-obras-de-la-nueva-plaza-de-iturrama-nuevo-comenzaran-en-octubre-y-duraran-9-meses\/#breadcrumb","itemListElement":[{"@type":"ListItem","position":1,"name":"Portada","item":"https:\/\/www.laguiadepamplona.com\/actualidad\/"},{"@type":"ListItem","position":2,"name":"Las obras de la nueva plaza de Iturrama nuevo comenzar\u00e1n en octubre y durar\u00e1n 9 meses"}]},{"@type":"WebSite","@id":"https:\/\/www.laguiadepamplona.com\/actualidad\/#website","url":"https:\/\/www.laguiadepamplona.com\/actualidad\/","name":"La gu\u00eda de Pamplona","description":"Noticias de Pamplona","publisher":{"@id":"https:\/\/www.laguiadepamplona.com\/actualidad\/#organization"},"potentialAction":[{"@type":"SearchAction","target":{"@type":"EntryPoint","urlTemplate":"https:\/\/www.laguiadepamplona.com\/actualidad\/?s={search_term_string}"},"query-input":{"@type":"PropertyValueSpecification","valueRequired":true,"valueName":"search_term_string"}}],"inLanguage":"es"},{"@type":"Organization","@id":"https:\/\/www.laguiadepamplona.com\/actualidad\/#organization","name":"La Gu\u00eda de Pamplona \/ Noticias","url":"https:\/\/www.laguiadepamplona.com\/actualidad\/","logo":{"@type":"ImageObject","inLanguage":"es","@id":"https:\/\/www.laguiadepamplona.com\/actualidad\/#\/schema\/logo\/image\/","url":"https:\/\/www.laguiadepamplona.com\/actualidad\/wp-content\/uploads\/2018\/11\/logo-laguiadepamplona18-web1.png","contentUrl":"https:\/\/www.laguiadepamplona.com\/actualidad\/wp-content\/uploads\/2018\/11\/logo-laguiadepamplona18-web1.png","width":600,"height":196,"caption":"La Gu\u00eda de Pamplona \/ Noticias"},"image":{"@id":"https:\/\/www.laguiadepamplona.com\/actualidad\/#\/schema\/logo\/image\/"},"sameAs":["https:\/\/www.facebook.com\/laguiadepamplonacom-133175176762273\/?ref=hl","https:\/\/x.com\/LaGuiadPamplona","https:\/\/www.instagram.com\/la_guia_de_pamplona\/","https:\/\/www.youtube.com\/user\/laguiadepamplona"]},{"@type":"Person","@id":"https:\/\/www.laguiadepamplona.com\/actualidad\/#\/schema\/person\/efe887376f0213d4657c93adc50b1fdb","name":"La Gu\u00eda de Pamplona","image":{"@type":"ImageObject","inLanguage":"es","@id":"https:\/\/secure.gravatar.com\/avatar\/b6992f131dc8d30ab0dff15446e9d346d9dbd95992de0fef795073f5ea83a81c?s=96&d=mm&r=g","url":"https:\/\/secure.gravatar.com\/avatar\/b6992f131dc8d30ab0dff15446e9d346d9dbd95992de0fef795073f5ea83a81c?s=96&d=mm&r=g","contentUrl":"https:\/\/secure.gravatar.com\/avatar\/b6992f131dc8d30ab0dff15446e9d346d9dbd95992de0fef795073f5ea83a81c?s=96&d=mm&r=g","caption":"La Gu\u00eda de Pamplona"}}]}},"post_mailing_queue_ids":[],"_links":{"self":[{"href":"https:\/\/www.laguiadepamplona.com\/actualidad\/wp-json\/wp\/v2\/posts\/6966","targetHints":{"allow":["GET"]}}],"collection":[{"href":"https:\/\/www.laguiadepamplona.com\/actualidad\/wp-json\/wp\/v2\/posts"}],"about":[{"href":"https:\/\/www.laguiadepamplona.com\/actualidad\/wp-json\/wp\/v2\/types\/post"}],"author":[{"embeddable":true,"href":"https:\/\/www.laguiadepamplona.com\/actualidad\/wp-json\/wp\/v2\/users\/1"}],"replies":[{"embeddable":true,"href":"https:\/\/www.laguiadepamplona.com\/actualidad\/wp-json\/wp\/v2\/comments?post=6966"}],"version-history":[{"count":0,"href":"https:\/\/www.laguiadepamplona.com\/actualidad\/wp-json\/wp\/v2\/posts\/6966\/revisions"}],"wp:featuredmedia":[{"embeddable":true,"href":"https:\/\/www.laguiadepamplona.com\/actualidad\/wp-json\/"}],"wp:attachment":[{"href":"https:\/\/www.laguiadepamplona.com\/actualidad\/wp-json\/wp\/v2\/media?parent=6966"}],"wp:term":[{"taxonomy":"category","embeddable":true,"href":"https:\/\/www.laguiadepamplona.com\/actualidad\/wp-json\/wp\/v2\/categories?post=6966"},{"taxonomy":"post_tag","embeddable":true,"href":"https:\/\/www.laguiadepamplona.com\/actualidad\/wp-json\/wp\/v2\/tags?post=6966"}],"curies":[{"name":"wp","href":"https:\/\/api.w.org\/{rel}","templated":true}]}}