{"id":6927,"date":"2015-08-26T13:43:42","date_gmt":"2015-08-26T11:43:42","guid":{"rendered":"http:\/\/laguiadepamplona.com\/actualidad\/?p=6927"},"modified":"2015-08-26T13:43:42","modified_gmt":"2015-08-26T11:43:42","slug":"entrega-de-abonos-a-las-empresas-colaboradoras-de-fundacion-osasuna","status":"publish","type":"post","link":"https:\/\/www.laguiadepamplona.com\/actualidad\/entrega-de-abonos-a-las-empresas-colaboradoras-de-fundacion-osasuna\/","title":{"rendered":"Entrega de abonos a las empresas colaboradoras de Fundaci\u00f3n Osasuna"},"content":{"rendered":"<p><a href=\"http:\/\/laguiadepamplona.com\/actualidad\/wp-content\/uploads\/2015\/08\/Osasuna-campo.jpg\"><img loading=\"lazy\" decoding=\"async\" class=\"alignleft size-medium wp-image-6928\" src=\"http:\/\/laguiadepamplona.com\/actualidad\/wp-content\/uploads\/2015\/08\/Osasuna-campo-300x200.jpg\" alt=\"Osasuna-campo\" width=\"300\" height=\"200\" \/><\/a>Ma\u00f1ana jueves, a las 19:00 horas, tendr\u00e1 lugar la entrega de abonos para la pr\u00f3xima temporada a las empresas colaboradoras de Fundaci\u00f3n Osasuna. Estar\u00e1n presentes miembros de la junta directiva del C.A. Osasuna y el entrenador del primer equipo.<\/p>\n<p>El acto tendr\u00e1 lugar en El Sadar y acudir\u00e1n las empresas que son miembros de \u2018Honor\u2019, \u2018M\u00e9rito\u2019 y \u2018Protector\u2019 del Club de Empresas de la entidad.<\/p>\n","protected":false},"excerpt":{"rendered":"<p>Ma\u00f1ana jueves, a las 19:00 horas, tendr\u00e1 lugar la entrega de abonos para la pr\u00f3xima temporada a las empresas colaboradoras de Fundaci\u00f3n Osasuna. Estar\u00e1n presentes miembros de la junta directiva&#8230;<\/p>\n","protected":false},"author":1,"featured_media":6928,"comment_status":"closed","ping_status":"closed","sticky":false,"template":"","format":"standard","meta":{"footnotes":""},"categories":[3],"tags":[113,6221,6222,13,424,689,14,6223,6224,6225],"class_list":["post-6927","post","type-post","status-publish","format-standard","has-post-thumbnail","hentry","category-fundacion-osasuna","tag-abonos","tag-c-a-osasuna","tag-colaboradoras","tag-el-sadar","tag-empresas","tag-entrega","tag-fundacion-osasuna-2","tag-honor","tag-merito","tag-protector"],"yoast_head":"<!-- This site is optimized with the Yoast SEO plugin v27.5 - https:\/\/yoast.com\/product\/yoast-seo-wordpress\/ -->\n<title>Entrega de abonos a las empresas colaboradoras de Fundaci\u00f3n Osasuna<\/title>\n<meta name=\"robots\" content=\"index, follow, max-snippet:-1, max-image-preview:large, max-video-preview:-1\" \/>\n<link rel=\"canonical\" href=\"https:\/\/www.laguiadepamplona.com\/actualidad\/entrega-de-abonos-a-las-empresas-colaboradoras-de-fundacion-osasuna\/\" \/>\n<meta property=\"og:locale\" content=\"es_ES\" \/>\n<meta property=\"og:type\" content=\"article\" \/>\n<meta property=\"og:title\" content=\"Entrega de abonos a las empresas colaboradoras de Fundaci\u00f3n Osasuna\" \/>\n<meta property=\"og:description\" content=\"Ma\u00f1ana jueves, a las 19:00 horas, tendr\u00e1 lugar la entrega de abonos para la pr\u00f3xima temporada a las empresas colaboradoras de Fundaci\u00f3n Osasuna. Estar\u00e1n presentes miembros de la junta directiva...\" \/>\n<meta property=\"og:url\" content=\"https:\/\/www.laguiadepamplona.com\/actualidad\/entrega-de-abonos-a-las-empresas-colaboradoras-de-fundacion-osasuna\/\" \/>\n<meta property=\"og:site_name\" content=\"La Gu\u00eda de Pamplona\" \/>\n<meta property=\"article:publisher\" content=\"https:\/\/www.facebook.com\/laguiadepamplonacom-133175176762273\/?ref=hl\" \/>\n<meta property=\"article:published_time\" content=\"2015-08-26T11:43:42+00:00\" \/>\n<meta name=\"author\" content=\"La Gu\u00eda de Pamplona\" \/>\n<meta name=\"twitter:card\" content=\"summary_large_image\" \/>\n<meta name=\"twitter:creator\" content=\"@LaGuiadPamplona\" \/>\n<meta name=\"twitter:site\" content=\"@LaGuiadPamplona\" \/>\n<meta name=\"twitter:label1\" content=\"Escrito por\" \/>\n\t<meta name=\"twitter:data1\" content=\"La Gu\u00eda de Pamplona\" \/>\n<script type=\"application\/ld+json\" class=\"yoast-schema-graph\">{\"@context\":\"https:\\\/\\\/schema.org\",\"@graph\":[{\"@type\":\"Article\",\"@id\":\"https:\\\/\\\/www.laguiadepamplona.com\\\/actualidad\\\/entrega-de-abonos-a-las-empresas-colaboradoras-de-fundacion-osasuna\\\/#article\",\"isPartOf\":{\"@id\":\"https:\\\/\\\/www.laguiadepamplona.com\\\/actualidad\\\/entrega-de-abonos-a-las-empresas-colaboradoras-de-fundacion-osasuna\\\/\"},\"author\":{\"name\":\"La Gu\u00eda de Pamplona\",\"@id\":\"https:\\\/\\\/www.laguiadepamplona.com\\\/actualidad\\\/#\\\/schema\\\/person\\\/efe887376f0213d4657c93adc50b1fdb\"},\"headline\":\"Entrega de abonos a las empresas colaboradoras de Fundaci\u00f3n Osasuna\",\"datePublished\":\"2015-08-26T11:43:42+00:00\",\"mainEntityOfPage\":{\"@id\":\"https:\\\/\\\/www.laguiadepamplona.com\\\/actualidad\\\/entrega-de-abonos-a-las-empresas-colaboradoras-de-fundacion-osasuna\\\/\"},\"wordCount\":82,\"publisher\":{\"@id\":\"https:\\\/\\\/www.laguiadepamplona.com\\\/actualidad\\\/#organization\"},\"image\":{\"@id\":\"https:\\\/\\\/www.laguiadepamplona.com\\\/actualidad\\\/entrega-de-abonos-a-las-empresas-colaboradoras-de-fundacion-osasuna\\\/#primaryimage\"},\"thumbnailUrl\":\"\",\"keywords\":[\"abonos\",\"C.A. Osasuna\",\"colaboradoras\",\"el sadar\",\"empresas\",\"entrega\",\"fundaci\u00f3n osasuna\",\"Honor\",\"Merito\",\"Protector\"],\"articleSection\":[\"Fundaci\u00f3n Osasuna\"],\"inLanguage\":\"es\"},{\"@type\":\"WebPage\",\"@id\":\"https:\\\/\\\/www.laguiadepamplona.com\\\/actualidad\\\/entrega-de-abonos-a-las-empresas-colaboradoras-de-fundacion-osasuna\\\/\",\"url\":\"https:\\\/\\\/www.laguiadepamplona.com\\\/actualidad\\\/entrega-de-abonos-a-las-empresas-colaboradoras-de-fundacion-osasuna\\\/\",\"name\":\"Entrega de abonos a las empresas colaboradoras de Fundaci\u00f3n Osasuna\",\"isPartOf\":{\"@id\":\"https:\\\/\\\/www.laguiadepamplona.com\\\/actualidad\\\/#website\"},\"primaryImageOfPage\":{\"@id\":\"https:\\\/\\\/www.laguiadepamplona.com\\\/actualidad\\\/entrega-de-abonos-a-las-empresas-colaboradoras-de-fundacion-osasuna\\\/#primaryimage\"},\"image\":{\"@id\":\"https:\\\/\\\/www.laguiadepamplona.com\\\/actualidad\\\/entrega-de-abonos-a-las-empresas-colaboradoras-de-fundacion-osasuna\\\/#primaryimage\"},\"thumbnailUrl\":\"\",\"datePublished\":\"2015-08-26T11:43:42+00:00\",\"breadcrumb\":{\"@id\":\"https:\\\/\\\/www.laguiadepamplona.com\\\/actualidad\\\/entrega-de-abonos-a-las-empresas-colaboradoras-de-fundacion-osasuna\\\/#breadcrumb\"},\"inLanguage\":\"es\",\"potentialAction\":[{\"@type\":\"ReadAction\",\"target\":[\"https:\\\/\\\/www.laguiadepamplona.com\\\/actualidad\\\/entrega-de-abonos-a-las-empresas-colaboradoras-de-fundacion-osasuna\\\/\"]}]},{\"@type\":\"ImageObject\",\"inLanguage\":\"es\",\"@id\":\"https:\\\/\\\/www.laguiadepamplona.com\\\/actualidad\\\/entrega-de-abonos-a-las-empresas-colaboradoras-de-fundacion-osasuna\\\/#primaryimage\",\"url\":\"\",\"contentUrl\":\"\"},{\"@type\":\"BreadcrumbList\",\"@id\":\"https:\\\/\\\/www.laguiadepamplona.com\\\/actualidad\\\/entrega-de-abonos-a-las-empresas-colaboradoras-de-fundacion-osasuna\\\/#breadcrumb\",\"itemListElement\":[{\"@type\":\"ListItem\",\"position\":1,\"name\":\"Portada\",\"item\":\"https:\\\/\\\/www.laguiadepamplona.com\\\/actualidad\\\/\"},{\"@type\":\"ListItem\",\"position\":2,\"name\":\"Entrega de abonos a las empresas colaboradoras de Fundaci\u00f3n Osasuna\"}]},{\"@type\":\"WebSite\",\"@id\":\"https:\\\/\\\/www.laguiadepamplona.com\\\/actualidad\\\/#website\",\"url\":\"https:\\\/\\\/www.laguiadepamplona.com\\\/actualidad\\\/\",\"name\":\"La gu\u00eda de Pamplona\",\"description\":\"Noticias de Pamplona\",\"publisher\":{\"@id\":\"https:\\\/\\\/www.laguiadepamplona.com\\\/actualidad\\\/#organization\"},\"potentialAction\":[{\"@type\":\"SearchAction\",\"target\":{\"@type\":\"EntryPoint\",\"urlTemplate\":\"https:\\\/\\\/www.laguiadepamplona.com\\\/actualidad\\\/?s={search_term_string}\"},\"query-input\":{\"@type\":\"PropertyValueSpecification\",\"valueRequired\":true,\"valueName\":\"search_term_string\"}}],\"inLanguage\":\"es\"},{\"@type\":\"Organization\",\"@id\":\"https:\\\/\\\/www.laguiadepamplona.com\\\/actualidad\\\/#organization\",\"name\":\"La Gu\u00eda de Pamplona \\\/ Noticias\",\"url\":\"https:\\\/\\\/www.laguiadepamplona.com\\\/actualidad\\\/\",\"logo\":{\"@type\":\"ImageObject\",\"inLanguage\":\"es\",\"@id\":\"https:\\\/\\\/www.laguiadepamplona.com\\\/actualidad\\\/#\\\/schema\\\/logo\\\/image\\\/\",\"url\":\"https:\\\/\\\/www.laguiadepamplona.com\\\/actualidad\\\/wp-content\\\/uploads\\\/2018\\\/11\\\/logo-laguiadepamplona18-web1.png\",\"contentUrl\":\"https:\\\/\\\/www.laguiadepamplona.com\\\/actualidad\\\/wp-content\\\/uploads\\\/2018\\\/11\\\/logo-laguiadepamplona18-web1.png\",\"width\":600,\"height\":196,\"caption\":\"La Gu\u00eda de Pamplona \\\/ Noticias\"},\"image\":{\"@id\":\"https:\\\/\\\/www.laguiadepamplona.com\\\/actualidad\\\/#\\\/schema\\\/logo\\\/image\\\/\"},\"sameAs\":[\"https:\\\/\\\/www.facebook.com\\\/laguiadepamplonacom-133175176762273\\\/?ref=hl\",\"https:\\\/\\\/x.com\\\/LaGuiadPamplona\",\"https:\\\/\\\/www.instagram.com\\\/la_guia_de_pamplona\\\/\",\"https:\\\/\\\/www.youtube.com\\\/user\\\/laguiadepamplona\"]},{\"@type\":\"Person\",\"@id\":\"https:\\\/\\\/www.laguiadepamplona.com\\\/actualidad\\\/#\\\/schema\\\/person\\\/efe887376f0213d4657c93adc50b1fdb\",\"name\":\"La Gu\u00eda de Pamplona\",\"image\":{\"@type\":\"ImageObject\",\"inLanguage\":\"es\",\"@id\":\"https:\\\/\\\/secure.gravatar.com\\\/avatar\\\/b6992f131dc8d30ab0dff15446e9d346d9dbd95992de0fef795073f5ea83a81c?s=96&d=mm&r=g\",\"url\":\"https:\\\/\\\/secure.gravatar.com\\\/avatar\\\/b6992f131dc8d30ab0dff15446e9d346d9dbd95992de0fef795073f5ea83a81c?s=96&d=mm&r=g\",\"contentUrl\":\"https:\\\/\\\/secure.gravatar.com\\\/avatar\\\/b6992f131dc8d30ab0dff15446e9d346d9dbd95992de0fef795073f5ea83a81c?s=96&d=mm&r=g\",\"caption\":\"La Gu\u00eda de Pamplona\"}}]}<\/script>\n<!-- \/ Yoast SEO plugin. -->","yoast_head_json":{"title":"Entrega de abonos a las empresas colaboradoras de Fundaci\u00f3n Osasuna","robots":{"index":"index","follow":"follow","max-snippet":"max-snippet:-1","max-image-preview":"max-image-preview:large","max-video-preview":"max-video-preview:-1"},"canonical":"https:\/\/www.laguiadepamplona.com\/actualidad\/entrega-de-abonos-a-las-empresas-colaboradoras-de-fundacion-osasuna\/","og_locale":"es_ES","og_type":"article","og_title":"Entrega de abonos a las empresas colaboradoras de Fundaci\u00f3n Osasuna","og_description":"Ma\u00f1ana jueves, a las 19:00 horas, tendr\u00e1 lugar la entrega de abonos para la pr\u00f3xima temporada a las empresas colaboradoras de Fundaci\u00f3n Osasuna. Estar\u00e1n presentes miembros de la junta directiva...","og_url":"https:\/\/www.laguiadepamplona.com\/actualidad\/entrega-de-abonos-a-las-empresas-colaboradoras-de-fundacion-osasuna\/","og_site_name":"La Gu\u00eda de Pamplona","article_publisher":"https:\/\/www.facebook.com\/laguiadepamplonacom-133175176762273\/?ref=hl","article_published_time":"2015-08-26T11:43:42+00:00","author":"La Gu\u00eda de Pamplona","twitter_card":"summary_large_image","twitter_creator":"@LaGuiadPamplona","twitter_site":"@LaGuiadPamplona","twitter_misc":{"Escrito por":"La Gu\u00eda de Pamplona"},"schema":{"@context":"https:\/\/schema.org","@graph":[{"@type":"Article","@id":"https:\/\/www.laguiadepamplona.com\/actualidad\/entrega-de-abonos-a-las-empresas-colaboradoras-de-fundacion-osasuna\/#article","isPartOf":{"@id":"https:\/\/www.laguiadepamplona.com\/actualidad\/entrega-de-abonos-a-las-empresas-colaboradoras-de-fundacion-osasuna\/"},"author":{"name":"La Gu\u00eda de Pamplona","@id":"https:\/\/www.laguiadepamplona.com\/actualidad\/#\/schema\/person\/efe887376f0213d4657c93adc50b1fdb"},"headline":"Entrega de abonos a las empresas colaboradoras de Fundaci\u00f3n Osasuna","datePublished":"2015-08-26T11:43:42+00:00","mainEntityOfPage":{"@id":"https:\/\/www.laguiadepamplona.com\/actualidad\/entrega-de-abonos-a-las-empresas-colaboradoras-de-fundacion-osasuna\/"},"wordCount":82,"publisher":{"@id":"https:\/\/www.laguiadepamplona.com\/actualidad\/#organization"},"image":{"@id":"https:\/\/www.laguiadepamplona.com\/actualidad\/entrega-de-abonos-a-las-empresas-colaboradoras-de-fundacion-osasuna\/#primaryimage"},"thumbnailUrl":"","keywords":["abonos","C.A. Osasuna","colaboradoras","el sadar","empresas","entrega","fundaci\u00f3n osasuna","Honor","Merito","Protector"],"articleSection":["Fundaci\u00f3n Osasuna"],"inLanguage":"es"},{"@type":"WebPage","@id":"https:\/\/www.laguiadepamplona.com\/actualidad\/entrega-de-abonos-a-las-empresas-colaboradoras-de-fundacion-osasuna\/","url":"https:\/\/www.laguiadepamplona.com\/actualidad\/entrega-de-abonos-a-las-empresas-colaboradoras-de-fundacion-osasuna\/","name":"Entrega de abonos a las empresas colaboradoras de Fundaci\u00f3n Osasuna","isPartOf":{"@id":"https:\/\/www.laguiadepamplona.com\/actualidad\/#website"},"primaryImageOfPage":{"@id":"https:\/\/www.laguiadepamplona.com\/actualidad\/entrega-de-abonos-a-las-empresas-colaboradoras-de-fundacion-osasuna\/#primaryimage"},"image":{"@id":"https:\/\/www.laguiadepamplona.com\/actualidad\/entrega-de-abonos-a-las-empresas-colaboradoras-de-fundacion-osasuna\/#primaryimage"},"thumbnailUrl":"","datePublished":"2015-08-26T11:43:42+00:00","breadcrumb":{"@id":"https:\/\/www.laguiadepamplona.com\/actualidad\/entrega-de-abonos-a-las-empresas-colaboradoras-de-fundacion-osasuna\/#breadcrumb"},"inLanguage":"es","potentialAction":[{"@type":"ReadAction","target":["https:\/\/www.laguiadepamplona.com\/actualidad\/entrega-de-abonos-a-las-empresas-colaboradoras-de-fundacion-osasuna\/"]}]},{"@type":"ImageObject","inLanguage":"es","@id":"https:\/\/www.laguiadepamplona.com\/actualidad\/entrega-de-abonos-a-las-empresas-colaboradoras-de-fundacion-osasuna\/#primaryimage","url":"","contentUrl":""},{"@type":"BreadcrumbList","@id":"https:\/\/www.laguiadepamplona.com\/actualidad\/entrega-de-abonos-a-las-empresas-colaboradoras-de-fundacion-osasuna\/#breadcrumb","itemListElement":[{"@type":"ListItem","position":1,"name":"Portada","item":"https:\/\/www.laguiadepamplona.com\/actualidad\/"},{"@type":"ListItem","position":2,"name":"Entrega de abonos a las empresas colaboradoras de Fundaci\u00f3n Osasuna"}]},{"@type":"WebSite","@id":"https:\/\/www.laguiadepamplona.com\/actualidad\/#website","url":"https:\/\/www.laguiadepamplona.com\/actualidad\/","name":"La gu\u00eda de Pamplona","description":"Noticias de Pamplona","publisher":{"@id":"https:\/\/www.laguiadepamplona.com\/actualidad\/#organization"},"potentialAction":[{"@type":"SearchAction","target":{"@type":"EntryPoint","urlTemplate":"https:\/\/www.laguiadepamplona.com\/actualidad\/?s={search_term_string}"},"query-input":{"@type":"PropertyValueSpecification","valueRequired":true,"valueName":"search_term_string"}}],"inLanguage":"es"},{"@type":"Organization","@id":"https:\/\/www.laguiadepamplona.com\/actualidad\/#organization","name":"La Gu\u00eda de Pamplona \/ Noticias","url":"https:\/\/www.laguiadepamplona.com\/actualidad\/","logo":{"@type":"ImageObject","inLanguage":"es","@id":"https:\/\/www.laguiadepamplona.com\/actualidad\/#\/schema\/logo\/image\/","url":"https:\/\/www.laguiadepamplona.com\/actualidad\/wp-content\/uploads\/2018\/11\/logo-laguiadepamplona18-web1.png","contentUrl":"https:\/\/www.laguiadepamplona.com\/actualidad\/wp-content\/uploads\/2018\/11\/logo-laguiadepamplona18-web1.png","width":600,"height":196,"caption":"La Gu\u00eda de Pamplona \/ Noticias"},"image":{"@id":"https:\/\/www.laguiadepamplona.com\/actualidad\/#\/schema\/logo\/image\/"},"sameAs":["https:\/\/www.facebook.com\/laguiadepamplonacom-133175176762273\/?ref=hl","https:\/\/x.com\/LaGuiadPamplona","https:\/\/www.instagram.com\/la_guia_de_pamplona\/","https:\/\/www.youtube.com\/user\/laguiadepamplona"]},{"@type":"Person","@id":"https:\/\/www.laguiadepamplona.com\/actualidad\/#\/schema\/person\/efe887376f0213d4657c93adc50b1fdb","name":"La Gu\u00eda de Pamplona","image":{"@type":"ImageObject","inLanguage":"es","@id":"https:\/\/secure.gravatar.com\/avatar\/b6992f131dc8d30ab0dff15446e9d346d9dbd95992de0fef795073f5ea83a81c?s=96&d=mm&r=g","url":"https:\/\/secure.gravatar.com\/avatar\/b6992f131dc8d30ab0dff15446e9d346d9dbd95992de0fef795073f5ea83a81c?s=96&d=mm&r=g","contentUrl":"https:\/\/secure.gravatar.com\/avatar\/b6992f131dc8d30ab0dff15446e9d346d9dbd95992de0fef795073f5ea83a81c?s=96&d=mm&r=g","caption":"La Gu\u00eda de Pamplona"}}]}},"post_mailing_queue_ids":[],"_links":{"self":[{"href":"https:\/\/www.laguiadepamplona.com\/actualidad\/wp-json\/wp\/v2\/posts\/6927","targetHints":{"allow":["GET"]}}],"collection":[{"href":"https:\/\/www.laguiadepamplona.com\/actualidad\/wp-json\/wp\/v2\/posts"}],"about":[{"href":"https:\/\/www.laguiadepamplona.com\/actualidad\/wp-json\/wp\/v2\/types\/post"}],"author":[{"embeddable":true,"href":"https:\/\/www.laguiadepamplona.com\/actualidad\/wp-json\/wp\/v2\/users\/1"}],"replies":[{"embeddable":true,"href":"https:\/\/www.laguiadepamplona.com\/actualidad\/wp-json\/wp\/v2\/comments?post=6927"}],"version-history":[{"count":0,"href":"https:\/\/www.laguiadepamplona.com\/actualidad\/wp-json\/wp\/v2\/posts\/6927\/revisions"}],"wp:featuredmedia":[{"embeddable":true,"href":"https:\/\/www.laguiadepamplona.com\/actualidad\/wp-json\/"}],"wp:attachment":[{"href":"https:\/\/www.laguiadepamplona.com\/actualidad\/wp-json\/wp\/v2\/media?parent=6927"}],"wp:term":[{"taxonomy":"category","embeddable":true,"href":"https:\/\/www.laguiadepamplona.com\/actualidad\/wp-json\/wp\/v2\/categories?post=6927"},{"taxonomy":"post_tag","embeddable":true,"href":"https:\/\/www.laguiadepamplona.com\/actualidad\/wp-json\/wp\/v2\/tags?post=6927"}],"curies":[{"name":"wp","href":"https:\/\/api.w.org\/{rel}","templated":true}]}}