{"id":6866,"date":"2015-08-11T13:19:08","date_gmt":"2015-08-11T11:19:08","guid":{"rendered":"http:\/\/laguiadepamplona.com\/actualidad\/?p=6866"},"modified":"2015-08-11T13:19:08","modified_gmt":"2015-08-11T11:19:08","slug":"villafranca-acogio-la-undecima-edicion-del-futbol-plaza-con-la-participacion-de-30-ninos","status":"publish","type":"post","link":"https:\/\/www.laguiadepamplona.com\/actualidad\/villafranca-acogio-la-undecima-edicion-del-futbol-plaza-con-la-participacion-de-30-ninos\/","title":{"rendered":"Villafranca acogi\u00f3 la und\u00e9cima edici\u00f3n del F\u00fatbol Plaza con la participaci\u00f3n de 30 ni\u00f1os"},"content":{"rendered":"<p><a href=\"http:\/\/laguiadepamplona.com\/actualidad\/wp-content\/uploads\/2015\/08\/Todos-villafranca.jpg\"><img loading=\"lazy\" decoding=\"async\" class=\"alignleft size-medium wp-image-6867\" src=\"http:\/\/laguiadepamplona.com\/actualidad\/wp-content\/uploads\/2015\/08\/Todos-villafranca-300x225.jpg\" alt=\"Todos-villafranca\" width=\"300\" height=\"225\" \/><\/a>Villafranca acogi\u00f3 el pasado lunes la fiesta del \u2018F\u00fatbol Plaza\u2019, una competici\u00f3n l\u00fadico-deportiva que Fundaci\u00f3n Osasuna organiza por las localidades navarras desde hace diez temporadas. En esta ocasi\u00f3n, 30 ni\u00f1os participaron en la actividad celebrada en este pueblo de la Ribera Alta. El equipo ganador en la primera categor\u00eda (de 8 a 10 a\u00f1os) fue \u2018Los Miura\u2019, que estuvo formado por H\u00e9ctor Ant\u00f3n, David Segura y Gonzalo Arrondo. Por su parte, \u2018Los Fantasmas\u2019 se impusieron en la segunda categor\u00eda (de 11 a 12 a\u00f1os) gracias a Eric Clonella, Mario Navarro y Aitor Aranda.<\/p>\n<p>Calendario de la competici\u00f3n:<\/p>\n<p>12.08. Marcilla<\/p>\n<p>14.08. Leitza<\/p>\n<p>17.08. Lesaka<\/p>\n<p>19.08. Sartaguda<\/p>\n<p>21.08. Viana<\/p>\n<p>24.08. Sesma<\/p>\n<p>26.08. Lodosa<\/p>\n<p>28.08. Noain<\/p>\n<p>PD: Se adjunta fotograf\u00eda de familia de los participantes y monitores del F\u00fatbol Plaza en Villafranca.<\/p>\n","protected":false},"excerpt":{"rendered":"<p>Villafranca acogi\u00f3 el pasado lunes la fiesta del \u2018F\u00fatbol Plaza\u2019, una competici\u00f3n l\u00fadico-deportiva que Fundaci\u00f3n Osasuna organiza por las localidades navarras desde hace diez temporadas. En esta ocasi\u00f3n, 30 ni\u00f1os&#8230;<\/p>\n","protected":false},"author":1,"featured_media":6867,"comment_status":"closed","ping_status":"closed","sticky":false,"template":"","format":"standard","meta":{"footnotes":""},"categories":[3],"tags":[6007,5,14,458,8,15,9,1822,6116],"class_list":["post-6866","post","type-post","status-publish","format-standard","has-post-thumbnail","hentry","category-fundacion-osasuna","tag-3x3","tag-actualidad","tag-fundacion-osasuna-2","tag-futbol","tag-noticias","tag-osasuna","tag-pamplona","tag-plaza","tag-villafranca"],"yoast_head":"<!-- This site is optimized with the Yoast SEO plugin v27.5 - https:\/\/yoast.com\/product\/yoast-seo-wordpress\/ -->\n<title>Villafranca acogi\u00f3 la und\u00e9cima edici\u00f3n del F\u00fatbol Plaza con la participaci\u00f3n de 30 ni\u00f1os<\/title>\n<meta name=\"robots\" content=\"index, follow, max-snippet:-1, max-image-preview:large, max-video-preview:-1\" \/>\n<link rel=\"canonical\" href=\"https:\/\/www.laguiadepamplona.com\/actualidad\/villafranca-acogio-la-undecima-edicion-del-futbol-plaza-con-la-participacion-de-30-ninos\/\" \/>\n<meta property=\"og:locale\" content=\"es_ES\" \/>\n<meta property=\"og:type\" content=\"article\" \/>\n<meta property=\"og:title\" content=\"Villafranca acogi\u00f3 la und\u00e9cima edici\u00f3n del F\u00fatbol Plaza con la participaci\u00f3n de 30 ni\u00f1os\" \/>\n<meta property=\"og:description\" content=\"Villafranca acogi\u00f3 el pasado lunes la fiesta del \u2018F\u00fatbol Plaza\u2019, una competici\u00f3n l\u00fadico-deportiva que Fundaci\u00f3n Osasuna organiza por las localidades navarras desde hace diez temporadas. En esta ocasi\u00f3n, 30 ni\u00f1os...\" \/>\n<meta property=\"og:url\" content=\"https:\/\/www.laguiadepamplona.com\/actualidad\/villafranca-acogio-la-undecima-edicion-del-futbol-plaza-con-la-participacion-de-30-ninos\/\" \/>\n<meta property=\"og:site_name\" content=\"La Gu\u00eda de Pamplona\" \/>\n<meta property=\"article:publisher\" content=\"https:\/\/www.facebook.com\/laguiadepamplonacom-133175176762273\/?ref=hl\" \/>\n<meta property=\"article:published_time\" content=\"2015-08-11T11:19:08+00:00\" \/>\n<meta name=\"author\" content=\"La Gu\u00eda de Pamplona\" \/>\n<meta name=\"twitter:card\" content=\"summary_large_image\" \/>\n<meta name=\"twitter:creator\" content=\"@LaGuiadPamplona\" \/>\n<meta name=\"twitter:site\" content=\"@LaGuiadPamplona\" \/>\n<meta name=\"twitter:label1\" content=\"Escrito por\" \/>\n\t<meta name=\"twitter:data1\" content=\"La Gu\u00eda de Pamplona\" \/>\n\t<meta name=\"twitter:label2\" content=\"Tiempo de lectura\" \/>\n\t<meta name=\"twitter:data2\" content=\"1 minuto\" \/>\n<script type=\"application\/ld+json\" class=\"yoast-schema-graph\">{\"@context\":\"https:\\\/\\\/schema.org\",\"@graph\":[{\"@type\":\"Article\",\"@id\":\"https:\\\/\\\/www.laguiadepamplona.com\\\/actualidad\\\/villafranca-acogio-la-undecima-edicion-del-futbol-plaza-con-la-participacion-de-30-ninos\\\/#article\",\"isPartOf\":{\"@id\":\"https:\\\/\\\/www.laguiadepamplona.com\\\/actualidad\\\/villafranca-acogio-la-undecima-edicion-del-futbol-plaza-con-la-participacion-de-30-ninos\\\/\"},\"author\":{\"name\":\"La Gu\u00eda de Pamplona\",\"@id\":\"https:\\\/\\\/www.laguiadepamplona.com\\\/actualidad\\\/#\\\/schema\\\/person\\\/efe887376f0213d4657c93adc50b1fdb\"},\"headline\":\"Villafranca acogi\u00f3 la und\u00e9cima edici\u00f3n del F\u00fatbol Plaza con la participaci\u00f3n de 30 ni\u00f1os\",\"datePublished\":\"2015-08-11T11:19:08+00:00\",\"mainEntityOfPage\":{\"@id\":\"https:\\\/\\\/www.laguiadepamplona.com\\\/actualidad\\\/villafranca-acogio-la-undecima-edicion-del-futbol-plaza-con-la-participacion-de-30-ninos\\\/\"},\"wordCount\":149,\"publisher\":{\"@id\":\"https:\\\/\\\/www.laguiadepamplona.com\\\/actualidad\\\/#organization\"},\"image\":{\"@id\":\"https:\\\/\\\/www.laguiadepamplona.com\\\/actualidad\\\/villafranca-acogio-la-undecima-edicion-del-futbol-plaza-con-la-participacion-de-30-ninos\\\/#primaryimage\"},\"thumbnailUrl\":\"\",\"keywords\":[\"3x3\",\"actualidad\",\"fundaci\u00f3n osasuna\",\"futbol\",\"noticias\",\"osasuna\",\"pamplona\",\"plaza\",\"Villafranca\"],\"articleSection\":[\"Fundaci\u00f3n Osasuna\"],\"inLanguage\":\"es\"},{\"@type\":\"WebPage\",\"@id\":\"https:\\\/\\\/www.laguiadepamplona.com\\\/actualidad\\\/villafranca-acogio-la-undecima-edicion-del-futbol-plaza-con-la-participacion-de-30-ninos\\\/\",\"url\":\"https:\\\/\\\/www.laguiadepamplona.com\\\/actualidad\\\/villafranca-acogio-la-undecima-edicion-del-futbol-plaza-con-la-participacion-de-30-ninos\\\/\",\"name\":\"Villafranca acogi\u00f3 la und\u00e9cima edici\u00f3n del F\u00fatbol Plaza con la participaci\u00f3n de 30 ni\u00f1os\",\"isPartOf\":{\"@id\":\"https:\\\/\\\/www.laguiadepamplona.com\\\/actualidad\\\/#website\"},\"primaryImageOfPage\":{\"@id\":\"https:\\\/\\\/www.laguiadepamplona.com\\\/actualidad\\\/villafranca-acogio-la-undecima-edicion-del-futbol-plaza-con-la-participacion-de-30-ninos\\\/#primaryimage\"},\"image\":{\"@id\":\"https:\\\/\\\/www.laguiadepamplona.com\\\/actualidad\\\/villafranca-acogio-la-undecima-edicion-del-futbol-plaza-con-la-participacion-de-30-ninos\\\/#primaryimage\"},\"thumbnailUrl\":\"\",\"datePublished\":\"2015-08-11T11:19:08+00:00\",\"breadcrumb\":{\"@id\":\"https:\\\/\\\/www.laguiadepamplona.com\\\/actualidad\\\/villafranca-acogio-la-undecima-edicion-del-futbol-plaza-con-la-participacion-de-30-ninos\\\/#breadcrumb\"},\"inLanguage\":\"es\",\"potentialAction\":[{\"@type\":\"ReadAction\",\"target\":[\"https:\\\/\\\/www.laguiadepamplona.com\\\/actualidad\\\/villafranca-acogio-la-undecima-edicion-del-futbol-plaza-con-la-participacion-de-30-ninos\\\/\"]}]},{\"@type\":\"ImageObject\",\"inLanguage\":\"es\",\"@id\":\"https:\\\/\\\/www.laguiadepamplona.com\\\/actualidad\\\/villafranca-acogio-la-undecima-edicion-del-futbol-plaza-con-la-participacion-de-30-ninos\\\/#primaryimage\",\"url\":\"\",\"contentUrl\":\"\"},{\"@type\":\"BreadcrumbList\",\"@id\":\"https:\\\/\\\/www.laguiadepamplona.com\\\/actualidad\\\/villafranca-acogio-la-undecima-edicion-del-futbol-plaza-con-la-participacion-de-30-ninos\\\/#breadcrumb\",\"itemListElement\":[{\"@type\":\"ListItem\",\"position\":1,\"name\":\"Portada\",\"item\":\"https:\\\/\\\/www.laguiadepamplona.com\\\/actualidad\\\/\"},{\"@type\":\"ListItem\",\"position\":2,\"name\":\"Villafranca acogi\u00f3 la und\u00e9cima edici\u00f3n del F\u00fatbol Plaza con la participaci\u00f3n de 30 ni\u00f1os\"}]},{\"@type\":\"WebSite\",\"@id\":\"https:\\\/\\\/www.laguiadepamplona.com\\\/actualidad\\\/#website\",\"url\":\"https:\\\/\\\/www.laguiadepamplona.com\\\/actualidad\\\/\",\"name\":\"La gu\u00eda de Pamplona\",\"description\":\"Noticias de Pamplona\",\"publisher\":{\"@id\":\"https:\\\/\\\/www.laguiadepamplona.com\\\/actualidad\\\/#organization\"},\"potentialAction\":[{\"@type\":\"SearchAction\",\"target\":{\"@type\":\"EntryPoint\",\"urlTemplate\":\"https:\\\/\\\/www.laguiadepamplona.com\\\/actualidad\\\/?s={search_term_string}\"},\"query-input\":{\"@type\":\"PropertyValueSpecification\",\"valueRequired\":true,\"valueName\":\"search_term_string\"}}],\"inLanguage\":\"es\"},{\"@type\":\"Organization\",\"@id\":\"https:\\\/\\\/www.laguiadepamplona.com\\\/actualidad\\\/#organization\",\"name\":\"La Gu\u00eda de Pamplona \\\/ Noticias\",\"url\":\"https:\\\/\\\/www.laguiadepamplona.com\\\/actualidad\\\/\",\"logo\":{\"@type\":\"ImageObject\",\"inLanguage\":\"es\",\"@id\":\"https:\\\/\\\/www.laguiadepamplona.com\\\/actualidad\\\/#\\\/schema\\\/logo\\\/image\\\/\",\"url\":\"https:\\\/\\\/www.laguiadepamplona.com\\\/actualidad\\\/wp-content\\\/uploads\\\/2018\\\/11\\\/logo-laguiadepamplona18-web1.png\",\"contentUrl\":\"https:\\\/\\\/www.laguiadepamplona.com\\\/actualidad\\\/wp-content\\\/uploads\\\/2018\\\/11\\\/logo-laguiadepamplona18-web1.png\",\"width\":600,\"height\":196,\"caption\":\"La Gu\u00eda de Pamplona \\\/ Noticias\"},\"image\":{\"@id\":\"https:\\\/\\\/www.laguiadepamplona.com\\\/actualidad\\\/#\\\/schema\\\/logo\\\/image\\\/\"},\"sameAs\":[\"https:\\\/\\\/www.facebook.com\\\/laguiadepamplonacom-133175176762273\\\/?ref=hl\",\"https:\\\/\\\/x.com\\\/LaGuiadPamplona\",\"https:\\\/\\\/www.instagram.com\\\/la_guia_de_pamplona\\\/\",\"https:\\\/\\\/www.youtube.com\\\/user\\\/laguiadepamplona\"]},{\"@type\":\"Person\",\"@id\":\"https:\\\/\\\/www.laguiadepamplona.com\\\/actualidad\\\/#\\\/schema\\\/person\\\/efe887376f0213d4657c93adc50b1fdb\",\"name\":\"La Gu\u00eda de Pamplona\",\"image\":{\"@type\":\"ImageObject\",\"inLanguage\":\"es\",\"@id\":\"https:\\\/\\\/secure.gravatar.com\\\/avatar\\\/b6992f131dc8d30ab0dff15446e9d346d9dbd95992de0fef795073f5ea83a81c?s=96&d=mm&r=g\",\"url\":\"https:\\\/\\\/secure.gravatar.com\\\/avatar\\\/b6992f131dc8d30ab0dff15446e9d346d9dbd95992de0fef795073f5ea83a81c?s=96&d=mm&r=g\",\"contentUrl\":\"https:\\\/\\\/secure.gravatar.com\\\/avatar\\\/b6992f131dc8d30ab0dff15446e9d346d9dbd95992de0fef795073f5ea83a81c?s=96&d=mm&r=g\",\"caption\":\"La Gu\u00eda de Pamplona\"}}]}<\/script>\n<!-- \/ Yoast SEO plugin. -->","yoast_head_json":{"title":"Villafranca acogi\u00f3 la und\u00e9cima edici\u00f3n del F\u00fatbol Plaza con la participaci\u00f3n de 30 ni\u00f1os","robots":{"index":"index","follow":"follow","max-snippet":"max-snippet:-1","max-image-preview":"max-image-preview:large","max-video-preview":"max-video-preview:-1"},"canonical":"https:\/\/www.laguiadepamplona.com\/actualidad\/villafranca-acogio-la-undecima-edicion-del-futbol-plaza-con-la-participacion-de-30-ninos\/","og_locale":"es_ES","og_type":"article","og_title":"Villafranca acogi\u00f3 la und\u00e9cima edici\u00f3n del F\u00fatbol Plaza con la participaci\u00f3n de 30 ni\u00f1os","og_description":"Villafranca acogi\u00f3 el pasado lunes la fiesta del \u2018F\u00fatbol Plaza\u2019, una competici\u00f3n l\u00fadico-deportiva que Fundaci\u00f3n Osasuna organiza por las localidades navarras desde hace diez temporadas. En esta ocasi\u00f3n, 30 ni\u00f1os...","og_url":"https:\/\/www.laguiadepamplona.com\/actualidad\/villafranca-acogio-la-undecima-edicion-del-futbol-plaza-con-la-participacion-de-30-ninos\/","og_site_name":"La Gu\u00eda de Pamplona","article_publisher":"https:\/\/www.facebook.com\/laguiadepamplonacom-133175176762273\/?ref=hl","article_published_time":"2015-08-11T11:19:08+00:00","author":"La Gu\u00eda de Pamplona","twitter_card":"summary_large_image","twitter_creator":"@LaGuiadPamplona","twitter_site":"@LaGuiadPamplona","twitter_misc":{"Escrito por":"La Gu\u00eda de Pamplona","Tiempo de lectura":"1 minuto"},"schema":{"@context":"https:\/\/schema.org","@graph":[{"@type":"Article","@id":"https:\/\/www.laguiadepamplona.com\/actualidad\/villafranca-acogio-la-undecima-edicion-del-futbol-plaza-con-la-participacion-de-30-ninos\/#article","isPartOf":{"@id":"https:\/\/www.laguiadepamplona.com\/actualidad\/villafranca-acogio-la-undecima-edicion-del-futbol-plaza-con-la-participacion-de-30-ninos\/"},"author":{"name":"La Gu\u00eda de Pamplona","@id":"https:\/\/www.laguiadepamplona.com\/actualidad\/#\/schema\/person\/efe887376f0213d4657c93adc50b1fdb"},"headline":"Villafranca acogi\u00f3 la und\u00e9cima edici\u00f3n del F\u00fatbol Plaza con la participaci\u00f3n de 30 ni\u00f1os","datePublished":"2015-08-11T11:19:08+00:00","mainEntityOfPage":{"@id":"https:\/\/www.laguiadepamplona.com\/actualidad\/villafranca-acogio-la-undecima-edicion-del-futbol-plaza-con-la-participacion-de-30-ninos\/"},"wordCount":149,"publisher":{"@id":"https:\/\/www.laguiadepamplona.com\/actualidad\/#organization"},"image":{"@id":"https:\/\/www.laguiadepamplona.com\/actualidad\/villafranca-acogio-la-undecima-edicion-del-futbol-plaza-con-la-participacion-de-30-ninos\/#primaryimage"},"thumbnailUrl":"","keywords":["3x3","actualidad","fundaci\u00f3n osasuna","futbol","noticias","osasuna","pamplona","plaza","Villafranca"],"articleSection":["Fundaci\u00f3n Osasuna"],"inLanguage":"es"},{"@type":"WebPage","@id":"https:\/\/www.laguiadepamplona.com\/actualidad\/villafranca-acogio-la-undecima-edicion-del-futbol-plaza-con-la-participacion-de-30-ninos\/","url":"https:\/\/www.laguiadepamplona.com\/actualidad\/villafranca-acogio-la-undecima-edicion-del-futbol-plaza-con-la-participacion-de-30-ninos\/","name":"Villafranca acogi\u00f3 la und\u00e9cima edici\u00f3n del F\u00fatbol Plaza con la participaci\u00f3n de 30 ni\u00f1os","isPartOf":{"@id":"https:\/\/www.laguiadepamplona.com\/actualidad\/#website"},"primaryImageOfPage":{"@id":"https:\/\/www.laguiadepamplona.com\/actualidad\/villafranca-acogio-la-undecima-edicion-del-futbol-plaza-con-la-participacion-de-30-ninos\/#primaryimage"},"image":{"@id":"https:\/\/www.laguiadepamplona.com\/actualidad\/villafranca-acogio-la-undecima-edicion-del-futbol-plaza-con-la-participacion-de-30-ninos\/#primaryimage"},"thumbnailUrl":"","datePublished":"2015-08-11T11:19:08+00:00","breadcrumb":{"@id":"https:\/\/www.laguiadepamplona.com\/actualidad\/villafranca-acogio-la-undecima-edicion-del-futbol-plaza-con-la-participacion-de-30-ninos\/#breadcrumb"},"inLanguage":"es","potentialAction":[{"@type":"ReadAction","target":["https:\/\/www.laguiadepamplona.com\/actualidad\/villafranca-acogio-la-undecima-edicion-del-futbol-plaza-con-la-participacion-de-30-ninos\/"]}]},{"@type":"ImageObject","inLanguage":"es","@id":"https:\/\/www.laguiadepamplona.com\/actualidad\/villafranca-acogio-la-undecima-edicion-del-futbol-plaza-con-la-participacion-de-30-ninos\/#primaryimage","url":"","contentUrl":""},{"@type":"BreadcrumbList","@id":"https:\/\/www.laguiadepamplona.com\/actualidad\/villafranca-acogio-la-undecima-edicion-del-futbol-plaza-con-la-participacion-de-30-ninos\/#breadcrumb","itemListElement":[{"@type":"ListItem","position":1,"name":"Portada","item":"https:\/\/www.laguiadepamplona.com\/actualidad\/"},{"@type":"ListItem","position":2,"name":"Villafranca acogi\u00f3 la und\u00e9cima edici\u00f3n del F\u00fatbol Plaza con la participaci\u00f3n de 30 ni\u00f1os"}]},{"@type":"WebSite","@id":"https:\/\/www.laguiadepamplona.com\/actualidad\/#website","url":"https:\/\/www.laguiadepamplona.com\/actualidad\/","name":"La gu\u00eda de Pamplona","description":"Noticias de Pamplona","publisher":{"@id":"https:\/\/www.laguiadepamplona.com\/actualidad\/#organization"},"potentialAction":[{"@type":"SearchAction","target":{"@type":"EntryPoint","urlTemplate":"https:\/\/www.laguiadepamplona.com\/actualidad\/?s={search_term_string}"},"query-input":{"@type":"PropertyValueSpecification","valueRequired":true,"valueName":"search_term_string"}}],"inLanguage":"es"},{"@type":"Organization","@id":"https:\/\/www.laguiadepamplona.com\/actualidad\/#organization","name":"La Gu\u00eda de Pamplona \/ Noticias","url":"https:\/\/www.laguiadepamplona.com\/actualidad\/","logo":{"@type":"ImageObject","inLanguage":"es","@id":"https:\/\/www.laguiadepamplona.com\/actualidad\/#\/schema\/logo\/image\/","url":"https:\/\/www.laguiadepamplona.com\/actualidad\/wp-content\/uploads\/2018\/11\/logo-laguiadepamplona18-web1.png","contentUrl":"https:\/\/www.laguiadepamplona.com\/actualidad\/wp-content\/uploads\/2018\/11\/logo-laguiadepamplona18-web1.png","width":600,"height":196,"caption":"La Gu\u00eda de Pamplona \/ Noticias"},"image":{"@id":"https:\/\/www.laguiadepamplona.com\/actualidad\/#\/schema\/logo\/image\/"},"sameAs":["https:\/\/www.facebook.com\/laguiadepamplonacom-133175176762273\/?ref=hl","https:\/\/x.com\/LaGuiadPamplona","https:\/\/www.instagram.com\/la_guia_de_pamplona\/","https:\/\/www.youtube.com\/user\/laguiadepamplona"]},{"@type":"Person","@id":"https:\/\/www.laguiadepamplona.com\/actualidad\/#\/schema\/person\/efe887376f0213d4657c93adc50b1fdb","name":"La Gu\u00eda de Pamplona","image":{"@type":"ImageObject","inLanguage":"es","@id":"https:\/\/secure.gravatar.com\/avatar\/b6992f131dc8d30ab0dff15446e9d346d9dbd95992de0fef795073f5ea83a81c?s=96&d=mm&r=g","url":"https:\/\/secure.gravatar.com\/avatar\/b6992f131dc8d30ab0dff15446e9d346d9dbd95992de0fef795073f5ea83a81c?s=96&d=mm&r=g","contentUrl":"https:\/\/secure.gravatar.com\/avatar\/b6992f131dc8d30ab0dff15446e9d346d9dbd95992de0fef795073f5ea83a81c?s=96&d=mm&r=g","caption":"La Gu\u00eda de Pamplona"}}]}},"post_mailing_queue_ids":[],"_links":{"self":[{"href":"https:\/\/www.laguiadepamplona.com\/actualidad\/wp-json\/wp\/v2\/posts\/6866","targetHints":{"allow":["GET"]}}],"collection":[{"href":"https:\/\/www.laguiadepamplona.com\/actualidad\/wp-json\/wp\/v2\/posts"}],"about":[{"href":"https:\/\/www.laguiadepamplona.com\/actualidad\/wp-json\/wp\/v2\/types\/post"}],"author":[{"embeddable":true,"href":"https:\/\/www.laguiadepamplona.com\/actualidad\/wp-json\/wp\/v2\/users\/1"}],"replies":[{"embeddable":true,"href":"https:\/\/www.laguiadepamplona.com\/actualidad\/wp-json\/wp\/v2\/comments?post=6866"}],"version-history":[{"count":0,"href":"https:\/\/www.laguiadepamplona.com\/actualidad\/wp-json\/wp\/v2\/posts\/6866\/revisions"}],"wp:featuredmedia":[{"embeddable":true,"href":"https:\/\/www.laguiadepamplona.com\/actualidad\/wp-json\/"}],"wp:attachment":[{"href":"https:\/\/www.laguiadepamplona.com\/actualidad\/wp-json\/wp\/v2\/media?parent=6866"}],"wp:term":[{"taxonomy":"category","embeddable":true,"href":"https:\/\/www.laguiadepamplona.com\/actualidad\/wp-json\/wp\/v2\/categories?post=6866"},{"taxonomy":"post_tag","embeddable":true,"href":"https:\/\/www.laguiadepamplona.com\/actualidad\/wp-json\/wp\/v2\/tags?post=6866"}],"curies":[{"name":"wp","href":"https:\/\/api.w.org\/{rel}","templated":true}]}}