{"id":6751,"date":"2015-08-11T17:02:59","date_gmt":"2015-08-11T15:02:59","guid":{"rendered":"http:\/\/laguiadepamplona.com\/actualidad\/?p=6751"},"modified":"2015-08-11T17:02:59","modified_gmt":"2015-08-11T15:02:59","slug":"tres-peliculas-aptas-para-todos-los-publicos-en-las-proximas-sesiones-de-noches-de-cine-en-medillorri-rochapea-y-casco-antiguo","status":"publish","type":"post","link":"https:\/\/www.laguiadepamplona.com\/actualidad\/tres-peliculas-aptas-para-todos-los-publicos-en-las-proximas-sesiones-de-noches-de-cine-en-medillorri-rochapea-y-casco-antiguo\/","title":{"rendered":"Tres pel\u00edculas aptas para todos los p\u00fablicos en las pr\u00f3ximas sesiones de \u2018Noches de Cine\u2019 en Medillorri, Rochapea y Casco Antiguo"},"content":{"rendered":"<h4 class=\"western\" lang=\"es-ES\">Los propuesta son dos filmes de animaci\u00f3n y una comedia familiar de corte rom\u00e1ntico<\/h4>\n<p lang=\"es-ES\"><span style=\"font-family: Arial, sans-serif;\"><a href=\"http:\/\/laguiadepamplona.com\/actualidad\/wp-content\/uploads\/2015\/08\/turbo.png\"><img loading=\"lazy\" decoding=\"async\" class=\"alignleft size-medium wp-image-6752\" src=\"http:\/\/laguiadepamplona.com\/actualidad\/wp-content\/uploads\/2015\/08\/turbo-300x178.png\" alt=\"turbo\" width=\"300\" height=\"178\" \/><\/a>Contin\u00faan las \u2018Noches de Cine\u2019 en los espacios p\u00fablicos de su ciudad. Para terminar la segunda semana de la cartelera municipal, la propuesta son tres cintas aptas para todos los p\u00fablicos. Las dos primeras en el Parque del Lago y en el de Enamorados son sendas cintas de animaci\u00f3n previstas para los m\u00e1s peque\u00f1os. La tercera, que se proyectar\u00e1 en la plaza San Francisco, es una comedia rom\u00e1ntica sobre cocina, mercado laboral y reinventarse la vida.<\/span><\/p>\n<p lang=\"es-ES\"><span style=\"font-family: Arial, sans-serif;\">Para el mi\u00e9rcoles la propuesta es cine de animaci\u00f3n infantil en Mendillorri con la historia del caracol m\u00e1s veloz de todos los tiempos, un animal que responde al nombre de Teo. El filme \u2018Turbo\u2019 (2013), dirigido por David Soren para Dreamworks, cuenta en 96 minutos, la historia de un caracol de jard\u00edn que tiene el sue\u00f1o de ganar las 500 millas de Indian\u00e1polis. Un extra\u00f1o accidente y un grupo de amigos del reino animal le podr\u00e1n en la l\u00ednea de salida de la competici\u00f3n.<\/span><\/p>\n<p lang=\"es-ES\"><span style=\"font-family: Arial, sans-serif;\">El jueves 13, en el Parque de Enamorados de Rochapea se proyectar\u00e1 otra cinta para los m\u00e1s peque\u00f1os, \u2018R\u00edo 2\u2019 (2014), secuela de la cinta hom\u00f3nima del a\u00f1o 2011 de la Twentieth Certury Fox. Tras la primera aventura, Blu, el guacamayo azul y Perla, su pareja, han tenido familia: tres hijos. Cuando se enteran que podr\u00eda haber m\u00e1s p\u00e1jaros como ellos en la selva, deciden quieren viajar al Amazonas para que los reto\u00f1os aprendan a vivir como aut\u00e9nticas aves. Blu, al fin y al cabo un urbanita que acaba de aprender a volar, trata de encajar con sus nuevos vecinos y le preocupa la posibilidad de perder a Perla y a los chicos ante la llamada de la selva.<\/span><\/p>\n<p lang=\"es-ES\"><span style=\"font-family: Arial, sans-serif;\">Para acabar la semana el viernes a la plaza de San Francisco (Casco Viejo) llegar\u00e1 \u2018#Chef\u2019 (2014), una comedia con vocaci\u00f3n familiar que reflexiona sobre gastronom\u00eda, trabajo y redes sociales a trav\u00e9s de la peripecia vital de un cocinero de Carl Casper (Jon Favreau). Casper da un salto profesional desde un restaurante de post\u00edn de Los \u00c1ngeles a un puesto ambulante de comida cubana. C\u00f3mo reinventarse y as\u00ed redescubrir lo importante de la vida es el trasfondo de un argumento llevado a la gran pantalla por un elenco entre el que se pueden encontrar actores como el propio Jon Favreau o Sof\u00eda Vergara, John Leguizamo, Scarlett Johansson, Dustin Hoffman o Robert Downey Jr.<\/span><\/p>\n<h4 class=\"apoyo-de-datos-western\">Noches de cine (del 10 al 14 de agosto)<\/h4>\n<p><span style=\"font-family: Arial, sans-serif;\">De lunes a viernes<\/span><\/p>\n<p><span style=\"font-family: Arial, sans-serif;\">Horario: 22 horas<\/span><\/p>\n<p><span style=\"font-family: Arial, sans-serif;\">Libre participaci\u00f3n<\/span><\/p>\n<p><span style=\"font-family: Arial, sans-serif;\"><b>Mi\u00e9rcoles 12 de agosto<\/b><\/span><\/p>\n<ul>\n<li><span style=\"font-family: Arial, sans-serif;\">Turbo<\/span><\/li>\n<li><span style=\"color: #000000;\"><span style=\"font-family: Arial, sans-serif;\">Parque del Lago (Mendillorri)<\/span><\/span>\n<p><span style=\"font-family: Arial, sans-serif;\"><b>Jueves 13 de agosto<\/b><\/span><\/li>\n<li><span style=\"font-family: Arial, sans-serif;\">R\u00edo 2<\/span><\/li>\n<li><span style=\"color: #000000;\"><span style=\"font-family: Arial, sans-serif;\">Parque de Enamorados (Rochapea)<\/span><\/span>\n<p><span style=\"font-family: Arial, sans-serif;\"><b>Viernes 14 de agosto<\/b><\/span><\/li>\n<li><span style=\"font-family: Arial, sans-serif;\">#Chef<\/span><\/li>\n<li><span style=\"color: #000000;\"><span style=\"font-family: Arial, sans-serif;\">Plaza San Francisco (Casco Antiguo)<\/span><\/span><\/li>\n<\/ul>\n<p lang=\"es-ES\">\n","protected":false},"excerpt":{"rendered":"<p>Los propuesta son dos filmes de animaci\u00f3n y una comedia familiar de corte rom\u00e1ntico Contin\u00faan las \u2018Noches de Cine\u2019 en los espacios p\u00fablicos de su ciudad. Para terminar la segunda&#8230;<\/p>\n","protected":false},"author":1,"featured_media":6752,"comment_status":"closed","ping_status":"closed","sticky":false,"template":"","format":"standard","meta":{"footnotes":""},"categories":[2],"tags":[5,6091,6,509,955,6092,620,2110,8,9,4243,354,6093,1027],"class_list":["post-6751","post","type-post","status-publish","format-standard","has-post-thumbnail","hentry","category-ayuntamiento-pamplona","tag-actualidad","tag-aptas","tag-ayto-pamplona","tag-ayuntamiento-de-pamplona","tag-casco-antiguo","tag-edades","tag-mendillorri","tag-noches-de-cine","tag-noticias","tag-pamplona","tag-peliculas","tag-rochapea","tag-todas","tag-verano"],"yoast_head":"<!-- This site is optimized with the Yoast SEO plugin v27.5 - https:\/\/yoast.com\/product\/yoast-seo-wordpress\/ -->\n<title>Tres pel\u00edculas aptas para todos los p\u00fablicos en las pr\u00f3ximas sesiones de \u2018Noches de Cine\u2019 en Medillorri, Rochapea y Casco Antiguo<\/title>\n<meta name=\"robots\" content=\"index, follow, max-snippet:-1, max-image-preview:large, max-video-preview:-1\" \/>\n<link rel=\"canonical\" href=\"https:\/\/www.laguiadepamplona.com\/actualidad\/tres-peliculas-aptas-para-todos-los-publicos-en-las-proximas-sesiones-de-noches-de-cine-en-medillorri-rochapea-y-casco-antiguo\/\" \/>\n<meta property=\"og:locale\" content=\"es_ES\" \/>\n<meta property=\"og:type\" content=\"article\" \/>\n<meta property=\"og:title\" content=\"Tres pel\u00edculas aptas para todos los p\u00fablicos en las pr\u00f3ximas sesiones de \u2018Noches de Cine\u2019 en Medillorri, Rochapea y Casco Antiguo\" \/>\n<meta property=\"og:description\" content=\"Los propuesta son dos filmes de animaci\u00f3n y una comedia familiar de corte rom\u00e1ntico Contin\u00faan las \u2018Noches de Cine\u2019 en los espacios p\u00fablicos de su ciudad. Para terminar la segunda...\" \/>\n<meta property=\"og:url\" content=\"https:\/\/www.laguiadepamplona.com\/actualidad\/tres-peliculas-aptas-para-todos-los-publicos-en-las-proximas-sesiones-de-noches-de-cine-en-medillorri-rochapea-y-casco-antiguo\/\" \/>\n<meta property=\"og:site_name\" content=\"La Gu\u00eda de Pamplona\" \/>\n<meta property=\"article:publisher\" content=\"https:\/\/www.facebook.com\/laguiadepamplonacom-133175176762273\/?ref=hl\" \/>\n<meta property=\"article:published_time\" content=\"2015-08-11T15:02:59+00:00\" \/>\n<meta name=\"author\" content=\"La Gu\u00eda de Pamplona\" \/>\n<meta name=\"twitter:card\" content=\"summary_large_image\" \/>\n<meta name=\"twitter:creator\" content=\"@LaGuiadPamplona\" \/>\n<meta name=\"twitter:site\" content=\"@LaGuiadPamplona\" \/>\n<meta name=\"twitter:label1\" content=\"Escrito por\" \/>\n\t<meta name=\"twitter:data1\" content=\"La Gu\u00eda de Pamplona\" \/>\n\t<meta name=\"twitter:label2\" content=\"Tiempo de lectura\" \/>\n\t<meta name=\"twitter:data2\" content=\"2 minutos\" \/>\n<script type=\"application\/ld+json\" class=\"yoast-schema-graph\">{\"@context\":\"https:\\\/\\\/schema.org\",\"@graph\":[{\"@type\":\"Article\",\"@id\":\"https:\\\/\\\/www.laguiadepamplona.com\\\/actualidad\\\/tres-peliculas-aptas-para-todos-los-publicos-en-las-proximas-sesiones-de-noches-de-cine-en-medillorri-rochapea-y-casco-antiguo\\\/#article\",\"isPartOf\":{\"@id\":\"https:\\\/\\\/www.laguiadepamplona.com\\\/actualidad\\\/tres-peliculas-aptas-para-todos-los-publicos-en-las-proximas-sesiones-de-noches-de-cine-en-medillorri-rochapea-y-casco-antiguo\\\/\"},\"author\":{\"name\":\"La Gu\u00eda de Pamplona\",\"@id\":\"https:\\\/\\\/www.laguiadepamplona.com\\\/actualidad\\\/#\\\/schema\\\/person\\\/efe887376f0213d4657c93adc50b1fdb\"},\"headline\":\"Tres pel\u00edculas aptas para todos los p\u00fablicos en las pr\u00f3ximas sesiones de \u2018Noches de Cine\u2019 en Medillorri, Rochapea y Casco Antiguo\",\"datePublished\":\"2015-08-11T15:02:59+00:00\",\"mainEntityOfPage\":{\"@id\":\"https:\\\/\\\/www.laguiadepamplona.com\\\/actualidad\\\/tres-peliculas-aptas-para-todos-los-publicos-en-las-proximas-sesiones-de-noches-de-cine-en-medillorri-rochapea-y-casco-antiguo\\\/\"},\"wordCount\":500,\"publisher\":{\"@id\":\"https:\\\/\\\/www.laguiadepamplona.com\\\/actualidad\\\/#organization\"},\"image\":{\"@id\":\"https:\\\/\\\/www.laguiadepamplona.com\\\/actualidad\\\/tres-peliculas-aptas-para-todos-los-publicos-en-las-proximas-sesiones-de-noches-de-cine-en-medillorri-rochapea-y-casco-antiguo\\\/#primaryimage\"},\"thumbnailUrl\":\"\",\"keywords\":[\"actualidad\",\"aptas\",\"ayto pamplona\",\"Ayuntamiento de Pamplona\",\"Casco Antiguo\",\"edades\",\"Mendillorri\",\"noches de cine\",\"noticias\",\"pamplona\",\"pel\u00edculas\",\"Rochapea\",\"todas\",\"verano\"],\"articleSection\":[\"Ayto Pamplona\"],\"inLanguage\":\"es\"},{\"@type\":\"WebPage\",\"@id\":\"https:\\\/\\\/www.laguiadepamplona.com\\\/actualidad\\\/tres-peliculas-aptas-para-todos-los-publicos-en-las-proximas-sesiones-de-noches-de-cine-en-medillorri-rochapea-y-casco-antiguo\\\/\",\"url\":\"https:\\\/\\\/www.laguiadepamplona.com\\\/actualidad\\\/tres-peliculas-aptas-para-todos-los-publicos-en-las-proximas-sesiones-de-noches-de-cine-en-medillorri-rochapea-y-casco-antiguo\\\/\",\"name\":\"Tres pel\u00edculas aptas para todos los p\u00fablicos en las pr\u00f3ximas sesiones de \u2018Noches de Cine\u2019 en Medillorri, Rochapea y Casco Antiguo\",\"isPartOf\":{\"@id\":\"https:\\\/\\\/www.laguiadepamplona.com\\\/actualidad\\\/#website\"},\"primaryImageOfPage\":{\"@id\":\"https:\\\/\\\/www.laguiadepamplona.com\\\/actualidad\\\/tres-peliculas-aptas-para-todos-los-publicos-en-las-proximas-sesiones-de-noches-de-cine-en-medillorri-rochapea-y-casco-antiguo\\\/#primaryimage\"},\"image\":{\"@id\":\"https:\\\/\\\/www.laguiadepamplona.com\\\/actualidad\\\/tres-peliculas-aptas-para-todos-los-publicos-en-las-proximas-sesiones-de-noches-de-cine-en-medillorri-rochapea-y-casco-antiguo\\\/#primaryimage\"},\"thumbnailUrl\":\"\",\"datePublished\":\"2015-08-11T15:02:59+00:00\",\"breadcrumb\":{\"@id\":\"https:\\\/\\\/www.laguiadepamplona.com\\\/actualidad\\\/tres-peliculas-aptas-para-todos-los-publicos-en-las-proximas-sesiones-de-noches-de-cine-en-medillorri-rochapea-y-casco-antiguo\\\/#breadcrumb\"},\"inLanguage\":\"es\",\"potentialAction\":[{\"@type\":\"ReadAction\",\"target\":[\"https:\\\/\\\/www.laguiadepamplona.com\\\/actualidad\\\/tres-peliculas-aptas-para-todos-los-publicos-en-las-proximas-sesiones-de-noches-de-cine-en-medillorri-rochapea-y-casco-antiguo\\\/\"]}]},{\"@type\":\"ImageObject\",\"inLanguage\":\"es\",\"@id\":\"https:\\\/\\\/www.laguiadepamplona.com\\\/actualidad\\\/tres-peliculas-aptas-para-todos-los-publicos-en-las-proximas-sesiones-de-noches-de-cine-en-medillorri-rochapea-y-casco-antiguo\\\/#primaryimage\",\"url\":\"\",\"contentUrl\":\"\"},{\"@type\":\"BreadcrumbList\",\"@id\":\"https:\\\/\\\/www.laguiadepamplona.com\\\/actualidad\\\/tres-peliculas-aptas-para-todos-los-publicos-en-las-proximas-sesiones-de-noches-de-cine-en-medillorri-rochapea-y-casco-antiguo\\\/#breadcrumb\",\"itemListElement\":[{\"@type\":\"ListItem\",\"position\":1,\"name\":\"Portada\",\"item\":\"https:\\\/\\\/www.laguiadepamplona.com\\\/actualidad\\\/\"},{\"@type\":\"ListItem\",\"position\":2,\"name\":\"Tres pel\u00edculas aptas para todos los p\u00fablicos en las pr\u00f3ximas sesiones de \u2018Noches de Cine\u2019 en Medillorri, Rochapea y Casco Antiguo\"}]},{\"@type\":\"WebSite\",\"@id\":\"https:\\\/\\\/www.laguiadepamplona.com\\\/actualidad\\\/#website\",\"url\":\"https:\\\/\\\/www.laguiadepamplona.com\\\/actualidad\\\/\",\"name\":\"La gu\u00eda de Pamplona\",\"description\":\"Noticias de Pamplona\",\"publisher\":{\"@id\":\"https:\\\/\\\/www.laguiadepamplona.com\\\/actualidad\\\/#organization\"},\"potentialAction\":[{\"@type\":\"SearchAction\",\"target\":{\"@type\":\"EntryPoint\",\"urlTemplate\":\"https:\\\/\\\/www.laguiadepamplona.com\\\/actualidad\\\/?s={search_term_string}\"},\"query-input\":{\"@type\":\"PropertyValueSpecification\",\"valueRequired\":true,\"valueName\":\"search_term_string\"}}],\"inLanguage\":\"es\"},{\"@type\":\"Organization\",\"@id\":\"https:\\\/\\\/www.laguiadepamplona.com\\\/actualidad\\\/#organization\",\"name\":\"La Gu\u00eda de Pamplona \\\/ Noticias\",\"url\":\"https:\\\/\\\/www.laguiadepamplona.com\\\/actualidad\\\/\",\"logo\":{\"@type\":\"ImageObject\",\"inLanguage\":\"es\",\"@id\":\"https:\\\/\\\/www.laguiadepamplona.com\\\/actualidad\\\/#\\\/schema\\\/logo\\\/image\\\/\",\"url\":\"https:\\\/\\\/www.laguiadepamplona.com\\\/actualidad\\\/wp-content\\\/uploads\\\/2018\\\/11\\\/logo-laguiadepamplona18-web1.png\",\"contentUrl\":\"https:\\\/\\\/www.laguiadepamplona.com\\\/actualidad\\\/wp-content\\\/uploads\\\/2018\\\/11\\\/logo-laguiadepamplona18-web1.png\",\"width\":600,\"height\":196,\"caption\":\"La Gu\u00eda de Pamplona \\\/ Noticias\"},\"image\":{\"@id\":\"https:\\\/\\\/www.laguiadepamplona.com\\\/actualidad\\\/#\\\/schema\\\/logo\\\/image\\\/\"},\"sameAs\":[\"https:\\\/\\\/www.facebook.com\\\/laguiadepamplonacom-133175176762273\\\/?ref=hl\",\"https:\\\/\\\/x.com\\\/LaGuiadPamplona\",\"https:\\\/\\\/www.instagram.com\\\/la_guia_de_pamplona\\\/\",\"https:\\\/\\\/www.youtube.com\\\/user\\\/laguiadepamplona\"]},{\"@type\":\"Person\",\"@id\":\"https:\\\/\\\/www.laguiadepamplona.com\\\/actualidad\\\/#\\\/schema\\\/person\\\/efe887376f0213d4657c93adc50b1fdb\",\"name\":\"La Gu\u00eda de Pamplona\",\"image\":{\"@type\":\"ImageObject\",\"inLanguage\":\"es\",\"@id\":\"https:\\\/\\\/secure.gravatar.com\\\/avatar\\\/b6992f131dc8d30ab0dff15446e9d346d9dbd95992de0fef795073f5ea83a81c?s=96&d=mm&r=g\",\"url\":\"https:\\\/\\\/secure.gravatar.com\\\/avatar\\\/b6992f131dc8d30ab0dff15446e9d346d9dbd95992de0fef795073f5ea83a81c?s=96&d=mm&r=g\",\"contentUrl\":\"https:\\\/\\\/secure.gravatar.com\\\/avatar\\\/b6992f131dc8d30ab0dff15446e9d346d9dbd95992de0fef795073f5ea83a81c?s=96&d=mm&r=g\",\"caption\":\"La Gu\u00eda de Pamplona\"}}]}<\/script>\n<!-- \/ Yoast SEO plugin. -->","yoast_head_json":{"title":"Tres pel\u00edculas aptas para todos los p\u00fablicos en las pr\u00f3ximas sesiones de \u2018Noches de Cine\u2019 en Medillorri, Rochapea y Casco Antiguo","robots":{"index":"index","follow":"follow","max-snippet":"max-snippet:-1","max-image-preview":"max-image-preview:large","max-video-preview":"max-video-preview:-1"},"canonical":"https:\/\/www.laguiadepamplona.com\/actualidad\/tres-peliculas-aptas-para-todos-los-publicos-en-las-proximas-sesiones-de-noches-de-cine-en-medillorri-rochapea-y-casco-antiguo\/","og_locale":"es_ES","og_type":"article","og_title":"Tres pel\u00edculas aptas para todos los p\u00fablicos en las pr\u00f3ximas sesiones de \u2018Noches de Cine\u2019 en Medillorri, Rochapea y Casco Antiguo","og_description":"Los propuesta son dos filmes de animaci\u00f3n y una comedia familiar de corte rom\u00e1ntico Contin\u00faan las \u2018Noches de Cine\u2019 en los espacios p\u00fablicos de su ciudad. Para terminar la segunda...","og_url":"https:\/\/www.laguiadepamplona.com\/actualidad\/tres-peliculas-aptas-para-todos-los-publicos-en-las-proximas-sesiones-de-noches-de-cine-en-medillorri-rochapea-y-casco-antiguo\/","og_site_name":"La Gu\u00eda de Pamplona","article_publisher":"https:\/\/www.facebook.com\/laguiadepamplonacom-133175176762273\/?ref=hl","article_published_time":"2015-08-11T15:02:59+00:00","author":"La Gu\u00eda de Pamplona","twitter_card":"summary_large_image","twitter_creator":"@LaGuiadPamplona","twitter_site":"@LaGuiadPamplona","twitter_misc":{"Escrito por":"La Gu\u00eda de Pamplona","Tiempo de lectura":"2 minutos"},"schema":{"@context":"https:\/\/schema.org","@graph":[{"@type":"Article","@id":"https:\/\/www.laguiadepamplona.com\/actualidad\/tres-peliculas-aptas-para-todos-los-publicos-en-las-proximas-sesiones-de-noches-de-cine-en-medillorri-rochapea-y-casco-antiguo\/#article","isPartOf":{"@id":"https:\/\/www.laguiadepamplona.com\/actualidad\/tres-peliculas-aptas-para-todos-los-publicos-en-las-proximas-sesiones-de-noches-de-cine-en-medillorri-rochapea-y-casco-antiguo\/"},"author":{"name":"La Gu\u00eda de Pamplona","@id":"https:\/\/www.laguiadepamplona.com\/actualidad\/#\/schema\/person\/efe887376f0213d4657c93adc50b1fdb"},"headline":"Tres pel\u00edculas aptas para todos los p\u00fablicos en las pr\u00f3ximas sesiones de \u2018Noches de Cine\u2019 en Medillorri, Rochapea y Casco Antiguo","datePublished":"2015-08-11T15:02:59+00:00","mainEntityOfPage":{"@id":"https:\/\/www.laguiadepamplona.com\/actualidad\/tres-peliculas-aptas-para-todos-los-publicos-en-las-proximas-sesiones-de-noches-de-cine-en-medillorri-rochapea-y-casco-antiguo\/"},"wordCount":500,"publisher":{"@id":"https:\/\/www.laguiadepamplona.com\/actualidad\/#organization"},"image":{"@id":"https:\/\/www.laguiadepamplona.com\/actualidad\/tres-peliculas-aptas-para-todos-los-publicos-en-las-proximas-sesiones-de-noches-de-cine-en-medillorri-rochapea-y-casco-antiguo\/#primaryimage"},"thumbnailUrl":"","keywords":["actualidad","aptas","ayto pamplona","Ayuntamiento de Pamplona","Casco Antiguo","edades","Mendillorri","noches de cine","noticias","pamplona","pel\u00edculas","Rochapea","todas","verano"],"articleSection":["Ayto Pamplona"],"inLanguage":"es"},{"@type":"WebPage","@id":"https:\/\/www.laguiadepamplona.com\/actualidad\/tres-peliculas-aptas-para-todos-los-publicos-en-las-proximas-sesiones-de-noches-de-cine-en-medillorri-rochapea-y-casco-antiguo\/","url":"https:\/\/www.laguiadepamplona.com\/actualidad\/tres-peliculas-aptas-para-todos-los-publicos-en-las-proximas-sesiones-de-noches-de-cine-en-medillorri-rochapea-y-casco-antiguo\/","name":"Tres pel\u00edculas aptas para todos los p\u00fablicos en las pr\u00f3ximas sesiones de \u2018Noches de Cine\u2019 en Medillorri, Rochapea y Casco Antiguo","isPartOf":{"@id":"https:\/\/www.laguiadepamplona.com\/actualidad\/#website"},"primaryImageOfPage":{"@id":"https:\/\/www.laguiadepamplona.com\/actualidad\/tres-peliculas-aptas-para-todos-los-publicos-en-las-proximas-sesiones-de-noches-de-cine-en-medillorri-rochapea-y-casco-antiguo\/#primaryimage"},"image":{"@id":"https:\/\/www.laguiadepamplona.com\/actualidad\/tres-peliculas-aptas-para-todos-los-publicos-en-las-proximas-sesiones-de-noches-de-cine-en-medillorri-rochapea-y-casco-antiguo\/#primaryimage"},"thumbnailUrl":"","datePublished":"2015-08-11T15:02:59+00:00","breadcrumb":{"@id":"https:\/\/www.laguiadepamplona.com\/actualidad\/tres-peliculas-aptas-para-todos-los-publicos-en-las-proximas-sesiones-de-noches-de-cine-en-medillorri-rochapea-y-casco-antiguo\/#breadcrumb"},"inLanguage":"es","potentialAction":[{"@type":"ReadAction","target":["https:\/\/www.laguiadepamplona.com\/actualidad\/tres-peliculas-aptas-para-todos-los-publicos-en-las-proximas-sesiones-de-noches-de-cine-en-medillorri-rochapea-y-casco-antiguo\/"]}]},{"@type":"ImageObject","inLanguage":"es","@id":"https:\/\/www.laguiadepamplona.com\/actualidad\/tres-peliculas-aptas-para-todos-los-publicos-en-las-proximas-sesiones-de-noches-de-cine-en-medillorri-rochapea-y-casco-antiguo\/#primaryimage","url":"","contentUrl":""},{"@type":"BreadcrumbList","@id":"https:\/\/www.laguiadepamplona.com\/actualidad\/tres-peliculas-aptas-para-todos-los-publicos-en-las-proximas-sesiones-de-noches-de-cine-en-medillorri-rochapea-y-casco-antiguo\/#breadcrumb","itemListElement":[{"@type":"ListItem","position":1,"name":"Portada","item":"https:\/\/www.laguiadepamplona.com\/actualidad\/"},{"@type":"ListItem","position":2,"name":"Tres pel\u00edculas aptas para todos los p\u00fablicos en las pr\u00f3ximas sesiones de \u2018Noches de Cine\u2019 en Medillorri, Rochapea y Casco Antiguo"}]},{"@type":"WebSite","@id":"https:\/\/www.laguiadepamplona.com\/actualidad\/#website","url":"https:\/\/www.laguiadepamplona.com\/actualidad\/","name":"La gu\u00eda de Pamplona","description":"Noticias de Pamplona","publisher":{"@id":"https:\/\/www.laguiadepamplona.com\/actualidad\/#organization"},"potentialAction":[{"@type":"SearchAction","target":{"@type":"EntryPoint","urlTemplate":"https:\/\/www.laguiadepamplona.com\/actualidad\/?s={search_term_string}"},"query-input":{"@type":"PropertyValueSpecification","valueRequired":true,"valueName":"search_term_string"}}],"inLanguage":"es"},{"@type":"Organization","@id":"https:\/\/www.laguiadepamplona.com\/actualidad\/#organization","name":"La Gu\u00eda de Pamplona \/ Noticias","url":"https:\/\/www.laguiadepamplona.com\/actualidad\/","logo":{"@type":"ImageObject","inLanguage":"es","@id":"https:\/\/www.laguiadepamplona.com\/actualidad\/#\/schema\/logo\/image\/","url":"https:\/\/www.laguiadepamplona.com\/actualidad\/wp-content\/uploads\/2018\/11\/logo-laguiadepamplona18-web1.png","contentUrl":"https:\/\/www.laguiadepamplona.com\/actualidad\/wp-content\/uploads\/2018\/11\/logo-laguiadepamplona18-web1.png","width":600,"height":196,"caption":"La Gu\u00eda de Pamplona \/ Noticias"},"image":{"@id":"https:\/\/www.laguiadepamplona.com\/actualidad\/#\/schema\/logo\/image\/"},"sameAs":["https:\/\/www.facebook.com\/laguiadepamplonacom-133175176762273\/?ref=hl","https:\/\/x.com\/LaGuiadPamplona","https:\/\/www.instagram.com\/la_guia_de_pamplona\/","https:\/\/www.youtube.com\/user\/laguiadepamplona"]},{"@type":"Person","@id":"https:\/\/www.laguiadepamplona.com\/actualidad\/#\/schema\/person\/efe887376f0213d4657c93adc50b1fdb","name":"La Gu\u00eda de Pamplona","image":{"@type":"ImageObject","inLanguage":"es","@id":"https:\/\/secure.gravatar.com\/avatar\/b6992f131dc8d30ab0dff15446e9d346d9dbd95992de0fef795073f5ea83a81c?s=96&d=mm&r=g","url":"https:\/\/secure.gravatar.com\/avatar\/b6992f131dc8d30ab0dff15446e9d346d9dbd95992de0fef795073f5ea83a81c?s=96&d=mm&r=g","contentUrl":"https:\/\/secure.gravatar.com\/avatar\/b6992f131dc8d30ab0dff15446e9d346d9dbd95992de0fef795073f5ea83a81c?s=96&d=mm&r=g","caption":"La Gu\u00eda de Pamplona"}}]}},"post_mailing_queue_ids":[],"_links":{"self":[{"href":"https:\/\/www.laguiadepamplona.com\/actualidad\/wp-json\/wp\/v2\/posts\/6751","targetHints":{"allow":["GET"]}}],"collection":[{"href":"https:\/\/www.laguiadepamplona.com\/actualidad\/wp-json\/wp\/v2\/posts"}],"about":[{"href":"https:\/\/www.laguiadepamplona.com\/actualidad\/wp-json\/wp\/v2\/types\/post"}],"author":[{"embeddable":true,"href":"https:\/\/www.laguiadepamplona.com\/actualidad\/wp-json\/wp\/v2\/users\/1"}],"replies":[{"embeddable":true,"href":"https:\/\/www.laguiadepamplona.com\/actualidad\/wp-json\/wp\/v2\/comments?post=6751"}],"version-history":[{"count":0,"href":"https:\/\/www.laguiadepamplona.com\/actualidad\/wp-json\/wp\/v2\/posts\/6751\/revisions"}],"wp:featuredmedia":[{"embeddable":true,"href":"https:\/\/www.laguiadepamplona.com\/actualidad\/wp-json\/"}],"wp:attachment":[{"href":"https:\/\/www.laguiadepamplona.com\/actualidad\/wp-json\/wp\/v2\/media?parent=6751"}],"wp:term":[{"taxonomy":"category","embeddable":true,"href":"https:\/\/www.laguiadepamplona.com\/actualidad\/wp-json\/wp\/v2\/categories?post=6751"},{"taxonomy":"post_tag","embeddable":true,"href":"https:\/\/www.laguiadepamplona.com\/actualidad\/wp-json\/wp\/v2\/tags?post=6751"}],"curies":[{"name":"wp","href":"https:\/\/api.w.org\/{rel}","templated":true}]}}