{"id":6704,"date":"2015-08-05T12:46:00","date_gmt":"2015-08-05T10:46:00","guid":{"rendered":"http:\/\/laguiadepamplona.com\/actualidad\/?p=6704"},"modified":"2015-08-05T12:46:00","modified_gmt":"2015-08-05T10:46:00","slug":"la-compania-rea-danza-abre-este-viernes-el-iv-festival-de-danza-vertical-con-danzando-al-celuloide-un-homenaje-al-cine-que-evocara-numerosas-peliculas","status":"publish","type":"post","link":"https:\/\/www.laguiadepamplona.com\/actualidad\/la-compania-rea-danza-abre-este-viernes-el-iv-festival-de-danza-vertical-con-danzando-al-celuloide-un-homenaje-al-cine-que-evocara-numerosas-peliculas\/","title":{"rendered":"La Compa\u00f1\u00eda REA Danza abre este viernes el IV Festival de danza vertical con \u2018Danzando al celuloide\u2019, un homenaje al cine que evocar\u00e1 numerosas pel\u00edculas"},"content":{"rendered":"<h4 class=\"western\" lang=\"es-ES\">Las entradas, que incluyen dos consumiciones, cuestan 15 euros y existe posibilidad de adquirir un bono para las tres funciones por 35 euros<\/h4>\n<p lang=\"es-ES\"><span style=\"font-family: Arial, sans-serif;\"><a href=\"http:\/\/laguiadepamplona.com\/actualidad\/wp-content\/uploads\/2015\/08\/readanza-Danzando-al-celuloide.jpg\"><img loading=\"lazy\" decoding=\"async\" class=\"alignleft size-medium wp-image-6705\" src=\"http:\/\/laguiadepamplona.com\/actualidad\/wp-content\/uploads\/2015\/08\/readanza-Danzando-al-celuloide-300x200.jpg\" alt=\"readanza-Danzando al celuloide\" width=\"300\" height=\"200\" \/><\/a>La Compa\u00f1\u00eda REA Danza abre este viernes, 7 de agosto, el IV Festival de danza vertical \u2018La muralla en danza\u2019 de \u2018Ciudadelarte\u2019 con la obra \u2018Danzando al celuloide\u2019 en la que realizan un homenaje al cine y a famosas pel\u00edculas. De esta forma, El Baluarte de Guadalupe, habitualmente cerrado al p\u00fablico, abrir\u00e1 sus puertas para acoger una muestra internacional de danza a\u00e9rea y vertical que se celebrar\u00e1 en los lienzos de la muralla los viernes 7, 14 y 21 de agosto.<\/span><\/p>\n<p lang=\"es-ES\"><span style=\"font-family: Arial, sans-serif;\">Las entradas para cada sesi\u00f3n cuestan 15 euros e incluyen dos pinchos y dos consumiciones. Hay un bono especial para los tres d\u00edas al precio de 35 euros. Los menores de 12 a\u00f1os tendr\u00e1n acceso gratuito al recinto. Las entradas pueden adquirirse a trav\u00e9s de <span style=\"color: #0000ff;\"><a href=\"http:\/\/www.entradascajarural.com\/\"><span style=\"color: #000000;\">www.entradascajarural.com<\/span><\/a><\/span>, en la Oficina de Turismo de la Plaza Consistorial y en taquilla el d\u00eda del espect\u00e1culo. En el interior del Baluarte hay terraza con servicio de hosteler\u00eda y la entrada permite tambi\u00e9n la visita de la caserna.<\/span><\/p>\n<p lang=\"es-ES\"><span style=\"font-family: Arial, sans-serif;\">El acceso al recinto, que ser\u00e1 por el t\u00fanel del Baluarte del Red\u00edn, estar\u00e1 abierto al p\u00fablico desde las ocho y media de la tarde hasta las doce y media de la noche. A las diez de la noche, previamente al espect\u00e1culo de danza vertical, habr\u00e1 una actuaci\u00f3n protagonizada por una compa\u00f1\u00eda navarra, ya que este ciclo, al igual que el resto de \u2018Ciudadelarte\u2019, quiere ser una plataforma para los grupos locales. Se presentar\u00e1n tres propuestas desenfadadas de humor gestual combinando teatro, danza y circo Adem\u00e1s, antes y despu\u00e9s de los espect\u00e1culos de danza habr\u00e1 m\u00fasica DJ que amenizar\u00e1 la jornada desde la apertura del recinto hasta su cierre.<\/span><\/p>\n<p lang=\"es-ES\"><span style=\"font-family: Arial, sans-serif;\"><b>Compa\u00f1\u00eda fundada en Argentina y asentada en M\u00e1laga<\/b><\/span><\/p>\n<p lang=\"es-ES\">\u2018<span style=\"font-family: Arial, sans-serif;\">Danzando al celuloide\u2019 es un viaje por los g\u00e9neros, estilos cinematogr\u00e1ficos y pel\u00edculas trascendentes en la historia del s\u00e9ptimo arte. Desde el cine mudo con Charlot y Keaton hasta la ciencia ficci\u00f3n, pasando por el terror de Tibur\u00f3n, el romanticismo de Titanic, la magia de E.T., los efectos especiales de Matrix, el salvaje Western, el cine \u00e9pico e hist\u00f3rico y el cine cl\u00e1sico de Hollywood. El espect\u00e1culo, que cuenta con 4 bailarines sobre la muralla, tambi\u00e9n evocar\u00e1 la \u00e9poca dorada de Hollywood a trav\u00e9s de \u2018Cantando bajo la lluvia\u2019. A lo largo de 45 minutos se suceder\u00e1n los n\u00fameros de danza vertical con video proyecciones de escenas de pel\u00edculas, bandas sonoras y efectos especiales.<\/span><\/p>\n<p lang=\"es-ES\"><span style=\"font-family: Arial, sans-serif;\">REA Danza (Reminiscencias, Experimento, Art\u00edstico) naci\u00f3 en Argentina, en Mar del Plata, en 1991, impulsada por doce personas de muy diversas edades. En sus inicios, profundiz\u00f3 en las formas m\u00e1s genuinas de las danzas populares argentinas para en una segunda fase unir a estas danzas tradicionales los recursos del ballet cl\u00e1sico. Con su traslado a Buenos Aires en 1996 llegar\u00e1n el tango y otras t\u00e9cnicas contempor\u00e1neas, incluida la acrobacia aprendida del circo. Durante esos a\u00f1os el grupo obtuvo numerosos reconocimientos en diversos festivales y encuentros nacionales. Realizaron giras por Am\u00e9rica y Europa acompa\u00f1ando a bailarines y cantantes como Alberto Merlo, Imperio Argentina, Mariano Mores, Julio Bocca, Julio Iglesias, Cuti y Roberto Carbajal o \u00c1ngel Corella.<\/span><\/p>\n<p lang=\"es-ES\"><span style=\"font-family: Arial, sans-serif;\">En 2001, la compa\u00f1\u00eda se traslad\u00f3 a M\u00e1laga y comenz\u00f3 a trabajar sobre espacios heterodoxos, incorporando la acrobacia a\u00e9rea como signo definitivo de sus proyectos. De esta forma no solo utiliza los espacios esc\u00e9nicos convencionales sino tambi\u00e9n los naturales y urbanos y cualquier lugar se convierte en escenario de sus obras, creaciones en las que unen la danza con otras artes y temas como la escultura, la poes\u00eda, la literatura, el cine y el c\u00f3mic.<\/span><\/p>\n<p lang=\"es-ES\"><span style=\"font-family: Arial, sans-serif;\"><b>Los otros protagonistas de la noche: La Banda y DJ Netanyahu<\/b><\/span><\/p>\n<p lang=\"es-ES\"><span style=\"font-family: Arial, sans-serif;\">Previamente a REA Danza, a las diez de la noche, actuar\u00e1 la compa\u00f1\u00eda La Banda, compuesta por Izaskun Lasarte y Nano Napal. Izaskun Lasarte se form\u00f3 en la Escuela Navarra de Teatro. Iniciada en las t\u00e9cnicas circenses desde el a\u00f1o 2008, se ha especializado en las acrobacias combinadas y a\u00e9reas y en expresi\u00f3n corporal en el Estudio Schinca Madrid. Ha trabajado en otras compa\u00f1\u00edas como Teatrakalakalle o Zirika Zirkus y es miembro fundador del nuevo espacio esc\u00e9nico El Punto Gunea. Nano Napal se define como artista polifac\u00e9tico y multidisciplinar. Se form\u00f3 en la escuela de Zirko Oreka hasta 2005 y en la Escuela Navarra de Teatro de 2008 a 2012. Ha trabajado tambi\u00e9n con T\u00b4Ombligo Teatro, Yarleku y Dinamo Danza y al igual que Izaskun Lasarte es fundador de El Punto Gunea.<\/span><\/p>\n<p lang=\"es-ES\"><span style=\"font-family: Arial, sans-serif;\">La sesi\u00f3n del viernes estar\u00e1 amenizada por DJ Netanyahu, quien repite en \u2018La muralla en danza\u2019 tras la buena acogida de ediciones pasadas. I\u00f1igo Urd\u00edroz lleva una d\u00e9cada desarrollando su faceta de DJ en los principales bares de indie y pop de Pamplona. En sus sesiones combina su predilecci\u00f3n por los grupos cl\u00e1sicos brit\u00e1nicos y el sonido Manchester con las nuevas bandas emergentes y lo m\u00e1s cl\u00e1sicos de los \u00faltimos 50 a\u00f1os del pop y el rock.<\/span><\/p>\n<p lang=\"es-ES\"><span style=\"font-family: Arial, sans-serif;\"><b>El mundo m\u00e1gico de la compa\u00f1\u00eda catalana Sacude<\/b><\/span><\/p>\n<p lang=\"es-ES\"><span style=\"font-family: Arial, sans-serif;\">La semana siguiente, el d\u00eda 14, Sacude presentar\u00e1 \u2018Hipnosis\u2019, una propuesta para relajarse y entrar en un mundo m\u00e1gico donde s\u00f3lo hay cabida para el bienestar. Sacude naci\u00f3 en Barcelona impulsada para fusionar en el aire teatro, danza, video, circo, m\u00fasica y poes\u00eda. Su primer espect\u00e1culo \u2018Aire, sue\u00f1os de un compositor\u2019 se estren\u00f3 en el Festival Interferencias de Barcelona de 2006. En aquellos a\u00f1os, su fundador, Samuel Delgado, realiz\u00f3 varias colaboraciones con La Fura dels Baus en el Naumon y en los eventos \u2018Anillo de Luz\u2019 en la Ciudad de las Artes y las Ciencias de Valencia y Cutty Sark \u2018Shangai-London\u2019 y Bacardi \u2018La noche del Murci\u00e9lago\u2019 en el Estadio Ol\u00edmpico de Montjuic. En 2009, Mamen Alc\u00e1zar se uni\u00f3 a Sacude y desde entonces, la compa\u00f1\u00eda ha presentado una trilog\u00eda de espect\u00e1culos verticales que se completa con \u2018Las aventuras de Sacu\u2019 y \u2018Mica\u2019. Los dos primeros episodios, \u2018Falso Giro 2\u2019 y \u2018Tugiro\u2019 han sido galardonados con el Primer Premio de Danza Vertical en el VIII y X Certamen Internacional de Coreograf\u00edas Burgos\/New York 2009\/11.<\/span><\/p>\n<p lang=\"es-ES\"><span style=\"font-family: Arial, sans-serif;\">La compa\u00f1\u00eda navarra que actuar\u00e1 el d\u00eda 14 ser\u00e1 Bubamara Dance Theater, formada por Ion Barbarin y Txori Garc\u00eda \u00dariz. Ion Barbarin es actor, bailar\u00edn y director de teatro. Ha participado como actor y bailar\u00edn en numerosas obras de teatro con las compa\u00f1\u00edas T.E.N. Pimpilimpauxa, Atikus, Trokolo y Para\u00edso y en espect\u00e1culos de danza contempor\u00e1nea con Tempomobile y Kon-Moci\u00f3n bajo la direcci\u00f3n de la core\u00f3grafa Becky Siegel. Como bailar\u00edn tambi\u00e9n ha participado en dos montajes con la direcci\u00f3n del core\u00f3grafo Jos\u00e9 Lainez. Ha dirigido varios talleres de teatro y distintas compa\u00f1\u00edas de teatro amateur. Es miembro cofundador de la compa\u00f1\u00eda de teatro La Llave Maestra y como productor e int\u00e9rprete ha llevado a cabo el montaje de danza-teatro \u2018Locus desertus\u2019 (ganador del premio al mejor espect\u00e1culo en el Festival de teatro iberoamericano de Mar del Plata, Argentina 2009) y \u2018El mono sabio\u2019, adaptaci\u00f3n para calle de \u2018Informe para una academia\u2019 de F. Kafka. (2012).<\/span><\/p>\n<p lang=\"es-ES\"><span style=\"font-family: Arial, sans-serif;\">El a\u00f1o pasado puso en marcha Bubamara Dance Theater junto al actor y bailar\u00edn Txori Garc\u00eda \u00dariz para presentar el espect\u00e1culo \u2018Amico\u2019. Txori Garc\u00eda estudi\u00f3 Arte Dram\u00e1tico en la Escuela Navarra de Teatro y complet\u00f3 su formaci\u00f3n con numerosos cursos de interpretaci\u00f3n, t\u00e9cnica vocal, danza y movimiento. Fundador de La Ortiga T.D.S. y Caracois Teatro, tambi\u00e9n ha trabajado en montajes de Ados Teatroa, T.E.N., Coral de C\u00e1mara de Navarra, E.N.T., Tempomobile, \u00d3pera de C\u00e1mara de Navarra, Atikus, Yarleku y Fundaci\u00f3n Teatro Gayarre.<\/span><\/p>\n<p lang=\"es-ES\"><span style=\"font-family: Arial, sans-serif;\">La m\u00fasica el d\u00eda 14 la pondr\u00e1 DJ Nana, quien tambi\u00e9n repite en este programa. Ofrecer\u00e1 una sesi\u00f3n que incluir\u00e1 desde m\u00fasica cl\u00e1sica hasta electr\u00f3nica con aires n\u00f3rdicos.<\/span><\/p>\n<p lang=\"es-ES\"><span style=\"font-family: Arial, sans-serif;\"><b>Il Posto de Italia evocar\u00e1 a Tintoretto y Windsor McCay<\/b><\/span><\/p>\n<p lang=\"es-ES\"><span style=\"font-family: Arial, sans-serif;\">Para cerrar el ciclo, el 21 de agosto la compa\u00f1\u00eda Il Posto transportar\u00e1 al p\u00fablico a un espacio imaginario donde el entorno ir\u00e1 cambiando para representar diferentes escenas inspiradas en las pinturas de Tintoretto, pintor veneciano del Renacimiento, o en los dibujos de Windsor McCay, dise\u00f1ador estadounidense de principios del siglo XX. \u2018Little Nemo\u2019 presenta un mundo de ensue\u00f1o en el que se suceden las coreograf\u00edas y la secuencia de pinturas.<\/span><\/p>\n<p lang=\"es-ES\"><span style=\"font-family: Arial, sans-serif;\">La compa\u00f1\u00eda de danza vertical Il Posto es un proyecto concebido en 1994 por la core\u00f3grafa Wanda Moretti y el m\u00fasico Marco Castelli basado en la interacci\u00f3n entre la danza, la m\u00fasica y la arquitectura. Desafiando la gravedad y usando el vac\u00edo y la dimensi\u00f3n a\u00e9rea, cada actuaci\u00f3n ofrece una manera diferente de observar la pared y de utilizarla no solo como escenario sino tambi\u00e9n como parte incorporada al espect\u00e1culo. Il Posto ha participado en numerosos festivales y eventos en Singapore Arts Festival, La Defense (Paris), Doha (Qatar), Lugar a Dan\u00e7an (Lisboa), Silkeborg Performer House (Dinamarca), Fools Festival (Belfast), Festival Des Arts Vivant (Rabat), Mittelfest, Roma in Scena, Red Festival (Reggio Emilia), Abano Danza, Primavera Scena Ancona, Volterrateatro y Bolzano Danza, entre otros.<\/span><\/p>\n<p lang=\"es-ES\"><span style=\"font-family: Arial, sans-serif;\">El programa de ese d\u00eda lo completan Bubamara Dance Theater, compa\u00f1\u00eda que tambi\u00e9n trabaja el viernes d\u00eda 14 y DJ Funk Fatale. Funk Fatale comenz\u00f3 a pinchar en bares de Pamplona a principios de los noventa, movi\u00e9ndose al mismo tiempo por Bilbao, San Sebasti\u00e1n y Madrid. En un principio se especializ\u00f3 en sonidos independientes y de baile del \u2018Manchester Sound\u2019, para poco a poco, redescubrir reliquias \u2018sixties\u2019, el \u2018blaxploitation\u2019<i> <\/i>y el disco m\u00e1s funky.<\/span><\/p>\n<p lang=\"es-ES\">\n<h4 class=\"apoyo-de-datos-western\">La muralla en danza. Baluarte de Guadalupe (entrada por el t\u00fanel del Baluarte del Red\u00edn)<\/h4>\n<ul>\n<li><span style=\"font-family: Arial, sans-serif;\"><b>Entradas<\/b>: 15 euros (incluyen dos pinchos y dos consumiciones). Bono tres d\u00edas (35 euros). Menores de 12 a\u00f1os, gratis. Venta en <span style=\"color: #0000ff;\"><a href=\"http:\/\/www.entradascajarural.com\/\"><span style=\"color: #000000;\">www.entradascajarural.com<\/span><\/a><\/span>, Oficina de Turismo de la Plaza Consistorial y en taquilla el d\u00eda del espect\u00e1culo<\/span><\/li>\n<li><span style=\"font-family: Arial, sans-serif;\"><b>Horarios<\/b>: acceso de 20.30 a 24.30 horas con actuaciones de DJ. Primer espect\u00e1culo de las compa\u00f1\u00edas navarras a las 22 horas. Posteriormente, actuaci\u00f3n de danza vertical<\/span><\/li>\n<li><span style=\"font-family: Arial, sans-serif;\"><b>7 de agosto:<\/b><\/span><\/li>\n<li><span style=\"font-family: Arial, sans-serif;\">DJ Netanyahu<\/span><\/li>\n<li><span style=\"font-family: Arial, sans-serif;\">La Banda<\/span><\/li>\n<li><span style=\"font-family: Arial, sans-serif;\">REA Danza. \u2018Danzando al celuloide\u2019<\/span><\/li>\n<li><span style=\"font-family: Arial, sans-serif;\"><b>14 de agosto:<\/b><\/span><\/li>\n<li><span style=\"font-family: Arial, sans-serif;\">DJ Nana<\/span><\/li>\n<li><span style=\"font-family: Arial, sans-serif;\">Bubamara Dance Theater<\/span><\/li>\n<li><span style=\"font-family: Arial, sans-serif;\">Sacude. \u2018Hipnosis\u2019<\/span><\/li>\n<li><span style=\"font-family: Arial, sans-serif;\"><b>21 de agosto<\/b><\/span><\/li>\n<li><span style=\"font-family: Arial, sans-serif;\">DJ Funk Fatale<\/span><\/li>\n<li><span style=\"font-family: Arial, sans-serif;\">Bubamara Dance Theater<\/span><\/li>\n<li><span style=\"font-family: Arial, sans-serif;\">Il Posto. \u2018Little Nemo\u2019<\/span><\/li>\n<\/ul>\n<p lang=\"es-ES\">\n","protected":false},"excerpt":{"rendered":"<p>Las entradas, que incluyen dos consumiciones, cuestan 15 euros y existe posibilidad de adquirir un bono para las tres funciones por 35 euros La Compa\u00f1\u00eda REA Danza abre este viernes,&#8230;<\/p>\n","protected":false},"author":1,"featured_media":6705,"comment_status":"closed","ping_status":"closed","sticky":false,"template":"","format":"standard","meta":{"footnotes":""},"categories":[2],"tags":[5,6,509,4556,6045,6046,6047,8,9,4243,6048],"class_list":["post-6704","post","type-post","status-publish","format-standard","has-post-thumbnail","hentry","category-ayuntamiento-pamplona","tag-actualidad","tag-ayto-pamplona","tag-ayuntamiento-de-pamplona","tag-compania","tag-danzando-al-celuloide","tag-homenaje-al-cine","tag-iv-festival-de-danza-vertical","tag-noticias","tag-pamplona","tag-peliculas","tag-rea-danza"],"yoast_head":"<!-- This site is optimized with the Yoast SEO plugin v27.5 - https:\/\/yoast.com\/product\/yoast-seo-wordpress\/ -->\n<title>La Compa\u00f1\u00eda REA Danza abre este viernes el IV Festival de danza vertical con \u2018Danzando al celuloide\u2019, un homenaje al cine que evocar\u00e1 numerosas pel\u00edculas<\/title>\n<meta name=\"robots\" content=\"index, follow, max-snippet:-1, max-image-preview:large, max-video-preview:-1\" \/>\n<link rel=\"canonical\" href=\"https:\/\/www.laguiadepamplona.com\/actualidad\/la-compania-rea-danza-abre-este-viernes-el-iv-festival-de-danza-vertical-con-danzando-al-celuloide-un-homenaje-al-cine-que-evocara-numerosas-peliculas\/\" \/>\n<meta property=\"og:locale\" content=\"es_ES\" \/>\n<meta property=\"og:type\" content=\"article\" \/>\n<meta property=\"og:title\" content=\"La Compa\u00f1\u00eda REA Danza abre este viernes el IV Festival de danza vertical con \u2018Danzando al celuloide\u2019, un homenaje al cine que evocar\u00e1 numerosas pel\u00edculas\" \/>\n<meta property=\"og:description\" content=\"Las entradas, que incluyen dos consumiciones, cuestan 15 euros y existe posibilidad de adquirir un bono para las tres funciones por 35 euros La Compa\u00f1\u00eda REA Danza abre este viernes,...\" \/>\n<meta property=\"og:url\" content=\"https:\/\/www.laguiadepamplona.com\/actualidad\/la-compania-rea-danza-abre-este-viernes-el-iv-festival-de-danza-vertical-con-danzando-al-celuloide-un-homenaje-al-cine-que-evocara-numerosas-peliculas\/\" \/>\n<meta property=\"og:site_name\" content=\"La Gu\u00eda de Pamplona\" \/>\n<meta property=\"article:publisher\" content=\"https:\/\/www.facebook.com\/laguiadepamplonacom-133175176762273\/?ref=hl\" \/>\n<meta property=\"article:published_time\" content=\"2015-08-05T10:46:00+00:00\" \/>\n<meta name=\"author\" content=\"La Gu\u00eda de Pamplona\" \/>\n<meta name=\"twitter:card\" content=\"summary_large_image\" \/>\n<meta name=\"twitter:creator\" content=\"@LaGuiadPamplona\" \/>\n<meta name=\"twitter:site\" content=\"@LaGuiadPamplona\" \/>\n<meta name=\"twitter:label1\" content=\"Escrito por\" \/>\n\t<meta name=\"twitter:data1\" content=\"La Gu\u00eda de Pamplona\" \/>\n\t<meta name=\"twitter:label2\" content=\"Tiempo de lectura\" \/>\n\t<meta name=\"twitter:data2\" content=\"9 minutos\" \/>\n<script type=\"application\/ld+json\" class=\"yoast-schema-graph\">{\"@context\":\"https:\\\/\\\/schema.org\",\"@graph\":[{\"@type\":\"Article\",\"@id\":\"https:\\\/\\\/www.laguiadepamplona.com\\\/actualidad\\\/la-compania-rea-danza-abre-este-viernes-el-iv-festival-de-danza-vertical-con-danzando-al-celuloide-un-homenaje-al-cine-que-evocara-numerosas-peliculas\\\/#article\",\"isPartOf\":{\"@id\":\"https:\\\/\\\/www.laguiadepamplona.com\\\/actualidad\\\/la-compania-rea-danza-abre-este-viernes-el-iv-festival-de-danza-vertical-con-danzando-al-celuloide-un-homenaje-al-cine-que-evocara-numerosas-peliculas\\\/\"},\"author\":{\"name\":\"La Gu\u00eda de Pamplona\",\"@id\":\"https:\\\/\\\/www.laguiadepamplona.com\\\/actualidad\\\/#\\\/schema\\\/person\\\/efe887376f0213d4657c93adc50b1fdb\"},\"headline\":\"La Compa\u00f1\u00eda REA Danza abre este viernes el IV Festival de danza vertical con \u2018Danzando al celuloide\u2019, un homenaje al cine que evocar\u00e1 numerosas pel\u00edculas\",\"datePublished\":\"2015-08-05T10:46:00+00:00\",\"mainEntityOfPage\":{\"@id\":\"https:\\\/\\\/www.laguiadepamplona.com\\\/actualidad\\\/la-compania-rea-danza-abre-este-viernes-el-iv-festival-de-danza-vertical-con-danzando-al-celuloide-un-homenaje-al-cine-que-evocara-numerosas-peliculas\\\/\"},\"wordCount\":1833,\"publisher\":{\"@id\":\"https:\\\/\\\/www.laguiadepamplona.com\\\/actualidad\\\/#organization\"},\"image\":{\"@id\":\"https:\\\/\\\/www.laguiadepamplona.com\\\/actualidad\\\/la-compania-rea-danza-abre-este-viernes-el-iv-festival-de-danza-vertical-con-danzando-al-celuloide-un-homenaje-al-cine-que-evocara-numerosas-peliculas\\\/#primaryimage\"},\"thumbnailUrl\":\"\",\"keywords\":[\"actualidad\",\"ayto pamplona\",\"Ayuntamiento de Pamplona\",\"compa\u00f1ia\",\"Danzando al celuloide\",\"homenaje al cine\",\"IV Festival de Danza Vertical\",\"noticias\",\"pamplona\",\"pel\u00edculas\",\"REA Danza\"],\"articleSection\":[\"Ayto Pamplona\"],\"inLanguage\":\"es\"},{\"@type\":\"WebPage\",\"@id\":\"https:\\\/\\\/www.laguiadepamplona.com\\\/actualidad\\\/la-compania-rea-danza-abre-este-viernes-el-iv-festival-de-danza-vertical-con-danzando-al-celuloide-un-homenaje-al-cine-que-evocara-numerosas-peliculas\\\/\",\"url\":\"https:\\\/\\\/www.laguiadepamplona.com\\\/actualidad\\\/la-compania-rea-danza-abre-este-viernes-el-iv-festival-de-danza-vertical-con-danzando-al-celuloide-un-homenaje-al-cine-que-evocara-numerosas-peliculas\\\/\",\"name\":\"La Compa\u00f1\u00eda REA Danza abre este viernes el IV Festival de danza vertical con \u2018Danzando al celuloide\u2019, un homenaje al cine que evocar\u00e1 numerosas pel\u00edculas\",\"isPartOf\":{\"@id\":\"https:\\\/\\\/www.laguiadepamplona.com\\\/actualidad\\\/#website\"},\"primaryImageOfPage\":{\"@id\":\"https:\\\/\\\/www.laguiadepamplona.com\\\/actualidad\\\/la-compania-rea-danza-abre-este-viernes-el-iv-festival-de-danza-vertical-con-danzando-al-celuloide-un-homenaje-al-cine-que-evocara-numerosas-peliculas\\\/#primaryimage\"},\"image\":{\"@id\":\"https:\\\/\\\/www.laguiadepamplona.com\\\/actualidad\\\/la-compania-rea-danza-abre-este-viernes-el-iv-festival-de-danza-vertical-con-danzando-al-celuloide-un-homenaje-al-cine-que-evocara-numerosas-peliculas\\\/#primaryimage\"},\"thumbnailUrl\":\"\",\"datePublished\":\"2015-08-05T10:46:00+00:00\",\"breadcrumb\":{\"@id\":\"https:\\\/\\\/www.laguiadepamplona.com\\\/actualidad\\\/la-compania-rea-danza-abre-este-viernes-el-iv-festival-de-danza-vertical-con-danzando-al-celuloide-un-homenaje-al-cine-que-evocara-numerosas-peliculas\\\/#breadcrumb\"},\"inLanguage\":\"es\",\"potentialAction\":[{\"@type\":\"ReadAction\",\"target\":[\"https:\\\/\\\/www.laguiadepamplona.com\\\/actualidad\\\/la-compania-rea-danza-abre-este-viernes-el-iv-festival-de-danza-vertical-con-danzando-al-celuloide-un-homenaje-al-cine-que-evocara-numerosas-peliculas\\\/\"]}]},{\"@type\":\"ImageObject\",\"inLanguage\":\"es\",\"@id\":\"https:\\\/\\\/www.laguiadepamplona.com\\\/actualidad\\\/la-compania-rea-danza-abre-este-viernes-el-iv-festival-de-danza-vertical-con-danzando-al-celuloide-un-homenaje-al-cine-que-evocara-numerosas-peliculas\\\/#primaryimage\",\"url\":\"\",\"contentUrl\":\"\"},{\"@type\":\"BreadcrumbList\",\"@id\":\"https:\\\/\\\/www.laguiadepamplona.com\\\/actualidad\\\/la-compania-rea-danza-abre-este-viernes-el-iv-festival-de-danza-vertical-con-danzando-al-celuloide-un-homenaje-al-cine-que-evocara-numerosas-peliculas\\\/#breadcrumb\",\"itemListElement\":[{\"@type\":\"ListItem\",\"position\":1,\"name\":\"Portada\",\"item\":\"https:\\\/\\\/www.laguiadepamplona.com\\\/actualidad\\\/\"},{\"@type\":\"ListItem\",\"position\":2,\"name\":\"La Compa\u00f1\u00eda REA Danza abre este viernes el IV Festival de danza vertical con \u2018Danzando al celuloide\u2019, un homenaje al cine que evocar\u00e1 numerosas pel\u00edculas\"}]},{\"@type\":\"WebSite\",\"@id\":\"https:\\\/\\\/www.laguiadepamplona.com\\\/actualidad\\\/#website\",\"url\":\"https:\\\/\\\/www.laguiadepamplona.com\\\/actualidad\\\/\",\"name\":\"La gu\u00eda de Pamplona\",\"description\":\"Noticias de Pamplona\",\"publisher\":{\"@id\":\"https:\\\/\\\/www.laguiadepamplona.com\\\/actualidad\\\/#organization\"},\"potentialAction\":[{\"@type\":\"SearchAction\",\"target\":{\"@type\":\"EntryPoint\",\"urlTemplate\":\"https:\\\/\\\/www.laguiadepamplona.com\\\/actualidad\\\/?s={search_term_string}\"},\"query-input\":{\"@type\":\"PropertyValueSpecification\",\"valueRequired\":true,\"valueName\":\"search_term_string\"}}],\"inLanguage\":\"es\"},{\"@type\":\"Organization\",\"@id\":\"https:\\\/\\\/www.laguiadepamplona.com\\\/actualidad\\\/#organization\",\"name\":\"La Gu\u00eda de Pamplona \\\/ Noticias\",\"url\":\"https:\\\/\\\/www.laguiadepamplona.com\\\/actualidad\\\/\",\"logo\":{\"@type\":\"ImageObject\",\"inLanguage\":\"es\",\"@id\":\"https:\\\/\\\/www.laguiadepamplona.com\\\/actualidad\\\/#\\\/schema\\\/logo\\\/image\\\/\",\"url\":\"https:\\\/\\\/www.laguiadepamplona.com\\\/actualidad\\\/wp-content\\\/uploads\\\/2018\\\/11\\\/logo-laguiadepamplona18-web1.png\",\"contentUrl\":\"https:\\\/\\\/www.laguiadepamplona.com\\\/actualidad\\\/wp-content\\\/uploads\\\/2018\\\/11\\\/logo-laguiadepamplona18-web1.png\",\"width\":600,\"height\":196,\"caption\":\"La Gu\u00eda de Pamplona \\\/ Noticias\"},\"image\":{\"@id\":\"https:\\\/\\\/www.laguiadepamplona.com\\\/actualidad\\\/#\\\/schema\\\/logo\\\/image\\\/\"},\"sameAs\":[\"https:\\\/\\\/www.facebook.com\\\/laguiadepamplonacom-133175176762273\\\/?ref=hl\",\"https:\\\/\\\/x.com\\\/LaGuiadPamplona\",\"https:\\\/\\\/www.instagram.com\\\/la_guia_de_pamplona\\\/\",\"https:\\\/\\\/www.youtube.com\\\/user\\\/laguiadepamplona\"]},{\"@type\":\"Person\",\"@id\":\"https:\\\/\\\/www.laguiadepamplona.com\\\/actualidad\\\/#\\\/schema\\\/person\\\/efe887376f0213d4657c93adc50b1fdb\",\"name\":\"La Gu\u00eda de Pamplona\",\"image\":{\"@type\":\"ImageObject\",\"inLanguage\":\"es\",\"@id\":\"https:\\\/\\\/secure.gravatar.com\\\/avatar\\\/b6992f131dc8d30ab0dff15446e9d346d9dbd95992de0fef795073f5ea83a81c?s=96&d=mm&r=g\",\"url\":\"https:\\\/\\\/secure.gravatar.com\\\/avatar\\\/b6992f131dc8d30ab0dff15446e9d346d9dbd95992de0fef795073f5ea83a81c?s=96&d=mm&r=g\",\"contentUrl\":\"https:\\\/\\\/secure.gravatar.com\\\/avatar\\\/b6992f131dc8d30ab0dff15446e9d346d9dbd95992de0fef795073f5ea83a81c?s=96&d=mm&r=g\",\"caption\":\"La Gu\u00eda de Pamplona\"}}]}<\/script>\n<!-- \/ Yoast SEO plugin. -->","yoast_head_json":{"title":"La Compa\u00f1\u00eda REA Danza abre este viernes el IV Festival de danza vertical con \u2018Danzando al celuloide\u2019, un homenaje al cine que evocar\u00e1 numerosas pel\u00edculas","robots":{"index":"index","follow":"follow","max-snippet":"max-snippet:-1","max-image-preview":"max-image-preview:large","max-video-preview":"max-video-preview:-1"},"canonical":"https:\/\/www.laguiadepamplona.com\/actualidad\/la-compania-rea-danza-abre-este-viernes-el-iv-festival-de-danza-vertical-con-danzando-al-celuloide-un-homenaje-al-cine-que-evocara-numerosas-peliculas\/","og_locale":"es_ES","og_type":"article","og_title":"La Compa\u00f1\u00eda REA Danza abre este viernes el IV Festival de danza vertical con \u2018Danzando al celuloide\u2019, un homenaje al cine que evocar\u00e1 numerosas pel\u00edculas","og_description":"Las entradas, que incluyen dos consumiciones, cuestan 15 euros y existe posibilidad de adquirir un bono para las tres funciones por 35 euros La Compa\u00f1\u00eda REA Danza abre este viernes,...","og_url":"https:\/\/www.laguiadepamplona.com\/actualidad\/la-compania-rea-danza-abre-este-viernes-el-iv-festival-de-danza-vertical-con-danzando-al-celuloide-un-homenaje-al-cine-que-evocara-numerosas-peliculas\/","og_site_name":"La Gu\u00eda de Pamplona","article_publisher":"https:\/\/www.facebook.com\/laguiadepamplonacom-133175176762273\/?ref=hl","article_published_time":"2015-08-05T10:46:00+00:00","author":"La Gu\u00eda de Pamplona","twitter_card":"summary_large_image","twitter_creator":"@LaGuiadPamplona","twitter_site":"@LaGuiadPamplona","twitter_misc":{"Escrito por":"La Gu\u00eda de Pamplona","Tiempo de lectura":"9 minutos"},"schema":{"@context":"https:\/\/schema.org","@graph":[{"@type":"Article","@id":"https:\/\/www.laguiadepamplona.com\/actualidad\/la-compania-rea-danza-abre-este-viernes-el-iv-festival-de-danza-vertical-con-danzando-al-celuloide-un-homenaje-al-cine-que-evocara-numerosas-peliculas\/#article","isPartOf":{"@id":"https:\/\/www.laguiadepamplona.com\/actualidad\/la-compania-rea-danza-abre-este-viernes-el-iv-festival-de-danza-vertical-con-danzando-al-celuloide-un-homenaje-al-cine-que-evocara-numerosas-peliculas\/"},"author":{"name":"La Gu\u00eda de Pamplona","@id":"https:\/\/www.laguiadepamplona.com\/actualidad\/#\/schema\/person\/efe887376f0213d4657c93adc50b1fdb"},"headline":"La Compa\u00f1\u00eda REA Danza abre este viernes el IV Festival de danza vertical con \u2018Danzando al celuloide\u2019, un homenaje al cine que evocar\u00e1 numerosas pel\u00edculas","datePublished":"2015-08-05T10:46:00+00:00","mainEntityOfPage":{"@id":"https:\/\/www.laguiadepamplona.com\/actualidad\/la-compania-rea-danza-abre-este-viernes-el-iv-festival-de-danza-vertical-con-danzando-al-celuloide-un-homenaje-al-cine-que-evocara-numerosas-peliculas\/"},"wordCount":1833,"publisher":{"@id":"https:\/\/www.laguiadepamplona.com\/actualidad\/#organization"},"image":{"@id":"https:\/\/www.laguiadepamplona.com\/actualidad\/la-compania-rea-danza-abre-este-viernes-el-iv-festival-de-danza-vertical-con-danzando-al-celuloide-un-homenaje-al-cine-que-evocara-numerosas-peliculas\/#primaryimage"},"thumbnailUrl":"","keywords":["actualidad","ayto pamplona","Ayuntamiento de Pamplona","compa\u00f1ia","Danzando al celuloide","homenaje al cine","IV Festival de Danza Vertical","noticias","pamplona","pel\u00edculas","REA Danza"],"articleSection":["Ayto Pamplona"],"inLanguage":"es"},{"@type":"WebPage","@id":"https:\/\/www.laguiadepamplona.com\/actualidad\/la-compania-rea-danza-abre-este-viernes-el-iv-festival-de-danza-vertical-con-danzando-al-celuloide-un-homenaje-al-cine-que-evocara-numerosas-peliculas\/","url":"https:\/\/www.laguiadepamplona.com\/actualidad\/la-compania-rea-danza-abre-este-viernes-el-iv-festival-de-danza-vertical-con-danzando-al-celuloide-un-homenaje-al-cine-que-evocara-numerosas-peliculas\/","name":"La Compa\u00f1\u00eda REA Danza abre este viernes el IV Festival de danza vertical con \u2018Danzando al celuloide\u2019, un homenaje al cine que evocar\u00e1 numerosas pel\u00edculas","isPartOf":{"@id":"https:\/\/www.laguiadepamplona.com\/actualidad\/#website"},"primaryImageOfPage":{"@id":"https:\/\/www.laguiadepamplona.com\/actualidad\/la-compania-rea-danza-abre-este-viernes-el-iv-festival-de-danza-vertical-con-danzando-al-celuloide-un-homenaje-al-cine-que-evocara-numerosas-peliculas\/#primaryimage"},"image":{"@id":"https:\/\/www.laguiadepamplona.com\/actualidad\/la-compania-rea-danza-abre-este-viernes-el-iv-festival-de-danza-vertical-con-danzando-al-celuloide-un-homenaje-al-cine-que-evocara-numerosas-peliculas\/#primaryimage"},"thumbnailUrl":"","datePublished":"2015-08-05T10:46:00+00:00","breadcrumb":{"@id":"https:\/\/www.laguiadepamplona.com\/actualidad\/la-compania-rea-danza-abre-este-viernes-el-iv-festival-de-danza-vertical-con-danzando-al-celuloide-un-homenaje-al-cine-que-evocara-numerosas-peliculas\/#breadcrumb"},"inLanguage":"es","potentialAction":[{"@type":"ReadAction","target":["https:\/\/www.laguiadepamplona.com\/actualidad\/la-compania-rea-danza-abre-este-viernes-el-iv-festival-de-danza-vertical-con-danzando-al-celuloide-un-homenaje-al-cine-que-evocara-numerosas-peliculas\/"]}]},{"@type":"ImageObject","inLanguage":"es","@id":"https:\/\/www.laguiadepamplona.com\/actualidad\/la-compania-rea-danza-abre-este-viernes-el-iv-festival-de-danza-vertical-con-danzando-al-celuloide-un-homenaje-al-cine-que-evocara-numerosas-peliculas\/#primaryimage","url":"","contentUrl":""},{"@type":"BreadcrumbList","@id":"https:\/\/www.laguiadepamplona.com\/actualidad\/la-compania-rea-danza-abre-este-viernes-el-iv-festival-de-danza-vertical-con-danzando-al-celuloide-un-homenaje-al-cine-que-evocara-numerosas-peliculas\/#breadcrumb","itemListElement":[{"@type":"ListItem","position":1,"name":"Portada","item":"https:\/\/www.laguiadepamplona.com\/actualidad\/"},{"@type":"ListItem","position":2,"name":"La Compa\u00f1\u00eda REA Danza abre este viernes el IV Festival de danza vertical con \u2018Danzando al celuloide\u2019, un homenaje al cine que evocar\u00e1 numerosas pel\u00edculas"}]},{"@type":"WebSite","@id":"https:\/\/www.laguiadepamplona.com\/actualidad\/#website","url":"https:\/\/www.laguiadepamplona.com\/actualidad\/","name":"La gu\u00eda de Pamplona","description":"Noticias de Pamplona","publisher":{"@id":"https:\/\/www.laguiadepamplona.com\/actualidad\/#organization"},"potentialAction":[{"@type":"SearchAction","target":{"@type":"EntryPoint","urlTemplate":"https:\/\/www.laguiadepamplona.com\/actualidad\/?s={search_term_string}"},"query-input":{"@type":"PropertyValueSpecification","valueRequired":true,"valueName":"search_term_string"}}],"inLanguage":"es"},{"@type":"Organization","@id":"https:\/\/www.laguiadepamplona.com\/actualidad\/#organization","name":"La Gu\u00eda de Pamplona \/ Noticias","url":"https:\/\/www.laguiadepamplona.com\/actualidad\/","logo":{"@type":"ImageObject","inLanguage":"es","@id":"https:\/\/www.laguiadepamplona.com\/actualidad\/#\/schema\/logo\/image\/","url":"https:\/\/www.laguiadepamplona.com\/actualidad\/wp-content\/uploads\/2018\/11\/logo-laguiadepamplona18-web1.png","contentUrl":"https:\/\/www.laguiadepamplona.com\/actualidad\/wp-content\/uploads\/2018\/11\/logo-laguiadepamplona18-web1.png","width":600,"height":196,"caption":"La Gu\u00eda de Pamplona \/ Noticias"},"image":{"@id":"https:\/\/www.laguiadepamplona.com\/actualidad\/#\/schema\/logo\/image\/"},"sameAs":["https:\/\/www.facebook.com\/laguiadepamplonacom-133175176762273\/?ref=hl","https:\/\/x.com\/LaGuiadPamplona","https:\/\/www.instagram.com\/la_guia_de_pamplona\/","https:\/\/www.youtube.com\/user\/laguiadepamplona"]},{"@type":"Person","@id":"https:\/\/www.laguiadepamplona.com\/actualidad\/#\/schema\/person\/efe887376f0213d4657c93adc50b1fdb","name":"La Gu\u00eda de Pamplona","image":{"@type":"ImageObject","inLanguage":"es","@id":"https:\/\/secure.gravatar.com\/avatar\/b6992f131dc8d30ab0dff15446e9d346d9dbd95992de0fef795073f5ea83a81c?s=96&d=mm&r=g","url":"https:\/\/secure.gravatar.com\/avatar\/b6992f131dc8d30ab0dff15446e9d346d9dbd95992de0fef795073f5ea83a81c?s=96&d=mm&r=g","contentUrl":"https:\/\/secure.gravatar.com\/avatar\/b6992f131dc8d30ab0dff15446e9d346d9dbd95992de0fef795073f5ea83a81c?s=96&d=mm&r=g","caption":"La Gu\u00eda de Pamplona"}}]}},"post_mailing_queue_ids":[],"_links":{"self":[{"href":"https:\/\/www.laguiadepamplona.com\/actualidad\/wp-json\/wp\/v2\/posts\/6704","targetHints":{"allow":["GET"]}}],"collection":[{"href":"https:\/\/www.laguiadepamplona.com\/actualidad\/wp-json\/wp\/v2\/posts"}],"about":[{"href":"https:\/\/www.laguiadepamplona.com\/actualidad\/wp-json\/wp\/v2\/types\/post"}],"author":[{"embeddable":true,"href":"https:\/\/www.laguiadepamplona.com\/actualidad\/wp-json\/wp\/v2\/users\/1"}],"replies":[{"embeddable":true,"href":"https:\/\/www.laguiadepamplona.com\/actualidad\/wp-json\/wp\/v2\/comments?post=6704"}],"version-history":[{"count":0,"href":"https:\/\/www.laguiadepamplona.com\/actualidad\/wp-json\/wp\/v2\/posts\/6704\/revisions"}],"wp:featuredmedia":[{"embeddable":true,"href":"https:\/\/www.laguiadepamplona.com\/actualidad\/wp-json\/"}],"wp:attachment":[{"href":"https:\/\/www.laguiadepamplona.com\/actualidad\/wp-json\/wp\/v2\/media?parent=6704"}],"wp:term":[{"taxonomy":"category","embeddable":true,"href":"https:\/\/www.laguiadepamplona.com\/actualidad\/wp-json\/wp\/v2\/categories?post=6704"},{"taxonomy":"post_tag","embeddable":true,"href":"https:\/\/www.laguiadepamplona.com\/actualidad\/wp-json\/wp\/v2\/tags?post=6704"}],"curies":[{"name":"wp","href":"https:\/\/api.w.org\/{rel}","templated":true}]}}