{"id":6702,"date":"2015-08-05T12:43:39","date_gmt":"2015-08-05T10:43:39","guid":{"rendered":"http:\/\/laguiadepamplona.com\/actualidad\/?p=6702"},"modified":"2015-08-05T12:43:39","modified_gmt":"2015-08-05T10:43:39","slug":"el-nino-de-elche-y-raul-cantizano-abren-este-jueves-las-tardes-flamencas-en-ciudadela-dentro-del-ciclo-sabikerando","status":"publish","type":"post","link":"https:\/\/www.laguiadepamplona.com\/actualidad\/el-nino-de-elche-y-raul-cantizano-abren-este-jueves-las-tardes-flamencas-en-ciudadela-dentro-del-ciclo-sabikerando\/","title":{"rendered":"El Ni\u00f1o de Elche y Ra\u00fal Cantizano abren este jueves las tardes flamencas en Ciudadela dentro del ciclo Sabikerando"},"content":{"rendered":"<h4 class=\"western\" lang=\"es-ES\">La actuaci\u00f3n comienza a las 20 horas, con entrada libre, y forma parte del programa Ciudadelarte<\/h4>\n<p lang=\"es-ES\"><span style=\"font-family: Arial, sans-serif;\"><a href=\"http:\/\/laguiadepamplona.com\/actualidad\/wp-content\/uploads\/2015\/07\/Ciudadelarte_2015_castellano-1.jpg\"><img loading=\"lazy\" decoding=\"async\" class=\"alignleft size-medium wp-image-6632\" src=\"http:\/\/laguiadepamplona.com\/actualidad\/wp-content\/uploads\/2015\/07\/Ciudadelarte_2015_castellano-1-300x300.jpg\" alt=\"untitled\" width=\"300\" height=\"300\" \/><\/a>Ma\u00f1ana jueves comienza en la Ciudadela el ciclo Sabikerando, dedicado a la m\u00fasica flamenca, dentro de la programaci\u00f3n municipal de verano organizada por el Ayuntamiento de Pamplona bajo el t\u00edtulo de Ciudadelarte. El Ni\u00f1o de Elche y Ra\u00fal Cantizano se subir\u00e1n a las tablas del escenario, ubicado junto a la Sala de Armas, a las 20 horas. La entrada es libre.<\/span><\/p>\n<p lang=\"es-ES\"><span style=\"font-family: Arial, sans-serif;\">El Ni\u00f1o de Elche es una de las voces m\u00e1s multidisciplinares y arriesgadas de flamenco actual. En su trayectoria combina discos propios como \u2018Mis primeros llantos\u2019, \u2018S\u00ed, a Miguel Hern\u00e1ndez\u2019 o el recientemente publicado \u2018Voces del extremo\u2019, con proyectos colectivos juntos a autores y grupos como Los Flamencos, Los Voluble o el d\u00fao de improvisaci\u00f3n Seidagasa. Ra\u00fal Cantizano, por su parte, compone para numerosos espect\u00e1culos y colabora con multitud de artistas y grupos como Marco Vargas, Chloe Brul\u00e9, Choni C\u00eda Flamenca, \u00c1ngeles Gabald\u00f3n o Andr\u00e9s Mar\u00edn. Adem\u00e1s, dirige bulos.net, una factor\u00eda experimental entre el flamenco y otras pr\u00e1cticas art\u00edsticas de la que han surgido proyectos como \u2018Bulos y Tanguer\u00edas, gran espect\u00e1culo de variedades flamencas\u2019 y \u2018Vaconbacon, cantar las fuerzas\u2019, con el Ni\u00f1o de Elche. Toco en proyectos musicales como Proscritos DF y Entenguerengue y semanalmente act\u00faa en el centro cultural Casa de la Memoria de Al-\u00c1ndalus, junto a los mejores artistas del panorama flamenco sevillano actual. <\/span><\/p>\n<p lang=\"es-ES\"><span style=\"font-family: Arial, sans-serif;\">La de ma\u00f1ana ser\u00e1 la primera de las tres actuaciones que conforman el programa. Este tendr\u00e1 continuidad dos jueves m\u00e1s del mes de agosto. En concreto los d\u00edas 13 y 20, con las actuaciones de Sandra Carrasco y Jolis Mu\u00f1oz, respectivamente. Con el nombre de Sabikerando, el Ayuntamiento quiere reconocer la trayectoria del guitarrista pamplon\u00e9s Agust\u00edn Castell\u00f3n \u2018Sabicas\u2019 (1912 \u2013 1990), considerado uno de los impulsores de la internacionalizaci\u00f3n del flamenco y de su fusi\u00f3n con otros ritmos y corrientes musicales. <\/span><\/p>\n<p lang=\"es-ES\"><span style=\"color: #000000;\">\u2018<span style=\"font-family: Arial, sans-serif;\">Ciudadelarte\u2019<\/span><i> <\/i>forma parte del proyecto Fortius para la puesta en valor tur\u00edstico y cultural del patrimonio fortificado de Pamplona y Bayona, subvencionado por la Uni\u00f3n Europea a trav\u00e9s de los fondos FEDER, dentro del Programa Operativo de Cooperaci\u00f3n Territorial Espa\u00f1a-Francia-Andorra (POCTEFA) de la Comunidad de Trabajo de los Pirineos (CTP).<\/span><\/p>\n<h4 class=\"apoyo-de-datos-western\"><\/h4>\n<h4 class=\"apoyo-de-datos-western\">Sabikerando. Ciudadelarte<\/h4>\n<ul>\n<li><span style=\"font-family: Arial, sans-serif;\">Jueves 6 de agosto: El Ni\u00f1o de Elche y Ra\u00fal Cantizano<\/span><\/li>\n<li><span style=\"font-family: Arial, sans-serif;\">Jueves 13 de agosto: Sandra Carrasco<\/span><\/li>\n<li><span style=\"font-family: Arial, sans-serif;\">Jueves 20 de agosto: Jolis Mu\u00f1oz<\/span><\/li>\n<\/ul>\n<p lang=\"es-ES\">\n<p><span style=\"font-family: Arial, sans-serif;\">Las actuaciones comienzan a las 20 horas, con entrada libre <\/span><\/p>\n<p lang=\"es-ES\">\n","protected":false},"excerpt":{"rendered":"<p>La actuaci\u00f3n comienza a las 20 horas, con entrada libre, y forma parte del programa Ciudadelarte Ma\u00f1ana jueves comienza en la Ciudadela el ciclo Sabikerando, dedicado a la m\u00fasica flamenca,&#8230;<\/p>\n","protected":false},"author":1,"featured_media":6632,"comment_status":"closed","ping_status":"closed","sticky":false,"template":"","format":"standard","meta":{"footnotes":""},"categories":[2],"tags":[5,6,509,42,6042,8,9,6043,2213,6044],"class_list":["post-6702","post","type-post","status-publish","format-standard","has-post-thumbnail","hentry","category-ayuntamiento-pamplona","tag-actualidad","tag-ayto-pamplona","tag-ayuntamiento-de-pamplona","tag-ciudadela","tag-el-nino-de-elche","tag-noticias","tag-pamplona","tag-raul-cantizano","tag-sabikerando","tag-tardes-flamencas"],"yoast_head":"<!-- This site is optimized with the Yoast SEO plugin v27.5 - https:\/\/yoast.com\/product\/yoast-seo-wordpress\/ -->\n<title>El Ni\u00f1o de Elche y Ra\u00fal Cantizano abren este jueves las tardes flamencas en Ciudadela dentro del ciclo Sabikerando<\/title>\n<meta name=\"robots\" content=\"index, follow, max-snippet:-1, max-image-preview:large, max-video-preview:-1\" \/>\n<link rel=\"canonical\" href=\"https:\/\/www.laguiadepamplona.com\/actualidad\/el-nino-de-elche-y-raul-cantizano-abren-este-jueves-las-tardes-flamencas-en-ciudadela-dentro-del-ciclo-sabikerando\/\" \/>\n<meta property=\"og:locale\" content=\"es_ES\" \/>\n<meta property=\"og:type\" content=\"article\" \/>\n<meta property=\"og:title\" content=\"El Ni\u00f1o de Elche y Ra\u00fal Cantizano abren este jueves las tardes flamencas en Ciudadela dentro del ciclo Sabikerando\" \/>\n<meta property=\"og:description\" content=\"La actuaci\u00f3n comienza a las 20 horas, con entrada libre, y forma parte del programa Ciudadelarte Ma\u00f1ana jueves comienza en la Ciudadela el ciclo Sabikerando, dedicado a la m\u00fasica flamenca,...\" \/>\n<meta property=\"og:url\" content=\"https:\/\/www.laguiadepamplona.com\/actualidad\/el-nino-de-elche-y-raul-cantizano-abren-este-jueves-las-tardes-flamencas-en-ciudadela-dentro-del-ciclo-sabikerando\/\" \/>\n<meta property=\"og:site_name\" content=\"La Gu\u00eda de Pamplona\" \/>\n<meta property=\"article:publisher\" content=\"https:\/\/www.facebook.com\/laguiadepamplonacom-133175176762273\/?ref=hl\" \/>\n<meta property=\"article:published_time\" content=\"2015-08-05T10:43:39+00:00\" \/>\n<meta name=\"author\" content=\"La Gu\u00eda de Pamplona\" \/>\n<meta name=\"twitter:card\" content=\"summary_large_image\" \/>\n<meta name=\"twitter:creator\" content=\"@LaGuiadPamplona\" \/>\n<meta name=\"twitter:site\" content=\"@LaGuiadPamplona\" \/>\n<meta name=\"twitter:label1\" content=\"Escrito por\" \/>\n\t<meta name=\"twitter:data1\" content=\"La Gu\u00eda de Pamplona\" \/>\n\t<meta name=\"twitter:label2\" content=\"Tiempo de lectura\" \/>\n\t<meta name=\"twitter:data2\" content=\"2 minutos\" \/>\n<script type=\"application\/ld+json\" class=\"yoast-schema-graph\">{\"@context\":\"https:\\\/\\\/schema.org\",\"@graph\":[{\"@type\":\"Article\",\"@id\":\"https:\\\/\\\/www.laguiadepamplona.com\\\/actualidad\\\/el-nino-de-elche-y-raul-cantizano-abren-este-jueves-las-tardes-flamencas-en-ciudadela-dentro-del-ciclo-sabikerando\\\/#article\",\"isPartOf\":{\"@id\":\"https:\\\/\\\/www.laguiadepamplona.com\\\/actualidad\\\/el-nino-de-elche-y-raul-cantizano-abren-este-jueves-las-tardes-flamencas-en-ciudadela-dentro-del-ciclo-sabikerando\\\/\"},\"author\":{\"name\":\"La Gu\u00eda de Pamplona\",\"@id\":\"https:\\\/\\\/www.laguiadepamplona.com\\\/actualidad\\\/#\\\/schema\\\/person\\\/efe887376f0213d4657c93adc50b1fdb\"},\"headline\":\"El Ni\u00f1o de Elche y Ra\u00fal Cantizano abren este jueves las tardes flamencas en Ciudadela dentro del ciclo Sabikerando\",\"datePublished\":\"2015-08-05T10:43:39+00:00\",\"mainEntityOfPage\":{\"@id\":\"https:\\\/\\\/www.laguiadepamplona.com\\\/actualidad\\\/el-nino-de-elche-y-raul-cantizano-abren-este-jueves-las-tardes-flamencas-en-ciudadela-dentro-del-ciclo-sabikerando\\\/\"},\"wordCount\":455,\"publisher\":{\"@id\":\"https:\\\/\\\/www.laguiadepamplona.com\\\/actualidad\\\/#organization\"},\"image\":{\"@id\":\"https:\\\/\\\/www.laguiadepamplona.com\\\/actualidad\\\/el-nino-de-elche-y-raul-cantizano-abren-este-jueves-las-tardes-flamencas-en-ciudadela-dentro-del-ciclo-sabikerando\\\/#primaryimage\"},\"thumbnailUrl\":\"\",\"keywords\":[\"actualidad\",\"ayto pamplona\",\"Ayuntamiento de Pamplona\",\"ciudadela\",\"El Ni\u00f1o de Elche\",\"noticias\",\"pamplona\",\"Ra\u00fal Cantizano\",\"Sabikerando\",\"tardes flamencas\"],\"articleSection\":[\"Ayto Pamplona\"],\"inLanguage\":\"es\"},{\"@type\":\"WebPage\",\"@id\":\"https:\\\/\\\/www.laguiadepamplona.com\\\/actualidad\\\/el-nino-de-elche-y-raul-cantizano-abren-este-jueves-las-tardes-flamencas-en-ciudadela-dentro-del-ciclo-sabikerando\\\/\",\"url\":\"https:\\\/\\\/www.laguiadepamplona.com\\\/actualidad\\\/el-nino-de-elche-y-raul-cantizano-abren-este-jueves-las-tardes-flamencas-en-ciudadela-dentro-del-ciclo-sabikerando\\\/\",\"name\":\"El Ni\u00f1o de Elche y Ra\u00fal Cantizano abren este jueves las tardes flamencas en Ciudadela dentro del ciclo Sabikerando\",\"isPartOf\":{\"@id\":\"https:\\\/\\\/www.laguiadepamplona.com\\\/actualidad\\\/#website\"},\"primaryImageOfPage\":{\"@id\":\"https:\\\/\\\/www.laguiadepamplona.com\\\/actualidad\\\/el-nino-de-elche-y-raul-cantizano-abren-este-jueves-las-tardes-flamencas-en-ciudadela-dentro-del-ciclo-sabikerando\\\/#primaryimage\"},\"image\":{\"@id\":\"https:\\\/\\\/www.laguiadepamplona.com\\\/actualidad\\\/el-nino-de-elche-y-raul-cantizano-abren-este-jueves-las-tardes-flamencas-en-ciudadela-dentro-del-ciclo-sabikerando\\\/#primaryimage\"},\"thumbnailUrl\":\"\",\"datePublished\":\"2015-08-05T10:43:39+00:00\",\"breadcrumb\":{\"@id\":\"https:\\\/\\\/www.laguiadepamplona.com\\\/actualidad\\\/el-nino-de-elche-y-raul-cantizano-abren-este-jueves-las-tardes-flamencas-en-ciudadela-dentro-del-ciclo-sabikerando\\\/#breadcrumb\"},\"inLanguage\":\"es\",\"potentialAction\":[{\"@type\":\"ReadAction\",\"target\":[\"https:\\\/\\\/www.laguiadepamplona.com\\\/actualidad\\\/el-nino-de-elche-y-raul-cantizano-abren-este-jueves-las-tardes-flamencas-en-ciudadela-dentro-del-ciclo-sabikerando\\\/\"]}]},{\"@type\":\"ImageObject\",\"inLanguage\":\"es\",\"@id\":\"https:\\\/\\\/www.laguiadepamplona.com\\\/actualidad\\\/el-nino-de-elche-y-raul-cantizano-abren-este-jueves-las-tardes-flamencas-en-ciudadela-dentro-del-ciclo-sabikerando\\\/#primaryimage\",\"url\":\"\",\"contentUrl\":\"\"},{\"@type\":\"BreadcrumbList\",\"@id\":\"https:\\\/\\\/www.laguiadepamplona.com\\\/actualidad\\\/el-nino-de-elche-y-raul-cantizano-abren-este-jueves-las-tardes-flamencas-en-ciudadela-dentro-del-ciclo-sabikerando\\\/#breadcrumb\",\"itemListElement\":[{\"@type\":\"ListItem\",\"position\":1,\"name\":\"Portada\",\"item\":\"https:\\\/\\\/www.laguiadepamplona.com\\\/actualidad\\\/\"},{\"@type\":\"ListItem\",\"position\":2,\"name\":\"El Ni\u00f1o de Elche y Ra\u00fal Cantizano abren este jueves las tardes flamencas en Ciudadela dentro del ciclo Sabikerando\"}]},{\"@type\":\"WebSite\",\"@id\":\"https:\\\/\\\/www.laguiadepamplona.com\\\/actualidad\\\/#website\",\"url\":\"https:\\\/\\\/www.laguiadepamplona.com\\\/actualidad\\\/\",\"name\":\"La gu\u00eda de Pamplona\",\"description\":\"Noticias de Pamplona\",\"publisher\":{\"@id\":\"https:\\\/\\\/www.laguiadepamplona.com\\\/actualidad\\\/#organization\"},\"potentialAction\":[{\"@type\":\"SearchAction\",\"target\":{\"@type\":\"EntryPoint\",\"urlTemplate\":\"https:\\\/\\\/www.laguiadepamplona.com\\\/actualidad\\\/?s={search_term_string}\"},\"query-input\":{\"@type\":\"PropertyValueSpecification\",\"valueRequired\":true,\"valueName\":\"search_term_string\"}}],\"inLanguage\":\"es\"},{\"@type\":\"Organization\",\"@id\":\"https:\\\/\\\/www.laguiadepamplona.com\\\/actualidad\\\/#organization\",\"name\":\"La Gu\u00eda de Pamplona \\\/ Noticias\",\"url\":\"https:\\\/\\\/www.laguiadepamplona.com\\\/actualidad\\\/\",\"logo\":{\"@type\":\"ImageObject\",\"inLanguage\":\"es\",\"@id\":\"https:\\\/\\\/www.laguiadepamplona.com\\\/actualidad\\\/#\\\/schema\\\/logo\\\/image\\\/\",\"url\":\"https:\\\/\\\/www.laguiadepamplona.com\\\/actualidad\\\/wp-content\\\/uploads\\\/2018\\\/11\\\/logo-laguiadepamplona18-web1.png\",\"contentUrl\":\"https:\\\/\\\/www.laguiadepamplona.com\\\/actualidad\\\/wp-content\\\/uploads\\\/2018\\\/11\\\/logo-laguiadepamplona18-web1.png\",\"width\":600,\"height\":196,\"caption\":\"La Gu\u00eda de Pamplona \\\/ Noticias\"},\"image\":{\"@id\":\"https:\\\/\\\/www.laguiadepamplona.com\\\/actualidad\\\/#\\\/schema\\\/logo\\\/image\\\/\"},\"sameAs\":[\"https:\\\/\\\/www.facebook.com\\\/laguiadepamplonacom-133175176762273\\\/?ref=hl\",\"https:\\\/\\\/x.com\\\/LaGuiadPamplona\",\"https:\\\/\\\/www.instagram.com\\\/la_guia_de_pamplona\\\/\",\"https:\\\/\\\/www.youtube.com\\\/user\\\/laguiadepamplona\"]},{\"@type\":\"Person\",\"@id\":\"https:\\\/\\\/www.laguiadepamplona.com\\\/actualidad\\\/#\\\/schema\\\/person\\\/efe887376f0213d4657c93adc50b1fdb\",\"name\":\"La Gu\u00eda de Pamplona\",\"image\":{\"@type\":\"ImageObject\",\"inLanguage\":\"es\",\"@id\":\"https:\\\/\\\/secure.gravatar.com\\\/avatar\\\/b6992f131dc8d30ab0dff15446e9d346d9dbd95992de0fef795073f5ea83a81c?s=96&d=mm&r=g\",\"url\":\"https:\\\/\\\/secure.gravatar.com\\\/avatar\\\/b6992f131dc8d30ab0dff15446e9d346d9dbd95992de0fef795073f5ea83a81c?s=96&d=mm&r=g\",\"contentUrl\":\"https:\\\/\\\/secure.gravatar.com\\\/avatar\\\/b6992f131dc8d30ab0dff15446e9d346d9dbd95992de0fef795073f5ea83a81c?s=96&d=mm&r=g\",\"caption\":\"La Gu\u00eda de Pamplona\"}}]}<\/script>\n<!-- \/ Yoast SEO plugin. -->","yoast_head_json":{"title":"El Ni\u00f1o de Elche y Ra\u00fal Cantizano abren este jueves las tardes flamencas en Ciudadela dentro del ciclo Sabikerando","robots":{"index":"index","follow":"follow","max-snippet":"max-snippet:-1","max-image-preview":"max-image-preview:large","max-video-preview":"max-video-preview:-1"},"canonical":"https:\/\/www.laguiadepamplona.com\/actualidad\/el-nino-de-elche-y-raul-cantizano-abren-este-jueves-las-tardes-flamencas-en-ciudadela-dentro-del-ciclo-sabikerando\/","og_locale":"es_ES","og_type":"article","og_title":"El Ni\u00f1o de Elche y Ra\u00fal Cantizano abren este jueves las tardes flamencas en Ciudadela dentro del ciclo Sabikerando","og_description":"La actuaci\u00f3n comienza a las 20 horas, con entrada libre, y forma parte del programa Ciudadelarte Ma\u00f1ana jueves comienza en la Ciudadela el ciclo Sabikerando, dedicado a la m\u00fasica flamenca,...","og_url":"https:\/\/www.laguiadepamplona.com\/actualidad\/el-nino-de-elche-y-raul-cantizano-abren-este-jueves-las-tardes-flamencas-en-ciudadela-dentro-del-ciclo-sabikerando\/","og_site_name":"La Gu\u00eda de Pamplona","article_publisher":"https:\/\/www.facebook.com\/laguiadepamplonacom-133175176762273\/?ref=hl","article_published_time":"2015-08-05T10:43:39+00:00","author":"La Gu\u00eda de Pamplona","twitter_card":"summary_large_image","twitter_creator":"@LaGuiadPamplona","twitter_site":"@LaGuiadPamplona","twitter_misc":{"Escrito por":"La Gu\u00eda de Pamplona","Tiempo de lectura":"2 minutos"},"schema":{"@context":"https:\/\/schema.org","@graph":[{"@type":"Article","@id":"https:\/\/www.laguiadepamplona.com\/actualidad\/el-nino-de-elche-y-raul-cantizano-abren-este-jueves-las-tardes-flamencas-en-ciudadela-dentro-del-ciclo-sabikerando\/#article","isPartOf":{"@id":"https:\/\/www.laguiadepamplona.com\/actualidad\/el-nino-de-elche-y-raul-cantizano-abren-este-jueves-las-tardes-flamencas-en-ciudadela-dentro-del-ciclo-sabikerando\/"},"author":{"name":"La Gu\u00eda de Pamplona","@id":"https:\/\/www.laguiadepamplona.com\/actualidad\/#\/schema\/person\/efe887376f0213d4657c93adc50b1fdb"},"headline":"El Ni\u00f1o de Elche y Ra\u00fal Cantizano abren este jueves las tardes flamencas en Ciudadela dentro del ciclo Sabikerando","datePublished":"2015-08-05T10:43:39+00:00","mainEntityOfPage":{"@id":"https:\/\/www.laguiadepamplona.com\/actualidad\/el-nino-de-elche-y-raul-cantizano-abren-este-jueves-las-tardes-flamencas-en-ciudadela-dentro-del-ciclo-sabikerando\/"},"wordCount":455,"publisher":{"@id":"https:\/\/www.laguiadepamplona.com\/actualidad\/#organization"},"image":{"@id":"https:\/\/www.laguiadepamplona.com\/actualidad\/el-nino-de-elche-y-raul-cantizano-abren-este-jueves-las-tardes-flamencas-en-ciudadela-dentro-del-ciclo-sabikerando\/#primaryimage"},"thumbnailUrl":"","keywords":["actualidad","ayto pamplona","Ayuntamiento de Pamplona","ciudadela","El Ni\u00f1o de Elche","noticias","pamplona","Ra\u00fal Cantizano","Sabikerando","tardes flamencas"],"articleSection":["Ayto Pamplona"],"inLanguage":"es"},{"@type":"WebPage","@id":"https:\/\/www.laguiadepamplona.com\/actualidad\/el-nino-de-elche-y-raul-cantizano-abren-este-jueves-las-tardes-flamencas-en-ciudadela-dentro-del-ciclo-sabikerando\/","url":"https:\/\/www.laguiadepamplona.com\/actualidad\/el-nino-de-elche-y-raul-cantizano-abren-este-jueves-las-tardes-flamencas-en-ciudadela-dentro-del-ciclo-sabikerando\/","name":"El Ni\u00f1o de Elche y Ra\u00fal Cantizano abren este jueves las tardes flamencas en Ciudadela dentro del ciclo Sabikerando","isPartOf":{"@id":"https:\/\/www.laguiadepamplona.com\/actualidad\/#website"},"primaryImageOfPage":{"@id":"https:\/\/www.laguiadepamplona.com\/actualidad\/el-nino-de-elche-y-raul-cantizano-abren-este-jueves-las-tardes-flamencas-en-ciudadela-dentro-del-ciclo-sabikerando\/#primaryimage"},"image":{"@id":"https:\/\/www.laguiadepamplona.com\/actualidad\/el-nino-de-elche-y-raul-cantizano-abren-este-jueves-las-tardes-flamencas-en-ciudadela-dentro-del-ciclo-sabikerando\/#primaryimage"},"thumbnailUrl":"","datePublished":"2015-08-05T10:43:39+00:00","breadcrumb":{"@id":"https:\/\/www.laguiadepamplona.com\/actualidad\/el-nino-de-elche-y-raul-cantizano-abren-este-jueves-las-tardes-flamencas-en-ciudadela-dentro-del-ciclo-sabikerando\/#breadcrumb"},"inLanguage":"es","potentialAction":[{"@type":"ReadAction","target":["https:\/\/www.laguiadepamplona.com\/actualidad\/el-nino-de-elche-y-raul-cantizano-abren-este-jueves-las-tardes-flamencas-en-ciudadela-dentro-del-ciclo-sabikerando\/"]}]},{"@type":"ImageObject","inLanguage":"es","@id":"https:\/\/www.laguiadepamplona.com\/actualidad\/el-nino-de-elche-y-raul-cantizano-abren-este-jueves-las-tardes-flamencas-en-ciudadela-dentro-del-ciclo-sabikerando\/#primaryimage","url":"","contentUrl":""},{"@type":"BreadcrumbList","@id":"https:\/\/www.laguiadepamplona.com\/actualidad\/el-nino-de-elche-y-raul-cantizano-abren-este-jueves-las-tardes-flamencas-en-ciudadela-dentro-del-ciclo-sabikerando\/#breadcrumb","itemListElement":[{"@type":"ListItem","position":1,"name":"Portada","item":"https:\/\/www.laguiadepamplona.com\/actualidad\/"},{"@type":"ListItem","position":2,"name":"El Ni\u00f1o de Elche y Ra\u00fal Cantizano abren este jueves las tardes flamencas en Ciudadela dentro del ciclo Sabikerando"}]},{"@type":"WebSite","@id":"https:\/\/www.laguiadepamplona.com\/actualidad\/#website","url":"https:\/\/www.laguiadepamplona.com\/actualidad\/","name":"La gu\u00eda de Pamplona","description":"Noticias de Pamplona","publisher":{"@id":"https:\/\/www.laguiadepamplona.com\/actualidad\/#organization"},"potentialAction":[{"@type":"SearchAction","target":{"@type":"EntryPoint","urlTemplate":"https:\/\/www.laguiadepamplona.com\/actualidad\/?s={search_term_string}"},"query-input":{"@type":"PropertyValueSpecification","valueRequired":true,"valueName":"search_term_string"}}],"inLanguage":"es"},{"@type":"Organization","@id":"https:\/\/www.laguiadepamplona.com\/actualidad\/#organization","name":"La Gu\u00eda de Pamplona \/ Noticias","url":"https:\/\/www.laguiadepamplona.com\/actualidad\/","logo":{"@type":"ImageObject","inLanguage":"es","@id":"https:\/\/www.laguiadepamplona.com\/actualidad\/#\/schema\/logo\/image\/","url":"https:\/\/www.laguiadepamplona.com\/actualidad\/wp-content\/uploads\/2018\/11\/logo-laguiadepamplona18-web1.png","contentUrl":"https:\/\/www.laguiadepamplona.com\/actualidad\/wp-content\/uploads\/2018\/11\/logo-laguiadepamplona18-web1.png","width":600,"height":196,"caption":"La Gu\u00eda de Pamplona \/ Noticias"},"image":{"@id":"https:\/\/www.laguiadepamplona.com\/actualidad\/#\/schema\/logo\/image\/"},"sameAs":["https:\/\/www.facebook.com\/laguiadepamplonacom-133175176762273\/?ref=hl","https:\/\/x.com\/LaGuiadPamplona","https:\/\/www.instagram.com\/la_guia_de_pamplona\/","https:\/\/www.youtube.com\/user\/laguiadepamplona"]},{"@type":"Person","@id":"https:\/\/www.laguiadepamplona.com\/actualidad\/#\/schema\/person\/efe887376f0213d4657c93adc50b1fdb","name":"La Gu\u00eda de Pamplona","image":{"@type":"ImageObject","inLanguage":"es","@id":"https:\/\/secure.gravatar.com\/avatar\/b6992f131dc8d30ab0dff15446e9d346d9dbd95992de0fef795073f5ea83a81c?s=96&d=mm&r=g","url":"https:\/\/secure.gravatar.com\/avatar\/b6992f131dc8d30ab0dff15446e9d346d9dbd95992de0fef795073f5ea83a81c?s=96&d=mm&r=g","contentUrl":"https:\/\/secure.gravatar.com\/avatar\/b6992f131dc8d30ab0dff15446e9d346d9dbd95992de0fef795073f5ea83a81c?s=96&d=mm&r=g","caption":"La Gu\u00eda de Pamplona"}}]}},"post_mailing_queue_ids":[],"_links":{"self":[{"href":"https:\/\/www.laguiadepamplona.com\/actualidad\/wp-json\/wp\/v2\/posts\/6702","targetHints":{"allow":["GET"]}}],"collection":[{"href":"https:\/\/www.laguiadepamplona.com\/actualidad\/wp-json\/wp\/v2\/posts"}],"about":[{"href":"https:\/\/www.laguiadepamplona.com\/actualidad\/wp-json\/wp\/v2\/types\/post"}],"author":[{"embeddable":true,"href":"https:\/\/www.laguiadepamplona.com\/actualidad\/wp-json\/wp\/v2\/users\/1"}],"replies":[{"embeddable":true,"href":"https:\/\/www.laguiadepamplona.com\/actualidad\/wp-json\/wp\/v2\/comments?post=6702"}],"version-history":[{"count":0,"href":"https:\/\/www.laguiadepamplona.com\/actualidad\/wp-json\/wp\/v2\/posts\/6702\/revisions"}],"wp:featuredmedia":[{"embeddable":true,"href":"https:\/\/www.laguiadepamplona.com\/actualidad\/wp-json\/"}],"wp:attachment":[{"href":"https:\/\/www.laguiadepamplona.com\/actualidad\/wp-json\/wp\/v2\/media?parent=6702"}],"wp:term":[{"taxonomy":"category","embeddable":true,"href":"https:\/\/www.laguiadepamplona.com\/actualidad\/wp-json\/wp\/v2\/categories?post=6702"},{"taxonomy":"post_tag","embeddable":true,"href":"https:\/\/www.laguiadepamplona.com\/actualidad\/wp-json\/wp\/v2\/tags?post=6702"}],"curies":[{"name":"wp","href":"https:\/\/api.w.org\/{rel}","templated":true}]}}