{"id":670,"date":"2014-03-05T12:48:12","date_gmt":"2014-03-05T11:48:12","guid":{"rendered":"http:\/\/laguiadepamplona.es\/noticias\/?p=670"},"modified":"2014-03-05T12:48:12","modified_gmt":"2014-03-05T11:48:12","slug":"los-elementos-de-la-meteorologia-de-montana-las-herramientas-de-informacion-disponibles-y-como-aplicarlas-al-caso-concreto-manana-en-civivox-mendillorri","status":"publish","type":"post","link":"https:\/\/www.laguiadepamplona.com\/actualidad\/los-elementos-de-la-meteorologia-de-montana-las-herramientas-de-informacion-disponibles-y-como-aplicarlas-al-caso-concreto-manana-en-civivox-mendillorri\/","title":{"rendered":"Los elementos de la meteorolog\u00eda de monta\u00f1a, las herramientas de informaci\u00f3n disponibles y c\u00f3mo aplicarlas al caso concreto, ma\u00f1ana en Civivox Mendillorri"},"content":{"rendered":"<h6>Contin\u00faa en la Red Civivox este ciclo que culminar\u00e1 con una visita guiada a San Crist\u00f3bal, para la que a\u00fan quedan plazas disponibles<\/h6>\n<p><a href=\"http:\/\/laguiadepamplona.es\/noticias\/wp-content\/uploads\/2014\/03\/montana_paisaje_invierno.jpg\"><img loading=\"lazy\" decoding=\"async\" class=\"alignleft size-medium wp-image-671\" alt=\"KONICA MINOLTA DIGITAL CAMERA\" src=\"http:\/\/laguiadepamplona.es\/noticias\/wp-content\/uploads\/2014\/03\/montana_paisaje_invierno-300x225.jpg\" width=\"300\" height=\"225\" \/><\/a>Ma\u00f1ana mi\u00e9rcoles, a las 19 horas, continuar\u00e1 el ciclo de actividades sobre paisaje e itinerarios por Navarra en Civivox Mendillorri con la conferencia: \u2018La metereolog\u00eda de monta\u00f1a\u2019. La sesi\u00f3n estar\u00e1 a cargo de Jos\u00e9 Javier Labayen Errea, licenciado en Geograf\u00eda, es instructor de Esqu\u00ed de Monta\u00f1a de la Escuela Navarra de Alta Monta\u00f1a.<\/p>\n<p>Labayen explicar\u00e1 a los asistentes a la charla c\u00f3mo entender y saber interpretar los elementos m\u00e1s importantes que act\u00faan en la meteorolog\u00eda de monta\u00f1a es vital a la hora de elegir y realizar itinerarios por el diverso paisaje navarro. Adem\u00e1s, incidir\u00e1 en que la meteorolog\u00eda es causa eficiente del dise\u00f1o final paisaje<\/p>\n<p>La charla tendr\u00e1 entrada libre, previa retirada de invitaci\u00f3n desde una hora antes del comienzo de la actividad, con un m\u00e1ximo de dos invitaciones por persona. La siguiente sesi\u00f3n del ciclo tendr\u00e1 lugar el pr\u00f3ximo jueves 20 de marzo y versar\u00e1 sobre la forma de dominar las distintas t\u00e9cnicas de orientaci\u00f3n y navegaci\u00f3n disponibles hoy en d\u00eda para descubrir el paisaje navarro.<\/p>\n<p><strong>Saberes tradicionales y modernos integrados para un mismo fin<\/strong><\/p>\n<p>En la charla se repasar\u00e1n los principales elementos que caracterizan al clima de monta\u00f1a y como se relacionan entre s\u00ed para dar lugar a un determinado tipo de tiempo. En ese sentido el ponente explicar\u00e1 los conceptos que se usan en el an\u00e1lisis y su relevancia dentro de la meteorolog\u00eda. Tras este repaso general en la sesi\u00f3n se realizar\u00e1n ejemplos pr\u00e1cticos de c\u00f3mo aplicar esos conocimientos a los boletines de predicciones y se interpretar\u00e1n diferentes mapas de tiempo para ense\u00f1ar a sacar conclusiones concretas a la hora de planificar una salida.<\/p>\n<p>Asimismo Labayen usar\u00e1 otros elementos disponibles para el excursionista, repasando los principales enlaces de consulta para el pron\u00f3stico del tiempo: inm.es, meteofrance.com, meteocat.cat, snow-forecast.com, etc, impartiendo consejos que deben tenerse en cuenta a la hora de hacer la consulta e interpretar sus resultados.<\/p>\n<p>A las herramientas \u201cmodernas\u201d el experto tratar\u00e1 de sumar las pautas tradicionales: c\u00f3mo pronosticar el tiempo en monta\u00f1a a trav\u00e9s de la observaci\u00f3n de las nubes y algunos otros instrumentos. La sesi\u00f3n se cerrar\u00e1 repasando las principales situaciones de riesgo que se pueden presentar en la meteorolog\u00eda de monta\u00f1a y c\u00f3mo conjurarlas.<\/p>\n<p><strong>El ponente<\/strong><\/p>\n<p>Jos\u00e9 Javier Labayen Errea, licenciado en Geograf\u00eda, es instructor de esqu\u00ed de monta\u00f1a de la Escuela Navarra de Alta Monta\u00f1a. Imparte cursos de seguridad en monta\u00f1a invernal en los que ense\u00f1a t\u00e9cnicas de manejo de Arva, prevenci\u00f3n de avalanchas y t\u00e9cnicas alpinas y talleres para aprender a manejar el GPS en monta\u00f1a. Entre los cursos de formaci\u00f3n contin\u00faa a los que asiste se encuentran los de rescate en grietas y t\u00e9cnicas de progresi\u00f3n en glaciar, esqu\u00ed de monta\u00f1a fuera pista o los Cursos de Nivolog\u00eda I y Nivolog\u00eda II del grupo ACNA.<\/p>\n<div>\n<p><strong>ciclo \u2018paisajes e itinerarios por Navarra: orograf\u00eda, meteorolog\u00eda y orientaci\u00f3n\u2019<\/strong><\/p>\n<\/div>\n<ul>\n<li><b>Ponente: <\/b>Jos\u00e9 Javier Labayen Errea, ge\u00f3grafo e instructor de la Escuela Navarra de Ata Monta\u00f1a<\/li>\n<li><b>Lugar: <\/b>Civivox Mendillorri<\/li>\n<li><b>Hora:<\/b> 19 horas<\/li>\n<li><b>Pr\u00f3ximas sesiones<\/b><\/li>\n<\/ul>\n<p><b>Jueves 6 de marzo.<\/b><\/p>\n<p>La metereolog\u00eda de monta\u00f1a<\/p>\n<p><b>Jueves 20 de marzo<\/b><\/p>\n<p>Dominar las t\u00e9cnicas de orientaci\u00f3n y navegaci\u00f3n para descubrir el paisaje navarro<\/p>\n<p><b>S\u00e1bado 22 de marzo<\/b><\/p>\n<p>Sesi\u00f3n pr\u00e1ctica de orientaci\u00f3n<\/p>\n<p>Monte San Crist\u00f3bal. De 10 a 13 horas. Inscripci\u00f3n previa al precio de 5 euros (25 plazas)<\/p>\n<p>&nbsp;<\/p>\n","protected":false},"excerpt":{"rendered":"<p>Contin\u00faa en la Red Civivox este ciclo que culminar\u00e1 con una visita guiada a San Crist\u00f3bal, para la que a\u00fan quedan plazas disponibles Ma\u00f1ana mi\u00e9rcoles, a las 19 horas, continuar\u00e1&#8230;<\/p>\n","protected":false},"author":1,"featured_media":671,"comment_status":"open","ping_status":"open","sticky":false,"template":"","format":"standard","meta":{"footnotes":""},"categories":[2],"tags":[5,6,407,408,8,9,233,409],"class_list":["post-670","post","type-post","status-publish","format-standard","has-post-thumbnail","hentry","category-ayuntamiento-pamplona","tag-actualidad","tag-ayto-pamplona","tag-meteorologia","tag-montana","tag-noticias","tag-pamplona","tag-red-civivox","tag-san-cristobal"],"yoast_head":"<!-- This site is optimized with the Yoast SEO plugin v27.5 - https:\/\/yoast.com\/product\/yoast-seo-wordpress\/ -->\n<title>Los elementos de la meteorolog\u00eda de monta\u00f1a, las herramientas de informaci\u00f3n disponibles y c\u00f3mo aplicarlas al caso concreto, ma\u00f1ana en Civivox Mendillorri<\/title>\n<meta name=\"robots\" content=\"index, follow, max-snippet:-1, max-image-preview:large, max-video-preview:-1\" \/>\n<link rel=\"canonical\" href=\"https:\/\/www.laguiadepamplona.com\/actualidad\/los-elementos-de-la-meteorologia-de-montana-las-herramientas-de-informacion-disponibles-y-como-aplicarlas-al-caso-concreto-manana-en-civivox-mendillorri\/\" \/>\n<meta property=\"og:locale\" content=\"es_ES\" \/>\n<meta property=\"og:type\" content=\"article\" \/>\n<meta property=\"og:title\" content=\"Los elementos de la meteorolog\u00eda de monta\u00f1a, las herramientas de informaci\u00f3n disponibles y c\u00f3mo aplicarlas al caso concreto, ma\u00f1ana en Civivox Mendillorri\" \/>\n<meta property=\"og:description\" content=\"Contin\u00faa en la Red Civivox este ciclo que culminar\u00e1 con una visita guiada a San Crist\u00f3bal, para la que a\u00fan quedan plazas disponibles Ma\u00f1ana mi\u00e9rcoles, a las 19 horas, continuar\u00e1...\" \/>\n<meta property=\"og:url\" content=\"https:\/\/www.laguiadepamplona.com\/actualidad\/los-elementos-de-la-meteorologia-de-montana-las-herramientas-de-informacion-disponibles-y-como-aplicarlas-al-caso-concreto-manana-en-civivox-mendillorri\/\" \/>\n<meta property=\"og:site_name\" content=\"La Gu\u00eda de Pamplona\" \/>\n<meta property=\"article:publisher\" content=\"https:\/\/www.facebook.com\/laguiadepamplonacom-133175176762273\/?ref=hl\" \/>\n<meta property=\"article:published_time\" content=\"2014-03-05T11:48:12+00:00\" \/>\n<meta name=\"author\" content=\"La Gu\u00eda de Pamplona\" \/>\n<meta name=\"twitter:card\" content=\"summary_large_image\" \/>\n<meta name=\"twitter:creator\" content=\"@LaGuiadPamplona\" \/>\n<meta name=\"twitter:site\" content=\"@LaGuiadPamplona\" \/>\n<meta name=\"twitter:label1\" content=\"Escrito por\" \/>\n\t<meta name=\"twitter:data1\" content=\"La Gu\u00eda de Pamplona\" \/>\n\t<meta name=\"twitter:label2\" content=\"Tiempo de lectura\" \/>\n\t<meta name=\"twitter:data2\" content=\"3 minutos\" \/>\n<script type=\"application\/ld+json\" class=\"yoast-schema-graph\">{\"@context\":\"https:\\\/\\\/schema.org\",\"@graph\":[{\"@type\":\"Article\",\"@id\":\"https:\\\/\\\/www.laguiadepamplona.com\\\/actualidad\\\/los-elementos-de-la-meteorologia-de-montana-las-herramientas-de-informacion-disponibles-y-como-aplicarlas-al-caso-concreto-manana-en-civivox-mendillorri\\\/#article\",\"isPartOf\":{\"@id\":\"https:\\\/\\\/www.laguiadepamplona.com\\\/actualidad\\\/los-elementos-de-la-meteorologia-de-montana-las-herramientas-de-informacion-disponibles-y-como-aplicarlas-al-caso-concreto-manana-en-civivox-mendillorri\\\/\"},\"author\":{\"name\":\"La Gu\u00eda de Pamplona\",\"@id\":\"https:\\\/\\\/www.laguiadepamplona.com\\\/actualidad\\\/#\\\/schema\\\/person\\\/efe887376f0213d4657c93adc50b1fdb\"},\"headline\":\"Los elementos de la meteorolog\u00eda de monta\u00f1a, las herramientas de informaci\u00f3n disponibles y c\u00f3mo aplicarlas al caso concreto, ma\u00f1ana en Civivox Mendillorri\",\"datePublished\":\"2014-03-05T11:48:12+00:00\",\"mainEntityOfPage\":{\"@id\":\"https:\\\/\\\/www.laguiadepamplona.com\\\/actualidad\\\/los-elementos-de-la-meteorologia-de-montana-las-herramientas-de-informacion-disponibles-y-como-aplicarlas-al-caso-concreto-manana-en-civivox-mendillorri\\\/\"},\"wordCount\":662,\"commentCount\":0,\"publisher\":{\"@id\":\"https:\\\/\\\/www.laguiadepamplona.com\\\/actualidad\\\/#organization\"},\"image\":{\"@id\":\"https:\\\/\\\/www.laguiadepamplona.com\\\/actualidad\\\/los-elementos-de-la-meteorologia-de-montana-las-herramientas-de-informacion-disponibles-y-como-aplicarlas-al-caso-concreto-manana-en-civivox-mendillorri\\\/#primaryimage\"},\"thumbnailUrl\":\"\",\"keywords\":[\"actualidad\",\"ayto pamplona\",\"meteorolog\u00eda\",\"monta\u00f1a\",\"noticias\",\"pamplona\",\"red civivox\",\"San Crist\u00f3bal\"],\"articleSection\":[\"Ayto Pamplona\"],\"inLanguage\":\"es\",\"potentialAction\":[{\"@type\":\"CommentAction\",\"name\":\"Comment\",\"target\":[\"https:\\\/\\\/www.laguiadepamplona.com\\\/actualidad\\\/los-elementos-de-la-meteorologia-de-montana-las-herramientas-de-informacion-disponibles-y-como-aplicarlas-al-caso-concreto-manana-en-civivox-mendillorri\\\/#respond\"]}]},{\"@type\":\"WebPage\",\"@id\":\"https:\\\/\\\/www.laguiadepamplona.com\\\/actualidad\\\/los-elementos-de-la-meteorologia-de-montana-las-herramientas-de-informacion-disponibles-y-como-aplicarlas-al-caso-concreto-manana-en-civivox-mendillorri\\\/\",\"url\":\"https:\\\/\\\/www.laguiadepamplona.com\\\/actualidad\\\/los-elementos-de-la-meteorologia-de-montana-las-herramientas-de-informacion-disponibles-y-como-aplicarlas-al-caso-concreto-manana-en-civivox-mendillorri\\\/\",\"name\":\"Los elementos de la meteorolog\u00eda de monta\u00f1a, las herramientas de informaci\u00f3n disponibles y c\u00f3mo aplicarlas al caso concreto, ma\u00f1ana en Civivox Mendillorri\",\"isPartOf\":{\"@id\":\"https:\\\/\\\/www.laguiadepamplona.com\\\/actualidad\\\/#website\"},\"primaryImageOfPage\":{\"@id\":\"https:\\\/\\\/www.laguiadepamplona.com\\\/actualidad\\\/los-elementos-de-la-meteorologia-de-montana-las-herramientas-de-informacion-disponibles-y-como-aplicarlas-al-caso-concreto-manana-en-civivox-mendillorri\\\/#primaryimage\"},\"image\":{\"@id\":\"https:\\\/\\\/www.laguiadepamplona.com\\\/actualidad\\\/los-elementos-de-la-meteorologia-de-montana-las-herramientas-de-informacion-disponibles-y-como-aplicarlas-al-caso-concreto-manana-en-civivox-mendillorri\\\/#primaryimage\"},\"thumbnailUrl\":\"\",\"datePublished\":\"2014-03-05T11:48:12+00:00\",\"breadcrumb\":{\"@id\":\"https:\\\/\\\/www.laguiadepamplona.com\\\/actualidad\\\/los-elementos-de-la-meteorologia-de-montana-las-herramientas-de-informacion-disponibles-y-como-aplicarlas-al-caso-concreto-manana-en-civivox-mendillorri\\\/#breadcrumb\"},\"inLanguage\":\"es\",\"potentialAction\":[{\"@type\":\"ReadAction\",\"target\":[\"https:\\\/\\\/www.laguiadepamplona.com\\\/actualidad\\\/los-elementos-de-la-meteorologia-de-montana-las-herramientas-de-informacion-disponibles-y-como-aplicarlas-al-caso-concreto-manana-en-civivox-mendillorri\\\/\"]}]},{\"@type\":\"ImageObject\",\"inLanguage\":\"es\",\"@id\":\"https:\\\/\\\/www.laguiadepamplona.com\\\/actualidad\\\/los-elementos-de-la-meteorologia-de-montana-las-herramientas-de-informacion-disponibles-y-como-aplicarlas-al-caso-concreto-manana-en-civivox-mendillorri\\\/#primaryimage\",\"url\":\"\",\"contentUrl\":\"\"},{\"@type\":\"BreadcrumbList\",\"@id\":\"https:\\\/\\\/www.laguiadepamplona.com\\\/actualidad\\\/los-elementos-de-la-meteorologia-de-montana-las-herramientas-de-informacion-disponibles-y-como-aplicarlas-al-caso-concreto-manana-en-civivox-mendillorri\\\/#breadcrumb\",\"itemListElement\":[{\"@type\":\"ListItem\",\"position\":1,\"name\":\"Portada\",\"item\":\"https:\\\/\\\/www.laguiadepamplona.com\\\/actualidad\\\/\"},{\"@type\":\"ListItem\",\"position\":2,\"name\":\"Los elementos de la meteorolog\u00eda de monta\u00f1a, las herramientas de informaci\u00f3n disponibles y c\u00f3mo aplicarlas al caso concreto, ma\u00f1ana en Civivox Mendillorri\"}]},{\"@type\":\"WebSite\",\"@id\":\"https:\\\/\\\/www.laguiadepamplona.com\\\/actualidad\\\/#website\",\"url\":\"https:\\\/\\\/www.laguiadepamplona.com\\\/actualidad\\\/\",\"name\":\"La gu\u00eda de Pamplona\",\"description\":\"Noticias de Pamplona\",\"publisher\":{\"@id\":\"https:\\\/\\\/www.laguiadepamplona.com\\\/actualidad\\\/#organization\"},\"potentialAction\":[{\"@type\":\"SearchAction\",\"target\":{\"@type\":\"EntryPoint\",\"urlTemplate\":\"https:\\\/\\\/www.laguiadepamplona.com\\\/actualidad\\\/?s={search_term_string}\"},\"query-input\":{\"@type\":\"PropertyValueSpecification\",\"valueRequired\":true,\"valueName\":\"search_term_string\"}}],\"inLanguage\":\"es\"},{\"@type\":\"Organization\",\"@id\":\"https:\\\/\\\/www.laguiadepamplona.com\\\/actualidad\\\/#organization\",\"name\":\"La Gu\u00eda de Pamplona \\\/ Noticias\",\"url\":\"https:\\\/\\\/www.laguiadepamplona.com\\\/actualidad\\\/\",\"logo\":{\"@type\":\"ImageObject\",\"inLanguage\":\"es\",\"@id\":\"https:\\\/\\\/www.laguiadepamplona.com\\\/actualidad\\\/#\\\/schema\\\/logo\\\/image\\\/\",\"url\":\"https:\\\/\\\/www.laguiadepamplona.com\\\/actualidad\\\/wp-content\\\/uploads\\\/2018\\\/11\\\/logo-laguiadepamplona18-web1.png\",\"contentUrl\":\"https:\\\/\\\/www.laguiadepamplona.com\\\/actualidad\\\/wp-content\\\/uploads\\\/2018\\\/11\\\/logo-laguiadepamplona18-web1.png\",\"width\":600,\"height\":196,\"caption\":\"La Gu\u00eda de Pamplona \\\/ Noticias\"},\"image\":{\"@id\":\"https:\\\/\\\/www.laguiadepamplona.com\\\/actualidad\\\/#\\\/schema\\\/logo\\\/image\\\/\"},\"sameAs\":[\"https:\\\/\\\/www.facebook.com\\\/laguiadepamplonacom-133175176762273\\\/?ref=hl\",\"https:\\\/\\\/x.com\\\/LaGuiadPamplona\",\"https:\\\/\\\/www.instagram.com\\\/la_guia_de_pamplona\\\/\",\"https:\\\/\\\/www.youtube.com\\\/user\\\/laguiadepamplona\"]},{\"@type\":\"Person\",\"@id\":\"https:\\\/\\\/www.laguiadepamplona.com\\\/actualidad\\\/#\\\/schema\\\/person\\\/efe887376f0213d4657c93adc50b1fdb\",\"name\":\"La Gu\u00eda de Pamplona\",\"image\":{\"@type\":\"ImageObject\",\"inLanguage\":\"es\",\"@id\":\"https:\\\/\\\/secure.gravatar.com\\\/avatar\\\/b6992f131dc8d30ab0dff15446e9d346d9dbd95992de0fef795073f5ea83a81c?s=96&d=mm&r=g\",\"url\":\"https:\\\/\\\/secure.gravatar.com\\\/avatar\\\/b6992f131dc8d30ab0dff15446e9d346d9dbd95992de0fef795073f5ea83a81c?s=96&d=mm&r=g\",\"contentUrl\":\"https:\\\/\\\/secure.gravatar.com\\\/avatar\\\/b6992f131dc8d30ab0dff15446e9d346d9dbd95992de0fef795073f5ea83a81c?s=96&d=mm&r=g\",\"caption\":\"La Gu\u00eda de Pamplona\"}}]}<\/script>\n<!-- \/ Yoast SEO plugin. -->","yoast_head_json":{"title":"Los elementos de la meteorolog\u00eda de monta\u00f1a, las herramientas de informaci\u00f3n disponibles y c\u00f3mo aplicarlas al caso concreto, ma\u00f1ana en Civivox Mendillorri","robots":{"index":"index","follow":"follow","max-snippet":"max-snippet:-1","max-image-preview":"max-image-preview:large","max-video-preview":"max-video-preview:-1"},"canonical":"https:\/\/www.laguiadepamplona.com\/actualidad\/los-elementos-de-la-meteorologia-de-montana-las-herramientas-de-informacion-disponibles-y-como-aplicarlas-al-caso-concreto-manana-en-civivox-mendillorri\/","og_locale":"es_ES","og_type":"article","og_title":"Los elementos de la meteorolog\u00eda de monta\u00f1a, las herramientas de informaci\u00f3n disponibles y c\u00f3mo aplicarlas al caso concreto, ma\u00f1ana en Civivox Mendillorri","og_description":"Contin\u00faa en la Red Civivox este ciclo que culminar\u00e1 con una visita guiada a San Crist\u00f3bal, para la que a\u00fan quedan plazas disponibles Ma\u00f1ana mi\u00e9rcoles, a las 19 horas, continuar\u00e1...","og_url":"https:\/\/www.laguiadepamplona.com\/actualidad\/los-elementos-de-la-meteorologia-de-montana-las-herramientas-de-informacion-disponibles-y-como-aplicarlas-al-caso-concreto-manana-en-civivox-mendillorri\/","og_site_name":"La Gu\u00eda de Pamplona","article_publisher":"https:\/\/www.facebook.com\/laguiadepamplonacom-133175176762273\/?ref=hl","article_published_time":"2014-03-05T11:48:12+00:00","author":"La Gu\u00eda de Pamplona","twitter_card":"summary_large_image","twitter_creator":"@LaGuiadPamplona","twitter_site":"@LaGuiadPamplona","twitter_misc":{"Escrito por":"La Gu\u00eda de Pamplona","Tiempo de lectura":"3 minutos"},"schema":{"@context":"https:\/\/schema.org","@graph":[{"@type":"Article","@id":"https:\/\/www.laguiadepamplona.com\/actualidad\/los-elementos-de-la-meteorologia-de-montana-las-herramientas-de-informacion-disponibles-y-como-aplicarlas-al-caso-concreto-manana-en-civivox-mendillorri\/#article","isPartOf":{"@id":"https:\/\/www.laguiadepamplona.com\/actualidad\/los-elementos-de-la-meteorologia-de-montana-las-herramientas-de-informacion-disponibles-y-como-aplicarlas-al-caso-concreto-manana-en-civivox-mendillorri\/"},"author":{"name":"La Gu\u00eda de Pamplona","@id":"https:\/\/www.laguiadepamplona.com\/actualidad\/#\/schema\/person\/efe887376f0213d4657c93adc50b1fdb"},"headline":"Los elementos de la meteorolog\u00eda de monta\u00f1a, las herramientas de informaci\u00f3n disponibles y c\u00f3mo aplicarlas al caso concreto, ma\u00f1ana en Civivox Mendillorri","datePublished":"2014-03-05T11:48:12+00:00","mainEntityOfPage":{"@id":"https:\/\/www.laguiadepamplona.com\/actualidad\/los-elementos-de-la-meteorologia-de-montana-las-herramientas-de-informacion-disponibles-y-como-aplicarlas-al-caso-concreto-manana-en-civivox-mendillorri\/"},"wordCount":662,"commentCount":0,"publisher":{"@id":"https:\/\/www.laguiadepamplona.com\/actualidad\/#organization"},"image":{"@id":"https:\/\/www.laguiadepamplona.com\/actualidad\/los-elementos-de-la-meteorologia-de-montana-las-herramientas-de-informacion-disponibles-y-como-aplicarlas-al-caso-concreto-manana-en-civivox-mendillorri\/#primaryimage"},"thumbnailUrl":"","keywords":["actualidad","ayto pamplona","meteorolog\u00eda","monta\u00f1a","noticias","pamplona","red civivox","San Crist\u00f3bal"],"articleSection":["Ayto Pamplona"],"inLanguage":"es","potentialAction":[{"@type":"CommentAction","name":"Comment","target":["https:\/\/www.laguiadepamplona.com\/actualidad\/los-elementos-de-la-meteorologia-de-montana-las-herramientas-de-informacion-disponibles-y-como-aplicarlas-al-caso-concreto-manana-en-civivox-mendillorri\/#respond"]}]},{"@type":"WebPage","@id":"https:\/\/www.laguiadepamplona.com\/actualidad\/los-elementos-de-la-meteorologia-de-montana-las-herramientas-de-informacion-disponibles-y-como-aplicarlas-al-caso-concreto-manana-en-civivox-mendillorri\/","url":"https:\/\/www.laguiadepamplona.com\/actualidad\/los-elementos-de-la-meteorologia-de-montana-las-herramientas-de-informacion-disponibles-y-como-aplicarlas-al-caso-concreto-manana-en-civivox-mendillorri\/","name":"Los elementos de la meteorolog\u00eda de monta\u00f1a, las herramientas de informaci\u00f3n disponibles y c\u00f3mo aplicarlas al caso concreto, ma\u00f1ana en Civivox Mendillorri","isPartOf":{"@id":"https:\/\/www.laguiadepamplona.com\/actualidad\/#website"},"primaryImageOfPage":{"@id":"https:\/\/www.laguiadepamplona.com\/actualidad\/los-elementos-de-la-meteorologia-de-montana-las-herramientas-de-informacion-disponibles-y-como-aplicarlas-al-caso-concreto-manana-en-civivox-mendillorri\/#primaryimage"},"image":{"@id":"https:\/\/www.laguiadepamplona.com\/actualidad\/los-elementos-de-la-meteorologia-de-montana-las-herramientas-de-informacion-disponibles-y-como-aplicarlas-al-caso-concreto-manana-en-civivox-mendillorri\/#primaryimage"},"thumbnailUrl":"","datePublished":"2014-03-05T11:48:12+00:00","breadcrumb":{"@id":"https:\/\/www.laguiadepamplona.com\/actualidad\/los-elementos-de-la-meteorologia-de-montana-las-herramientas-de-informacion-disponibles-y-como-aplicarlas-al-caso-concreto-manana-en-civivox-mendillorri\/#breadcrumb"},"inLanguage":"es","potentialAction":[{"@type":"ReadAction","target":["https:\/\/www.laguiadepamplona.com\/actualidad\/los-elementos-de-la-meteorologia-de-montana-las-herramientas-de-informacion-disponibles-y-como-aplicarlas-al-caso-concreto-manana-en-civivox-mendillorri\/"]}]},{"@type":"ImageObject","inLanguage":"es","@id":"https:\/\/www.laguiadepamplona.com\/actualidad\/los-elementos-de-la-meteorologia-de-montana-las-herramientas-de-informacion-disponibles-y-como-aplicarlas-al-caso-concreto-manana-en-civivox-mendillorri\/#primaryimage","url":"","contentUrl":""},{"@type":"BreadcrumbList","@id":"https:\/\/www.laguiadepamplona.com\/actualidad\/los-elementos-de-la-meteorologia-de-montana-las-herramientas-de-informacion-disponibles-y-como-aplicarlas-al-caso-concreto-manana-en-civivox-mendillorri\/#breadcrumb","itemListElement":[{"@type":"ListItem","position":1,"name":"Portada","item":"https:\/\/www.laguiadepamplona.com\/actualidad\/"},{"@type":"ListItem","position":2,"name":"Los elementos de la meteorolog\u00eda de monta\u00f1a, las herramientas de informaci\u00f3n disponibles y c\u00f3mo aplicarlas al caso concreto, ma\u00f1ana en Civivox Mendillorri"}]},{"@type":"WebSite","@id":"https:\/\/www.laguiadepamplona.com\/actualidad\/#website","url":"https:\/\/www.laguiadepamplona.com\/actualidad\/","name":"La gu\u00eda de Pamplona","description":"Noticias de Pamplona","publisher":{"@id":"https:\/\/www.laguiadepamplona.com\/actualidad\/#organization"},"potentialAction":[{"@type":"SearchAction","target":{"@type":"EntryPoint","urlTemplate":"https:\/\/www.laguiadepamplona.com\/actualidad\/?s={search_term_string}"},"query-input":{"@type":"PropertyValueSpecification","valueRequired":true,"valueName":"search_term_string"}}],"inLanguage":"es"},{"@type":"Organization","@id":"https:\/\/www.laguiadepamplona.com\/actualidad\/#organization","name":"La Gu\u00eda de Pamplona \/ Noticias","url":"https:\/\/www.laguiadepamplona.com\/actualidad\/","logo":{"@type":"ImageObject","inLanguage":"es","@id":"https:\/\/www.laguiadepamplona.com\/actualidad\/#\/schema\/logo\/image\/","url":"https:\/\/www.laguiadepamplona.com\/actualidad\/wp-content\/uploads\/2018\/11\/logo-laguiadepamplona18-web1.png","contentUrl":"https:\/\/www.laguiadepamplona.com\/actualidad\/wp-content\/uploads\/2018\/11\/logo-laguiadepamplona18-web1.png","width":600,"height":196,"caption":"La Gu\u00eda de Pamplona \/ Noticias"},"image":{"@id":"https:\/\/www.laguiadepamplona.com\/actualidad\/#\/schema\/logo\/image\/"},"sameAs":["https:\/\/www.facebook.com\/laguiadepamplonacom-133175176762273\/?ref=hl","https:\/\/x.com\/LaGuiadPamplona","https:\/\/www.instagram.com\/la_guia_de_pamplona\/","https:\/\/www.youtube.com\/user\/laguiadepamplona"]},{"@type":"Person","@id":"https:\/\/www.laguiadepamplona.com\/actualidad\/#\/schema\/person\/efe887376f0213d4657c93adc50b1fdb","name":"La Gu\u00eda de Pamplona","image":{"@type":"ImageObject","inLanguage":"es","@id":"https:\/\/secure.gravatar.com\/avatar\/b6992f131dc8d30ab0dff15446e9d346d9dbd95992de0fef795073f5ea83a81c?s=96&d=mm&r=g","url":"https:\/\/secure.gravatar.com\/avatar\/b6992f131dc8d30ab0dff15446e9d346d9dbd95992de0fef795073f5ea83a81c?s=96&d=mm&r=g","contentUrl":"https:\/\/secure.gravatar.com\/avatar\/b6992f131dc8d30ab0dff15446e9d346d9dbd95992de0fef795073f5ea83a81c?s=96&d=mm&r=g","caption":"La Gu\u00eda de Pamplona"}}]}},"post_mailing_queue_ids":[],"_links":{"self":[{"href":"https:\/\/www.laguiadepamplona.com\/actualidad\/wp-json\/wp\/v2\/posts\/670","targetHints":{"allow":["GET"]}}],"collection":[{"href":"https:\/\/www.laguiadepamplona.com\/actualidad\/wp-json\/wp\/v2\/posts"}],"about":[{"href":"https:\/\/www.laguiadepamplona.com\/actualidad\/wp-json\/wp\/v2\/types\/post"}],"author":[{"embeddable":true,"href":"https:\/\/www.laguiadepamplona.com\/actualidad\/wp-json\/wp\/v2\/users\/1"}],"replies":[{"embeddable":true,"href":"https:\/\/www.laguiadepamplona.com\/actualidad\/wp-json\/wp\/v2\/comments?post=670"}],"version-history":[{"count":0,"href":"https:\/\/www.laguiadepamplona.com\/actualidad\/wp-json\/wp\/v2\/posts\/670\/revisions"}],"wp:featuredmedia":[{"embeddable":true,"href":"https:\/\/www.laguiadepamplona.com\/actualidad\/wp-json\/"}],"wp:attachment":[{"href":"https:\/\/www.laguiadepamplona.com\/actualidad\/wp-json\/wp\/v2\/media?parent=670"}],"wp:term":[{"taxonomy":"category","embeddable":true,"href":"https:\/\/www.laguiadepamplona.com\/actualidad\/wp-json\/wp\/v2\/categories?post=670"},{"taxonomy":"post_tag","embeddable":true,"href":"https:\/\/www.laguiadepamplona.com\/actualidad\/wp-json\/wp\/v2\/tags?post=670"}],"curies":[{"name":"wp","href":"https:\/\/api.w.org\/{rel}","templated":true}]}}