{"id":6677,"date":"2015-08-03T13:57:35","date_gmt":"2015-08-03T11:57:35","guid":{"rendered":"http:\/\/laguiadepamplona.com\/actualidad\/?p=6677"},"modified":"2015-08-03T13:57:35","modified_gmt":"2015-08-03T11:57:35","slug":"el-ayuntamiento-de-pamplona-presenta-al-servicio-navarro-de-empleo-un-proyecto-de-escuela-taller-de-empleo-centrado-en-jardineria-y-agricultura-ecologica","status":"publish","type":"post","link":"https:\/\/www.laguiadepamplona.com\/actualidad\/el-ayuntamiento-de-pamplona-presenta-al-servicio-navarro-de-empleo-un-proyecto-de-escuela-taller-de-empleo-centrado-en-jardineria-y-agricultura-ecologica\/","title":{"rendered":"El Ayuntamiento de Pamplona presenta al Servicio Navarro de Empleo un proyecto de escuela taller de empleo centrado en jardiner\u00eda y agricultura ecol\u00f3gica"},"content":{"rendered":"<h4 class=\"western\" lang=\"es-ES\"><span lang=\"es-ES\">Se impartir\u00eda a trav\u00e9s de <\/span>Parque de Aranzadi y se ofertar\u00eda para j\u00f3venes desempleados de 16 a 29 a\u00f1os, dentro del sistema de garant\u00eda juvenil<\/h4>\n<p lang=\"es-ES\"><span style=\"font-family: Arial, sans-serif;\"><a href=\"http:\/\/laguiadepamplona.com\/actualidad\/wp-content\/uploads\/2014\/06\/Ayto_Pamplona.jpg\"><img loading=\"lazy\" decoding=\"async\" class=\"alignleft size-medium wp-image-2063\" src=\"http:\/\/laguiadepamplona.com\/actualidad\/wp-content\/uploads\/2014\/06\/Ayto_Pamplona-300x225.jpg\" alt=\"Ayto_Pamplona\" width=\"300\" height=\"225\" \/><\/a>El Ayuntamiento de Pamplona, como principal promotor, ha presentado hoy a la correspondiente convocatoria del Servicio Navarro de Empleo (SNE) un proyecto de escuela taller de empleo para que 18 personas j\u00f3venes se formen y puedan obtener certificados de profesionalidad en \u2018Actividades auxiliares en viveros, jardines y zonas verdes\u2019 y formaci\u00f3n complementaria del certificado de \u2018Agricultura ecol\u00f3gica\u2019. Este proyecto de escuela taller de empleo se enmarca, en esta ocasi\u00f3n, dentro de sistema de \u2018Garant\u00eda juvenil\u2019 por lo que sus integrantes deber\u00e1n tener de 16 a 29 a\u00f1os. Adem\u00e1s, fruto del estudio de los datos del Observatorio Navarro de Empleo, se ha elegido como poblaci\u00f3n de referencia a la juventud la ciudad que, seg\u00fan los datos de las oficinas de empleo, en esa franja de edad suman un total de 2.122 personas desempleadas, el 65% de ellas varones.<\/span><\/p>\n<p lang=\"es-ES\"><span style=\"font-family: Arial, sans-serif;\">De aprobarse este proyecto en el que tambi\u00e9n participan como promotores la UTE Jardines de Pamplona (Urbaser S.A. y Talher S.A), Eulen S.A y Arvena S.L, lo previsto supondr\u00eda 8 meses de aprendizaje y contrato con formaci\u00f3n pr\u00e1ctica hasta completar un total de 1.200 horas de capacitaci\u00f3n para los participantes. El periodo que abarcar\u00eda ser\u00eda del 1 de octubre de 2015 al 31 de mayo de 2016. Las empresas promotoras se han comprometido a contratar al menos a un 10% de los estudiantes al a\u00f1o siguiente a la finalizaci\u00f3n del proyecto. Dentro del proyecto se han suscrito, adem\u00e1s, acuerdos de colaboraci\u00f3n con una docena de empresas locales entre viveros, florister\u00edas, etc.<\/span><\/p>\n<p lang=\"es-ES\"><span style=\"font-family: Arial, sans-serif;\">Este proyecto se quiere llevar a cabo desde las instalaciones de la Escuela Taller de Empleo Parque de Aranzadi (cuya financiaci\u00f3n se vio comprometida tras denegarse el pasado mes de mayo la subvenci\u00f3n del SNE al proyecto presentado). Por entonces Parque de Aranzadi impart\u00eda las especialidades de Extracci\u00f3n de biomasa, Soldadura y Fontaner\u00eda-Calefacci\u00f3n. De obtenerse el apoyo este proyecto tambi\u00e9n contar\u00eda con subvenci\u00f3n del Fondo Social Europeo.<\/span><\/p>\n<p lang=\"es-ES\"><span style=\"font-family: Arial, sans-serif;\"><b>Lo verde: un nicho de empleo<\/b><\/span><\/p>\n<p lang=\"es-ES\"><span style=\"font-family: Arial, sans-serif;\">Dentro del informe del Observatorio Navarro del Empleo 2014 sobre ocupaciones con mayor empleabilidad en el puesto 9\u00ba est\u00e1 el de \u2018Peones agr\u00edcolas\u2019 y en el 29\u00ba del de \u201cPeones agr\u00edcolas en huertas e invernaderos\u2019, de ah\u00ed la reorientaci\u00f3n de las materias escogidas para el proyecto de la X Escuela Taller de Empleo Parque de Aranzadi aprobado hoy por una Junta de Gobierno Local extraordinaria.<\/span><\/p>\n<p lang=\"es-ES\"><span style=\"color: #000000;\"><span style=\"font-family: Arial, sans-serif;\">El alumnado de esta propuesta aprender\u00eda todo lo necesario para obtener el certificado de profesionalidad correpondiente, adem\u00e1s de obtener formaci\u00f3n socio-personal y en igualdad, seguridad y prevenci\u00f3n de riesgos laborales, alfabetizaci\u00f3n inform\u00e1tica, destrezas en la b\u00fasqueda activa de empleo y autoempleo y sensibilizaci\u00f3n medioambiental.<\/span><\/span><\/p>\n<p lang=\"es-ES\"><span style=\"color: #000000;\"><span style=\"font-family: Arial, sans-serif;\">Dentro de las horas \u2018pr\u00e1cticas\u2019 destinadas a realizar Obra Social para la ciudad el alumnado se dedicar\u00eda a la recuperaci\u00f3n de zonas verdes degradadas, a espacios como el Parque Fluvial en las campas de Go\u00f1i y la Magdalena y el Meandro de Aranzadi y a la realizaci\u00f3n del mantenimiento de trabajos realizados en ediciones anteriores (como las jardineras urbanas de la calle Tafalla en el II Ensanche). Tambi\u00e9n tendr\u00eda encomendado el control de los jardines de Casa Irujo y los diversos patios del Museo de Educaci\u00f3n Ambiental del Ayuntamiento de Pamplona.<\/span><\/span><\/p>\n<p lang=\"es-ES\"><span style=\"color: #000000;\"><span style=\"font-family: Arial, sans-serif;\">Finalmente est\u00e1 previsto que en esta escuela taller de empleo se haga especial hincapi\u00e9 en la creaci\u00f3n de huertos ecol\u00f3gicos urbanos en espacios municipales; esta \u00faltima tarea se enmarca en la tendencia a hacer una ciudad m\u00e1s sotenible mejorando visualmente las zonas urbanas, dentro de una cultura de aprendizaje y trabajo en colaboraci\u00f3n.<\/span><\/span><\/p>\n<p lang=\"es-ES\">\n","protected":false},"excerpt":{"rendered":"<p>Se impartir\u00eda a trav\u00e9s de Parque de Aranzadi y se ofertar\u00eda para j\u00f3venes desempleados de 16 a 29 a\u00f1os, dentro del sistema de garant\u00eda juvenil El Ayuntamiento de Pamplona, como&#8230;<\/p>\n","protected":false},"author":1,"featured_media":2063,"comment_status":"closed","ping_status":"closed","sticky":false,"template":"","format":"standard","meta":{"footnotes":""},"categories":[2],"tags":[5,240,6,509,1239,1240,1459,8,9,1734,6008],"class_list":["post-6677","post","type-post","status-publish","format-standard","has-post-thumbnail","hentry","category-ayuntamiento-pamplona","tag-actualidad","tag-agricultura-ecologica","tag-ayto-pamplona","tag-ayuntamiento-de-pamplona","tag-empleo","tag-escuela-taller","tag-jardineria","tag-noticias","tag-pamplona","tag-proyecto","tag-servicio-navarro-de-empleo"],"yoast_head":"<!-- This site is optimized with the Yoast SEO plugin v27.3 - https:\/\/yoast.com\/product\/yoast-seo-wordpress\/ -->\n<title>El Ayuntamiento de Pamplona presenta al Servicio Navarro de Empleo un proyecto de escuela taller de empleo centrado en jardiner\u00eda y agricultura ecol\u00f3gica<\/title>\n<meta name=\"robots\" content=\"index, follow, max-snippet:-1, max-image-preview:large, max-video-preview:-1\" \/>\n<link rel=\"canonical\" href=\"https:\/\/www.laguiadepamplona.com\/actualidad\/el-ayuntamiento-de-pamplona-presenta-al-servicio-navarro-de-empleo-un-proyecto-de-escuela-taller-de-empleo-centrado-en-jardineria-y-agricultura-ecologica\/\" \/>\n<meta property=\"og:locale\" content=\"es_ES\" \/>\n<meta property=\"og:type\" content=\"article\" \/>\n<meta property=\"og:title\" content=\"El Ayuntamiento de Pamplona presenta al Servicio Navarro de Empleo un proyecto de escuela taller de empleo centrado en jardiner\u00eda y agricultura ecol\u00f3gica\" \/>\n<meta property=\"og:description\" content=\"Se impartir\u00eda a trav\u00e9s de Parque de Aranzadi y se ofertar\u00eda para j\u00f3venes desempleados de 16 a 29 a\u00f1os, dentro del sistema de garant\u00eda juvenil El Ayuntamiento de Pamplona, como...\" \/>\n<meta property=\"og:url\" content=\"https:\/\/www.laguiadepamplona.com\/actualidad\/el-ayuntamiento-de-pamplona-presenta-al-servicio-navarro-de-empleo-un-proyecto-de-escuela-taller-de-empleo-centrado-en-jardineria-y-agricultura-ecologica\/\" \/>\n<meta property=\"og:site_name\" content=\"La Gu\u00eda de Pamplona\" \/>\n<meta property=\"article:publisher\" content=\"https:\/\/www.facebook.com\/laguiadepamplonacom-133175176762273\/?ref=hl\" \/>\n<meta property=\"article:published_time\" content=\"2015-08-03T11:57:35+00:00\" \/>\n<meta name=\"author\" content=\"La Gu\u00eda de Pamplona\" \/>\n<meta name=\"twitter:card\" content=\"summary_large_image\" \/>\n<meta name=\"twitter:creator\" content=\"@LaGuiadPamplona\" \/>\n<meta name=\"twitter:site\" content=\"@LaGuiadPamplona\" \/>\n<meta name=\"twitter:label1\" content=\"Escrito por\" \/>\n\t<meta name=\"twitter:data1\" content=\"La Gu\u00eda de Pamplona\" \/>\n\t<meta name=\"twitter:label2\" content=\"Tiempo de lectura\" \/>\n\t<meta name=\"twitter:data2\" content=\"3 minutos\" \/>\n<script type=\"application\/ld+json\" class=\"yoast-schema-graph\">{\"@context\":\"https:\\\/\\\/schema.org\",\"@graph\":[{\"@type\":\"Article\",\"@id\":\"https:\\\/\\\/www.laguiadepamplona.com\\\/actualidad\\\/el-ayuntamiento-de-pamplona-presenta-al-servicio-navarro-de-empleo-un-proyecto-de-escuela-taller-de-empleo-centrado-en-jardineria-y-agricultura-ecologica\\\/#article\",\"isPartOf\":{\"@id\":\"https:\\\/\\\/www.laguiadepamplona.com\\\/actualidad\\\/el-ayuntamiento-de-pamplona-presenta-al-servicio-navarro-de-empleo-un-proyecto-de-escuela-taller-de-empleo-centrado-en-jardineria-y-agricultura-ecologica\\\/\"},\"author\":{\"name\":\"La Gu\u00eda de Pamplona\",\"@id\":\"https:\\\/\\\/www.laguiadepamplona.com\\\/actualidad\\\/#\\\/schema\\\/person\\\/efe887376f0213d4657c93adc50b1fdb\"},\"headline\":\"El Ayuntamiento de Pamplona presenta al Servicio Navarro de Empleo un proyecto de escuela taller de empleo centrado en jardiner\u00eda y agricultura ecol\u00f3gica\",\"datePublished\":\"2015-08-03T11:57:35+00:00\",\"mainEntityOfPage\":{\"@id\":\"https:\\\/\\\/www.laguiadepamplona.com\\\/actualidad\\\/el-ayuntamiento-de-pamplona-presenta-al-servicio-navarro-de-empleo-un-proyecto-de-escuela-taller-de-empleo-centrado-en-jardineria-y-agricultura-ecologica\\\/\"},\"wordCount\":671,\"publisher\":{\"@id\":\"https:\\\/\\\/www.laguiadepamplona.com\\\/actualidad\\\/#organization\"},\"image\":{\"@id\":\"https:\\\/\\\/www.laguiadepamplona.com\\\/actualidad\\\/el-ayuntamiento-de-pamplona-presenta-al-servicio-navarro-de-empleo-un-proyecto-de-escuela-taller-de-empleo-centrado-en-jardineria-y-agricultura-ecologica\\\/#primaryimage\"},\"thumbnailUrl\":\"\",\"keywords\":[\"actualidad\",\"agricultura ecol\u00f3gica\",\"ayto pamplona\",\"Ayuntamiento de Pamplona\",\"Empleo\",\"Escuela Taller\",\"jardiner\u00eda\",\"noticias\",\"pamplona\",\"proyecto\",\"Servicio Navarro de Empleo\"],\"articleSection\":[\"Ayto Pamplona\"],\"inLanguage\":\"es\"},{\"@type\":\"WebPage\",\"@id\":\"https:\\\/\\\/www.laguiadepamplona.com\\\/actualidad\\\/el-ayuntamiento-de-pamplona-presenta-al-servicio-navarro-de-empleo-un-proyecto-de-escuela-taller-de-empleo-centrado-en-jardineria-y-agricultura-ecologica\\\/\",\"url\":\"https:\\\/\\\/www.laguiadepamplona.com\\\/actualidad\\\/el-ayuntamiento-de-pamplona-presenta-al-servicio-navarro-de-empleo-un-proyecto-de-escuela-taller-de-empleo-centrado-en-jardineria-y-agricultura-ecologica\\\/\",\"name\":\"El Ayuntamiento de Pamplona presenta al Servicio Navarro de Empleo un proyecto de escuela taller de empleo centrado en jardiner\u00eda y agricultura ecol\u00f3gica\",\"isPartOf\":{\"@id\":\"https:\\\/\\\/www.laguiadepamplona.com\\\/actualidad\\\/#website\"},\"primaryImageOfPage\":{\"@id\":\"https:\\\/\\\/www.laguiadepamplona.com\\\/actualidad\\\/el-ayuntamiento-de-pamplona-presenta-al-servicio-navarro-de-empleo-un-proyecto-de-escuela-taller-de-empleo-centrado-en-jardineria-y-agricultura-ecologica\\\/#primaryimage\"},\"image\":{\"@id\":\"https:\\\/\\\/www.laguiadepamplona.com\\\/actualidad\\\/el-ayuntamiento-de-pamplona-presenta-al-servicio-navarro-de-empleo-un-proyecto-de-escuela-taller-de-empleo-centrado-en-jardineria-y-agricultura-ecologica\\\/#primaryimage\"},\"thumbnailUrl\":\"\",\"datePublished\":\"2015-08-03T11:57:35+00:00\",\"breadcrumb\":{\"@id\":\"https:\\\/\\\/www.laguiadepamplona.com\\\/actualidad\\\/el-ayuntamiento-de-pamplona-presenta-al-servicio-navarro-de-empleo-un-proyecto-de-escuela-taller-de-empleo-centrado-en-jardineria-y-agricultura-ecologica\\\/#breadcrumb\"},\"inLanguage\":\"es\",\"potentialAction\":[{\"@type\":\"ReadAction\",\"target\":[\"https:\\\/\\\/www.laguiadepamplona.com\\\/actualidad\\\/el-ayuntamiento-de-pamplona-presenta-al-servicio-navarro-de-empleo-un-proyecto-de-escuela-taller-de-empleo-centrado-en-jardineria-y-agricultura-ecologica\\\/\"]}]},{\"@type\":\"ImageObject\",\"inLanguage\":\"es\",\"@id\":\"https:\\\/\\\/www.laguiadepamplona.com\\\/actualidad\\\/el-ayuntamiento-de-pamplona-presenta-al-servicio-navarro-de-empleo-un-proyecto-de-escuela-taller-de-empleo-centrado-en-jardineria-y-agricultura-ecologica\\\/#primaryimage\",\"url\":\"\",\"contentUrl\":\"\"},{\"@type\":\"BreadcrumbList\",\"@id\":\"https:\\\/\\\/www.laguiadepamplona.com\\\/actualidad\\\/el-ayuntamiento-de-pamplona-presenta-al-servicio-navarro-de-empleo-un-proyecto-de-escuela-taller-de-empleo-centrado-en-jardineria-y-agricultura-ecologica\\\/#breadcrumb\",\"itemListElement\":[{\"@type\":\"ListItem\",\"position\":1,\"name\":\"Portada\",\"item\":\"https:\\\/\\\/www.laguiadepamplona.com\\\/actualidad\\\/\"},{\"@type\":\"ListItem\",\"position\":2,\"name\":\"El Ayuntamiento de Pamplona presenta al Servicio Navarro de Empleo un proyecto de escuela taller de empleo centrado en jardiner\u00eda y agricultura ecol\u00f3gica\"}]},{\"@type\":\"WebSite\",\"@id\":\"https:\\\/\\\/www.laguiadepamplona.com\\\/actualidad\\\/#website\",\"url\":\"https:\\\/\\\/www.laguiadepamplona.com\\\/actualidad\\\/\",\"name\":\"La gu\u00eda de Pamplona\",\"description\":\"Noticias de Pamplona\",\"publisher\":{\"@id\":\"https:\\\/\\\/www.laguiadepamplona.com\\\/actualidad\\\/#organization\"},\"potentialAction\":[{\"@type\":\"SearchAction\",\"target\":{\"@type\":\"EntryPoint\",\"urlTemplate\":\"https:\\\/\\\/www.laguiadepamplona.com\\\/actualidad\\\/?s={search_term_string}\"},\"query-input\":{\"@type\":\"PropertyValueSpecification\",\"valueRequired\":true,\"valueName\":\"search_term_string\"}}],\"inLanguage\":\"es\"},{\"@type\":\"Organization\",\"@id\":\"https:\\\/\\\/www.laguiadepamplona.com\\\/actualidad\\\/#organization\",\"name\":\"La Gu\u00eda de Pamplona \\\/ Noticias\",\"url\":\"https:\\\/\\\/www.laguiadepamplona.com\\\/actualidad\\\/\",\"logo\":{\"@type\":\"ImageObject\",\"inLanguage\":\"es\",\"@id\":\"https:\\\/\\\/www.laguiadepamplona.com\\\/actualidad\\\/#\\\/schema\\\/logo\\\/image\\\/\",\"url\":\"https:\\\/\\\/www.laguiadepamplona.com\\\/actualidad\\\/wp-content\\\/uploads\\\/2018\\\/11\\\/logo-laguiadepamplona18-web1.png\",\"contentUrl\":\"https:\\\/\\\/www.laguiadepamplona.com\\\/actualidad\\\/wp-content\\\/uploads\\\/2018\\\/11\\\/logo-laguiadepamplona18-web1.png\",\"width\":600,\"height\":196,\"caption\":\"La Gu\u00eda de Pamplona \\\/ Noticias\"},\"image\":{\"@id\":\"https:\\\/\\\/www.laguiadepamplona.com\\\/actualidad\\\/#\\\/schema\\\/logo\\\/image\\\/\"},\"sameAs\":[\"https:\\\/\\\/www.facebook.com\\\/laguiadepamplonacom-133175176762273\\\/?ref=hl\",\"https:\\\/\\\/x.com\\\/LaGuiadPamplona\",\"https:\\\/\\\/www.instagram.com\\\/la_guia_de_pamplona\\\/\",\"https:\\\/\\\/www.youtube.com\\\/user\\\/laguiadepamplona\"]},{\"@type\":\"Person\",\"@id\":\"https:\\\/\\\/www.laguiadepamplona.com\\\/actualidad\\\/#\\\/schema\\\/person\\\/efe887376f0213d4657c93adc50b1fdb\",\"name\":\"La Gu\u00eda de Pamplona\",\"image\":{\"@type\":\"ImageObject\",\"inLanguage\":\"es\",\"@id\":\"https:\\\/\\\/secure.gravatar.com\\\/avatar\\\/b6992f131dc8d30ab0dff15446e9d346d9dbd95992de0fef795073f5ea83a81c?s=96&d=mm&r=g\",\"url\":\"https:\\\/\\\/secure.gravatar.com\\\/avatar\\\/b6992f131dc8d30ab0dff15446e9d346d9dbd95992de0fef795073f5ea83a81c?s=96&d=mm&r=g\",\"contentUrl\":\"https:\\\/\\\/secure.gravatar.com\\\/avatar\\\/b6992f131dc8d30ab0dff15446e9d346d9dbd95992de0fef795073f5ea83a81c?s=96&d=mm&r=g\",\"caption\":\"La Gu\u00eda de Pamplona\"}}]}<\/script>\n<!-- \/ Yoast SEO plugin. -->","yoast_head_json":{"title":"El Ayuntamiento de Pamplona presenta al Servicio Navarro de Empleo un proyecto de escuela taller de empleo centrado en jardiner\u00eda y agricultura ecol\u00f3gica","robots":{"index":"index","follow":"follow","max-snippet":"max-snippet:-1","max-image-preview":"max-image-preview:large","max-video-preview":"max-video-preview:-1"},"canonical":"https:\/\/www.laguiadepamplona.com\/actualidad\/el-ayuntamiento-de-pamplona-presenta-al-servicio-navarro-de-empleo-un-proyecto-de-escuela-taller-de-empleo-centrado-en-jardineria-y-agricultura-ecologica\/","og_locale":"es_ES","og_type":"article","og_title":"El Ayuntamiento de Pamplona presenta al Servicio Navarro de Empleo un proyecto de escuela taller de empleo centrado en jardiner\u00eda y agricultura ecol\u00f3gica","og_description":"Se impartir\u00eda a trav\u00e9s de Parque de Aranzadi y se ofertar\u00eda para j\u00f3venes desempleados de 16 a 29 a\u00f1os, dentro del sistema de garant\u00eda juvenil El Ayuntamiento de Pamplona, como...","og_url":"https:\/\/www.laguiadepamplona.com\/actualidad\/el-ayuntamiento-de-pamplona-presenta-al-servicio-navarro-de-empleo-un-proyecto-de-escuela-taller-de-empleo-centrado-en-jardineria-y-agricultura-ecologica\/","og_site_name":"La Gu\u00eda de Pamplona","article_publisher":"https:\/\/www.facebook.com\/laguiadepamplonacom-133175176762273\/?ref=hl","article_published_time":"2015-08-03T11:57:35+00:00","author":"La Gu\u00eda de Pamplona","twitter_card":"summary_large_image","twitter_creator":"@LaGuiadPamplona","twitter_site":"@LaGuiadPamplona","twitter_misc":{"Escrito por":"La Gu\u00eda de Pamplona","Tiempo de lectura":"3 minutos"},"schema":{"@context":"https:\/\/schema.org","@graph":[{"@type":"Article","@id":"https:\/\/www.laguiadepamplona.com\/actualidad\/el-ayuntamiento-de-pamplona-presenta-al-servicio-navarro-de-empleo-un-proyecto-de-escuela-taller-de-empleo-centrado-en-jardineria-y-agricultura-ecologica\/#article","isPartOf":{"@id":"https:\/\/www.laguiadepamplona.com\/actualidad\/el-ayuntamiento-de-pamplona-presenta-al-servicio-navarro-de-empleo-un-proyecto-de-escuela-taller-de-empleo-centrado-en-jardineria-y-agricultura-ecologica\/"},"author":{"name":"La Gu\u00eda de Pamplona","@id":"https:\/\/www.laguiadepamplona.com\/actualidad\/#\/schema\/person\/efe887376f0213d4657c93adc50b1fdb"},"headline":"El Ayuntamiento de Pamplona presenta al Servicio Navarro de Empleo un proyecto de escuela taller de empleo centrado en jardiner\u00eda y agricultura ecol\u00f3gica","datePublished":"2015-08-03T11:57:35+00:00","mainEntityOfPage":{"@id":"https:\/\/www.laguiadepamplona.com\/actualidad\/el-ayuntamiento-de-pamplona-presenta-al-servicio-navarro-de-empleo-un-proyecto-de-escuela-taller-de-empleo-centrado-en-jardineria-y-agricultura-ecologica\/"},"wordCount":671,"publisher":{"@id":"https:\/\/www.laguiadepamplona.com\/actualidad\/#organization"},"image":{"@id":"https:\/\/www.laguiadepamplona.com\/actualidad\/el-ayuntamiento-de-pamplona-presenta-al-servicio-navarro-de-empleo-un-proyecto-de-escuela-taller-de-empleo-centrado-en-jardineria-y-agricultura-ecologica\/#primaryimage"},"thumbnailUrl":"","keywords":["actualidad","agricultura ecol\u00f3gica","ayto pamplona","Ayuntamiento de Pamplona","Empleo","Escuela Taller","jardiner\u00eda","noticias","pamplona","proyecto","Servicio Navarro de Empleo"],"articleSection":["Ayto Pamplona"],"inLanguage":"es"},{"@type":"WebPage","@id":"https:\/\/www.laguiadepamplona.com\/actualidad\/el-ayuntamiento-de-pamplona-presenta-al-servicio-navarro-de-empleo-un-proyecto-de-escuela-taller-de-empleo-centrado-en-jardineria-y-agricultura-ecologica\/","url":"https:\/\/www.laguiadepamplona.com\/actualidad\/el-ayuntamiento-de-pamplona-presenta-al-servicio-navarro-de-empleo-un-proyecto-de-escuela-taller-de-empleo-centrado-en-jardineria-y-agricultura-ecologica\/","name":"El Ayuntamiento de Pamplona presenta al Servicio Navarro de Empleo un proyecto de escuela taller de empleo centrado en jardiner\u00eda y agricultura ecol\u00f3gica","isPartOf":{"@id":"https:\/\/www.laguiadepamplona.com\/actualidad\/#website"},"primaryImageOfPage":{"@id":"https:\/\/www.laguiadepamplona.com\/actualidad\/el-ayuntamiento-de-pamplona-presenta-al-servicio-navarro-de-empleo-un-proyecto-de-escuela-taller-de-empleo-centrado-en-jardineria-y-agricultura-ecologica\/#primaryimage"},"image":{"@id":"https:\/\/www.laguiadepamplona.com\/actualidad\/el-ayuntamiento-de-pamplona-presenta-al-servicio-navarro-de-empleo-un-proyecto-de-escuela-taller-de-empleo-centrado-en-jardineria-y-agricultura-ecologica\/#primaryimage"},"thumbnailUrl":"","datePublished":"2015-08-03T11:57:35+00:00","breadcrumb":{"@id":"https:\/\/www.laguiadepamplona.com\/actualidad\/el-ayuntamiento-de-pamplona-presenta-al-servicio-navarro-de-empleo-un-proyecto-de-escuela-taller-de-empleo-centrado-en-jardineria-y-agricultura-ecologica\/#breadcrumb"},"inLanguage":"es","potentialAction":[{"@type":"ReadAction","target":["https:\/\/www.laguiadepamplona.com\/actualidad\/el-ayuntamiento-de-pamplona-presenta-al-servicio-navarro-de-empleo-un-proyecto-de-escuela-taller-de-empleo-centrado-en-jardineria-y-agricultura-ecologica\/"]}]},{"@type":"ImageObject","inLanguage":"es","@id":"https:\/\/www.laguiadepamplona.com\/actualidad\/el-ayuntamiento-de-pamplona-presenta-al-servicio-navarro-de-empleo-un-proyecto-de-escuela-taller-de-empleo-centrado-en-jardineria-y-agricultura-ecologica\/#primaryimage","url":"","contentUrl":""},{"@type":"BreadcrumbList","@id":"https:\/\/www.laguiadepamplona.com\/actualidad\/el-ayuntamiento-de-pamplona-presenta-al-servicio-navarro-de-empleo-un-proyecto-de-escuela-taller-de-empleo-centrado-en-jardineria-y-agricultura-ecologica\/#breadcrumb","itemListElement":[{"@type":"ListItem","position":1,"name":"Portada","item":"https:\/\/www.laguiadepamplona.com\/actualidad\/"},{"@type":"ListItem","position":2,"name":"El Ayuntamiento de Pamplona presenta al Servicio Navarro de Empleo un proyecto de escuela taller de empleo centrado en jardiner\u00eda y agricultura ecol\u00f3gica"}]},{"@type":"WebSite","@id":"https:\/\/www.laguiadepamplona.com\/actualidad\/#website","url":"https:\/\/www.laguiadepamplona.com\/actualidad\/","name":"La gu\u00eda de Pamplona","description":"Noticias de Pamplona","publisher":{"@id":"https:\/\/www.laguiadepamplona.com\/actualidad\/#organization"},"potentialAction":[{"@type":"SearchAction","target":{"@type":"EntryPoint","urlTemplate":"https:\/\/www.laguiadepamplona.com\/actualidad\/?s={search_term_string}"},"query-input":{"@type":"PropertyValueSpecification","valueRequired":true,"valueName":"search_term_string"}}],"inLanguage":"es"},{"@type":"Organization","@id":"https:\/\/www.laguiadepamplona.com\/actualidad\/#organization","name":"La Gu\u00eda de Pamplona \/ Noticias","url":"https:\/\/www.laguiadepamplona.com\/actualidad\/","logo":{"@type":"ImageObject","inLanguage":"es","@id":"https:\/\/www.laguiadepamplona.com\/actualidad\/#\/schema\/logo\/image\/","url":"https:\/\/www.laguiadepamplona.com\/actualidad\/wp-content\/uploads\/2018\/11\/logo-laguiadepamplona18-web1.png","contentUrl":"https:\/\/www.laguiadepamplona.com\/actualidad\/wp-content\/uploads\/2018\/11\/logo-laguiadepamplona18-web1.png","width":600,"height":196,"caption":"La Gu\u00eda de Pamplona \/ Noticias"},"image":{"@id":"https:\/\/www.laguiadepamplona.com\/actualidad\/#\/schema\/logo\/image\/"},"sameAs":["https:\/\/www.facebook.com\/laguiadepamplonacom-133175176762273\/?ref=hl","https:\/\/x.com\/LaGuiadPamplona","https:\/\/www.instagram.com\/la_guia_de_pamplona\/","https:\/\/www.youtube.com\/user\/laguiadepamplona"]},{"@type":"Person","@id":"https:\/\/www.laguiadepamplona.com\/actualidad\/#\/schema\/person\/efe887376f0213d4657c93adc50b1fdb","name":"La Gu\u00eda de Pamplona","image":{"@type":"ImageObject","inLanguage":"es","@id":"https:\/\/secure.gravatar.com\/avatar\/b6992f131dc8d30ab0dff15446e9d346d9dbd95992de0fef795073f5ea83a81c?s=96&d=mm&r=g","url":"https:\/\/secure.gravatar.com\/avatar\/b6992f131dc8d30ab0dff15446e9d346d9dbd95992de0fef795073f5ea83a81c?s=96&d=mm&r=g","contentUrl":"https:\/\/secure.gravatar.com\/avatar\/b6992f131dc8d30ab0dff15446e9d346d9dbd95992de0fef795073f5ea83a81c?s=96&d=mm&r=g","caption":"La Gu\u00eda de Pamplona"}}]}},"post_mailing_queue_ids":[],"_links":{"self":[{"href":"https:\/\/www.laguiadepamplona.com\/actualidad\/wp-json\/wp\/v2\/posts\/6677","targetHints":{"allow":["GET"]}}],"collection":[{"href":"https:\/\/www.laguiadepamplona.com\/actualidad\/wp-json\/wp\/v2\/posts"}],"about":[{"href":"https:\/\/www.laguiadepamplona.com\/actualidad\/wp-json\/wp\/v2\/types\/post"}],"author":[{"embeddable":true,"href":"https:\/\/www.laguiadepamplona.com\/actualidad\/wp-json\/wp\/v2\/users\/1"}],"replies":[{"embeddable":true,"href":"https:\/\/www.laguiadepamplona.com\/actualidad\/wp-json\/wp\/v2\/comments?post=6677"}],"version-history":[{"count":0,"href":"https:\/\/www.laguiadepamplona.com\/actualidad\/wp-json\/wp\/v2\/posts\/6677\/revisions"}],"wp:featuredmedia":[{"embeddable":true,"href":"https:\/\/www.laguiadepamplona.com\/actualidad\/wp-json\/"}],"wp:attachment":[{"href":"https:\/\/www.laguiadepamplona.com\/actualidad\/wp-json\/wp\/v2\/media?parent=6677"}],"wp:term":[{"taxonomy":"category","embeddable":true,"href":"https:\/\/www.laguiadepamplona.com\/actualidad\/wp-json\/wp\/v2\/categories?post=6677"},{"taxonomy":"post_tag","embeddable":true,"href":"https:\/\/www.laguiadepamplona.com\/actualidad\/wp-json\/wp\/v2\/tags?post=6677"}],"curies":[{"name":"wp","href":"https:\/\/api.w.org\/{rel}","templated":true}]}}