{"id":6653,"date":"2015-07-31T13:43:39","date_gmt":"2015-07-31T11:43:39","guid":{"rendered":"http:\/\/laguiadepamplona.com\/actualidad\/?p=6653"},"modified":"2015-07-31T13:43:39","modified_gmt":"2015-07-31T11:43:39","slug":"el-grupo-rock-classical-trio-abre-este-sabado-el-primer-ciclo-musical-de-ciudadelarte-que-incluira-otros-cuatro-conciertos-dedicados-al-pop-el-rock-o-los-boleros","status":"publish","type":"post","link":"https:\/\/www.laguiadepamplona.com\/actualidad\/el-grupo-rock-classical-trio-abre-este-sabado-el-primer-ciclo-musical-de-ciudadelarte-que-incluira-otros-cuatro-conciertos-dedicados-al-pop-el-rock-o-los-boleros\/","title":{"rendered":"El grupo Rock Classical Tr\u00edo abre este s\u00e1bado el primer ciclo musical de Ciudadelarte, que incluir\u00e1 otros cuatro conciertos dedicados al pop, el rock o los boleros"},"content":{"rendered":"<h4 class=\"western\" lang=\"es-ES\">Todas las actuaciones tendr\u00e1n lugar en el escenario situado junto a la Sala de Armas de la Ciudadela a las ocho de la tarde<\/h4>\n<p lang=\"es-ES\"><span style=\"font-family: Arial, sans-serif;\"><a href=\"http:\/\/laguiadepamplona.com\/actualidad\/wp-content\/uploads\/2015\/07\/Rock-Classical-Tr\u00edo.jpg\"><img loading=\"lazy\" decoding=\"async\" class=\"alignleft size-medium wp-image-6654\" src=\"http:\/\/laguiadepamplona.com\/actualidad\/wp-content\/uploads\/2015\/07\/Rock-Classical-Tr\u00edo-300x169.jpg\" alt=\"Rock Classical Tr\u00edo\" width=\"300\" height=\"169\" \/><\/a>La actuaci\u00f3n de Rock Classical Tr\u00edo inaugura este s\u00e1bado d\u00eda 1 el ciclo \u2018Hits &amp; Cl\u00e1sicos\u2019 organizado este verano dentro de la programaci\u00f3n municipal de \u2018Ciudadelarte\u2019. El concierto comenzar\u00e1 a las ocho de la tarde junto al edificio de la Sala de Armas de la Ciudadela, y subir\u00e1n al escenario Joaqu\u00edn Taboada, Igor S\u00e1nchez e Iker Bengoetxea. Su repertorio incluir\u00e1 temas cl\u00e1sicos de rock de grupos como los Rolling Stones, Nirvana, Guns\u2019n Roses, Thin Lizzy, Queen o Scorpions, versionados de manera original partiendo de la base instrumental camer\u00edstica del piano y el violoncello. Asimismo interpretar\u00e1n fragmentos de obras cl\u00e1sicas como \u2018El lago de los cisnes\u2019 o el \u2018Preludio n\u00ba 1 para violoncello\u2019 de Bach. El acceso al recital es libre.<\/span><\/p>\n<p lang=\"es-ES\"><span style=\"font-family: Arial, sans-serif;\">Este ciclo se celebrar\u00e1 a lo largo de los cinco s\u00e1bados del mes de agosto, siempre a las 20 horas. El d\u00eda 8 actuar\u00e1 Jorge S\u00e1nchez+Identidad, grupo que har\u00e1 un repaso hist\u00f3rico de la obra de Pablo Milan\u00e9s, una de las referencias l\u00edricas y mel\u00f3dicas del g\u00e9nero de la trova o canci\u00f3n de autor de nuestro tiempo cuyas letras y melod\u00edas han traspasado fronteras y generaciones. El concierto estar\u00e1 protagonizado por Jorge S\u00e1nchez, Iraida Galb\u00e1n, \u00cd\u00f1igo Segura, Francesco Casali y Ricardo L\u00f3pez.<\/span><\/p>\n<p lang=\"es-ES\"><span style=\"font-family: Arial, sans-serif;\"><b>De los ritmos latinoamericanos al rock<\/b><\/span><\/p>\n<p lang=\"es-ES\"><span style=\"font-family: Arial, sans-serif;\">El d\u00eda 15 ser\u00e1 el turno del Tr\u00edo Veracruz con el espect\u00e1culo \u2018Toda una vida\u2019. De su mano sonar\u00e1n en la Ciudadela famosos boleros como \u2018Historia de un amor\u2019, \u2018Mar y cielo\u2019, \u2018En mi viejo San Juan\u2019, \u2018Celoso\u2019 o \u2018El reloj\u2019, as\u00ed como varios temas de origen latinoamericano como un vals criollo peruano o un guapango mexicano. Este tr\u00edo est\u00e1 formado por Juana Ogayar, Alberto Mart\u00edn y Jos\u00e9 S\u00e1nchez.<\/span><\/p>\n<p lang=\"es-ES\"><span style=\"font-family: Arial, sans-serif;\">El siguiente concierto correr\u00e1 a cargo de Neus Mar Cuarteto. Bajo el t\u00edtulo \u2018Canciones de mar y de amor\u2019, ofrecer\u00e1n el 22 de agosto un repertorio de habaneras y otros ritmos como boleros, zambas, valses y son cubano. Sobre el escenario estar\u00e1n Neus Mar, Emilio S\u00e1nchez, Pep Rius y Toni Gadea, que interpretar\u00e1n temas como \u2018Alfonsina y el mar\u2019, \u2018All\u00e1 en la Habana\u2019 o \u2018Dos gardenias\u2019, entre otros.<\/span><\/p>\n<p lang=\"es-ES\"><span style=\"font-family: Arial, sans-serif;\">Por \u00faltimo, el s\u00e1bado 29 de agosto actuar\u00e1 el grupo Suburbano, compuesto por Bernardo Fuster, Luis Mendo, Javier Palancar, Lorenzo Solano, Mikel Ferrer y \u00c1lvaro C\u00e1rdenas. Juntos har\u00e1n un repaso de la carrera discogr\u00e1fica de esta m\u00edtica banda de pop-rock, y se podr\u00e1n escuchar temas de siempre como \u2018La puerta de Alcal\u00e1\u2019, \u2018Arde Par\u00eds\u2019 o \u2018Makinavaja\u2019.<\/span><\/p>\n<p lang=\"es-ES\">\n<h4 class=\"apoyo-de-datos-western\">Hits&amp;cl\u00e1sicos. Ciudadela (escenario junto a Sala de Armas). 20 horas. Entrada libre<\/h4>\n<ul>\n<li><span style=\"font-family: Arial, sans-serif;\"><b>Rock Classical Tr\u00edo<\/b><\/span><\/li>\n<li><span style=\"font-family: Arial, sans-serif;\">S\u00e1bado 1 de agosto<\/span><\/li>\n<li><span style=\"font-family: Arial, sans-serif;\">Int\u00e9rpretes: Joaqu\u00edn Taboada, Igor S\u00e1enz e Iker Bengoetxea<\/span><\/li>\n<li><span style=\"font-family: Arial, sans-serif;\"><b>Jorge S\u00e1nchez + Identidad<\/b><\/span><\/li>\n<li><span style=\"font-family: Arial, sans-serif;\">S\u00e1bado 8 de agosto<\/span><\/li>\n<li><span style=\"font-family: Arial, sans-serif;\">Int\u00e9rpretes: Jorge S\u00e1nchez, Iraida Galb\u00e1n, \u00cd\u00f1igo Segura, Francesco Casali y Ricardo L\u00f3pez<\/span><\/li>\n<li><span style=\"font-family: Arial, sans-serif;\"><b>Tr\u00edo Veracruz<\/b><\/span><\/li>\n<li><span style=\"font-family: Arial, sans-serif;\">S\u00e1bado 15 de agosto<\/span><\/li>\n<li><span style=\"font-family: Arial, sans-serif;\">Int\u00e9rpretes: Juana Ogayar, Alberto Mart\u00edn y Jos\u00e9 S\u00e1nchez<\/span><\/li>\n<li><span style=\"font-family: Arial, sans-serif;\"><b>Neus Mar Cuarteto<\/b><\/span><\/li>\n<li><span style=\"font-family: Arial, sans-serif;\">S\u00e1bado 22 de agosto<\/span><\/li>\n<li><span style=\"font-family: Arial, sans-serif;\">Int\u00e9rpretes: Neus Mar, Emilio S\u00e1nchez, Pep Rius y Toni Gadea<\/span><\/li>\n<li><span style=\"font-family: Arial, sans-serif;\"><b>Suburbano<\/b><\/span><\/li>\n<li><span style=\"font-family: Arial, sans-serif;\">S\u00e1bado 29 de agosto<\/span><\/li>\n<li><span style=\"font-family: Arial, sans-serif;\">Int\u00e9rpretes: Bernardo Fuster, Luis Mendo, Javier Palancar, Lorenzo Solano, Mikel Ferrer y \u00c1lvaro C\u00e1rdenas<\/span><\/li>\n<\/ul>\n<p lang=\"es-ES\">\n","protected":false},"excerpt":{"rendered":"<p>Todas las actuaciones tendr\u00e1n lugar en el escenario situado junto a la Sala de Armas de la Ciudadela a las ocho de la tarde La actuaci\u00f3n de Rock Classical Tr\u00edo&#8230;<\/p>\n","protected":false},"author":1,"featured_media":6654,"comment_status":"closed","ping_status":"closed","sticky":false,"template":"","format":"standard","meta":{"footnotes":""},"categories":[2],"tags":[5,6,509,5982,2057,702,5983,8,9,2159,5984],"class_list":["post-6653","post","type-post","status-publish","format-standard","has-post-thumbnail","hentry","category-ayuntamiento-pamplona","tag-actualidad","tag-ayto-pamplona","tag-ayuntamiento-de-pamplona","tag-bolero","tag-ciudadelarte","tag-conciertos","tag-el-rock","tag-noticias","tag-pamplona","tag-pop","tag-rock-classical-trio"],"yoast_head":"<!-- This site is optimized with the Yoast SEO plugin v27.5 - https:\/\/yoast.com\/product\/yoast-seo-wordpress\/ -->\n<title>El grupo Rock Classical Tr\u00edo abre este s\u00e1bado el primer ciclo musical de Ciudadelarte, que incluir\u00e1 otros cuatro conciertos dedicados al pop, el rock o los boleros<\/title>\n<meta name=\"robots\" content=\"index, follow, max-snippet:-1, max-image-preview:large, max-video-preview:-1\" \/>\n<link rel=\"canonical\" href=\"https:\/\/www.laguiadepamplona.com\/actualidad\/el-grupo-rock-classical-trio-abre-este-sabado-el-primer-ciclo-musical-de-ciudadelarte-que-incluira-otros-cuatro-conciertos-dedicados-al-pop-el-rock-o-los-boleros\/\" \/>\n<meta property=\"og:locale\" content=\"es_ES\" \/>\n<meta property=\"og:type\" content=\"article\" \/>\n<meta property=\"og:title\" content=\"El grupo Rock Classical Tr\u00edo abre este s\u00e1bado el primer ciclo musical de Ciudadelarte, que incluir\u00e1 otros cuatro conciertos dedicados al pop, el rock o los boleros\" \/>\n<meta property=\"og:description\" content=\"Todas las actuaciones tendr\u00e1n lugar en el escenario situado junto a la Sala de Armas de la Ciudadela a las ocho de la tarde La actuaci\u00f3n de Rock Classical Tr\u00edo...\" \/>\n<meta property=\"og:url\" content=\"https:\/\/www.laguiadepamplona.com\/actualidad\/el-grupo-rock-classical-trio-abre-este-sabado-el-primer-ciclo-musical-de-ciudadelarte-que-incluira-otros-cuatro-conciertos-dedicados-al-pop-el-rock-o-los-boleros\/\" \/>\n<meta property=\"og:site_name\" content=\"La Gu\u00eda de Pamplona\" \/>\n<meta property=\"article:publisher\" content=\"https:\/\/www.facebook.com\/laguiadepamplonacom-133175176762273\/?ref=hl\" \/>\n<meta property=\"article:published_time\" content=\"2015-07-31T11:43:39+00:00\" \/>\n<meta name=\"author\" content=\"La Gu\u00eda de Pamplona\" \/>\n<meta name=\"twitter:card\" content=\"summary_large_image\" \/>\n<meta name=\"twitter:creator\" content=\"@LaGuiadPamplona\" \/>\n<meta name=\"twitter:site\" content=\"@LaGuiadPamplona\" \/>\n<meta name=\"twitter:label1\" content=\"Escrito por\" \/>\n\t<meta name=\"twitter:data1\" content=\"La Gu\u00eda de Pamplona\" \/>\n\t<meta name=\"twitter:label2\" content=\"Tiempo de lectura\" \/>\n\t<meta name=\"twitter:data2\" content=\"3 minutos\" \/>\n<script type=\"application\/ld+json\" class=\"yoast-schema-graph\">{\"@context\":\"https:\\\/\\\/schema.org\",\"@graph\":[{\"@type\":\"Article\",\"@id\":\"https:\\\/\\\/www.laguiadepamplona.com\\\/actualidad\\\/el-grupo-rock-classical-trio-abre-este-sabado-el-primer-ciclo-musical-de-ciudadelarte-que-incluira-otros-cuatro-conciertos-dedicados-al-pop-el-rock-o-los-boleros\\\/#article\",\"isPartOf\":{\"@id\":\"https:\\\/\\\/www.laguiadepamplona.com\\\/actualidad\\\/el-grupo-rock-classical-trio-abre-este-sabado-el-primer-ciclo-musical-de-ciudadelarte-que-incluira-otros-cuatro-conciertos-dedicados-al-pop-el-rock-o-los-boleros\\\/\"},\"author\":{\"name\":\"La Gu\u00eda de Pamplona\",\"@id\":\"https:\\\/\\\/www.laguiadepamplona.com\\\/actualidad\\\/#\\\/schema\\\/person\\\/efe887376f0213d4657c93adc50b1fdb\"},\"headline\":\"El grupo Rock Classical Tr\u00edo abre este s\u00e1bado el primer ciclo musical de Ciudadelarte, que incluir\u00e1 otros cuatro conciertos dedicados al pop, el rock o los boleros\",\"datePublished\":\"2015-07-31T11:43:39+00:00\",\"mainEntityOfPage\":{\"@id\":\"https:\\\/\\\/www.laguiadepamplona.com\\\/actualidad\\\/el-grupo-rock-classical-trio-abre-este-sabado-el-primer-ciclo-musical-de-ciudadelarte-que-incluira-otros-cuatro-conciertos-dedicados-al-pop-el-rock-o-los-boleros\\\/\"},\"wordCount\":610,\"publisher\":{\"@id\":\"https:\\\/\\\/www.laguiadepamplona.com\\\/actualidad\\\/#organization\"},\"image\":{\"@id\":\"https:\\\/\\\/www.laguiadepamplona.com\\\/actualidad\\\/el-grupo-rock-classical-trio-abre-este-sabado-el-primer-ciclo-musical-de-ciudadelarte-que-incluira-otros-cuatro-conciertos-dedicados-al-pop-el-rock-o-los-boleros\\\/#primaryimage\"},\"thumbnailUrl\":\"\",\"keywords\":[\"actualidad\",\"ayto pamplona\",\"Ayuntamiento de Pamplona\",\"bolero\",\"ciudadelarte\",\"conciertos\",\"el rock\",\"noticias\",\"pamplona\",\"pop\",\"Rock Classical Tr\u00edo\"],\"articleSection\":[\"Ayto Pamplona\"],\"inLanguage\":\"es\"},{\"@type\":\"WebPage\",\"@id\":\"https:\\\/\\\/www.laguiadepamplona.com\\\/actualidad\\\/el-grupo-rock-classical-trio-abre-este-sabado-el-primer-ciclo-musical-de-ciudadelarte-que-incluira-otros-cuatro-conciertos-dedicados-al-pop-el-rock-o-los-boleros\\\/\",\"url\":\"https:\\\/\\\/www.laguiadepamplona.com\\\/actualidad\\\/el-grupo-rock-classical-trio-abre-este-sabado-el-primer-ciclo-musical-de-ciudadelarte-que-incluira-otros-cuatro-conciertos-dedicados-al-pop-el-rock-o-los-boleros\\\/\",\"name\":\"El grupo Rock Classical Tr\u00edo abre este s\u00e1bado el primer ciclo musical de Ciudadelarte, que incluir\u00e1 otros cuatro conciertos dedicados al pop, el rock o los boleros\",\"isPartOf\":{\"@id\":\"https:\\\/\\\/www.laguiadepamplona.com\\\/actualidad\\\/#website\"},\"primaryImageOfPage\":{\"@id\":\"https:\\\/\\\/www.laguiadepamplona.com\\\/actualidad\\\/el-grupo-rock-classical-trio-abre-este-sabado-el-primer-ciclo-musical-de-ciudadelarte-que-incluira-otros-cuatro-conciertos-dedicados-al-pop-el-rock-o-los-boleros\\\/#primaryimage\"},\"image\":{\"@id\":\"https:\\\/\\\/www.laguiadepamplona.com\\\/actualidad\\\/el-grupo-rock-classical-trio-abre-este-sabado-el-primer-ciclo-musical-de-ciudadelarte-que-incluira-otros-cuatro-conciertos-dedicados-al-pop-el-rock-o-los-boleros\\\/#primaryimage\"},\"thumbnailUrl\":\"\",\"datePublished\":\"2015-07-31T11:43:39+00:00\",\"breadcrumb\":{\"@id\":\"https:\\\/\\\/www.laguiadepamplona.com\\\/actualidad\\\/el-grupo-rock-classical-trio-abre-este-sabado-el-primer-ciclo-musical-de-ciudadelarte-que-incluira-otros-cuatro-conciertos-dedicados-al-pop-el-rock-o-los-boleros\\\/#breadcrumb\"},\"inLanguage\":\"es\",\"potentialAction\":[{\"@type\":\"ReadAction\",\"target\":[\"https:\\\/\\\/www.laguiadepamplona.com\\\/actualidad\\\/el-grupo-rock-classical-trio-abre-este-sabado-el-primer-ciclo-musical-de-ciudadelarte-que-incluira-otros-cuatro-conciertos-dedicados-al-pop-el-rock-o-los-boleros\\\/\"]}]},{\"@type\":\"ImageObject\",\"inLanguage\":\"es\",\"@id\":\"https:\\\/\\\/www.laguiadepamplona.com\\\/actualidad\\\/el-grupo-rock-classical-trio-abre-este-sabado-el-primer-ciclo-musical-de-ciudadelarte-que-incluira-otros-cuatro-conciertos-dedicados-al-pop-el-rock-o-los-boleros\\\/#primaryimage\",\"url\":\"\",\"contentUrl\":\"\"},{\"@type\":\"BreadcrumbList\",\"@id\":\"https:\\\/\\\/www.laguiadepamplona.com\\\/actualidad\\\/el-grupo-rock-classical-trio-abre-este-sabado-el-primer-ciclo-musical-de-ciudadelarte-que-incluira-otros-cuatro-conciertos-dedicados-al-pop-el-rock-o-los-boleros\\\/#breadcrumb\",\"itemListElement\":[{\"@type\":\"ListItem\",\"position\":1,\"name\":\"Portada\",\"item\":\"https:\\\/\\\/www.laguiadepamplona.com\\\/actualidad\\\/\"},{\"@type\":\"ListItem\",\"position\":2,\"name\":\"El grupo Rock Classical Tr\u00edo abre este s\u00e1bado el primer ciclo musical de Ciudadelarte, que incluir\u00e1 otros cuatro conciertos dedicados al pop, el rock o los boleros\"}]},{\"@type\":\"WebSite\",\"@id\":\"https:\\\/\\\/www.laguiadepamplona.com\\\/actualidad\\\/#website\",\"url\":\"https:\\\/\\\/www.laguiadepamplona.com\\\/actualidad\\\/\",\"name\":\"La gu\u00eda de Pamplona\",\"description\":\"Noticias de Pamplona\",\"publisher\":{\"@id\":\"https:\\\/\\\/www.laguiadepamplona.com\\\/actualidad\\\/#organization\"},\"potentialAction\":[{\"@type\":\"SearchAction\",\"target\":{\"@type\":\"EntryPoint\",\"urlTemplate\":\"https:\\\/\\\/www.laguiadepamplona.com\\\/actualidad\\\/?s={search_term_string}\"},\"query-input\":{\"@type\":\"PropertyValueSpecification\",\"valueRequired\":true,\"valueName\":\"search_term_string\"}}],\"inLanguage\":\"es\"},{\"@type\":\"Organization\",\"@id\":\"https:\\\/\\\/www.laguiadepamplona.com\\\/actualidad\\\/#organization\",\"name\":\"La Gu\u00eda de Pamplona \\\/ Noticias\",\"url\":\"https:\\\/\\\/www.laguiadepamplona.com\\\/actualidad\\\/\",\"logo\":{\"@type\":\"ImageObject\",\"inLanguage\":\"es\",\"@id\":\"https:\\\/\\\/www.laguiadepamplona.com\\\/actualidad\\\/#\\\/schema\\\/logo\\\/image\\\/\",\"url\":\"https:\\\/\\\/www.laguiadepamplona.com\\\/actualidad\\\/wp-content\\\/uploads\\\/2018\\\/11\\\/logo-laguiadepamplona18-web1.png\",\"contentUrl\":\"https:\\\/\\\/www.laguiadepamplona.com\\\/actualidad\\\/wp-content\\\/uploads\\\/2018\\\/11\\\/logo-laguiadepamplona18-web1.png\",\"width\":600,\"height\":196,\"caption\":\"La Gu\u00eda de Pamplona \\\/ Noticias\"},\"image\":{\"@id\":\"https:\\\/\\\/www.laguiadepamplona.com\\\/actualidad\\\/#\\\/schema\\\/logo\\\/image\\\/\"},\"sameAs\":[\"https:\\\/\\\/www.facebook.com\\\/laguiadepamplonacom-133175176762273\\\/?ref=hl\",\"https:\\\/\\\/x.com\\\/LaGuiadPamplona\",\"https:\\\/\\\/www.instagram.com\\\/la_guia_de_pamplona\\\/\",\"https:\\\/\\\/www.youtube.com\\\/user\\\/laguiadepamplona\"]},{\"@type\":\"Person\",\"@id\":\"https:\\\/\\\/www.laguiadepamplona.com\\\/actualidad\\\/#\\\/schema\\\/person\\\/efe887376f0213d4657c93adc50b1fdb\",\"name\":\"La Gu\u00eda de Pamplona\",\"image\":{\"@type\":\"ImageObject\",\"inLanguage\":\"es\",\"@id\":\"https:\\\/\\\/secure.gravatar.com\\\/avatar\\\/b6992f131dc8d30ab0dff15446e9d346d9dbd95992de0fef795073f5ea83a81c?s=96&d=mm&r=g\",\"url\":\"https:\\\/\\\/secure.gravatar.com\\\/avatar\\\/b6992f131dc8d30ab0dff15446e9d346d9dbd95992de0fef795073f5ea83a81c?s=96&d=mm&r=g\",\"contentUrl\":\"https:\\\/\\\/secure.gravatar.com\\\/avatar\\\/b6992f131dc8d30ab0dff15446e9d346d9dbd95992de0fef795073f5ea83a81c?s=96&d=mm&r=g\",\"caption\":\"La Gu\u00eda de Pamplona\"}}]}<\/script>\n<!-- \/ Yoast SEO plugin. -->","yoast_head_json":{"title":"El grupo Rock Classical Tr\u00edo abre este s\u00e1bado el primer ciclo musical de Ciudadelarte, que incluir\u00e1 otros cuatro conciertos dedicados al pop, el rock o los boleros","robots":{"index":"index","follow":"follow","max-snippet":"max-snippet:-1","max-image-preview":"max-image-preview:large","max-video-preview":"max-video-preview:-1"},"canonical":"https:\/\/www.laguiadepamplona.com\/actualidad\/el-grupo-rock-classical-trio-abre-este-sabado-el-primer-ciclo-musical-de-ciudadelarte-que-incluira-otros-cuatro-conciertos-dedicados-al-pop-el-rock-o-los-boleros\/","og_locale":"es_ES","og_type":"article","og_title":"El grupo Rock Classical Tr\u00edo abre este s\u00e1bado el primer ciclo musical de Ciudadelarte, que incluir\u00e1 otros cuatro conciertos dedicados al pop, el rock o los boleros","og_description":"Todas las actuaciones tendr\u00e1n lugar en el escenario situado junto a la Sala de Armas de la Ciudadela a las ocho de la tarde La actuaci\u00f3n de Rock Classical Tr\u00edo...","og_url":"https:\/\/www.laguiadepamplona.com\/actualidad\/el-grupo-rock-classical-trio-abre-este-sabado-el-primer-ciclo-musical-de-ciudadelarte-que-incluira-otros-cuatro-conciertos-dedicados-al-pop-el-rock-o-los-boleros\/","og_site_name":"La Gu\u00eda de Pamplona","article_publisher":"https:\/\/www.facebook.com\/laguiadepamplonacom-133175176762273\/?ref=hl","article_published_time":"2015-07-31T11:43:39+00:00","author":"La Gu\u00eda de Pamplona","twitter_card":"summary_large_image","twitter_creator":"@LaGuiadPamplona","twitter_site":"@LaGuiadPamplona","twitter_misc":{"Escrito por":"La Gu\u00eda de Pamplona","Tiempo de lectura":"3 minutos"},"schema":{"@context":"https:\/\/schema.org","@graph":[{"@type":"Article","@id":"https:\/\/www.laguiadepamplona.com\/actualidad\/el-grupo-rock-classical-trio-abre-este-sabado-el-primer-ciclo-musical-de-ciudadelarte-que-incluira-otros-cuatro-conciertos-dedicados-al-pop-el-rock-o-los-boleros\/#article","isPartOf":{"@id":"https:\/\/www.laguiadepamplona.com\/actualidad\/el-grupo-rock-classical-trio-abre-este-sabado-el-primer-ciclo-musical-de-ciudadelarte-que-incluira-otros-cuatro-conciertos-dedicados-al-pop-el-rock-o-los-boleros\/"},"author":{"name":"La Gu\u00eda de Pamplona","@id":"https:\/\/www.laguiadepamplona.com\/actualidad\/#\/schema\/person\/efe887376f0213d4657c93adc50b1fdb"},"headline":"El grupo Rock Classical Tr\u00edo abre este s\u00e1bado el primer ciclo musical de Ciudadelarte, que incluir\u00e1 otros cuatro conciertos dedicados al pop, el rock o los boleros","datePublished":"2015-07-31T11:43:39+00:00","mainEntityOfPage":{"@id":"https:\/\/www.laguiadepamplona.com\/actualidad\/el-grupo-rock-classical-trio-abre-este-sabado-el-primer-ciclo-musical-de-ciudadelarte-que-incluira-otros-cuatro-conciertos-dedicados-al-pop-el-rock-o-los-boleros\/"},"wordCount":610,"publisher":{"@id":"https:\/\/www.laguiadepamplona.com\/actualidad\/#organization"},"image":{"@id":"https:\/\/www.laguiadepamplona.com\/actualidad\/el-grupo-rock-classical-trio-abre-este-sabado-el-primer-ciclo-musical-de-ciudadelarte-que-incluira-otros-cuatro-conciertos-dedicados-al-pop-el-rock-o-los-boleros\/#primaryimage"},"thumbnailUrl":"","keywords":["actualidad","ayto pamplona","Ayuntamiento de Pamplona","bolero","ciudadelarte","conciertos","el rock","noticias","pamplona","pop","Rock Classical Tr\u00edo"],"articleSection":["Ayto Pamplona"],"inLanguage":"es"},{"@type":"WebPage","@id":"https:\/\/www.laguiadepamplona.com\/actualidad\/el-grupo-rock-classical-trio-abre-este-sabado-el-primer-ciclo-musical-de-ciudadelarte-que-incluira-otros-cuatro-conciertos-dedicados-al-pop-el-rock-o-los-boleros\/","url":"https:\/\/www.laguiadepamplona.com\/actualidad\/el-grupo-rock-classical-trio-abre-este-sabado-el-primer-ciclo-musical-de-ciudadelarte-que-incluira-otros-cuatro-conciertos-dedicados-al-pop-el-rock-o-los-boleros\/","name":"El grupo Rock Classical Tr\u00edo abre este s\u00e1bado el primer ciclo musical de Ciudadelarte, que incluir\u00e1 otros cuatro conciertos dedicados al pop, el rock o los boleros","isPartOf":{"@id":"https:\/\/www.laguiadepamplona.com\/actualidad\/#website"},"primaryImageOfPage":{"@id":"https:\/\/www.laguiadepamplona.com\/actualidad\/el-grupo-rock-classical-trio-abre-este-sabado-el-primer-ciclo-musical-de-ciudadelarte-que-incluira-otros-cuatro-conciertos-dedicados-al-pop-el-rock-o-los-boleros\/#primaryimage"},"image":{"@id":"https:\/\/www.laguiadepamplona.com\/actualidad\/el-grupo-rock-classical-trio-abre-este-sabado-el-primer-ciclo-musical-de-ciudadelarte-que-incluira-otros-cuatro-conciertos-dedicados-al-pop-el-rock-o-los-boleros\/#primaryimage"},"thumbnailUrl":"","datePublished":"2015-07-31T11:43:39+00:00","breadcrumb":{"@id":"https:\/\/www.laguiadepamplona.com\/actualidad\/el-grupo-rock-classical-trio-abre-este-sabado-el-primer-ciclo-musical-de-ciudadelarte-que-incluira-otros-cuatro-conciertos-dedicados-al-pop-el-rock-o-los-boleros\/#breadcrumb"},"inLanguage":"es","potentialAction":[{"@type":"ReadAction","target":["https:\/\/www.laguiadepamplona.com\/actualidad\/el-grupo-rock-classical-trio-abre-este-sabado-el-primer-ciclo-musical-de-ciudadelarte-que-incluira-otros-cuatro-conciertos-dedicados-al-pop-el-rock-o-los-boleros\/"]}]},{"@type":"ImageObject","inLanguage":"es","@id":"https:\/\/www.laguiadepamplona.com\/actualidad\/el-grupo-rock-classical-trio-abre-este-sabado-el-primer-ciclo-musical-de-ciudadelarte-que-incluira-otros-cuatro-conciertos-dedicados-al-pop-el-rock-o-los-boleros\/#primaryimage","url":"","contentUrl":""},{"@type":"BreadcrumbList","@id":"https:\/\/www.laguiadepamplona.com\/actualidad\/el-grupo-rock-classical-trio-abre-este-sabado-el-primer-ciclo-musical-de-ciudadelarte-que-incluira-otros-cuatro-conciertos-dedicados-al-pop-el-rock-o-los-boleros\/#breadcrumb","itemListElement":[{"@type":"ListItem","position":1,"name":"Portada","item":"https:\/\/www.laguiadepamplona.com\/actualidad\/"},{"@type":"ListItem","position":2,"name":"El grupo Rock Classical Tr\u00edo abre este s\u00e1bado el primer ciclo musical de Ciudadelarte, que incluir\u00e1 otros cuatro conciertos dedicados al pop, el rock o los boleros"}]},{"@type":"WebSite","@id":"https:\/\/www.laguiadepamplona.com\/actualidad\/#website","url":"https:\/\/www.laguiadepamplona.com\/actualidad\/","name":"La gu\u00eda de Pamplona","description":"Noticias de Pamplona","publisher":{"@id":"https:\/\/www.laguiadepamplona.com\/actualidad\/#organization"},"potentialAction":[{"@type":"SearchAction","target":{"@type":"EntryPoint","urlTemplate":"https:\/\/www.laguiadepamplona.com\/actualidad\/?s={search_term_string}"},"query-input":{"@type":"PropertyValueSpecification","valueRequired":true,"valueName":"search_term_string"}}],"inLanguage":"es"},{"@type":"Organization","@id":"https:\/\/www.laguiadepamplona.com\/actualidad\/#organization","name":"La Gu\u00eda de Pamplona \/ Noticias","url":"https:\/\/www.laguiadepamplona.com\/actualidad\/","logo":{"@type":"ImageObject","inLanguage":"es","@id":"https:\/\/www.laguiadepamplona.com\/actualidad\/#\/schema\/logo\/image\/","url":"https:\/\/www.laguiadepamplona.com\/actualidad\/wp-content\/uploads\/2018\/11\/logo-laguiadepamplona18-web1.png","contentUrl":"https:\/\/www.laguiadepamplona.com\/actualidad\/wp-content\/uploads\/2018\/11\/logo-laguiadepamplona18-web1.png","width":600,"height":196,"caption":"La Gu\u00eda de Pamplona \/ Noticias"},"image":{"@id":"https:\/\/www.laguiadepamplona.com\/actualidad\/#\/schema\/logo\/image\/"},"sameAs":["https:\/\/www.facebook.com\/laguiadepamplonacom-133175176762273\/?ref=hl","https:\/\/x.com\/LaGuiadPamplona","https:\/\/www.instagram.com\/la_guia_de_pamplona\/","https:\/\/www.youtube.com\/user\/laguiadepamplona"]},{"@type":"Person","@id":"https:\/\/www.laguiadepamplona.com\/actualidad\/#\/schema\/person\/efe887376f0213d4657c93adc50b1fdb","name":"La Gu\u00eda de Pamplona","image":{"@type":"ImageObject","inLanguage":"es","@id":"https:\/\/secure.gravatar.com\/avatar\/b6992f131dc8d30ab0dff15446e9d346d9dbd95992de0fef795073f5ea83a81c?s=96&d=mm&r=g","url":"https:\/\/secure.gravatar.com\/avatar\/b6992f131dc8d30ab0dff15446e9d346d9dbd95992de0fef795073f5ea83a81c?s=96&d=mm&r=g","contentUrl":"https:\/\/secure.gravatar.com\/avatar\/b6992f131dc8d30ab0dff15446e9d346d9dbd95992de0fef795073f5ea83a81c?s=96&d=mm&r=g","caption":"La Gu\u00eda de Pamplona"}}]}},"post_mailing_queue_ids":[],"_links":{"self":[{"href":"https:\/\/www.laguiadepamplona.com\/actualidad\/wp-json\/wp\/v2\/posts\/6653","targetHints":{"allow":["GET"]}}],"collection":[{"href":"https:\/\/www.laguiadepamplona.com\/actualidad\/wp-json\/wp\/v2\/posts"}],"about":[{"href":"https:\/\/www.laguiadepamplona.com\/actualidad\/wp-json\/wp\/v2\/types\/post"}],"author":[{"embeddable":true,"href":"https:\/\/www.laguiadepamplona.com\/actualidad\/wp-json\/wp\/v2\/users\/1"}],"replies":[{"embeddable":true,"href":"https:\/\/www.laguiadepamplona.com\/actualidad\/wp-json\/wp\/v2\/comments?post=6653"}],"version-history":[{"count":0,"href":"https:\/\/www.laguiadepamplona.com\/actualidad\/wp-json\/wp\/v2\/posts\/6653\/revisions"}],"wp:featuredmedia":[{"embeddable":true,"href":"https:\/\/www.laguiadepamplona.com\/actualidad\/wp-json\/"}],"wp:attachment":[{"href":"https:\/\/www.laguiadepamplona.com\/actualidad\/wp-json\/wp\/v2\/media?parent=6653"}],"wp:term":[{"taxonomy":"category","embeddable":true,"href":"https:\/\/www.laguiadepamplona.com\/actualidad\/wp-json\/wp\/v2\/categories?post=6653"},{"taxonomy":"post_tag","embeddable":true,"href":"https:\/\/www.laguiadepamplona.com\/actualidad\/wp-json\/wp\/v2\/tags?post=6653"}],"curies":[{"name":"wp","href":"https:\/\/api.w.org\/{rel}","templated":true}]}}